{"id":42600,"date":"2026-03-06T15:02:01","date_gmt":"2026-03-06T18:02:01","guid":{"rendered":"https:\/\/explora.cl\/lagos\/?p=42600"},"modified":"2026-04-24T15:50:15","modified_gmt":"2026-04-24T19:50:15","slug":"par-explora-los-lagos-presenta-resultados-2025-y-proyecciones-2026-ante-su-comite-tecnico-transdisciplinar","status":"publish","type":"post","link":"https:\/\/explora.cl\/lagos\/par-explora-los-lagos-presenta-resultados-2025-y-proyecciones-2026-ante-su-comite-tecnico-transdisciplinar\/","title":{"rendered":"PAR Explora Los Lagos presenta resultados 2025 y proyecciones 2026 ante su Comit\u00e9 T\u00e9cnico Transdisciplinar"},"content":{"rendered":"<p><!--more--><\/p>\n<ul>\n<li>La instancia revis\u00f3 los principales hitos alcanzados durante el \u00faltimo a\u00f1o y analiz\u00f3 los desaf\u00edos y proyecciones del programa para el per\u00edodo 2026 en la regi\u00f3n.<\/li>\n<\/ul>\n<p>El Comit\u00e9 T\u00e9cnico Transdisciplinar del Proyecto Asociativo Regional (PAR) Explora Los Lagos -integrado por representantes mundo acad\u00e9mico, cient\u00edfico, social y educativo del territorio- se reuni\u00f3 en la Universidad Austral de Chile Sede Puerto Montt, instituci\u00f3n que ejecuta el programa del Ministerio de Ciencia, Tecnolog\u00eda, Conocimiento e Innovaci\u00f3n (CTCI). En esta tercera y \u00faltima reuni\u00f3n del Comit\u00e9 en 2025, se revisaron los resultados alcanzados en el a\u00f1o para proyectar los desaf\u00edos del 2026 de uno de los programas de educaci\u00f3n de las ciencias\u00a0m\u00e1s consistentes del pa\u00eds, con m\u00e1s de 30 a\u00f1os de historia y resultados concretos de impacto en las comunidades educativas de la regi\u00f3n, especialmente en establecimientos con mayores \u00edndices de vulnerabilidad.<\/p>\n<p>En la oportunidad, Gabriela Navarro Manzanal, directora del PAR Explora Los Lagos, destac\u00f3 la pluralidad y amplitud en la composici\u00f3n del comit\u00e9, tanto en lo acad\u00e9mico como en lo ciudadano, y coment\u00f3 con las y los asistentes que este aspecto ha sido destacado a nivel nacional por autoridades del Ministerio de CTCI y del Programa Explora.<\/p>\n<p>Adem\u00e1s, Gabriela Navarro expuso los datos del alcance durante 2025 y detalles de los principales hitos de los diferentes instrumentos (PIPE, IIE, PEAL, entre otros) que se ejecutan en 145 establecimientos educacionales en las 30 comunas de la regi\u00f3n, abriendo el di\u00e1logo para revisar nuevas estrategias que favorezcan y faciliten el cumplimiento de indicadores y objetivos del proyecto para el a\u00f1o 2 de este per\u00edodo de ejecuci\u00f3n (2025-2026).<\/p>\n<p>Durante la jornada de trabajo tambi\u00e9n se dio cuenta del proceso de articulaci\u00f3n con socios estrat\u00e9gicos para el co-dise\u00f1o de acciones destinadas a incorporar el Programa Explora como parte de los instrumentos de gesti\u00f3n de los establecimientos educacionales, tarea que se desarrollar\u00e1 durante 2026.<\/p>\n<p>Participaron en este encuentro varios representantes del ecosistema CTCI del proyecto, en particular, la Universidad Austral de Chile Sede Puerto Montt, INCAR de la Universidad de Concepci\u00f3n, Centro CAPIA-Universidad Santo Tom\u00e1s, Centro i-mar de la Universidad de Los Lagos, la Agrupaci\u00f3n Gayi y la Red Plurinacional en Defensa de los Humedales y Entornos Naturales, la Corporaci\u00f3n Cultural Valle del Bio Bio, investigadores e investigadoras que han sido o son asesores cient\u00edficos del Programa de Investigaci\u00f3n e Innovaci\u00f3n Escolar (IIE), junto a profesionales del equipo del PAR Explora Los Lagos.<\/p>\n<p>Gabriela Navarro agradeci\u00f3 la participaci\u00f3n y el apoyo de las y los integrantes del Comit\u00e9 Tem\u00e1tico Transdisciplinar, ya que \u201cadem\u00e1s de responder y asistir a las reuniones, tienen la disposici\u00f3n de involucrarse en las iniciativas, por ejemplo, trabajando voluntariamente como asesores o asesoras cient\u00edficas de los equipos que desarrollan investigaci\u00f3n escolar\u201d, dijo.<\/p>\n","protected":false},"excerpt":{"rendered":"","protected":false},"author":36,"featured_media":42601,"comment_status":"open","ping_status":"open","sticky":false,"template":"","format":"standard","meta":{"_acf_changed":false,"_exactmetrics_skip_tracking":false,"_exactmetrics_sitenote_active":false,"_exactmetrics_sitenote_note":"","_exactmetrics_sitenote_category":0,"footnotes":"","_links_to":"","_links_to_target":""},"categories":[151,141,4],"tags":[594,688,689,600,332],"class_list":["post-42600","post","type-post","status-publish","format-standard","has-post-thumbnail","hentry","category-banner","category-lugar-6","category-noticias","tag-comite-tecnico-transdisciplinar","tag-ctt","tag-ecosistema-ctci","tag-par-explora-los-lagos-sede-puerto-montt","tag-uach-sede-puerto-montt"],"acf":[],"yoast_head":"<!-- This site is optimized with the Yoast SEO plugin v26.9 - https:\/\/yoast.com\/product\/yoast-seo-wordpress\/ -->\n<title>PAR Explora Los Lagos presenta resultados 2025 y proyecciones 2026 ante su Comit\u00e9 T\u00e9cnico Transdisciplinar - Los Lagos<\/title>\n<meta name=\"robots\" content=\"index, follow, max-snippet:-1, max-image-preview:large, max-video-preview:-1\" \/>\n<link rel=\"canonical\" href=\"https:\/\/explora.cl\/lagos\/par-explora-los-lagos-presenta-resultados-2025-y-proyecciones-2026-ante-su-comite-tecnico-transdisciplinar\/\" class=\"yoast-seo-meta-tag\" \/>\n<meta property=\"og:locale\" content=\"es_ES\" class=\"yoast-seo-meta-tag\" \/>\n<meta property=\"og:type\" content=\"article\" class=\"yoast-seo-meta-tag\" \/>\n<meta property=\"og:title\" content=\"PAR Explora Los Lagos presenta resultados 2025 y proyecciones 2026 ante su Comit\u00e9 T\u00e9cnico Transdisciplinar - Los Lagos\" class=\"yoast-seo-meta-tag\" \/>\n<meta property=\"og:url\" content=\"https:\/\/explora.cl\/lagos\/par-explora-los-lagos-presenta-resultados-2025-y-proyecciones-2026-ante-su-comite-tecnico-transdisciplinar\/\" class=\"yoast-seo-meta-tag\" \/>\n<meta property=\"og:site_name\" content=\"Los Lagos\" class=\"yoast-seo-meta-tag\" \/>\n<meta property=\"article:published_time\" content=\"2026-03-06T18:02:01+00:00\" class=\"yoast-seo-meta-tag\" \/>\n<meta property=\"article:modified_time\" content=\"2026-04-24T19:50:15+00:00\" class=\"yoast-seo-meta-tag\" \/>\n<meta property=\"og:image\" content=\"https:\/\/explora.cl\/lagos\/wp-content\/uploads\/sites\/17\/2026\/03\/3ra-reu-Comite-Tecnico-Transdisciplinar-scaled.jpeg\" class=\"yoast-seo-meta-tag\" \/>\n\t<meta property=\"og:image:width\" content=\"2560\" class=\"yoast-seo-meta-tag\" \/>\n\t<meta property=\"og:image:height\" content=\"1920\" class=\"yoast-seo-meta-tag\" \/>\n\t<meta property=\"og:image:type\" content=\"image\/jpeg\" class=\"yoast-seo-meta-tag\" \/>\n<meta name=\"author\" content=\"jvargas\" class=\"yoast-seo-meta-tag\" \/>\n<meta name=\"twitter:card\" content=\"summary_large_image\" class=\"yoast-seo-meta-tag\" \/>\n<meta name=\"twitter:label1\" content=\"Escrito por\" class=\"yoast-seo-meta-tag\" \/>\n\t<meta name=\"twitter:data1\" content=\"jvargas\" class=\"yoast-seo-meta-tag\" \/>\n\t<meta name=\"twitter:label2\" content=\"Tiempo de lectura\" class=\"yoast-seo-meta-tag\" \/>\n\t<meta name=\"twitter:data2\" content=\"3 minutos\" class=\"yoast-seo-meta-tag\" \/>\n<script type=\"application\/ld+json\" class=\"yoast-schema-graph\">{\"@context\":\"https:\/\/schema.org\",\"@graph\":[{\"@type\":\"Article\",\"@id\":\"https:\/\/explora.cl\/lagos\/par-explora-los-lagos-presenta-resultados-2025-y-proyecciones-2026-ante-su-comite-tecnico-transdisciplinar\/#article\",\"isPartOf\":{\"@id\":\"https:\/\/explora.cl\/lagos\/par-explora-los-lagos-presenta-resultados-2025-y-proyecciones-2026-ante-su-comite-tecnico-transdisciplinar\/\"},\"author\":{\"name\":\"jvargas\",\"@id\":\"https:\/\/explora.cl\/lagos\/#\/schema\/person\/6608d3ee9ea0b0daeaf12289528fc582\"},\"headline\":\"PAR Explora Los Lagos presenta resultados 2025 y proyecciones 2026 ante su Comit\u00e9 T\u00e9cnico Transdisciplinar\",\"datePublished\":\"2026-03-06T18:02:01+00:00\",\"dateModified\":\"2026-04-24T19:50:15+00:00\",\"mainEntityOfPage\":{\"@id\":\"https:\/\/explora.cl\/lagos\/par-explora-los-lagos-presenta-resultados-2025-y-proyecciones-2026-ante-su-comite-tecnico-transdisciplinar\/\"},\"wordCount\":498,\"commentCount\":0,\"image\":{\"@id\":\"https:\/\/explora.cl\/lagos\/par-explora-los-lagos-presenta-resultados-2025-y-proyecciones-2026-ante-su-comite-tecnico-transdisciplinar\/#primaryimage\"},\"thumbnailUrl\":\"https:\/\/explora.cl\/lagos\/wp-content\/uploads\/sites\/17\/2026\/03\/3ra-reu-Comite-Tecnico-Transdisciplinar-scaled.jpeg\",\"keywords\":[\"Comit\u00e9 T\u00e9cnico Transdisciplinar\",\"CTT\",\"Ecosistema CTCI\",\"PAR Explora Los Lagos Sede Puerto Montt\",\"UACh Sede Puerto Montt\"],\"articleSection\":[\"Banner\",\"Lugar 6\",\"Noticias\"],\"inLanguage\":\"es\",\"potentialAction\":[{\"@type\":\"CommentAction\",\"name\":\"Comment\",\"target\":[\"https:\/\/explora.cl\/lagos\/par-explora-los-lagos-presenta-resultados-2025-y-proyecciones-2026-ante-su-comite-tecnico-transdisciplinar\/#respond\"]}]},{\"@type\":\"WebPage\",\"@id\":\"https:\/\/explora.cl\/lagos\/par-explora-los-lagos-presenta-resultados-2025-y-proyecciones-2026-ante-su-comite-tecnico-transdisciplinar\/\",\"url\":\"https:\/\/explora.cl\/lagos\/par-explora-los-lagos-presenta-resultados-2025-y-proyecciones-2026-ante-su-comite-tecnico-transdisciplinar\/\",\"name\":\"PAR Explora Los Lagos presenta resultados 2025 y proyecciones 2026 ante su Comit\u00e9 T\u00e9cnico Transdisciplinar - Los Lagos\",\"isPartOf\":{\"@id\":\"https:\/\/explora.cl\/lagos\/#website\"},\"primaryImageOfPage\":{\"@id\":\"https:\/\/explora.cl\/lagos\/par-explora-los-lagos-presenta-resultados-2025-y-proyecciones-2026-ante-su-comite-tecnico-transdisciplinar\/#primaryimage\"},\"image\":{\"@id\":\"https:\/\/explora.cl\/lagos\/par-explora-los-lagos-presenta-resultados-2025-y-proyecciones-2026-ante-su-comite-tecnico-transdisciplinar\/#primaryimage\"},\"thumbnailUrl\":\"https:\/\/explora.cl\/lagos\/wp-content\/uploads\/sites\/17\/2026\/03\/3ra-reu-Comite-Tecnico-Transdisciplinar-scaled.jpeg\",\"datePublished\":\"2026-03-06T18:02:01+00:00\",\"dateModified\":\"2026-04-24T19:50:15+00:00\",\"author\":{\"@id\":\"https:\/\/explora.cl\/lagos\/#\/schema\/person\/6608d3ee9ea0b0daeaf12289528fc582\"},\"breadcrumb\":{\"@id\":\"https:\/\/explora.cl\/lagos\/par-explora-los-lagos-presenta-resultados-2025-y-proyecciones-2026-ante-su-comite-tecnico-transdisciplinar\/#breadcrumb\"},\"inLanguage\":\"es\",\"potentialAction\":[{\"@type\":\"ReadAction\",\"target\":[\"https:\/\/explora.cl\/lagos\/par-explora-los-lagos-presenta-resultados-2025-y-proyecciones-2026-ante-su-comite-tecnico-transdisciplinar\/\"]}]},{\"@type\":\"ImageObject\",\"inLanguage\":\"es\",\"@id\":\"https:\/\/explora.cl\/lagos\/par-explora-los-lagos-presenta-resultados-2025-y-proyecciones-2026-ante-su-comite-tecnico-transdisciplinar\/#primaryimage\",\"url\":\"https:\/\/explora.cl\/lagos\/wp-content\/uploads\/sites\/17\/2026\/03\/3ra-reu-Comite-Tecnico-Transdisciplinar-scaled.jpeg\",\"contentUrl\":\"https:\/\/explora.cl\/lagos\/wp-content\/uploads\/sites\/17\/2026\/03\/3ra-reu-Comite-Tecnico-Transdisciplinar-scaled.jpeg\",\"width\":2560,\"height\":1920},{\"@type\":\"BreadcrumbList\",\"@id\":\"https:\/\/explora.cl\/lagos\/par-explora-los-lagos-presenta-resultados-2025-y-proyecciones-2026-ante-su-comite-tecnico-transdisciplinar\/#breadcrumb\",\"itemListElement\":[{\"@type\":\"ListItem\",\"position\":1,\"name\":\"Portada\",\"item\":\"https:\/\/explora.cl\/lagos\/\"},{\"@type\":\"ListItem\",\"position\":2,\"name\":\"PAR Explora Los Lagos presenta resultados 2025 y proyecciones 2026 ante su Comit\u00e9 T\u00e9cnico Transdisciplinar\"}]},{\"@type\":\"WebSite\",\"@id\":\"https:\/\/explora.cl\/lagos\/#website\",\"url\":\"https:\/\/explora.cl\/lagos\/\",\"name\":\"Los Lagos\",\"description\":\"Otro sitio m\u00e1s de explora.cl\",\"potentialAction\":[{\"@type\":\"SearchAction\",\"target\":{\"@type\":\"EntryPoint\",\"urlTemplate\":\"https:\/\/explora.cl\/lagos\/?s={search_term_string}\"},\"query-input\":{\"@type\":\"PropertyValueSpecification\",\"valueRequired\":true,\"valueName\":\"search_term_string\"}}],\"inLanguage\":\"es\"},{\"@type\":\"Person\",\"@id\":\"https:\/\/explora.cl\/lagos\/#\/schema\/person\/6608d3ee9ea0b0daeaf12289528fc582\",\"name\":\"jvargas\",\"image\":{\"@type\":\"ImageObject\",\"inLanguage\":\"es\",\"@id\":\"https:\/\/explora.cl\/lagos\/#\/schema\/person\/image\/\",\"url\":\"https:\/\/secure.gravatar.com\/avatar\/8a6892fbfb002ef173a244b534b4bbcea4c183fc3fbf7732e64ac89b1d22d482?s=96&d=mm&r=g\",\"contentUrl\":\"https:\/\/secure.gravatar.com\/avatar\/8a6892fbfb002ef173a244b534b4bbcea4c183fc3fbf7732e64ac89b1d22d482?s=96&d=mm&r=g\",\"caption\":\"jvargas\"},\"url\":\"https:\/\/explora.cl\/lagos\/author\/jvargas\/\"}]}<\/script>\n<!-- \/ Yoast SEO plugin. -->","yoast_head_json":{"title":"PAR Explora Los Lagos presenta resultados 2025 y proyecciones 2026 ante su Comit\u00e9 T\u00e9cnico Transdisciplinar - Los Lagos","robots":{"index":"index","follow":"follow","max-snippet":"max-snippet:-1","max-image-preview":"max-image-preview:large","max-video-preview":"max-video-preview:-1"},"canonical":"https:\/\/explora.cl\/lagos\/par-explora-los-lagos-presenta-resultados-2025-y-proyecciones-2026-ante-su-comite-tecnico-transdisciplinar\/","og_locale":"es_ES","og_type":"article","og_title":"PAR Explora Los Lagos presenta resultados 2025 y proyecciones 2026 ante su Comit\u00e9 T\u00e9cnico Transdisciplinar - Los Lagos","og_url":"https:\/\/explora.cl\/lagos\/par-explora-los-lagos-presenta-resultados-2025-y-proyecciones-2026-ante-su-comite-tecnico-transdisciplinar\/","og_site_name":"Los Lagos","article_published_time":"2026-03-06T18:02:01+00:00","article_modified_time":"2026-04-24T19:50:15+00:00","og_image":[{"width":2560,"height":1920,"url":"https:\/\/explora.cl\/lagos\/wp-content\/uploads\/sites\/17\/2026\/03\/3ra-reu-Comite-Tecnico-Transdisciplinar-scaled.jpeg","type":"image\/jpeg"}],"author":"jvargas","twitter_card":"summary_large_image","twitter_misc":{"Escrito por":"jvargas","Tiempo de lectura":"3 minutos"},"schema":{"@context":"https:\/\/schema.org","@graph":[{"@type":"Article","@id":"https:\/\/explora.cl\/lagos\/par-explora-los-lagos-presenta-resultados-2025-y-proyecciones-2026-ante-su-comite-tecnico-transdisciplinar\/#article","isPartOf":{"@id":"https:\/\/explora.cl\/lagos\/par-explora-los-lagos-presenta-resultados-2025-y-proyecciones-2026-ante-su-comite-tecnico-transdisciplinar\/"},"author":{"name":"jvargas","@id":"https:\/\/explora.cl\/lagos\/#\/schema\/person\/6608d3ee9ea0b0daeaf12289528fc582"},"headline":"PAR Explora Los Lagos presenta resultados 2025 y proyecciones 2026 ante su Comit\u00e9 T\u00e9cnico Transdisciplinar","datePublished":"2026-03-06T18:02:01+00:00","dateModified":"2026-04-24T19:50:15+00:00","mainEntityOfPage":{"@id":"https:\/\/explora.cl\/lagos\/par-explora-los-lagos-presenta-resultados-2025-y-proyecciones-2026-ante-su-comite-tecnico-transdisciplinar\/"},"wordCount":498,"commentCount":0,"image":{"@id":"https:\/\/explora.cl\/lagos\/par-explora-los-lagos-presenta-resultados-2025-y-proyecciones-2026-ante-su-comite-tecnico-transdisciplinar\/#primaryimage"},"thumbnailUrl":"https:\/\/explora.cl\/lagos\/wp-content\/uploads\/sites\/17\/2026\/03\/3ra-reu-Comite-Tecnico-Transdisciplinar-scaled.jpeg","keywords":["Comit\u00e9 T\u00e9cnico Transdisciplinar","CTT","Ecosistema CTCI","PAR Explora Los Lagos Sede Puerto Montt","UACh Sede Puerto Montt"],"articleSection":["Banner","Lugar 6","Noticias"],"inLanguage":"es","potentialAction":[{"@type":"CommentAction","name":"Comment","target":["https:\/\/explora.cl\/lagos\/par-explora-los-lagos-presenta-resultados-2025-y-proyecciones-2026-ante-su-comite-tecnico-transdisciplinar\/#respond"]}]},{"@type":"WebPage","@id":"https:\/\/explora.cl\/lagos\/par-explora-los-lagos-presenta-resultados-2025-y-proyecciones-2026-ante-su-comite-tecnico-transdisciplinar\/","url":"https:\/\/explora.cl\/lagos\/par-explora-los-lagos-presenta-resultados-2025-y-proyecciones-2026-ante-su-comite-tecnico-transdisciplinar\/","name":"PAR Explora Los Lagos presenta resultados 2025 y proyecciones 2026 ante su Comit\u00e9 T\u00e9cnico Transdisciplinar - Los Lagos","isPartOf":{"@id":"https:\/\/explora.cl\/lagos\/#website"},"primaryImageOfPage":{"@id":"https:\/\/explora.cl\/lagos\/par-explora-los-lagos-presenta-resultados-2025-y-proyecciones-2026-ante-su-comite-tecnico-transdisciplinar\/#primaryimage"},"image":{"@id":"https:\/\/explora.cl\/lagos\/par-explora-los-lagos-presenta-resultados-2025-y-proyecciones-2026-ante-su-comite-tecnico-transdisciplinar\/#primaryimage"},"thumbnailUrl":"https:\/\/explora.cl\/lagos\/wp-content\/uploads\/sites\/17\/2026\/03\/3ra-reu-Comite-Tecnico-Transdisciplinar-scaled.jpeg","datePublished":"2026-03-06T18:02:01+00:00","dateModified":"2026-04-24T19:50:15+00:00","author":{"@id":"https:\/\/explora.cl\/lagos\/#\/schema\/person\/6608d3ee9ea0b0daeaf12289528fc582"},"breadcrumb":{"@id":"https:\/\/explora.cl\/lagos\/par-explora-los-lagos-presenta-resultados-2025-y-proyecciones-2026-ante-su-comite-tecnico-transdisciplinar\/#breadcrumb"},"inLanguage":"es","potentialAction":[{"@type":"ReadAction","target":["https:\/\/explora.cl\/lagos\/par-explora-los-lagos-presenta-resultados-2025-y-proyecciones-2026-ante-su-comite-tecnico-transdisciplinar\/"]}]},{"@type":"ImageObject","inLanguage":"es","@id":"https:\/\/explora.cl\/lagos\/par-explora-los-lagos-presenta-resultados-2025-y-proyecciones-2026-ante-su-comite-tecnico-transdisciplinar\/#primaryimage","url":"https:\/\/explora.cl\/lagos\/wp-content\/uploads\/sites\/17\/2026\/03\/3ra-reu-Comite-Tecnico-Transdisciplinar-scaled.jpeg","contentUrl":"https:\/\/explora.cl\/lagos\/wp-content\/uploads\/sites\/17\/2026\/03\/3ra-reu-Comite-Tecnico-Transdisciplinar-scaled.jpeg","width":2560,"height":1920},{"@type":"BreadcrumbList","@id":"https:\/\/explora.cl\/lagos\/par-explora-los-lagos-presenta-resultados-2025-y-proyecciones-2026-ante-su-comite-tecnico-transdisciplinar\/#breadcrumb","itemListElement":[{"@type":"ListItem","position":1,"name":"Portada","item":"https:\/\/explora.cl\/lagos\/"},{"@type":"ListItem","position":2,"name":"PAR Explora Los Lagos presenta resultados 2025 y proyecciones 2026 ante su Comit\u00e9 T\u00e9cnico Transdisciplinar"}]},{"@type":"WebSite","@id":"https:\/\/explora.cl\/lagos\/#website","url":"https:\/\/explora.cl\/lagos\/","name":"Los Lagos","description":"Otro sitio m\u00e1s de explora.cl","potentialAction":[{"@type":"SearchAction","target":{"@type":"EntryPoint","urlTemplate":"https:\/\/explora.cl\/lagos\/?s={search_term_string}"},"query-input":{"@type":"PropertyValueSpecification","valueRequired":true,"valueName":"search_term_string"}}],"inLanguage":"es"},{"@type":"Person","@id":"https:\/\/explora.cl\/lagos\/#\/schema\/person\/6608d3ee9ea0b0daeaf12289528fc582","name":"jvargas","image":{"@type":"ImageObject","inLanguage":"es","@id":"https:\/\/explora.cl\/lagos\/#\/schema\/person\/image\/","url":"https:\/\/secure.gravatar.com\/avatar\/8a6892fbfb002ef173a244b534b4bbcea4c183fc3fbf7732e64ac89b1d22d482?s=96&d=mm&r=g","contentUrl":"https:\/\/secure.gravatar.com\/avatar\/8a6892fbfb002ef173a244b534b4bbcea4c183fc3fbf7732e64ac89b1d22d482?s=96&d=mm&r=g","caption":"jvargas"},"url":"https:\/\/explora.cl\/lagos\/author\/jvargas\/"}]}},"_links":{"self":[{"href":"https:\/\/explora.cl\/lagos\/wp-json\/wp\/v2\/posts\/42600","targetHints":{"allow":["GET"]}}],"collection":[{"href":"https:\/\/explora.cl\/lagos\/wp-json\/wp\/v2\/posts"}],"about":[{"href":"https:\/\/explora.cl\/lagos\/wp-json\/wp\/v2\/types\/post"}],"author":[{"embeddable":true,"href":"https:\/\/explora.cl\/lagos\/wp-json\/wp\/v2\/users\/36"}],"replies":[{"embeddable":true,"href":"https:\/\/explora.cl\/lagos\/wp-json\/wp\/v2\/comments?post=42600"}],"version-history":[{"count":1,"href":"https:\/\/explora.cl\/lagos\/wp-json\/wp\/v2\/posts\/42600\/revisions"}],"predecessor-version":[{"id":42602,"href":"https:\/\/explora.cl\/lagos\/wp-json\/wp\/v2\/posts\/42600\/revisions\/42602"}],"wp:featuredmedia":[{"embeddable":true,"href":"https:\/\/explora.cl\/lagos\/wp-json\/wp\/v2\/media\/42601"}],"wp:attachment":[{"href":"https:\/\/explora.cl\/lagos\/wp-json\/wp\/v2\/media?parent=42600"}],"wp:term":[{"taxonomy":"category","embeddable":true,"href":"https:\/\/explora.cl\/lagos\/wp-json\/wp\/v2\/categories?post=42600"},{"taxonomy":"post_tag","embeddable":true,"href":"https:\/\/explora.cl\/lagos\/wp-json\/wp\/v2\/tags?post=42600"}],"curies":[{"name":"wp","href":"https:\/\/api.w.org\/{rel}","templated":true}]}}