{"id":42529,"date":"2026-01-21T13:01:14","date_gmt":"2026-01-21T16:01:14","guid":{"rendered":"https:\/\/explora.cl\/lagos\/?p=42529"},"modified":"2026-04-24T15:51:13","modified_gmt":"2026-04-24T19:51:13","slug":"estudiantes-uach-energia-joven-que-aporta-en-las-actividades-del-par-explora-los-lagos","status":"publish","type":"post","link":"https:\/\/explora.cl\/lagos\/estudiantes-uach-energia-joven-que-aporta-en-las-actividades-del-par-explora-los-lagos\/","title":{"rendered":"Estudiantes UACh: energ\u00eda joven que aporta en las actividades del PAR Explora Los Lagos"},"content":{"rendered":"<p><!--more--><\/p>\n<p>El quehacer del Proyecto Asociativo Regional (PAR) Explora Los Lagos, iniciativa del Ministerio de Ciencia, Tecnolog\u00eda, Conocimiento e Innovaci\u00f3n, y que ejecutamos como Universidad Austral de Chile Sede Puerto Montt desde 2019,\u00a0est\u00e1 orientado y centrado en las comunidades educativas escolares de la regi\u00f3n. A trav\u00e9s de diferentes iniciativas, se trabaja junto a equipos pedag\u00f3gicos y estudiantes de establecimientos educacionales para acercar la ciencia, tecnolog\u00eda y la innovaci\u00f3n a las comunidades educativas, con especial \u00e9nfasis en los sectores rurales y m\u00e1s vulnerables de nuestra regi\u00f3n, d\u00f3nde muchas veces el acceso a esas oportunidades es m\u00e1s limitado.<\/p>\n<p>Con la conducci\u00f3n de Gabriela Navarro Manzanal como directora, y profesionales multidisciplinarios a\u00a0cargo de las diferentes \u00e1reas del proyecto, adem\u00e1s de la participaci\u00f3n de estudiantes universitarios de distintas carreras de nuestra casa de estudios superiores como monitoras y monitores, el PAR Explora Los Lagos conforma un equipo de trabajo que lidera programas y actividades para potenciar las capacidades desde la primera infancia en torno a las ciencias, la indagaci\u00f3n, la curiosidad, la naturaleza, el universo, la tecnolog\u00eda, la investigaci\u00f3n.<\/p>\n<p>Es as\u00ed como estudiantes de las diferentes carreras de Pedagog\u00edas que se imparten en nuestra sede universitaria, Ingenier\u00eda Ambiental,\u00a0Arqueolog\u00eda, Ingenier\u00eda Civil Industrial, Educaci\u00f3n Parvularia, entre otras, han contribuido con su energ\u00eda juvenil, con su entusiasmo y compromiso al desarrollo y \u00e9xito de muchos eventos y actividades en las que el PAR Explora Los Lagos ha requerido su apoyo.<\/p>\n<p>Algunas y\u00a0algunos de esos estudiantes hoy forman parte del equipo de profesionales del equipo Explora en la Regi\u00f3n de Los Lagos. Otras y otros han desarrollado inter\u00e9s por \u00e1reas como la educaci\u00f3n ambiental, o el trabajo con comunidades educativas, dando nuevos a su formaci\u00f3n de pregrado y planificaci\u00f3n de su futuro profesional.<\/p>\n<p>Marcos Gonz\u00e1lez Mar\u00edn, Profesor PhD \u00a9 y director de Vinculaci\u00f3n con el Medio de la Universidad Austral Sede Puerto Montt, destaca las oportunidades que se generan a trav\u00e9s de la implementaci\u00f3n del PAR Explora Los Lagos para tejer redes con la comunidad en general y tambi\u00e9n entre la comunidad estudiantil de nuestra Universidad.<\/p>\n<p>El acad\u00e9mico se\u00f1ala que los diferentes programas y actividades que organiza Explora Los Lagos permite tender un canal de comunicaci\u00f3n directa con profesoras y profesores en ejercicio, para conocer opiniones respecto a la formaci\u00f3n acad\u00e9mica de\u00a0docentes y su desempe\u00f1o pr\u00e1ctico en las aulas y as\u00ed mantener una revisi\u00f3n constante de la malla de las carreras de pedagog\u00eda que se imparten en nuestra casa de estudio. Recalca, adem\u00e1s, que la Universidad no es solo creaci\u00f3n o entrega de conocimiento a estudiantes, sino que es necesario estar constantemente conectados con el entorno y con las personas que d\u00eda a d\u00eda est\u00e1n educando a ni\u00f1as, ni\u00f1os y j\u00f3venes.<\/p>\n<p>\u201cEs importante que como formadores de futuros profesores conozcamos y nos relacionemos con quienes est\u00e1n educando hoy a potenciales futuros estudiantes de la educaci\u00f3n superior, para hacer los ajustes necesarios a las mallas curriculares de nuestras carreras\u201d, dijo.<\/p>\n<p><strong>Futura ingeniera UACh apasionada por la educaci\u00f3n ambiental \u00a0<\/strong><\/p>\n<p>Recientemente, en el marco del Congreso Explora Va!, en el que una cincuentena de docentes de la regi\u00f3n, Paula Altamirano Hueicha, estudiante de la carrera de Ingenier\u00eda Ambiental de la UACh Sede Puerto Montt, particip\u00f3 como facilitadora de cordada, como apoyo y enlace de profesores para la organizaci\u00f3n de la actividad.<\/p>\n<p>En la actividad de cierre del Campamento, Paula solicit\u00f3 la palabra. Quer\u00eda compartir con las y los participantes su valoraci\u00f3n de la experiencia y, sobre todo, de su vinculaci\u00f3n con el PAR Explora Los Lagos, adem\u00e1s de agradecer las oportunidades y momentos vividos. Relat\u00f3 que est\u00e1 cursando su \u00faltimo a\u00f1o de pregrado, que est\u00e1 concentrada en la preparaci\u00f3n de su tesis, pero que no quiso perder la oportunidad de participar en eventualmente, su \u00faltima actividad relacionada con el programa.<\/p>\n<p>\u201cQuiero agradecer las oportunidades vividas en diferentes momentos y roles que he desempe\u00f1ado, hoy como facilitadora, otras veces como monitora. He conocido a personas muy interesantes y he aprendido de muchos temas, que han\u00a0ampliado y mejorado mi visi\u00f3n del mundo y sin duda,\u00a0me ayudar\u00e1n para ser una mejor profesional en el futuro\u201d, coment\u00f3 Paula Altamirano<\/p>\n<p>Paula Altamirano Hueicha es oriunda del sector de Pumillahue, en la comuna de Ancud, Chilo\u00e9, tiene 24 a\u00f1os. En 2022 tuvo su primer acercamiento al quehacer el Proyecto Explora, participando como monitora en el Festival de las Ciencias (conocido como FECI) que se realiz\u00f3 en octubre de ese a\u00f1o en el Centro de Eventos Arena Puerto Montt.<\/p>\n<p>En los a\u00f1os siguientes, Paula se volvi\u00f3 a sumar a diversas actividades del proyecto, como monitora del Programa de Educaci\u00f3n al Aire Libre y visitas a Laboratorios UACh (PEAL), del Congreso Regional de Investigaci\u00f3n e Innovaci\u00f3n Escolar, la Fiesta de las Ciencias y el Patatour Ecoeductivo en Chilo\u00e9.<\/p>\n<p>En su evaluaci\u00f3n, Paula comenta que, si bien la Ingenier\u00eda Ambiental est\u00e1 asociada a aspectos m\u00e1s t\u00e9cnicos, su vinculaci\u00f3n con el Proyecto Explora Los Lagos le ha permitido descubrir que en su futura etapa profesional podr\u00e1 desarrollar tareas que le permitir\u00e1n vincularse con personas diversas -como estudiantes y docentes- estando en contacto con la sociedad y trabajando por el cuidado de la naturaleza.<\/p>\n","protected":false},"excerpt":{"rendered":"","protected":false},"author":36,"featured_media":42530,"comment_status":"open","ping_status":"open","sticky":false,"template":"","format":"standard","meta":{"_acf_changed":false,"_exactmetrics_skip_tracking":false,"_exactmetrics_sitenote_active":false,"_exactmetrics_sitenote_note":"","_exactmetrics_sitenote_category":0,"footnotes":"","_links_to":"","_links_to_target":""},"categories":[151,4],"tags":[247,617,682],"class_list":["post-42529","post","type-post","status-publish","format-standard","has-post-thumbnail","hentry","category-banner","category-noticias","tag-par-explora-los-lagos","tag-par-explora-los-lagos-uach-sede-puerto-montt","tag-vinculacion-con-el-medio-uach-sede-puerto-monttntt"],"acf":[],"yoast_head":"<!-- This site is optimized with the Yoast SEO plugin v26.9 - https:\/\/yoast.com\/product\/yoast-seo-wordpress\/ -->\n<title>Estudiantes UACh: energ\u00eda joven que aporta en las actividades del PAR Explora Los Lagos - Los Lagos<\/title>\n<meta name=\"robots\" content=\"index, follow, max-snippet:-1, max-image-preview:large, max-video-preview:-1\" \/>\n<link rel=\"canonical\" href=\"https:\/\/explora.cl\/lagos\/estudiantes-uach-energia-joven-que-aporta-en-las-actividades-del-par-explora-los-lagos\/\" class=\"yoast-seo-meta-tag\" \/>\n<meta property=\"og:locale\" content=\"es_ES\" class=\"yoast-seo-meta-tag\" \/>\n<meta property=\"og:type\" content=\"article\" class=\"yoast-seo-meta-tag\" \/>\n<meta property=\"og:title\" content=\"Estudiantes UACh: energ\u00eda joven que aporta en las actividades del PAR Explora Los Lagos - Los Lagos\" class=\"yoast-seo-meta-tag\" \/>\n<meta property=\"og:url\" content=\"https:\/\/explora.cl\/lagos\/estudiantes-uach-energia-joven-que-aporta-en-las-actividades-del-par-explora-los-lagos\/\" class=\"yoast-seo-meta-tag\" \/>\n<meta property=\"og:site_name\" content=\"Los Lagos\" class=\"yoast-seo-meta-tag\" \/>\n<meta property=\"article:published_time\" content=\"2026-01-21T16:01:14+00:00\" class=\"yoast-seo-meta-tag\" \/>\n<meta property=\"article:modified_time\" content=\"2026-04-24T19:51:13+00:00\" class=\"yoast-seo-meta-tag\" \/>\n<meta property=\"og:image\" content=\"https:\/\/explora.cl\/lagos\/wp-content\/uploads\/sites\/17\/2026\/01\/Paula-Altamirano-con-su-cordada-scaled.jpeg\" class=\"yoast-seo-meta-tag\" \/>\n\t<meta property=\"og:image:width\" content=\"2560\" class=\"yoast-seo-meta-tag\" \/>\n\t<meta property=\"og:image:height\" content=\"1441\" class=\"yoast-seo-meta-tag\" \/>\n\t<meta property=\"og:image:type\" content=\"image\/jpeg\" class=\"yoast-seo-meta-tag\" \/>\n<meta name=\"author\" content=\"jvargas\" class=\"yoast-seo-meta-tag\" \/>\n<meta name=\"twitter:card\" content=\"summary_large_image\" class=\"yoast-seo-meta-tag\" \/>\n<meta name=\"twitter:label1\" content=\"Escrito por\" class=\"yoast-seo-meta-tag\" \/>\n\t<meta name=\"twitter:data1\" content=\"jvargas\" class=\"yoast-seo-meta-tag\" \/>\n\t<meta name=\"twitter:label2\" content=\"Tiempo de lectura\" class=\"yoast-seo-meta-tag\" \/>\n\t<meta name=\"twitter:data2\" content=\"5 minutos\" class=\"yoast-seo-meta-tag\" \/>\n<script type=\"application\/ld+json\" class=\"yoast-schema-graph\">{\"@context\":\"https:\/\/schema.org\",\"@graph\":[{\"@type\":\"Article\",\"@id\":\"https:\/\/explora.cl\/lagos\/estudiantes-uach-energia-joven-que-aporta-en-las-actividades-del-par-explora-los-lagos\/#article\",\"isPartOf\":{\"@id\":\"https:\/\/explora.cl\/lagos\/estudiantes-uach-energia-joven-que-aporta-en-las-actividades-del-par-explora-los-lagos\/\"},\"author\":{\"name\":\"jvargas\",\"@id\":\"https:\/\/explora.cl\/lagos\/#\/schema\/person\/6608d3ee9ea0b0daeaf12289528fc582\"},\"headline\":\"Estudiantes UACh: energ\u00eda joven que aporta en las actividades del PAR Explora Los Lagos\",\"datePublished\":\"2026-01-21T16:01:14+00:00\",\"dateModified\":\"2026-04-24T19:51:13+00:00\",\"mainEntityOfPage\":{\"@id\":\"https:\/\/explora.cl\/lagos\/estudiantes-uach-energia-joven-que-aporta-en-las-actividades-del-par-explora-los-lagos\/\"},\"wordCount\":937,\"commentCount\":0,\"image\":{\"@id\":\"https:\/\/explora.cl\/lagos\/estudiantes-uach-energia-joven-que-aporta-en-las-actividades-del-par-explora-los-lagos\/#primaryimage\"},\"thumbnailUrl\":\"https:\/\/explora.cl\/lagos\/wp-content\/uploads\/sites\/17\/2026\/01\/Paula-Altamirano-con-su-cordada-scaled.jpeg\",\"keywords\":[\"PAR EXPLORA LOS LAGOS\",\"PAR Explora Los Lagos UACh Sede Puerto Montt\",\"Vinculaci\u00f3n con el Medio UACh Sede Puerto Monttntt\"],\"articleSection\":[\"Banner\",\"Noticias\"],\"inLanguage\":\"es\",\"potentialAction\":[{\"@type\":\"CommentAction\",\"name\":\"Comment\",\"target\":[\"https:\/\/explora.cl\/lagos\/estudiantes-uach-energia-joven-que-aporta-en-las-actividades-del-par-explora-los-lagos\/#respond\"]}]},{\"@type\":\"WebPage\",\"@id\":\"https:\/\/explora.cl\/lagos\/estudiantes-uach-energia-joven-que-aporta-en-las-actividades-del-par-explora-los-lagos\/\",\"url\":\"https:\/\/explora.cl\/lagos\/estudiantes-uach-energia-joven-que-aporta-en-las-actividades-del-par-explora-los-lagos\/\",\"name\":\"Estudiantes UACh: energ\u00eda joven que aporta en las actividades del PAR Explora Los Lagos - Los Lagos\",\"isPartOf\":{\"@id\":\"https:\/\/explora.cl\/lagos\/#website\"},\"primaryImageOfPage\":{\"@id\":\"https:\/\/explora.cl\/lagos\/estudiantes-uach-energia-joven-que-aporta-en-las-actividades-del-par-explora-los-lagos\/#primaryimage\"},\"image\":{\"@id\":\"https:\/\/explora.cl\/lagos\/estudiantes-uach-energia-joven-que-aporta-en-las-actividades-del-par-explora-los-lagos\/#primaryimage\"},\"thumbnailUrl\":\"https:\/\/explora.cl\/lagos\/wp-content\/uploads\/sites\/17\/2026\/01\/Paula-Altamirano-con-su-cordada-scaled.jpeg\",\"datePublished\":\"2026-01-21T16:01:14+00:00\",\"dateModified\":\"2026-04-24T19:51:13+00:00\",\"author\":{\"@id\":\"https:\/\/explora.cl\/lagos\/#\/schema\/person\/6608d3ee9ea0b0daeaf12289528fc582\"},\"breadcrumb\":{\"@id\":\"https:\/\/explora.cl\/lagos\/estudiantes-uach-energia-joven-que-aporta-en-las-actividades-del-par-explora-los-lagos\/#breadcrumb\"},\"inLanguage\":\"es\",\"potentialAction\":[{\"@type\":\"ReadAction\",\"target\":[\"https:\/\/explora.cl\/lagos\/estudiantes-uach-energia-joven-que-aporta-en-las-actividades-del-par-explora-los-lagos\/\"]}]},{\"@type\":\"ImageObject\",\"inLanguage\":\"es\",\"@id\":\"https:\/\/explora.cl\/lagos\/estudiantes-uach-energia-joven-que-aporta-en-las-actividades-del-par-explora-los-lagos\/#primaryimage\",\"url\":\"https:\/\/explora.cl\/lagos\/wp-content\/uploads\/sites\/17\/2026\/01\/Paula-Altamirano-con-su-cordada-scaled.jpeg\",\"contentUrl\":\"https:\/\/explora.cl\/lagos\/wp-content\/uploads\/sites\/17\/2026\/01\/Paula-Altamirano-con-su-cordada-scaled.jpeg\",\"width\":2560,\"height\":1441},{\"@type\":\"BreadcrumbList\",\"@id\":\"https:\/\/explora.cl\/lagos\/estudiantes-uach-energia-joven-que-aporta-en-las-actividades-del-par-explora-los-lagos\/#breadcrumb\",\"itemListElement\":[{\"@type\":\"ListItem\",\"position\":1,\"name\":\"Portada\",\"item\":\"https:\/\/explora.cl\/lagos\/\"},{\"@type\":\"ListItem\",\"position\":2,\"name\":\"Estudiantes UACh: energ\u00eda joven que aporta en las actividades del PAR Explora Los Lagos\"}]},{\"@type\":\"WebSite\",\"@id\":\"https:\/\/explora.cl\/lagos\/#website\",\"url\":\"https:\/\/explora.cl\/lagos\/\",\"name\":\"Los Lagos\",\"description\":\"Otro sitio m\u00e1s de explora.cl\",\"potentialAction\":[{\"@type\":\"SearchAction\",\"target\":{\"@type\":\"EntryPoint\",\"urlTemplate\":\"https:\/\/explora.cl\/lagos\/?s={search_term_string}\"},\"query-input\":{\"@type\":\"PropertyValueSpecification\",\"valueRequired\":true,\"valueName\":\"search_term_string\"}}],\"inLanguage\":\"es\"},{\"@type\":\"Person\",\"@id\":\"https:\/\/explora.cl\/lagos\/#\/schema\/person\/6608d3ee9ea0b0daeaf12289528fc582\",\"name\":\"jvargas\",\"image\":{\"@type\":\"ImageObject\",\"inLanguage\":\"es\",\"@id\":\"https:\/\/explora.cl\/lagos\/#\/schema\/person\/image\/\",\"url\":\"https:\/\/secure.gravatar.com\/avatar\/8a6892fbfb002ef173a244b534b4bbcea4c183fc3fbf7732e64ac89b1d22d482?s=96&d=mm&r=g\",\"contentUrl\":\"https:\/\/secure.gravatar.com\/avatar\/8a6892fbfb002ef173a244b534b4bbcea4c183fc3fbf7732e64ac89b1d22d482?s=96&d=mm&r=g\",\"caption\":\"jvargas\"},\"url\":\"https:\/\/explora.cl\/lagos\/author\/jvargas\/\"}]}<\/script>\n<!-- \/ Yoast SEO plugin. -->","yoast_head_json":{"title":"Estudiantes UACh: energ\u00eda joven que aporta en las actividades del PAR Explora Los Lagos - Los Lagos","robots":{"index":"index","follow":"follow","max-snippet":"max-snippet:-1","max-image-preview":"max-image-preview:large","max-video-preview":"max-video-preview:-1"},"canonical":"https:\/\/explora.cl\/lagos\/estudiantes-uach-energia-joven-que-aporta-en-las-actividades-del-par-explora-los-lagos\/","og_locale":"es_ES","og_type":"article","og_title":"Estudiantes UACh: energ\u00eda joven que aporta en las actividades del PAR Explora Los Lagos - Los Lagos","og_url":"https:\/\/explora.cl\/lagos\/estudiantes-uach-energia-joven-que-aporta-en-las-actividades-del-par-explora-los-lagos\/","og_site_name":"Los Lagos","article_published_time":"2026-01-21T16:01:14+00:00","article_modified_time":"2026-04-24T19:51:13+00:00","og_image":[{"width":2560,"height":1441,"url":"https:\/\/explora.cl\/lagos\/wp-content\/uploads\/sites\/17\/2026\/01\/Paula-Altamirano-con-su-cordada-scaled.jpeg","type":"image\/jpeg"}],"author":"jvargas","twitter_card":"summary_large_image","twitter_misc":{"Escrito por":"jvargas","Tiempo de lectura":"5 minutos"},"schema":{"@context":"https:\/\/schema.org","@graph":[{"@type":"Article","@id":"https:\/\/explora.cl\/lagos\/estudiantes-uach-energia-joven-que-aporta-en-las-actividades-del-par-explora-los-lagos\/#article","isPartOf":{"@id":"https:\/\/explora.cl\/lagos\/estudiantes-uach-energia-joven-que-aporta-en-las-actividades-del-par-explora-los-lagos\/"},"author":{"name":"jvargas","@id":"https:\/\/explora.cl\/lagos\/#\/schema\/person\/6608d3ee9ea0b0daeaf12289528fc582"},"headline":"Estudiantes UACh: energ\u00eda joven que aporta en las actividades del PAR Explora Los Lagos","datePublished":"2026-01-21T16:01:14+00:00","dateModified":"2026-04-24T19:51:13+00:00","mainEntityOfPage":{"@id":"https:\/\/explora.cl\/lagos\/estudiantes-uach-energia-joven-que-aporta-en-las-actividades-del-par-explora-los-lagos\/"},"wordCount":937,"commentCount":0,"image":{"@id":"https:\/\/explora.cl\/lagos\/estudiantes-uach-energia-joven-que-aporta-en-las-actividades-del-par-explora-los-lagos\/#primaryimage"},"thumbnailUrl":"https:\/\/explora.cl\/lagos\/wp-content\/uploads\/sites\/17\/2026\/01\/Paula-Altamirano-con-su-cordada-scaled.jpeg","keywords":["PAR EXPLORA LOS LAGOS","PAR Explora Los Lagos UACh Sede Puerto Montt","Vinculaci\u00f3n con el Medio UACh Sede Puerto Monttntt"],"articleSection":["Banner","Noticias"],"inLanguage":"es","potentialAction":[{"@type":"CommentAction","name":"Comment","target":["https:\/\/explora.cl\/lagos\/estudiantes-uach-energia-joven-que-aporta-en-las-actividades-del-par-explora-los-lagos\/#respond"]}]},{"@type":"WebPage","@id":"https:\/\/explora.cl\/lagos\/estudiantes-uach-energia-joven-que-aporta-en-las-actividades-del-par-explora-los-lagos\/","url":"https:\/\/explora.cl\/lagos\/estudiantes-uach-energia-joven-que-aporta-en-las-actividades-del-par-explora-los-lagos\/","name":"Estudiantes UACh: energ\u00eda joven que aporta en las actividades del PAR Explora Los Lagos - Los Lagos","isPartOf":{"@id":"https:\/\/explora.cl\/lagos\/#website"},"primaryImageOfPage":{"@id":"https:\/\/explora.cl\/lagos\/estudiantes-uach-energia-joven-que-aporta-en-las-actividades-del-par-explora-los-lagos\/#primaryimage"},"image":{"@id":"https:\/\/explora.cl\/lagos\/estudiantes-uach-energia-joven-que-aporta-en-las-actividades-del-par-explora-los-lagos\/#primaryimage"},"thumbnailUrl":"https:\/\/explora.cl\/lagos\/wp-content\/uploads\/sites\/17\/2026\/01\/Paula-Altamirano-con-su-cordada-scaled.jpeg","datePublished":"2026-01-21T16:01:14+00:00","dateModified":"2026-04-24T19:51:13+00:00","author":{"@id":"https:\/\/explora.cl\/lagos\/#\/schema\/person\/6608d3ee9ea0b0daeaf12289528fc582"},"breadcrumb":{"@id":"https:\/\/explora.cl\/lagos\/estudiantes-uach-energia-joven-que-aporta-en-las-actividades-del-par-explora-los-lagos\/#breadcrumb"},"inLanguage":"es","potentialAction":[{"@type":"ReadAction","target":["https:\/\/explora.cl\/lagos\/estudiantes-uach-energia-joven-que-aporta-en-las-actividades-del-par-explora-los-lagos\/"]}]},{"@type":"ImageObject","inLanguage":"es","@id":"https:\/\/explora.cl\/lagos\/estudiantes-uach-energia-joven-que-aporta-en-las-actividades-del-par-explora-los-lagos\/#primaryimage","url":"https:\/\/explora.cl\/lagos\/wp-content\/uploads\/sites\/17\/2026\/01\/Paula-Altamirano-con-su-cordada-scaled.jpeg","contentUrl":"https:\/\/explora.cl\/lagos\/wp-content\/uploads\/sites\/17\/2026\/01\/Paula-Altamirano-con-su-cordada-scaled.jpeg","width":2560,"height":1441},{"@type":"BreadcrumbList","@id":"https:\/\/explora.cl\/lagos\/estudiantes-uach-energia-joven-que-aporta-en-las-actividades-del-par-explora-los-lagos\/#breadcrumb","itemListElement":[{"@type":"ListItem","position":1,"name":"Portada","item":"https:\/\/explora.cl\/lagos\/"},{"@type":"ListItem","position":2,"name":"Estudiantes UACh: energ\u00eda joven que aporta en las actividades del PAR Explora Los Lagos"}]},{"@type":"WebSite","@id":"https:\/\/explora.cl\/lagos\/#website","url":"https:\/\/explora.cl\/lagos\/","name":"Los Lagos","description":"Otro sitio m\u00e1s de explora.cl","potentialAction":[{"@type":"SearchAction","target":{"@type":"EntryPoint","urlTemplate":"https:\/\/explora.cl\/lagos\/?s={search_term_string}"},"query-input":{"@type":"PropertyValueSpecification","valueRequired":true,"valueName":"search_term_string"}}],"inLanguage":"es"},{"@type":"Person","@id":"https:\/\/explora.cl\/lagos\/#\/schema\/person\/6608d3ee9ea0b0daeaf12289528fc582","name":"jvargas","image":{"@type":"ImageObject","inLanguage":"es","@id":"https:\/\/explora.cl\/lagos\/#\/schema\/person\/image\/","url":"https:\/\/secure.gravatar.com\/avatar\/8a6892fbfb002ef173a244b534b4bbcea4c183fc3fbf7732e64ac89b1d22d482?s=96&d=mm&r=g","contentUrl":"https:\/\/secure.gravatar.com\/avatar\/8a6892fbfb002ef173a244b534b4bbcea4c183fc3fbf7732e64ac89b1d22d482?s=96&d=mm&r=g","caption":"jvargas"},"url":"https:\/\/explora.cl\/lagos\/author\/jvargas\/"}]}},"_links":{"self":[{"href":"https:\/\/explora.cl\/lagos\/wp-json\/wp\/v2\/posts\/42529","targetHints":{"allow":["GET"]}}],"collection":[{"href":"https:\/\/explora.cl\/lagos\/wp-json\/wp\/v2\/posts"}],"about":[{"href":"https:\/\/explora.cl\/lagos\/wp-json\/wp\/v2\/types\/post"}],"author":[{"embeddable":true,"href":"https:\/\/explora.cl\/lagos\/wp-json\/wp\/v2\/users\/36"}],"replies":[{"embeddable":true,"href":"https:\/\/explora.cl\/lagos\/wp-json\/wp\/v2\/comments?post=42529"}],"version-history":[{"count":1,"href":"https:\/\/explora.cl\/lagos\/wp-json\/wp\/v2\/posts\/42529\/revisions"}],"predecessor-version":[{"id":42531,"href":"https:\/\/explora.cl\/lagos\/wp-json\/wp\/v2\/posts\/42529\/revisions\/42531"}],"wp:featuredmedia":[{"embeddable":true,"href":"https:\/\/explora.cl\/lagos\/wp-json\/wp\/v2\/media\/42530"}],"wp:attachment":[{"href":"https:\/\/explora.cl\/lagos\/wp-json\/wp\/v2\/media?parent=42529"}],"wp:term":[{"taxonomy":"category","embeddable":true,"href":"https:\/\/explora.cl\/lagos\/wp-json\/wp\/v2\/categories?post=42529"},{"taxonomy":"post_tag","embeddable":true,"href":"https:\/\/explora.cl\/lagos\/wp-json\/wp\/v2\/tags?post=42529"}],"curies":[{"name":"wp","href":"https:\/\/api.w.org\/{rel}","templated":true}]}}