{"id":42344,"date":"2025-09-23T11:24:20","date_gmt":"2025-09-23T14:24:20","guid":{"rendered":"https:\/\/explora.cl\/lagos\/?p=42344"},"modified":"2025-10-29T13:50:10","modified_gmt":"2025-10-29T16:50:10","slug":"puerto-montt-sera-sede-de-la-xx-reunion-anual-de-sochias-con-actividades-abiertas-a-la-comunidad","status":"publish","type":"post","link":"https:\/\/explora.cl\/lagos\/puerto-montt-sera-sede-de-la-xx-reunion-anual-de-sochias-con-actividades-abiertas-a-la-comunidad\/","title":{"rendered":"Puerto Montt ser\u00e1 sede de la XX Reuni\u00f3n Anual de SOCHIAS con actividades abiertas a la comunidad"},"content":{"rendered":"<p><!--more--><\/p>\n<ul>\n<li>Con un amplio despliegue territorial y actividades para todo tipo de p\u00fablico, investigadores\/as y divulgadores\/as del \u00e1mbito astron\u00f3mico se congregar\u00e1n en la regi\u00f3n de Los Lagos durante octubre.<\/li>\n<\/ul>\n<p>Entre el 13 al 17 de octubre m\u00e1s de 200 astr\u00f3nomas y astr\u00f3nomos se reunir\u00e1n en Puerto Montt para celebrar los 25 a\u00f1os de la Sociedad Chilena de Astronom\u00eda (SOCHIAS). Junto al encuentro cient\u00edfico, la comunidad de la regi\u00f3n podr\u00e1 participar en charlas, y actividades de divulgaci\u00f3n y educaci\u00f3n, fruto de la colaboraci\u00f3n entre SOCHIAS, la Universidad Austral de Chile, Sede Puerto Montt, el Comit\u00e9 Nacional Chileno de Divulgaci\u00f3n Astron\u00f3mica (NOC) y el Proyecto Asociativo Regional (PAR) Explora Los Lagos.<\/p>\n<p>La XX Reuni\u00f3n Anual de SOCHIAS congregar\u00e1 a investigadoras e investigadores de universidades, centros de estudio y observatorios de Chile y el extranjero, consolid\u00e1ndose como el principal espacio de intercambio de conocimientos de la astronom\u00eda nacional. En esta edici\u00f3n se espera la participaci\u00f3n de m\u00e1s de 250 personas, con 166 charlas, 246 contribuciones cient\u00edficas y 80 posters, que abarcar\u00e1n desde la formaci\u00f3n planetaria y los exoplanetas hasta galaxias lejanas y cosmolog\u00eda.<\/p>\n<p>Adem\u00e1s, y con el prop\u00f3sito de acercar la astronom\u00eda al p\u00fablico general, se desarrollar\u00e1 un programa paralelo de actividades, entre ellas las actividades Explora Los Lagos-SOCHIAS con charlas abiertas a la comunidad en Puerto Varas, Puerto Montt y Frutillar, y un conversatorio dirigido a la comunidad escolar.<\/p>\n<p><strong>Colaboraci\u00f3n y apoyo institucional<\/strong><\/p>\n<p>La realizaci\u00f3n de estas instancias de divulgaci\u00f3n ha sido posible gracias a la colaboraci\u00f3n entre la directiva de SOCHIAS, la Universidad Austral de Chile Sede Puerto Montt,\u00a0NOC a trav\u00e9s de su programa Astro-Expediciones\u00a0y el PAR Explora Los Lagos del Ministerio de Ciencia, Tecnolog\u00eda, Conocimiento e Innovaci\u00f3n, a trav\u00e9s de su \u00c1rea de Vinculaci\u00f3n con la Ciencia. El objetivo es que la reuni\u00f3n anual no solo sea un hito cient\u00edfico, sino tambi\u00e9n una experiencia compartida con el territorio y sus habitantes.<\/p>\n<p>Gabriela Navarro Manzanal, directora del PAR Explora Los Lagos, destac\u00f3 la oportunidad para la comunidad de la regi\u00f3n de contar con una amplia gama de actividades paralelas al encuentro de astronom\u00eda. \u201cEn nuestras iniciativas como el Programa de Investigaci\u00f3n e Innovaci\u00f3n Escolar (IIE) siempre hay trabajos relacionados con esta disciplina cient\u00edfica, por lo que sabemos con certeza que en el sur del pa\u00eds tambi\u00e9n hay estudiantes interesadas e interesados en aprender y conocer de estas materias, por eso es muy importante para nuestro programa colaborar con las convocatorias y realizaci\u00f3n de varias charlas, un conversatorio y otras actividades que se desarrollar\u00e1n en unas semanas m\u00e1s\u201d, dijo.<\/p>\n<p>Yasna \u00d3rdenes Brice\u00f1o, copresidenta del Comit\u00e9 Organizador de la XX Reuni\u00f3n Anual de SOCHIAS y responsable de sus actividades de divulgaci\u00f3n y educaci\u00f3n, destac\u00f3\u00a0\u201cla excelente disposici\u00f3n y el apoyo activo de PAR Explora Los Lagos y de la Universidad Austral de Chile Sede Puerto Montt, para impulsar las iniciativas abiertas al p\u00fablico general de la zona\u201d, adem\u00e1s agreg\u00f3 que \u201cla XX Reuni\u00f3n Anual de SOCHIAS es un escenario perfecto no solo para compartir ciencia entre investigadoras e investigadores, sino tambi\u00e9n para acercar la astronom\u00eda y las bellezas del Universo a los habitantes de Puerto Montt y sus alrededores. Aprovechando la presencia de numerosas astr\u00f3nomas y astr\u00f3nomos en la ciudad, hemos preparado un programa que se desarrollar\u00e1 del domingo 12 al viernes 17 de octubre y que busca llegar a distintos lugares de la\u00a0provincia de Llanquihue\u00a0y a p\u00fablicos de todas las edades. Esperamos que esta semana de encuentro sea una experiencia enriquecedora tanto para la comunidad cient\u00edfica como para la ciudadan\u00eda\u201d, dijo.<\/p>\n<p>Cada una de estas actividades contar\u00e1 con inscripci\u00f3n previa, buscando garantizar la participaci\u00f3n de la comunidad interesada en conocer m\u00e1s sobre los misterios del cosmos.<\/p>\n<p>Contacto para m\u00e1s informaci\u00f3n: <a href=\"mailto:proyectoexploraloslagos@gmail.com\" target=\"_blank\" rel=\"noopener\">proyectoexploraloslagos@gmail.com<\/a><\/p>\n<p><strong>Detalle de actividades de divulgaci\u00f3n<\/strong><\/p>\n<p><strong>Lunes 13<\/strong><\/p>\n<p>19:00 horas<\/p>\n<p>Galer\u00eda Bosque Nativo, Puerto Varas<\/p>\n<p>Charla abierta a la comunidad:\u00a0<em>\u201cAlfabetizaci\u00f3n Astron\u00f3mica: Por qu\u00e9 aprender astronom\u00eda desde la primera infancia\u201d<\/em><\/p>\n<p>Expositora: Pen\u00e9lope Longa Pe\u00f1a, Dra. en Astrof\u00edsica, Universidad de Antofagasta.<\/p>\n<p><a href=\"https:\/\/forms.gle\/oft5gCmz7z7q8W3Q9\" target=\"_blank\" rel=\"noopener\"><strong>Inscripci\u00f3n aqu\u00ed<\/strong><\/a>.<\/p>\n<p><strong>Martes 14<\/strong><\/p>\n<p>9:00 a 11:30 horas<\/p>\n<p>Teatro Diego Rivera, Puerto Montt<\/p>\n<p>Conversatorio <em>\u201cCaminos hacia el Universo: c\u00f3mo aportar a la astronom\u00eda desde distintos \u00e1mbitos\u201d.<\/em><\/p>\n<p>Encuentro dirigido a estudiantes de ense\u00f1anza media y 8\u00b0 b\u00e1sico, con un panel de especialistas en divulgaci\u00f3n, educaci\u00f3n, investigaci\u00f3n cient\u00edfica, ingenier\u00eda y ciencia de datos.<\/p>\n<p><a href=\"https:\/\/forms.gle\/vcoyQcCAJuJt965w6\" target=\"_blank\" rel=\"noopener\"><b>Formulario de inscripci\u00f3n<\/b><\/a>.<\/p>\n<p><strong>\u00a0Martes 14<\/strong><\/p>\n<p>19:00 horas<\/p>\n<p>Caf\u00e9 Cient\u00edfico, Restor\u00e1n Toco Madera, Pelluco (Puerto Montt)<\/p>\n<p>Charla abierta a la comunidad:\u00a0<em>\u201cMisterios C\u00f3smicos: \u00bfC\u00f3mo nacen los planetas?\u201d<\/em><br \/>\nExpositora: Carolina Agurto Gangas, Dra. en Astrof\u00edsica, Universidad T\u00e9cnica Federico Santa Mar\u00eda y cofundadora de \u201cStar Tres\u201d.<\/p>\n<p><a href=\"https:\/\/forms.gle\/7StvTcwfTenwFWVQ8\" target=\"_blank\" rel=\"noopener\"><strong>Inscripci\u00f3n aqu\u00ed<\/strong><\/a>.<\/p>\n<p><strong>\u00a0Mi\u00e9rcoles 15<\/strong><\/p>\n<p>19:00 horas<\/p>\n<p>Biblioteca Frutillar<\/p>\n<p>Charla abierta a la comunidad:\u00a0<em>\u201cTesoros del Cielo Austral\u201d<\/em><\/p>\n<p>Expositor: Rodrigo Herrera Camus, Dr. en Astrof\u00edsica, Universidad de Concepci\u00f3n y director del N\u00facleo Milenio de Galaxias.<\/p>\n<p><a href=\"https:\/\/forms.gle\/h9Wh2TAsve4GY7tu7\" target=\"_blank\" rel=\"noopener\"><b>Completar el formulario<\/b><\/a>.<\/p>\n","protected":false},"excerpt":{"rendered":"<p>Detalles aqu\u00ed<\/p>\n","protected":false},"author":36,"featured_media":42348,"comment_status":"open","ping_status":"open","sticky":false,"template":"","format":"standard","meta":{"_acf_changed":false,"_exactmetrics_skip_tracking":false,"_exactmetrics_sitenote_active":false,"_exactmetrics_sitenote_note":"","_exactmetrics_sitenote_category":0,"footnotes":"","_links_to":"","_links_to_target":""},"categories":[151,4],"tags":[213,637,638,617,620,636,621],"class_list":["post-42344","post","type-post","status-publish","format-standard","has-post-thumbnail","hentry","category-banner","category-noticias","tag-astronomia","tag-charlas-de-astronomia","tag-conversatorio-de-astronomia","tag-par-explora-los-lagos-uach-sede-puerto-montt","tag-sochias","tag-sociedad-chilena-de-astronomia","tag-sociedad-chilena-de-astronomia-sochias"],"acf":[],"yoast_head":"<!-- This site is optimized with the Yoast SEO plugin v26.9 - https:\/\/yoast.com\/product\/yoast-seo-wordpress\/ -->\n<title>Puerto Montt ser\u00e1 sede de la XX Reuni\u00f3n Anual de SOCHIAS con actividades abiertas a la comunidad - Los Lagos<\/title>\n<meta name=\"robots\" content=\"index, follow, max-snippet:-1, max-image-preview:large, max-video-preview:-1\" \/>\n<link rel=\"canonical\" href=\"https:\/\/explora.cl\/lagos\/puerto-montt-sera-sede-de-la-xx-reunion-anual-de-sochias-con-actividades-abiertas-a-la-comunidad\/\" class=\"yoast-seo-meta-tag\" \/>\n<meta property=\"og:locale\" content=\"es_ES\" class=\"yoast-seo-meta-tag\" \/>\n<meta property=\"og:type\" content=\"article\" class=\"yoast-seo-meta-tag\" \/>\n<meta property=\"og:title\" content=\"Puerto Montt ser\u00e1 sede de la XX Reuni\u00f3n Anual de SOCHIAS con actividades abiertas a la comunidad - Los Lagos\" class=\"yoast-seo-meta-tag\" \/>\n<meta property=\"og:description\" content=\"Detalles aqu\u00ed\" class=\"yoast-seo-meta-tag\" \/>\n<meta property=\"og:url\" content=\"https:\/\/explora.cl\/lagos\/puerto-montt-sera-sede-de-la-xx-reunion-anual-de-sochias-con-actividades-abiertas-a-la-comunidad\/\" class=\"yoast-seo-meta-tag\" \/>\n<meta property=\"og:site_name\" content=\"Los Lagos\" class=\"yoast-seo-meta-tag\" \/>\n<meta property=\"article:published_time\" content=\"2025-09-23T14:24:20+00:00\" class=\"yoast-seo-meta-tag\" \/>\n<meta property=\"article:modified_time\" content=\"2025-10-29T16:50:10+00:00\" class=\"yoast-seo-meta-tag\" \/>\n<meta property=\"og:image\" content=\"https:\/\/explora.cl\/lagos\/wp-content\/uploads\/sites\/17\/2025\/09\/BANNER-UACH-SOCHIAS-GENERICO_principal-scaled.jpg\" class=\"yoast-seo-meta-tag\" \/>\n\t<meta property=\"og:image:width\" content=\"2560\" class=\"yoast-seo-meta-tag\" \/>\n\t<meta property=\"og:image:height\" content=\"887\" class=\"yoast-seo-meta-tag\" \/>\n\t<meta property=\"og:image:type\" content=\"image\/jpeg\" class=\"yoast-seo-meta-tag\" \/>\n<meta name=\"author\" content=\"jvargas\" class=\"yoast-seo-meta-tag\" \/>\n<meta name=\"twitter:card\" content=\"summary_large_image\" class=\"yoast-seo-meta-tag\" \/>\n<meta name=\"twitter:label1\" content=\"Escrito por\" class=\"yoast-seo-meta-tag\" \/>\n\t<meta name=\"twitter:data1\" content=\"jvargas\" class=\"yoast-seo-meta-tag\" \/>\n\t<meta name=\"twitter:label2\" content=\"Tiempo de lectura\" class=\"yoast-seo-meta-tag\" \/>\n\t<meta name=\"twitter:data2\" content=\"4 minutos\" class=\"yoast-seo-meta-tag\" \/>\n<script type=\"application\/ld+json\" class=\"yoast-schema-graph\">{\"@context\":\"https:\/\/schema.org\",\"@graph\":[{\"@type\":\"Article\",\"@id\":\"https:\/\/explora.cl\/lagos\/puerto-montt-sera-sede-de-la-xx-reunion-anual-de-sochias-con-actividades-abiertas-a-la-comunidad\/#article\",\"isPartOf\":{\"@id\":\"https:\/\/explora.cl\/lagos\/puerto-montt-sera-sede-de-la-xx-reunion-anual-de-sochias-con-actividades-abiertas-a-la-comunidad\/\"},\"author\":{\"name\":\"jvargas\",\"@id\":\"https:\/\/explora.cl\/lagos\/#\/schema\/person\/6608d3ee9ea0b0daeaf12289528fc582\"},\"headline\":\"Puerto Montt ser\u00e1 sede de la XX Reuni\u00f3n Anual de SOCHIAS con actividades abiertas a la comunidad\",\"datePublished\":\"2025-09-23T14:24:20+00:00\",\"dateModified\":\"2025-10-29T16:50:10+00:00\",\"mainEntityOfPage\":{\"@id\":\"https:\/\/explora.cl\/lagos\/puerto-montt-sera-sede-de-la-xx-reunion-anual-de-sochias-con-actividades-abiertas-a-la-comunidad\/\"},\"wordCount\":888,\"commentCount\":0,\"image\":{\"@id\":\"https:\/\/explora.cl\/lagos\/puerto-montt-sera-sede-de-la-xx-reunion-anual-de-sochias-con-actividades-abiertas-a-la-comunidad\/#primaryimage\"},\"thumbnailUrl\":\"https:\/\/explora.cl\/lagos\/wp-content\/uploads\/sites\/17\/2025\/09\/BANNER-UACH-SOCHIAS-GENERICO_principal-scaled.jpg\",\"keywords\":[\"Astronom\u00eda\",\"Charlas de astronom\u00eda\",\"Conversatorio de Astronom\u00eda\",\"PAR Explora Los Lagos UACh Sede Puerto Montt\",\"SOCHIAS\",\"Sociedad Chilena de Astronom\u00eda\",\"Sociedad Chilena de Astronom\u00eda (SOCHIAS)\"],\"articleSection\":[\"Banner\",\"Noticias\"],\"inLanguage\":\"es\",\"potentialAction\":[{\"@type\":\"CommentAction\",\"name\":\"Comment\",\"target\":[\"https:\/\/explora.cl\/lagos\/puerto-montt-sera-sede-de-la-xx-reunion-anual-de-sochias-con-actividades-abiertas-a-la-comunidad\/#respond\"]}]},{\"@type\":\"WebPage\",\"@id\":\"https:\/\/explora.cl\/lagos\/puerto-montt-sera-sede-de-la-xx-reunion-anual-de-sochias-con-actividades-abiertas-a-la-comunidad\/\",\"url\":\"https:\/\/explora.cl\/lagos\/puerto-montt-sera-sede-de-la-xx-reunion-anual-de-sochias-con-actividades-abiertas-a-la-comunidad\/\",\"name\":\"Puerto Montt ser\u00e1 sede de la XX Reuni\u00f3n Anual de SOCHIAS con actividades abiertas a la comunidad - Los Lagos\",\"isPartOf\":{\"@id\":\"https:\/\/explora.cl\/lagos\/#website\"},\"primaryImageOfPage\":{\"@id\":\"https:\/\/explora.cl\/lagos\/puerto-montt-sera-sede-de-la-xx-reunion-anual-de-sochias-con-actividades-abiertas-a-la-comunidad\/#primaryimage\"},\"image\":{\"@id\":\"https:\/\/explora.cl\/lagos\/puerto-montt-sera-sede-de-la-xx-reunion-anual-de-sochias-con-actividades-abiertas-a-la-comunidad\/#primaryimage\"},\"thumbnailUrl\":\"https:\/\/explora.cl\/lagos\/wp-content\/uploads\/sites\/17\/2025\/09\/BANNER-UACH-SOCHIAS-GENERICO_principal-scaled.jpg\",\"datePublished\":\"2025-09-23T14:24:20+00:00\",\"dateModified\":\"2025-10-29T16:50:10+00:00\",\"author\":{\"@id\":\"https:\/\/explora.cl\/lagos\/#\/schema\/person\/6608d3ee9ea0b0daeaf12289528fc582\"},\"breadcrumb\":{\"@id\":\"https:\/\/explora.cl\/lagos\/puerto-montt-sera-sede-de-la-xx-reunion-anual-de-sochias-con-actividades-abiertas-a-la-comunidad\/#breadcrumb\"},\"inLanguage\":\"es\",\"potentialAction\":[{\"@type\":\"ReadAction\",\"target\":[\"https:\/\/explora.cl\/lagos\/puerto-montt-sera-sede-de-la-xx-reunion-anual-de-sochias-con-actividades-abiertas-a-la-comunidad\/\"]}]},{\"@type\":\"ImageObject\",\"inLanguage\":\"es\",\"@id\":\"https:\/\/explora.cl\/lagos\/puerto-montt-sera-sede-de-la-xx-reunion-anual-de-sochias-con-actividades-abiertas-a-la-comunidad\/#primaryimage\",\"url\":\"https:\/\/explora.cl\/lagos\/wp-content\/uploads\/sites\/17\/2025\/09\/BANNER-UACH-SOCHIAS-GENERICO_principal-scaled.jpg\",\"contentUrl\":\"https:\/\/explora.cl\/lagos\/wp-content\/uploads\/sites\/17\/2025\/09\/BANNER-UACH-SOCHIAS-GENERICO_principal-scaled.jpg\",\"width\":2560,\"height\":887},{\"@type\":\"BreadcrumbList\",\"@id\":\"https:\/\/explora.cl\/lagos\/puerto-montt-sera-sede-de-la-xx-reunion-anual-de-sochias-con-actividades-abiertas-a-la-comunidad\/#breadcrumb\",\"itemListElement\":[{\"@type\":\"ListItem\",\"position\":1,\"name\":\"Portada\",\"item\":\"https:\/\/explora.cl\/lagos\/\"},{\"@type\":\"ListItem\",\"position\":2,\"name\":\"Puerto Montt ser\u00e1 sede de la XX Reuni\u00f3n Anual de SOCHIAS con actividades abiertas a la comunidad\"}]},{\"@type\":\"WebSite\",\"@id\":\"https:\/\/explora.cl\/lagos\/#website\",\"url\":\"https:\/\/explora.cl\/lagos\/\",\"name\":\"Los Lagos\",\"description\":\"Otro sitio m\u00e1s de explora.cl\",\"potentialAction\":[{\"@type\":\"SearchAction\",\"target\":{\"@type\":\"EntryPoint\",\"urlTemplate\":\"https:\/\/explora.cl\/lagos\/?s={search_term_string}\"},\"query-input\":{\"@type\":\"PropertyValueSpecification\",\"valueRequired\":true,\"valueName\":\"search_term_string\"}}],\"inLanguage\":\"es\"},{\"@type\":\"Person\",\"@id\":\"https:\/\/explora.cl\/lagos\/#\/schema\/person\/6608d3ee9ea0b0daeaf12289528fc582\",\"name\":\"jvargas\",\"image\":{\"@type\":\"ImageObject\",\"inLanguage\":\"es\",\"@id\":\"https:\/\/explora.cl\/lagos\/#\/schema\/person\/image\/\",\"url\":\"https:\/\/secure.gravatar.com\/avatar\/8a6892fbfb002ef173a244b534b4bbcea4c183fc3fbf7732e64ac89b1d22d482?s=96&d=mm&r=g\",\"contentUrl\":\"https:\/\/secure.gravatar.com\/avatar\/8a6892fbfb002ef173a244b534b4bbcea4c183fc3fbf7732e64ac89b1d22d482?s=96&d=mm&r=g\",\"caption\":\"jvargas\"},\"url\":\"https:\/\/explora.cl\/lagos\/author\/jvargas\/\"}]}<\/script>\n<!-- \/ Yoast SEO plugin. -->","yoast_head_json":{"title":"Puerto Montt ser\u00e1 sede de la XX Reuni\u00f3n Anual de SOCHIAS con actividades abiertas a la comunidad - Los Lagos","robots":{"index":"index","follow":"follow","max-snippet":"max-snippet:-1","max-image-preview":"max-image-preview:large","max-video-preview":"max-video-preview:-1"},"canonical":"https:\/\/explora.cl\/lagos\/puerto-montt-sera-sede-de-la-xx-reunion-anual-de-sochias-con-actividades-abiertas-a-la-comunidad\/","og_locale":"es_ES","og_type":"article","og_title":"Puerto Montt ser\u00e1 sede de la XX Reuni\u00f3n Anual de SOCHIAS con actividades abiertas a la comunidad - Los Lagos","og_description":"Detalles aqu\u00ed","og_url":"https:\/\/explora.cl\/lagos\/puerto-montt-sera-sede-de-la-xx-reunion-anual-de-sochias-con-actividades-abiertas-a-la-comunidad\/","og_site_name":"Los Lagos","article_published_time":"2025-09-23T14:24:20+00:00","article_modified_time":"2025-10-29T16:50:10+00:00","og_image":[{"width":2560,"height":887,"url":"https:\/\/explora.cl\/lagos\/wp-content\/uploads\/sites\/17\/2025\/09\/BANNER-UACH-SOCHIAS-GENERICO_principal-scaled.jpg","type":"image\/jpeg"}],"author":"jvargas","twitter_card":"summary_large_image","twitter_misc":{"Escrito por":"jvargas","Tiempo de lectura":"4 minutos"},"schema":{"@context":"https:\/\/schema.org","@graph":[{"@type":"Article","@id":"https:\/\/explora.cl\/lagos\/puerto-montt-sera-sede-de-la-xx-reunion-anual-de-sochias-con-actividades-abiertas-a-la-comunidad\/#article","isPartOf":{"@id":"https:\/\/explora.cl\/lagos\/puerto-montt-sera-sede-de-la-xx-reunion-anual-de-sochias-con-actividades-abiertas-a-la-comunidad\/"},"author":{"name":"jvargas","@id":"https:\/\/explora.cl\/lagos\/#\/schema\/person\/6608d3ee9ea0b0daeaf12289528fc582"},"headline":"Puerto Montt ser\u00e1 sede de la XX Reuni\u00f3n Anual de SOCHIAS con actividades abiertas a la comunidad","datePublished":"2025-09-23T14:24:20+00:00","dateModified":"2025-10-29T16:50:10+00:00","mainEntityOfPage":{"@id":"https:\/\/explora.cl\/lagos\/puerto-montt-sera-sede-de-la-xx-reunion-anual-de-sochias-con-actividades-abiertas-a-la-comunidad\/"},"wordCount":888,"commentCount":0,"image":{"@id":"https:\/\/explora.cl\/lagos\/puerto-montt-sera-sede-de-la-xx-reunion-anual-de-sochias-con-actividades-abiertas-a-la-comunidad\/#primaryimage"},"thumbnailUrl":"https:\/\/explora.cl\/lagos\/wp-content\/uploads\/sites\/17\/2025\/09\/BANNER-UACH-SOCHIAS-GENERICO_principal-scaled.jpg","keywords":["Astronom\u00eda","Charlas de astronom\u00eda","Conversatorio de Astronom\u00eda","PAR Explora Los Lagos UACh Sede Puerto Montt","SOCHIAS","Sociedad Chilena de Astronom\u00eda","Sociedad Chilena de Astronom\u00eda (SOCHIAS)"],"articleSection":["Banner","Noticias"],"inLanguage":"es","potentialAction":[{"@type":"CommentAction","name":"Comment","target":["https:\/\/explora.cl\/lagos\/puerto-montt-sera-sede-de-la-xx-reunion-anual-de-sochias-con-actividades-abiertas-a-la-comunidad\/#respond"]}]},{"@type":"WebPage","@id":"https:\/\/explora.cl\/lagos\/puerto-montt-sera-sede-de-la-xx-reunion-anual-de-sochias-con-actividades-abiertas-a-la-comunidad\/","url":"https:\/\/explora.cl\/lagos\/puerto-montt-sera-sede-de-la-xx-reunion-anual-de-sochias-con-actividades-abiertas-a-la-comunidad\/","name":"Puerto Montt ser\u00e1 sede de la XX Reuni\u00f3n Anual de SOCHIAS con actividades abiertas a la comunidad - Los Lagos","isPartOf":{"@id":"https:\/\/explora.cl\/lagos\/#website"},"primaryImageOfPage":{"@id":"https:\/\/explora.cl\/lagos\/puerto-montt-sera-sede-de-la-xx-reunion-anual-de-sochias-con-actividades-abiertas-a-la-comunidad\/#primaryimage"},"image":{"@id":"https:\/\/explora.cl\/lagos\/puerto-montt-sera-sede-de-la-xx-reunion-anual-de-sochias-con-actividades-abiertas-a-la-comunidad\/#primaryimage"},"thumbnailUrl":"https:\/\/explora.cl\/lagos\/wp-content\/uploads\/sites\/17\/2025\/09\/BANNER-UACH-SOCHIAS-GENERICO_principal-scaled.jpg","datePublished":"2025-09-23T14:24:20+00:00","dateModified":"2025-10-29T16:50:10+00:00","author":{"@id":"https:\/\/explora.cl\/lagos\/#\/schema\/person\/6608d3ee9ea0b0daeaf12289528fc582"},"breadcrumb":{"@id":"https:\/\/explora.cl\/lagos\/puerto-montt-sera-sede-de-la-xx-reunion-anual-de-sochias-con-actividades-abiertas-a-la-comunidad\/#breadcrumb"},"inLanguage":"es","potentialAction":[{"@type":"ReadAction","target":["https:\/\/explora.cl\/lagos\/puerto-montt-sera-sede-de-la-xx-reunion-anual-de-sochias-con-actividades-abiertas-a-la-comunidad\/"]}]},{"@type":"ImageObject","inLanguage":"es","@id":"https:\/\/explora.cl\/lagos\/puerto-montt-sera-sede-de-la-xx-reunion-anual-de-sochias-con-actividades-abiertas-a-la-comunidad\/#primaryimage","url":"https:\/\/explora.cl\/lagos\/wp-content\/uploads\/sites\/17\/2025\/09\/BANNER-UACH-SOCHIAS-GENERICO_principal-scaled.jpg","contentUrl":"https:\/\/explora.cl\/lagos\/wp-content\/uploads\/sites\/17\/2025\/09\/BANNER-UACH-SOCHIAS-GENERICO_principal-scaled.jpg","width":2560,"height":887},{"@type":"BreadcrumbList","@id":"https:\/\/explora.cl\/lagos\/puerto-montt-sera-sede-de-la-xx-reunion-anual-de-sochias-con-actividades-abiertas-a-la-comunidad\/#breadcrumb","itemListElement":[{"@type":"ListItem","position":1,"name":"Portada","item":"https:\/\/explora.cl\/lagos\/"},{"@type":"ListItem","position":2,"name":"Puerto Montt ser\u00e1 sede de la XX Reuni\u00f3n Anual de SOCHIAS con actividades abiertas a la comunidad"}]},{"@type":"WebSite","@id":"https:\/\/explora.cl\/lagos\/#website","url":"https:\/\/explora.cl\/lagos\/","name":"Los Lagos","description":"Otro sitio m\u00e1s de explora.cl","potentialAction":[{"@type":"SearchAction","target":{"@type":"EntryPoint","urlTemplate":"https:\/\/explora.cl\/lagos\/?s={search_term_string}"},"query-input":{"@type":"PropertyValueSpecification","valueRequired":true,"valueName":"search_term_string"}}],"inLanguage":"es"},{"@type":"Person","@id":"https:\/\/explora.cl\/lagos\/#\/schema\/person\/6608d3ee9ea0b0daeaf12289528fc582","name":"jvargas","image":{"@type":"ImageObject","inLanguage":"es","@id":"https:\/\/explora.cl\/lagos\/#\/schema\/person\/image\/","url":"https:\/\/secure.gravatar.com\/avatar\/8a6892fbfb002ef173a244b534b4bbcea4c183fc3fbf7732e64ac89b1d22d482?s=96&d=mm&r=g","contentUrl":"https:\/\/secure.gravatar.com\/avatar\/8a6892fbfb002ef173a244b534b4bbcea4c183fc3fbf7732e64ac89b1d22d482?s=96&d=mm&r=g","caption":"jvargas"},"url":"https:\/\/explora.cl\/lagos\/author\/jvargas\/"}]}},"_links":{"self":[{"href":"https:\/\/explora.cl\/lagos\/wp-json\/wp\/v2\/posts\/42344","targetHints":{"allow":["GET"]}}],"collection":[{"href":"https:\/\/explora.cl\/lagos\/wp-json\/wp\/v2\/posts"}],"about":[{"href":"https:\/\/explora.cl\/lagos\/wp-json\/wp\/v2\/types\/post"}],"author":[{"embeddable":true,"href":"https:\/\/explora.cl\/lagos\/wp-json\/wp\/v2\/users\/36"}],"replies":[{"embeddable":true,"href":"https:\/\/explora.cl\/lagos\/wp-json\/wp\/v2\/comments?post=42344"}],"version-history":[{"count":13,"href":"https:\/\/explora.cl\/lagos\/wp-json\/wp\/v2\/posts\/42344\/revisions"}],"predecessor-version":[{"id":42363,"href":"https:\/\/explora.cl\/lagos\/wp-json\/wp\/v2\/posts\/42344\/revisions\/42363"}],"wp:featuredmedia":[{"embeddable":true,"href":"https:\/\/explora.cl\/lagos\/wp-json\/wp\/v2\/media\/42348"}],"wp:attachment":[{"href":"https:\/\/explora.cl\/lagos\/wp-json\/wp\/v2\/media?parent=42344"}],"wp:term":[{"taxonomy":"category","embeddable":true,"href":"https:\/\/explora.cl\/lagos\/wp-json\/wp\/v2\/categories?post=42344"},{"taxonomy":"post_tag","embeddable":true,"href":"https:\/\/explora.cl\/lagos\/wp-json\/wp\/v2\/tags?post=42344"}],"curies":[{"name":"wp","href":"https:\/\/api.w.org\/{rel}","templated":true}]}}