{"id":40716,"date":"2022-10-28T07:20:11","date_gmt":"2022-10-28T10:20:11","guid":{"rendered":"https:\/\/explora.cl\/lagos\/?p=40716"},"modified":"2022-11-07T10:36:47","modified_gmt":"2022-11-07T13:36:47","slug":"inscripciones-cafe-cientifico-analisis-del-debate-respecto-al-tpp-11","status":"publish","type":"post","link":"https:\/\/explora.cl\/lagos\/inscripciones-cafe-cientifico-analisis-del-debate-respecto-al-tpp-11\/","title":{"rendered":"Inscripciones Caf\u00e9 Cient\u00edfico \u00abAn\u00e1lisis del Debate respecto al TPP-11\u00bb"},"content":{"rendered":"<p>El Proyecto Asociativo Regional Explora Los Lagos, buscando que el p\u00fablico tenga la oportunidad de conocer e interactuar de forma directa con divulgadores\/as cient\u00edficos\/as destacados en distintas \u00e1reas del conocimiento, les invita a participar de la charla\u00a0 \u00abAn\u00e1lisis del Debate respecto al TPP-11\u00bb, a cargo de Pedro D\u00edaz Polanco, el d\u00eda jueves 3 de noviembre a las 18:30 hrs. en el\u00a0Restaurante Toco Madera, direcci\u00f3n\u00a0Av. Juan Soler Mandrefini esquina Liborio Guerrero,\u00a0Pelluco, Puerto Montt\u00a0.<\/p>\n<p>Puedes realizar consultas en <a href=\"mailto:rocio.bize@uach.cl\">rocio.bize@uach.cl<\/a><\/p>\n<p><a href=\"https:\/\/forms.gle\/PHYrbHb6cZzCVe3y7\" target=\"_blank\" class=\"vc-btn vc-btn-primary vc-btn-lg\">Inscripciones Caf\u00e9 Cient\u00edfico<\/a><\/p>\n","protected":false},"excerpt":{"rendered":"<p>Inscr\u00edbete ac\u00e1<\/p>\n","protected":false},"author":36,"featured_media":40717,"comment_status":"open","ping_status":"open","sticky":false,"template":"","format":"standard","meta":{"_acf_changed":false,"_exactmetrics_skip_tracking":false,"_exactmetrics_sitenote_active":false,"_exactmetrics_sitenote_note":"","_exactmetrics_sitenote_category":0,"footnotes":"","_links_to":"","_links_to_target":""},"categories":[151,137],"tags":[],"class_list":["post-40716","post","type-post","status-publish","format-standard","has-post-thumbnail","hentry","category-banner","category-lugar-2"],"acf":[],"yoast_head":"<!-- This site is optimized with the Yoast SEO plugin v26.9 - https:\/\/yoast.com\/product\/yoast-seo-wordpress\/ -->\n<title>Inscripciones Caf\u00e9 Cient\u00edfico &quot;An\u00e1lisis del Debate respecto al TPP-11&quot; - Los Lagos<\/title>\n<meta name=\"robots\" content=\"index, follow, max-snippet:-1, max-image-preview:large, max-video-preview:-1\" \/>\n<link rel=\"canonical\" href=\"https:\/\/explora.cl\/lagos\/inscripciones-cafe-cientifico-analisis-del-debate-respecto-al-tpp-11\/\" class=\"yoast-seo-meta-tag\" \/>\n<meta property=\"og:locale\" content=\"es_ES\" class=\"yoast-seo-meta-tag\" \/>\n<meta property=\"og:type\" content=\"article\" class=\"yoast-seo-meta-tag\" \/>\n<meta property=\"og:title\" content=\"Inscripciones Caf\u00e9 Cient\u00edfico &quot;An\u00e1lisis del Debate respecto al TPP-11&quot; - Los Lagos\" class=\"yoast-seo-meta-tag\" \/>\n<meta property=\"og:description\" content=\"Inscr\u00edbete ac\u00e1\" class=\"yoast-seo-meta-tag\" \/>\n<meta property=\"og:url\" content=\"https:\/\/explora.cl\/lagos\/inscripciones-cafe-cientifico-analisis-del-debate-respecto-al-tpp-11\/\" class=\"yoast-seo-meta-tag\" \/>\n<meta property=\"og:site_name\" content=\"Los Lagos\" class=\"yoast-seo-meta-tag\" \/>\n<meta property=\"article:published_time\" content=\"2022-10-28T10:20:11+00:00\" class=\"yoast-seo-meta-tag\" \/>\n<meta property=\"article:modified_time\" content=\"2022-11-07T13:36:47+00:00\" class=\"yoast-seo-meta-tag\" \/>\n<meta property=\"og:image\" content=\"https:\/\/explora.cl\/lagos\/wp-content\/uploads\/sites\/17\/2022\/10\/BANNER-WEB-EXPLORA-01.jpg\" class=\"yoast-seo-meta-tag\" \/>\n\t<meta property=\"og:image:width\" content=\"1535\" class=\"yoast-seo-meta-tag\" \/>\n\t<meta property=\"og:image:height\" content=\"878\" class=\"yoast-seo-meta-tag\" \/>\n\t<meta property=\"og:image:type\" content=\"image\/jpeg\" class=\"yoast-seo-meta-tag\" \/>\n<meta name=\"author\" content=\"jvargas\" class=\"yoast-seo-meta-tag\" \/>\n<meta name=\"twitter:card\" content=\"summary_large_image\" class=\"yoast-seo-meta-tag\" \/>\n<meta name=\"twitter:label1\" content=\"Escrito por\" class=\"yoast-seo-meta-tag\" \/>\n\t<meta name=\"twitter:data1\" content=\"jvargas\" class=\"yoast-seo-meta-tag\" \/>\n<script type=\"application\/ld+json\" class=\"yoast-schema-graph\">{\"@context\":\"https:\/\/schema.org\",\"@graph\":[{\"@type\":\"Article\",\"@id\":\"https:\/\/explora.cl\/lagos\/inscripciones-cafe-cientifico-analisis-del-debate-respecto-al-tpp-11\/#article\",\"isPartOf\":{\"@id\":\"https:\/\/explora.cl\/lagos\/inscripciones-cafe-cientifico-analisis-del-debate-respecto-al-tpp-11\/\"},\"author\":{\"name\":\"jvargas\",\"@id\":\"https:\/\/explora.cl\/lagos\/#\/schema\/person\/6608d3ee9ea0b0daeaf12289528fc582\"},\"headline\":\"Inscripciones Caf\u00e9 Cient\u00edfico \u00abAn\u00e1lisis del Debate respecto al TPP-11\u00bb\",\"datePublished\":\"2022-10-28T10:20:11+00:00\",\"dateModified\":\"2022-11-07T13:36:47+00:00\",\"mainEntityOfPage\":{\"@id\":\"https:\/\/explora.cl\/lagos\/inscripciones-cafe-cientifico-analisis-del-debate-respecto-al-tpp-11\/\"},\"wordCount\":104,\"commentCount\":0,\"image\":{\"@id\":\"https:\/\/explora.cl\/lagos\/inscripciones-cafe-cientifico-analisis-del-debate-respecto-al-tpp-11\/#primaryimage\"},\"thumbnailUrl\":\"https:\/\/explora.cl\/lagos\/wp-content\/uploads\/sites\/17\/2022\/10\/BANNER-WEB-EXPLORA-01.jpg\",\"articleSection\":[\"Banner\",\"Lugar 2\"],\"inLanguage\":\"es\",\"potentialAction\":[{\"@type\":\"CommentAction\",\"name\":\"Comment\",\"target\":[\"https:\/\/explora.cl\/lagos\/inscripciones-cafe-cientifico-analisis-del-debate-respecto-al-tpp-11\/#respond\"]}]},{\"@type\":\"WebPage\",\"@id\":\"https:\/\/explora.cl\/lagos\/inscripciones-cafe-cientifico-analisis-del-debate-respecto-al-tpp-11\/\",\"url\":\"https:\/\/explora.cl\/lagos\/inscripciones-cafe-cientifico-analisis-del-debate-respecto-al-tpp-11\/\",\"name\":\"Inscripciones Caf\u00e9 Cient\u00edfico \\\"An\u00e1lisis del Debate respecto al TPP-11\\\" - Los Lagos\",\"isPartOf\":{\"@id\":\"https:\/\/explora.cl\/lagos\/#website\"},\"primaryImageOfPage\":{\"@id\":\"https:\/\/explora.cl\/lagos\/inscripciones-cafe-cientifico-analisis-del-debate-respecto-al-tpp-11\/#primaryimage\"},\"image\":{\"@id\":\"https:\/\/explora.cl\/lagos\/inscripciones-cafe-cientifico-analisis-del-debate-respecto-al-tpp-11\/#primaryimage\"},\"thumbnailUrl\":\"https:\/\/explora.cl\/lagos\/wp-content\/uploads\/sites\/17\/2022\/10\/BANNER-WEB-EXPLORA-01.jpg\",\"datePublished\":\"2022-10-28T10:20:11+00:00\",\"dateModified\":\"2022-11-07T13:36:47+00:00\",\"author\":{\"@id\":\"https:\/\/explora.cl\/lagos\/#\/schema\/person\/6608d3ee9ea0b0daeaf12289528fc582\"},\"breadcrumb\":{\"@id\":\"https:\/\/explora.cl\/lagos\/inscripciones-cafe-cientifico-analisis-del-debate-respecto-al-tpp-11\/#breadcrumb\"},\"inLanguage\":\"es\",\"potentialAction\":[{\"@type\":\"ReadAction\",\"target\":[\"https:\/\/explora.cl\/lagos\/inscripciones-cafe-cientifico-analisis-del-debate-respecto-al-tpp-11\/\"]}]},{\"@type\":\"ImageObject\",\"inLanguage\":\"es\",\"@id\":\"https:\/\/explora.cl\/lagos\/inscripciones-cafe-cientifico-analisis-del-debate-respecto-al-tpp-11\/#primaryimage\",\"url\":\"https:\/\/explora.cl\/lagos\/wp-content\/uploads\/sites\/17\/2022\/10\/BANNER-WEB-EXPLORA-01.jpg\",\"contentUrl\":\"https:\/\/explora.cl\/lagos\/wp-content\/uploads\/sites\/17\/2022\/10\/BANNER-WEB-EXPLORA-01.jpg\",\"width\":1535,\"height\":878},{\"@type\":\"BreadcrumbList\",\"@id\":\"https:\/\/explora.cl\/lagos\/inscripciones-cafe-cientifico-analisis-del-debate-respecto-al-tpp-11\/#breadcrumb\",\"itemListElement\":[{\"@type\":\"ListItem\",\"position\":1,\"name\":\"Portada\",\"item\":\"https:\/\/explora.cl\/lagos\/\"},{\"@type\":\"ListItem\",\"position\":2,\"name\":\"Inscripciones Caf\u00e9 Cient\u00edfico \u00abAn\u00e1lisis del Debate respecto al TPP-11\u00bb\"}]},{\"@type\":\"WebSite\",\"@id\":\"https:\/\/explora.cl\/lagos\/#website\",\"url\":\"https:\/\/explora.cl\/lagos\/\",\"name\":\"Los Lagos\",\"description\":\"Otro sitio m\u00e1s de explora.cl\",\"potentialAction\":[{\"@type\":\"SearchAction\",\"target\":{\"@type\":\"EntryPoint\",\"urlTemplate\":\"https:\/\/explora.cl\/lagos\/?s={search_term_string}\"},\"query-input\":{\"@type\":\"PropertyValueSpecification\",\"valueRequired\":true,\"valueName\":\"search_term_string\"}}],\"inLanguage\":\"es\"},{\"@type\":\"Person\",\"@id\":\"https:\/\/explora.cl\/lagos\/#\/schema\/person\/6608d3ee9ea0b0daeaf12289528fc582\",\"name\":\"jvargas\",\"image\":{\"@type\":\"ImageObject\",\"inLanguage\":\"es\",\"@id\":\"https:\/\/explora.cl\/lagos\/#\/schema\/person\/image\/\",\"url\":\"https:\/\/secure.gravatar.com\/avatar\/8a6892fbfb002ef173a244b534b4bbcea4c183fc3fbf7732e64ac89b1d22d482?s=96&d=mm&r=g\",\"contentUrl\":\"https:\/\/secure.gravatar.com\/avatar\/8a6892fbfb002ef173a244b534b4bbcea4c183fc3fbf7732e64ac89b1d22d482?s=96&d=mm&r=g\",\"caption\":\"jvargas\"},\"url\":\"https:\/\/explora.cl\/lagos\/author\/jvargas\/\"}]}<\/script>\n<!-- \/ Yoast SEO plugin. -->","yoast_head_json":{"title":"Inscripciones Caf\u00e9 Cient\u00edfico \"An\u00e1lisis del Debate respecto al TPP-11\" - Los Lagos","robots":{"index":"index","follow":"follow","max-snippet":"max-snippet:-1","max-image-preview":"max-image-preview:large","max-video-preview":"max-video-preview:-1"},"canonical":"https:\/\/explora.cl\/lagos\/inscripciones-cafe-cientifico-analisis-del-debate-respecto-al-tpp-11\/","og_locale":"es_ES","og_type":"article","og_title":"Inscripciones Caf\u00e9 Cient\u00edfico \"An\u00e1lisis del Debate respecto al TPP-11\" - Los Lagos","og_description":"Inscr\u00edbete ac\u00e1","og_url":"https:\/\/explora.cl\/lagos\/inscripciones-cafe-cientifico-analisis-del-debate-respecto-al-tpp-11\/","og_site_name":"Los Lagos","article_published_time":"2022-10-28T10:20:11+00:00","article_modified_time":"2022-11-07T13:36:47+00:00","og_image":[{"width":1535,"height":878,"url":"https:\/\/explora.cl\/lagos\/wp-content\/uploads\/sites\/17\/2022\/10\/BANNER-WEB-EXPLORA-01.jpg","type":"image\/jpeg"}],"author":"jvargas","twitter_card":"summary_large_image","twitter_misc":{"Escrito por":"jvargas"},"schema":{"@context":"https:\/\/schema.org","@graph":[{"@type":"Article","@id":"https:\/\/explora.cl\/lagos\/inscripciones-cafe-cientifico-analisis-del-debate-respecto-al-tpp-11\/#article","isPartOf":{"@id":"https:\/\/explora.cl\/lagos\/inscripciones-cafe-cientifico-analisis-del-debate-respecto-al-tpp-11\/"},"author":{"name":"jvargas","@id":"https:\/\/explora.cl\/lagos\/#\/schema\/person\/6608d3ee9ea0b0daeaf12289528fc582"},"headline":"Inscripciones Caf\u00e9 Cient\u00edfico \u00abAn\u00e1lisis del Debate respecto al TPP-11\u00bb","datePublished":"2022-10-28T10:20:11+00:00","dateModified":"2022-11-07T13:36:47+00:00","mainEntityOfPage":{"@id":"https:\/\/explora.cl\/lagos\/inscripciones-cafe-cientifico-analisis-del-debate-respecto-al-tpp-11\/"},"wordCount":104,"commentCount":0,"image":{"@id":"https:\/\/explora.cl\/lagos\/inscripciones-cafe-cientifico-analisis-del-debate-respecto-al-tpp-11\/#primaryimage"},"thumbnailUrl":"https:\/\/explora.cl\/lagos\/wp-content\/uploads\/sites\/17\/2022\/10\/BANNER-WEB-EXPLORA-01.jpg","articleSection":["Banner","Lugar 2"],"inLanguage":"es","potentialAction":[{"@type":"CommentAction","name":"Comment","target":["https:\/\/explora.cl\/lagos\/inscripciones-cafe-cientifico-analisis-del-debate-respecto-al-tpp-11\/#respond"]}]},{"@type":"WebPage","@id":"https:\/\/explora.cl\/lagos\/inscripciones-cafe-cientifico-analisis-del-debate-respecto-al-tpp-11\/","url":"https:\/\/explora.cl\/lagos\/inscripciones-cafe-cientifico-analisis-del-debate-respecto-al-tpp-11\/","name":"Inscripciones Caf\u00e9 Cient\u00edfico \"An\u00e1lisis del Debate respecto al TPP-11\" - Los Lagos","isPartOf":{"@id":"https:\/\/explora.cl\/lagos\/#website"},"primaryImageOfPage":{"@id":"https:\/\/explora.cl\/lagos\/inscripciones-cafe-cientifico-analisis-del-debate-respecto-al-tpp-11\/#primaryimage"},"image":{"@id":"https:\/\/explora.cl\/lagos\/inscripciones-cafe-cientifico-analisis-del-debate-respecto-al-tpp-11\/#primaryimage"},"thumbnailUrl":"https:\/\/explora.cl\/lagos\/wp-content\/uploads\/sites\/17\/2022\/10\/BANNER-WEB-EXPLORA-01.jpg","datePublished":"2022-10-28T10:20:11+00:00","dateModified":"2022-11-07T13:36:47+00:00","author":{"@id":"https:\/\/explora.cl\/lagos\/#\/schema\/person\/6608d3ee9ea0b0daeaf12289528fc582"},"breadcrumb":{"@id":"https:\/\/explora.cl\/lagos\/inscripciones-cafe-cientifico-analisis-del-debate-respecto-al-tpp-11\/#breadcrumb"},"inLanguage":"es","potentialAction":[{"@type":"ReadAction","target":["https:\/\/explora.cl\/lagos\/inscripciones-cafe-cientifico-analisis-del-debate-respecto-al-tpp-11\/"]}]},{"@type":"ImageObject","inLanguage":"es","@id":"https:\/\/explora.cl\/lagos\/inscripciones-cafe-cientifico-analisis-del-debate-respecto-al-tpp-11\/#primaryimage","url":"https:\/\/explora.cl\/lagos\/wp-content\/uploads\/sites\/17\/2022\/10\/BANNER-WEB-EXPLORA-01.jpg","contentUrl":"https:\/\/explora.cl\/lagos\/wp-content\/uploads\/sites\/17\/2022\/10\/BANNER-WEB-EXPLORA-01.jpg","width":1535,"height":878},{"@type":"BreadcrumbList","@id":"https:\/\/explora.cl\/lagos\/inscripciones-cafe-cientifico-analisis-del-debate-respecto-al-tpp-11\/#breadcrumb","itemListElement":[{"@type":"ListItem","position":1,"name":"Portada","item":"https:\/\/explora.cl\/lagos\/"},{"@type":"ListItem","position":2,"name":"Inscripciones Caf\u00e9 Cient\u00edfico \u00abAn\u00e1lisis del Debate respecto al TPP-11\u00bb"}]},{"@type":"WebSite","@id":"https:\/\/explora.cl\/lagos\/#website","url":"https:\/\/explora.cl\/lagos\/","name":"Los Lagos","description":"Otro sitio m\u00e1s de explora.cl","potentialAction":[{"@type":"SearchAction","target":{"@type":"EntryPoint","urlTemplate":"https:\/\/explora.cl\/lagos\/?s={search_term_string}"},"query-input":{"@type":"PropertyValueSpecification","valueRequired":true,"valueName":"search_term_string"}}],"inLanguage":"es"},{"@type":"Person","@id":"https:\/\/explora.cl\/lagos\/#\/schema\/person\/6608d3ee9ea0b0daeaf12289528fc582","name":"jvargas","image":{"@type":"ImageObject","inLanguage":"es","@id":"https:\/\/explora.cl\/lagos\/#\/schema\/person\/image\/","url":"https:\/\/secure.gravatar.com\/avatar\/8a6892fbfb002ef173a244b534b4bbcea4c183fc3fbf7732e64ac89b1d22d482?s=96&d=mm&r=g","contentUrl":"https:\/\/secure.gravatar.com\/avatar\/8a6892fbfb002ef173a244b534b4bbcea4c183fc3fbf7732e64ac89b1d22d482?s=96&d=mm&r=g","caption":"jvargas"},"url":"https:\/\/explora.cl\/lagos\/author\/jvargas\/"}]}},"_links":{"self":[{"href":"https:\/\/explora.cl\/lagos\/wp-json\/wp\/v2\/posts\/40716","targetHints":{"allow":["GET"]}}],"collection":[{"href":"https:\/\/explora.cl\/lagos\/wp-json\/wp\/v2\/posts"}],"about":[{"href":"https:\/\/explora.cl\/lagos\/wp-json\/wp\/v2\/types\/post"}],"author":[{"embeddable":true,"href":"https:\/\/explora.cl\/lagos\/wp-json\/wp\/v2\/users\/36"}],"replies":[{"embeddable":true,"href":"https:\/\/explora.cl\/lagos\/wp-json\/wp\/v2\/comments?post=40716"}],"version-history":[{"count":3,"href":"https:\/\/explora.cl\/lagos\/wp-json\/wp\/v2\/posts\/40716\/revisions"}],"predecessor-version":[{"id":40720,"href":"https:\/\/explora.cl\/lagos\/wp-json\/wp\/v2\/posts\/40716\/revisions\/40720"}],"wp:featuredmedia":[{"embeddable":true,"href":"https:\/\/explora.cl\/lagos\/wp-json\/wp\/v2\/media\/40717"}],"wp:attachment":[{"href":"https:\/\/explora.cl\/lagos\/wp-json\/wp\/v2\/media?parent=40716"}],"wp:term":[{"taxonomy":"category","embeddable":true,"href":"https:\/\/explora.cl\/lagos\/wp-json\/wp\/v2\/categories?post=40716"},{"taxonomy":"post_tag","embeddable":true,"href":"https:\/\/explora.cl\/lagos\/wp-json\/wp\/v2\/tags?post=40716"}],"curies":[{"name":"wp","href":"https:\/\/api.w.org\/{rel}","templated":true}]}}