{"id":40614,"date":"2022-07-22T17:17:16","date_gmt":"2022-07-22T21:17:16","guid":{"rendered":"https:\/\/explora.cl\/lagos\/?p=40614"},"modified":"2022-09-15T17:13:40","modified_gmt":"2022-09-15T20:13:40","slug":"instituciones-feci-loslagos","status":"publish","type":"post","link":"https:\/\/explora.cl\/lagos\/instituciones-feci-loslagos\/","title":{"rendered":"Convocatoria a instituciones FECI Los Lagos 2022"},"content":{"rendered":"<p><span lang=\"es\"><span data-ogsc=\"black\">El <\/span><\/span><b>Proyecto Asociativo Regional PAR Explora Los Lagos del Ministerio de Ciencia, Tecnolog\u00eda, Conocimiento e Innovaci\u00f3n (CTCI)<\/b><span lang=\"es\" data-ogsc=\"black\">, ejecutado por la\u00a0<b>Universidad Austral de Chile Sede Puerto Montt<\/b>, le invita a participar del\u00a0<\/span><b>Festival de las Ciencias (FECI), actividad de car\u00e1cter p\u00fablico, a realizarse entre los d\u00edas 4 y 7 de octubre 2022<\/b><span data-ogsc=\"rgb(68, 114, 196)\">\u00a0<\/span><span lang=\"es\" data-ogsc=\"black\">en la Regi\u00f3n de Los Lagos.<\/span><\/p>\n<p><span lang=\"es\" data-ogsc=\"black\">Este evento busca<\/span><span lang=\"es\">\u00a0<span data-ogsc=\"black\">posicionar la CTCI en el imaginario colectivo como parte de la cultura local y promover su apropiaci\u00f3n en la regi\u00f3n.<\/span><\/span><\/p>\n<p><span lang=\"es\" data-ogsc=\"black\">Para ello, este 2022 el Festival convoca a las <b>instituciones p\u00fablicas y privadas<\/b>\u00a0de la regi\u00f3n a\u00a0<\/span><b><span lang=\"es\">participar<span data-ogsc=\"black\">\u00a0en\u00a0<\/span>la implementaci\u00f3n\u00a0<span data-ogsc=\"black\">de actividades<\/span><\/span><\/b><span lang=\"es\" data-ogsc=\"black\">\u00a0<\/span><span lang=\"es\">con enfoque tem\u00e1tico\u00a0<span data-ogsc=\"black\">que contribuyan a enfrentar el actual cambio clim\u00e1tico desde una\u00a0<b>mirada ecosist\u00e9mica<\/b>, con\u00a0<b>pertinencia territorial<\/b>, prestando especial atenci\u00f3n a uno de los elementos m\u00e1s sensibles a la crisis: el\u00a0<\/span><\/span><b>AGUA<\/b><b><span lang=\"es\" data-ogsc=\"black\">.<\/span><\/b><\/p>\n<p><span lang=\"es\" data-ogsc=\"black\">Les invitamos a poner en valor nuestro\u00a0<b>patrimonio h\u00eddrico<\/b>, conocer sus vulnerabilidades, difundir las estrategias y pr\u00e1cticas culturales que se impulsan para enfrentar el cambio clim\u00e1tico, y en particular la escasez h\u00eddrica, destacando la investigaci\u00f3n cient\u00edfica aplicada e incentivando a la ciudadan\u00eda a reconectarse con la naturaleza y los ecosistemas de los que formamos parte.<\/span><\/p>\n<p><span lang=\"es\" data-ogsc=\"black\">\u00a0<\/span><span lang=\"es\">Esta celebraci\u00f3n contempla dos programas:<\/span><\/p>\n<p><span lang=\"es\">\u00a0<\/span><b>&#8211; Fiesta de las Ciencias FECI 2022<\/b>:\u00a0<span lang=\"es\">consiste en stands interactivos montados en el Centro de Eventos Arena Puerto Montt entre los d\u00edas 5 y 6 de octubre, donde el p\u00fablico general podr\u00e1 experimentar de forma\u00a0<b>did\u00e1ctica,<\/b>\u00a0<b>l\u00fadica y formativa<\/b>, los contenidos desarrollados por cada instituci\u00f3n vinculados al fen\u00f3meno global del cambio clim\u00e1tico: sus causas, consecuencias, acciones mitigadoras y restauradoras, procesos sociales de adaptaci\u00f3n, entre otros. En este espacio tambi\u00e9n se desarrollar\u00e1n talleres did\u00e1cticos y actos art\u00edsticos.<\/span><span lang=\"es\">\u00a0<\/span><\/p>\n<p><b>&#8211; Puertas Abiertas FECI 2022:<\/b><span data-ogsc=\"rgb(68, 114, 196)\">\u00a0<\/span><span lang=\"es\" data-ogsc=\"black\">consiste en la\u00a0<b>divulgaci\u00f3n de contenidos cient\u00edficos y tecnol\u00f3gicos<\/b>, donde la ciudadan\u00eda es invitada a conocer los diferentes\u00a0<\/span><b>Laboratorios, Museos, y Parques de la regi\u00f3n<\/b><span lang=\"es\" data-ogsc=\"black\">\u00a0a trav\u00e9s de visitas guiadas por los especialistas de cada instituci\u00f3n, los d\u00edas\u00a0<b>martes 4 y viernes 7 de octubre.<\/b>\u00a0Una experiencia did\u00e1ctica, l\u00fadica y formativa, que invite a la audiencia a indagar y reflexionar sobre el cambio clim\u00e1tico.<\/span><span lang=\"es\" data-ogsc=\"red\">\u00a0<\/span><\/p>\n<p><span lang=\"es\" data-ogsc=\"black\">Este programa compromete el\u00a0<b>trabajo conjunto<\/b>\u00a0entre las instituciones interesadas y PAR Explora Los Lagos, donde el PAR es facilitador del proceso, de la convocatoria y difusi\u00f3n de la actividad, as\u00ed como de la gesti\u00f3n de los espacios.<\/span><span lang=\"es\" data-ogsc=\"black\">\u00a0<\/span><\/p>\n<p><span lang=\"es\" data-ogsc=\"black\">Para las y los interesados, realizaremos una reuni\u00f3n inicial el <\/span><b><u>martes 9 de agosto a las 15 horas<\/u><\/b><b>\u00a0en el Campus Dos Esteros de la Sede Puerto Montt de la Universidad Austral.<\/b><b><span data-ogsc=\"rgb(68, 114, 196)\">\u00a0<\/span><\/b><span lang=\"es\" data-ogsc=\"black\">En este espacio compartiremos las experiencias de a\u00f1os anteriores, les presentaremos la parrilla program\u00e1tica del FECI 2022. Conversaremos sobre las formas de trabajo que implica el proceso colaborativo de dise\u00f1o, las etapas a abordar, los tiempos de ejecuci\u00f3n, los espacios disponibles y requerimientos espec\u00edficos, roles y responsabilidades a compartir.<\/span><\/p>\n<p><span lang=\"es\" data-ogsc=\"black\">Si su instituci\u00f3n est\u00e1 interesada en participar, las y los invitamos a inscribirse en el siguiente link disponible\u00a0<b>hasta el viernes 05 de agosto<u>\u00a0<\/u><\/b><\/span><b><span lang=\"es\"><a href=\"https:\/\/forms.gle\/UxV93Wp9qPr7P4838\" target=\"_blank\" rel=\"noopener noreferrer\" data-auth=\"NotApplicable\" data-linkindex=\"1\" data-ogsc=\"\">https:\/\/forms.gle\/UxV93Wp9qPr7P4838<\/a><\/span><\/b><\/p>\n<p><span lang=\"es\" data-ogsc=\"black\">Ante cualquier duda pueden comunicarse con:\u00a0<b>Roc\u00edo Bize Rovira<\/b>, encargada del \u00c1rea de Ciencia P\u00fablica Explora Los Lagos a\u00a0<\/span><b><span lang=\"es\"><a href=\"mailto:rocio.bize@uach.cl\" target=\"_blank\" rel=\"noopener noreferrer\" data-auth=\"NotApplicable\" data-linkindex=\"3\" data-ogsc=\"\"><span data-ogsc=\"windowtext\">rocio.bize@uach.cl<\/span><\/a><\/span><\/b><b><span lang=\"es\" data-ogsc=\"black\">\u00a0<\/span><\/b><span lang=\"es\" data-ogsc=\"black\">\u00a0o al celular\u00a0<b>+569 91566612<\/b><\/span><\/p>\n","protected":false},"excerpt":{"rendered":"<p>Convocatoria abierta a instituciones a formar parte del FECI Los Lagos 2022<\/p>\n","protected":false},"author":36,"featured_media":40615,"comment_status":"open","ping_status":"open","sticky":false,"template":"","format":"standard","meta":{"_acf_changed":false,"_exactmetrics_skip_tracking":false,"_exactmetrics_sitenote_active":false,"_exactmetrics_sitenote_note":"","_exactmetrics_sitenote_category":0,"footnotes":"","_links_to":"","_links_to_target":""},"categories":[151],"tags":[],"class_list":["post-40614","post","type-post","status-publish","format-standard","has-post-thumbnail","hentry","category-banner"],"acf":[],"yoast_head":"<!-- This site is optimized with the Yoast SEO plugin v26.9 - https:\/\/yoast.com\/product\/yoast-seo-wordpress\/ -->\n<title>Convocatoria a instituciones FECI Los Lagos 2022 - Los Lagos<\/title>\n<meta name=\"robots\" content=\"index, follow, max-snippet:-1, max-image-preview:large, max-video-preview:-1\" \/>\n<link rel=\"canonical\" href=\"https:\/\/explora.cl\/lagos\/instituciones-feci-loslagos\/\" class=\"yoast-seo-meta-tag\" \/>\n<meta property=\"og:locale\" content=\"es_ES\" class=\"yoast-seo-meta-tag\" \/>\n<meta property=\"og:type\" content=\"article\" class=\"yoast-seo-meta-tag\" \/>\n<meta property=\"og:title\" content=\"Convocatoria a instituciones FECI Los Lagos 2022 - Los Lagos\" class=\"yoast-seo-meta-tag\" \/>\n<meta property=\"og:description\" content=\"Convocatoria abierta a instituciones a formar parte del FECI Los Lagos 2022\" class=\"yoast-seo-meta-tag\" \/>\n<meta property=\"og:url\" content=\"https:\/\/explora.cl\/lagos\/instituciones-feci-loslagos\/\" class=\"yoast-seo-meta-tag\" \/>\n<meta property=\"og:site_name\" content=\"Los Lagos\" class=\"yoast-seo-meta-tag\" \/>\n<meta property=\"article:published_time\" content=\"2022-07-22T21:17:16+00:00\" class=\"yoast-seo-meta-tag\" \/>\n<meta property=\"article:modified_time\" content=\"2022-09-15T20:13:40+00:00\" class=\"yoast-seo-meta-tag\" \/>\n<meta property=\"og:image\" content=\"https:\/\/explora.cl\/lagos\/wp-content\/uploads\/sites\/17\/2022\/07\/BANNER-WEB-EXPLORA-copia-01.png\" class=\"yoast-seo-meta-tag\" \/>\n\t<meta property=\"og:image:width\" content=\"3069\" class=\"yoast-seo-meta-tag\" \/>\n\t<meta property=\"og:image:height\" content=\"1755\" class=\"yoast-seo-meta-tag\" \/>\n\t<meta property=\"og:image:type\" content=\"image\/png\" class=\"yoast-seo-meta-tag\" \/>\n<meta name=\"author\" content=\"jvargas\" class=\"yoast-seo-meta-tag\" \/>\n<meta name=\"twitter:card\" content=\"summary_large_image\" class=\"yoast-seo-meta-tag\" \/>\n<meta name=\"twitter:label1\" content=\"Escrito por\" class=\"yoast-seo-meta-tag\" \/>\n\t<meta name=\"twitter:data1\" content=\"jvargas\" class=\"yoast-seo-meta-tag\" \/>\n\t<meta name=\"twitter:label2\" content=\"Tiempo de lectura\" class=\"yoast-seo-meta-tag\" \/>\n\t<meta name=\"twitter:data2\" content=\"3 minutos\" class=\"yoast-seo-meta-tag\" \/>\n<script type=\"application\/ld+json\" class=\"yoast-schema-graph\">{\"@context\":\"https:\/\/schema.org\",\"@graph\":[{\"@type\":\"Article\",\"@id\":\"https:\/\/explora.cl\/lagos\/instituciones-feci-loslagos\/#article\",\"isPartOf\":{\"@id\":\"https:\/\/explora.cl\/lagos\/instituciones-feci-loslagos\/\"},\"author\":{\"name\":\"jvargas\",\"@id\":\"https:\/\/explora.cl\/lagos\/#\/schema\/person\/6608d3ee9ea0b0daeaf12289528fc582\"},\"headline\":\"Convocatoria a instituciones FECI Los Lagos 2022\",\"datePublished\":\"2022-07-22T21:17:16+00:00\",\"dateModified\":\"2022-09-15T20:13:40+00:00\",\"mainEntityOfPage\":{\"@id\":\"https:\/\/explora.cl\/lagos\/instituciones-feci-loslagos\/\"},\"wordCount\":569,\"commentCount\":0,\"image\":{\"@id\":\"https:\/\/explora.cl\/lagos\/instituciones-feci-loslagos\/#primaryimage\"},\"thumbnailUrl\":\"https:\/\/explora.cl\/lagos\/wp-content\/uploads\/sites\/17\/2022\/07\/BANNER-WEB-EXPLORA-copia-01.png\",\"articleSection\":[\"Banner\"],\"inLanguage\":\"es\",\"potentialAction\":[{\"@type\":\"CommentAction\",\"name\":\"Comment\",\"target\":[\"https:\/\/explora.cl\/lagos\/instituciones-feci-loslagos\/#respond\"]}]},{\"@type\":\"WebPage\",\"@id\":\"https:\/\/explora.cl\/lagos\/instituciones-feci-loslagos\/\",\"url\":\"https:\/\/explora.cl\/lagos\/instituciones-feci-loslagos\/\",\"name\":\"Convocatoria a instituciones FECI Los Lagos 2022 - Los Lagos\",\"isPartOf\":{\"@id\":\"https:\/\/explora.cl\/lagos\/#website\"},\"primaryImageOfPage\":{\"@id\":\"https:\/\/explora.cl\/lagos\/instituciones-feci-loslagos\/#primaryimage\"},\"image\":{\"@id\":\"https:\/\/explora.cl\/lagos\/instituciones-feci-loslagos\/#primaryimage\"},\"thumbnailUrl\":\"https:\/\/explora.cl\/lagos\/wp-content\/uploads\/sites\/17\/2022\/07\/BANNER-WEB-EXPLORA-copia-01.png\",\"datePublished\":\"2022-07-22T21:17:16+00:00\",\"dateModified\":\"2022-09-15T20:13:40+00:00\",\"author\":{\"@id\":\"https:\/\/explora.cl\/lagos\/#\/schema\/person\/6608d3ee9ea0b0daeaf12289528fc582\"},\"breadcrumb\":{\"@id\":\"https:\/\/explora.cl\/lagos\/instituciones-feci-loslagos\/#breadcrumb\"},\"inLanguage\":\"es\",\"potentialAction\":[{\"@type\":\"ReadAction\",\"target\":[\"https:\/\/explora.cl\/lagos\/instituciones-feci-loslagos\/\"]}]},{\"@type\":\"ImageObject\",\"inLanguage\":\"es\",\"@id\":\"https:\/\/explora.cl\/lagos\/instituciones-feci-loslagos\/#primaryimage\",\"url\":\"https:\/\/explora.cl\/lagos\/wp-content\/uploads\/sites\/17\/2022\/07\/BANNER-WEB-EXPLORA-copia-01.png\",\"contentUrl\":\"https:\/\/explora.cl\/lagos\/wp-content\/uploads\/sites\/17\/2022\/07\/BANNER-WEB-EXPLORA-copia-01.png\",\"width\":3069,\"height\":1755},{\"@type\":\"BreadcrumbList\",\"@id\":\"https:\/\/explora.cl\/lagos\/instituciones-feci-loslagos\/#breadcrumb\",\"itemListElement\":[{\"@type\":\"ListItem\",\"position\":1,\"name\":\"Portada\",\"item\":\"https:\/\/explora.cl\/lagos\/\"},{\"@type\":\"ListItem\",\"position\":2,\"name\":\"Convocatoria a instituciones FECI Los Lagos 2022\"}]},{\"@type\":\"WebSite\",\"@id\":\"https:\/\/explora.cl\/lagos\/#website\",\"url\":\"https:\/\/explora.cl\/lagos\/\",\"name\":\"Los Lagos\",\"description\":\"Otro sitio m\u00e1s de explora.cl\",\"potentialAction\":[{\"@type\":\"SearchAction\",\"target\":{\"@type\":\"EntryPoint\",\"urlTemplate\":\"https:\/\/explora.cl\/lagos\/?s={search_term_string}\"},\"query-input\":{\"@type\":\"PropertyValueSpecification\",\"valueRequired\":true,\"valueName\":\"search_term_string\"}}],\"inLanguage\":\"es\"},{\"@type\":\"Person\",\"@id\":\"https:\/\/explora.cl\/lagos\/#\/schema\/person\/6608d3ee9ea0b0daeaf12289528fc582\",\"name\":\"jvargas\",\"image\":{\"@type\":\"ImageObject\",\"inLanguage\":\"es\",\"@id\":\"https:\/\/explora.cl\/lagos\/#\/schema\/person\/image\/\",\"url\":\"https:\/\/secure.gravatar.com\/avatar\/8a6892fbfb002ef173a244b534b4bbcea4c183fc3fbf7732e64ac89b1d22d482?s=96&d=mm&r=g\",\"contentUrl\":\"https:\/\/secure.gravatar.com\/avatar\/8a6892fbfb002ef173a244b534b4bbcea4c183fc3fbf7732e64ac89b1d22d482?s=96&d=mm&r=g\",\"caption\":\"jvargas\"},\"url\":\"https:\/\/explora.cl\/lagos\/author\/jvargas\/\"}]}<\/script>\n<!-- \/ Yoast SEO plugin. -->","yoast_head_json":{"title":"Convocatoria a instituciones FECI Los Lagos 2022 - Los Lagos","robots":{"index":"index","follow":"follow","max-snippet":"max-snippet:-1","max-image-preview":"max-image-preview:large","max-video-preview":"max-video-preview:-1"},"canonical":"https:\/\/explora.cl\/lagos\/instituciones-feci-loslagos\/","og_locale":"es_ES","og_type":"article","og_title":"Convocatoria a instituciones FECI Los Lagos 2022 - Los Lagos","og_description":"Convocatoria abierta a instituciones a formar parte del FECI Los Lagos 2022","og_url":"https:\/\/explora.cl\/lagos\/instituciones-feci-loslagos\/","og_site_name":"Los Lagos","article_published_time":"2022-07-22T21:17:16+00:00","article_modified_time":"2022-09-15T20:13:40+00:00","og_image":[{"width":3069,"height":1755,"url":"https:\/\/explora.cl\/lagos\/wp-content\/uploads\/sites\/17\/2022\/07\/BANNER-WEB-EXPLORA-copia-01.png","type":"image\/png"}],"author":"jvargas","twitter_card":"summary_large_image","twitter_misc":{"Escrito por":"jvargas","Tiempo de lectura":"3 minutos"},"schema":{"@context":"https:\/\/schema.org","@graph":[{"@type":"Article","@id":"https:\/\/explora.cl\/lagos\/instituciones-feci-loslagos\/#article","isPartOf":{"@id":"https:\/\/explora.cl\/lagos\/instituciones-feci-loslagos\/"},"author":{"name":"jvargas","@id":"https:\/\/explora.cl\/lagos\/#\/schema\/person\/6608d3ee9ea0b0daeaf12289528fc582"},"headline":"Convocatoria a instituciones FECI Los Lagos 2022","datePublished":"2022-07-22T21:17:16+00:00","dateModified":"2022-09-15T20:13:40+00:00","mainEntityOfPage":{"@id":"https:\/\/explora.cl\/lagos\/instituciones-feci-loslagos\/"},"wordCount":569,"commentCount":0,"image":{"@id":"https:\/\/explora.cl\/lagos\/instituciones-feci-loslagos\/#primaryimage"},"thumbnailUrl":"https:\/\/explora.cl\/lagos\/wp-content\/uploads\/sites\/17\/2022\/07\/BANNER-WEB-EXPLORA-copia-01.png","articleSection":["Banner"],"inLanguage":"es","potentialAction":[{"@type":"CommentAction","name":"Comment","target":["https:\/\/explora.cl\/lagos\/instituciones-feci-loslagos\/#respond"]}]},{"@type":"WebPage","@id":"https:\/\/explora.cl\/lagos\/instituciones-feci-loslagos\/","url":"https:\/\/explora.cl\/lagos\/instituciones-feci-loslagos\/","name":"Convocatoria a instituciones FECI Los Lagos 2022 - Los Lagos","isPartOf":{"@id":"https:\/\/explora.cl\/lagos\/#website"},"primaryImageOfPage":{"@id":"https:\/\/explora.cl\/lagos\/instituciones-feci-loslagos\/#primaryimage"},"image":{"@id":"https:\/\/explora.cl\/lagos\/instituciones-feci-loslagos\/#primaryimage"},"thumbnailUrl":"https:\/\/explora.cl\/lagos\/wp-content\/uploads\/sites\/17\/2022\/07\/BANNER-WEB-EXPLORA-copia-01.png","datePublished":"2022-07-22T21:17:16+00:00","dateModified":"2022-09-15T20:13:40+00:00","author":{"@id":"https:\/\/explora.cl\/lagos\/#\/schema\/person\/6608d3ee9ea0b0daeaf12289528fc582"},"breadcrumb":{"@id":"https:\/\/explora.cl\/lagos\/instituciones-feci-loslagos\/#breadcrumb"},"inLanguage":"es","potentialAction":[{"@type":"ReadAction","target":["https:\/\/explora.cl\/lagos\/instituciones-feci-loslagos\/"]}]},{"@type":"ImageObject","inLanguage":"es","@id":"https:\/\/explora.cl\/lagos\/instituciones-feci-loslagos\/#primaryimage","url":"https:\/\/explora.cl\/lagos\/wp-content\/uploads\/sites\/17\/2022\/07\/BANNER-WEB-EXPLORA-copia-01.png","contentUrl":"https:\/\/explora.cl\/lagos\/wp-content\/uploads\/sites\/17\/2022\/07\/BANNER-WEB-EXPLORA-copia-01.png","width":3069,"height":1755},{"@type":"BreadcrumbList","@id":"https:\/\/explora.cl\/lagos\/instituciones-feci-loslagos\/#breadcrumb","itemListElement":[{"@type":"ListItem","position":1,"name":"Portada","item":"https:\/\/explora.cl\/lagos\/"},{"@type":"ListItem","position":2,"name":"Convocatoria a instituciones FECI Los Lagos 2022"}]},{"@type":"WebSite","@id":"https:\/\/explora.cl\/lagos\/#website","url":"https:\/\/explora.cl\/lagos\/","name":"Los Lagos","description":"Otro sitio m\u00e1s de explora.cl","potentialAction":[{"@type":"SearchAction","target":{"@type":"EntryPoint","urlTemplate":"https:\/\/explora.cl\/lagos\/?s={search_term_string}"},"query-input":{"@type":"PropertyValueSpecification","valueRequired":true,"valueName":"search_term_string"}}],"inLanguage":"es"},{"@type":"Person","@id":"https:\/\/explora.cl\/lagos\/#\/schema\/person\/6608d3ee9ea0b0daeaf12289528fc582","name":"jvargas","image":{"@type":"ImageObject","inLanguage":"es","@id":"https:\/\/explora.cl\/lagos\/#\/schema\/person\/image\/","url":"https:\/\/secure.gravatar.com\/avatar\/8a6892fbfb002ef173a244b534b4bbcea4c183fc3fbf7732e64ac89b1d22d482?s=96&d=mm&r=g","contentUrl":"https:\/\/secure.gravatar.com\/avatar\/8a6892fbfb002ef173a244b534b4bbcea4c183fc3fbf7732e64ac89b1d22d482?s=96&d=mm&r=g","caption":"jvargas"},"url":"https:\/\/explora.cl\/lagos\/author\/jvargas\/"}]}},"_links":{"self":[{"href":"https:\/\/explora.cl\/lagos\/wp-json\/wp\/v2\/posts\/40614","targetHints":{"allow":["GET"]}}],"collection":[{"href":"https:\/\/explora.cl\/lagos\/wp-json\/wp\/v2\/posts"}],"about":[{"href":"https:\/\/explora.cl\/lagos\/wp-json\/wp\/v2\/types\/post"}],"author":[{"embeddable":true,"href":"https:\/\/explora.cl\/lagos\/wp-json\/wp\/v2\/users\/36"}],"replies":[{"embeddable":true,"href":"https:\/\/explora.cl\/lagos\/wp-json\/wp\/v2\/comments?post=40614"}],"version-history":[{"count":1,"href":"https:\/\/explora.cl\/lagos\/wp-json\/wp\/v2\/posts\/40614\/revisions"}],"predecessor-version":[{"id":40616,"href":"https:\/\/explora.cl\/lagos\/wp-json\/wp\/v2\/posts\/40614\/revisions\/40616"}],"wp:featuredmedia":[{"embeddable":true,"href":"https:\/\/explora.cl\/lagos\/wp-json\/wp\/v2\/media\/40615"}],"wp:attachment":[{"href":"https:\/\/explora.cl\/lagos\/wp-json\/wp\/v2\/media?parent=40614"}],"wp:term":[{"taxonomy":"category","embeddable":true,"href":"https:\/\/explora.cl\/lagos\/wp-json\/wp\/v2\/categories?post=40614"},{"taxonomy":"post_tag","embeddable":true,"href":"https:\/\/explora.cl\/lagos\/wp-json\/wp\/v2\/tags?post=40614"}],"curies":[{"name":"wp","href":"https:\/\/api.w.org\/{rel}","templated":true}]}}