{"id":39981,"date":"2021-07-02T23:02:43","date_gmt":"2021-07-03T03:02:43","guid":{"rendered":"https:\/\/explora.cl\/lagos\/?p=39981"},"modified":"2021-07-09T21:55:49","modified_gmt":"2021-07-10T01:55:49","slug":"invitacion-a-cafe-cientifico-biodiversidad-en-camino-a-la-constitucion","status":"publish","type":"post","link":"https:\/\/explora.cl\/lagos\/invitacion-a-cafe-cientifico-biodiversidad-en-camino-a-la-constitucion\/","title":{"rendered":"Invitaci\u00f3n a Caf\u00e9 Cient\u00edfico \u00abBiodiversidad en camino a la Constituci\u00f3n\u00bb"},"content":{"rendered":"<p>El Proyecto Explora Los Lagos del Ministerio de Ciencia, Tecnolog\u00eda, Conocimiento e Innovaci\u00f3n en conjunto con la Unidad de Extensi\u00f3n Cient\u00edfica de la Universidad Austral de Chile Sede Puerto Montt, Amigos de los Parques y el apoyo del Canal Regional V\u00e9rtice TV, les invita a inscribirse en el Caf\u00e9 Cient\u00edfico #Entucasa; reuni\u00f3n virtual para acercar la ciencia y la tecnolog\u00eda a la comunidad, que son transmitidas mensualmente a trav\u00e9s de la plataforma ZOOM.<\/p>\n<p>En esta oportunidad, el <strong>Dr. Javier Simonetti Zambelli,<\/strong> Presidente de la Asociaci\u00f3n Kauyeken y Profesor Titular de la Facultad de Ciencias de la Universidad de Chile, nos presentar\u00e1 la Charla \u201cBiodiversidad en camino a la Constituci\u00f3n\u201d. La instancia, ser\u00e1 moderada por <strong>Mar\u00eda Jos\u00e9 Hess Paz<\/strong>, Directora de Comunicaciones y Proyecto de Amigos de los Parques.<\/p>\n<p>Javier Simonetti explorar\u00e1 la biodiversidad, cu\u00e1nto conocemos de ella y c\u00f3mo sus amenazas son amenazas para la vida en el planeta. Y durante el caf\u00e9 conversar\u00e1 con Mar\u00eda Jos\u00e9 Hess acerca de c\u00f3mo se involucran las personas en la protecci\u00f3n del patrimonio natural y por qu\u00e9 es relevante el involucramiento activo de las comunidades, adem\u00e1s de diferentes modelos de protecci\u00f3n que existen en el mundo para considerar en el marco del debate constituyente.<\/p>\n<p>El evento se realizar\u00e1 el <strong>pr\u00f3ximo jueves 8 de julio a las 18:00 horas<\/strong> a trav\u00e9s de la plataforma ZOOM.<\/p>\n<p>Al inscribirse, enviaremos el link de acceso a la charla a su correo electr\u00f3nico con anticipaci\u00f3n al d\u00eda de desarrollo de la actividad.<\/p>\n<p>Para realizar consultas escribir a <strong>par.loslagos.explora@gmail.com<\/strong><\/p>\n<p><strong>Breve rese\u00f1a:<\/strong><\/p>\n<p>Javier Simonetti ha dedicado treinta a\u00f1os de su trabajo cient\u00edfico para hacer ecolog\u00eda e insertar dicho conocimiento en beneficio de la conservaci\u00f3n de la biodiversidad como un patrimonio natural y cultural de nuestro pa\u00eds. Es bi\u00f3logo (Universidad de Chile, 1979) y Ph.D. (Universidad de Washington, 1986). Se interesa en la conservaci\u00f3n de la diversidad biol\u00f3gica en Latinoam\u00e9rica, y busca proveer las bases cient\u00edficas y culturales para apoyar el desarrollo de pol\u00edticas y la toma de decisiones sobre conservaci\u00f3n de la biodiversidad. Ha integrado el Comit\u00e9 Directivo de la Society for Conservation Biology, presidido la Red Latinoamericana de Bot\u00e1nica e integrado el Consejo Consultivo de la Ley de Bosque Nativo. Por su importante trabajo ha sido distinguido por la Society for Conservation Biology y la Sociedad de Ecolog\u00eda de Chile.<\/p>\n<p>Mar\u00eda Jos\u00e9 Hess Paz, inspirada por el poder de transformaci\u00f3n de las comunidades se ha dedicado a potenciar cambios para un mundo m\u00e1s justo y arm\u00f3nico entre las personas y con la naturaleza desde la sociedad civil. Es periodista de la Universidad Cat\u00f3lica de Chile y M\u00e1ster en Estudios de Desarrollos de la Universidad de Sydney, Australia. Anteriormente trabaj\u00f3 como directora de Comunicaciones de Am\u00e9rica Solidaria Internacional y actualmente se desempe\u00f1a como Directora de Comunicaciones y Proyectos de Amigos de los Parques.<\/p>\n<p><a href=\"https:\/\/forms.gle\/pPAf3958jYCbaCef7\" target=\"_blank\" class=\"vc-btn vc-btn-lg\">FORMULARIO DE INSCRIPCI\u00d3N AQU\u00cd <\/a><\/p>\n","protected":false},"excerpt":{"rendered":"<p>Inscripciones aqu\u00ed ingresando al banner. <\/p>\n","protected":false},"author":36,"featured_media":39982,"comment_status":"open","ping_status":"open","sticky":false,"template":"","format":"standard","meta":{"_acf_changed":false,"_exactmetrics_skip_tracking":false,"_exactmetrics_sitenote_active":false,"_exactmetrics_sitenote_note":"","_exactmetrics_sitenote_category":0,"footnotes":"","_links_to":"","_links_to_target":""},"categories":[151],"tags":[81,324,107,389,182],"class_list":["post-39981","post","type-post","status-publish","format-standard","has-post-thumbnail","hentry","category-banner","tag-biodiversidad","tag-cafe-cientifico-entucasa","tag-ciencia","tag-constitucion","tag-los-lagos"],"acf":[],"yoast_head":"<!-- This site is optimized with the Yoast SEO plugin v26.9 - https:\/\/yoast.com\/product\/yoast-seo-wordpress\/ -->\n<title>Invitaci\u00f3n a Caf\u00e9 Cient\u00edfico &quot;Biodiversidad en camino a la Constituci\u00f3n&quot; - Los Lagos<\/title>\n<meta name=\"robots\" content=\"index, follow, max-snippet:-1, max-image-preview:large, max-video-preview:-1\" \/>\n<link rel=\"canonical\" href=\"https:\/\/explora.cl\/lagos\/invitacion-a-cafe-cientifico-biodiversidad-en-camino-a-la-constitucion\/\" class=\"yoast-seo-meta-tag\" \/>\n<meta property=\"og:locale\" content=\"es_ES\" class=\"yoast-seo-meta-tag\" \/>\n<meta property=\"og:type\" content=\"article\" class=\"yoast-seo-meta-tag\" \/>\n<meta property=\"og:title\" content=\"Invitaci\u00f3n a Caf\u00e9 Cient\u00edfico &quot;Biodiversidad en camino a la Constituci\u00f3n&quot; - Los Lagos\" class=\"yoast-seo-meta-tag\" \/>\n<meta property=\"og:description\" content=\"Inscripciones aqu\u00ed ingresando al banner.\" class=\"yoast-seo-meta-tag\" \/>\n<meta property=\"og:url\" content=\"https:\/\/explora.cl\/lagos\/invitacion-a-cafe-cientifico-biodiversidad-en-camino-a-la-constitucion\/\" class=\"yoast-seo-meta-tag\" \/>\n<meta property=\"og:site_name\" content=\"Los Lagos\" class=\"yoast-seo-meta-tag\" \/>\n<meta property=\"article:published_time\" content=\"2021-07-03T03:02:43+00:00\" class=\"yoast-seo-meta-tag\" \/>\n<meta property=\"article:modified_time\" content=\"2021-07-10T01:55:49+00:00\" class=\"yoast-seo-meta-tag\" \/>\n<meta property=\"og:image\" content=\"https:\/\/explora.cl\/lagos\/wp-content\/uploads\/sites\/17\/2021\/07\/cafe_cientifico_pagina_explora-1.png\" class=\"yoast-seo-meta-tag\" \/>\n\t<meta property=\"og:image:width\" content=\"736\" class=\"yoast-seo-meta-tag\" \/>\n\t<meta property=\"og:image:height\" content=\"420\" class=\"yoast-seo-meta-tag\" \/>\n\t<meta property=\"og:image:type\" content=\"image\/png\" class=\"yoast-seo-meta-tag\" \/>\n<meta name=\"author\" content=\"jvargas\" class=\"yoast-seo-meta-tag\" \/>\n<meta name=\"twitter:card\" content=\"summary_large_image\" class=\"yoast-seo-meta-tag\" \/>\n<meta name=\"twitter:label1\" content=\"Escrito por\" class=\"yoast-seo-meta-tag\" \/>\n\t<meta name=\"twitter:data1\" content=\"jvargas\" class=\"yoast-seo-meta-tag\" \/>\n\t<meta name=\"twitter:label2\" content=\"Tiempo de lectura\" class=\"yoast-seo-meta-tag\" \/>\n\t<meta name=\"twitter:data2\" content=\"3 minutos\" class=\"yoast-seo-meta-tag\" \/>\n<script type=\"application\/ld+json\" class=\"yoast-schema-graph\">{\"@context\":\"https:\/\/schema.org\",\"@graph\":[{\"@type\":\"Article\",\"@id\":\"https:\/\/explora.cl\/lagos\/invitacion-a-cafe-cientifico-biodiversidad-en-camino-a-la-constitucion\/#article\",\"isPartOf\":{\"@id\":\"https:\/\/explora.cl\/lagos\/invitacion-a-cafe-cientifico-biodiversidad-en-camino-a-la-constitucion\/\"},\"author\":{\"name\":\"jvargas\",\"@id\":\"https:\/\/explora.cl\/lagos\/#\/schema\/person\/6608d3ee9ea0b0daeaf12289528fc582\"},\"headline\":\"Invitaci\u00f3n a Caf\u00e9 Cient\u00edfico \u00abBiodiversidad en camino a la Constituci\u00f3n\u00bb\",\"datePublished\":\"2021-07-03T03:02:43+00:00\",\"dateModified\":\"2021-07-10T01:55:49+00:00\",\"mainEntityOfPage\":{\"@id\":\"https:\/\/explora.cl\/lagos\/invitacion-a-cafe-cientifico-biodiversidad-en-camino-a-la-constitucion\/\"},\"wordCount\":529,\"commentCount\":0,\"image\":{\"@id\":\"https:\/\/explora.cl\/lagos\/invitacion-a-cafe-cientifico-biodiversidad-en-camino-a-la-constitucion\/#primaryimage\"},\"thumbnailUrl\":\"https:\/\/explora.cl\/lagos\/wp-content\/uploads\/sites\/17\/2021\/07\/cafe_cientifico_pagina_explora-1.png\",\"keywords\":[\"biodiversidad\",\"Caf\u00e9 Cient\u00edfico #Entucasa\",\"ciencia\",\"Constituci\u00f3n\",\"Los Lagos\"],\"articleSection\":[\"Banner\"],\"inLanguage\":\"es\",\"potentialAction\":[{\"@type\":\"CommentAction\",\"name\":\"Comment\",\"target\":[\"https:\/\/explora.cl\/lagos\/invitacion-a-cafe-cientifico-biodiversidad-en-camino-a-la-constitucion\/#respond\"]}]},{\"@type\":\"WebPage\",\"@id\":\"https:\/\/explora.cl\/lagos\/invitacion-a-cafe-cientifico-biodiversidad-en-camino-a-la-constitucion\/\",\"url\":\"https:\/\/explora.cl\/lagos\/invitacion-a-cafe-cientifico-biodiversidad-en-camino-a-la-constitucion\/\",\"name\":\"Invitaci\u00f3n a Caf\u00e9 Cient\u00edfico \\\"Biodiversidad en camino a la Constituci\u00f3n\\\" - Los Lagos\",\"isPartOf\":{\"@id\":\"https:\/\/explora.cl\/lagos\/#website\"},\"primaryImageOfPage\":{\"@id\":\"https:\/\/explora.cl\/lagos\/invitacion-a-cafe-cientifico-biodiversidad-en-camino-a-la-constitucion\/#primaryimage\"},\"image\":{\"@id\":\"https:\/\/explora.cl\/lagos\/invitacion-a-cafe-cientifico-biodiversidad-en-camino-a-la-constitucion\/#primaryimage\"},\"thumbnailUrl\":\"https:\/\/explora.cl\/lagos\/wp-content\/uploads\/sites\/17\/2021\/07\/cafe_cientifico_pagina_explora-1.png\",\"datePublished\":\"2021-07-03T03:02:43+00:00\",\"dateModified\":\"2021-07-10T01:55:49+00:00\",\"author\":{\"@id\":\"https:\/\/explora.cl\/lagos\/#\/schema\/person\/6608d3ee9ea0b0daeaf12289528fc582\"},\"breadcrumb\":{\"@id\":\"https:\/\/explora.cl\/lagos\/invitacion-a-cafe-cientifico-biodiversidad-en-camino-a-la-constitucion\/#breadcrumb\"},\"inLanguage\":\"es\",\"potentialAction\":[{\"@type\":\"ReadAction\",\"target\":[\"https:\/\/explora.cl\/lagos\/invitacion-a-cafe-cientifico-biodiversidad-en-camino-a-la-constitucion\/\"]}]},{\"@type\":\"ImageObject\",\"inLanguage\":\"es\",\"@id\":\"https:\/\/explora.cl\/lagos\/invitacion-a-cafe-cientifico-biodiversidad-en-camino-a-la-constitucion\/#primaryimage\",\"url\":\"https:\/\/explora.cl\/lagos\/wp-content\/uploads\/sites\/17\/2021\/07\/cafe_cientifico_pagina_explora-1.png\",\"contentUrl\":\"https:\/\/explora.cl\/lagos\/wp-content\/uploads\/sites\/17\/2021\/07\/cafe_cientifico_pagina_explora-1.png\",\"width\":736,\"height\":420},{\"@type\":\"BreadcrumbList\",\"@id\":\"https:\/\/explora.cl\/lagos\/invitacion-a-cafe-cientifico-biodiversidad-en-camino-a-la-constitucion\/#breadcrumb\",\"itemListElement\":[{\"@type\":\"ListItem\",\"position\":1,\"name\":\"Portada\",\"item\":\"https:\/\/explora.cl\/lagos\/\"},{\"@type\":\"ListItem\",\"position\":2,\"name\":\"Invitaci\u00f3n a Caf\u00e9 Cient\u00edfico \u00abBiodiversidad en camino a la Constituci\u00f3n\u00bb\"}]},{\"@type\":\"WebSite\",\"@id\":\"https:\/\/explora.cl\/lagos\/#website\",\"url\":\"https:\/\/explora.cl\/lagos\/\",\"name\":\"Los Lagos\",\"description\":\"Otro sitio m\u00e1s de explora.cl\",\"potentialAction\":[{\"@type\":\"SearchAction\",\"target\":{\"@type\":\"EntryPoint\",\"urlTemplate\":\"https:\/\/explora.cl\/lagos\/?s={search_term_string}\"},\"query-input\":{\"@type\":\"PropertyValueSpecification\",\"valueRequired\":true,\"valueName\":\"search_term_string\"}}],\"inLanguage\":\"es\"},{\"@type\":\"Person\",\"@id\":\"https:\/\/explora.cl\/lagos\/#\/schema\/person\/6608d3ee9ea0b0daeaf12289528fc582\",\"name\":\"jvargas\",\"image\":{\"@type\":\"ImageObject\",\"inLanguage\":\"es\",\"@id\":\"https:\/\/explora.cl\/lagos\/#\/schema\/person\/image\/\",\"url\":\"https:\/\/secure.gravatar.com\/avatar\/8a6892fbfb002ef173a244b534b4bbcea4c183fc3fbf7732e64ac89b1d22d482?s=96&d=mm&r=g\",\"contentUrl\":\"https:\/\/secure.gravatar.com\/avatar\/8a6892fbfb002ef173a244b534b4bbcea4c183fc3fbf7732e64ac89b1d22d482?s=96&d=mm&r=g\",\"caption\":\"jvargas\"},\"url\":\"https:\/\/explora.cl\/lagos\/author\/jvargas\/\"}]}<\/script>\n<!-- \/ Yoast SEO plugin. -->","yoast_head_json":{"title":"Invitaci\u00f3n a Caf\u00e9 Cient\u00edfico \"Biodiversidad en camino a la Constituci\u00f3n\" - Los Lagos","robots":{"index":"index","follow":"follow","max-snippet":"max-snippet:-1","max-image-preview":"max-image-preview:large","max-video-preview":"max-video-preview:-1"},"canonical":"https:\/\/explora.cl\/lagos\/invitacion-a-cafe-cientifico-biodiversidad-en-camino-a-la-constitucion\/","og_locale":"es_ES","og_type":"article","og_title":"Invitaci\u00f3n a Caf\u00e9 Cient\u00edfico \"Biodiversidad en camino a la Constituci\u00f3n\" - Los Lagos","og_description":"Inscripciones aqu\u00ed ingresando al banner.","og_url":"https:\/\/explora.cl\/lagos\/invitacion-a-cafe-cientifico-biodiversidad-en-camino-a-la-constitucion\/","og_site_name":"Los Lagos","article_published_time":"2021-07-03T03:02:43+00:00","article_modified_time":"2021-07-10T01:55:49+00:00","og_image":[{"width":736,"height":420,"url":"https:\/\/explora.cl\/lagos\/wp-content\/uploads\/sites\/17\/2021\/07\/cafe_cientifico_pagina_explora-1.png","type":"image\/png"}],"author":"jvargas","twitter_card":"summary_large_image","twitter_misc":{"Escrito por":"jvargas","Tiempo de lectura":"3 minutos"},"schema":{"@context":"https:\/\/schema.org","@graph":[{"@type":"Article","@id":"https:\/\/explora.cl\/lagos\/invitacion-a-cafe-cientifico-biodiversidad-en-camino-a-la-constitucion\/#article","isPartOf":{"@id":"https:\/\/explora.cl\/lagos\/invitacion-a-cafe-cientifico-biodiversidad-en-camino-a-la-constitucion\/"},"author":{"name":"jvargas","@id":"https:\/\/explora.cl\/lagos\/#\/schema\/person\/6608d3ee9ea0b0daeaf12289528fc582"},"headline":"Invitaci\u00f3n a Caf\u00e9 Cient\u00edfico \u00abBiodiversidad en camino a la Constituci\u00f3n\u00bb","datePublished":"2021-07-03T03:02:43+00:00","dateModified":"2021-07-10T01:55:49+00:00","mainEntityOfPage":{"@id":"https:\/\/explora.cl\/lagos\/invitacion-a-cafe-cientifico-biodiversidad-en-camino-a-la-constitucion\/"},"wordCount":529,"commentCount":0,"image":{"@id":"https:\/\/explora.cl\/lagos\/invitacion-a-cafe-cientifico-biodiversidad-en-camino-a-la-constitucion\/#primaryimage"},"thumbnailUrl":"https:\/\/explora.cl\/lagos\/wp-content\/uploads\/sites\/17\/2021\/07\/cafe_cientifico_pagina_explora-1.png","keywords":["biodiversidad","Caf\u00e9 Cient\u00edfico #Entucasa","ciencia","Constituci\u00f3n","Los Lagos"],"articleSection":["Banner"],"inLanguage":"es","potentialAction":[{"@type":"CommentAction","name":"Comment","target":["https:\/\/explora.cl\/lagos\/invitacion-a-cafe-cientifico-biodiversidad-en-camino-a-la-constitucion\/#respond"]}]},{"@type":"WebPage","@id":"https:\/\/explora.cl\/lagos\/invitacion-a-cafe-cientifico-biodiversidad-en-camino-a-la-constitucion\/","url":"https:\/\/explora.cl\/lagos\/invitacion-a-cafe-cientifico-biodiversidad-en-camino-a-la-constitucion\/","name":"Invitaci\u00f3n a Caf\u00e9 Cient\u00edfico \"Biodiversidad en camino a la Constituci\u00f3n\" - Los Lagos","isPartOf":{"@id":"https:\/\/explora.cl\/lagos\/#website"},"primaryImageOfPage":{"@id":"https:\/\/explora.cl\/lagos\/invitacion-a-cafe-cientifico-biodiversidad-en-camino-a-la-constitucion\/#primaryimage"},"image":{"@id":"https:\/\/explora.cl\/lagos\/invitacion-a-cafe-cientifico-biodiversidad-en-camino-a-la-constitucion\/#primaryimage"},"thumbnailUrl":"https:\/\/explora.cl\/lagos\/wp-content\/uploads\/sites\/17\/2021\/07\/cafe_cientifico_pagina_explora-1.png","datePublished":"2021-07-03T03:02:43+00:00","dateModified":"2021-07-10T01:55:49+00:00","author":{"@id":"https:\/\/explora.cl\/lagos\/#\/schema\/person\/6608d3ee9ea0b0daeaf12289528fc582"},"breadcrumb":{"@id":"https:\/\/explora.cl\/lagos\/invitacion-a-cafe-cientifico-biodiversidad-en-camino-a-la-constitucion\/#breadcrumb"},"inLanguage":"es","potentialAction":[{"@type":"ReadAction","target":["https:\/\/explora.cl\/lagos\/invitacion-a-cafe-cientifico-biodiversidad-en-camino-a-la-constitucion\/"]}]},{"@type":"ImageObject","inLanguage":"es","@id":"https:\/\/explora.cl\/lagos\/invitacion-a-cafe-cientifico-biodiversidad-en-camino-a-la-constitucion\/#primaryimage","url":"https:\/\/explora.cl\/lagos\/wp-content\/uploads\/sites\/17\/2021\/07\/cafe_cientifico_pagina_explora-1.png","contentUrl":"https:\/\/explora.cl\/lagos\/wp-content\/uploads\/sites\/17\/2021\/07\/cafe_cientifico_pagina_explora-1.png","width":736,"height":420},{"@type":"BreadcrumbList","@id":"https:\/\/explora.cl\/lagos\/invitacion-a-cafe-cientifico-biodiversidad-en-camino-a-la-constitucion\/#breadcrumb","itemListElement":[{"@type":"ListItem","position":1,"name":"Portada","item":"https:\/\/explora.cl\/lagos\/"},{"@type":"ListItem","position":2,"name":"Invitaci\u00f3n a Caf\u00e9 Cient\u00edfico \u00abBiodiversidad en camino a la Constituci\u00f3n\u00bb"}]},{"@type":"WebSite","@id":"https:\/\/explora.cl\/lagos\/#website","url":"https:\/\/explora.cl\/lagos\/","name":"Los Lagos","description":"Otro sitio m\u00e1s de explora.cl","potentialAction":[{"@type":"SearchAction","target":{"@type":"EntryPoint","urlTemplate":"https:\/\/explora.cl\/lagos\/?s={search_term_string}"},"query-input":{"@type":"PropertyValueSpecification","valueRequired":true,"valueName":"search_term_string"}}],"inLanguage":"es"},{"@type":"Person","@id":"https:\/\/explora.cl\/lagos\/#\/schema\/person\/6608d3ee9ea0b0daeaf12289528fc582","name":"jvargas","image":{"@type":"ImageObject","inLanguage":"es","@id":"https:\/\/explora.cl\/lagos\/#\/schema\/person\/image\/","url":"https:\/\/secure.gravatar.com\/avatar\/8a6892fbfb002ef173a244b534b4bbcea4c183fc3fbf7732e64ac89b1d22d482?s=96&d=mm&r=g","contentUrl":"https:\/\/secure.gravatar.com\/avatar\/8a6892fbfb002ef173a244b534b4bbcea4c183fc3fbf7732e64ac89b1d22d482?s=96&d=mm&r=g","caption":"jvargas"},"url":"https:\/\/explora.cl\/lagos\/author\/jvargas\/"}]}},"_links":{"self":[{"href":"https:\/\/explora.cl\/lagos\/wp-json\/wp\/v2\/posts\/39981","targetHints":{"allow":["GET"]}}],"collection":[{"href":"https:\/\/explora.cl\/lagos\/wp-json\/wp\/v2\/posts"}],"about":[{"href":"https:\/\/explora.cl\/lagos\/wp-json\/wp\/v2\/types\/post"}],"author":[{"embeddable":true,"href":"https:\/\/explora.cl\/lagos\/wp-json\/wp\/v2\/users\/36"}],"replies":[{"embeddable":true,"href":"https:\/\/explora.cl\/lagos\/wp-json\/wp\/v2\/comments?post=39981"}],"version-history":[{"count":4,"href":"https:\/\/explora.cl\/lagos\/wp-json\/wp\/v2\/posts\/39981\/revisions"}],"predecessor-version":[{"id":39986,"href":"https:\/\/explora.cl\/lagos\/wp-json\/wp\/v2\/posts\/39981\/revisions\/39986"}],"wp:featuredmedia":[{"embeddable":true,"href":"https:\/\/explora.cl\/lagos\/wp-json\/wp\/v2\/media\/39982"}],"wp:attachment":[{"href":"https:\/\/explora.cl\/lagos\/wp-json\/wp\/v2\/media?parent=39981"}],"wp:term":[{"taxonomy":"category","embeddable":true,"href":"https:\/\/explora.cl\/lagos\/wp-json\/wp\/v2\/categories?post=39981"},{"taxonomy":"post_tag","embeddable":true,"href":"https:\/\/explora.cl\/lagos\/wp-json\/wp\/v2\/tags?post=39981"}],"curies":[{"name":"wp","href":"https:\/\/api.w.org\/{rel}","templated":true}]}}