{"id":39956,"date":"2021-06-25T18:48:02","date_gmt":"2021-06-25T22:48:02","guid":{"rendered":"https:\/\/explora.cl\/lagos\/?p=39956"},"modified":"2021-07-06T19:15:07","modified_gmt":"2021-07-06T23:15:07","slug":"abierta-postulaciones-a-taller-de-audiovisuales-cientificos","status":"publish","type":"post","link":"https:\/\/explora.cl\/lagos\/abierta-postulaciones-a-taller-de-audiovisuales-cientificos\/","title":{"rendered":"Abierta postulaciones a Taller de Audiovisuales Cient\u00edficos"},"content":{"rendered":"<p>El Proyecto Asociativo Regional PAR Explora Los Lagos del Ministerio de Ciencia, Tecnolog\u00eda, Conocimiento e Innovaci\u00f3n ejecutado por la Universidad Austral de Chile Sede Puerto Montt, los invita a participar el \u201cTaller de Producci\u00f3n y Realizaci\u00f3n de Audiovisuales Cient\u00edficos\u201d, que plantea un ejercicio formativo para instalar competencias en el manejo de herramientas de comunicaci\u00f3n audiovisual, adem\u00e1s de estimular la reflexi\u00f3n cr\u00edtica del entorno a trav\u00e9s de la producci\u00f3n de una obra audiovisual de divulgaci\u00f3n cient\u00edfica con pertinencia territorial.<\/p>\n<p>Para el logro de estos objetivos, se ha propuesto la asociatividad con Trasfoco, Escuela Audiovisual y Fotogr\u00e1fica Itinerante con sede en Castro, quienes tienen vasta experiencia en el desarrollo de talleres audiovisuales tanto con profesionales, como con estudiantes y comunidad en general.<\/p>\n<p>Este taller es 100% gratuito y est\u00e1 dirigido a estudiantes de ense\u00f1anza media y universitarios de pre y postgrado, residentes en la Regi\u00f3n de Los Lagos.<\/p>\n<p><strong>Las postulaciones se realizan a trav\u00e9s de formulario disponible en esta p\u00e1gina y se debe subir la documentaci\u00f3n anexa.\u00a0 Hay plazo de recepci\u00f3n hasta el 8 de julio a las 23:59 horas.\u00a0<\/strong><\/p>\n<p><strong>Consultas al correo rocio.bize@uach.cl\u00a0<\/strong><\/p>\n<p><a href=\"https:\/\/forms.gle\/VVh4zS3DsA4PzfZt8\" target=\"_blank\" class=\"vc-btn vc-btn-lg\">FORMULARIO DE POSTULACI\u00d3N AQU\u00cd<\/a><\/p>\n<p><a href=\"https:\/\/explora.cl\/lagos\/wp-content\/uploads\/sites\/17\/2021\/06\/Bases-de-Postulaci\u00f3n-Taller-Audiovisual-Cient\u00edfico.pdf\" target=\"_blank\" class=\"vc-btn vc-btn-lg\">BASES DE POSTULACI\u00d3N <\/a><\/p>\n<p><a href=\"https:\/\/explora.cl\/lagos\/wp-content\/uploads\/sites\/17\/2021\/06\/Anexo-1-Consentimiento-Informado-para-menores-de-edad.docx\" class=\"vc-btn vc-btn-lg\">ANEXO 1 CONSENTIMIENTO INFORMADO PARA MENORES DE EDAD <\/a><\/p>\n<p><a href=\"https:\/\/explora.cl\/lagos\/wp-content\/uploads\/sites\/17\/2021\/06\/Anexo-2-Carta-de-Compromiso-del-Participante.docx\" target=\"_blank\" class=\"vc-btn vc-btn-lg\">ANEXO 2 CARTA COMPROMISO DEL PARTICIPANTE<\/a><\/p>\n<p><a href=\"https:\/\/explora.cl\/lagos\/wp-content\/uploads\/sites\/17\/2021\/06\/Anexo-3-Cesi\u00f3n-de-Derechos-de-Imagen-y-Material-Audiovisual.docx\" class=\"vc-btn vc-btn-lg\">ANEXO 3 CESI\u00d3N DE DERECHOS DE IMAGEN Y MATERIAL AUDIOVISUAL<\/a><\/p>\n","protected":false},"excerpt":{"rendered":"<p>Bases, documentaci\u00f3n anexa y formulario de postulaci\u00f3n disponible aqu\u00ed. <\/p>\n","protected":false},"author":36,"featured_media":39957,"comment_status":"open","ping_status":"open","sticky":false,"template":"","format":"standard","meta":{"_acf_changed":false,"_exactmetrics_skip_tracking":false,"_exactmetrics_sitenote_active":false,"_exactmetrics_sitenote_note":"","_exactmetrics_sitenote_category":0,"footnotes":"","_links_to":"","_links_to_target":""},"categories":[151],"tags":[107,388,182,348,76],"class_list":["post-39956","post","type-post","status-publish","format-standard","has-post-thumbnail","hentry","category-banner","tag-ciencia","tag-divulgacion-cientifica","tag-los-lagos","tag-taller-audiovisual-cientifico","tag-tecnologia"],"acf":[],"yoast_head":"<!-- This site is optimized with the Yoast SEO plugin v26.9 - https:\/\/yoast.com\/product\/yoast-seo-wordpress\/ -->\n<title>Abierta postulaciones a Taller de Audiovisuales Cient\u00edficos - Los Lagos<\/title>\n<meta name=\"robots\" content=\"index, follow, max-snippet:-1, max-image-preview:large, max-video-preview:-1\" \/>\n<link rel=\"canonical\" href=\"https:\/\/explora.cl\/lagos\/abierta-postulaciones-a-taller-de-audiovisuales-cientificos\/\" class=\"yoast-seo-meta-tag\" \/>\n<meta property=\"og:locale\" content=\"es_ES\" class=\"yoast-seo-meta-tag\" \/>\n<meta property=\"og:type\" content=\"article\" class=\"yoast-seo-meta-tag\" \/>\n<meta property=\"og:title\" content=\"Abierta postulaciones a Taller de Audiovisuales Cient\u00edficos - Los Lagos\" class=\"yoast-seo-meta-tag\" \/>\n<meta property=\"og:description\" content=\"Bases, documentaci\u00f3n anexa y formulario de postulaci\u00f3n disponible aqu\u00ed.\" class=\"yoast-seo-meta-tag\" \/>\n<meta property=\"og:url\" content=\"https:\/\/explora.cl\/lagos\/abierta-postulaciones-a-taller-de-audiovisuales-cientificos\/\" class=\"yoast-seo-meta-tag\" \/>\n<meta property=\"og:site_name\" content=\"Los Lagos\" class=\"yoast-seo-meta-tag\" \/>\n<meta property=\"article:published_time\" content=\"2021-06-25T22:48:02+00:00\" class=\"yoast-seo-meta-tag\" \/>\n<meta property=\"article:modified_time\" content=\"2021-07-06T23:15:07+00:00\" class=\"yoast-seo-meta-tag\" \/>\n<meta property=\"og:image\" content=\"https:\/\/explora.cl\/lagos\/wp-content\/uploads\/sites\/17\/2021\/06\/pagina_explora_tallerAudiovisual.png\" class=\"yoast-seo-meta-tag\" \/>\n\t<meta property=\"og:image:width\" content=\"736\" class=\"yoast-seo-meta-tag\" \/>\n\t<meta property=\"og:image:height\" content=\"420\" class=\"yoast-seo-meta-tag\" \/>\n\t<meta property=\"og:image:type\" content=\"image\/png\" class=\"yoast-seo-meta-tag\" \/>\n<meta name=\"author\" content=\"jvargas\" class=\"yoast-seo-meta-tag\" \/>\n<meta name=\"twitter:card\" content=\"summary_large_image\" class=\"yoast-seo-meta-tag\" \/>\n<meta name=\"twitter:label1\" content=\"Escrito por\" class=\"yoast-seo-meta-tag\" \/>\n\t<meta name=\"twitter:data1\" content=\"jvargas\" class=\"yoast-seo-meta-tag\" \/>\n\t<meta name=\"twitter:label2\" content=\"Tiempo de lectura\" class=\"yoast-seo-meta-tag\" \/>\n\t<meta name=\"twitter:data2\" content=\"1 minuto\" class=\"yoast-seo-meta-tag\" \/>\n<script type=\"application\/ld+json\" class=\"yoast-schema-graph\">{\"@context\":\"https:\/\/schema.org\",\"@graph\":[{\"@type\":\"Article\",\"@id\":\"https:\/\/explora.cl\/lagos\/abierta-postulaciones-a-taller-de-audiovisuales-cientificos\/#article\",\"isPartOf\":{\"@id\":\"https:\/\/explora.cl\/lagos\/abierta-postulaciones-a-taller-de-audiovisuales-cientificos\/\"},\"author\":{\"name\":\"jvargas\",\"@id\":\"https:\/\/explora.cl\/lagos\/#\/schema\/person\/6608d3ee9ea0b0daeaf12289528fc582\"},\"headline\":\"Abierta postulaciones a Taller de Audiovisuales Cient\u00edficos\",\"datePublished\":\"2021-06-25T22:48:02+00:00\",\"dateModified\":\"2021-07-06T23:15:07+00:00\",\"mainEntityOfPage\":{\"@id\":\"https:\/\/explora.cl\/lagos\/abierta-postulaciones-a-taller-de-audiovisuales-cientificos\/\"},\"wordCount\":241,\"commentCount\":0,\"image\":{\"@id\":\"https:\/\/explora.cl\/lagos\/abierta-postulaciones-a-taller-de-audiovisuales-cientificos\/#primaryimage\"},\"thumbnailUrl\":\"https:\/\/explora.cl\/lagos\/wp-content\/uploads\/sites\/17\/2021\/06\/pagina_explora_tallerAudiovisual.png\",\"keywords\":[\"ciencia\",\"Divulgaci\u00f3n Cient\u00edfica\",\"Los Lagos\",\"Taller audiovisual cient\u00edfico\",\"tecnolog\u00eda\"],\"articleSection\":[\"Banner\"],\"inLanguage\":\"es\",\"potentialAction\":[{\"@type\":\"CommentAction\",\"name\":\"Comment\",\"target\":[\"https:\/\/explora.cl\/lagos\/abierta-postulaciones-a-taller-de-audiovisuales-cientificos\/#respond\"]}]},{\"@type\":\"WebPage\",\"@id\":\"https:\/\/explora.cl\/lagos\/abierta-postulaciones-a-taller-de-audiovisuales-cientificos\/\",\"url\":\"https:\/\/explora.cl\/lagos\/abierta-postulaciones-a-taller-de-audiovisuales-cientificos\/\",\"name\":\"Abierta postulaciones a Taller de Audiovisuales Cient\u00edficos - Los Lagos\",\"isPartOf\":{\"@id\":\"https:\/\/explora.cl\/lagos\/#website\"},\"primaryImageOfPage\":{\"@id\":\"https:\/\/explora.cl\/lagos\/abierta-postulaciones-a-taller-de-audiovisuales-cientificos\/#primaryimage\"},\"image\":{\"@id\":\"https:\/\/explora.cl\/lagos\/abierta-postulaciones-a-taller-de-audiovisuales-cientificos\/#primaryimage\"},\"thumbnailUrl\":\"https:\/\/explora.cl\/lagos\/wp-content\/uploads\/sites\/17\/2021\/06\/pagina_explora_tallerAudiovisual.png\",\"datePublished\":\"2021-06-25T22:48:02+00:00\",\"dateModified\":\"2021-07-06T23:15:07+00:00\",\"author\":{\"@id\":\"https:\/\/explora.cl\/lagos\/#\/schema\/person\/6608d3ee9ea0b0daeaf12289528fc582\"},\"breadcrumb\":{\"@id\":\"https:\/\/explora.cl\/lagos\/abierta-postulaciones-a-taller-de-audiovisuales-cientificos\/#breadcrumb\"},\"inLanguage\":\"es\",\"potentialAction\":[{\"@type\":\"ReadAction\",\"target\":[\"https:\/\/explora.cl\/lagos\/abierta-postulaciones-a-taller-de-audiovisuales-cientificos\/\"]}]},{\"@type\":\"ImageObject\",\"inLanguage\":\"es\",\"@id\":\"https:\/\/explora.cl\/lagos\/abierta-postulaciones-a-taller-de-audiovisuales-cientificos\/#primaryimage\",\"url\":\"https:\/\/explora.cl\/lagos\/wp-content\/uploads\/sites\/17\/2021\/06\/pagina_explora_tallerAudiovisual.png\",\"contentUrl\":\"https:\/\/explora.cl\/lagos\/wp-content\/uploads\/sites\/17\/2021\/06\/pagina_explora_tallerAudiovisual.png\",\"width\":736,\"height\":420},{\"@type\":\"BreadcrumbList\",\"@id\":\"https:\/\/explora.cl\/lagos\/abierta-postulaciones-a-taller-de-audiovisuales-cientificos\/#breadcrumb\",\"itemListElement\":[{\"@type\":\"ListItem\",\"position\":1,\"name\":\"Portada\",\"item\":\"https:\/\/explora.cl\/lagos\/\"},{\"@type\":\"ListItem\",\"position\":2,\"name\":\"Abierta postulaciones a Taller de Audiovisuales Cient\u00edficos\"}]},{\"@type\":\"WebSite\",\"@id\":\"https:\/\/explora.cl\/lagos\/#website\",\"url\":\"https:\/\/explora.cl\/lagos\/\",\"name\":\"Los Lagos\",\"description\":\"Otro sitio m\u00e1s de explora.cl\",\"potentialAction\":[{\"@type\":\"SearchAction\",\"target\":{\"@type\":\"EntryPoint\",\"urlTemplate\":\"https:\/\/explora.cl\/lagos\/?s={search_term_string}\"},\"query-input\":{\"@type\":\"PropertyValueSpecification\",\"valueRequired\":true,\"valueName\":\"search_term_string\"}}],\"inLanguage\":\"es\"},{\"@type\":\"Person\",\"@id\":\"https:\/\/explora.cl\/lagos\/#\/schema\/person\/6608d3ee9ea0b0daeaf12289528fc582\",\"name\":\"jvargas\",\"image\":{\"@type\":\"ImageObject\",\"inLanguage\":\"es\",\"@id\":\"https:\/\/explora.cl\/lagos\/#\/schema\/person\/image\/\",\"url\":\"https:\/\/secure.gravatar.com\/avatar\/8a6892fbfb002ef173a244b534b4bbcea4c183fc3fbf7732e64ac89b1d22d482?s=96&d=mm&r=g\",\"contentUrl\":\"https:\/\/secure.gravatar.com\/avatar\/8a6892fbfb002ef173a244b534b4bbcea4c183fc3fbf7732e64ac89b1d22d482?s=96&d=mm&r=g\",\"caption\":\"jvargas\"},\"url\":\"https:\/\/explora.cl\/lagos\/author\/jvargas\/\"}]}<\/script>\n<!-- \/ Yoast SEO plugin. -->","yoast_head_json":{"title":"Abierta postulaciones a Taller de Audiovisuales Cient\u00edficos - Los Lagos","robots":{"index":"index","follow":"follow","max-snippet":"max-snippet:-1","max-image-preview":"max-image-preview:large","max-video-preview":"max-video-preview:-1"},"canonical":"https:\/\/explora.cl\/lagos\/abierta-postulaciones-a-taller-de-audiovisuales-cientificos\/","og_locale":"es_ES","og_type":"article","og_title":"Abierta postulaciones a Taller de Audiovisuales Cient\u00edficos - Los Lagos","og_description":"Bases, documentaci\u00f3n anexa y formulario de postulaci\u00f3n disponible aqu\u00ed.","og_url":"https:\/\/explora.cl\/lagos\/abierta-postulaciones-a-taller-de-audiovisuales-cientificos\/","og_site_name":"Los Lagos","article_published_time":"2021-06-25T22:48:02+00:00","article_modified_time":"2021-07-06T23:15:07+00:00","og_image":[{"width":736,"height":420,"url":"https:\/\/explora.cl\/lagos\/wp-content\/uploads\/sites\/17\/2021\/06\/pagina_explora_tallerAudiovisual.png","type":"image\/png"}],"author":"jvargas","twitter_card":"summary_large_image","twitter_misc":{"Escrito por":"jvargas","Tiempo de lectura":"1 minuto"},"schema":{"@context":"https:\/\/schema.org","@graph":[{"@type":"Article","@id":"https:\/\/explora.cl\/lagos\/abierta-postulaciones-a-taller-de-audiovisuales-cientificos\/#article","isPartOf":{"@id":"https:\/\/explora.cl\/lagos\/abierta-postulaciones-a-taller-de-audiovisuales-cientificos\/"},"author":{"name":"jvargas","@id":"https:\/\/explora.cl\/lagos\/#\/schema\/person\/6608d3ee9ea0b0daeaf12289528fc582"},"headline":"Abierta postulaciones a Taller de Audiovisuales Cient\u00edficos","datePublished":"2021-06-25T22:48:02+00:00","dateModified":"2021-07-06T23:15:07+00:00","mainEntityOfPage":{"@id":"https:\/\/explora.cl\/lagos\/abierta-postulaciones-a-taller-de-audiovisuales-cientificos\/"},"wordCount":241,"commentCount":0,"image":{"@id":"https:\/\/explora.cl\/lagos\/abierta-postulaciones-a-taller-de-audiovisuales-cientificos\/#primaryimage"},"thumbnailUrl":"https:\/\/explora.cl\/lagos\/wp-content\/uploads\/sites\/17\/2021\/06\/pagina_explora_tallerAudiovisual.png","keywords":["ciencia","Divulgaci\u00f3n Cient\u00edfica","Los Lagos","Taller audiovisual cient\u00edfico","tecnolog\u00eda"],"articleSection":["Banner"],"inLanguage":"es","potentialAction":[{"@type":"CommentAction","name":"Comment","target":["https:\/\/explora.cl\/lagos\/abierta-postulaciones-a-taller-de-audiovisuales-cientificos\/#respond"]}]},{"@type":"WebPage","@id":"https:\/\/explora.cl\/lagos\/abierta-postulaciones-a-taller-de-audiovisuales-cientificos\/","url":"https:\/\/explora.cl\/lagos\/abierta-postulaciones-a-taller-de-audiovisuales-cientificos\/","name":"Abierta postulaciones a Taller de Audiovisuales Cient\u00edficos - Los Lagos","isPartOf":{"@id":"https:\/\/explora.cl\/lagos\/#website"},"primaryImageOfPage":{"@id":"https:\/\/explora.cl\/lagos\/abierta-postulaciones-a-taller-de-audiovisuales-cientificos\/#primaryimage"},"image":{"@id":"https:\/\/explora.cl\/lagos\/abierta-postulaciones-a-taller-de-audiovisuales-cientificos\/#primaryimage"},"thumbnailUrl":"https:\/\/explora.cl\/lagos\/wp-content\/uploads\/sites\/17\/2021\/06\/pagina_explora_tallerAudiovisual.png","datePublished":"2021-06-25T22:48:02+00:00","dateModified":"2021-07-06T23:15:07+00:00","author":{"@id":"https:\/\/explora.cl\/lagos\/#\/schema\/person\/6608d3ee9ea0b0daeaf12289528fc582"},"breadcrumb":{"@id":"https:\/\/explora.cl\/lagos\/abierta-postulaciones-a-taller-de-audiovisuales-cientificos\/#breadcrumb"},"inLanguage":"es","potentialAction":[{"@type":"ReadAction","target":["https:\/\/explora.cl\/lagos\/abierta-postulaciones-a-taller-de-audiovisuales-cientificos\/"]}]},{"@type":"ImageObject","inLanguage":"es","@id":"https:\/\/explora.cl\/lagos\/abierta-postulaciones-a-taller-de-audiovisuales-cientificos\/#primaryimage","url":"https:\/\/explora.cl\/lagos\/wp-content\/uploads\/sites\/17\/2021\/06\/pagina_explora_tallerAudiovisual.png","contentUrl":"https:\/\/explora.cl\/lagos\/wp-content\/uploads\/sites\/17\/2021\/06\/pagina_explora_tallerAudiovisual.png","width":736,"height":420},{"@type":"BreadcrumbList","@id":"https:\/\/explora.cl\/lagos\/abierta-postulaciones-a-taller-de-audiovisuales-cientificos\/#breadcrumb","itemListElement":[{"@type":"ListItem","position":1,"name":"Portada","item":"https:\/\/explora.cl\/lagos\/"},{"@type":"ListItem","position":2,"name":"Abierta postulaciones a Taller de Audiovisuales Cient\u00edficos"}]},{"@type":"WebSite","@id":"https:\/\/explora.cl\/lagos\/#website","url":"https:\/\/explora.cl\/lagos\/","name":"Los Lagos","description":"Otro sitio m\u00e1s de explora.cl","potentialAction":[{"@type":"SearchAction","target":{"@type":"EntryPoint","urlTemplate":"https:\/\/explora.cl\/lagos\/?s={search_term_string}"},"query-input":{"@type":"PropertyValueSpecification","valueRequired":true,"valueName":"search_term_string"}}],"inLanguage":"es"},{"@type":"Person","@id":"https:\/\/explora.cl\/lagos\/#\/schema\/person\/6608d3ee9ea0b0daeaf12289528fc582","name":"jvargas","image":{"@type":"ImageObject","inLanguage":"es","@id":"https:\/\/explora.cl\/lagos\/#\/schema\/person\/image\/","url":"https:\/\/secure.gravatar.com\/avatar\/8a6892fbfb002ef173a244b534b4bbcea4c183fc3fbf7732e64ac89b1d22d482?s=96&d=mm&r=g","contentUrl":"https:\/\/secure.gravatar.com\/avatar\/8a6892fbfb002ef173a244b534b4bbcea4c183fc3fbf7732e64ac89b1d22d482?s=96&d=mm&r=g","caption":"jvargas"},"url":"https:\/\/explora.cl\/lagos\/author\/jvargas\/"}]}},"_links":{"self":[{"href":"https:\/\/explora.cl\/lagos\/wp-json\/wp\/v2\/posts\/39956","targetHints":{"allow":["GET"]}}],"collection":[{"href":"https:\/\/explora.cl\/lagos\/wp-json\/wp\/v2\/posts"}],"about":[{"href":"https:\/\/explora.cl\/lagos\/wp-json\/wp\/v2\/types\/post"}],"author":[{"embeddable":true,"href":"https:\/\/explora.cl\/lagos\/wp-json\/wp\/v2\/users\/36"}],"replies":[{"embeddable":true,"href":"https:\/\/explora.cl\/lagos\/wp-json\/wp\/v2\/comments?post=39956"}],"version-history":[{"count":11,"href":"https:\/\/explora.cl\/lagos\/wp-json\/wp\/v2\/posts\/39956\/revisions"}],"predecessor-version":[{"id":39961,"href":"https:\/\/explora.cl\/lagos\/wp-json\/wp\/v2\/posts\/39956\/revisions\/39961"}],"wp:featuredmedia":[{"embeddable":true,"href":"https:\/\/explora.cl\/lagos\/wp-json\/wp\/v2\/media\/39957"}],"wp:attachment":[{"href":"https:\/\/explora.cl\/lagos\/wp-json\/wp\/v2\/media?parent=39956"}],"wp:term":[{"taxonomy":"category","embeddable":true,"href":"https:\/\/explora.cl\/lagos\/wp-json\/wp\/v2\/categories?post=39956"},{"taxonomy":"post_tag","embeddable":true,"href":"https:\/\/explora.cl\/lagos\/wp-json\/wp\/v2\/tags?post=39956"}],"curies":[{"name":"wp","href":"https:\/\/api.w.org\/{rel}","templated":true}]}}