{"id":39903,"date":"2021-05-26T22:31:32","date_gmt":"2021-05-27T02:31:32","guid":{"rendered":"https:\/\/explora.cl\/lagos\/?p=39903"},"modified":"2021-07-07T20:16:17","modified_gmt":"2021-07-08T00:16:17","slug":"conversatorio-patrimonio-y-memoria-historica-el-legado-del-sr-edilio-peranchuay-en-la-cuenca-del-lago-llanquihue","status":"publish","type":"post","link":"https:\/\/explora.cl\/lagos\/conversatorio-patrimonio-y-memoria-historica-el-legado-del-sr-edilio-peranchuay-en-la-cuenca-del-lago-llanquihue\/","title":{"rendered":"\u00a0Conversatorio: \u00abPatrimonio y Memoria Hist\u00f3rica; el legado del Sr. Edilio Peranchuay en la cuenca del Lago Llanquihue\u00bb"},"content":{"rendered":"<p>El Proyecto Asociativo Regional, PAR Explora Los Lagos, financiado por el Ministerio de Ciencia, Tecnolog\u00eda, Conocimiento e Innovaci\u00f3n y ejecutado por la Universidad Austral de Chile Sede Puerto Montt, le extiende la invitaci\u00f3n para participar en el\u00a0<b>Conversatorio: \u00abPatrimonio y Memoria Hist\u00f3rica; el legado del Sr. Edilio Peranchuay en la cuenca del Lago Llanquihue\u00bb\u00a0<\/b>que se realizar\u00e1 el pr\u00f3ximo\u00a0<b>viernes 28 de mayo a las 17: 00 hrs<\/b>, en el marco del\u00a0<b>#D\u00edadelPatrimonio 2021<\/b>.<\/p>\n<p>En la instancia, estaremos conversando con Ra\u00fal Palma, arquitecto y Consejero del Consejo de Monumentos Nacionales y Pamela Urtubia, antrop\u00f3loga, directora del Museo Hist\u00f3rico de Puerto Montt y Casa Pauly.<\/p>\n<p>\ud83d\udccc<b>Link de acceso a la actividad:<\/b>\u00a0<a href=\"https:\/\/reuna.zoom.us\/meeting\/register\/tZUlc-Cgqj8oGdL9OclaYJXgOSDe8Q5uAwfH\" target=\"_blank\" rel=\"noopener noreferrer\" data-auth=\"NotApplicable\" data-linkindex=\"0\">https:\/\/reuna.zoom.us\/meeting\/register\/tZUlc-Cgqj8oGdL9OclaYJXgOSDe8Q5uAwfH<\/a> o a trav\u00e9s de la Fanpage <a href=\"https:\/\/www.facebook.com\/PARExploraLagos\" target=\"_blank\" rel=\"noopener noreferrer\" data-auth=\"NotApplicable\" data-linkindex=\"1\">https:\/\/www.facebook.com\/PARExploraLagos<br \/>\n<\/a><\/p>\n<p>De antemano, agradecemos su participaci\u00f3n y le incentivamos a conectarse y vivir el #DiadelPatrimonio en nuestra Regi\u00f3n de Los Lagos #ChileLaboratorioNatural.<\/p>\n","protected":false},"excerpt":{"rendered":"<p>Se realizar\u00e1 el pr\u00f3ximo\u00a0viernes 28 de mayo a las 17: 00 hrs,<\/p>\n","protected":false},"author":36,"featured_media":39904,"comment_status":"open","ping_status":"open","sticky":false,"template":"","format":"standard","meta":{"_acf_changed":false,"_exactmetrics_skip_tracking":false,"_exactmetrics_sitenote_active":false,"_exactmetrics_sitenote_note":"","_exactmetrics_sitenote_category":0,"footnotes":"","_links_to":"","_links_to_target":""},"categories":[4],"tags":[107,297,266,76,332],"class_list":["post-39903","post","type-post","status-publish","format-standard","has-post-thumbnail","hentry","category-noticias","tag-ciencia","tag-diadelpatrimonio","tag-loslagos","tag-tecnologia","tag-uach-sede-puerto-montt"],"acf":[],"yoast_head":"<!-- This site is optimized with the Yoast SEO plugin v26.9 - https:\/\/yoast.com\/product\/yoast-seo-wordpress\/ -->\n<title>\u00a0Conversatorio: &quot;Patrimonio y Memoria Hist\u00f3rica; el legado del Sr. Edilio Peranchuay en la cuenca del Lago Llanquihue&quot; - Los Lagos<\/title>\n<meta name=\"robots\" content=\"index, follow, max-snippet:-1, max-image-preview:large, max-video-preview:-1\" \/>\n<link rel=\"canonical\" href=\"https:\/\/explora.cl\/lagos\/conversatorio-patrimonio-y-memoria-historica-el-legado-del-sr-edilio-peranchuay-en-la-cuenca-del-lago-llanquihue\/\" class=\"yoast-seo-meta-tag\" \/>\n<meta property=\"og:locale\" content=\"es_ES\" class=\"yoast-seo-meta-tag\" \/>\n<meta property=\"og:type\" content=\"article\" class=\"yoast-seo-meta-tag\" \/>\n<meta property=\"og:title\" content=\"\u00a0Conversatorio: &quot;Patrimonio y Memoria Hist\u00f3rica; el legado del Sr. Edilio Peranchuay en la cuenca del Lago Llanquihue&quot; - Los Lagos\" class=\"yoast-seo-meta-tag\" \/>\n<meta property=\"og:description\" content=\"Se realizar\u00e1 el pr\u00f3ximo\u00a0viernes 28 de mayo a las 17: 00 hrs,\" class=\"yoast-seo-meta-tag\" \/>\n<meta property=\"og:url\" content=\"https:\/\/explora.cl\/lagos\/conversatorio-patrimonio-y-memoria-historica-el-legado-del-sr-edilio-peranchuay-en-la-cuenca-del-lago-llanquihue\/\" class=\"yoast-seo-meta-tag\" \/>\n<meta property=\"og:site_name\" content=\"Los Lagos\" class=\"yoast-seo-meta-tag\" \/>\n<meta property=\"article:published_time\" content=\"2021-05-27T02:31:32+00:00\" class=\"yoast-seo-meta-tag\" \/>\n<meta property=\"article:modified_time\" content=\"2021-07-08T00:16:17+00:00\" class=\"yoast-seo-meta-tag\" \/>\n<meta property=\"og:image\" content=\"https:\/\/explora.cl\/lagos\/wp-content\/uploads\/sites\/17\/2021\/05\/pagina_explora.png\" class=\"yoast-seo-meta-tag\" \/>\n\t<meta property=\"og:image:width\" content=\"736\" class=\"yoast-seo-meta-tag\" \/>\n\t<meta property=\"og:image:height\" content=\"420\" class=\"yoast-seo-meta-tag\" \/>\n\t<meta property=\"og:image:type\" content=\"image\/png\" class=\"yoast-seo-meta-tag\" \/>\n<meta name=\"author\" content=\"jvargas\" class=\"yoast-seo-meta-tag\" \/>\n<meta name=\"twitter:card\" content=\"summary_large_image\" class=\"yoast-seo-meta-tag\" \/>\n<meta name=\"twitter:label1\" content=\"Escrito por\" class=\"yoast-seo-meta-tag\" \/>\n\t<meta name=\"twitter:data1\" content=\"jvargas\" class=\"yoast-seo-meta-tag\" \/>\n\t<meta name=\"twitter:label2\" content=\"Tiempo de lectura\" class=\"yoast-seo-meta-tag\" \/>\n\t<meta name=\"twitter:data2\" content=\"1 minuto\" class=\"yoast-seo-meta-tag\" \/>\n<script type=\"application\/ld+json\" class=\"yoast-schema-graph\">{\"@context\":\"https:\/\/schema.org\",\"@graph\":[{\"@type\":\"Article\",\"@id\":\"https:\/\/explora.cl\/lagos\/conversatorio-patrimonio-y-memoria-historica-el-legado-del-sr-edilio-peranchuay-en-la-cuenca-del-lago-llanquihue\/#article\",\"isPartOf\":{\"@id\":\"https:\/\/explora.cl\/lagos\/conversatorio-patrimonio-y-memoria-historica-el-legado-del-sr-edilio-peranchuay-en-la-cuenca-del-lago-llanquihue\/\"},\"author\":{\"name\":\"jvargas\",\"@id\":\"https:\/\/explora.cl\/lagos\/#\/schema\/person\/6608d3ee9ea0b0daeaf12289528fc582\"},\"headline\":\"\u00a0Conversatorio: \u00abPatrimonio y Memoria Hist\u00f3rica; el legado del Sr. Edilio Peranchuay en la cuenca del Lago Llanquihue\u00bb\",\"datePublished\":\"2021-05-27T02:31:32+00:00\",\"dateModified\":\"2021-07-08T00:16:17+00:00\",\"mainEntityOfPage\":{\"@id\":\"https:\/\/explora.cl\/lagos\/conversatorio-patrimonio-y-memoria-historica-el-legado-del-sr-edilio-peranchuay-en-la-cuenca-del-lago-llanquihue\/\"},\"wordCount\":179,\"commentCount\":0,\"image\":{\"@id\":\"https:\/\/explora.cl\/lagos\/conversatorio-patrimonio-y-memoria-historica-el-legado-del-sr-edilio-peranchuay-en-la-cuenca-del-lago-llanquihue\/#primaryimage\"},\"thumbnailUrl\":\"https:\/\/explora.cl\/lagos\/wp-content\/uploads\/sites\/17\/2021\/05\/pagina_explora.png\",\"keywords\":[\"ciencia\",\"D\u00edadelpatrimonio\",\"LosLagos\",\"tecnolog\u00eda\",\"UACh Sede Puerto Montt\"],\"articleSection\":[\"Noticias\"],\"inLanguage\":\"es\",\"potentialAction\":[{\"@type\":\"CommentAction\",\"name\":\"Comment\",\"target\":[\"https:\/\/explora.cl\/lagos\/conversatorio-patrimonio-y-memoria-historica-el-legado-del-sr-edilio-peranchuay-en-la-cuenca-del-lago-llanquihue\/#respond\"]}]},{\"@type\":\"WebPage\",\"@id\":\"https:\/\/explora.cl\/lagos\/conversatorio-patrimonio-y-memoria-historica-el-legado-del-sr-edilio-peranchuay-en-la-cuenca-del-lago-llanquihue\/\",\"url\":\"https:\/\/explora.cl\/lagos\/conversatorio-patrimonio-y-memoria-historica-el-legado-del-sr-edilio-peranchuay-en-la-cuenca-del-lago-llanquihue\/\",\"name\":\"\u00a0Conversatorio: \\\"Patrimonio y Memoria Hist\u00f3rica; el legado del Sr. Edilio Peranchuay en la cuenca del Lago Llanquihue\\\" - Los Lagos\",\"isPartOf\":{\"@id\":\"https:\/\/explora.cl\/lagos\/#website\"},\"primaryImageOfPage\":{\"@id\":\"https:\/\/explora.cl\/lagos\/conversatorio-patrimonio-y-memoria-historica-el-legado-del-sr-edilio-peranchuay-en-la-cuenca-del-lago-llanquihue\/#primaryimage\"},\"image\":{\"@id\":\"https:\/\/explora.cl\/lagos\/conversatorio-patrimonio-y-memoria-historica-el-legado-del-sr-edilio-peranchuay-en-la-cuenca-del-lago-llanquihue\/#primaryimage\"},\"thumbnailUrl\":\"https:\/\/explora.cl\/lagos\/wp-content\/uploads\/sites\/17\/2021\/05\/pagina_explora.png\",\"datePublished\":\"2021-05-27T02:31:32+00:00\",\"dateModified\":\"2021-07-08T00:16:17+00:00\",\"author\":{\"@id\":\"https:\/\/explora.cl\/lagos\/#\/schema\/person\/6608d3ee9ea0b0daeaf12289528fc582\"},\"breadcrumb\":{\"@id\":\"https:\/\/explora.cl\/lagos\/conversatorio-patrimonio-y-memoria-historica-el-legado-del-sr-edilio-peranchuay-en-la-cuenca-del-lago-llanquihue\/#breadcrumb\"},\"inLanguage\":\"es\",\"potentialAction\":[{\"@type\":\"ReadAction\",\"target\":[\"https:\/\/explora.cl\/lagos\/conversatorio-patrimonio-y-memoria-historica-el-legado-del-sr-edilio-peranchuay-en-la-cuenca-del-lago-llanquihue\/\"]}]},{\"@type\":\"ImageObject\",\"inLanguage\":\"es\",\"@id\":\"https:\/\/explora.cl\/lagos\/conversatorio-patrimonio-y-memoria-historica-el-legado-del-sr-edilio-peranchuay-en-la-cuenca-del-lago-llanquihue\/#primaryimage\",\"url\":\"https:\/\/explora.cl\/lagos\/wp-content\/uploads\/sites\/17\/2021\/05\/pagina_explora.png\",\"contentUrl\":\"https:\/\/explora.cl\/lagos\/wp-content\/uploads\/sites\/17\/2021\/05\/pagina_explora.png\",\"width\":736,\"height\":420},{\"@type\":\"BreadcrumbList\",\"@id\":\"https:\/\/explora.cl\/lagos\/conversatorio-patrimonio-y-memoria-historica-el-legado-del-sr-edilio-peranchuay-en-la-cuenca-del-lago-llanquihue\/#breadcrumb\",\"itemListElement\":[{\"@type\":\"ListItem\",\"position\":1,\"name\":\"Portada\",\"item\":\"https:\/\/explora.cl\/lagos\/\"},{\"@type\":\"ListItem\",\"position\":2,\"name\":\"\u00a0Conversatorio: \u00abPatrimonio y Memoria Hist\u00f3rica; el legado del Sr. Edilio Peranchuay en la cuenca del Lago Llanquihue\u00bb\"}]},{\"@type\":\"WebSite\",\"@id\":\"https:\/\/explora.cl\/lagos\/#website\",\"url\":\"https:\/\/explora.cl\/lagos\/\",\"name\":\"Los Lagos\",\"description\":\"Otro sitio m\u00e1s de explora.cl\",\"potentialAction\":[{\"@type\":\"SearchAction\",\"target\":{\"@type\":\"EntryPoint\",\"urlTemplate\":\"https:\/\/explora.cl\/lagos\/?s={search_term_string}\"},\"query-input\":{\"@type\":\"PropertyValueSpecification\",\"valueRequired\":true,\"valueName\":\"search_term_string\"}}],\"inLanguage\":\"es\"},{\"@type\":\"Person\",\"@id\":\"https:\/\/explora.cl\/lagos\/#\/schema\/person\/6608d3ee9ea0b0daeaf12289528fc582\",\"name\":\"jvargas\",\"image\":{\"@type\":\"ImageObject\",\"inLanguage\":\"es\",\"@id\":\"https:\/\/explora.cl\/lagos\/#\/schema\/person\/image\/\",\"url\":\"https:\/\/secure.gravatar.com\/avatar\/8a6892fbfb002ef173a244b534b4bbcea4c183fc3fbf7732e64ac89b1d22d482?s=96&d=mm&r=g\",\"contentUrl\":\"https:\/\/secure.gravatar.com\/avatar\/8a6892fbfb002ef173a244b534b4bbcea4c183fc3fbf7732e64ac89b1d22d482?s=96&d=mm&r=g\",\"caption\":\"jvargas\"},\"url\":\"https:\/\/explora.cl\/lagos\/author\/jvargas\/\"}]}<\/script>\n<!-- \/ Yoast SEO plugin. -->","yoast_head_json":{"title":"\u00a0Conversatorio: \"Patrimonio y Memoria Hist\u00f3rica; el legado del Sr. Edilio Peranchuay en la cuenca del Lago Llanquihue\" - Los Lagos","robots":{"index":"index","follow":"follow","max-snippet":"max-snippet:-1","max-image-preview":"max-image-preview:large","max-video-preview":"max-video-preview:-1"},"canonical":"https:\/\/explora.cl\/lagos\/conversatorio-patrimonio-y-memoria-historica-el-legado-del-sr-edilio-peranchuay-en-la-cuenca-del-lago-llanquihue\/","og_locale":"es_ES","og_type":"article","og_title":"\u00a0Conversatorio: \"Patrimonio y Memoria Hist\u00f3rica; el legado del Sr. Edilio Peranchuay en la cuenca del Lago Llanquihue\" - Los Lagos","og_description":"Se realizar\u00e1 el pr\u00f3ximo\u00a0viernes 28 de mayo a las 17: 00 hrs,","og_url":"https:\/\/explora.cl\/lagos\/conversatorio-patrimonio-y-memoria-historica-el-legado-del-sr-edilio-peranchuay-en-la-cuenca-del-lago-llanquihue\/","og_site_name":"Los Lagos","article_published_time":"2021-05-27T02:31:32+00:00","article_modified_time":"2021-07-08T00:16:17+00:00","og_image":[{"width":736,"height":420,"url":"https:\/\/explora.cl\/lagos\/wp-content\/uploads\/sites\/17\/2021\/05\/pagina_explora.png","type":"image\/png"}],"author":"jvargas","twitter_card":"summary_large_image","twitter_misc":{"Escrito por":"jvargas","Tiempo de lectura":"1 minuto"},"schema":{"@context":"https:\/\/schema.org","@graph":[{"@type":"Article","@id":"https:\/\/explora.cl\/lagos\/conversatorio-patrimonio-y-memoria-historica-el-legado-del-sr-edilio-peranchuay-en-la-cuenca-del-lago-llanquihue\/#article","isPartOf":{"@id":"https:\/\/explora.cl\/lagos\/conversatorio-patrimonio-y-memoria-historica-el-legado-del-sr-edilio-peranchuay-en-la-cuenca-del-lago-llanquihue\/"},"author":{"name":"jvargas","@id":"https:\/\/explora.cl\/lagos\/#\/schema\/person\/6608d3ee9ea0b0daeaf12289528fc582"},"headline":"\u00a0Conversatorio: \u00abPatrimonio y Memoria Hist\u00f3rica; el legado del Sr. Edilio Peranchuay en la cuenca del Lago Llanquihue\u00bb","datePublished":"2021-05-27T02:31:32+00:00","dateModified":"2021-07-08T00:16:17+00:00","mainEntityOfPage":{"@id":"https:\/\/explora.cl\/lagos\/conversatorio-patrimonio-y-memoria-historica-el-legado-del-sr-edilio-peranchuay-en-la-cuenca-del-lago-llanquihue\/"},"wordCount":179,"commentCount":0,"image":{"@id":"https:\/\/explora.cl\/lagos\/conversatorio-patrimonio-y-memoria-historica-el-legado-del-sr-edilio-peranchuay-en-la-cuenca-del-lago-llanquihue\/#primaryimage"},"thumbnailUrl":"https:\/\/explora.cl\/lagos\/wp-content\/uploads\/sites\/17\/2021\/05\/pagina_explora.png","keywords":["ciencia","D\u00edadelpatrimonio","LosLagos","tecnolog\u00eda","UACh Sede Puerto Montt"],"articleSection":["Noticias"],"inLanguage":"es","potentialAction":[{"@type":"CommentAction","name":"Comment","target":["https:\/\/explora.cl\/lagos\/conversatorio-patrimonio-y-memoria-historica-el-legado-del-sr-edilio-peranchuay-en-la-cuenca-del-lago-llanquihue\/#respond"]}]},{"@type":"WebPage","@id":"https:\/\/explora.cl\/lagos\/conversatorio-patrimonio-y-memoria-historica-el-legado-del-sr-edilio-peranchuay-en-la-cuenca-del-lago-llanquihue\/","url":"https:\/\/explora.cl\/lagos\/conversatorio-patrimonio-y-memoria-historica-el-legado-del-sr-edilio-peranchuay-en-la-cuenca-del-lago-llanquihue\/","name":"\u00a0Conversatorio: \"Patrimonio y Memoria Hist\u00f3rica; el legado del Sr. Edilio Peranchuay en la cuenca del Lago Llanquihue\" - Los Lagos","isPartOf":{"@id":"https:\/\/explora.cl\/lagos\/#website"},"primaryImageOfPage":{"@id":"https:\/\/explora.cl\/lagos\/conversatorio-patrimonio-y-memoria-historica-el-legado-del-sr-edilio-peranchuay-en-la-cuenca-del-lago-llanquihue\/#primaryimage"},"image":{"@id":"https:\/\/explora.cl\/lagos\/conversatorio-patrimonio-y-memoria-historica-el-legado-del-sr-edilio-peranchuay-en-la-cuenca-del-lago-llanquihue\/#primaryimage"},"thumbnailUrl":"https:\/\/explora.cl\/lagos\/wp-content\/uploads\/sites\/17\/2021\/05\/pagina_explora.png","datePublished":"2021-05-27T02:31:32+00:00","dateModified":"2021-07-08T00:16:17+00:00","author":{"@id":"https:\/\/explora.cl\/lagos\/#\/schema\/person\/6608d3ee9ea0b0daeaf12289528fc582"},"breadcrumb":{"@id":"https:\/\/explora.cl\/lagos\/conversatorio-patrimonio-y-memoria-historica-el-legado-del-sr-edilio-peranchuay-en-la-cuenca-del-lago-llanquihue\/#breadcrumb"},"inLanguage":"es","potentialAction":[{"@type":"ReadAction","target":["https:\/\/explora.cl\/lagos\/conversatorio-patrimonio-y-memoria-historica-el-legado-del-sr-edilio-peranchuay-en-la-cuenca-del-lago-llanquihue\/"]}]},{"@type":"ImageObject","inLanguage":"es","@id":"https:\/\/explora.cl\/lagos\/conversatorio-patrimonio-y-memoria-historica-el-legado-del-sr-edilio-peranchuay-en-la-cuenca-del-lago-llanquihue\/#primaryimage","url":"https:\/\/explora.cl\/lagos\/wp-content\/uploads\/sites\/17\/2021\/05\/pagina_explora.png","contentUrl":"https:\/\/explora.cl\/lagos\/wp-content\/uploads\/sites\/17\/2021\/05\/pagina_explora.png","width":736,"height":420},{"@type":"BreadcrumbList","@id":"https:\/\/explora.cl\/lagos\/conversatorio-patrimonio-y-memoria-historica-el-legado-del-sr-edilio-peranchuay-en-la-cuenca-del-lago-llanquihue\/#breadcrumb","itemListElement":[{"@type":"ListItem","position":1,"name":"Portada","item":"https:\/\/explora.cl\/lagos\/"},{"@type":"ListItem","position":2,"name":"\u00a0Conversatorio: \u00abPatrimonio y Memoria Hist\u00f3rica; el legado del Sr. Edilio Peranchuay en la cuenca del Lago Llanquihue\u00bb"}]},{"@type":"WebSite","@id":"https:\/\/explora.cl\/lagos\/#website","url":"https:\/\/explora.cl\/lagos\/","name":"Los Lagos","description":"Otro sitio m\u00e1s de explora.cl","potentialAction":[{"@type":"SearchAction","target":{"@type":"EntryPoint","urlTemplate":"https:\/\/explora.cl\/lagos\/?s={search_term_string}"},"query-input":{"@type":"PropertyValueSpecification","valueRequired":true,"valueName":"search_term_string"}}],"inLanguage":"es"},{"@type":"Person","@id":"https:\/\/explora.cl\/lagos\/#\/schema\/person\/6608d3ee9ea0b0daeaf12289528fc582","name":"jvargas","image":{"@type":"ImageObject","inLanguage":"es","@id":"https:\/\/explora.cl\/lagos\/#\/schema\/person\/image\/","url":"https:\/\/secure.gravatar.com\/avatar\/8a6892fbfb002ef173a244b534b4bbcea4c183fc3fbf7732e64ac89b1d22d482?s=96&d=mm&r=g","contentUrl":"https:\/\/secure.gravatar.com\/avatar\/8a6892fbfb002ef173a244b534b4bbcea4c183fc3fbf7732e64ac89b1d22d482?s=96&d=mm&r=g","caption":"jvargas"},"url":"https:\/\/explora.cl\/lagos\/author\/jvargas\/"}]}},"_links":{"self":[{"href":"https:\/\/explora.cl\/lagos\/wp-json\/wp\/v2\/posts\/39903","targetHints":{"allow":["GET"]}}],"collection":[{"href":"https:\/\/explora.cl\/lagos\/wp-json\/wp\/v2\/posts"}],"about":[{"href":"https:\/\/explora.cl\/lagos\/wp-json\/wp\/v2\/types\/post"}],"author":[{"embeddable":true,"href":"https:\/\/explora.cl\/lagos\/wp-json\/wp\/v2\/users\/36"}],"replies":[{"embeddable":true,"href":"https:\/\/explora.cl\/lagos\/wp-json\/wp\/v2\/comments?post=39903"}],"version-history":[{"count":2,"href":"https:\/\/explora.cl\/lagos\/wp-json\/wp\/v2\/posts\/39903\/revisions"}],"predecessor-version":[{"id":39935,"href":"https:\/\/explora.cl\/lagos\/wp-json\/wp\/v2\/posts\/39903\/revisions\/39935"}],"wp:featuredmedia":[{"embeddable":true,"href":"https:\/\/explora.cl\/lagos\/wp-json\/wp\/v2\/media\/39904"}],"wp:attachment":[{"href":"https:\/\/explora.cl\/lagos\/wp-json\/wp\/v2\/media?parent=39903"}],"wp:term":[{"taxonomy":"category","embeddable":true,"href":"https:\/\/explora.cl\/lagos\/wp-json\/wp\/v2\/categories?post=39903"},{"taxonomy":"post_tag","embeddable":true,"href":"https:\/\/explora.cl\/lagos\/wp-json\/wp\/v2\/tags?post=39903"}],"curies":[{"name":"wp","href":"https:\/\/api.w.org\/{rel}","templated":true}]}}