{"id":39809,"date":"2021-03-09T12:15:14","date_gmt":"2021-03-09T15:15:14","guid":{"rendered":"https:\/\/explora.cl\/lagos\/?p=39809"},"modified":"2021-05-26T22:47:17","modified_gmt":"2021-05-27T02:47:17","slug":"culmina-exitoso-ciclo-de-capsulas-cientifica-creadas-por-investigadores-y-divulgadores-para-comunidad-regional","status":"publish","type":"post","link":"https:\/\/explora.cl\/lagos\/culmina-exitoso-ciclo-de-capsulas-cientifica-creadas-por-investigadores-y-divulgadores-para-comunidad-regional\/","title":{"rendered":"Culmina exitoso ciclo de c\u00e1psulas cient\u00edfica creadas por investigadores y divulgadores para comunidad regional"},"content":{"rendered":"<p>13 mil personas visualizaron las c\u00e1psulas en redes sociales y fueron oyentes en radios locales, mientras que la audiencia regional en televisi\u00f3n fue de 270 mil personas.<\/p>\n<p>C\u00f3mo construir un terrario con musgos y l\u00edquenes o mostrar el nanomundo de la Biolog\u00eda Computacional, son algunas de las tem\u00e1ticas que abordaron investigadores\/as y divulgadores\/as en el ciclo de c\u00e1psulas audiovisuales \u201cCiencia Al D\u00eda\u201d.<\/p>\n<p>En la iniciativa postularon 33 investigadores\/as y divulgadores del \u00e1rea de las ciencias y la tecnolog\u00eda de todo el pa\u00eds y la Regi\u00f3n de Los Lagos y de ellos 16 culminaron el proceso desarrollando 19 c\u00e1psulas cient\u00edficas que fueron difundidas mensualmente en el Canal Regional V\u00e9rtice TV, radio Chait\u00e9n y Curaco de V\u00e9lez y redes sociales.<\/p>\n<p>El ciclo desarrollado desde julio de 2020 a enero de 2021 fue organizado por el Proyecto Explora Los Lagos financiado por el Ministerio de Ministerio de\u202fCiencia, Tecnolog\u00eda, Conocimiento e Innovaci\u00f3n y ejecutado por la Universidad Austral de Chile Sede Puerto Montt.<\/p>\n<p>Las c\u00e1psulas fueron de car\u00e1cter informativo y\/o educativo, cuya funci\u00f3n principal fue ser un aporte para la comunidad en temas de\u202fciencia, tecnolog\u00eda e innovaci\u00f3n, a trav\u00e9s de la entrega de informaci\u00f3n relevante, actual y de inter\u00e9s general, como, temas cient\u00edficos contingentes, avances cient\u00edficos en el pa\u00eds y el mundo,\u202fciencia\u202faplicada a la cotidianidad, datos cient\u00edficos curiosos, recomendaciones, etc<\/p>\n<p>Gabriela Navarro, directora del Proyecto Explora Los Lagos UACh Sede Puerto Montt, destac\u00f3 que \u201cesta iniciativa liderada por el \u00e1rea de comunicaciones del PAR Los Lagos contribuy\u00f3 a generar una red de investigadores\/as y divulgadores\/ en la Regi\u00f3n de Los Lagos y el pa\u00eds y fortalecer el v\u00ednculo entre ellos y la comunidad, a trav\u00e9s de un formato atractivo como lo es el audiovisual, promoviendo as\u00ed la socializaci\u00f3n y la apropiaci\u00f3n del conocimiento. Tambi\u00e9n quiero manifestar un especial agradecimiento a las radios emisoras locales pues gracias a ellas hemos podido llegar a lugares rurales con problemas de conectividad democratizando el acceso de todas y todos a la informaci\u00f3n\u201d.<\/p>\n<p>En detalle, algunos temas abordados fueron, por ejemplo, sobre la actividad f\u00edsica en tiempos de pandemia, reciclaje de pl\u00e1sticos, calentamiento global y huella de carbono, especies invasoras biol\u00f3gicas, Virus Papiloma Humano, entre otras, las cuales est\u00e1n disponibles para la comunidad en el canal de YouTube PAR Explora Los Lagos y tambi\u00e9n en redes sociales.<\/p>\n","protected":false},"excerpt":{"rendered":"<p>En la iniciativa participaron 16 investigadores\/as de todo Chile. <\/p>\n","protected":false},"author":36,"featured_media":39810,"comment_status":"open","ping_status":"open","sticky":false,"template":"","format":"standard","meta":{"_acf_changed":false,"_exactmetrics_skip_tracking":false,"_exactmetrics_sitenote_active":false,"_exactmetrics_sitenote_note":"","_exactmetrics_sitenote_category":0,"footnotes":"","_links_to":"","_links_to_target":""},"categories":[4],"tags":[374,182,346,332],"class_list":["post-39809","post","type-post","status-publish","format-standard","has-post-thumbnail","hentry","category-noticias","tag-ciencia-al-dia","tag-los-lagos","tag-proyecto-explora-los-lagos","tag-uach-sede-puerto-montt"],"acf":[],"yoast_head":"<!-- This site is optimized with the Yoast SEO plugin v26.9 - https:\/\/yoast.com\/product\/yoast-seo-wordpress\/ -->\n<title>Culmina exitoso ciclo de c\u00e1psulas cient\u00edfica creadas por investigadores y divulgadores para comunidad regional - Los Lagos<\/title>\n<meta name=\"robots\" content=\"index, follow, max-snippet:-1, max-image-preview:large, max-video-preview:-1\" \/>\n<link rel=\"canonical\" href=\"https:\/\/explora.cl\/lagos\/culmina-exitoso-ciclo-de-capsulas-cientifica-creadas-por-investigadores-y-divulgadores-para-comunidad-regional\/\" class=\"yoast-seo-meta-tag\" \/>\n<meta property=\"og:locale\" content=\"es_ES\" class=\"yoast-seo-meta-tag\" \/>\n<meta property=\"og:type\" content=\"article\" class=\"yoast-seo-meta-tag\" \/>\n<meta property=\"og:title\" content=\"Culmina exitoso ciclo de c\u00e1psulas cient\u00edfica creadas por investigadores y divulgadores para comunidad regional - Los Lagos\" class=\"yoast-seo-meta-tag\" \/>\n<meta property=\"og:description\" content=\"En la iniciativa participaron 16 investigadores\/as de todo Chile.\" class=\"yoast-seo-meta-tag\" \/>\n<meta property=\"og:url\" content=\"https:\/\/explora.cl\/lagos\/culmina-exitoso-ciclo-de-capsulas-cientifica-creadas-por-investigadores-y-divulgadores-para-comunidad-regional\/\" class=\"yoast-seo-meta-tag\" \/>\n<meta property=\"og:site_name\" content=\"Los Lagos\" class=\"yoast-seo-meta-tag\" \/>\n<meta property=\"article:published_time\" content=\"2021-03-09T15:15:14+00:00\" class=\"yoast-seo-meta-tag\" \/>\n<meta property=\"article:modified_time\" content=\"2021-05-27T02:47:17+00:00\" class=\"yoast-seo-meta-tag\" \/>\n<meta property=\"og:image\" content=\"https:\/\/explora.cl\/lagos\/wp-content\/uploads\/sites\/17\/2021\/03\/FOTO-C\u00c1PSULA-NANOMUNDO-A-TRAV\u00c9S-DE-LA-BIOLOG\u00cdA-COMPUTACIONAL-MAT\u00cdAS-Z\u00da\u00d1IGA.jpg\" class=\"yoast-seo-meta-tag\" \/>\n\t<meta property=\"og:image:width\" content=\"1366\" class=\"yoast-seo-meta-tag\" \/>\n\t<meta property=\"og:image:height\" content=\"768\" class=\"yoast-seo-meta-tag\" \/>\n\t<meta property=\"og:image:type\" content=\"image\/jpeg\" class=\"yoast-seo-meta-tag\" \/>\n<meta name=\"author\" content=\"jvargas\" class=\"yoast-seo-meta-tag\" \/>\n<meta name=\"twitter:card\" content=\"summary_large_image\" class=\"yoast-seo-meta-tag\" \/>\n<meta name=\"twitter:label1\" content=\"Escrito por\" class=\"yoast-seo-meta-tag\" \/>\n\t<meta name=\"twitter:data1\" content=\"jvargas\" class=\"yoast-seo-meta-tag\" \/>\n\t<meta name=\"twitter:label2\" content=\"Tiempo de lectura\" class=\"yoast-seo-meta-tag\" \/>\n\t<meta name=\"twitter:data2\" content=\"2 minutos\" class=\"yoast-seo-meta-tag\" \/>\n<script type=\"application\/ld+json\" class=\"yoast-schema-graph\">{\"@context\":\"https:\/\/schema.org\",\"@graph\":[{\"@type\":\"Article\",\"@id\":\"https:\/\/explora.cl\/lagos\/culmina-exitoso-ciclo-de-capsulas-cientifica-creadas-por-investigadores-y-divulgadores-para-comunidad-regional\/#article\",\"isPartOf\":{\"@id\":\"https:\/\/explora.cl\/lagos\/culmina-exitoso-ciclo-de-capsulas-cientifica-creadas-por-investigadores-y-divulgadores-para-comunidad-regional\/\"},\"author\":{\"name\":\"jvargas\",\"@id\":\"https:\/\/explora.cl\/lagos\/#\/schema\/person\/6608d3ee9ea0b0daeaf12289528fc582\"},\"headline\":\"Culmina exitoso ciclo de c\u00e1psulas cient\u00edfica creadas por investigadores y divulgadores para comunidad regional\",\"datePublished\":\"2021-03-09T15:15:14+00:00\",\"dateModified\":\"2021-05-27T02:47:17+00:00\",\"mainEntityOfPage\":{\"@id\":\"https:\/\/explora.cl\/lagos\/culmina-exitoso-ciclo-de-capsulas-cientifica-creadas-por-investigadores-y-divulgadores-para-comunidad-regional\/\"},\"wordCount\":439,\"commentCount\":0,\"image\":{\"@id\":\"https:\/\/explora.cl\/lagos\/culmina-exitoso-ciclo-de-capsulas-cientifica-creadas-por-investigadores-y-divulgadores-para-comunidad-regional\/#primaryimage\"},\"thumbnailUrl\":\"https:\/\/explora.cl\/lagos\/wp-content\/uploads\/sites\/17\/2021\/03\/FOTO-C\u00c1PSULA-NANOMUNDO-A-TRAV\u00c9S-DE-LA-BIOLOG\u00cdA-COMPUTACIONAL-MAT\u00cdAS-Z\u00da\u00d1IGA.jpg\",\"keywords\":[\"Ciencia Al D\u00eda\",\"Los Lagos\",\"Proyecto Explora Los Lagos\",\"UACh Sede Puerto Montt\"],\"articleSection\":[\"Noticias\"],\"inLanguage\":\"es\",\"potentialAction\":[{\"@type\":\"CommentAction\",\"name\":\"Comment\",\"target\":[\"https:\/\/explora.cl\/lagos\/culmina-exitoso-ciclo-de-capsulas-cientifica-creadas-por-investigadores-y-divulgadores-para-comunidad-regional\/#respond\"]}]},{\"@type\":\"WebPage\",\"@id\":\"https:\/\/explora.cl\/lagos\/culmina-exitoso-ciclo-de-capsulas-cientifica-creadas-por-investigadores-y-divulgadores-para-comunidad-regional\/\",\"url\":\"https:\/\/explora.cl\/lagos\/culmina-exitoso-ciclo-de-capsulas-cientifica-creadas-por-investigadores-y-divulgadores-para-comunidad-regional\/\",\"name\":\"Culmina exitoso ciclo de c\u00e1psulas cient\u00edfica creadas por investigadores y divulgadores para comunidad regional - Los Lagos\",\"isPartOf\":{\"@id\":\"https:\/\/explora.cl\/lagos\/#website\"},\"primaryImageOfPage\":{\"@id\":\"https:\/\/explora.cl\/lagos\/culmina-exitoso-ciclo-de-capsulas-cientifica-creadas-por-investigadores-y-divulgadores-para-comunidad-regional\/#primaryimage\"},\"image\":{\"@id\":\"https:\/\/explora.cl\/lagos\/culmina-exitoso-ciclo-de-capsulas-cientifica-creadas-por-investigadores-y-divulgadores-para-comunidad-regional\/#primaryimage\"},\"thumbnailUrl\":\"https:\/\/explora.cl\/lagos\/wp-content\/uploads\/sites\/17\/2021\/03\/FOTO-C\u00c1PSULA-NANOMUNDO-A-TRAV\u00c9S-DE-LA-BIOLOG\u00cdA-COMPUTACIONAL-MAT\u00cdAS-Z\u00da\u00d1IGA.jpg\",\"datePublished\":\"2021-03-09T15:15:14+00:00\",\"dateModified\":\"2021-05-27T02:47:17+00:00\",\"author\":{\"@id\":\"https:\/\/explora.cl\/lagos\/#\/schema\/person\/6608d3ee9ea0b0daeaf12289528fc582\"},\"breadcrumb\":{\"@id\":\"https:\/\/explora.cl\/lagos\/culmina-exitoso-ciclo-de-capsulas-cientifica-creadas-por-investigadores-y-divulgadores-para-comunidad-regional\/#breadcrumb\"},\"inLanguage\":\"es\",\"potentialAction\":[{\"@type\":\"ReadAction\",\"target\":[\"https:\/\/explora.cl\/lagos\/culmina-exitoso-ciclo-de-capsulas-cientifica-creadas-por-investigadores-y-divulgadores-para-comunidad-regional\/\"]}]},{\"@type\":\"ImageObject\",\"inLanguage\":\"es\",\"@id\":\"https:\/\/explora.cl\/lagos\/culmina-exitoso-ciclo-de-capsulas-cientifica-creadas-por-investigadores-y-divulgadores-para-comunidad-regional\/#primaryimage\",\"url\":\"https:\/\/explora.cl\/lagos\/wp-content\/uploads\/sites\/17\/2021\/03\/FOTO-C\u00c1PSULA-NANOMUNDO-A-TRAV\u00c9S-DE-LA-BIOLOG\u00cdA-COMPUTACIONAL-MAT\u00cdAS-Z\u00da\u00d1IGA.jpg\",\"contentUrl\":\"https:\/\/explora.cl\/lagos\/wp-content\/uploads\/sites\/17\/2021\/03\/FOTO-C\u00c1PSULA-NANOMUNDO-A-TRAV\u00c9S-DE-LA-BIOLOG\u00cdA-COMPUTACIONAL-MAT\u00cdAS-Z\u00da\u00d1IGA.jpg\",\"width\":1366,\"height\":768},{\"@type\":\"BreadcrumbList\",\"@id\":\"https:\/\/explora.cl\/lagos\/culmina-exitoso-ciclo-de-capsulas-cientifica-creadas-por-investigadores-y-divulgadores-para-comunidad-regional\/#breadcrumb\",\"itemListElement\":[{\"@type\":\"ListItem\",\"position\":1,\"name\":\"Portada\",\"item\":\"https:\/\/explora.cl\/lagos\/\"},{\"@type\":\"ListItem\",\"position\":2,\"name\":\"Culmina exitoso ciclo de c\u00e1psulas cient\u00edfica creadas por investigadores y divulgadores para comunidad regional\"}]},{\"@type\":\"WebSite\",\"@id\":\"https:\/\/explora.cl\/lagos\/#website\",\"url\":\"https:\/\/explora.cl\/lagos\/\",\"name\":\"Los Lagos\",\"description\":\"Otro sitio m\u00e1s de explora.cl\",\"potentialAction\":[{\"@type\":\"SearchAction\",\"target\":{\"@type\":\"EntryPoint\",\"urlTemplate\":\"https:\/\/explora.cl\/lagos\/?s={search_term_string}\"},\"query-input\":{\"@type\":\"PropertyValueSpecification\",\"valueRequired\":true,\"valueName\":\"search_term_string\"}}],\"inLanguage\":\"es\"},{\"@type\":\"Person\",\"@id\":\"https:\/\/explora.cl\/lagos\/#\/schema\/person\/6608d3ee9ea0b0daeaf12289528fc582\",\"name\":\"jvargas\",\"image\":{\"@type\":\"ImageObject\",\"inLanguage\":\"es\",\"@id\":\"https:\/\/explora.cl\/lagos\/#\/schema\/person\/image\/\",\"url\":\"https:\/\/secure.gravatar.com\/avatar\/8a6892fbfb002ef173a244b534b4bbcea4c183fc3fbf7732e64ac89b1d22d482?s=96&d=mm&r=g\",\"contentUrl\":\"https:\/\/secure.gravatar.com\/avatar\/8a6892fbfb002ef173a244b534b4bbcea4c183fc3fbf7732e64ac89b1d22d482?s=96&d=mm&r=g\",\"caption\":\"jvargas\"},\"url\":\"https:\/\/explora.cl\/lagos\/author\/jvargas\/\"}]}<\/script>\n<!-- \/ Yoast SEO plugin. -->","yoast_head_json":{"title":"Culmina exitoso ciclo de c\u00e1psulas cient\u00edfica creadas por investigadores y divulgadores para comunidad regional - Los Lagos","robots":{"index":"index","follow":"follow","max-snippet":"max-snippet:-1","max-image-preview":"max-image-preview:large","max-video-preview":"max-video-preview:-1"},"canonical":"https:\/\/explora.cl\/lagos\/culmina-exitoso-ciclo-de-capsulas-cientifica-creadas-por-investigadores-y-divulgadores-para-comunidad-regional\/","og_locale":"es_ES","og_type":"article","og_title":"Culmina exitoso ciclo de c\u00e1psulas cient\u00edfica creadas por investigadores y divulgadores para comunidad regional - Los Lagos","og_description":"En la iniciativa participaron 16 investigadores\/as de todo Chile.","og_url":"https:\/\/explora.cl\/lagos\/culmina-exitoso-ciclo-de-capsulas-cientifica-creadas-por-investigadores-y-divulgadores-para-comunidad-regional\/","og_site_name":"Los Lagos","article_published_time":"2021-03-09T15:15:14+00:00","article_modified_time":"2021-05-27T02:47:17+00:00","og_image":[{"width":1366,"height":768,"url":"https:\/\/explora.cl\/lagos\/wp-content\/uploads\/sites\/17\/2021\/03\/FOTO-C\u00c1PSULA-NANOMUNDO-A-TRAV\u00c9S-DE-LA-BIOLOG\u00cdA-COMPUTACIONAL-MAT\u00cdAS-Z\u00da\u00d1IGA.jpg","type":"image\/jpeg"}],"author":"jvargas","twitter_card":"summary_large_image","twitter_misc":{"Escrito por":"jvargas","Tiempo de lectura":"2 minutos"},"schema":{"@context":"https:\/\/schema.org","@graph":[{"@type":"Article","@id":"https:\/\/explora.cl\/lagos\/culmina-exitoso-ciclo-de-capsulas-cientifica-creadas-por-investigadores-y-divulgadores-para-comunidad-regional\/#article","isPartOf":{"@id":"https:\/\/explora.cl\/lagos\/culmina-exitoso-ciclo-de-capsulas-cientifica-creadas-por-investigadores-y-divulgadores-para-comunidad-regional\/"},"author":{"name":"jvargas","@id":"https:\/\/explora.cl\/lagos\/#\/schema\/person\/6608d3ee9ea0b0daeaf12289528fc582"},"headline":"Culmina exitoso ciclo de c\u00e1psulas cient\u00edfica creadas por investigadores y divulgadores para comunidad regional","datePublished":"2021-03-09T15:15:14+00:00","dateModified":"2021-05-27T02:47:17+00:00","mainEntityOfPage":{"@id":"https:\/\/explora.cl\/lagos\/culmina-exitoso-ciclo-de-capsulas-cientifica-creadas-por-investigadores-y-divulgadores-para-comunidad-regional\/"},"wordCount":439,"commentCount":0,"image":{"@id":"https:\/\/explora.cl\/lagos\/culmina-exitoso-ciclo-de-capsulas-cientifica-creadas-por-investigadores-y-divulgadores-para-comunidad-regional\/#primaryimage"},"thumbnailUrl":"https:\/\/explora.cl\/lagos\/wp-content\/uploads\/sites\/17\/2021\/03\/FOTO-C\u00c1PSULA-NANOMUNDO-A-TRAV\u00c9S-DE-LA-BIOLOG\u00cdA-COMPUTACIONAL-MAT\u00cdAS-Z\u00da\u00d1IGA.jpg","keywords":["Ciencia Al D\u00eda","Los Lagos","Proyecto Explora Los Lagos","UACh Sede Puerto Montt"],"articleSection":["Noticias"],"inLanguage":"es","potentialAction":[{"@type":"CommentAction","name":"Comment","target":["https:\/\/explora.cl\/lagos\/culmina-exitoso-ciclo-de-capsulas-cientifica-creadas-por-investigadores-y-divulgadores-para-comunidad-regional\/#respond"]}]},{"@type":"WebPage","@id":"https:\/\/explora.cl\/lagos\/culmina-exitoso-ciclo-de-capsulas-cientifica-creadas-por-investigadores-y-divulgadores-para-comunidad-regional\/","url":"https:\/\/explora.cl\/lagos\/culmina-exitoso-ciclo-de-capsulas-cientifica-creadas-por-investigadores-y-divulgadores-para-comunidad-regional\/","name":"Culmina exitoso ciclo de c\u00e1psulas cient\u00edfica creadas por investigadores y divulgadores para comunidad regional - Los Lagos","isPartOf":{"@id":"https:\/\/explora.cl\/lagos\/#website"},"primaryImageOfPage":{"@id":"https:\/\/explora.cl\/lagos\/culmina-exitoso-ciclo-de-capsulas-cientifica-creadas-por-investigadores-y-divulgadores-para-comunidad-regional\/#primaryimage"},"image":{"@id":"https:\/\/explora.cl\/lagos\/culmina-exitoso-ciclo-de-capsulas-cientifica-creadas-por-investigadores-y-divulgadores-para-comunidad-regional\/#primaryimage"},"thumbnailUrl":"https:\/\/explora.cl\/lagos\/wp-content\/uploads\/sites\/17\/2021\/03\/FOTO-C\u00c1PSULA-NANOMUNDO-A-TRAV\u00c9S-DE-LA-BIOLOG\u00cdA-COMPUTACIONAL-MAT\u00cdAS-Z\u00da\u00d1IGA.jpg","datePublished":"2021-03-09T15:15:14+00:00","dateModified":"2021-05-27T02:47:17+00:00","author":{"@id":"https:\/\/explora.cl\/lagos\/#\/schema\/person\/6608d3ee9ea0b0daeaf12289528fc582"},"breadcrumb":{"@id":"https:\/\/explora.cl\/lagos\/culmina-exitoso-ciclo-de-capsulas-cientifica-creadas-por-investigadores-y-divulgadores-para-comunidad-regional\/#breadcrumb"},"inLanguage":"es","potentialAction":[{"@type":"ReadAction","target":["https:\/\/explora.cl\/lagos\/culmina-exitoso-ciclo-de-capsulas-cientifica-creadas-por-investigadores-y-divulgadores-para-comunidad-regional\/"]}]},{"@type":"ImageObject","inLanguage":"es","@id":"https:\/\/explora.cl\/lagos\/culmina-exitoso-ciclo-de-capsulas-cientifica-creadas-por-investigadores-y-divulgadores-para-comunidad-regional\/#primaryimage","url":"https:\/\/explora.cl\/lagos\/wp-content\/uploads\/sites\/17\/2021\/03\/FOTO-C\u00c1PSULA-NANOMUNDO-A-TRAV\u00c9S-DE-LA-BIOLOG\u00cdA-COMPUTACIONAL-MAT\u00cdAS-Z\u00da\u00d1IGA.jpg","contentUrl":"https:\/\/explora.cl\/lagos\/wp-content\/uploads\/sites\/17\/2021\/03\/FOTO-C\u00c1PSULA-NANOMUNDO-A-TRAV\u00c9S-DE-LA-BIOLOG\u00cdA-COMPUTACIONAL-MAT\u00cdAS-Z\u00da\u00d1IGA.jpg","width":1366,"height":768},{"@type":"BreadcrumbList","@id":"https:\/\/explora.cl\/lagos\/culmina-exitoso-ciclo-de-capsulas-cientifica-creadas-por-investigadores-y-divulgadores-para-comunidad-regional\/#breadcrumb","itemListElement":[{"@type":"ListItem","position":1,"name":"Portada","item":"https:\/\/explora.cl\/lagos\/"},{"@type":"ListItem","position":2,"name":"Culmina exitoso ciclo de c\u00e1psulas cient\u00edfica creadas por investigadores y divulgadores para comunidad regional"}]},{"@type":"WebSite","@id":"https:\/\/explora.cl\/lagos\/#website","url":"https:\/\/explora.cl\/lagos\/","name":"Los Lagos","description":"Otro sitio m\u00e1s de explora.cl","potentialAction":[{"@type":"SearchAction","target":{"@type":"EntryPoint","urlTemplate":"https:\/\/explora.cl\/lagos\/?s={search_term_string}"},"query-input":{"@type":"PropertyValueSpecification","valueRequired":true,"valueName":"search_term_string"}}],"inLanguage":"es"},{"@type":"Person","@id":"https:\/\/explora.cl\/lagos\/#\/schema\/person\/6608d3ee9ea0b0daeaf12289528fc582","name":"jvargas","image":{"@type":"ImageObject","inLanguage":"es","@id":"https:\/\/explora.cl\/lagos\/#\/schema\/person\/image\/","url":"https:\/\/secure.gravatar.com\/avatar\/8a6892fbfb002ef173a244b534b4bbcea4c183fc3fbf7732e64ac89b1d22d482?s=96&d=mm&r=g","contentUrl":"https:\/\/secure.gravatar.com\/avatar\/8a6892fbfb002ef173a244b534b4bbcea4c183fc3fbf7732e64ac89b1d22d482?s=96&d=mm&r=g","caption":"jvargas"},"url":"https:\/\/explora.cl\/lagos\/author\/jvargas\/"}]}},"_links":{"self":[{"href":"https:\/\/explora.cl\/lagos\/wp-json\/wp\/v2\/posts\/39809","targetHints":{"allow":["GET"]}}],"collection":[{"href":"https:\/\/explora.cl\/lagos\/wp-json\/wp\/v2\/posts"}],"about":[{"href":"https:\/\/explora.cl\/lagos\/wp-json\/wp\/v2\/types\/post"}],"author":[{"embeddable":true,"href":"https:\/\/explora.cl\/lagos\/wp-json\/wp\/v2\/users\/36"}],"replies":[{"embeddable":true,"href":"https:\/\/explora.cl\/lagos\/wp-json\/wp\/v2\/comments?post=39809"}],"version-history":[{"count":1,"href":"https:\/\/explora.cl\/lagos\/wp-json\/wp\/v2\/posts\/39809\/revisions"}],"predecessor-version":[{"id":39811,"href":"https:\/\/explora.cl\/lagos\/wp-json\/wp\/v2\/posts\/39809\/revisions\/39811"}],"wp:featuredmedia":[{"embeddable":true,"href":"https:\/\/explora.cl\/lagos\/wp-json\/wp\/v2\/media\/39810"}],"wp:attachment":[{"href":"https:\/\/explora.cl\/lagos\/wp-json\/wp\/v2\/media?parent=39809"}],"wp:term":[{"taxonomy":"category","embeddable":true,"href":"https:\/\/explora.cl\/lagos\/wp-json\/wp\/v2\/categories?post=39809"},{"taxonomy":"post_tag","embeddable":true,"href":"https:\/\/explora.cl\/lagos\/wp-json\/wp\/v2\/tags?post=39809"}],"curies":[{"name":"wp","href":"https:\/\/api.w.org\/{rel}","templated":true}]}}