{"id":39782,"date":"2020-12-28T12:36:03","date_gmt":"2020-12-28T15:36:03","guid":{"rendered":"https:\/\/explora.cl\/lagos\/?p=39782"},"modified":"2021-04-30T16:31:53","modified_gmt":"2021-04-30T20:31:53","slug":"comunidad-invitada-a-recorrer-rincones-de-la-region-de-los-lagos-a-traves-de-realidad-virtual","status":"publish","type":"post","link":"https:\/\/explora.cl\/lagos\/comunidad-invitada-a-recorrer-rincones-de-la-region-de-los-lagos-a-traves-de-realidad-virtual\/","title":{"rendered":"Comunidad invitada a recorrer rincones de la Regi\u00f3n de Los Lagos a trav\u00e9s de realidad virtual"},"content":{"rendered":"<p>Apreciar el cr\u00e1ter de un volc\u00e1n desde su interior, recorrer ecosistemas de humedales o reconstruir una ciudad a trav\u00e9s de su arquitectura, hoy se puede lograr y observar a trav\u00e9s de la realidad virtual desde la comodidad del hogar o desde cualquier parte del mundo durante las vacaciones.<\/p>\n<p>Por ello, el Proyecto Explora Los Lagos financiado por el Ministerio de Ciencia, Tecnolog\u00eda, Conocimiento e Innovaci\u00f3n, ejecutado por la Universidad Austral de Chile Sede Puerto Montt junto a INDAGA, dise\u00f1aron una plataforma web de los Programas de Educaci\u00f3n al Aire Libre PEAL disponible en versi\u00f3n marcha blanca en la p\u00e1gina <strong><a href=\"https:\/\/loslagosvirtual.cl\/.\">https:\/\/loslagosvirtual.cl\/<\/a><\/strong><\/p>\n<p>La iniciativa busca que la comunidad general experimente aprendizajes significativos al aire libre en entornos rurales y urbanos, ya sea inmersos en la biodiversidad del sur de Chile o apreciando el patrimonio cultural de nuestra regi\u00f3n, guiados por monitores especializados. En el contexto de la contingencia sanitaria producto del COVID-19, se decidi\u00f3 realizar estos recorridos de forma virtual a trav\u00e9s de una plataforma web accesible a toda la comunidad.<\/p>\n<p>En la marcha blanca se puede recorrer a trav\u00e9s de una experiencia auditiva y visual en 360\u00b0 el <strong>Circuito del Agua en la ciudad de Llanquihue, el Circuito Patrimonial de Puerto Varas en el casco hist\u00f3rico de la ciudad y el Circuito Vulcanol\u00f3gico en el Centro de Interpretaci\u00f3n Pirepill\u00e1n del Volc\u00e1n Osorno.<\/strong><\/p>\n<p>En enero, tambi\u00e9n estar\u00e1n disponibles el Recorrido Sendero de los Sentidos en el Monumento Natural Lahuen \u00d1adi y el Taller de Turberas en el humedal de P\u00falpito en Chonchi, Chilo\u00e9.<\/p>\n<h3>Gabriela Navarro, directora del Proyecto Explora Los Lagos UACh Sede Puerto Montt, motiva a la comunidad general a visitar la plataforma que \u201cpermite explorar los diversos ecosistemas de nuestro entorno y adem\u00e1s sensibilizar sobre la importancia de reconocer la historia y preservar el patrimonio natural y cultural de la Regi\u00f3n de Los Lagos. Esta es una herramienta educativa que viene a completar la experiencia de aprendizaje presencial de los Programas de Educaci\u00f3n al Aire Libre desarrollada por el PAR Los Lagos el 2019, donde participaron alrededor de 2 mil estudiantes. En definitiva, nosotros buscamos que la comunidad regional y nacional pueda indagar sobre las diversas tem\u00e1ticas que se relacionan con nuestro entorno natural y cultural y adem\u00e1s de ser part\u00edcipes, transmitiendo este conocimiento a sus familias y amigos, que en muchos casos es desconocido para las personas\u201d, explic\u00f3 Navarro.<\/h3>\n<p>Los visitantes de la p\u00e1gina podr\u00e1n tambi\u00e9n compartir sus opiniones a trav\u00e9s de una encuesta que est\u00e1 disponible en la plataforma para retroalimentar y mejorar la experiencia virtual.<\/p>\n","protected":false},"excerpt":{"rendered":"<p>Las personas pueden conocer y aprender sobre los diversos lugares a trav\u00e9s de una experiencia auditiva y visual en 360 grados.  <\/p>\n","protected":false},"author":36,"featured_media":39783,"comment_status":"open","ping_status":"open","sticky":false,"template":"","format":"standard","meta":{"_acf_changed":false,"_exactmetrics_skip_tracking":false,"_exactmetrics_sitenote_active":false,"_exactmetrics_sitenote_note":"","_exactmetrics_sitenote_category":0,"footnotes":"","_links_to":"","_links_to_target":""},"categories":[4,1],"tags":[107,182,228,367,346,335],"class_list":["post-39782","post","type-post","status-publish","format-standard","has-post-thumbnail","hentry","category-noticias","category-sin-categoria","tag-ciencia","tag-los-lagos","tag-peal","tag-programa-de-educacion-al-aire-libre","tag-proyecto-explora-los-lagos","tag-universidad-austral-de-chile-sede-puerto-montt"],"acf":[],"yoast_head":"<!-- This site is optimized with the Yoast SEO plugin v26.9 - https:\/\/yoast.com\/product\/yoast-seo-wordpress\/ -->\n<title>Comunidad invitada a recorrer rincones de la Regi\u00f3n de Los Lagos a trav\u00e9s de realidad virtual - Los Lagos<\/title>\n<meta name=\"robots\" content=\"index, follow, max-snippet:-1, max-image-preview:large, max-video-preview:-1\" \/>\n<link rel=\"canonical\" href=\"https:\/\/explora.cl\/lagos\/comunidad-invitada-a-recorrer-rincones-de-la-region-de-los-lagos-a-traves-de-realidad-virtual\/\" class=\"yoast-seo-meta-tag\" \/>\n<meta property=\"og:locale\" content=\"es_ES\" class=\"yoast-seo-meta-tag\" \/>\n<meta property=\"og:type\" content=\"article\" class=\"yoast-seo-meta-tag\" \/>\n<meta property=\"og:title\" content=\"Comunidad invitada a recorrer rincones de la Regi\u00f3n de Los Lagos a trav\u00e9s de realidad virtual - Los Lagos\" class=\"yoast-seo-meta-tag\" \/>\n<meta property=\"og:description\" content=\"Las personas pueden conocer y aprender sobre los diversos lugares a trav\u00e9s de una experiencia auditiva y visual en 360 grados.\" class=\"yoast-seo-meta-tag\" \/>\n<meta property=\"og:url\" content=\"https:\/\/explora.cl\/lagos\/comunidad-invitada-a-recorrer-rincones-de-la-region-de-los-lagos-a-traves-de-realidad-virtual\/\" class=\"yoast-seo-meta-tag\" \/>\n<meta property=\"og:site_name\" content=\"Los Lagos\" class=\"yoast-seo-meta-tag\" \/>\n<meta property=\"article:published_time\" content=\"2020-12-28T15:36:03+00:00\" class=\"yoast-seo-meta-tag\" \/>\n<meta property=\"article:modified_time\" content=\"2021-04-30T20:31:53+00:00\" class=\"yoast-seo-meta-tag\" \/>\n<meta property=\"og:image\" content=\"https:\/\/explora.cl\/lagos\/wp-content\/uploads\/sites\/17\/2020\/12\/RECORRIDO-LLANQUIHUE.jpg\" class=\"yoast-seo-meta-tag\" \/>\n\t<meta property=\"og:image:width\" content=\"1366\" class=\"yoast-seo-meta-tag\" \/>\n\t<meta property=\"og:image:height\" content=\"768\" class=\"yoast-seo-meta-tag\" \/>\n\t<meta property=\"og:image:type\" content=\"image\/jpeg\" class=\"yoast-seo-meta-tag\" \/>\n<meta name=\"author\" content=\"jvargas\" class=\"yoast-seo-meta-tag\" \/>\n<meta name=\"twitter:card\" content=\"summary_large_image\" class=\"yoast-seo-meta-tag\" \/>\n<meta name=\"twitter:label1\" content=\"Escrito por\" class=\"yoast-seo-meta-tag\" \/>\n\t<meta name=\"twitter:data1\" content=\"jvargas\" class=\"yoast-seo-meta-tag\" \/>\n\t<meta name=\"twitter:label2\" content=\"Tiempo de lectura\" class=\"yoast-seo-meta-tag\" \/>\n\t<meta name=\"twitter:data2\" content=\"2 minutos\" class=\"yoast-seo-meta-tag\" \/>\n<script type=\"application\/ld+json\" class=\"yoast-schema-graph\">{\"@context\":\"https:\/\/schema.org\",\"@graph\":[{\"@type\":\"Article\",\"@id\":\"https:\/\/explora.cl\/lagos\/comunidad-invitada-a-recorrer-rincones-de-la-region-de-los-lagos-a-traves-de-realidad-virtual\/#article\",\"isPartOf\":{\"@id\":\"https:\/\/explora.cl\/lagos\/comunidad-invitada-a-recorrer-rincones-de-la-region-de-los-lagos-a-traves-de-realidad-virtual\/\"},\"author\":{\"name\":\"jvargas\",\"@id\":\"https:\/\/explora.cl\/lagos\/#\/schema\/person\/6608d3ee9ea0b0daeaf12289528fc582\"},\"headline\":\"Comunidad invitada a recorrer rincones de la Regi\u00f3n de Los Lagos a trav\u00e9s de realidad virtual\",\"datePublished\":\"2020-12-28T15:36:03+00:00\",\"dateModified\":\"2021-04-30T20:31:53+00:00\",\"mainEntityOfPage\":{\"@id\":\"https:\/\/explora.cl\/lagos\/comunidad-invitada-a-recorrer-rincones-de-la-region-de-los-lagos-a-traves-de-realidad-virtual\/\"},\"wordCount\":466,\"commentCount\":0,\"image\":{\"@id\":\"https:\/\/explora.cl\/lagos\/comunidad-invitada-a-recorrer-rincones-de-la-region-de-los-lagos-a-traves-de-realidad-virtual\/#primaryimage\"},\"thumbnailUrl\":\"https:\/\/explora.cl\/lagos\/wp-content\/uploads\/sites\/17\/2020\/12\/RECORRIDO-LLANQUIHUE.jpg\",\"keywords\":[\"ciencia\",\"Los Lagos\",\"PEAL\",\"Programa de Educaci\u00f3n al Aire Libre\",\"Proyecto Explora Los Lagos\",\"Universidad Austral de Chile Sede Puerto Montt\"],\"articleSection\":[\"Noticias\"],\"inLanguage\":\"es\",\"potentialAction\":[{\"@type\":\"CommentAction\",\"name\":\"Comment\",\"target\":[\"https:\/\/explora.cl\/lagos\/comunidad-invitada-a-recorrer-rincones-de-la-region-de-los-lagos-a-traves-de-realidad-virtual\/#respond\"]}]},{\"@type\":\"WebPage\",\"@id\":\"https:\/\/explora.cl\/lagos\/comunidad-invitada-a-recorrer-rincones-de-la-region-de-los-lagos-a-traves-de-realidad-virtual\/\",\"url\":\"https:\/\/explora.cl\/lagos\/comunidad-invitada-a-recorrer-rincones-de-la-region-de-los-lagos-a-traves-de-realidad-virtual\/\",\"name\":\"Comunidad invitada a recorrer rincones de la Regi\u00f3n de Los Lagos a trav\u00e9s de realidad virtual - Los Lagos\",\"isPartOf\":{\"@id\":\"https:\/\/explora.cl\/lagos\/#website\"},\"primaryImageOfPage\":{\"@id\":\"https:\/\/explora.cl\/lagos\/comunidad-invitada-a-recorrer-rincones-de-la-region-de-los-lagos-a-traves-de-realidad-virtual\/#primaryimage\"},\"image\":{\"@id\":\"https:\/\/explora.cl\/lagos\/comunidad-invitada-a-recorrer-rincones-de-la-region-de-los-lagos-a-traves-de-realidad-virtual\/#primaryimage\"},\"thumbnailUrl\":\"https:\/\/explora.cl\/lagos\/wp-content\/uploads\/sites\/17\/2020\/12\/RECORRIDO-LLANQUIHUE.jpg\",\"datePublished\":\"2020-12-28T15:36:03+00:00\",\"dateModified\":\"2021-04-30T20:31:53+00:00\",\"author\":{\"@id\":\"https:\/\/explora.cl\/lagos\/#\/schema\/person\/6608d3ee9ea0b0daeaf12289528fc582\"},\"breadcrumb\":{\"@id\":\"https:\/\/explora.cl\/lagos\/comunidad-invitada-a-recorrer-rincones-de-la-region-de-los-lagos-a-traves-de-realidad-virtual\/#breadcrumb\"},\"inLanguage\":\"es\",\"potentialAction\":[{\"@type\":\"ReadAction\",\"target\":[\"https:\/\/explora.cl\/lagos\/comunidad-invitada-a-recorrer-rincones-de-la-region-de-los-lagos-a-traves-de-realidad-virtual\/\"]}]},{\"@type\":\"ImageObject\",\"inLanguage\":\"es\",\"@id\":\"https:\/\/explora.cl\/lagos\/comunidad-invitada-a-recorrer-rincones-de-la-region-de-los-lagos-a-traves-de-realidad-virtual\/#primaryimage\",\"url\":\"https:\/\/explora.cl\/lagos\/wp-content\/uploads\/sites\/17\/2020\/12\/RECORRIDO-LLANQUIHUE.jpg\",\"contentUrl\":\"https:\/\/explora.cl\/lagos\/wp-content\/uploads\/sites\/17\/2020\/12\/RECORRIDO-LLANQUIHUE.jpg\",\"width\":1366,\"height\":768},{\"@type\":\"BreadcrumbList\",\"@id\":\"https:\/\/explora.cl\/lagos\/comunidad-invitada-a-recorrer-rincones-de-la-region-de-los-lagos-a-traves-de-realidad-virtual\/#breadcrumb\",\"itemListElement\":[{\"@type\":\"ListItem\",\"position\":1,\"name\":\"Portada\",\"item\":\"https:\/\/explora.cl\/lagos\/\"},{\"@type\":\"ListItem\",\"position\":2,\"name\":\"Comunidad invitada a recorrer rincones de la Regi\u00f3n de Los Lagos a trav\u00e9s de realidad virtual\"}]},{\"@type\":\"WebSite\",\"@id\":\"https:\/\/explora.cl\/lagos\/#website\",\"url\":\"https:\/\/explora.cl\/lagos\/\",\"name\":\"Los Lagos\",\"description\":\"Otro sitio m\u00e1s de explora.cl\",\"potentialAction\":[{\"@type\":\"SearchAction\",\"target\":{\"@type\":\"EntryPoint\",\"urlTemplate\":\"https:\/\/explora.cl\/lagos\/?s={search_term_string}\"},\"query-input\":{\"@type\":\"PropertyValueSpecification\",\"valueRequired\":true,\"valueName\":\"search_term_string\"}}],\"inLanguage\":\"es\"},{\"@type\":\"Person\",\"@id\":\"https:\/\/explora.cl\/lagos\/#\/schema\/person\/6608d3ee9ea0b0daeaf12289528fc582\",\"name\":\"jvargas\",\"image\":{\"@type\":\"ImageObject\",\"inLanguage\":\"es\",\"@id\":\"https:\/\/explora.cl\/lagos\/#\/schema\/person\/image\/\",\"url\":\"https:\/\/secure.gravatar.com\/avatar\/8a6892fbfb002ef173a244b534b4bbcea4c183fc3fbf7732e64ac89b1d22d482?s=96&d=mm&r=g\",\"contentUrl\":\"https:\/\/secure.gravatar.com\/avatar\/8a6892fbfb002ef173a244b534b4bbcea4c183fc3fbf7732e64ac89b1d22d482?s=96&d=mm&r=g\",\"caption\":\"jvargas\"},\"url\":\"https:\/\/explora.cl\/lagos\/author\/jvargas\/\"}]}<\/script>\n<!-- \/ Yoast SEO plugin. -->","yoast_head_json":{"title":"Comunidad invitada a recorrer rincones de la Regi\u00f3n de Los Lagos a trav\u00e9s de realidad virtual - Los Lagos","robots":{"index":"index","follow":"follow","max-snippet":"max-snippet:-1","max-image-preview":"max-image-preview:large","max-video-preview":"max-video-preview:-1"},"canonical":"https:\/\/explora.cl\/lagos\/comunidad-invitada-a-recorrer-rincones-de-la-region-de-los-lagos-a-traves-de-realidad-virtual\/","og_locale":"es_ES","og_type":"article","og_title":"Comunidad invitada a recorrer rincones de la Regi\u00f3n de Los Lagos a trav\u00e9s de realidad virtual - Los Lagos","og_description":"Las personas pueden conocer y aprender sobre los diversos lugares a trav\u00e9s de una experiencia auditiva y visual en 360 grados.","og_url":"https:\/\/explora.cl\/lagos\/comunidad-invitada-a-recorrer-rincones-de-la-region-de-los-lagos-a-traves-de-realidad-virtual\/","og_site_name":"Los Lagos","article_published_time":"2020-12-28T15:36:03+00:00","article_modified_time":"2021-04-30T20:31:53+00:00","og_image":[{"width":1366,"height":768,"url":"https:\/\/explora.cl\/lagos\/wp-content\/uploads\/sites\/17\/2020\/12\/RECORRIDO-LLANQUIHUE.jpg","type":"image\/jpeg"}],"author":"jvargas","twitter_card":"summary_large_image","twitter_misc":{"Escrito por":"jvargas","Tiempo de lectura":"2 minutos"},"schema":{"@context":"https:\/\/schema.org","@graph":[{"@type":"Article","@id":"https:\/\/explora.cl\/lagos\/comunidad-invitada-a-recorrer-rincones-de-la-region-de-los-lagos-a-traves-de-realidad-virtual\/#article","isPartOf":{"@id":"https:\/\/explora.cl\/lagos\/comunidad-invitada-a-recorrer-rincones-de-la-region-de-los-lagos-a-traves-de-realidad-virtual\/"},"author":{"name":"jvargas","@id":"https:\/\/explora.cl\/lagos\/#\/schema\/person\/6608d3ee9ea0b0daeaf12289528fc582"},"headline":"Comunidad invitada a recorrer rincones de la Regi\u00f3n de Los Lagos a trav\u00e9s de realidad virtual","datePublished":"2020-12-28T15:36:03+00:00","dateModified":"2021-04-30T20:31:53+00:00","mainEntityOfPage":{"@id":"https:\/\/explora.cl\/lagos\/comunidad-invitada-a-recorrer-rincones-de-la-region-de-los-lagos-a-traves-de-realidad-virtual\/"},"wordCount":466,"commentCount":0,"image":{"@id":"https:\/\/explora.cl\/lagos\/comunidad-invitada-a-recorrer-rincones-de-la-region-de-los-lagos-a-traves-de-realidad-virtual\/#primaryimage"},"thumbnailUrl":"https:\/\/explora.cl\/lagos\/wp-content\/uploads\/sites\/17\/2020\/12\/RECORRIDO-LLANQUIHUE.jpg","keywords":["ciencia","Los Lagos","PEAL","Programa de Educaci\u00f3n al Aire Libre","Proyecto Explora Los Lagos","Universidad Austral de Chile Sede Puerto Montt"],"articleSection":["Noticias"],"inLanguage":"es","potentialAction":[{"@type":"CommentAction","name":"Comment","target":["https:\/\/explora.cl\/lagos\/comunidad-invitada-a-recorrer-rincones-de-la-region-de-los-lagos-a-traves-de-realidad-virtual\/#respond"]}]},{"@type":"WebPage","@id":"https:\/\/explora.cl\/lagos\/comunidad-invitada-a-recorrer-rincones-de-la-region-de-los-lagos-a-traves-de-realidad-virtual\/","url":"https:\/\/explora.cl\/lagos\/comunidad-invitada-a-recorrer-rincones-de-la-region-de-los-lagos-a-traves-de-realidad-virtual\/","name":"Comunidad invitada a recorrer rincones de la Regi\u00f3n de Los Lagos a trav\u00e9s de realidad virtual - Los Lagos","isPartOf":{"@id":"https:\/\/explora.cl\/lagos\/#website"},"primaryImageOfPage":{"@id":"https:\/\/explora.cl\/lagos\/comunidad-invitada-a-recorrer-rincones-de-la-region-de-los-lagos-a-traves-de-realidad-virtual\/#primaryimage"},"image":{"@id":"https:\/\/explora.cl\/lagos\/comunidad-invitada-a-recorrer-rincones-de-la-region-de-los-lagos-a-traves-de-realidad-virtual\/#primaryimage"},"thumbnailUrl":"https:\/\/explora.cl\/lagos\/wp-content\/uploads\/sites\/17\/2020\/12\/RECORRIDO-LLANQUIHUE.jpg","datePublished":"2020-12-28T15:36:03+00:00","dateModified":"2021-04-30T20:31:53+00:00","author":{"@id":"https:\/\/explora.cl\/lagos\/#\/schema\/person\/6608d3ee9ea0b0daeaf12289528fc582"},"breadcrumb":{"@id":"https:\/\/explora.cl\/lagos\/comunidad-invitada-a-recorrer-rincones-de-la-region-de-los-lagos-a-traves-de-realidad-virtual\/#breadcrumb"},"inLanguage":"es","potentialAction":[{"@type":"ReadAction","target":["https:\/\/explora.cl\/lagos\/comunidad-invitada-a-recorrer-rincones-de-la-region-de-los-lagos-a-traves-de-realidad-virtual\/"]}]},{"@type":"ImageObject","inLanguage":"es","@id":"https:\/\/explora.cl\/lagos\/comunidad-invitada-a-recorrer-rincones-de-la-region-de-los-lagos-a-traves-de-realidad-virtual\/#primaryimage","url":"https:\/\/explora.cl\/lagos\/wp-content\/uploads\/sites\/17\/2020\/12\/RECORRIDO-LLANQUIHUE.jpg","contentUrl":"https:\/\/explora.cl\/lagos\/wp-content\/uploads\/sites\/17\/2020\/12\/RECORRIDO-LLANQUIHUE.jpg","width":1366,"height":768},{"@type":"BreadcrumbList","@id":"https:\/\/explora.cl\/lagos\/comunidad-invitada-a-recorrer-rincones-de-la-region-de-los-lagos-a-traves-de-realidad-virtual\/#breadcrumb","itemListElement":[{"@type":"ListItem","position":1,"name":"Portada","item":"https:\/\/explora.cl\/lagos\/"},{"@type":"ListItem","position":2,"name":"Comunidad invitada a recorrer rincones de la Regi\u00f3n de Los Lagos a trav\u00e9s de realidad virtual"}]},{"@type":"WebSite","@id":"https:\/\/explora.cl\/lagos\/#website","url":"https:\/\/explora.cl\/lagos\/","name":"Los Lagos","description":"Otro sitio m\u00e1s de explora.cl","potentialAction":[{"@type":"SearchAction","target":{"@type":"EntryPoint","urlTemplate":"https:\/\/explora.cl\/lagos\/?s={search_term_string}"},"query-input":{"@type":"PropertyValueSpecification","valueRequired":true,"valueName":"search_term_string"}}],"inLanguage":"es"},{"@type":"Person","@id":"https:\/\/explora.cl\/lagos\/#\/schema\/person\/6608d3ee9ea0b0daeaf12289528fc582","name":"jvargas","image":{"@type":"ImageObject","inLanguage":"es","@id":"https:\/\/explora.cl\/lagos\/#\/schema\/person\/image\/","url":"https:\/\/secure.gravatar.com\/avatar\/8a6892fbfb002ef173a244b534b4bbcea4c183fc3fbf7732e64ac89b1d22d482?s=96&d=mm&r=g","contentUrl":"https:\/\/secure.gravatar.com\/avatar\/8a6892fbfb002ef173a244b534b4bbcea4c183fc3fbf7732e64ac89b1d22d482?s=96&d=mm&r=g","caption":"jvargas"},"url":"https:\/\/explora.cl\/lagos\/author\/jvargas\/"}]}},"_links":{"self":[{"href":"https:\/\/explora.cl\/lagos\/wp-json\/wp\/v2\/posts\/39782","targetHints":{"allow":["GET"]}}],"collection":[{"href":"https:\/\/explora.cl\/lagos\/wp-json\/wp\/v2\/posts"}],"about":[{"href":"https:\/\/explora.cl\/lagos\/wp-json\/wp\/v2\/types\/post"}],"author":[{"embeddable":true,"href":"https:\/\/explora.cl\/lagos\/wp-json\/wp\/v2\/users\/36"}],"replies":[{"embeddable":true,"href":"https:\/\/explora.cl\/lagos\/wp-json\/wp\/v2\/comments?post=39782"}],"version-history":[{"count":2,"href":"https:\/\/explora.cl\/lagos\/wp-json\/wp\/v2\/posts\/39782\/revisions"}],"predecessor-version":[{"id":39785,"href":"https:\/\/explora.cl\/lagos\/wp-json\/wp\/v2\/posts\/39782\/revisions\/39785"}],"wp:featuredmedia":[{"embeddable":true,"href":"https:\/\/explora.cl\/lagos\/wp-json\/wp\/v2\/media\/39783"}],"wp:attachment":[{"href":"https:\/\/explora.cl\/lagos\/wp-json\/wp\/v2\/media?parent=39782"}],"wp:term":[{"taxonomy":"category","embeddable":true,"href":"https:\/\/explora.cl\/lagos\/wp-json\/wp\/v2\/categories?post=39782"},{"taxonomy":"post_tag","embeddable":true,"href":"https:\/\/explora.cl\/lagos\/wp-json\/wp\/v2\/tags?post=39782"}],"curies":[{"name":"wp","href":"https:\/\/api.w.org\/{rel}","templated":true}]}}