{"id":39776,"date":"2020-12-23T16:36:48","date_gmt":"2020-12-23T19:36:48","guid":{"rendered":"https:\/\/explora.cl\/lagos\/?p=39776"},"modified":"2021-04-12T13:42:55","modified_gmt":"2021-04-12T17:42:55","slug":"cafe-cientifico-abordara-la-importancia-de-conservar-y-valorizar-el-patrimonio-natural","status":"publish","type":"post","link":"https:\/\/explora.cl\/lagos\/cafe-cientifico-abordara-la-importancia-de-conservar-y-valorizar-el-patrimonio-natural\/","title":{"rendered":"Caf\u00e9 Cient\u00edfico abordar\u00e1 la importancia de conservar y valorizar el patrimonio natural"},"content":{"rendered":"<p><em>La actividad abierta y gratuita se realizar\u00e1 el jueves 7 de enero de 2021 a las 18:00 hrs.<\/em><\/p>\n<p>La importancia de conservar el patrimonio natural regional y nacional y la b\u00fasqueda de estrategias para su protecci\u00f3n y valorizaci\u00f3n, son algunas de las tem\u00e1ticas que se abordar\u00e1n en el<strong> 7mo Caf\u00e9 Cient\u00edfico #Entucasa denominado \u201cInterconexi\u00f3n e interdependencia: \u00bfqu\u00e9 podemos aprender de la naturaleza?\u201d<\/strong> que nos presentar\u00e1n <strong>Eugenio Rengifo, Director Ejecutivo de Amigos de los Parques y Giuliana Furci, Fundadora y Directora Ejecutiva de la Fundaci\u00f3n Fungi.<\/strong><\/p>\n<p>Eugenio hablar\u00e1 desde su experiencia en la b\u00fasqueda para fortalecer la protecci\u00f3n de los Parques Nacionales de la Patagonia y promover una cultura que valore y cuide nuestro patrimonio natural protegido y Giuliana se referir\u00e1 a la importancia de la conservaci\u00f3n desde su experiencia como la primera mujer mic\u00f3loga de hongos no liquenizados de Chile<\/p>\n<p>La instancia que se desarrolla desde junio de 2020 es organizada por el Proyecto Explora Los Lagos del Ministerio de Ciencia, Tecnolog\u00eda, Conocimiento e Innovaci\u00f3n en conjunto con la Unidad de Extensi\u00f3n Cient\u00edfica de la Universidad Austral de Chile Sede Puerto Montt y el apoyo del Canal Regional V\u00e9rtice TV y Essal y busca acercar la ciencia y la tecnolog\u00eda a la comunidad a trav\u00e9s de una reuni\u00f3n virtual que es realizada una vez al mes a trav\u00e9s de Zoom.<\/p>\n<p>El Caf\u00e9 Cient\u00edfico #Entucasa es un espacio de encuentro entre la comunidad general e investigadores\/as y divulgadores\/as de las Ciencias y la Tecnolog\u00eda provenientes de diversas instituciones de Chile e incluso el extranjero. La invitaci\u00f3n se extiende a todas las personas que tienen alg\u00fan inter\u00e9s en la ciencia, aunque no necesariamente posean una base cient\u00edfica.<\/p>\n<p>Cabe destacar que, todos los encuentros son emitidos posteriormente a trav\u00e9s del Canal V\u00e9rtice TV y el canal de Youtube PAR Explora Los Lagos, donde adem\u00e1s se incorpora la interpretaci\u00f3n de Lengua de Se\u00f1as Chilena para promover la inclusividad y diversidad en la formaci\u00f3n de una cultura cient\u00edfica. Tambi\u00e9n se puede acceder al material a trav\u00e9s de las p\u00e1ginas y redes sociales de la UACh y el PAR Explora Los Lagos.<\/p>\n<p>Inscripciones en <a href=\"https:\/\/forms.gle\/T3FasPLkKZ2a9C4T6\">https:\/\/forms.gle\/T3FasPLkKZ2a9C4T6<\/a> y consultas al correo <strong>par.loslagos.explora@gmail.com.<\/strong><\/p>\n<p>&nbsp;<\/p>\n","protected":false},"excerpt":{"rendered":"<p>La iniciativa se desarrolla desde junio de 2020. <\/p>\n","protected":false},"author":36,"featured_media":39777,"comment_status":"open","ping_status":"open","sticky":false,"template":"","format":"standard","meta":{"_acf_changed":false,"_exactmetrics_skip_tracking":false,"_exactmetrics_sitenote_active":false,"_exactmetrics_sitenote_note":"","_exactmetrics_sitenote_category":0,"footnotes":"","_links_to":"","_links_to_target":""},"categories":[4,1],"tags":[81,365,107,182,366,76,332],"class_list":["post-39776","post","type-post","status-publish","format-standard","has-post-thumbnail","hentry","category-noticias","category-sin-categoria","tag-biodiversidad","tag-cafe-cientifico","tag-ciencia","tag-los-lagos","tag-reino-fungi","tag-tecnologia","tag-uach-sede-puerto-montt"],"acf":[],"yoast_head":"<!-- This site is optimized with the Yoast SEO plugin v26.9 - https:\/\/yoast.com\/product\/yoast-seo-wordpress\/ -->\n<title>Caf\u00e9 Cient\u00edfico abordar\u00e1 la importancia de conservar y valorizar el patrimonio natural - Los Lagos<\/title>\n<meta name=\"robots\" content=\"index, follow, max-snippet:-1, max-image-preview:large, max-video-preview:-1\" \/>\n<link rel=\"canonical\" href=\"https:\/\/explora.cl\/lagos\/cafe-cientifico-abordara-la-importancia-de-conservar-y-valorizar-el-patrimonio-natural\/\" class=\"yoast-seo-meta-tag\" \/>\n<meta property=\"og:locale\" content=\"es_ES\" class=\"yoast-seo-meta-tag\" \/>\n<meta property=\"og:type\" content=\"article\" class=\"yoast-seo-meta-tag\" \/>\n<meta property=\"og:title\" content=\"Caf\u00e9 Cient\u00edfico abordar\u00e1 la importancia de conservar y valorizar el patrimonio natural - Los Lagos\" class=\"yoast-seo-meta-tag\" \/>\n<meta property=\"og:description\" content=\"La iniciativa se desarrolla desde junio de 2020.\" class=\"yoast-seo-meta-tag\" \/>\n<meta property=\"og:url\" content=\"https:\/\/explora.cl\/lagos\/cafe-cientifico-abordara-la-importancia-de-conservar-y-valorizar-el-patrimonio-natural\/\" class=\"yoast-seo-meta-tag\" \/>\n<meta property=\"og:site_name\" content=\"Los Lagos\" class=\"yoast-seo-meta-tag\" \/>\n<meta property=\"article:published_time\" content=\"2020-12-23T19:36:48+00:00\" class=\"yoast-seo-meta-tag\" \/>\n<meta property=\"article:modified_time\" content=\"2021-04-12T17:42:55+00:00\" class=\"yoast-seo-meta-tag\" \/>\n<meta property=\"og:image\" content=\"https:\/\/explora.cl\/lagos\/wp-content\/uploads\/sites\/17\/2020\/12\/FOTO-2\u00b0-7-Caf\u00e9-Cient\u00edfico.jpg\" class=\"yoast-seo-meta-tag\" \/>\n\t<meta property=\"og:image:width\" content=\"1366\" class=\"yoast-seo-meta-tag\" \/>\n\t<meta property=\"og:image:height\" content=\"768\" class=\"yoast-seo-meta-tag\" \/>\n\t<meta property=\"og:image:type\" content=\"image\/jpeg\" class=\"yoast-seo-meta-tag\" \/>\n<meta name=\"author\" content=\"jvargas\" class=\"yoast-seo-meta-tag\" \/>\n<meta name=\"twitter:card\" content=\"summary_large_image\" class=\"yoast-seo-meta-tag\" \/>\n<meta name=\"twitter:label1\" content=\"Escrito por\" class=\"yoast-seo-meta-tag\" \/>\n\t<meta name=\"twitter:data1\" content=\"jvargas\" class=\"yoast-seo-meta-tag\" \/>\n\t<meta name=\"twitter:label2\" content=\"Tiempo de lectura\" class=\"yoast-seo-meta-tag\" \/>\n\t<meta name=\"twitter:data2\" content=\"2 minutos\" class=\"yoast-seo-meta-tag\" \/>\n<script type=\"application\/ld+json\" class=\"yoast-schema-graph\">{\"@context\":\"https:\/\/schema.org\",\"@graph\":[{\"@type\":\"Article\",\"@id\":\"https:\/\/explora.cl\/lagos\/cafe-cientifico-abordara-la-importancia-de-conservar-y-valorizar-el-patrimonio-natural\/#article\",\"isPartOf\":{\"@id\":\"https:\/\/explora.cl\/lagos\/cafe-cientifico-abordara-la-importancia-de-conservar-y-valorizar-el-patrimonio-natural\/\"},\"author\":{\"name\":\"jvargas\",\"@id\":\"https:\/\/explora.cl\/lagos\/#\/schema\/person\/6608d3ee9ea0b0daeaf12289528fc582\"},\"headline\":\"Caf\u00e9 Cient\u00edfico abordar\u00e1 la importancia de conservar y valorizar el patrimonio natural\",\"datePublished\":\"2020-12-23T19:36:48+00:00\",\"dateModified\":\"2021-04-12T17:42:55+00:00\",\"mainEntityOfPage\":{\"@id\":\"https:\/\/explora.cl\/lagos\/cafe-cientifico-abordara-la-importancia-de-conservar-y-valorizar-el-patrimonio-natural\/\"},\"wordCount\":415,\"commentCount\":0,\"image\":{\"@id\":\"https:\/\/explora.cl\/lagos\/cafe-cientifico-abordara-la-importancia-de-conservar-y-valorizar-el-patrimonio-natural\/#primaryimage\"},\"thumbnailUrl\":\"https:\/\/explora.cl\/lagos\/wp-content\/uploads\/sites\/17\/2020\/12\/FOTO-2\u00b0-7-Caf\u00e9-Cient\u00edfico.jpg\",\"keywords\":[\"biodiversidad\",\"Caf\u00e9 Cient\u00edfico\",\"ciencia\",\"Los Lagos\",\"Reino Fungi\",\"tecnolog\u00eda\",\"UACh Sede Puerto Montt\"],\"articleSection\":[\"Noticias\"],\"inLanguage\":\"es\",\"potentialAction\":[{\"@type\":\"CommentAction\",\"name\":\"Comment\",\"target\":[\"https:\/\/explora.cl\/lagos\/cafe-cientifico-abordara-la-importancia-de-conservar-y-valorizar-el-patrimonio-natural\/#respond\"]}]},{\"@type\":\"WebPage\",\"@id\":\"https:\/\/explora.cl\/lagos\/cafe-cientifico-abordara-la-importancia-de-conservar-y-valorizar-el-patrimonio-natural\/\",\"url\":\"https:\/\/explora.cl\/lagos\/cafe-cientifico-abordara-la-importancia-de-conservar-y-valorizar-el-patrimonio-natural\/\",\"name\":\"Caf\u00e9 Cient\u00edfico abordar\u00e1 la importancia de conservar y valorizar el patrimonio natural - Los Lagos\",\"isPartOf\":{\"@id\":\"https:\/\/explora.cl\/lagos\/#website\"},\"primaryImageOfPage\":{\"@id\":\"https:\/\/explora.cl\/lagos\/cafe-cientifico-abordara-la-importancia-de-conservar-y-valorizar-el-patrimonio-natural\/#primaryimage\"},\"image\":{\"@id\":\"https:\/\/explora.cl\/lagos\/cafe-cientifico-abordara-la-importancia-de-conservar-y-valorizar-el-patrimonio-natural\/#primaryimage\"},\"thumbnailUrl\":\"https:\/\/explora.cl\/lagos\/wp-content\/uploads\/sites\/17\/2020\/12\/FOTO-2\u00b0-7-Caf\u00e9-Cient\u00edfico.jpg\",\"datePublished\":\"2020-12-23T19:36:48+00:00\",\"dateModified\":\"2021-04-12T17:42:55+00:00\",\"author\":{\"@id\":\"https:\/\/explora.cl\/lagos\/#\/schema\/person\/6608d3ee9ea0b0daeaf12289528fc582\"},\"breadcrumb\":{\"@id\":\"https:\/\/explora.cl\/lagos\/cafe-cientifico-abordara-la-importancia-de-conservar-y-valorizar-el-patrimonio-natural\/#breadcrumb\"},\"inLanguage\":\"es\",\"potentialAction\":[{\"@type\":\"ReadAction\",\"target\":[\"https:\/\/explora.cl\/lagos\/cafe-cientifico-abordara-la-importancia-de-conservar-y-valorizar-el-patrimonio-natural\/\"]}]},{\"@type\":\"ImageObject\",\"inLanguage\":\"es\",\"@id\":\"https:\/\/explora.cl\/lagos\/cafe-cientifico-abordara-la-importancia-de-conservar-y-valorizar-el-patrimonio-natural\/#primaryimage\",\"url\":\"https:\/\/explora.cl\/lagos\/wp-content\/uploads\/sites\/17\/2020\/12\/FOTO-2\u00b0-7-Caf\u00e9-Cient\u00edfico.jpg\",\"contentUrl\":\"https:\/\/explora.cl\/lagos\/wp-content\/uploads\/sites\/17\/2020\/12\/FOTO-2\u00b0-7-Caf\u00e9-Cient\u00edfico.jpg\",\"width\":1366,\"height\":768},{\"@type\":\"BreadcrumbList\",\"@id\":\"https:\/\/explora.cl\/lagos\/cafe-cientifico-abordara-la-importancia-de-conservar-y-valorizar-el-patrimonio-natural\/#breadcrumb\",\"itemListElement\":[{\"@type\":\"ListItem\",\"position\":1,\"name\":\"Portada\",\"item\":\"https:\/\/explora.cl\/lagos\/\"},{\"@type\":\"ListItem\",\"position\":2,\"name\":\"Caf\u00e9 Cient\u00edfico abordar\u00e1 la importancia de conservar y valorizar el patrimonio natural\"}]},{\"@type\":\"WebSite\",\"@id\":\"https:\/\/explora.cl\/lagos\/#website\",\"url\":\"https:\/\/explora.cl\/lagos\/\",\"name\":\"Los Lagos\",\"description\":\"Otro sitio m\u00e1s de explora.cl\",\"potentialAction\":[{\"@type\":\"SearchAction\",\"target\":{\"@type\":\"EntryPoint\",\"urlTemplate\":\"https:\/\/explora.cl\/lagos\/?s={search_term_string}\"},\"query-input\":{\"@type\":\"PropertyValueSpecification\",\"valueRequired\":true,\"valueName\":\"search_term_string\"}}],\"inLanguage\":\"es\"},{\"@type\":\"Person\",\"@id\":\"https:\/\/explora.cl\/lagos\/#\/schema\/person\/6608d3ee9ea0b0daeaf12289528fc582\",\"name\":\"jvargas\",\"image\":{\"@type\":\"ImageObject\",\"inLanguage\":\"es\",\"@id\":\"https:\/\/explora.cl\/lagos\/#\/schema\/person\/image\/\",\"url\":\"https:\/\/secure.gravatar.com\/avatar\/8a6892fbfb002ef173a244b534b4bbcea4c183fc3fbf7732e64ac89b1d22d482?s=96&d=mm&r=g\",\"contentUrl\":\"https:\/\/secure.gravatar.com\/avatar\/8a6892fbfb002ef173a244b534b4bbcea4c183fc3fbf7732e64ac89b1d22d482?s=96&d=mm&r=g\",\"caption\":\"jvargas\"},\"url\":\"https:\/\/explora.cl\/lagos\/author\/jvargas\/\"}]}<\/script>\n<!-- \/ Yoast SEO plugin. -->","yoast_head_json":{"title":"Caf\u00e9 Cient\u00edfico abordar\u00e1 la importancia de conservar y valorizar el patrimonio natural - Los Lagos","robots":{"index":"index","follow":"follow","max-snippet":"max-snippet:-1","max-image-preview":"max-image-preview:large","max-video-preview":"max-video-preview:-1"},"canonical":"https:\/\/explora.cl\/lagos\/cafe-cientifico-abordara-la-importancia-de-conservar-y-valorizar-el-patrimonio-natural\/","og_locale":"es_ES","og_type":"article","og_title":"Caf\u00e9 Cient\u00edfico abordar\u00e1 la importancia de conservar y valorizar el patrimonio natural - Los Lagos","og_description":"La iniciativa se desarrolla desde junio de 2020.","og_url":"https:\/\/explora.cl\/lagos\/cafe-cientifico-abordara-la-importancia-de-conservar-y-valorizar-el-patrimonio-natural\/","og_site_name":"Los Lagos","article_published_time":"2020-12-23T19:36:48+00:00","article_modified_time":"2021-04-12T17:42:55+00:00","og_image":[{"width":1366,"height":768,"url":"https:\/\/explora.cl\/lagos\/wp-content\/uploads\/sites\/17\/2020\/12\/FOTO-2\u00b0-7-Caf\u00e9-Cient\u00edfico.jpg","type":"image\/jpeg"}],"author":"jvargas","twitter_card":"summary_large_image","twitter_misc":{"Escrito por":"jvargas","Tiempo de lectura":"2 minutos"},"schema":{"@context":"https:\/\/schema.org","@graph":[{"@type":"Article","@id":"https:\/\/explora.cl\/lagos\/cafe-cientifico-abordara-la-importancia-de-conservar-y-valorizar-el-patrimonio-natural\/#article","isPartOf":{"@id":"https:\/\/explora.cl\/lagos\/cafe-cientifico-abordara-la-importancia-de-conservar-y-valorizar-el-patrimonio-natural\/"},"author":{"name":"jvargas","@id":"https:\/\/explora.cl\/lagos\/#\/schema\/person\/6608d3ee9ea0b0daeaf12289528fc582"},"headline":"Caf\u00e9 Cient\u00edfico abordar\u00e1 la importancia de conservar y valorizar el patrimonio natural","datePublished":"2020-12-23T19:36:48+00:00","dateModified":"2021-04-12T17:42:55+00:00","mainEntityOfPage":{"@id":"https:\/\/explora.cl\/lagos\/cafe-cientifico-abordara-la-importancia-de-conservar-y-valorizar-el-patrimonio-natural\/"},"wordCount":415,"commentCount":0,"image":{"@id":"https:\/\/explora.cl\/lagos\/cafe-cientifico-abordara-la-importancia-de-conservar-y-valorizar-el-patrimonio-natural\/#primaryimage"},"thumbnailUrl":"https:\/\/explora.cl\/lagos\/wp-content\/uploads\/sites\/17\/2020\/12\/FOTO-2\u00b0-7-Caf\u00e9-Cient\u00edfico.jpg","keywords":["biodiversidad","Caf\u00e9 Cient\u00edfico","ciencia","Los Lagos","Reino Fungi","tecnolog\u00eda","UACh Sede Puerto Montt"],"articleSection":["Noticias"],"inLanguage":"es","potentialAction":[{"@type":"CommentAction","name":"Comment","target":["https:\/\/explora.cl\/lagos\/cafe-cientifico-abordara-la-importancia-de-conservar-y-valorizar-el-patrimonio-natural\/#respond"]}]},{"@type":"WebPage","@id":"https:\/\/explora.cl\/lagos\/cafe-cientifico-abordara-la-importancia-de-conservar-y-valorizar-el-patrimonio-natural\/","url":"https:\/\/explora.cl\/lagos\/cafe-cientifico-abordara-la-importancia-de-conservar-y-valorizar-el-patrimonio-natural\/","name":"Caf\u00e9 Cient\u00edfico abordar\u00e1 la importancia de conservar y valorizar el patrimonio natural - Los Lagos","isPartOf":{"@id":"https:\/\/explora.cl\/lagos\/#website"},"primaryImageOfPage":{"@id":"https:\/\/explora.cl\/lagos\/cafe-cientifico-abordara-la-importancia-de-conservar-y-valorizar-el-patrimonio-natural\/#primaryimage"},"image":{"@id":"https:\/\/explora.cl\/lagos\/cafe-cientifico-abordara-la-importancia-de-conservar-y-valorizar-el-patrimonio-natural\/#primaryimage"},"thumbnailUrl":"https:\/\/explora.cl\/lagos\/wp-content\/uploads\/sites\/17\/2020\/12\/FOTO-2\u00b0-7-Caf\u00e9-Cient\u00edfico.jpg","datePublished":"2020-12-23T19:36:48+00:00","dateModified":"2021-04-12T17:42:55+00:00","author":{"@id":"https:\/\/explora.cl\/lagos\/#\/schema\/person\/6608d3ee9ea0b0daeaf12289528fc582"},"breadcrumb":{"@id":"https:\/\/explora.cl\/lagos\/cafe-cientifico-abordara-la-importancia-de-conservar-y-valorizar-el-patrimonio-natural\/#breadcrumb"},"inLanguage":"es","potentialAction":[{"@type":"ReadAction","target":["https:\/\/explora.cl\/lagos\/cafe-cientifico-abordara-la-importancia-de-conservar-y-valorizar-el-patrimonio-natural\/"]}]},{"@type":"ImageObject","inLanguage":"es","@id":"https:\/\/explora.cl\/lagos\/cafe-cientifico-abordara-la-importancia-de-conservar-y-valorizar-el-patrimonio-natural\/#primaryimage","url":"https:\/\/explora.cl\/lagos\/wp-content\/uploads\/sites\/17\/2020\/12\/FOTO-2\u00b0-7-Caf\u00e9-Cient\u00edfico.jpg","contentUrl":"https:\/\/explora.cl\/lagos\/wp-content\/uploads\/sites\/17\/2020\/12\/FOTO-2\u00b0-7-Caf\u00e9-Cient\u00edfico.jpg","width":1366,"height":768},{"@type":"BreadcrumbList","@id":"https:\/\/explora.cl\/lagos\/cafe-cientifico-abordara-la-importancia-de-conservar-y-valorizar-el-patrimonio-natural\/#breadcrumb","itemListElement":[{"@type":"ListItem","position":1,"name":"Portada","item":"https:\/\/explora.cl\/lagos\/"},{"@type":"ListItem","position":2,"name":"Caf\u00e9 Cient\u00edfico abordar\u00e1 la importancia de conservar y valorizar el patrimonio natural"}]},{"@type":"WebSite","@id":"https:\/\/explora.cl\/lagos\/#website","url":"https:\/\/explora.cl\/lagos\/","name":"Los Lagos","description":"Otro sitio m\u00e1s de explora.cl","potentialAction":[{"@type":"SearchAction","target":{"@type":"EntryPoint","urlTemplate":"https:\/\/explora.cl\/lagos\/?s={search_term_string}"},"query-input":{"@type":"PropertyValueSpecification","valueRequired":true,"valueName":"search_term_string"}}],"inLanguage":"es"},{"@type":"Person","@id":"https:\/\/explora.cl\/lagos\/#\/schema\/person\/6608d3ee9ea0b0daeaf12289528fc582","name":"jvargas","image":{"@type":"ImageObject","inLanguage":"es","@id":"https:\/\/explora.cl\/lagos\/#\/schema\/person\/image\/","url":"https:\/\/secure.gravatar.com\/avatar\/8a6892fbfb002ef173a244b534b4bbcea4c183fc3fbf7732e64ac89b1d22d482?s=96&d=mm&r=g","contentUrl":"https:\/\/secure.gravatar.com\/avatar\/8a6892fbfb002ef173a244b534b4bbcea4c183fc3fbf7732e64ac89b1d22d482?s=96&d=mm&r=g","caption":"jvargas"},"url":"https:\/\/explora.cl\/lagos\/author\/jvargas\/"}]}},"_links":{"self":[{"href":"https:\/\/explora.cl\/lagos\/wp-json\/wp\/v2\/posts\/39776","targetHints":{"allow":["GET"]}}],"collection":[{"href":"https:\/\/explora.cl\/lagos\/wp-json\/wp\/v2\/posts"}],"about":[{"href":"https:\/\/explora.cl\/lagos\/wp-json\/wp\/v2\/types\/post"}],"author":[{"embeddable":true,"href":"https:\/\/explora.cl\/lagos\/wp-json\/wp\/v2\/users\/36"}],"replies":[{"embeddable":true,"href":"https:\/\/explora.cl\/lagos\/wp-json\/wp\/v2\/comments?post=39776"}],"version-history":[{"count":2,"href":"https:\/\/explora.cl\/lagos\/wp-json\/wp\/v2\/posts\/39776\/revisions"}],"predecessor-version":[{"id":39779,"href":"https:\/\/explora.cl\/lagos\/wp-json\/wp\/v2\/posts\/39776\/revisions\/39779"}],"wp:featuredmedia":[{"embeddable":true,"href":"https:\/\/explora.cl\/lagos\/wp-json\/wp\/v2\/media\/39777"}],"wp:attachment":[{"href":"https:\/\/explora.cl\/lagos\/wp-json\/wp\/v2\/media?parent=39776"}],"wp:term":[{"taxonomy":"category","embeddable":true,"href":"https:\/\/explora.cl\/lagos\/wp-json\/wp\/v2\/categories?post=39776"},{"taxonomy":"post_tag","embeddable":true,"href":"https:\/\/explora.cl\/lagos\/wp-json\/wp\/v2\/tags?post=39776"}],"curies":[{"name":"wp","href":"https:\/\/api.w.org\/{rel}","templated":true}]}}