{"id":39764,"date":"2020-12-18T19:21:09","date_gmt":"2020-12-18T22:21:09","guid":{"rendered":"https:\/\/explora.cl\/lagos\/?p=39764"},"modified":"2021-03-09T12:23:37","modified_gmt":"2021-03-09T15:23:37","slug":"educadoras-y-familias-desarrollan-programa-piloto-sobre-ciencia-a-mas-de-doscientos-preescolares-de-la-region-de-los-lagos-18-diciembre-2020","status":"publish","type":"post","link":"https:\/\/explora.cl\/lagos\/educadoras-y-familias-desarrollan-programa-piloto-sobre-ciencia-a-mas-de-doscientos-preescolares-de-la-region-de-los-lagos-18-diciembre-2020\/","title":{"rendered":"Educadoras y familias desarrollan programa piloto sobre ciencia a m\u00e1s de doscientos preescolares de la Regi\u00f3n de Los Lagos"},"content":{"rendered":"<p><em>*La ceremonia de cierre de la iniciativa se desarroll\u00f3 esta semana y todas las participantes pudieron compartir sus experiencias y socializar los resultados.<\/em><\/p>\n<p>\u00bfPor qu\u00e9 se arrugan los dedos al estar bajo el agua? o \u00bfQu\u00e9 pasa al hervir agua en una tetera?, son algunas de las preguntas que se hacen ni\u00f1as y ni\u00f1os en su vida cotidiana debido a la gran curiosidad que tienen por descubrir el mundo.<\/p>\n<p>Esta etapa de la vida es crucial en todos los \u00e1mbitos de desarrollo personal y para la ciencia no es la excepci\u00f3n, por ello, el Programa Explora impuls\u00f3 el Programa de Indagaci\u00f3n para Primera Edades PIPE, que busca despertar la curiosidad innata en ni\u00f1as y ni\u00f1os, mediante la exploraci\u00f3n de su entorno a trav\u00e9s de la indagaci\u00f3n en tem\u00e1ticas relacionadas a plantas y animales.<\/p>\n<p>Este 2020, el Proyecto Explora Los Lagos del Ministerio de Ciencia, Tecnolog\u00eda, Conocimiento e Innovaci\u00f3n ejecutado por la Universidad Austral de Chile Sede Puerto Montt desarroll\u00f3 de forma piloto en la Regi\u00f3n de Los Lagos, la Capacitaci\u00f3n Online de PIPE en el cual participaron educadoras, asistentes, t\u00e9cnicos de Educaci\u00f3n Parvularia y educadoras Diferenciales de las provincias de Chilo\u00e9, Osorno y Llanquihue.<\/p>\n<p>Este a\u00f1o, iniciaron el proceso 74 participantes provenientes de 29 establecimientos educacionales de 15 comunas de la regi\u00f3n de los cuales considerando la contingencia que vive el pa\u00eds producto del COVID-19, finalizaron su proceso 68 participantes de 29 establecimientos, quienes invitaron a las familias a desarrollar en sus hogares, actividades pr\u00e1cticas, beneficiando a m\u00e1s 200 ni\u00f1os y ni\u00f1as de la Regi\u00f3n de Los Lagos.<\/p>\n<p>En detalle, est\u00e1n representadas 15 comunas del territorio, como, Ancud, Dalcahue, Chonchi, Quinchao, Quell\u00f3n, Osorno, Puerto Octay, R\u00edo Negro, Maull\u00edn, Frutillar, Los Muermos, Cocham\u00f3, Calbuco, Fresia y Puerto Montt.<\/p>\n<p>A trav\u00e9s de grupos de apoyo por whatsapp, video llamadas y reuniones virtuales por las diversas plataformas web, las participantes idearon diversas estrategias de comunicaci\u00f3n para llevar a cabo la iniciativa en sus terriotorios, a pesar del distanciamiento social y geogr\u00e1fico y la falta de conectividad.<\/p>\n<p>Una de ellas es,\u00a0<strong>Guissela Carrillo, educadora de p\u00e1rvulos del Jardin Espiguita de Fundaci\u00f3n Integra<\/strong>\u00a0ubicado en la comuna de Rio Negro, provincia de Osorno, quien coment\u00f3 sobre la motivaci\u00f3n que tuvo para participar y el desaf\u00edo que tienen por delante. \u201cMe interes\u00f3 mucho el enfoque y la forma de ense\u00f1ar de manera l\u00fadica y entretenida para entregar a los ni\u00f1os aprendizajes significativos. Hemos buscado muchas estrategias para poder ense\u00f1ar a los ni\u00f1os y trabajar con las familias y hemos aprendido de manera minuciosa y detallada sobre los modulos de plantas y animales del entorno. Ya tenemos los conocimientos y ahora nos queda llegar a la sala y aplicar de forma presencial\u201d.<\/p>\n<h3>Por su parte,\u00a0<strong>Jacqueline Riquelme, educadora de p\u00e1rvulos del nivel de transici\u00f3n menor de la Escuela Oriente de Quell\u00f3n,<\/strong>\u00a0realz\u00f3 que \u201ccuando se present\u00f3 la oportunidad de poder participar nos entusiasmamos de inmediato a pesar de todo el trabajo que demanda nuestra escuela. Siempre hemos visto que la ciencia a los ni\u00f1os les encanta. Nosotros tenmos un entorno en la isla y en nuestra escuela donde podemos ver que ellos solos de una forma innata, quieren siempre estar descubriendo, observando y aprendiendo. Esto tambi\u00e9n permite transversalidad porque a trav\u00e9s de la ciencia tambi\u00e9n se trabaja el lenguaje, las matem\u00e1ticas y otras \u00e1reas\u201d.<\/h3>\n<p>PIPE es una apuesta metodol\u00f3gica que busca acercar a las ni\u00f1as y los ni\u00f1os a competencias cient\u00edficas que ser\u00e1n fundamentales para propiciar un desarrollo cognitivo y emocional, no solo en el \u00e1mbito de la ciencia, sino en todas las \u00e1reas de su vida.<\/p>\n<p>La iniciativa incluye 14 actividades pr\u00e1cticas de aprendizaje y un kit de materiales para su ejecuci\u00f3n. En esta oportunidad, producto del distanciamiento social, el equipo de Comunidad Escolar del Proyecto Explora Los Lagos y las participantes adaptaron las planificaciones de las actividades para ser implementadas por las familias en sus hogares.<\/p>\n<p><strong>Rina Alarc\u00f3n educadora de la Escuela Santa In\u00e9s, Puerto Montt,<\/strong> destac\u00f3 que participar en PIPE \u201cnos ha servido para desarrollar un trabajo en equipo y ha sido bastante fructifero. Es una experiencia linda y hemos tenido muchas satisfacciones, escuchando a los ni\u00f1os como participaban. Las mamas un siete, aqu\u00ed el trabajo minucioso y perservarante lo realizaron ellas. Siempre puntuales a la hora de las clases online y muy comprometidas\u201d.<\/p>\n<p><strong>Karina Vera, profesional de apoyo del \u00c1rea Comunidad Escolar<\/strong>, agradeci\u00f3 el compromiso de las participantes y realz\u00f3 que \u201ccomo PAR, estamos gratamente sorprendidas con la motivaci\u00f3n de todas y la capacidad de adaptaci\u00f3n que tiene cada una de las participantes, quienes, a pesar de muchas dificultades que acontecen en su quehacer y sumado a la realidad actual, lograron implementar PIPE y traspasar ese entusiasmo a las familias, a trav\u00e9s de diversas estrategias de comunicaci\u00f3n creadas por ellas mismas para adaptar el programa al contexto de cada territorio\u201d.<\/p>\n<h3><strong>Derlinda Miranda, educadora del nivel medio mayor del Jard\u00edn Piukewen ubicado en Achao, Chilo\u00e9,<\/strong>\u00a0destac\u00f3 la puerta que abre PIPE al mundo de las ciencias para los ni\u00f1os y ni\u00f1as. \u201cSiempre quedaba una espinita en el coraz\u00f3n porque a nuestros peque\u00f1os no lo pod\u00edamos incorporar en la ciencia, siendo que son los m\u00e1s curiosos y es cuando m\u00e1s necesidad tienen de satisfacerla. Por eso me encant\u00f3 PIPE y quiero felicitar a Explora por incorporar los niveles iniciales. Yo me estoy retirando de la ense\u00f1anza y me voy contenta por ello\u201d, enfatiz\u00f3 Miranda.<\/h3>\n<p>Todas las participantes se proyectan a futuro y piensan continuar implementando el Programa PIPE en sus establecimientos de forma presencial, utilizando los recursos que poseen en sus lugares de trabajo, como invernaderos, laboratorios de ciencia y el entorno natural privilegiado presente en la Regi\u00f3n de Los Lagos.<\/p>\n","protected":false},"excerpt":{"rendered":"<p>Participaron educadora de 15 comunas de la Regi\u00f3n de Los Lagos. <\/p>\n","protected":false},"author":36,"featured_media":39765,"comment_status":"open","ping_status":"open","sticky":false,"template":"","format":"standard","meta":{"_acf_changed":false,"_exactmetrics_skip_tracking":false,"_exactmetrics_sitenote_active":false,"_exactmetrics_sitenote_note":"","_exactmetrics_sitenote_category":0,"footnotes":"","_links_to":"","_links_to_target":""},"categories":[4,1],"tags":[107,182,329,336,346,332],"class_list":["post-39764","post","type-post","status-publish","format-standard","has-post-thumbnail","hentry","category-noticias","category-sin-categoria","tag-ciencia","tag-los-lagos","tag-pipe-2020","tag-programa-de-indagacion-para-primeras-edades","tag-proyecto-explora-los-lagos","tag-uach-sede-puerto-montt"],"acf":[],"yoast_head":"<!-- This site is optimized with the Yoast SEO plugin v26.9 - https:\/\/yoast.com\/product\/yoast-seo-wordpress\/ -->\n<title>Educadoras y familias desarrollan programa piloto sobre ciencia a m\u00e1s de doscientos preescolares de la Regi\u00f3n de Los Lagos - Los Lagos<\/title>\n<meta name=\"robots\" content=\"index, follow, max-snippet:-1, max-image-preview:large, max-video-preview:-1\" \/>\n<link rel=\"canonical\" href=\"https:\/\/explora.cl\/lagos\/educadoras-y-familias-desarrollan-programa-piloto-sobre-ciencia-a-mas-de-doscientos-preescolares-de-la-region-de-los-lagos-18-diciembre-2020\/\" class=\"yoast-seo-meta-tag\" \/>\n<meta property=\"og:locale\" content=\"es_ES\" class=\"yoast-seo-meta-tag\" \/>\n<meta property=\"og:type\" content=\"article\" class=\"yoast-seo-meta-tag\" \/>\n<meta property=\"og:title\" content=\"Educadoras y familias desarrollan programa piloto sobre ciencia a m\u00e1s de doscientos preescolares de la Regi\u00f3n de Los Lagos - Los Lagos\" class=\"yoast-seo-meta-tag\" \/>\n<meta property=\"og:description\" content=\"Participaron educadora de 15 comunas de la Regi\u00f3n de Los Lagos.\" class=\"yoast-seo-meta-tag\" \/>\n<meta property=\"og:url\" content=\"https:\/\/explora.cl\/lagos\/educadoras-y-familias-desarrollan-programa-piloto-sobre-ciencia-a-mas-de-doscientos-preescolares-de-la-region-de-los-lagos-18-diciembre-2020\/\" class=\"yoast-seo-meta-tag\" \/>\n<meta property=\"og:site_name\" content=\"Los Lagos\" class=\"yoast-seo-meta-tag\" \/>\n<meta property=\"article:published_time\" content=\"2020-12-18T22:21:09+00:00\" class=\"yoast-seo-meta-tag\" \/>\n<meta property=\"article:modified_time\" content=\"2021-03-09T15:23:37+00:00\" class=\"yoast-seo-meta-tag\" \/>\n<meta property=\"og:image\" content=\"https:\/\/explora.cl\/lagos\/wp-content\/uploads\/sites\/17\/2020\/12\/FOTO-PIPE-OFICIAL-1.jpg\" class=\"yoast-seo-meta-tag\" \/>\n\t<meta property=\"og:image:width\" content=\"3431\" class=\"yoast-seo-meta-tag\" \/>\n\t<meta property=\"og:image:height\" content=\"1840\" class=\"yoast-seo-meta-tag\" \/>\n\t<meta property=\"og:image:type\" content=\"image\/jpeg\" class=\"yoast-seo-meta-tag\" \/>\n<meta name=\"author\" content=\"jvargas\" class=\"yoast-seo-meta-tag\" \/>\n<meta name=\"twitter:card\" content=\"summary_large_image\" class=\"yoast-seo-meta-tag\" \/>\n<meta name=\"twitter:label1\" content=\"Escrito por\" class=\"yoast-seo-meta-tag\" \/>\n\t<meta name=\"twitter:data1\" content=\"jvargas\" class=\"yoast-seo-meta-tag\" \/>\n\t<meta name=\"twitter:label2\" content=\"Tiempo de lectura\" class=\"yoast-seo-meta-tag\" \/>\n\t<meta name=\"twitter:data2\" content=\"5 minutos\" class=\"yoast-seo-meta-tag\" \/>\n<script type=\"application\/ld+json\" class=\"yoast-schema-graph\">{\"@context\":\"https:\/\/schema.org\",\"@graph\":[{\"@type\":\"Article\",\"@id\":\"https:\/\/explora.cl\/lagos\/educadoras-y-familias-desarrollan-programa-piloto-sobre-ciencia-a-mas-de-doscientos-preescolares-de-la-region-de-los-lagos-18-diciembre-2020\/#article\",\"isPartOf\":{\"@id\":\"https:\/\/explora.cl\/lagos\/educadoras-y-familias-desarrollan-programa-piloto-sobre-ciencia-a-mas-de-doscientos-preescolares-de-la-region-de-los-lagos-18-diciembre-2020\/\"},\"author\":{\"name\":\"jvargas\",\"@id\":\"https:\/\/explora.cl\/lagos\/#\/schema\/person\/6608d3ee9ea0b0daeaf12289528fc582\"},\"headline\":\"Educadoras y familias desarrollan programa piloto sobre ciencia a m\u00e1s de doscientos preescolares de la Regi\u00f3n de Los Lagos\",\"datePublished\":\"2020-12-18T22:21:09+00:00\",\"dateModified\":\"2021-03-09T15:23:37+00:00\",\"mainEntityOfPage\":{\"@id\":\"https:\/\/explora.cl\/lagos\/educadoras-y-familias-desarrollan-programa-piloto-sobre-ciencia-a-mas-de-doscientos-preescolares-de-la-region-de-los-lagos-18-diciembre-2020\/\"},\"wordCount\":1020,\"commentCount\":0,\"image\":{\"@id\":\"https:\/\/explora.cl\/lagos\/educadoras-y-familias-desarrollan-programa-piloto-sobre-ciencia-a-mas-de-doscientos-preescolares-de-la-region-de-los-lagos-18-diciembre-2020\/#primaryimage\"},\"thumbnailUrl\":\"https:\/\/explora.cl\/lagos\/wp-content\/uploads\/sites\/17\/2020\/12\/FOTO-PIPE-OFICIAL-1.jpg\",\"keywords\":[\"ciencia\",\"Los Lagos\",\"PIPE 2020\",\"Programa de Indagaci\u00f3n para Primeras Edades\",\"Proyecto Explora Los Lagos\",\"UACh Sede Puerto Montt\"],\"articleSection\":[\"Noticias\"],\"inLanguage\":\"es\",\"potentialAction\":[{\"@type\":\"CommentAction\",\"name\":\"Comment\",\"target\":[\"https:\/\/explora.cl\/lagos\/educadoras-y-familias-desarrollan-programa-piloto-sobre-ciencia-a-mas-de-doscientos-preescolares-de-la-region-de-los-lagos-18-diciembre-2020\/#respond\"]}]},{\"@type\":\"WebPage\",\"@id\":\"https:\/\/explora.cl\/lagos\/educadoras-y-familias-desarrollan-programa-piloto-sobre-ciencia-a-mas-de-doscientos-preescolares-de-la-region-de-los-lagos-18-diciembre-2020\/\",\"url\":\"https:\/\/explora.cl\/lagos\/educadoras-y-familias-desarrollan-programa-piloto-sobre-ciencia-a-mas-de-doscientos-preescolares-de-la-region-de-los-lagos-18-diciembre-2020\/\",\"name\":\"Educadoras y familias desarrollan programa piloto sobre ciencia a m\u00e1s de doscientos preescolares de la Regi\u00f3n de Los Lagos - Los Lagos\",\"isPartOf\":{\"@id\":\"https:\/\/explora.cl\/lagos\/#website\"},\"primaryImageOfPage\":{\"@id\":\"https:\/\/explora.cl\/lagos\/educadoras-y-familias-desarrollan-programa-piloto-sobre-ciencia-a-mas-de-doscientos-preescolares-de-la-region-de-los-lagos-18-diciembre-2020\/#primaryimage\"},\"image\":{\"@id\":\"https:\/\/explora.cl\/lagos\/educadoras-y-familias-desarrollan-programa-piloto-sobre-ciencia-a-mas-de-doscientos-preescolares-de-la-region-de-los-lagos-18-diciembre-2020\/#primaryimage\"},\"thumbnailUrl\":\"https:\/\/explora.cl\/lagos\/wp-content\/uploads\/sites\/17\/2020\/12\/FOTO-PIPE-OFICIAL-1.jpg\",\"datePublished\":\"2020-12-18T22:21:09+00:00\",\"dateModified\":\"2021-03-09T15:23:37+00:00\",\"author\":{\"@id\":\"https:\/\/explora.cl\/lagos\/#\/schema\/person\/6608d3ee9ea0b0daeaf12289528fc582\"},\"breadcrumb\":{\"@id\":\"https:\/\/explora.cl\/lagos\/educadoras-y-familias-desarrollan-programa-piloto-sobre-ciencia-a-mas-de-doscientos-preescolares-de-la-region-de-los-lagos-18-diciembre-2020\/#breadcrumb\"},\"inLanguage\":\"es\",\"potentialAction\":[{\"@type\":\"ReadAction\",\"target\":[\"https:\/\/explora.cl\/lagos\/educadoras-y-familias-desarrollan-programa-piloto-sobre-ciencia-a-mas-de-doscientos-preescolares-de-la-region-de-los-lagos-18-diciembre-2020\/\"]}]},{\"@type\":\"ImageObject\",\"inLanguage\":\"es\",\"@id\":\"https:\/\/explora.cl\/lagos\/educadoras-y-familias-desarrollan-programa-piloto-sobre-ciencia-a-mas-de-doscientos-preescolares-de-la-region-de-los-lagos-18-diciembre-2020\/#primaryimage\",\"url\":\"https:\/\/explora.cl\/lagos\/wp-content\/uploads\/sites\/17\/2020\/12\/FOTO-PIPE-OFICIAL-1.jpg\",\"contentUrl\":\"https:\/\/explora.cl\/lagos\/wp-content\/uploads\/sites\/17\/2020\/12\/FOTO-PIPE-OFICIAL-1.jpg\",\"width\":3431,\"height\":1840},{\"@type\":\"BreadcrumbList\",\"@id\":\"https:\/\/explora.cl\/lagos\/educadoras-y-familias-desarrollan-programa-piloto-sobre-ciencia-a-mas-de-doscientos-preescolares-de-la-region-de-los-lagos-18-diciembre-2020\/#breadcrumb\",\"itemListElement\":[{\"@type\":\"ListItem\",\"position\":1,\"name\":\"Portada\",\"item\":\"https:\/\/explora.cl\/lagos\/\"},{\"@type\":\"ListItem\",\"position\":2,\"name\":\"Educadoras y familias desarrollan programa piloto sobre ciencia a m\u00e1s de doscientos preescolares de la Regi\u00f3n de Los Lagos\"}]},{\"@type\":\"WebSite\",\"@id\":\"https:\/\/explora.cl\/lagos\/#website\",\"url\":\"https:\/\/explora.cl\/lagos\/\",\"name\":\"Los Lagos\",\"description\":\"Otro sitio m\u00e1s de explora.cl\",\"potentialAction\":[{\"@type\":\"SearchAction\",\"target\":{\"@type\":\"EntryPoint\",\"urlTemplate\":\"https:\/\/explora.cl\/lagos\/?s={search_term_string}\"},\"query-input\":{\"@type\":\"PropertyValueSpecification\",\"valueRequired\":true,\"valueName\":\"search_term_string\"}}],\"inLanguage\":\"es\"},{\"@type\":\"Person\",\"@id\":\"https:\/\/explora.cl\/lagos\/#\/schema\/person\/6608d3ee9ea0b0daeaf12289528fc582\",\"name\":\"jvargas\",\"image\":{\"@type\":\"ImageObject\",\"inLanguage\":\"es\",\"@id\":\"https:\/\/explora.cl\/lagos\/#\/schema\/person\/image\/\",\"url\":\"https:\/\/secure.gravatar.com\/avatar\/8a6892fbfb002ef173a244b534b4bbcea4c183fc3fbf7732e64ac89b1d22d482?s=96&d=mm&r=g\",\"contentUrl\":\"https:\/\/secure.gravatar.com\/avatar\/8a6892fbfb002ef173a244b534b4bbcea4c183fc3fbf7732e64ac89b1d22d482?s=96&d=mm&r=g\",\"caption\":\"jvargas\"},\"url\":\"https:\/\/explora.cl\/lagos\/author\/jvargas\/\"}]}<\/script>\n<!-- \/ Yoast SEO plugin. -->","yoast_head_json":{"title":"Educadoras y familias desarrollan programa piloto sobre ciencia a m\u00e1s de doscientos preescolares de la Regi\u00f3n de Los Lagos - Los Lagos","robots":{"index":"index","follow":"follow","max-snippet":"max-snippet:-1","max-image-preview":"max-image-preview:large","max-video-preview":"max-video-preview:-1"},"canonical":"https:\/\/explora.cl\/lagos\/educadoras-y-familias-desarrollan-programa-piloto-sobre-ciencia-a-mas-de-doscientos-preescolares-de-la-region-de-los-lagos-18-diciembre-2020\/","og_locale":"es_ES","og_type":"article","og_title":"Educadoras y familias desarrollan programa piloto sobre ciencia a m\u00e1s de doscientos preescolares de la Regi\u00f3n de Los Lagos - Los Lagos","og_description":"Participaron educadora de 15 comunas de la Regi\u00f3n de Los Lagos.","og_url":"https:\/\/explora.cl\/lagos\/educadoras-y-familias-desarrollan-programa-piloto-sobre-ciencia-a-mas-de-doscientos-preescolares-de-la-region-de-los-lagos-18-diciembre-2020\/","og_site_name":"Los Lagos","article_published_time":"2020-12-18T22:21:09+00:00","article_modified_time":"2021-03-09T15:23:37+00:00","og_image":[{"width":3431,"height":1840,"url":"https:\/\/explora.cl\/lagos\/wp-content\/uploads\/sites\/17\/2020\/12\/FOTO-PIPE-OFICIAL-1.jpg","type":"image\/jpeg"}],"author":"jvargas","twitter_card":"summary_large_image","twitter_misc":{"Escrito por":"jvargas","Tiempo de lectura":"5 minutos"},"schema":{"@context":"https:\/\/schema.org","@graph":[{"@type":"Article","@id":"https:\/\/explora.cl\/lagos\/educadoras-y-familias-desarrollan-programa-piloto-sobre-ciencia-a-mas-de-doscientos-preescolares-de-la-region-de-los-lagos-18-diciembre-2020\/#article","isPartOf":{"@id":"https:\/\/explora.cl\/lagos\/educadoras-y-familias-desarrollan-programa-piloto-sobre-ciencia-a-mas-de-doscientos-preescolares-de-la-region-de-los-lagos-18-diciembre-2020\/"},"author":{"name":"jvargas","@id":"https:\/\/explora.cl\/lagos\/#\/schema\/person\/6608d3ee9ea0b0daeaf12289528fc582"},"headline":"Educadoras y familias desarrollan programa piloto sobre ciencia a m\u00e1s de doscientos preescolares de la Regi\u00f3n de Los Lagos","datePublished":"2020-12-18T22:21:09+00:00","dateModified":"2021-03-09T15:23:37+00:00","mainEntityOfPage":{"@id":"https:\/\/explora.cl\/lagos\/educadoras-y-familias-desarrollan-programa-piloto-sobre-ciencia-a-mas-de-doscientos-preescolares-de-la-region-de-los-lagos-18-diciembre-2020\/"},"wordCount":1020,"commentCount":0,"image":{"@id":"https:\/\/explora.cl\/lagos\/educadoras-y-familias-desarrollan-programa-piloto-sobre-ciencia-a-mas-de-doscientos-preescolares-de-la-region-de-los-lagos-18-diciembre-2020\/#primaryimage"},"thumbnailUrl":"https:\/\/explora.cl\/lagos\/wp-content\/uploads\/sites\/17\/2020\/12\/FOTO-PIPE-OFICIAL-1.jpg","keywords":["ciencia","Los Lagos","PIPE 2020","Programa de Indagaci\u00f3n para Primeras Edades","Proyecto Explora Los Lagos","UACh Sede Puerto Montt"],"articleSection":["Noticias"],"inLanguage":"es","potentialAction":[{"@type":"CommentAction","name":"Comment","target":["https:\/\/explora.cl\/lagos\/educadoras-y-familias-desarrollan-programa-piloto-sobre-ciencia-a-mas-de-doscientos-preescolares-de-la-region-de-los-lagos-18-diciembre-2020\/#respond"]}]},{"@type":"WebPage","@id":"https:\/\/explora.cl\/lagos\/educadoras-y-familias-desarrollan-programa-piloto-sobre-ciencia-a-mas-de-doscientos-preescolares-de-la-region-de-los-lagos-18-diciembre-2020\/","url":"https:\/\/explora.cl\/lagos\/educadoras-y-familias-desarrollan-programa-piloto-sobre-ciencia-a-mas-de-doscientos-preescolares-de-la-region-de-los-lagos-18-diciembre-2020\/","name":"Educadoras y familias desarrollan programa piloto sobre ciencia a m\u00e1s de doscientos preescolares de la Regi\u00f3n de Los Lagos - Los Lagos","isPartOf":{"@id":"https:\/\/explora.cl\/lagos\/#website"},"primaryImageOfPage":{"@id":"https:\/\/explora.cl\/lagos\/educadoras-y-familias-desarrollan-programa-piloto-sobre-ciencia-a-mas-de-doscientos-preescolares-de-la-region-de-los-lagos-18-diciembre-2020\/#primaryimage"},"image":{"@id":"https:\/\/explora.cl\/lagos\/educadoras-y-familias-desarrollan-programa-piloto-sobre-ciencia-a-mas-de-doscientos-preescolares-de-la-region-de-los-lagos-18-diciembre-2020\/#primaryimage"},"thumbnailUrl":"https:\/\/explora.cl\/lagos\/wp-content\/uploads\/sites\/17\/2020\/12\/FOTO-PIPE-OFICIAL-1.jpg","datePublished":"2020-12-18T22:21:09+00:00","dateModified":"2021-03-09T15:23:37+00:00","author":{"@id":"https:\/\/explora.cl\/lagos\/#\/schema\/person\/6608d3ee9ea0b0daeaf12289528fc582"},"breadcrumb":{"@id":"https:\/\/explora.cl\/lagos\/educadoras-y-familias-desarrollan-programa-piloto-sobre-ciencia-a-mas-de-doscientos-preescolares-de-la-region-de-los-lagos-18-diciembre-2020\/#breadcrumb"},"inLanguage":"es","potentialAction":[{"@type":"ReadAction","target":["https:\/\/explora.cl\/lagos\/educadoras-y-familias-desarrollan-programa-piloto-sobre-ciencia-a-mas-de-doscientos-preescolares-de-la-region-de-los-lagos-18-diciembre-2020\/"]}]},{"@type":"ImageObject","inLanguage":"es","@id":"https:\/\/explora.cl\/lagos\/educadoras-y-familias-desarrollan-programa-piloto-sobre-ciencia-a-mas-de-doscientos-preescolares-de-la-region-de-los-lagos-18-diciembre-2020\/#primaryimage","url":"https:\/\/explora.cl\/lagos\/wp-content\/uploads\/sites\/17\/2020\/12\/FOTO-PIPE-OFICIAL-1.jpg","contentUrl":"https:\/\/explora.cl\/lagos\/wp-content\/uploads\/sites\/17\/2020\/12\/FOTO-PIPE-OFICIAL-1.jpg","width":3431,"height":1840},{"@type":"BreadcrumbList","@id":"https:\/\/explora.cl\/lagos\/educadoras-y-familias-desarrollan-programa-piloto-sobre-ciencia-a-mas-de-doscientos-preescolares-de-la-region-de-los-lagos-18-diciembre-2020\/#breadcrumb","itemListElement":[{"@type":"ListItem","position":1,"name":"Portada","item":"https:\/\/explora.cl\/lagos\/"},{"@type":"ListItem","position":2,"name":"Educadoras y familias desarrollan programa piloto sobre ciencia a m\u00e1s de doscientos preescolares de la Regi\u00f3n de Los Lagos"}]},{"@type":"WebSite","@id":"https:\/\/explora.cl\/lagos\/#website","url":"https:\/\/explora.cl\/lagos\/","name":"Los Lagos","description":"Otro sitio m\u00e1s de explora.cl","potentialAction":[{"@type":"SearchAction","target":{"@type":"EntryPoint","urlTemplate":"https:\/\/explora.cl\/lagos\/?s={search_term_string}"},"query-input":{"@type":"PropertyValueSpecification","valueRequired":true,"valueName":"search_term_string"}}],"inLanguage":"es"},{"@type":"Person","@id":"https:\/\/explora.cl\/lagos\/#\/schema\/person\/6608d3ee9ea0b0daeaf12289528fc582","name":"jvargas","image":{"@type":"ImageObject","inLanguage":"es","@id":"https:\/\/explora.cl\/lagos\/#\/schema\/person\/image\/","url":"https:\/\/secure.gravatar.com\/avatar\/8a6892fbfb002ef173a244b534b4bbcea4c183fc3fbf7732e64ac89b1d22d482?s=96&d=mm&r=g","contentUrl":"https:\/\/secure.gravatar.com\/avatar\/8a6892fbfb002ef173a244b534b4bbcea4c183fc3fbf7732e64ac89b1d22d482?s=96&d=mm&r=g","caption":"jvargas"},"url":"https:\/\/explora.cl\/lagos\/author\/jvargas\/"}]}},"_links":{"self":[{"href":"https:\/\/explora.cl\/lagos\/wp-json\/wp\/v2\/posts\/39764","targetHints":{"allow":["GET"]}}],"collection":[{"href":"https:\/\/explora.cl\/lagos\/wp-json\/wp\/v2\/posts"}],"about":[{"href":"https:\/\/explora.cl\/lagos\/wp-json\/wp\/v2\/types\/post"}],"author":[{"embeddable":true,"href":"https:\/\/explora.cl\/lagos\/wp-json\/wp\/v2\/users\/36"}],"replies":[{"embeddable":true,"href":"https:\/\/explora.cl\/lagos\/wp-json\/wp\/v2\/comments?post=39764"}],"version-history":[{"count":4,"href":"https:\/\/explora.cl\/lagos\/wp-json\/wp\/v2\/posts\/39764\/revisions"}],"predecessor-version":[{"id":39780,"href":"https:\/\/explora.cl\/lagos\/wp-json\/wp\/v2\/posts\/39764\/revisions\/39780"}],"wp:featuredmedia":[{"embeddable":true,"href":"https:\/\/explora.cl\/lagos\/wp-json\/wp\/v2\/media\/39765"}],"wp:attachment":[{"href":"https:\/\/explora.cl\/lagos\/wp-json\/wp\/v2\/media?parent=39764"}],"wp:term":[{"taxonomy":"category","embeddable":true,"href":"https:\/\/explora.cl\/lagos\/wp-json\/wp\/v2\/categories?post=39764"},{"taxonomy":"post_tag","embeddable":true,"href":"https:\/\/explora.cl\/lagos\/wp-json\/wp\/v2\/tags?post=39764"}],"curies":[{"name":"wp","href":"https:\/\/api.w.org\/{rel}","templated":true}]}}