{"id":39759,"date":"2020-12-11T23:50:33","date_gmt":"2020-12-12T02:50:33","guid":{"rendered":"https:\/\/explora.cl\/lagos\/?p=39759"},"modified":"2021-01-27T21:10:45","modified_gmt":"2021-01-28T00:10:45","slug":"comunidad-regional-de-los-lagos-se-prepara-para-vivir-el-eclipse-total-de-sol-2020","status":"publish","type":"post","link":"https:\/\/explora.cl\/lagos\/comunidad-regional-de-los-lagos-se-prepara-para-vivir-el-eclipse-total-de-sol-2020\/","title":{"rendered":"Comunidad regional de Los Lagos se prepara para vivir el Eclipse Total de Sol 2020"},"content":{"rendered":"<p><em><span class=\"TextRun SCXW15421369 BCX0\" lang=\"EN-US\" xml:lang=\"EN-US\" data-contrast=\"auto\"><span class=\"NormalTextRun SCXW15421369 BCX0\">Charlas<\/span><\/span><span class=\"TextRun SCXW15421369 BCX0\" lang=\"EN-US\" xml:lang=\"EN-US\" data-contrast=\"auto\"><span class=\"NormalTextRun SCXW15421369 BCX0\">,\u00a0<\/span><\/span><span class=\"TextRun SCXW15421369 BCX0\" lang=\"EN-US\" xml:lang=\"EN-US\" data-contrast=\"auto\"><span class=\"NormalTextRun SpellingErrorV2 SCXW15421369 BCX0\">talleres<\/span><\/span><span class=\"TextRun SCXW15421369 BCX0\" lang=\"EN-US\" xml:lang=\"EN-US\" data-contrast=\"auto\"><span class=\"NormalTextRun SCXW15421369 BCX0\">\u00a0de\u00a0<\/span><\/span><span class=\"TextRun SCXW15421369 BCX0\" lang=\"EN-US\" xml:lang=\"EN-US\" data-contrast=\"auto\"><span class=\"NormalTextRun SpellingErrorV2 SCXW15421369 BCX0\">astronom\u00eda<\/span><\/span><span class=\"TextRun SCXW15421369 BCX0\" lang=\"EN-US\" xml:lang=\"EN-US\" data-contrast=\"auto\"><span class=\"NormalTextRun SCXW15421369 BCX0\">\u00a0y\u00a0<\/span><\/span><span class=\"TextRun SCXW15421369 BCX0\" lang=\"EN-US\" xml:lang=\"EN-US\" data-contrast=\"auto\"><span class=\"NormalTextRun SpellingErrorV2 SCXW15421369 BCX0\">entrega<\/span><\/span><span class=\"TextRun SCXW15421369 BCX0\" lang=\"EN-US\" xml:lang=\"EN-US\" data-contrast=\"auto\"><span class=\"NormalTextRun SCXW15421369 BCX0\">\u00a0de\u00a0<\/span><\/span><span class=\"TextRun SCXW15421369 BCX0\" lang=\"EN-US\" xml:lang=\"EN-US\" data-contrast=\"auto\"><span class=\"NormalTextRun SpellingErrorV2 SCXW15421369 BCX0\">lentes<\/span><\/span><span class=\"TextRun SCXW15421369 BCX0\" lang=\"EN-US\" xml:lang=\"EN-US\" data-contrast=\"auto\"><span class=\"NormalTextRun SCXW15421369 BCX0\">\u00a0<\/span><\/span><span class=\"TextRun SCXW15421369 BCX0\" lang=\"EN-US\" xml:lang=\"EN-US\" data-contrast=\"auto\"><span class=\"NormalTextRun SpellingErrorV2 SCXW15421369 BCX0\">certificados<\/span><\/span><span class=\"TextRun SCXW15421369 BCX0\" lang=\"EN-US\" xml:lang=\"EN-US\" data-contrast=\"auto\"><span class=\"NormalTextRun SCXW15421369 BCX0\">\u00a0<\/span><\/span><span class=\"TextRun SCXW15421369 BCX0\" lang=\"EN-US\" xml:lang=\"EN-US\" data-contrast=\"auto\"><span class=\"NormalTextRun SCXW15421369 BCX0\">son<\/span><\/span><span class=\"TextRun SCXW15421369 BCX0\" lang=\"EN-US\" xml:lang=\"EN-US\" data-contrast=\"auto\"><span class=\"NormalTextRun SCXW15421369 BCX0\">\u00a0<\/span><\/span><span class=\"TextRun SCXW15421369 BCX0\" lang=\"EN-US\" xml:lang=\"EN-US\" data-contrast=\"auto\"><span class=\"NormalTextRun SpellingErrorV2 SCXW15421369 BCX0\">parte<\/span><\/span><span class=\"TextRun SCXW15421369 BCX0\" lang=\"EN-US\" xml:lang=\"EN-US\" data-contrast=\"auto\"><span class=\"NormalTextRun SCXW15421369 BCX0\">\u00a0de la\u00a0<\/span><\/span><span class=\"TextRun SCXW15421369 BCX0\" lang=\"EN-US\" xml:lang=\"EN-US\" data-contrast=\"auto\"><span class=\"NormalTextRun SpellingErrorV2 SCXW15421369 BCX0\">ante<\/span><\/span><span class=\"TextRun SCXW15421369 BCX0\" lang=\"EN-US\" xml:lang=\"EN-US\" data-contrast=\"auto\"><span class=\"NormalTextRun SpellingErrorV2 SCXW15421369 BCX0\">sal<\/span><\/span><span class=\"TextRun SCXW15421369 BCX0\" lang=\"EN-US\" xml:lang=\"EN-US\" data-contrast=\"auto\"><span class=\"NormalTextRun SpellingErrorV2 SCXW15421369 BCX0\">a<\/span><\/span><span class=\"TextRun SCXW15421369 BCX0\" lang=\"EN-US\" xml:lang=\"EN-US\" data-contrast=\"auto\"><span class=\"NormalTextRun SCXW15421369 BCX0\">\u00a0que se\u00a0<\/span><\/span><span class=\"TextRun SCXW15421369 BCX0\" lang=\"EN-US\" xml:lang=\"EN-US\" data-contrast=\"auto\"><span class=\"NormalTextRun SpellingErrorV2 SCXW15421369 BCX0\">vive<\/span><\/span><span class=\"TextRun SCXW15421369 BCX0\" lang=\"EN-US\" xml:lang=\"EN-US\" data-contrast=\"auto\"><span class=\"NormalTextRun SCXW15421369 BCX0\">\u00a0en la\u00a0<\/span><\/span><span class=\"TextRun SCXW15421369 BCX0\" lang=\"EN-US\" xml:lang=\"EN-US\" data-contrast=\"auto\"><span class=\"NormalTextRun SpellingErrorV2 SCXW15421369 BCX0\">espera<\/span><\/span><span class=\"TextRun SCXW15421369 BCX0\" lang=\"EN-US\" xml:lang=\"EN-US\" data-contrast=\"auto\"><span class=\"NormalTextRun SCXW15421369 BCX0\">\u00a0del\u00a0<\/span><\/span><span class=\"TextRun SCXW15421369 BCX0\" lang=\"EN-US\" xml:lang=\"EN-US\" data-contrast=\"auto\"><span class=\"NormalTextRun SpellingErrorV2 SCXW15421369 BCX0\">fen\u00f3meno<\/span><\/span><span class=\"TextRun SCXW15421369 BCX0\" lang=\"EN-US\" xml:lang=\"EN-US\" data-contrast=\"auto\"><span class=\"NormalTextRun SCXW15421369 BCX0\">\u00a0<\/span><\/span><span class=\"TextRun SCXW15421369 BCX0\" lang=\"EN-US\" xml:lang=\"EN-US\" data-contrast=\"auto\"><span class=\"NormalTextRun SpellingErrorV2 SCXW15421369 BCX0\">astron\u00f3mico<\/span><\/span><span class=\"TextRun SCXW15421369 BCX0\" lang=\"EN-US\" xml:lang=\"EN-US\" data-contrast=\"auto\"><span class=\"NormalTextRun SCXW15421369 BCX0\">, el\u00a0<\/span><\/span><span class=\"TextRun SCXW15421369 BCX0\" lang=\"EN-US\" xml:lang=\"EN-US\" data-contrast=\"auto\"><span class=\"NormalTextRun SpellingErrorV2 SCXW15421369 BCX0\">cual<\/span><\/span><span class=\"TextRun SCXW15421369 BCX0\" lang=\"EN-US\" xml:lang=\"EN-US\" data-contrast=\"auto\"><span class=\"NormalTextRun SCXW15421369 BCX0\">\u00a0se<\/span><\/span><span class=\"TextRun SCXW15421369 BCX0\" lang=\"EN-US\" xml:lang=\"EN-US\" data-contrast=\"auto\"><span class=\"NormalTextRun SCXW15421369 BCX0\">\u00a0<\/span><\/span><span class=\"TextRun SCXW15421369 BCX0\" lang=\"EN-US\" xml:lang=\"EN-US\" data-contrast=\"auto\"><span class=\"NormalTextRun SpellingErrorV2 SCXW15421369 BCX0\">invita<\/span><\/span><span class=\"TextRun SCXW15421369 BCX0\" lang=\"EN-US\" xml:lang=\"EN-US\" data-contrast=\"auto\"><span class=\"NormalTextRun SCXW15421369 BCX0\">\u00a0<\/span><span class=\"NormalTextRun ContextualSpellingAndGrammarErrorV2 SCXW15421369 BCX0\">a<\/span><span class=\"NormalTextRun SCXW15421369 BCX0\">\u00a0<\/span><\/span><span class=\"TextRun SCXW15421369 BCX0\" lang=\"EN-US\" xml:lang=\"EN-US\" data-contrast=\"auto\"><span class=\"NormalTextRun SpellingErrorV2 SCXW15421369 BCX0\">observar<\/span><span class=\"NormalTextRun SCXW15421369 BCX0\">\u00a0<\/span><\/span><span class=\"TextRun SCXW15421369 BCX0\" lang=\"EN-US\" xml:lang=\"EN-US\" data-contrast=\"auto\"><span class=\"NormalTextRun SCXW15421369 BCX0\">de forma\u00a0<\/span><\/span><span class=\"TextRun SCXW15421369 BCX0\" lang=\"EN-US\" xml:lang=\"EN-US\" data-contrast=\"auto\"><span class=\"NormalTextRun SpellingErrorV2 SCXW15421369 BCX0\">responsable<\/span><\/span><span class=\"TextRun SCXW15421369 BCX0\" lang=\"EN-US\" xml:lang=\"EN-US\" data-contrast=\"auto\"><span class=\"NormalTextRun SCXW15421369 BCX0\">.\u00a0<\/span><\/span><span class=\"EOP SCXW15421369 BCX0\" data-ccp-props=\"{&quot;201341983&quot;:0,&quot;335559739&quot;:160,&quot;335559740&quot;:259}\">\u00a0<\/span><\/em><\/p>\n<p>Ni\u00f1as y ni\u00f1os, jovenes y adultos de la regi\u00f3n, est\u00e1n transitando el camino de preparaci\u00f3n hacia el Eclipse Total de Sol que acontecer\u00e1 el pr\u00f3ximo lunes 14 de diciembre de 2020 y cruzar\u00e1 la Regi\u00f3n de La Araucan\u00eda, Los R\u00edos y gran parte de la Regi\u00f3n de Los Lagos.<\/p>\n<p>Este trayecto hacia el maravilloso evento astron\u00f3mico inici\u00f3 con el Ciclo de Charlas Eclipsados por el Sol que se desarroll\u00f3 desde agosto a diciembre de este a\u00f1o a trav\u00e9s de Facebook y Canal de Youtube del PAR Explora Los Lagos, contando con m\u00e1s de 4 mil visualizaciones durante este periodo y que a\u00fan est\u00e1n disponibles en ambas plataformas.<\/p>\n<p>El ciclo culmin\u00f3 con gran \u00e9xito este mi\u00e9rcoles con la Charla \u201cLan Ant\u00fc, el Sol de luto\u201d impartido por Nancy Ancahual, profesora b\u00e1sica intercultural e integrante del Consejo de Educaci\u00f3n Mapuche Azeluwam, quien se refiri\u00f3 al fen\u00f3meno desde la Cosmovisi\u00f3n Mapuche.<\/p>\n<p>La iniciativa fue desarrollada por el Proyecto Explora Los Lagos del Ministerio de Ciencia, Tecnolog\u00eda, Conocimiento e Innovaci\u00f3n junto al\u202fCentro de Docencia Superior en Ciencias B\u00e1sicas de la Universidad Austral de Chile Sede Puerto Montt y el apoyo del Observatorio Europeo Austral, la Agrupaci\u00f3n Astronom\u00eda Inclusiva y el Museo Interactivo de Osorno, quienes organizaron un\u202fciclo\u202fde charlas online que cont\u00f3 con interpretaci\u00f3n en Lengua de Se\u00f1as Chilena en vivo y tambi\u00e9n interpretaci\u00f3n simult\u00e1nea en idioma Creole en la pen\u00faltima charla.<\/p>\n<p>Fueron destacados\/as investigadores y divulgadores cientificos del \u00e1rea de la Astronom\u00eda de Chile y el mundo, que dieron a conocer una diversidad de conocimientos a la comunidad general, como, esterotipos e inclusividad en Astronom\u00eda, el origen de las estrellas, b\u00fasqueda de vida en el universo y el maravilloso mundo de los eclipses lunares y solares, entre otros.<\/p>\n<h3><strong>Claudia \u00c1lvarez, Profesional de Apoyo del \u00c1rea Ciencia P\u00fablica del Proyecto Explora Los Lagos UACh<\/strong>, destac\u00f3 que \u201cse pudo llegar a p\u00fablicos que no se hab\u00edan alcanzado a lo largo del a\u00f1o a trav\u00e9s de la interpretaci\u00f3n en Lengua de Se\u00f1as y en Creole para la comunidad haitiana. Estamos muy contentos porque cumplimos con los objetivos de poder acercar estos conocimientos astron\u00f3micos que a veces suelen estar un poco lejanos de la comunidad general. Destacar que, esta iniciativa \u201cEclipsados por el Sol\u201d culmina con un Taller Astron\u00f3mico Interactivo destinado a la comunidad escolar que se desarrolla este fin de semana.\u201d<\/h3>\n<h3><strong>Claudio Navarro, Dr. en Astrof\u00edsca y Acad\u00e9mico del Centro de Docencia Superior en Ciencias B\u00e1sicas de la Universidad Austral de Chile, Sede Puerto Montt<\/strong> y gestor de la iniciativa, manifest\u00f3 que \u201ces importante educar en astronom\u00eda porque Chile, hoy en d\u00eda, concentra m\u00e1s del 40% de todas las instalaciones astron\u00f3micas a nivel mundial. Es por esa raz\u00f3n, que quienes desarrollamos investigaci\u00f3n en astronom\u00eda, necesitamos acercar hacia la comunidad todo tipo de investigaci\u00f3n que se est\u00e1 realizando\u201d.<\/h3>\n<p>Tambi\u00e9n este fin de semana se desarrolla junto a Astrokidz y gracias al apoyo de ESSAL, un Taller Online pr\u00e1ctico e Interactivo de Astronom\u00eda que ha convocado a 100 ni\u00f1as y ni\u00f1os de la Regi\u00f3n de Los Lagos. Este Taller se divide en dos sesiones, la primera es sobre Ondas C\u00f3smicas que tiene como objetivo aprender de los diferentes tipos de ondas y lograr escuchar ondas del cosmos al ser convertidos en audio.<\/p>\n<p>Mientras que, la segunda etapa del Taller es la Sesi\u00f3n Solar que busca que los participantes puedan crear un proyector estenopeico, medir el di\u00e1metro y comparar el Sol con la Luna, dibujar sombras durante el d\u00eda, crear un reloj solar, comparar tiempos de deshielo seg\u00fan base, observar el Sol en su color real, recrear el color del cielo y crear un puesto del Sol en casa.<\/p>\n<p>Destacar que, a todos los participantes de este taller, se les entregar\u00e1 un \u201cAstrobox El Sol\u201d que contiene instrumentos astron\u00f3micos, actividades pr\u00e1cticas y experimentos para realizar en los hogares. Junto con ello, durante las \u00faltimas semanas, se han entregado mil lentes certificados a establecimientos educacionales de la regi\u00f3n, instituciones y comunidad general para que observen responsablemente el Eclipse Total de Sol.<\/p>\n<h3><strong>El Dr. Claudio Navarro<\/strong> entreg\u00f3 algunas recomendaciones sobre la apreciaci\u00f3n de este suceso, enfatizando que \u201cnunca se debe observar el sol directamente, ya que esto puede causar da\u00f1os irreparables a la visi\u00f3n. Por esta raz\u00f3n, las \u00fanicas dos formas recomendadas para observar el sol es utilizando lentes con certificaci\u00f3n ISO que se pueden adquirir en el comercio o bien utilizar vidrio de soldador ojal\u00e1 de grado 14 o superior y como m\u00ednimo de grado 12. Si no cuenta con esos instrumentos, por favor, no utilizar radiograf\u00edas, ni lentes de sol. Otra alternativa es tratar de construir alg\u00fan dispositivo, que permita observar en una pared o en el suelo el reflejo de la luz solar, con esas recomendaciones y guardando la distancia social, considerando el contexto de pandemia en el que nos encontramos actualmente, podemos realizar una observaci\u00f3n segura\u201d.<\/h3>\n","protected":false},"excerpt":{"rendered":"<p>Se entregaron mil lentes a la comunidad regional para observar el Eclipse Total de Sol 2020 responsablemente. <\/p>\n","protected":false},"author":36,"featured_media":39760,"comment_status":"open","ping_status":"open","sticky":false,"template":"","format":"standard","meta":{"_acf_changed":false,"_exactmetrics_skip_tracking":false,"_exactmetrics_sitenote_active":false,"_exactmetrics_sitenote_note":"","_exactmetrics_sitenote_category":0,"footnotes":"","_links_to":"","_links_to_target":""},"categories":[4,1],"tags":[213,107,351,182,346,332],"class_list":["post-39759","post","type-post","status-publish","format-standard","has-post-thumbnail","hentry","category-noticias","category-sin-categoria","tag-astronomia","tag-ciencia","tag-eclipse-total-de-sol-2020","tag-los-lagos","tag-proyecto-explora-los-lagos","tag-uach-sede-puerto-montt"],"acf":[],"yoast_head":"<!-- This site is optimized with the Yoast SEO plugin v26.9 - https:\/\/yoast.com\/product\/yoast-seo-wordpress\/ -->\n<title>Comunidad regional de Los Lagos se prepara para vivir el Eclipse Total de Sol 2020 - Los Lagos<\/title>\n<meta name=\"robots\" content=\"index, follow, max-snippet:-1, max-image-preview:large, max-video-preview:-1\" \/>\n<link rel=\"canonical\" href=\"https:\/\/explora.cl\/lagos\/comunidad-regional-de-los-lagos-se-prepara-para-vivir-el-eclipse-total-de-sol-2020\/\" class=\"yoast-seo-meta-tag\" \/>\n<meta property=\"og:locale\" content=\"es_ES\" class=\"yoast-seo-meta-tag\" \/>\n<meta property=\"og:type\" content=\"article\" class=\"yoast-seo-meta-tag\" \/>\n<meta property=\"og:title\" content=\"Comunidad regional de Los Lagos se prepara para vivir el Eclipse Total de Sol 2020 - Los Lagos\" class=\"yoast-seo-meta-tag\" \/>\n<meta property=\"og:description\" content=\"Se entregaron mil lentes a la comunidad regional para observar el Eclipse Total de Sol 2020 responsablemente.\" class=\"yoast-seo-meta-tag\" \/>\n<meta property=\"og:url\" content=\"https:\/\/explora.cl\/lagos\/comunidad-regional-de-los-lagos-se-prepara-para-vivir-el-eclipse-total-de-sol-2020\/\" class=\"yoast-seo-meta-tag\" \/>\n<meta property=\"og:site_name\" content=\"Los Lagos\" class=\"yoast-seo-meta-tag\" \/>\n<meta property=\"article:published_time\" content=\"2020-12-12T02:50:33+00:00\" class=\"yoast-seo-meta-tag\" \/>\n<meta property=\"article:modified_time\" content=\"2021-01-28T00:10:45+00:00\" class=\"yoast-seo-meta-tag\" \/>\n<meta property=\"og:image\" content=\"https:\/\/explora.cl\/lagos\/wp-content\/uploads\/sites\/17\/2020\/12\/FOTO-1.jpg\" class=\"yoast-seo-meta-tag\" \/>\n\t<meta property=\"og:image:width\" content=\"1280\" class=\"yoast-seo-meta-tag\" \/>\n\t<meta property=\"og:image:height\" content=\"590\" class=\"yoast-seo-meta-tag\" \/>\n\t<meta property=\"og:image:type\" content=\"image\/jpeg\" class=\"yoast-seo-meta-tag\" \/>\n<meta name=\"author\" content=\"jvargas\" class=\"yoast-seo-meta-tag\" \/>\n<meta name=\"twitter:card\" content=\"summary_large_image\" class=\"yoast-seo-meta-tag\" \/>\n<meta name=\"twitter:label1\" content=\"Escrito por\" class=\"yoast-seo-meta-tag\" \/>\n\t<meta name=\"twitter:data1\" content=\"jvargas\" class=\"yoast-seo-meta-tag\" \/>\n\t<meta name=\"twitter:label2\" content=\"Tiempo de lectura\" class=\"yoast-seo-meta-tag\" \/>\n\t<meta name=\"twitter:data2\" content=\"5 minutos\" class=\"yoast-seo-meta-tag\" \/>\n<script type=\"application\/ld+json\" class=\"yoast-schema-graph\">{\"@context\":\"https:\/\/schema.org\",\"@graph\":[{\"@type\":\"Article\",\"@id\":\"https:\/\/explora.cl\/lagos\/comunidad-regional-de-los-lagos-se-prepara-para-vivir-el-eclipse-total-de-sol-2020\/#article\",\"isPartOf\":{\"@id\":\"https:\/\/explora.cl\/lagos\/comunidad-regional-de-los-lagos-se-prepara-para-vivir-el-eclipse-total-de-sol-2020\/\"},\"author\":{\"name\":\"jvargas\",\"@id\":\"https:\/\/explora.cl\/lagos\/#\/schema\/person\/6608d3ee9ea0b0daeaf12289528fc582\"},\"headline\":\"Comunidad regional de Los Lagos se prepara para vivir el Eclipse Total de Sol 2020\",\"datePublished\":\"2020-12-12T02:50:33+00:00\",\"dateModified\":\"2021-01-28T00:10:45+00:00\",\"mainEntityOfPage\":{\"@id\":\"https:\/\/explora.cl\/lagos\/comunidad-regional-de-los-lagos-se-prepara-para-vivir-el-eclipse-total-de-sol-2020\/\"},\"wordCount\":924,\"commentCount\":0,\"image\":{\"@id\":\"https:\/\/explora.cl\/lagos\/comunidad-regional-de-los-lagos-se-prepara-para-vivir-el-eclipse-total-de-sol-2020\/#primaryimage\"},\"thumbnailUrl\":\"https:\/\/explora.cl\/lagos\/wp-content\/uploads\/sites\/17\/2020\/12\/FOTO-1.jpg\",\"keywords\":[\"Astronom\u00eda\",\"ciencia\",\"Eclipse Total de Sol 2020\",\"Los Lagos\",\"Proyecto Explora Los Lagos\",\"UACh Sede Puerto Montt\"],\"articleSection\":[\"Noticias\"],\"inLanguage\":\"es\",\"potentialAction\":[{\"@type\":\"CommentAction\",\"name\":\"Comment\",\"target\":[\"https:\/\/explora.cl\/lagos\/comunidad-regional-de-los-lagos-se-prepara-para-vivir-el-eclipse-total-de-sol-2020\/#respond\"]}]},{\"@type\":\"WebPage\",\"@id\":\"https:\/\/explora.cl\/lagos\/comunidad-regional-de-los-lagos-se-prepara-para-vivir-el-eclipse-total-de-sol-2020\/\",\"url\":\"https:\/\/explora.cl\/lagos\/comunidad-regional-de-los-lagos-se-prepara-para-vivir-el-eclipse-total-de-sol-2020\/\",\"name\":\"Comunidad regional de Los Lagos se prepara para vivir el Eclipse Total de Sol 2020 - Los Lagos\",\"isPartOf\":{\"@id\":\"https:\/\/explora.cl\/lagos\/#website\"},\"primaryImageOfPage\":{\"@id\":\"https:\/\/explora.cl\/lagos\/comunidad-regional-de-los-lagos-se-prepara-para-vivir-el-eclipse-total-de-sol-2020\/#primaryimage\"},\"image\":{\"@id\":\"https:\/\/explora.cl\/lagos\/comunidad-regional-de-los-lagos-se-prepara-para-vivir-el-eclipse-total-de-sol-2020\/#primaryimage\"},\"thumbnailUrl\":\"https:\/\/explora.cl\/lagos\/wp-content\/uploads\/sites\/17\/2020\/12\/FOTO-1.jpg\",\"datePublished\":\"2020-12-12T02:50:33+00:00\",\"dateModified\":\"2021-01-28T00:10:45+00:00\",\"author\":{\"@id\":\"https:\/\/explora.cl\/lagos\/#\/schema\/person\/6608d3ee9ea0b0daeaf12289528fc582\"},\"breadcrumb\":{\"@id\":\"https:\/\/explora.cl\/lagos\/comunidad-regional-de-los-lagos-se-prepara-para-vivir-el-eclipse-total-de-sol-2020\/#breadcrumb\"},\"inLanguage\":\"es\",\"potentialAction\":[{\"@type\":\"ReadAction\",\"target\":[\"https:\/\/explora.cl\/lagos\/comunidad-regional-de-los-lagos-se-prepara-para-vivir-el-eclipse-total-de-sol-2020\/\"]}]},{\"@type\":\"ImageObject\",\"inLanguage\":\"es\",\"@id\":\"https:\/\/explora.cl\/lagos\/comunidad-regional-de-los-lagos-se-prepara-para-vivir-el-eclipse-total-de-sol-2020\/#primaryimage\",\"url\":\"https:\/\/explora.cl\/lagos\/wp-content\/uploads\/sites\/17\/2020\/12\/FOTO-1.jpg\",\"contentUrl\":\"https:\/\/explora.cl\/lagos\/wp-content\/uploads\/sites\/17\/2020\/12\/FOTO-1.jpg\",\"width\":1280,\"height\":590},{\"@type\":\"BreadcrumbList\",\"@id\":\"https:\/\/explora.cl\/lagos\/comunidad-regional-de-los-lagos-se-prepara-para-vivir-el-eclipse-total-de-sol-2020\/#breadcrumb\",\"itemListElement\":[{\"@type\":\"ListItem\",\"position\":1,\"name\":\"Portada\",\"item\":\"https:\/\/explora.cl\/lagos\/\"},{\"@type\":\"ListItem\",\"position\":2,\"name\":\"Comunidad regional de Los Lagos se prepara para vivir el Eclipse Total de Sol 2020\"}]},{\"@type\":\"WebSite\",\"@id\":\"https:\/\/explora.cl\/lagos\/#website\",\"url\":\"https:\/\/explora.cl\/lagos\/\",\"name\":\"Los Lagos\",\"description\":\"Otro sitio m\u00e1s de explora.cl\",\"potentialAction\":[{\"@type\":\"SearchAction\",\"target\":{\"@type\":\"EntryPoint\",\"urlTemplate\":\"https:\/\/explora.cl\/lagos\/?s={search_term_string}\"},\"query-input\":{\"@type\":\"PropertyValueSpecification\",\"valueRequired\":true,\"valueName\":\"search_term_string\"}}],\"inLanguage\":\"es\"},{\"@type\":\"Person\",\"@id\":\"https:\/\/explora.cl\/lagos\/#\/schema\/person\/6608d3ee9ea0b0daeaf12289528fc582\",\"name\":\"jvargas\",\"image\":{\"@type\":\"ImageObject\",\"inLanguage\":\"es\",\"@id\":\"https:\/\/explora.cl\/lagos\/#\/schema\/person\/image\/\",\"url\":\"https:\/\/secure.gravatar.com\/avatar\/8a6892fbfb002ef173a244b534b4bbcea4c183fc3fbf7732e64ac89b1d22d482?s=96&d=mm&r=g\",\"contentUrl\":\"https:\/\/secure.gravatar.com\/avatar\/8a6892fbfb002ef173a244b534b4bbcea4c183fc3fbf7732e64ac89b1d22d482?s=96&d=mm&r=g\",\"caption\":\"jvargas\"},\"url\":\"https:\/\/explora.cl\/lagos\/author\/jvargas\/\"}]}<\/script>\n<!-- \/ Yoast SEO plugin. -->","yoast_head_json":{"title":"Comunidad regional de Los Lagos se prepara para vivir el Eclipse Total de Sol 2020 - Los Lagos","robots":{"index":"index","follow":"follow","max-snippet":"max-snippet:-1","max-image-preview":"max-image-preview:large","max-video-preview":"max-video-preview:-1"},"canonical":"https:\/\/explora.cl\/lagos\/comunidad-regional-de-los-lagos-se-prepara-para-vivir-el-eclipse-total-de-sol-2020\/","og_locale":"es_ES","og_type":"article","og_title":"Comunidad regional de Los Lagos se prepara para vivir el Eclipse Total de Sol 2020 - Los Lagos","og_description":"Se entregaron mil lentes a la comunidad regional para observar el Eclipse Total de Sol 2020 responsablemente.","og_url":"https:\/\/explora.cl\/lagos\/comunidad-regional-de-los-lagos-se-prepara-para-vivir-el-eclipse-total-de-sol-2020\/","og_site_name":"Los Lagos","article_published_time":"2020-12-12T02:50:33+00:00","article_modified_time":"2021-01-28T00:10:45+00:00","og_image":[{"width":1280,"height":590,"url":"https:\/\/explora.cl\/lagos\/wp-content\/uploads\/sites\/17\/2020\/12\/FOTO-1.jpg","type":"image\/jpeg"}],"author":"jvargas","twitter_card":"summary_large_image","twitter_misc":{"Escrito por":"jvargas","Tiempo de lectura":"5 minutos"},"schema":{"@context":"https:\/\/schema.org","@graph":[{"@type":"Article","@id":"https:\/\/explora.cl\/lagos\/comunidad-regional-de-los-lagos-se-prepara-para-vivir-el-eclipse-total-de-sol-2020\/#article","isPartOf":{"@id":"https:\/\/explora.cl\/lagos\/comunidad-regional-de-los-lagos-se-prepara-para-vivir-el-eclipse-total-de-sol-2020\/"},"author":{"name":"jvargas","@id":"https:\/\/explora.cl\/lagos\/#\/schema\/person\/6608d3ee9ea0b0daeaf12289528fc582"},"headline":"Comunidad regional de Los Lagos se prepara para vivir el Eclipse Total de Sol 2020","datePublished":"2020-12-12T02:50:33+00:00","dateModified":"2021-01-28T00:10:45+00:00","mainEntityOfPage":{"@id":"https:\/\/explora.cl\/lagos\/comunidad-regional-de-los-lagos-se-prepara-para-vivir-el-eclipse-total-de-sol-2020\/"},"wordCount":924,"commentCount":0,"image":{"@id":"https:\/\/explora.cl\/lagos\/comunidad-regional-de-los-lagos-se-prepara-para-vivir-el-eclipse-total-de-sol-2020\/#primaryimage"},"thumbnailUrl":"https:\/\/explora.cl\/lagos\/wp-content\/uploads\/sites\/17\/2020\/12\/FOTO-1.jpg","keywords":["Astronom\u00eda","ciencia","Eclipse Total de Sol 2020","Los Lagos","Proyecto Explora Los Lagos","UACh Sede Puerto Montt"],"articleSection":["Noticias"],"inLanguage":"es","potentialAction":[{"@type":"CommentAction","name":"Comment","target":["https:\/\/explora.cl\/lagos\/comunidad-regional-de-los-lagos-se-prepara-para-vivir-el-eclipse-total-de-sol-2020\/#respond"]}]},{"@type":"WebPage","@id":"https:\/\/explora.cl\/lagos\/comunidad-regional-de-los-lagos-se-prepara-para-vivir-el-eclipse-total-de-sol-2020\/","url":"https:\/\/explora.cl\/lagos\/comunidad-regional-de-los-lagos-se-prepara-para-vivir-el-eclipse-total-de-sol-2020\/","name":"Comunidad regional de Los Lagos se prepara para vivir el Eclipse Total de Sol 2020 - Los Lagos","isPartOf":{"@id":"https:\/\/explora.cl\/lagos\/#website"},"primaryImageOfPage":{"@id":"https:\/\/explora.cl\/lagos\/comunidad-regional-de-los-lagos-se-prepara-para-vivir-el-eclipse-total-de-sol-2020\/#primaryimage"},"image":{"@id":"https:\/\/explora.cl\/lagos\/comunidad-regional-de-los-lagos-se-prepara-para-vivir-el-eclipse-total-de-sol-2020\/#primaryimage"},"thumbnailUrl":"https:\/\/explora.cl\/lagos\/wp-content\/uploads\/sites\/17\/2020\/12\/FOTO-1.jpg","datePublished":"2020-12-12T02:50:33+00:00","dateModified":"2021-01-28T00:10:45+00:00","author":{"@id":"https:\/\/explora.cl\/lagos\/#\/schema\/person\/6608d3ee9ea0b0daeaf12289528fc582"},"breadcrumb":{"@id":"https:\/\/explora.cl\/lagos\/comunidad-regional-de-los-lagos-se-prepara-para-vivir-el-eclipse-total-de-sol-2020\/#breadcrumb"},"inLanguage":"es","potentialAction":[{"@type":"ReadAction","target":["https:\/\/explora.cl\/lagos\/comunidad-regional-de-los-lagos-se-prepara-para-vivir-el-eclipse-total-de-sol-2020\/"]}]},{"@type":"ImageObject","inLanguage":"es","@id":"https:\/\/explora.cl\/lagos\/comunidad-regional-de-los-lagos-se-prepara-para-vivir-el-eclipse-total-de-sol-2020\/#primaryimage","url":"https:\/\/explora.cl\/lagos\/wp-content\/uploads\/sites\/17\/2020\/12\/FOTO-1.jpg","contentUrl":"https:\/\/explora.cl\/lagos\/wp-content\/uploads\/sites\/17\/2020\/12\/FOTO-1.jpg","width":1280,"height":590},{"@type":"BreadcrumbList","@id":"https:\/\/explora.cl\/lagos\/comunidad-regional-de-los-lagos-se-prepara-para-vivir-el-eclipse-total-de-sol-2020\/#breadcrumb","itemListElement":[{"@type":"ListItem","position":1,"name":"Portada","item":"https:\/\/explora.cl\/lagos\/"},{"@type":"ListItem","position":2,"name":"Comunidad regional de Los Lagos se prepara para vivir el Eclipse Total de Sol 2020"}]},{"@type":"WebSite","@id":"https:\/\/explora.cl\/lagos\/#website","url":"https:\/\/explora.cl\/lagos\/","name":"Los Lagos","description":"Otro sitio m\u00e1s de explora.cl","potentialAction":[{"@type":"SearchAction","target":{"@type":"EntryPoint","urlTemplate":"https:\/\/explora.cl\/lagos\/?s={search_term_string}"},"query-input":{"@type":"PropertyValueSpecification","valueRequired":true,"valueName":"search_term_string"}}],"inLanguage":"es"},{"@type":"Person","@id":"https:\/\/explora.cl\/lagos\/#\/schema\/person\/6608d3ee9ea0b0daeaf12289528fc582","name":"jvargas","image":{"@type":"ImageObject","inLanguage":"es","@id":"https:\/\/explora.cl\/lagos\/#\/schema\/person\/image\/","url":"https:\/\/secure.gravatar.com\/avatar\/8a6892fbfb002ef173a244b534b4bbcea4c183fc3fbf7732e64ac89b1d22d482?s=96&d=mm&r=g","contentUrl":"https:\/\/secure.gravatar.com\/avatar\/8a6892fbfb002ef173a244b534b4bbcea4c183fc3fbf7732e64ac89b1d22d482?s=96&d=mm&r=g","caption":"jvargas"},"url":"https:\/\/explora.cl\/lagos\/author\/jvargas\/"}]}},"_links":{"self":[{"href":"https:\/\/explora.cl\/lagos\/wp-json\/wp\/v2\/posts\/39759","targetHints":{"allow":["GET"]}}],"collection":[{"href":"https:\/\/explora.cl\/lagos\/wp-json\/wp\/v2\/posts"}],"about":[{"href":"https:\/\/explora.cl\/lagos\/wp-json\/wp\/v2\/types\/post"}],"author":[{"embeddable":true,"href":"https:\/\/explora.cl\/lagos\/wp-json\/wp\/v2\/users\/36"}],"replies":[{"embeddable":true,"href":"https:\/\/explora.cl\/lagos\/wp-json\/wp\/v2\/comments?post=39759"}],"version-history":[{"count":4,"href":"https:\/\/explora.cl\/lagos\/wp-json\/wp\/v2\/posts\/39759\/revisions"}],"predecessor-version":[{"id":39771,"href":"https:\/\/explora.cl\/lagos\/wp-json\/wp\/v2\/posts\/39759\/revisions\/39771"}],"wp:featuredmedia":[{"embeddable":true,"href":"https:\/\/explora.cl\/lagos\/wp-json\/wp\/v2\/media\/39760"}],"wp:attachment":[{"href":"https:\/\/explora.cl\/lagos\/wp-json\/wp\/v2\/media?parent=39759"}],"wp:term":[{"taxonomy":"category","embeddable":true,"href":"https:\/\/explora.cl\/lagos\/wp-json\/wp\/v2\/categories?post=39759"},{"taxonomy":"post_tag","embeddable":true,"href":"https:\/\/explora.cl\/lagos\/wp-json\/wp\/v2\/tags?post=39759"}],"curies":[{"name":"wp","href":"https:\/\/api.w.org\/{rel}","templated":true}]}}