{"id":39754,"date":"2020-12-07T17:24:08","date_gmt":"2020-12-07T20:24:08","guid":{"rendered":"https:\/\/explora.cl\/lagos\/?p=39754"},"modified":"2020-12-22T22:42:01","modified_gmt":"2020-12-23T01:42:01","slug":"lan-antu-el-sol-de-luto-se-vivira-desde-la-cosmovision-mapuche-en-proxima-charla-astronomica","status":"publish","type":"post","link":"https:\/\/explora.cl\/lagos\/lan-antu-el-sol-de-luto-se-vivira-desde-la-cosmovision-mapuche-en-proxima-charla-astronomica\/","title":{"rendered":"\u201cLan Ant\u00fc, el Sol de luto\u201d se vivir\u00e1 desde la Cosmovisi\u00f3n Mapuche en pr\u00f3xima charla astron\u00f3mica"},"content":{"rendered":"<p><span class=\"TextRun SCXW47237628 BCX0\" lang=\"EN-US\" xml:lang=\"EN-US\" data-contrast=\"auto\"><span class=\"NormalTextRun SCXW47237628 BCX0\">*Se\u00a0<\/span><\/span><span class=\"TextRun SCXW47237628 BCX0\" lang=\"EN-US\" xml:lang=\"EN-US\" data-contrast=\"auto\"><span class=\"NormalTextRun SpellingErrorV2 SCXW47237628 BCX0\">realizar\u00e1<\/span><\/span><span class=\"TextRun SCXW47237628 BCX0\" lang=\"EN-US\" xml:lang=\"EN-US\" data-contrast=\"auto\"><span class=\"NormalTextRun SCXW47237628 BCX0\">\u00a0el\u00a0<\/span><\/span><span class=\"TextRun SCXW47237628 BCX0\" lang=\"EN-US\" xml:lang=\"EN-US\" data-contrast=\"auto\"><span class=\"NormalTextRun SpellingErrorV2 SCXW47237628 BCX0\">mi\u00e9rcoles<\/span><\/span><span class=\"TextRun SCXW47237628 BCX0\" lang=\"EN-US\" xml:lang=\"EN-US\" data-contrast=\"auto\"><span class=\"NormalTextRun SCXW47237628 BCX0\">\u00a09 de\u00a0<\/span><\/span><span class=\"TextRun SCXW47237628 BCX0\" lang=\"EN-US\" xml:lang=\"EN-US\" data-contrast=\"auto\"><span class=\"NormalTextRun SpellingErrorV2 SCXW47237628 BCX0\">diciembre<\/span><\/span><span class=\"TextRun SCXW47237628 BCX0\" lang=\"EN-US\" xml:lang=\"EN-US\" data-contrast=\"auto\"><span class=\"NormalTextRun SCXW47237628 BCX0\">\u00a0a las 18:00 hrs.<\/span><\/span><span class=\"TextRun SCXW47237628 BCX0\" lang=\"EN-US\" xml:lang=\"EN-US\" data-contrast=\"auto\"><span class=\"NormalTextRun SCXW47237628 BCX0\">\u00a0<\/span><\/span><span class=\"TextRun SCXW47237628 BCX0\" lang=\"EN-US\" xml:lang=\"EN-US\" data-contrast=\"auto\"><span class=\"NormalTextRun SCXW47237628 BCX0\">la\u00a0<\/span><span class=\"NormalTextRun SpellingErrorV2 SCXW47237628 BCX0\">charla<\/span><span class=\"NormalTextRun SCXW47237628 BCX0\">\u00a0<\/span><\/span><span class=\"TextRun SCXW47237628 BCX0\" lang=\"EN-US\" xml:lang=\"EN-US\" data-contrast=\"auto\"><span class=\"NormalTextRun SpellingErrorV2 SCXW47237628 BCX0\">abierta<\/span><\/span><span class=\"TextRun SCXW47237628 BCX0\" lang=\"EN-US\" xml:lang=\"EN-US\" data-contrast=\"auto\"><span class=\"NormalTextRun SCXW47237628 BCX0\">\u00a0y\u00a0<\/span><\/span><span class=\"TextRun SCXW47237628 BCX0\" lang=\"EN-US\" xml:lang=\"EN-US\" data-contrast=\"auto\"><span class=\"NormalTextRun SpellingErrorV2 SCXW47237628 BCX0\">gratuita<\/span><\/span><span class=\"TextRun SCXW47237628 BCX0\" lang=\"EN-US\" xml:lang=\"EN-US\" data-contrast=\"auto\"><span class=\"NormalTextRun SCXW47237628 BCX0\">\u00a0que se\u00a0<\/span><\/span><span class=\"TextRun SCXW47237628 BCX0\" lang=\"EN-US\" xml:lang=\"EN-US\" data-contrast=\"auto\"><span class=\"NormalTextRun SpellingErrorV2 SCXW47237628 BCX0\">transmitir\u00e1<\/span><\/span><span class=\"TextRun SCXW47237628 BCX0\" lang=\"EN-US\" xml:lang=\"EN-US\" data-contrast=\"auto\"><span class=\"NormalTextRun SCXW47237628 BCX0\">\u00a0a\u00a0<\/span><\/span><span class=\"TextRun SCXW47237628 BCX0\" lang=\"EN-US\" xml:lang=\"EN-US\" data-contrast=\"auto\"><span class=\"NormalTextRun SpellingErrorV2 SCXW47237628 BCX0\">trav\u00e9s<\/span><\/span><span class=\"TextRun SCXW47237628 BCX0\" lang=\"EN-US\" xml:lang=\"EN-US\" data-contrast=\"auto\"><span class=\"NormalTextRun SCXW47237628 BCX0\">\u00a0de Facebook Live\u202f<\/span><\/span><a class=\"Hyperlink SCXW47237628 BCX0\" href=\"https:\/\/www.facebook.com\/PARExploraLagos\" target=\"_blank\" rel=\"noreferrer noopener\"><span class=\"TextRun Underlined SCXW47237628 BCX0\" lang=\"EN-US\" xml:lang=\"EN-US\" data-contrast=\"none\"><span class=\"NormalTextRun SCXW47237628 BCX0\" data-ccp-charstyle=\"Hyperlink\">@PARExploraLagos<\/span><\/span><\/a><span class=\"TextRun SCXW47237628 BCX0\" lang=\"EN-US\" xml:lang=\"EN-US\" data-contrast=\"auto\"><span class=\"NormalTextRun SCXW47237628 BCX0\">\u202fy\u00a0<\/span><\/span><span class=\"TextRun SCXW47237628 BCX0\" lang=\"EN-US\" xml:lang=\"EN-US\" data-contrast=\"auto\"><span class=\"NormalTextRun ContextualSpellingAndGrammarErrorV2 SCXW47237628 BCX0\">canal<\/span><\/span><span class=\"TextRun SCXW47237628 BCX0\" lang=\"EN-US\" xml:lang=\"EN-US\" data-contrast=\"auto\"><span class=\"NormalTextRun SCXW47237628 BCX0\">\u00a0de\u202f<\/span><\/span><a class=\"Hyperlink SCXW47237628 BCX0\" href=\"https:\/\/www.youtube.com\/channel\/UCX9qmWDc-vIj_b_gg6dgabw?view_as=subscriber\" target=\"_blank\" rel=\"noreferrer noopener\"><span class=\"TextRun Underlined SCXW47237628 BCX0\" lang=\"EN-US\" xml:lang=\"EN-US\" data-contrast=\"none\"><span class=\"NormalTextRun SCXW47237628 BCX0\" data-ccp-charstyle=\"Hyperlink\">YouTube.<\/span><\/span><\/a><span class=\"EOP SCXW47237628 BCX0\" data-ccp-props=\"{&quot;201341983&quot;:0,&quot;335551550&quot;:6,&quot;335551620&quot;:6,&quot;335559739&quot;:160,&quot;335559740&quot;:259}\">\u00a0<\/span><\/p>\n<p>El pr\u00f3ximo 14 de diciembre se vivir\u00e1 el Eclipse Total de Sol, en un territorio donde habita hace miles de a\u00f1os el pueblo Mapuche. Este evento astron\u00f3mico se apreciar\u00e1 de forma diferente y con mucho respeto desde la Cosmovisi\u00f3n Mapuche.<\/p>\n<p>Desde la mirada de nuestro pueblo originario, el Sol llamado Ant\u00fc y la Luna llamada K\u00fcyen son las fuerza masculina y femenina, respectivamente, y las energ\u00edas b\u00e1sicas del Universo. Al cruzarse ambos en un eclipse es algo muy delicado porque \u201cLanantu\u201d y \u201cLancuyen\u201d es entendido, como, la muerte temporal del Sol o la Luna, un proceso que trae consigo una serie de cambios en la Tierra, asociados a las m\u00e1s diferentes manifestaciones naturales.<\/p>\n<p>Esta perspectiva, explicar\u00e1 Nancy Ancahual, profesora b\u00e1sica e integrante del Consejo de Educaci\u00f3n Mapuche Azeluwam en su Charla del Ciclo Eclipsados por el Sol: \u201cLan Ant\u00fc, el sol de luto\u201d, que generar\u00e1 un espacio de reflexi\u00f3n y conexi\u00f3n con el significado de este incre\u00edble evento astron\u00f3mico desde la mirada de nuestros ancestros.<\/p>\n<p>El Ciclo de Charlas es desarrollado desde agosto por el Proyecto Explora Los Lagos del Ministerio de Ciencia, Tecnolog\u00eda, Conocimiento e Innovaci\u00f3n junto al\u202fCentro de Docencia Superior en Ciencias B\u00e1sicas de la Universidad Austral de Chile Sede Puerto Montt y el apoyo del Observatorio Europeo Austral, la Agrupaci\u00f3n Astronom\u00eda Inclusiva y el Museo Interactivo de Osorno, que cuenta con interpretaci\u00f3n en Lengua de Se\u00f1as Chilena en vivo.<\/p>\n<p>Gabriela Navarro, directora del Proyecto Explora Los Lagos, realiz\u00f3 la invitaci\u00f3n a la comunidad, expresando que \u201cen esta oportunidad queremos vivir el Eclipse desde una mirada diferente y conectados con el significado de la Cosmovisi\u00f3n Mapuche que debi\u00e9ramos conocer e idealmente aprender\/asimilar como parte de nuestro patrimonio cultural, encontrando en este momento de inflexi\u00f3n elementos que como personas debi\u00e9ramos conocer, practicar y promover en torno a la forma en que el pueblo originario entiende y habita el mundo, en particular, todo lo relacionado con el respeto a toda forma de vida y a los ciclos de la naturaleza\u201d.<\/p>\n<p>La iniciativa est\u00e1 enmarcada en la espera del Eclipse Total de Sol del 14 de diciembre de 2020 que se apreciar\u00e1 en su totalidad en la Regi\u00f3n de La Araucan\u00eda y Los R\u00edos y en gran parte de la Regi\u00f3n de Los Lagos.<\/p>\n<p>Si desean participar, pueden sumarse al evento ingresando a Facebook Live\u202f@PARExploraLagos\u202fy canal de\u202fYouTube, el pr\u00f3ximo mi\u00e9rcoles 9 de diciembre a las 18:00 hrs en <a href=\"http:\/\/facebook.com\/events\/690275688546398\/\">facebook.com\/events\/690275688546398\/<\/a><\/p>\n","protected":false},"excerpt":{"rendered":"<p>El pr\u00f3ximo 14 de diciembre se vivir\u00e1 el Eclipse Total de Sol de 2020 en territorio Mapuche. <\/p>\n","protected":false},"author":36,"featured_media":39756,"comment_status":"open","ping_status":"open","sticky":false,"template":"","format":"standard","meta":{"_acf_changed":false,"_exactmetrics_skip_tracking":false,"_exactmetrics_sitenote_active":false,"_exactmetrics_sitenote_note":"","_exactmetrics_sitenote_category":0,"footnotes":"","_links_to":"","_links_to_target":""},"categories":[151,1],"tags":[213,107,351,346],"class_list":["post-39754","post","type-post","status-publish","format-standard","has-post-thumbnail","hentry","category-banner","category-sin-categoria","tag-astronomia","tag-ciencia","tag-eclipse-total-de-sol-2020","tag-proyecto-explora-los-lagos"],"acf":[],"yoast_head":"<!-- This site is optimized with the Yoast SEO plugin v26.9 - https:\/\/yoast.com\/product\/yoast-seo-wordpress\/ -->\n<title>\u201cLan Ant\u00fc, el Sol de luto\u201d se vivir\u00e1 desde la Cosmovisi\u00f3n Mapuche en pr\u00f3xima charla astron\u00f3mica - Los Lagos<\/title>\n<meta name=\"robots\" content=\"index, follow, max-snippet:-1, max-image-preview:large, max-video-preview:-1\" \/>\n<link rel=\"canonical\" href=\"https:\/\/explora.cl\/lagos\/lan-antu-el-sol-de-luto-se-vivira-desde-la-cosmovision-mapuche-en-proxima-charla-astronomica\/\" class=\"yoast-seo-meta-tag\" \/>\n<meta property=\"og:locale\" content=\"es_ES\" class=\"yoast-seo-meta-tag\" \/>\n<meta property=\"og:type\" content=\"article\" class=\"yoast-seo-meta-tag\" \/>\n<meta property=\"og:title\" content=\"\u201cLan Ant\u00fc, el Sol de luto\u201d se vivir\u00e1 desde la Cosmovisi\u00f3n Mapuche en pr\u00f3xima charla astron\u00f3mica - Los Lagos\" class=\"yoast-seo-meta-tag\" \/>\n<meta property=\"og:description\" content=\"El pr\u00f3ximo 14 de diciembre se vivir\u00e1 el Eclipse Total de Sol de 2020 en territorio Mapuche.\" class=\"yoast-seo-meta-tag\" \/>\n<meta property=\"og:url\" content=\"https:\/\/explora.cl\/lagos\/lan-antu-el-sol-de-luto-se-vivira-desde-la-cosmovision-mapuche-en-proxima-charla-astronomica\/\" class=\"yoast-seo-meta-tag\" \/>\n<meta property=\"og:site_name\" content=\"Los Lagos\" class=\"yoast-seo-meta-tag\" \/>\n<meta property=\"article:published_time\" content=\"2020-12-07T20:24:08+00:00\" class=\"yoast-seo-meta-tag\" \/>\n<meta property=\"article:modified_time\" content=\"2020-12-23T01:42:01+00:00\" class=\"yoast-seo-meta-tag\" \/>\n<meta property=\"og:image\" content=\"https:\/\/explora.cl\/lagos\/wp-content\/uploads\/sites\/17\/2020\/12\/pagina_explora-4.png\" class=\"yoast-seo-meta-tag\" \/>\n\t<meta property=\"og:image:width\" content=\"736\" class=\"yoast-seo-meta-tag\" \/>\n\t<meta property=\"og:image:height\" content=\"420\" class=\"yoast-seo-meta-tag\" \/>\n\t<meta property=\"og:image:type\" content=\"image\/png\" class=\"yoast-seo-meta-tag\" \/>\n<meta name=\"author\" content=\"jvargas\" class=\"yoast-seo-meta-tag\" \/>\n<meta name=\"twitter:card\" content=\"summary_large_image\" class=\"yoast-seo-meta-tag\" \/>\n<meta name=\"twitter:label1\" content=\"Escrito por\" class=\"yoast-seo-meta-tag\" \/>\n\t<meta name=\"twitter:data1\" content=\"jvargas\" class=\"yoast-seo-meta-tag\" \/>\n\t<meta name=\"twitter:label2\" content=\"Tiempo de lectura\" class=\"yoast-seo-meta-tag\" \/>\n\t<meta name=\"twitter:data2\" content=\"2 minutos\" class=\"yoast-seo-meta-tag\" \/>\n<script type=\"application\/ld+json\" class=\"yoast-schema-graph\">{\"@context\":\"https:\/\/schema.org\",\"@graph\":[{\"@type\":\"Article\",\"@id\":\"https:\/\/explora.cl\/lagos\/lan-antu-el-sol-de-luto-se-vivira-desde-la-cosmovision-mapuche-en-proxima-charla-astronomica\/#article\",\"isPartOf\":{\"@id\":\"https:\/\/explora.cl\/lagos\/lan-antu-el-sol-de-luto-se-vivira-desde-la-cosmovision-mapuche-en-proxima-charla-astronomica\/\"},\"author\":{\"name\":\"jvargas\",\"@id\":\"https:\/\/explora.cl\/lagos\/#\/schema\/person\/6608d3ee9ea0b0daeaf12289528fc582\"},\"headline\":\"\u201cLan Ant\u00fc, el Sol de luto\u201d se vivir\u00e1 desde la Cosmovisi\u00f3n Mapuche en pr\u00f3xima charla astron\u00f3mica\",\"datePublished\":\"2020-12-07T20:24:08+00:00\",\"dateModified\":\"2020-12-23T01:42:01+00:00\",\"mainEntityOfPage\":{\"@id\":\"https:\/\/explora.cl\/lagos\/lan-antu-el-sol-de-luto-se-vivira-desde-la-cosmovision-mapuche-en-proxima-charla-astronomica\/\"},\"wordCount\":480,\"commentCount\":0,\"image\":{\"@id\":\"https:\/\/explora.cl\/lagos\/lan-antu-el-sol-de-luto-se-vivira-desde-la-cosmovision-mapuche-en-proxima-charla-astronomica\/#primaryimage\"},\"thumbnailUrl\":\"https:\/\/explora.cl\/lagos\/wp-content\/uploads\/sites\/17\/2020\/12\/pagina_explora-4.png\",\"keywords\":[\"Astronom\u00eda\",\"ciencia\",\"Eclipse Total de Sol 2020\",\"Proyecto Explora Los Lagos\"],\"articleSection\":[\"Banner\"],\"inLanguage\":\"es\",\"potentialAction\":[{\"@type\":\"CommentAction\",\"name\":\"Comment\",\"target\":[\"https:\/\/explora.cl\/lagos\/lan-antu-el-sol-de-luto-se-vivira-desde-la-cosmovision-mapuche-en-proxima-charla-astronomica\/#respond\"]}]},{\"@type\":\"WebPage\",\"@id\":\"https:\/\/explora.cl\/lagos\/lan-antu-el-sol-de-luto-se-vivira-desde-la-cosmovision-mapuche-en-proxima-charla-astronomica\/\",\"url\":\"https:\/\/explora.cl\/lagos\/lan-antu-el-sol-de-luto-se-vivira-desde-la-cosmovision-mapuche-en-proxima-charla-astronomica\/\",\"name\":\"\u201cLan Ant\u00fc, el Sol de luto\u201d se vivir\u00e1 desde la Cosmovisi\u00f3n Mapuche en pr\u00f3xima charla astron\u00f3mica - Los Lagos\",\"isPartOf\":{\"@id\":\"https:\/\/explora.cl\/lagos\/#website\"},\"primaryImageOfPage\":{\"@id\":\"https:\/\/explora.cl\/lagos\/lan-antu-el-sol-de-luto-se-vivira-desde-la-cosmovision-mapuche-en-proxima-charla-astronomica\/#primaryimage\"},\"image\":{\"@id\":\"https:\/\/explora.cl\/lagos\/lan-antu-el-sol-de-luto-se-vivira-desde-la-cosmovision-mapuche-en-proxima-charla-astronomica\/#primaryimage\"},\"thumbnailUrl\":\"https:\/\/explora.cl\/lagos\/wp-content\/uploads\/sites\/17\/2020\/12\/pagina_explora-4.png\",\"datePublished\":\"2020-12-07T20:24:08+00:00\",\"dateModified\":\"2020-12-23T01:42:01+00:00\",\"author\":{\"@id\":\"https:\/\/explora.cl\/lagos\/#\/schema\/person\/6608d3ee9ea0b0daeaf12289528fc582\"},\"breadcrumb\":{\"@id\":\"https:\/\/explora.cl\/lagos\/lan-antu-el-sol-de-luto-se-vivira-desde-la-cosmovision-mapuche-en-proxima-charla-astronomica\/#breadcrumb\"},\"inLanguage\":\"es\",\"potentialAction\":[{\"@type\":\"ReadAction\",\"target\":[\"https:\/\/explora.cl\/lagos\/lan-antu-el-sol-de-luto-se-vivira-desde-la-cosmovision-mapuche-en-proxima-charla-astronomica\/\"]}]},{\"@type\":\"ImageObject\",\"inLanguage\":\"es\",\"@id\":\"https:\/\/explora.cl\/lagos\/lan-antu-el-sol-de-luto-se-vivira-desde-la-cosmovision-mapuche-en-proxima-charla-astronomica\/#primaryimage\",\"url\":\"https:\/\/explora.cl\/lagos\/wp-content\/uploads\/sites\/17\/2020\/12\/pagina_explora-4.png\",\"contentUrl\":\"https:\/\/explora.cl\/lagos\/wp-content\/uploads\/sites\/17\/2020\/12\/pagina_explora-4.png\",\"width\":736,\"height\":420},{\"@type\":\"BreadcrumbList\",\"@id\":\"https:\/\/explora.cl\/lagos\/lan-antu-el-sol-de-luto-se-vivira-desde-la-cosmovision-mapuche-en-proxima-charla-astronomica\/#breadcrumb\",\"itemListElement\":[{\"@type\":\"ListItem\",\"position\":1,\"name\":\"Portada\",\"item\":\"https:\/\/explora.cl\/lagos\/\"},{\"@type\":\"ListItem\",\"position\":2,\"name\":\"\u201cLan Ant\u00fc, el Sol de luto\u201d se vivir\u00e1 desde la Cosmovisi\u00f3n Mapuche en pr\u00f3xima charla astron\u00f3mica\"}]},{\"@type\":\"WebSite\",\"@id\":\"https:\/\/explora.cl\/lagos\/#website\",\"url\":\"https:\/\/explora.cl\/lagos\/\",\"name\":\"Los Lagos\",\"description\":\"Otro sitio m\u00e1s de explora.cl\",\"potentialAction\":[{\"@type\":\"SearchAction\",\"target\":{\"@type\":\"EntryPoint\",\"urlTemplate\":\"https:\/\/explora.cl\/lagos\/?s={search_term_string}\"},\"query-input\":{\"@type\":\"PropertyValueSpecification\",\"valueRequired\":true,\"valueName\":\"search_term_string\"}}],\"inLanguage\":\"es\"},{\"@type\":\"Person\",\"@id\":\"https:\/\/explora.cl\/lagos\/#\/schema\/person\/6608d3ee9ea0b0daeaf12289528fc582\",\"name\":\"jvargas\",\"image\":{\"@type\":\"ImageObject\",\"inLanguage\":\"es\",\"@id\":\"https:\/\/explora.cl\/lagos\/#\/schema\/person\/image\/\",\"url\":\"https:\/\/secure.gravatar.com\/avatar\/8a6892fbfb002ef173a244b534b4bbcea4c183fc3fbf7732e64ac89b1d22d482?s=96&d=mm&r=g\",\"contentUrl\":\"https:\/\/secure.gravatar.com\/avatar\/8a6892fbfb002ef173a244b534b4bbcea4c183fc3fbf7732e64ac89b1d22d482?s=96&d=mm&r=g\",\"caption\":\"jvargas\"},\"url\":\"https:\/\/explora.cl\/lagos\/author\/jvargas\/\"}]}<\/script>\n<!-- \/ Yoast SEO plugin. -->","yoast_head_json":{"title":"\u201cLan Ant\u00fc, el Sol de luto\u201d se vivir\u00e1 desde la Cosmovisi\u00f3n Mapuche en pr\u00f3xima charla astron\u00f3mica - Los Lagos","robots":{"index":"index","follow":"follow","max-snippet":"max-snippet:-1","max-image-preview":"max-image-preview:large","max-video-preview":"max-video-preview:-1"},"canonical":"https:\/\/explora.cl\/lagos\/lan-antu-el-sol-de-luto-se-vivira-desde-la-cosmovision-mapuche-en-proxima-charla-astronomica\/","og_locale":"es_ES","og_type":"article","og_title":"\u201cLan Ant\u00fc, el Sol de luto\u201d se vivir\u00e1 desde la Cosmovisi\u00f3n Mapuche en pr\u00f3xima charla astron\u00f3mica - Los Lagos","og_description":"El pr\u00f3ximo 14 de diciembre se vivir\u00e1 el Eclipse Total de Sol de 2020 en territorio Mapuche.","og_url":"https:\/\/explora.cl\/lagos\/lan-antu-el-sol-de-luto-se-vivira-desde-la-cosmovision-mapuche-en-proxima-charla-astronomica\/","og_site_name":"Los Lagos","article_published_time":"2020-12-07T20:24:08+00:00","article_modified_time":"2020-12-23T01:42:01+00:00","og_image":[{"width":736,"height":420,"url":"https:\/\/explora.cl\/lagos\/wp-content\/uploads\/sites\/17\/2020\/12\/pagina_explora-4.png","type":"image\/png"}],"author":"jvargas","twitter_card":"summary_large_image","twitter_misc":{"Escrito por":"jvargas","Tiempo de lectura":"2 minutos"},"schema":{"@context":"https:\/\/schema.org","@graph":[{"@type":"Article","@id":"https:\/\/explora.cl\/lagos\/lan-antu-el-sol-de-luto-se-vivira-desde-la-cosmovision-mapuche-en-proxima-charla-astronomica\/#article","isPartOf":{"@id":"https:\/\/explora.cl\/lagos\/lan-antu-el-sol-de-luto-se-vivira-desde-la-cosmovision-mapuche-en-proxima-charla-astronomica\/"},"author":{"name":"jvargas","@id":"https:\/\/explora.cl\/lagos\/#\/schema\/person\/6608d3ee9ea0b0daeaf12289528fc582"},"headline":"\u201cLan Ant\u00fc, el Sol de luto\u201d se vivir\u00e1 desde la Cosmovisi\u00f3n Mapuche en pr\u00f3xima charla astron\u00f3mica","datePublished":"2020-12-07T20:24:08+00:00","dateModified":"2020-12-23T01:42:01+00:00","mainEntityOfPage":{"@id":"https:\/\/explora.cl\/lagos\/lan-antu-el-sol-de-luto-se-vivira-desde-la-cosmovision-mapuche-en-proxima-charla-astronomica\/"},"wordCount":480,"commentCount":0,"image":{"@id":"https:\/\/explora.cl\/lagos\/lan-antu-el-sol-de-luto-se-vivira-desde-la-cosmovision-mapuche-en-proxima-charla-astronomica\/#primaryimage"},"thumbnailUrl":"https:\/\/explora.cl\/lagos\/wp-content\/uploads\/sites\/17\/2020\/12\/pagina_explora-4.png","keywords":["Astronom\u00eda","ciencia","Eclipse Total de Sol 2020","Proyecto Explora Los Lagos"],"articleSection":["Banner"],"inLanguage":"es","potentialAction":[{"@type":"CommentAction","name":"Comment","target":["https:\/\/explora.cl\/lagos\/lan-antu-el-sol-de-luto-se-vivira-desde-la-cosmovision-mapuche-en-proxima-charla-astronomica\/#respond"]}]},{"@type":"WebPage","@id":"https:\/\/explora.cl\/lagos\/lan-antu-el-sol-de-luto-se-vivira-desde-la-cosmovision-mapuche-en-proxima-charla-astronomica\/","url":"https:\/\/explora.cl\/lagos\/lan-antu-el-sol-de-luto-se-vivira-desde-la-cosmovision-mapuche-en-proxima-charla-astronomica\/","name":"\u201cLan Ant\u00fc, el Sol de luto\u201d se vivir\u00e1 desde la Cosmovisi\u00f3n Mapuche en pr\u00f3xima charla astron\u00f3mica - Los Lagos","isPartOf":{"@id":"https:\/\/explora.cl\/lagos\/#website"},"primaryImageOfPage":{"@id":"https:\/\/explora.cl\/lagos\/lan-antu-el-sol-de-luto-se-vivira-desde-la-cosmovision-mapuche-en-proxima-charla-astronomica\/#primaryimage"},"image":{"@id":"https:\/\/explora.cl\/lagos\/lan-antu-el-sol-de-luto-se-vivira-desde-la-cosmovision-mapuche-en-proxima-charla-astronomica\/#primaryimage"},"thumbnailUrl":"https:\/\/explora.cl\/lagos\/wp-content\/uploads\/sites\/17\/2020\/12\/pagina_explora-4.png","datePublished":"2020-12-07T20:24:08+00:00","dateModified":"2020-12-23T01:42:01+00:00","author":{"@id":"https:\/\/explora.cl\/lagos\/#\/schema\/person\/6608d3ee9ea0b0daeaf12289528fc582"},"breadcrumb":{"@id":"https:\/\/explora.cl\/lagos\/lan-antu-el-sol-de-luto-se-vivira-desde-la-cosmovision-mapuche-en-proxima-charla-astronomica\/#breadcrumb"},"inLanguage":"es","potentialAction":[{"@type":"ReadAction","target":["https:\/\/explora.cl\/lagos\/lan-antu-el-sol-de-luto-se-vivira-desde-la-cosmovision-mapuche-en-proxima-charla-astronomica\/"]}]},{"@type":"ImageObject","inLanguage":"es","@id":"https:\/\/explora.cl\/lagos\/lan-antu-el-sol-de-luto-se-vivira-desde-la-cosmovision-mapuche-en-proxima-charla-astronomica\/#primaryimage","url":"https:\/\/explora.cl\/lagos\/wp-content\/uploads\/sites\/17\/2020\/12\/pagina_explora-4.png","contentUrl":"https:\/\/explora.cl\/lagos\/wp-content\/uploads\/sites\/17\/2020\/12\/pagina_explora-4.png","width":736,"height":420},{"@type":"BreadcrumbList","@id":"https:\/\/explora.cl\/lagos\/lan-antu-el-sol-de-luto-se-vivira-desde-la-cosmovision-mapuche-en-proxima-charla-astronomica\/#breadcrumb","itemListElement":[{"@type":"ListItem","position":1,"name":"Portada","item":"https:\/\/explora.cl\/lagos\/"},{"@type":"ListItem","position":2,"name":"\u201cLan Ant\u00fc, el Sol de luto\u201d se vivir\u00e1 desde la Cosmovisi\u00f3n Mapuche en pr\u00f3xima charla astron\u00f3mica"}]},{"@type":"WebSite","@id":"https:\/\/explora.cl\/lagos\/#website","url":"https:\/\/explora.cl\/lagos\/","name":"Los Lagos","description":"Otro sitio m\u00e1s de explora.cl","potentialAction":[{"@type":"SearchAction","target":{"@type":"EntryPoint","urlTemplate":"https:\/\/explora.cl\/lagos\/?s={search_term_string}"},"query-input":{"@type":"PropertyValueSpecification","valueRequired":true,"valueName":"search_term_string"}}],"inLanguage":"es"},{"@type":"Person","@id":"https:\/\/explora.cl\/lagos\/#\/schema\/person\/6608d3ee9ea0b0daeaf12289528fc582","name":"jvargas","image":{"@type":"ImageObject","inLanguage":"es","@id":"https:\/\/explora.cl\/lagos\/#\/schema\/person\/image\/","url":"https:\/\/secure.gravatar.com\/avatar\/8a6892fbfb002ef173a244b534b4bbcea4c183fc3fbf7732e64ac89b1d22d482?s=96&d=mm&r=g","contentUrl":"https:\/\/secure.gravatar.com\/avatar\/8a6892fbfb002ef173a244b534b4bbcea4c183fc3fbf7732e64ac89b1d22d482?s=96&d=mm&r=g","caption":"jvargas"},"url":"https:\/\/explora.cl\/lagos\/author\/jvargas\/"}]}},"_links":{"self":[{"href":"https:\/\/explora.cl\/lagos\/wp-json\/wp\/v2\/posts\/39754","targetHints":{"allow":["GET"]}}],"collection":[{"href":"https:\/\/explora.cl\/lagos\/wp-json\/wp\/v2\/posts"}],"about":[{"href":"https:\/\/explora.cl\/lagos\/wp-json\/wp\/v2\/types\/post"}],"author":[{"embeddable":true,"href":"https:\/\/explora.cl\/lagos\/wp-json\/wp\/v2\/users\/36"}],"replies":[{"embeddable":true,"href":"https:\/\/explora.cl\/lagos\/wp-json\/wp\/v2\/comments?post=39754"}],"version-history":[{"count":1,"href":"https:\/\/explora.cl\/lagos\/wp-json\/wp\/v2\/posts\/39754\/revisions"}],"predecessor-version":[{"id":39757,"href":"https:\/\/explora.cl\/lagos\/wp-json\/wp\/v2\/posts\/39754\/revisions\/39757"}],"wp:featuredmedia":[{"embeddable":true,"href":"https:\/\/explora.cl\/lagos\/wp-json\/wp\/v2\/media\/39756"}],"wp:attachment":[{"href":"https:\/\/explora.cl\/lagos\/wp-json\/wp\/v2\/media?parent=39754"}],"wp:term":[{"taxonomy":"category","embeddable":true,"href":"https:\/\/explora.cl\/lagos\/wp-json\/wp\/v2\/categories?post=39754"},{"taxonomy":"post_tag","embeddable":true,"href":"https:\/\/explora.cl\/lagos\/wp-json\/wp\/v2\/tags?post=39754"}],"curies":[{"name":"wp","href":"https:\/\/api.w.org\/{rel}","templated":true}]}}