{"id":39738,"date":"2020-11-26T18:03:41","date_gmt":"2020-11-26T21:03:41","guid":{"rendered":"https:\/\/explora.cl\/lagos\/?p=39738"},"modified":"2020-12-28T12:41:35","modified_gmt":"2020-12-28T15:41:35","slug":"cafe-cientifico-abordara-la-demencia-en-la-vejez-como-problema-de-salud-publica","status":"publish","type":"post","link":"https:\/\/explora.cl\/lagos\/cafe-cientifico-abordara-la-demencia-en-la-vejez-como-problema-de-salud-publica\/","title":{"rendered":"Caf\u00e9 Cient\u00edfico abordar\u00e1 la demencia en la vejez como problema de salud p\u00fablica"},"content":{"rendered":"<p>La necesidad de implementar pol\u00edticas p\u00fablicas de protecci\u00f3n y cuidado a los adultos mayores del pa\u00eds, siempre ha estado presente, sin embargo, el contexto actual lo hace a\u00fan m\u00e1s apremiante por ser la poblaci\u00f3n de mayor riesgo.<\/p>\n<p>Esta tem\u00e1tica se abordar\u00e1 en el 6to Caf\u00e9 Cient\u00edfico #Entucasa a trav\u00e9s de la Charla \u00abLa demencia como problema de salud p\u00fablica en Chile: Avances y desaf\u00edos\u00bb, que impartir\u00e1 Teresa Abusleme, soci\u00f3loga, acad\u00e9mica, investigadora y Directora de Estudios de la Fundaci\u00f3n Procultura,<\/p>\n<p>La instancia organizada por el Proyecto Explora Los Lagos del Ministerio de Ciencia en conjunto con la Unidad de Extensi\u00f3n Cient\u00edfica de la Universidad Austral de Chile Sede Puerto Montt y el apoyo del Canal Regional V\u00e9rtice TV y Essal, busca acercar la ciencia y la tecnolog\u00eda a la comunidad a trav\u00e9s de una reuni\u00f3n virtual que se realiza una vez al mes.<\/p>\n<p>En relaci\u00f3n a la tem\u00e1tica a abordar en esta oportunidad, Teresa Abusleme, detall\u00f3 que en \u201cChile a partir del a\u00f1o 2017 se implement\u00f3 el Plan Nacional de Demencia en diez territorios: Coquimbo, Los Andes\/San Felipe, Pe\u00f1alol\u00e9n, El Bosque, Rancagua, Talca, Talcahuano, Temuco, Osorno y Punta Arenas. El a\u00f1o 2019, se establece un Ges para esta condici\u00f3n. Lo anterior, considerando el envejecimiento poblacional, la prevalencia de esta condici\u00f3n y el impacto f\u00edsico, psicol\u00f3gico, social y econ\u00f3mico que genera en las personas que la tienen, los cuidadores, las familias y la sociedad. En la actualidad, el Ministerio de Salud, est\u00e1 trabajando en la implementaci\u00f3n de esta pol\u00edtica p\u00fablica. Esta ponencia busca discutir lo\u202frealizado, analizar y proponer ejes de acci\u00f3n a futuro\u201d.<\/p>\n<p>El Caf\u00e9 Cient\u00edfico #Entucasa es un espacio de encuentro entre la comunidad general e investigadores\/as y divulgadores\/as de las Ciencias y la Tecnolog\u00eda provenientes de diversas instituciones de Chile e incluso el extranjero. La invitaci\u00f3n se extiende a todas las personas que tienen alg\u00fan inter\u00e9s en la ciencia, aunque no necesariamente posean una base cient\u00edfica.<\/p>\n<p>Cabe destacar que, todos los encuentros son emitidos posteriormente a trav\u00e9s del Canal V\u00e9rtice TV y el canal de Youtube PAR Explora Los Lagos, donde adem\u00e1s se incorpora la interpretaci\u00f3n de Lengua de Se\u00f1as Chilena para promover la inclusividad y diversidad en la formaci\u00f3n de una cultura cient\u00edfica. Tambi\u00e9n se puede acceder al material a trav\u00e9s de las p\u00e1ginas y redes sociales de la UACh y el PAR Explora Los Lagos.<\/p>\n<p><strong>Inscripciones en<\/strong><a href=\"https:\/\/forms.gle\/83TH2asR4JyT3wUVA\"> https:\/\/forms.gle\/83TH2asR4JyT3wUVA<\/a> <strong>y consultas al correo par.loslagos.explora@gmail.com<\/strong><\/p>\n<p><strong>Resumen trayectoria expositora:<\/strong><\/p>\n<p>Teresa Abusleme es Licenciada en Est\u00e9tica de la Pontificia Universidad Cat\u00f3lica de Chile. Mag\u00edster en Pol\u00edtica y Gobierno, grado acad\u00e9mico impartido por FLACSO-Chile y la Universidad de Concepci\u00f3n. M\u00e1ster en Gerontolog\u00eda y Atenci\u00f3n Centrada en la Persona de la Universidad Internacional de Valencia.<\/p>\n<p>A lo largo de su trayectoria profesional se ha especializado en el dise\u00f1o, implementaci\u00f3n y evaluaci\u00f3n de pol\u00edticas, planes y acciones para poblaci\u00f3n en situaci\u00f3n de vulnerabilidad social.<\/p>\n<p>Fue jefa de la Unidad de Estudios del Servicio Nacional del Adulto Mayor y luego coordin\u00f3 junto a un equipo el dise\u00f1o e implementaci\u00f3n del Plan Nacional de demencia.<\/p>\n<p>En la actualidad es la Directora de Estudios de Fundaci\u00f3n Procultura, adem\u00e1s de ser docente en diversas universidades p\u00fablicas y privadas.<\/p>\n","protected":false},"excerpt":{"rendered":"<p>La actividad abierta y gratuita se realizar\u00e1 el jueves 3 de diciembre a las 18:00 hrs.  <\/p>\n","protected":false},"author":36,"featured_media":39739,"comment_status":"open","ping_status":"open","sticky":false,"template":"","format":"standard","meta":{"_acf_changed":false,"_exactmetrics_skip_tracking":false,"_exactmetrics_sitenote_active":false,"_exactmetrics_sitenote_note":"","_exactmetrics_sitenote_category":0,"footnotes":"","_links_to":"","_links_to_target":""},"categories":[4,1],"tags":[295,107,182,346],"class_list":["post-39738","post","type-post","status-publish","format-standard","has-post-thumbnail","hentry","category-noticias","category-sin-categoria","tag-uachpuertomontt","tag-ciencia","tag-los-lagos","tag-proyecto-explora-los-lagos"],"acf":[],"yoast_head":"<!-- This site is optimized with the Yoast SEO plugin v26.9 - https:\/\/yoast.com\/product\/yoast-seo-wordpress\/ -->\n<title>Caf\u00e9 Cient\u00edfico abordar\u00e1 la demencia en la vejez como problema de salud p\u00fablica - Los Lagos<\/title>\n<meta name=\"robots\" content=\"index, follow, max-snippet:-1, max-image-preview:large, max-video-preview:-1\" \/>\n<link rel=\"canonical\" href=\"https:\/\/explora.cl\/lagos\/cafe-cientifico-abordara-la-demencia-en-la-vejez-como-problema-de-salud-publica\/\" class=\"yoast-seo-meta-tag\" \/>\n<meta property=\"og:locale\" content=\"es_ES\" class=\"yoast-seo-meta-tag\" \/>\n<meta property=\"og:type\" content=\"article\" class=\"yoast-seo-meta-tag\" \/>\n<meta property=\"og:title\" content=\"Caf\u00e9 Cient\u00edfico abordar\u00e1 la demencia en la vejez como problema de salud p\u00fablica - Los Lagos\" class=\"yoast-seo-meta-tag\" \/>\n<meta property=\"og:description\" content=\"La actividad abierta y gratuita se realizar\u00e1 el jueves 3 de diciembre a las 18:00 hrs.\" class=\"yoast-seo-meta-tag\" \/>\n<meta property=\"og:url\" content=\"https:\/\/explora.cl\/lagos\/cafe-cientifico-abordara-la-demencia-en-la-vejez-como-problema-de-salud-publica\/\" class=\"yoast-seo-meta-tag\" \/>\n<meta property=\"og:site_name\" content=\"Los Lagos\" class=\"yoast-seo-meta-tag\" \/>\n<meta property=\"article:published_time\" content=\"2020-11-26T21:03:41+00:00\" class=\"yoast-seo-meta-tag\" \/>\n<meta property=\"article:modified_time\" content=\"2020-12-28T15:41:35+00:00\" class=\"yoast-seo-meta-tag\" \/>\n<meta property=\"og:image\" content=\"https:\/\/explora.cl\/lagos\/wp-content\/uploads\/sites\/17\/2020\/11\/Foto-alusiva-6to-Caf\u00e9-.jpg\" class=\"yoast-seo-meta-tag\" \/>\n\t<meta property=\"og:image:width\" content=\"539\" class=\"yoast-seo-meta-tag\" \/>\n\t<meta property=\"og:image:height\" content=\"359\" class=\"yoast-seo-meta-tag\" \/>\n\t<meta property=\"og:image:type\" content=\"image\/jpeg\" class=\"yoast-seo-meta-tag\" \/>\n<meta name=\"author\" content=\"jvargas\" class=\"yoast-seo-meta-tag\" \/>\n<meta name=\"twitter:card\" content=\"summary_large_image\" class=\"yoast-seo-meta-tag\" \/>\n<meta name=\"twitter:label1\" content=\"Escrito por\" class=\"yoast-seo-meta-tag\" \/>\n\t<meta name=\"twitter:data1\" content=\"jvargas\" class=\"yoast-seo-meta-tag\" \/>\n\t<meta name=\"twitter:label2\" content=\"Tiempo de lectura\" class=\"yoast-seo-meta-tag\" \/>\n\t<meta name=\"twitter:data2\" content=\"3 minutos\" class=\"yoast-seo-meta-tag\" \/>\n<script type=\"application\/ld+json\" class=\"yoast-schema-graph\">{\"@context\":\"https:\/\/schema.org\",\"@graph\":[{\"@type\":\"Article\",\"@id\":\"https:\/\/explora.cl\/lagos\/cafe-cientifico-abordara-la-demencia-en-la-vejez-como-problema-de-salud-publica\/#article\",\"isPartOf\":{\"@id\":\"https:\/\/explora.cl\/lagos\/cafe-cientifico-abordara-la-demencia-en-la-vejez-como-problema-de-salud-publica\/\"},\"author\":{\"name\":\"jvargas\",\"@id\":\"https:\/\/explora.cl\/lagos\/#\/schema\/person\/6608d3ee9ea0b0daeaf12289528fc582\"},\"headline\":\"Caf\u00e9 Cient\u00edfico abordar\u00e1 la demencia en la vejez como problema de salud p\u00fablica\",\"datePublished\":\"2020-11-26T21:03:41+00:00\",\"dateModified\":\"2020-12-28T15:41:35+00:00\",\"mainEntityOfPage\":{\"@id\":\"https:\/\/explora.cl\/lagos\/cafe-cientifico-abordara-la-demencia-en-la-vejez-como-problema-de-salud-publica\/\"},\"wordCount\":618,\"commentCount\":0,\"image\":{\"@id\":\"https:\/\/explora.cl\/lagos\/cafe-cientifico-abordara-la-demencia-en-la-vejez-como-problema-de-salud-publica\/#primaryimage\"},\"thumbnailUrl\":\"https:\/\/explora.cl\/lagos\/wp-content\/uploads\/sites\/17\/2020\/11\/Foto-alusiva-6to-Caf\u00e9-.jpg\",\"keywords\":[\"#UAChPuertoMontt\",\"ciencia\",\"Los Lagos\",\"Proyecto Explora Los Lagos\"],\"articleSection\":[\"Noticias\"],\"inLanguage\":\"es\",\"potentialAction\":[{\"@type\":\"CommentAction\",\"name\":\"Comment\",\"target\":[\"https:\/\/explora.cl\/lagos\/cafe-cientifico-abordara-la-demencia-en-la-vejez-como-problema-de-salud-publica\/#respond\"]}]},{\"@type\":\"WebPage\",\"@id\":\"https:\/\/explora.cl\/lagos\/cafe-cientifico-abordara-la-demencia-en-la-vejez-como-problema-de-salud-publica\/\",\"url\":\"https:\/\/explora.cl\/lagos\/cafe-cientifico-abordara-la-demencia-en-la-vejez-como-problema-de-salud-publica\/\",\"name\":\"Caf\u00e9 Cient\u00edfico abordar\u00e1 la demencia en la vejez como problema de salud p\u00fablica - Los Lagos\",\"isPartOf\":{\"@id\":\"https:\/\/explora.cl\/lagos\/#website\"},\"primaryImageOfPage\":{\"@id\":\"https:\/\/explora.cl\/lagos\/cafe-cientifico-abordara-la-demencia-en-la-vejez-como-problema-de-salud-publica\/#primaryimage\"},\"image\":{\"@id\":\"https:\/\/explora.cl\/lagos\/cafe-cientifico-abordara-la-demencia-en-la-vejez-como-problema-de-salud-publica\/#primaryimage\"},\"thumbnailUrl\":\"https:\/\/explora.cl\/lagos\/wp-content\/uploads\/sites\/17\/2020\/11\/Foto-alusiva-6to-Caf\u00e9-.jpg\",\"datePublished\":\"2020-11-26T21:03:41+00:00\",\"dateModified\":\"2020-12-28T15:41:35+00:00\",\"author\":{\"@id\":\"https:\/\/explora.cl\/lagos\/#\/schema\/person\/6608d3ee9ea0b0daeaf12289528fc582\"},\"breadcrumb\":{\"@id\":\"https:\/\/explora.cl\/lagos\/cafe-cientifico-abordara-la-demencia-en-la-vejez-como-problema-de-salud-publica\/#breadcrumb\"},\"inLanguage\":\"es\",\"potentialAction\":[{\"@type\":\"ReadAction\",\"target\":[\"https:\/\/explora.cl\/lagos\/cafe-cientifico-abordara-la-demencia-en-la-vejez-como-problema-de-salud-publica\/\"]}]},{\"@type\":\"ImageObject\",\"inLanguage\":\"es\",\"@id\":\"https:\/\/explora.cl\/lagos\/cafe-cientifico-abordara-la-demencia-en-la-vejez-como-problema-de-salud-publica\/#primaryimage\",\"url\":\"https:\/\/explora.cl\/lagos\/wp-content\/uploads\/sites\/17\/2020\/11\/Foto-alusiva-6to-Caf\u00e9-.jpg\",\"contentUrl\":\"https:\/\/explora.cl\/lagos\/wp-content\/uploads\/sites\/17\/2020\/11\/Foto-alusiva-6to-Caf\u00e9-.jpg\",\"width\":539,\"height\":359},{\"@type\":\"BreadcrumbList\",\"@id\":\"https:\/\/explora.cl\/lagos\/cafe-cientifico-abordara-la-demencia-en-la-vejez-como-problema-de-salud-publica\/#breadcrumb\",\"itemListElement\":[{\"@type\":\"ListItem\",\"position\":1,\"name\":\"Portada\",\"item\":\"https:\/\/explora.cl\/lagos\/\"},{\"@type\":\"ListItem\",\"position\":2,\"name\":\"Caf\u00e9 Cient\u00edfico abordar\u00e1 la demencia en la vejez como problema de salud p\u00fablica\"}]},{\"@type\":\"WebSite\",\"@id\":\"https:\/\/explora.cl\/lagos\/#website\",\"url\":\"https:\/\/explora.cl\/lagos\/\",\"name\":\"Los Lagos\",\"description\":\"Otro sitio m\u00e1s de explora.cl\",\"potentialAction\":[{\"@type\":\"SearchAction\",\"target\":{\"@type\":\"EntryPoint\",\"urlTemplate\":\"https:\/\/explora.cl\/lagos\/?s={search_term_string}\"},\"query-input\":{\"@type\":\"PropertyValueSpecification\",\"valueRequired\":true,\"valueName\":\"search_term_string\"}}],\"inLanguage\":\"es\"},{\"@type\":\"Person\",\"@id\":\"https:\/\/explora.cl\/lagos\/#\/schema\/person\/6608d3ee9ea0b0daeaf12289528fc582\",\"name\":\"jvargas\",\"image\":{\"@type\":\"ImageObject\",\"inLanguage\":\"es\",\"@id\":\"https:\/\/explora.cl\/lagos\/#\/schema\/person\/image\/\",\"url\":\"https:\/\/secure.gravatar.com\/avatar\/8a6892fbfb002ef173a244b534b4bbcea4c183fc3fbf7732e64ac89b1d22d482?s=96&d=mm&r=g\",\"contentUrl\":\"https:\/\/secure.gravatar.com\/avatar\/8a6892fbfb002ef173a244b534b4bbcea4c183fc3fbf7732e64ac89b1d22d482?s=96&d=mm&r=g\",\"caption\":\"jvargas\"},\"url\":\"https:\/\/explora.cl\/lagos\/author\/jvargas\/\"}]}<\/script>\n<!-- \/ Yoast SEO plugin. -->","yoast_head_json":{"title":"Caf\u00e9 Cient\u00edfico abordar\u00e1 la demencia en la vejez como problema de salud p\u00fablica - Los Lagos","robots":{"index":"index","follow":"follow","max-snippet":"max-snippet:-1","max-image-preview":"max-image-preview:large","max-video-preview":"max-video-preview:-1"},"canonical":"https:\/\/explora.cl\/lagos\/cafe-cientifico-abordara-la-demencia-en-la-vejez-como-problema-de-salud-publica\/","og_locale":"es_ES","og_type":"article","og_title":"Caf\u00e9 Cient\u00edfico abordar\u00e1 la demencia en la vejez como problema de salud p\u00fablica - Los Lagos","og_description":"La actividad abierta y gratuita se realizar\u00e1 el jueves 3 de diciembre a las 18:00 hrs.","og_url":"https:\/\/explora.cl\/lagos\/cafe-cientifico-abordara-la-demencia-en-la-vejez-como-problema-de-salud-publica\/","og_site_name":"Los Lagos","article_published_time":"2020-11-26T21:03:41+00:00","article_modified_time":"2020-12-28T15:41:35+00:00","og_image":[{"width":539,"height":359,"url":"https:\/\/explora.cl\/lagos\/wp-content\/uploads\/sites\/17\/2020\/11\/Foto-alusiva-6to-Caf\u00e9-.jpg","type":"image\/jpeg"}],"author":"jvargas","twitter_card":"summary_large_image","twitter_misc":{"Escrito por":"jvargas","Tiempo de lectura":"3 minutos"},"schema":{"@context":"https:\/\/schema.org","@graph":[{"@type":"Article","@id":"https:\/\/explora.cl\/lagos\/cafe-cientifico-abordara-la-demencia-en-la-vejez-como-problema-de-salud-publica\/#article","isPartOf":{"@id":"https:\/\/explora.cl\/lagos\/cafe-cientifico-abordara-la-demencia-en-la-vejez-como-problema-de-salud-publica\/"},"author":{"name":"jvargas","@id":"https:\/\/explora.cl\/lagos\/#\/schema\/person\/6608d3ee9ea0b0daeaf12289528fc582"},"headline":"Caf\u00e9 Cient\u00edfico abordar\u00e1 la demencia en la vejez como problema de salud p\u00fablica","datePublished":"2020-11-26T21:03:41+00:00","dateModified":"2020-12-28T15:41:35+00:00","mainEntityOfPage":{"@id":"https:\/\/explora.cl\/lagos\/cafe-cientifico-abordara-la-demencia-en-la-vejez-como-problema-de-salud-publica\/"},"wordCount":618,"commentCount":0,"image":{"@id":"https:\/\/explora.cl\/lagos\/cafe-cientifico-abordara-la-demencia-en-la-vejez-como-problema-de-salud-publica\/#primaryimage"},"thumbnailUrl":"https:\/\/explora.cl\/lagos\/wp-content\/uploads\/sites\/17\/2020\/11\/Foto-alusiva-6to-Caf\u00e9-.jpg","keywords":["#UAChPuertoMontt","ciencia","Los Lagos","Proyecto Explora Los Lagos"],"articleSection":["Noticias"],"inLanguage":"es","potentialAction":[{"@type":"CommentAction","name":"Comment","target":["https:\/\/explora.cl\/lagos\/cafe-cientifico-abordara-la-demencia-en-la-vejez-como-problema-de-salud-publica\/#respond"]}]},{"@type":"WebPage","@id":"https:\/\/explora.cl\/lagos\/cafe-cientifico-abordara-la-demencia-en-la-vejez-como-problema-de-salud-publica\/","url":"https:\/\/explora.cl\/lagos\/cafe-cientifico-abordara-la-demencia-en-la-vejez-como-problema-de-salud-publica\/","name":"Caf\u00e9 Cient\u00edfico abordar\u00e1 la demencia en la vejez como problema de salud p\u00fablica - Los Lagos","isPartOf":{"@id":"https:\/\/explora.cl\/lagos\/#website"},"primaryImageOfPage":{"@id":"https:\/\/explora.cl\/lagos\/cafe-cientifico-abordara-la-demencia-en-la-vejez-como-problema-de-salud-publica\/#primaryimage"},"image":{"@id":"https:\/\/explora.cl\/lagos\/cafe-cientifico-abordara-la-demencia-en-la-vejez-como-problema-de-salud-publica\/#primaryimage"},"thumbnailUrl":"https:\/\/explora.cl\/lagos\/wp-content\/uploads\/sites\/17\/2020\/11\/Foto-alusiva-6to-Caf\u00e9-.jpg","datePublished":"2020-11-26T21:03:41+00:00","dateModified":"2020-12-28T15:41:35+00:00","author":{"@id":"https:\/\/explora.cl\/lagos\/#\/schema\/person\/6608d3ee9ea0b0daeaf12289528fc582"},"breadcrumb":{"@id":"https:\/\/explora.cl\/lagos\/cafe-cientifico-abordara-la-demencia-en-la-vejez-como-problema-de-salud-publica\/#breadcrumb"},"inLanguage":"es","potentialAction":[{"@type":"ReadAction","target":["https:\/\/explora.cl\/lagos\/cafe-cientifico-abordara-la-demencia-en-la-vejez-como-problema-de-salud-publica\/"]}]},{"@type":"ImageObject","inLanguage":"es","@id":"https:\/\/explora.cl\/lagos\/cafe-cientifico-abordara-la-demencia-en-la-vejez-como-problema-de-salud-publica\/#primaryimage","url":"https:\/\/explora.cl\/lagos\/wp-content\/uploads\/sites\/17\/2020\/11\/Foto-alusiva-6to-Caf\u00e9-.jpg","contentUrl":"https:\/\/explora.cl\/lagos\/wp-content\/uploads\/sites\/17\/2020\/11\/Foto-alusiva-6to-Caf\u00e9-.jpg","width":539,"height":359},{"@type":"BreadcrumbList","@id":"https:\/\/explora.cl\/lagos\/cafe-cientifico-abordara-la-demencia-en-la-vejez-como-problema-de-salud-publica\/#breadcrumb","itemListElement":[{"@type":"ListItem","position":1,"name":"Portada","item":"https:\/\/explora.cl\/lagos\/"},{"@type":"ListItem","position":2,"name":"Caf\u00e9 Cient\u00edfico abordar\u00e1 la demencia en la vejez como problema de salud p\u00fablica"}]},{"@type":"WebSite","@id":"https:\/\/explora.cl\/lagos\/#website","url":"https:\/\/explora.cl\/lagos\/","name":"Los Lagos","description":"Otro sitio m\u00e1s de explora.cl","potentialAction":[{"@type":"SearchAction","target":{"@type":"EntryPoint","urlTemplate":"https:\/\/explora.cl\/lagos\/?s={search_term_string}"},"query-input":{"@type":"PropertyValueSpecification","valueRequired":true,"valueName":"search_term_string"}}],"inLanguage":"es"},{"@type":"Person","@id":"https:\/\/explora.cl\/lagos\/#\/schema\/person\/6608d3ee9ea0b0daeaf12289528fc582","name":"jvargas","image":{"@type":"ImageObject","inLanguage":"es","@id":"https:\/\/explora.cl\/lagos\/#\/schema\/person\/image\/","url":"https:\/\/secure.gravatar.com\/avatar\/8a6892fbfb002ef173a244b534b4bbcea4c183fc3fbf7732e64ac89b1d22d482?s=96&d=mm&r=g","contentUrl":"https:\/\/secure.gravatar.com\/avatar\/8a6892fbfb002ef173a244b534b4bbcea4c183fc3fbf7732e64ac89b1d22d482?s=96&d=mm&r=g","caption":"jvargas"},"url":"https:\/\/explora.cl\/lagos\/author\/jvargas\/"}]}},"_links":{"self":[{"href":"https:\/\/explora.cl\/lagos\/wp-json\/wp\/v2\/posts\/39738","targetHints":{"allow":["GET"]}}],"collection":[{"href":"https:\/\/explora.cl\/lagos\/wp-json\/wp\/v2\/posts"}],"about":[{"href":"https:\/\/explora.cl\/lagos\/wp-json\/wp\/v2\/types\/post"}],"author":[{"embeddable":true,"href":"https:\/\/explora.cl\/lagos\/wp-json\/wp\/v2\/users\/36"}],"replies":[{"embeddable":true,"href":"https:\/\/explora.cl\/lagos\/wp-json\/wp\/v2\/comments?post=39738"}],"version-history":[{"count":3,"href":"https:\/\/explora.cl\/lagos\/wp-json\/wp\/v2\/posts\/39738\/revisions"}],"predecessor-version":[{"id":39807,"href":"https:\/\/explora.cl\/lagos\/wp-json\/wp\/v2\/posts\/39738\/revisions\/39807"}],"wp:featuredmedia":[{"embeddable":true,"href":"https:\/\/explora.cl\/lagos\/wp-json\/wp\/v2\/media\/39739"}],"wp:attachment":[{"href":"https:\/\/explora.cl\/lagos\/wp-json\/wp\/v2\/media?parent=39738"}],"wp:term":[{"taxonomy":"category","embeddable":true,"href":"https:\/\/explora.cl\/lagos\/wp-json\/wp\/v2\/categories?post=39738"},{"taxonomy":"post_tag","embeddable":true,"href":"https:\/\/explora.cl\/lagos\/wp-json\/wp\/v2\/tags?post=39738"}],"curies":[{"name":"wp","href":"https:\/\/api.w.org\/{rel}","templated":true}]}}