{"id":39692,"date":"2020-11-17T10:56:15","date_gmt":"2020-11-17T13:56:15","guid":{"rendered":"https:\/\/explora.cl\/lagos\/?p=39692"},"modified":"2020-12-18T19:27:50","modified_gmt":"2020-12-18T22:27:50","slug":"mas-de-6-mil-visitas-virtuales-alcanza-el-festival-de-la-ciencia-los-lagos-2020","status":"publish","type":"post","link":"https:\/\/explora.cl\/lagos\/mas-de-6-mil-visitas-virtuales-alcanza-el-festival-de-la-ciencia-los-lagos-2020\/","title":{"rendered":"M\u00e1s de 6 mil visitas virtuales alcanza Festival de la Ciencia Los lagos 2020"},"content":{"rendered":"<p>La iniciativa alcanz\u00f3 cerca 3 mil visitas en la p\u00e1gina web <a href=\"http:\/\/exploraloslagos.uach.cl\/\">http:\/\/exploraloslagos.uach.cl\/<\/a> y m\u00e1s de 3 mil en Facebook y YouTube.<\/p>\n<p>Con la magia de t\u00edteres y el Teatro Miniatura Lambe Lambe, finaliz\u00f3 la primera versi\u00f3n del Festival de la Ciencia Los Lagos 2020 en su formato virtual que sum\u00f3 m\u00e1s de 6 mil visitas de la comunidad a las actividades dispuestas en las diversas plataformas digitales y redes sociales.<\/p>\n<p>La iniciativa organizada por el Proyecto Asociativo Regional PAR Explora Los Lagos del Ministerio de Ciencia Tecnolog\u00eda, Conocimiento e Innovaci\u00f3n, ejecutado por la Universidad Austral de Chile Sede Puerto Montt, reuni\u00f3 a m\u00e1s de 20 instituciones y organizaciones cient\u00edficas, tecnol\u00f3gicas, art\u00edsticas y culturales y medios de comunicaci\u00f3n, que apoyaron con diversas actividades durante cinco d\u00edas.<\/p>\n<p>En el cierre del Festival de la Ciencia, las y los protagonistas fueron las familias que presentaron sus \u00abMuestras de Teatro Miniatura Lambe Lambe\u00bb, tras participar en el taller de octubre y noviembre realizado por la lambista Catalina Cartes, oriunda de Chilo\u00e9 y creadora de Lambe Nativa.<\/p>\n<p>Las familias provenientes de las comunas de San Juan de la Costa, Quinchao, Maull\u00edn, Fresia, Rio Negro, Chonchi, Castro, Quell\u00f3n, Puerto Octay, Fresia, Osorno, Puerto Varas y Puerto Montt se sumaron a la celebraci\u00f3n presentando sus creaciones sobre temas atingentes alusivos al patrimonio natural y cultural de sus territorios.<\/p>\n<p>Durante la \u00faltima jornada tambi\u00e9n se realiz\u00f3 el Conversatorio \u00abDesde la Ciencia al mundo de los t\u00edteres\u00bb junto a la Compa\u00f1\u00eda de Teatro \u00abLa Abuela Poroto\u00bb quienes estrenaron su obra \u00abLos Vientos del Pill\u00e1n\u00bb el segundo d\u00eda del Festival.<\/p>\n<p>El programa inici\u00f3 el mi\u00e9rcoles 11 de noviembre con el lanzamiento macrozonal del Festival junto a la Seremi del Ministerio de Ciencia, Tecnolog\u00eda, Conocimiento e Innovaci\u00f3n y los PARES Explora Los R\u00edos y Araucan\u00eda y el mismo d\u00eda se desarroll\u00f3 el lanzamiento regional de la iniciativa con el Conversatorio \u201cArte, Patrimonio y Ciencia\u201d y el estreno de la obra la \u00abMinga de Pedro\u00bb, a cargo de la Compa\u00f1\u00eda de Teatro \u00abLa Familia Pez\u00bb a trav\u00e9s de la Fanpage de Facebook, el cu\u00e1l hasta el momento tiene casi setecientas reproducciones.<\/p>\n<p>Durante esta jornada, se dio inicio a los recorridos virtuales por doce Laboratorios y Museos Abiertos; Sitio Paleo- Arqueol\u00f3gico de Pilauco, Museo Regional de Ancud, Sernageomin, Museo Interactivo de Osorno, Cecrea Castro, Centro de Estudios de Algas Nocivas del IFOP, Gayi Humedales, Balmaceda Arte Joven Los Lagos, Polic\u00eda de Investigaciones Los Lagos, Laboratorio de Biotecnolog\u00eda de Organismos Acu\u00e1ticos Rosalin Franklin de la Universidad Santo Tom\u00e1s Sede Puerto Montt, Centro de Interpretaci\u00f3n de Humedales Yaldad y Jugueter\u00eda Brintrup Hertling.<\/p>\n<h3>Gabriela Navarro, directora del Proyecto Explora Los Lagos UACh Sede Puerto Montt, destac\u00f3 que \u00abeste a\u00f1o fue un gran desaf\u00edo adaptar el Festival de la Ciencia en la regi\u00f3n a un formato virtual y para ello tuvimos que utilizar diversas estrategias de comunicaci\u00f3n y todas las posibilidades que nos brinda la tecnolog\u00eda, por esta raz\u00f3n, resalto a\u00fan m\u00e1s la participaci\u00f3n de la comunidad, lo que deja de manifiesto que existe gran inter\u00e9s por apropiarse de temas y conocimientos cient\u00edficos, tecnol\u00f3gicos y de innovaci\u00f3n\u00bb.<\/h3>\n<p>Navarro, adem\u00e1s, a\u00f1adi\u00f3 que, \u00abcomo equipo estamos agradecidos de las instituciones y organizaciones, investigadores\/as, estudiantes y docentes, que dieron vida al evento y que aceptaron este desaf\u00edo de abrir sus puertas en un formato audiovisual y virtual y expresar la ciencia de una manera diferente\u201d.<\/p>\n<p>Francisca Paris, directora regional Balmaceda Arte Joven Los Lagos, destac\u00f3 el trabajo que se ha desarrollado en conjunto hace un tiempo y este a\u00f1o no fue la excepci\u00f3n, ya que la Escuela Colaborativa de Producci\u00f3n Musical Sur Balmaceda Arte Joven Los Lagos realiz\u00f3 un Festival Colaborativo de M\u00fasica el fin de semana donde participaron bandas emergentes de la Regi\u00f3n de Los Lagos, como, Efecto Domin\u00f3, Sucios Desprolijos y Concuerda.<\/p>\n<h3>Paris, expres\u00f3 que \u00ablos dos equipos creen fehacientemente en que las artes y las ciencias son las bases del conocimiento humano, adem\u00e1s estamos muy convencidos del cuidado del medio ambiente y de lo importante que es formar sobre ciencia a nuestros ni\u00f1os y j\u00f3venes. El arte tambi\u00e9n es una herramienta de mediaci\u00f3n cultural con toda la ciudadan\u00eda y esperamos seguir haciendo esto juntos. Creo que es una alianza virtuosa para brindar el acceso, fomento y participaci\u00f3n a la comunidad\u00bb.<\/h3>\n<p>Con gran \u00e9xito tambi\u00e9n se desarrollaron los conversatorios sobre el oficio del cuenta cuentista y el v\u00ednculo entre ciencia y arte transmitidos en Radio Chait\u00e9n y Radio UACh respectivamente. Tambi\u00e9n el Ciclo de Cuenta Cuentos narrados por la psicopedagoga y mediadora de lectura, Aranzu Abaroa, tuvo una gran recepci\u00f3n y audiencia en las radios donde fueron transmitidos, como, Curaco de Velez, Chait\u00e9n, Nueva Bel\u00e9n de Puerto Montt y Radio UACh, adem\u00e1s tuvieron muchas visualizaciones en su formato audiovisual.<\/p>\n<p>Uno de los momentos m\u00e1s emotivos del Festival fue el que se vivi\u00f3 en el estreno de doce c\u00e1psulas audiovisuales creadas por j\u00f3venes de la Regi\u00f3n de Los Lagos con contenido cient\u00edfico, educativo y territorial, logrando obras de calidad en poco tiempo y en \u00e9poca de pandemia, gracias a la colaboraci\u00f3n de amigos, familiares, comunidades educativas, vecinos y el acompa\u00f1amiento que realiz\u00f3 la Escuela Audiovisual y Fotogr\u00e1fica Itinerante Trasfoco a trav\u00e9s del Taller Audiovisual Cient\u00edfico realizado entre septiembre y octubre de este a\u00f1o.<\/p>\n<p>As\u00ed mismo, las y los estudiantes y docentes que participan en los Clubes de Investigaci\u00f3n e Innovaci\u00f3n Escolar 2020 tambi\u00e9n dieron a conocer sus c\u00e1psulas audiovisuales sobre sus proyectos de investigaci\u00f3n que est\u00e1n desarrollando durante este a\u00f1o.<\/p>\n<p>Las actividades y material audiovisual a\u00fan est\u00e1n disponibles en la p\u00e1gina exploraloslagos.uach.cl y tambi\u00e9n en la Fanpage de Facebook @PARExploraLagos y canal de YouTube.<\/p>\n<p>&nbsp;<\/p>\n<p>&nbsp;<\/p>\n<p>&nbsp;<\/p>\n","protected":false},"excerpt":{"rendered":"<p>El festival de la Ciencia culmin\u00f3 el domingo 15 de noviembre de 2020. <\/p>\n","protected":false},"author":36,"featured_media":39723,"comment_status":"open","ping_status":"open","sticky":false,"template":"","format":"standard","meta":{"_acf_changed":false,"_exactmetrics_skip_tracking":false,"_exactmetrics_sitenote_active":false,"_exactmetrics_sitenote_note":"","_exactmetrics_sitenote_category":0,"footnotes":"","_links_to":"","_links_to_target":""},"categories":[4,1],"tags":[360,182],"class_list":["post-39692","post","type-post","status-publish","format-standard","has-post-thumbnail","hentry","category-noticias","category-sin-categoria","tag-feci2020","tag-los-lagos"],"acf":[],"yoast_head":"<!-- This site is optimized with the Yoast SEO plugin v26.9 - https:\/\/yoast.com\/product\/yoast-seo-wordpress\/ -->\n<title>M\u00e1s de 6 mil visitas virtuales alcanza Festival de la Ciencia Los lagos 2020 - Los Lagos<\/title>\n<meta name=\"robots\" content=\"index, follow, max-snippet:-1, max-image-preview:large, max-video-preview:-1\" \/>\n<link rel=\"canonical\" href=\"https:\/\/explora.cl\/lagos\/mas-de-6-mil-visitas-virtuales-alcanza-el-festival-de-la-ciencia-los-lagos-2020\/\" class=\"yoast-seo-meta-tag\" \/>\n<meta property=\"og:locale\" content=\"es_ES\" class=\"yoast-seo-meta-tag\" \/>\n<meta property=\"og:type\" content=\"article\" class=\"yoast-seo-meta-tag\" \/>\n<meta property=\"og:title\" content=\"M\u00e1s de 6 mil visitas virtuales alcanza Festival de la Ciencia Los lagos 2020 - Los Lagos\" class=\"yoast-seo-meta-tag\" \/>\n<meta property=\"og:description\" content=\"El festival de la Ciencia culmin\u00f3 el domingo 15 de noviembre de 2020.\" class=\"yoast-seo-meta-tag\" \/>\n<meta property=\"og:url\" content=\"https:\/\/explora.cl\/lagos\/mas-de-6-mil-visitas-virtuales-alcanza-el-festival-de-la-ciencia-los-lagos-2020\/\" class=\"yoast-seo-meta-tag\" \/>\n<meta property=\"og:site_name\" content=\"Los Lagos\" class=\"yoast-seo-meta-tag\" \/>\n<meta property=\"article:published_time\" content=\"2020-11-17T13:56:15+00:00\" class=\"yoast-seo-meta-tag\" \/>\n<meta property=\"article:modified_time\" content=\"2020-12-18T22:27:50+00:00\" class=\"yoast-seo-meta-tag\" \/>\n<meta property=\"og:image\" content=\"https:\/\/explora.cl\/lagos\/wp-content\/uploads\/sites\/17\/2020\/11\/FOTO-OFICIAL-FECI-1-Los-Lagos-2020-.jpg\" class=\"yoast-seo-meta-tag\" \/>\n\t<meta property=\"og:image:width\" content=\"1280\" class=\"yoast-seo-meta-tag\" \/>\n\t<meta property=\"og:image:height\" content=\"715\" class=\"yoast-seo-meta-tag\" \/>\n\t<meta property=\"og:image:type\" content=\"image\/jpeg\" class=\"yoast-seo-meta-tag\" \/>\n<meta name=\"author\" content=\"jvargas\" class=\"yoast-seo-meta-tag\" \/>\n<meta name=\"twitter:card\" content=\"summary_large_image\" class=\"yoast-seo-meta-tag\" \/>\n<meta name=\"twitter:label1\" content=\"Escrito por\" class=\"yoast-seo-meta-tag\" \/>\n\t<meta name=\"twitter:data1\" content=\"jvargas\" class=\"yoast-seo-meta-tag\" \/>\n\t<meta name=\"twitter:label2\" content=\"Tiempo de lectura\" class=\"yoast-seo-meta-tag\" \/>\n\t<meta name=\"twitter:data2\" content=\"5 minutos\" class=\"yoast-seo-meta-tag\" \/>\n<script type=\"application\/ld+json\" class=\"yoast-schema-graph\">{\"@context\":\"https:\/\/schema.org\",\"@graph\":[{\"@type\":\"Article\",\"@id\":\"https:\/\/explora.cl\/lagos\/mas-de-6-mil-visitas-virtuales-alcanza-el-festival-de-la-ciencia-los-lagos-2020\/#article\",\"isPartOf\":{\"@id\":\"https:\/\/explora.cl\/lagos\/mas-de-6-mil-visitas-virtuales-alcanza-el-festival-de-la-ciencia-los-lagos-2020\/\"},\"author\":{\"name\":\"jvargas\",\"@id\":\"https:\/\/explora.cl\/lagos\/#\/schema\/person\/6608d3ee9ea0b0daeaf12289528fc582\"},\"headline\":\"M\u00e1s de 6 mil visitas virtuales alcanza Festival de la Ciencia Los lagos 2020\",\"datePublished\":\"2020-11-17T13:56:15+00:00\",\"dateModified\":\"2020-12-18T22:27:50+00:00\",\"mainEntityOfPage\":{\"@id\":\"https:\/\/explora.cl\/lagos\/mas-de-6-mil-visitas-virtuales-alcanza-el-festival-de-la-ciencia-los-lagos-2020\/\"},\"wordCount\":1035,\"commentCount\":0,\"image\":{\"@id\":\"https:\/\/explora.cl\/lagos\/mas-de-6-mil-visitas-virtuales-alcanza-el-festival-de-la-ciencia-los-lagos-2020\/#primaryimage\"},\"thumbnailUrl\":\"https:\/\/explora.cl\/lagos\/wp-content\/uploads\/sites\/17\/2020\/11\/FOTO-OFICIAL-FECI-1-Los-Lagos-2020-.jpg\",\"keywords\":[\"Feci2020\",\"Los Lagos\"],\"articleSection\":[\"Noticias\"],\"inLanguage\":\"es\",\"potentialAction\":[{\"@type\":\"CommentAction\",\"name\":\"Comment\",\"target\":[\"https:\/\/explora.cl\/lagos\/mas-de-6-mil-visitas-virtuales-alcanza-el-festival-de-la-ciencia-los-lagos-2020\/#respond\"]}]},{\"@type\":\"WebPage\",\"@id\":\"https:\/\/explora.cl\/lagos\/mas-de-6-mil-visitas-virtuales-alcanza-el-festival-de-la-ciencia-los-lagos-2020\/\",\"url\":\"https:\/\/explora.cl\/lagos\/mas-de-6-mil-visitas-virtuales-alcanza-el-festival-de-la-ciencia-los-lagos-2020\/\",\"name\":\"M\u00e1s de 6 mil visitas virtuales alcanza Festival de la Ciencia Los lagos 2020 - Los Lagos\",\"isPartOf\":{\"@id\":\"https:\/\/explora.cl\/lagos\/#website\"},\"primaryImageOfPage\":{\"@id\":\"https:\/\/explora.cl\/lagos\/mas-de-6-mil-visitas-virtuales-alcanza-el-festival-de-la-ciencia-los-lagos-2020\/#primaryimage\"},\"image\":{\"@id\":\"https:\/\/explora.cl\/lagos\/mas-de-6-mil-visitas-virtuales-alcanza-el-festival-de-la-ciencia-los-lagos-2020\/#primaryimage\"},\"thumbnailUrl\":\"https:\/\/explora.cl\/lagos\/wp-content\/uploads\/sites\/17\/2020\/11\/FOTO-OFICIAL-FECI-1-Los-Lagos-2020-.jpg\",\"datePublished\":\"2020-11-17T13:56:15+00:00\",\"dateModified\":\"2020-12-18T22:27:50+00:00\",\"author\":{\"@id\":\"https:\/\/explora.cl\/lagos\/#\/schema\/person\/6608d3ee9ea0b0daeaf12289528fc582\"},\"breadcrumb\":{\"@id\":\"https:\/\/explora.cl\/lagos\/mas-de-6-mil-visitas-virtuales-alcanza-el-festival-de-la-ciencia-los-lagos-2020\/#breadcrumb\"},\"inLanguage\":\"es\",\"potentialAction\":[{\"@type\":\"ReadAction\",\"target\":[\"https:\/\/explora.cl\/lagos\/mas-de-6-mil-visitas-virtuales-alcanza-el-festival-de-la-ciencia-los-lagos-2020\/\"]}]},{\"@type\":\"ImageObject\",\"inLanguage\":\"es\",\"@id\":\"https:\/\/explora.cl\/lagos\/mas-de-6-mil-visitas-virtuales-alcanza-el-festival-de-la-ciencia-los-lagos-2020\/#primaryimage\",\"url\":\"https:\/\/explora.cl\/lagos\/wp-content\/uploads\/sites\/17\/2020\/11\/FOTO-OFICIAL-FECI-1-Los-Lagos-2020-.jpg\",\"contentUrl\":\"https:\/\/explora.cl\/lagos\/wp-content\/uploads\/sites\/17\/2020\/11\/FOTO-OFICIAL-FECI-1-Los-Lagos-2020-.jpg\",\"width\":1280,\"height\":715},{\"@type\":\"BreadcrumbList\",\"@id\":\"https:\/\/explora.cl\/lagos\/mas-de-6-mil-visitas-virtuales-alcanza-el-festival-de-la-ciencia-los-lagos-2020\/#breadcrumb\",\"itemListElement\":[{\"@type\":\"ListItem\",\"position\":1,\"name\":\"Portada\",\"item\":\"https:\/\/explora.cl\/lagos\/\"},{\"@type\":\"ListItem\",\"position\":2,\"name\":\"M\u00e1s de 6 mil visitas virtuales alcanza Festival de la Ciencia Los lagos 2020\"}]},{\"@type\":\"WebSite\",\"@id\":\"https:\/\/explora.cl\/lagos\/#website\",\"url\":\"https:\/\/explora.cl\/lagos\/\",\"name\":\"Los Lagos\",\"description\":\"Otro sitio m\u00e1s de explora.cl\",\"potentialAction\":[{\"@type\":\"SearchAction\",\"target\":{\"@type\":\"EntryPoint\",\"urlTemplate\":\"https:\/\/explora.cl\/lagos\/?s={search_term_string}\"},\"query-input\":{\"@type\":\"PropertyValueSpecification\",\"valueRequired\":true,\"valueName\":\"search_term_string\"}}],\"inLanguage\":\"es\"},{\"@type\":\"Person\",\"@id\":\"https:\/\/explora.cl\/lagos\/#\/schema\/person\/6608d3ee9ea0b0daeaf12289528fc582\",\"name\":\"jvargas\",\"image\":{\"@type\":\"ImageObject\",\"inLanguage\":\"es\",\"@id\":\"https:\/\/explora.cl\/lagos\/#\/schema\/person\/image\/\",\"url\":\"https:\/\/secure.gravatar.com\/avatar\/8a6892fbfb002ef173a244b534b4bbcea4c183fc3fbf7732e64ac89b1d22d482?s=96&d=mm&r=g\",\"contentUrl\":\"https:\/\/secure.gravatar.com\/avatar\/8a6892fbfb002ef173a244b534b4bbcea4c183fc3fbf7732e64ac89b1d22d482?s=96&d=mm&r=g\",\"caption\":\"jvargas\"},\"url\":\"https:\/\/explora.cl\/lagos\/author\/jvargas\/\"}]}<\/script>\n<!-- \/ Yoast SEO plugin. -->","yoast_head_json":{"title":"M\u00e1s de 6 mil visitas virtuales alcanza Festival de la Ciencia Los lagos 2020 - Los Lagos","robots":{"index":"index","follow":"follow","max-snippet":"max-snippet:-1","max-image-preview":"max-image-preview:large","max-video-preview":"max-video-preview:-1"},"canonical":"https:\/\/explora.cl\/lagos\/mas-de-6-mil-visitas-virtuales-alcanza-el-festival-de-la-ciencia-los-lagos-2020\/","og_locale":"es_ES","og_type":"article","og_title":"M\u00e1s de 6 mil visitas virtuales alcanza Festival de la Ciencia Los lagos 2020 - Los Lagos","og_description":"El festival de la Ciencia culmin\u00f3 el domingo 15 de noviembre de 2020.","og_url":"https:\/\/explora.cl\/lagos\/mas-de-6-mil-visitas-virtuales-alcanza-el-festival-de-la-ciencia-los-lagos-2020\/","og_site_name":"Los Lagos","article_published_time":"2020-11-17T13:56:15+00:00","article_modified_time":"2020-12-18T22:27:50+00:00","og_image":[{"width":1280,"height":715,"url":"https:\/\/explora.cl\/lagos\/wp-content\/uploads\/sites\/17\/2020\/11\/FOTO-OFICIAL-FECI-1-Los-Lagos-2020-.jpg","type":"image\/jpeg"}],"author":"jvargas","twitter_card":"summary_large_image","twitter_misc":{"Escrito por":"jvargas","Tiempo de lectura":"5 minutos"},"schema":{"@context":"https:\/\/schema.org","@graph":[{"@type":"Article","@id":"https:\/\/explora.cl\/lagos\/mas-de-6-mil-visitas-virtuales-alcanza-el-festival-de-la-ciencia-los-lagos-2020\/#article","isPartOf":{"@id":"https:\/\/explora.cl\/lagos\/mas-de-6-mil-visitas-virtuales-alcanza-el-festival-de-la-ciencia-los-lagos-2020\/"},"author":{"name":"jvargas","@id":"https:\/\/explora.cl\/lagos\/#\/schema\/person\/6608d3ee9ea0b0daeaf12289528fc582"},"headline":"M\u00e1s de 6 mil visitas virtuales alcanza Festival de la Ciencia Los lagos 2020","datePublished":"2020-11-17T13:56:15+00:00","dateModified":"2020-12-18T22:27:50+00:00","mainEntityOfPage":{"@id":"https:\/\/explora.cl\/lagos\/mas-de-6-mil-visitas-virtuales-alcanza-el-festival-de-la-ciencia-los-lagos-2020\/"},"wordCount":1035,"commentCount":0,"image":{"@id":"https:\/\/explora.cl\/lagos\/mas-de-6-mil-visitas-virtuales-alcanza-el-festival-de-la-ciencia-los-lagos-2020\/#primaryimage"},"thumbnailUrl":"https:\/\/explora.cl\/lagos\/wp-content\/uploads\/sites\/17\/2020\/11\/FOTO-OFICIAL-FECI-1-Los-Lagos-2020-.jpg","keywords":["Feci2020","Los Lagos"],"articleSection":["Noticias"],"inLanguage":"es","potentialAction":[{"@type":"CommentAction","name":"Comment","target":["https:\/\/explora.cl\/lagos\/mas-de-6-mil-visitas-virtuales-alcanza-el-festival-de-la-ciencia-los-lagos-2020\/#respond"]}]},{"@type":"WebPage","@id":"https:\/\/explora.cl\/lagos\/mas-de-6-mil-visitas-virtuales-alcanza-el-festival-de-la-ciencia-los-lagos-2020\/","url":"https:\/\/explora.cl\/lagos\/mas-de-6-mil-visitas-virtuales-alcanza-el-festival-de-la-ciencia-los-lagos-2020\/","name":"M\u00e1s de 6 mil visitas virtuales alcanza Festival de la Ciencia Los lagos 2020 - Los Lagos","isPartOf":{"@id":"https:\/\/explora.cl\/lagos\/#website"},"primaryImageOfPage":{"@id":"https:\/\/explora.cl\/lagos\/mas-de-6-mil-visitas-virtuales-alcanza-el-festival-de-la-ciencia-los-lagos-2020\/#primaryimage"},"image":{"@id":"https:\/\/explora.cl\/lagos\/mas-de-6-mil-visitas-virtuales-alcanza-el-festival-de-la-ciencia-los-lagos-2020\/#primaryimage"},"thumbnailUrl":"https:\/\/explora.cl\/lagos\/wp-content\/uploads\/sites\/17\/2020\/11\/FOTO-OFICIAL-FECI-1-Los-Lagos-2020-.jpg","datePublished":"2020-11-17T13:56:15+00:00","dateModified":"2020-12-18T22:27:50+00:00","author":{"@id":"https:\/\/explora.cl\/lagos\/#\/schema\/person\/6608d3ee9ea0b0daeaf12289528fc582"},"breadcrumb":{"@id":"https:\/\/explora.cl\/lagos\/mas-de-6-mil-visitas-virtuales-alcanza-el-festival-de-la-ciencia-los-lagos-2020\/#breadcrumb"},"inLanguage":"es","potentialAction":[{"@type":"ReadAction","target":["https:\/\/explora.cl\/lagos\/mas-de-6-mil-visitas-virtuales-alcanza-el-festival-de-la-ciencia-los-lagos-2020\/"]}]},{"@type":"ImageObject","inLanguage":"es","@id":"https:\/\/explora.cl\/lagos\/mas-de-6-mil-visitas-virtuales-alcanza-el-festival-de-la-ciencia-los-lagos-2020\/#primaryimage","url":"https:\/\/explora.cl\/lagos\/wp-content\/uploads\/sites\/17\/2020\/11\/FOTO-OFICIAL-FECI-1-Los-Lagos-2020-.jpg","contentUrl":"https:\/\/explora.cl\/lagos\/wp-content\/uploads\/sites\/17\/2020\/11\/FOTO-OFICIAL-FECI-1-Los-Lagos-2020-.jpg","width":1280,"height":715},{"@type":"BreadcrumbList","@id":"https:\/\/explora.cl\/lagos\/mas-de-6-mil-visitas-virtuales-alcanza-el-festival-de-la-ciencia-los-lagos-2020\/#breadcrumb","itemListElement":[{"@type":"ListItem","position":1,"name":"Portada","item":"https:\/\/explora.cl\/lagos\/"},{"@type":"ListItem","position":2,"name":"M\u00e1s de 6 mil visitas virtuales alcanza Festival de la Ciencia Los lagos 2020"}]},{"@type":"WebSite","@id":"https:\/\/explora.cl\/lagos\/#website","url":"https:\/\/explora.cl\/lagos\/","name":"Los Lagos","description":"Otro sitio m\u00e1s de explora.cl","potentialAction":[{"@type":"SearchAction","target":{"@type":"EntryPoint","urlTemplate":"https:\/\/explora.cl\/lagos\/?s={search_term_string}"},"query-input":{"@type":"PropertyValueSpecification","valueRequired":true,"valueName":"search_term_string"}}],"inLanguage":"es"},{"@type":"Person","@id":"https:\/\/explora.cl\/lagos\/#\/schema\/person\/6608d3ee9ea0b0daeaf12289528fc582","name":"jvargas","image":{"@type":"ImageObject","inLanguage":"es","@id":"https:\/\/explora.cl\/lagos\/#\/schema\/person\/image\/","url":"https:\/\/secure.gravatar.com\/avatar\/8a6892fbfb002ef173a244b534b4bbcea4c183fc3fbf7732e64ac89b1d22d482?s=96&d=mm&r=g","contentUrl":"https:\/\/secure.gravatar.com\/avatar\/8a6892fbfb002ef173a244b534b4bbcea4c183fc3fbf7732e64ac89b1d22d482?s=96&d=mm&r=g","caption":"jvargas"},"url":"https:\/\/explora.cl\/lagos\/author\/jvargas\/"}]}},"_links":{"self":[{"href":"https:\/\/explora.cl\/lagos\/wp-json\/wp\/v2\/posts\/39692","targetHints":{"allow":["GET"]}}],"collection":[{"href":"https:\/\/explora.cl\/lagos\/wp-json\/wp\/v2\/posts"}],"about":[{"href":"https:\/\/explora.cl\/lagos\/wp-json\/wp\/v2\/types\/post"}],"author":[{"embeddable":true,"href":"https:\/\/explora.cl\/lagos\/wp-json\/wp\/v2\/users\/36"}],"replies":[{"embeddable":true,"href":"https:\/\/explora.cl\/lagos\/wp-json\/wp\/v2\/comments?post=39692"}],"version-history":[{"count":29,"href":"https:\/\/explora.cl\/lagos\/wp-json\/wp\/v2\/posts\/39692\/revisions"}],"predecessor-version":[{"id":39724,"href":"https:\/\/explora.cl\/lagos\/wp-json\/wp\/v2\/posts\/39692\/revisions\/39724"}],"wp:featuredmedia":[{"embeddable":true,"href":"https:\/\/explora.cl\/lagos\/wp-json\/wp\/v2\/media\/39723"}],"wp:attachment":[{"href":"https:\/\/explora.cl\/lagos\/wp-json\/wp\/v2\/media?parent=39692"}],"wp:term":[{"taxonomy":"category","embeddable":true,"href":"https:\/\/explora.cl\/lagos\/wp-json\/wp\/v2\/categories?post=39692"},{"taxonomy":"post_tag","embeddable":true,"href":"https:\/\/explora.cl\/lagos\/wp-json\/wp\/v2\/tags?post=39692"}],"curies":[{"name":"wp","href":"https:\/\/api.w.org\/{rel}","templated":true}]}}