{"id":39676,"date":"2020-11-15T01:04:45","date_gmt":"2020-11-15T04:04:45","guid":{"rendered":"https:\/\/explora.cl\/lagos\/?p=39676"},"modified":"2020-12-11T23:56:10","modified_gmt":"2020-12-12T02:56:10","slug":"creaciones-audiovisuales-cientificas-de-jovenes-de-los-lagos-inspiraron-en-festival-de-la-ciencia","status":"publish","type":"post","link":"https:\/\/explora.cl\/lagos\/creaciones-audiovisuales-cientificas-de-jovenes-de-los-lagos-inspiraron-en-festival-de-la-ciencia\/","title":{"rendered":"Creaciones audiovisuales cient\u00edficas de j\u00f3venes de Los Lagos inspiraron en Festival de la Ciencia"},"content":{"rendered":"<p><em>Las doce c\u00e1psulas audiovisuales est\u00e1n disponible en <a href=\"http:\/\/exploraloslagos.uach.cl\/\">exploraloslagos.uach.cl<\/a> y tambi\u00e9n en el canal de YouTube PAR Explora Los Lagos.<\/em><\/p>\n<p>Un proceso de esfuerzo, talento y dedicaci\u00f3n de dos meses de j\u00f3venes de la Regi\u00f3n de Los Lagos apasionados por la ciencia,\u00a0 dio frutos al estrenar sus obras audiovisuales con contenido cient\u00edfico, educativo y territorial en el Festival de la Ciencia Los Lagos 2020.<\/p>\n<p>De un total de 80 personas que participaron en la primera etapa del Taller Audiovisual Cient\u00edfico, iniciado en septiembre, fueron seleccionados 12 anteproyectos para producir una c\u00e1psula audiovisual que se logr\u00f3 desarrollar a cabalidad en un proceso que dur\u00f3 13 sesiones. Los j\u00f3venes seleccionados pertenecen a las comunas de Queilen, Dalcahue, Ancud, Osorno, Puerto Varas y Puerto Montt.<\/p>\n<p>La iniciativa organizada por el Proyecto Explora Los Lagos financiado por el Ministerio de Ciencia, Tecnolog\u00eda, Conocimiento e Innovaci\u00f3n,\u00a0 ejecutado por la Universidad Austral de Chile Sede Puerto Montt en conjunto con la Escuela Audiovisual y Fotogr\u00e1fica Itinerante Trasfoco con sede en Castro, tuvo como objetivo instalar competencias en el manejo de herramientas de comunicaci\u00f3n audiovisual en j\u00f3venes de la Regi\u00f3n de Los Lagos, adem\u00e1s de estimular la reflexi\u00f3n cr\u00edtica del entorno a trav\u00e9s de la producci\u00f3n de una obra audiovisual de divulgaci\u00f3n cient\u00edfica con pertinencia territorial.<\/p>\n<p><span class=\"TextRun SCXW139754406 BCX0\" lang=\"EN-US\" xml:lang=\"EN-US\" data-contrast=\"auto\"><span class=\"NormalTextRun SCXW139754406 BCX0\">Los\u00a0<\/span><\/span><span class=\"TextRun SCXW139754406 BCX0\" lang=\"EN-US\" xml:lang=\"EN-US\" data-contrast=\"auto\"><span class=\"NormalTextRun SpellingErrorV2 SCXW139754406 BCX0\">participantes<\/span><\/span><span class=\"TextRun SCXW139754406 BCX0\" lang=\"EN-US\" xml:lang=\"EN-US\" data-contrast=\"auto\"><span class=\"NormalTextRun SCXW139754406 BCX0\">\u00a0<\/span><\/span><span class=\"TextRun SCXW139754406 BCX0\" lang=\"EN-US\" xml:lang=\"EN-US\" data-contrast=\"auto\"><span class=\"NormalTextRun SpellingErrorV2 SCXW139754406 BCX0\">lograron<\/span><\/span><span class=\"TextRun SCXW139754406 BCX0\" lang=\"EN-US\" xml:lang=\"EN-US\" data-contrast=\"auto\"><span class=\"NormalTextRun SCXW139754406 BCX0\">\u00a0<\/span><\/span><span class=\"TextRun SCXW139754406 BCX0\" lang=\"EN-US\" xml:lang=\"EN-US\" data-contrast=\"auto\"><span class=\"NormalTextRun SpellingErrorV2 SCXW139754406 BCX0\">exitosos<\/span><\/span><span class=\"TextRun SCXW139754406 BCX0\" lang=\"EN-US\" xml:lang=\"EN-US\" data-contrast=\"auto\"><span class=\"NormalTextRun SCXW139754406 BCX0\">\u00a0<\/span><\/span><span class=\"TextRun SCXW139754406 BCX0\" lang=\"EN-US\" xml:lang=\"EN-US\" data-contrast=\"auto\"><span class=\"NormalTextRun SpellingErrorV2 SCXW139754406 BCX0\">resultados<\/span><\/span><span class=\"TextRun SCXW139754406 BCX0\" lang=\"EN-US\" xml:lang=\"EN-US\" data-contrast=\"auto\"><span class=\"NormalTextRun SCXW139754406 BCX0\">\u00a0<\/span><\/span><span class=\"TextRun SCXW139754406 BCX0\" lang=\"EN-US\" xml:lang=\"EN-US\" data-contrast=\"auto\"><span class=\"NormalTextRun SpellingErrorV2 SCXW139754406 BCX0\">aunque<\/span><\/span><span class=\"TextRun SCXW139754406 BCX0\" lang=\"EN-US\" xml:lang=\"EN-US\" data-contrast=\"auto\"><span class=\"NormalTextRun SCXW139754406 BCX0\">\u00a0la\u00a0<\/span><\/span><span class=\"TextRun SCXW139754406 BCX0\" lang=\"EN-US\" xml:lang=\"EN-US\" data-contrast=\"auto\"><span class=\"NormalTextRun SpellingErrorV2 SCXW139754406 BCX0\">mayor\u00eda<\/span><\/span><span class=\"TextRun SCXW139754406 BCX0\" lang=\"EN-US\" xml:lang=\"EN-US\" data-contrast=\"auto\"><span class=\"NormalTextRun SCXW139754406 BCX0\">\u00a0no\u00a0<\/span><\/span><span class=\"TextRun SCXW139754406 BCX0\" lang=\"EN-US\" xml:lang=\"EN-US\" data-contrast=\"auto\"><span class=\"NormalTextRun SpellingErrorV2 SCXW139754406 BCX0\">ten\u00eda<\/span><\/span><span class=\"TextRun SCXW139754406 BCX0\" lang=\"EN-US\" xml:lang=\"EN-US\" data-contrast=\"auto\"><span class=\"NormalTextRun SCXW139754406 BCX0\">\u00a0<\/span><\/span><span class=\"TextRun SCXW139754406 BCX0\" lang=\"EN-US\" xml:lang=\"EN-US\" data-contrast=\"auto\"><span class=\"NormalTextRun SpellingErrorV2 SCXW139754406 BCX0\">conocimientos<\/span><\/span><span class=\"TextRun SCXW139754406 BCX0\" lang=\"EN-US\" xml:lang=\"EN-US\" data-contrast=\"auto\"><span class=\"NormalTextRun SCXW139754406 BCX0\">\u00a0<\/span><\/span><span class=\"TextRun SCXW139754406 BCX0\" lang=\"EN-US\" xml:lang=\"EN-US\" data-contrast=\"auto\"><span class=\"NormalTextRun SpellingErrorV2 SCXW139754406 BCX0\">audiovisuales<\/span><\/span><span class=\"TextRun SCXW139754406 BCX0\" lang=\"EN-US\" xml:lang=\"EN-US\" data-contrast=\"auto\"><span class=\"NormalTextRun SCXW139754406 BCX0\">\u00a0<\/span><\/span><span class=\"TextRun SCXW139754406 BCX0\" lang=\"EN-US\" xml:lang=\"EN-US\" data-contrast=\"auto\"><span class=\"NormalTextRun SpellingErrorV2 SCXW139754406 BCX0\">previos<\/span><\/span><span class=\"TextRun SCXW139754406 BCX0\" lang=\"EN-US\" xml:lang=\"EN-US\" data-contrast=\"auto\"><span class=\"NormalTextRun SCXW139754406 BCX0\">, sin embargo, gracias a\u00a0<\/span><\/span><span class=\"TextRun SCXW139754406 BCX0\" lang=\"EN-US\" xml:lang=\"EN-US\" data-contrast=\"auto\"><span class=\"NormalTextRun SCXW139754406 BCX0\">un\u00a0<\/span><\/span><span class=\"TextRun SCXW139754406 BCX0\" lang=\"EN-US\" xml:lang=\"EN-US\" data-contrast=\"auto\"><span class=\"NormalTextRun SpellingErrorV2 SCXW139754406 BCX0\">trabajo<\/span><\/span><span class=\"TextRun SCXW139754406 BCX0\" lang=\"EN-US\" xml:lang=\"EN-US\" data-contrast=\"auto\"><span class=\"NormalTextRun SCXW139754406 BCX0\">\u00a0<\/span><\/span><span class=\"TextRun SCXW139754406 BCX0\" lang=\"EN-US\" xml:lang=\"EN-US\" data-contrast=\"auto\"><span class=\"NormalTextRun SpellingErrorV2 SCXW139754406 BCX0\">colaborativo<\/span><\/span><span class=\"TextRun SCXW139754406 BCX0\" lang=\"EN-US\" xml:lang=\"EN-US\" data-contrast=\"auto\"><span class=\"NormalTextRun SCXW139754406 BCX0\">\u00a0y de\u00a0<\/span><\/span><span class=\"TextRun SCXW139754406 BCX0\" lang=\"EN-US\" xml:lang=\"EN-US\" data-contrast=\"auto\"><span class=\"NormalTextRun SpellingErrorV2 SCXW139754406 BCX0\">investigaci\u00f3n<\/span><\/span><span class=\"TextRun SCXW139754406 BCX0\" lang=\"EN-US\" xml:lang=\"EN-US\" data-contrast=\"auto\"><span class=\"NormalTextRun SCXW139754406 BCX0\">, en el\u00a0<\/span><\/span><span class=\"TextRun SCXW139754406 BCX0\" lang=\"EN-US\" xml:lang=\"EN-US\" data-contrast=\"auto\"><span class=\"NormalTextRun SpellingErrorV2 SCXW139754406 BCX0\">cual<\/span><\/span><span class=\"TextRun SCXW139754406 BCX0\" lang=\"EN-US\" xml:lang=\"EN-US\" data-contrast=\"auto\"><span class=\"NormalTextRun SCXW139754406 BCX0\">\u00a0<\/span><\/span><span class=\"TextRun SCXW139754406 BCX0\" lang=\"EN-US\" xml:lang=\"EN-US\" data-contrast=\"auto\"><span class=\"NormalTextRun SpellingErrorV2 SCXW139754406 BCX0\">involucraron<\/span><\/span><span class=\"TextRun SCXW139754406 BCX0\" lang=\"EN-US\" xml:lang=\"EN-US\" data-contrast=\"auto\"><span class=\"NormalTextRun SCXW139754406 BCX0\">\u00a0amigos,\u00a0<\/span><\/span><span class=\"TextRun SCXW139754406 BCX0\" lang=\"EN-US\" xml:lang=\"EN-US\" data-contrast=\"auto\"><span class=\"NormalTextRun SpellingErrorV2 SCXW139754406 BCX0\">familiares<\/span><\/span><span class=\"TextRun SCXW139754406 BCX0\" lang=\"EN-US\" xml:lang=\"EN-US\" data-contrast=\"auto\"><span class=\"NormalTextRun SCXW139754406 BCX0\">,\u00a0<\/span><\/span><span class=\"TextRun SCXW139754406 BCX0\" lang=\"EN-US\" xml:lang=\"EN-US\" data-contrast=\"auto\"><span class=\"NormalTextRun SpellingErrorV2 SCXW139754406 BCX0\">comunidades<\/span><\/span><span class=\"TextRun SCXW139754406 BCX0\" lang=\"EN-US\" xml:lang=\"EN-US\" data-contrast=\"auto\"><span class=\"NormalTextRun SCXW139754406 BCX0\">\u00a0<\/span><\/span><span class=\"TextRun SCXW139754406 BCX0\" lang=\"EN-US\" xml:lang=\"EN-US\" data-contrast=\"auto\"><span class=\"NormalTextRun SpellingErrorV2 SCXW139754406 BCX0\">educativas<\/span><\/span><span class=\"TextRun SCXW139754406 BCX0\" lang=\"EN-US\" xml:lang=\"EN-US\" data-contrast=\"auto\"><span class=\"NormalTextRun SCXW139754406 BCX0\">\u00a0y\u00a0<\/span><span class=\"NormalTextRun SpellingErrorV2 SCXW139754406 BCX0\">vecinos<\/span><span class=\"NormalTextRun SCXW139754406 BCX0\">,<\/span><\/span><span class=\"TextRun SCXW139754406 BCX0\" lang=\"EN-US\" xml:lang=\"EN-US\" data-contrast=\"auto\"><span class=\"NormalTextRun SCXW139754406 BCX0\">\u00a0<\/span><\/span><span class=\"TextRun SCXW139754406 BCX0\" lang=\"EN-US\" xml:lang=\"EN-US\" data-contrast=\"auto\"><span class=\"NormalTextRun SpellingErrorV2 SCXW139754406 BCX0\">lograron<\/span><span class=\"NormalTextRun SCXW139754406 BCX0\">\u00a0el\u00a0<\/span><\/span><span class=\"TextRun SCXW139754406 BCX0\" lang=\"EN-US\" xml:lang=\"EN-US\" data-contrast=\"auto\"><span class=\"NormalTextRun SpellingErrorV2 SCXW139754406 BCX0\">desaf\u00edo<\/span><\/span><span class=\"TextRun SCXW139754406 BCX0\" lang=\"EN-US\" xml:lang=\"EN-US\" data-contrast=\"auto\"><span class=\"NormalTextRun SCXW139754406 BCX0\">\u00a0de\u00a0<\/span><\/span><span class=\"TextRun SCXW139754406 BCX0\" lang=\"EN-US\" xml:lang=\"EN-US\" data-contrast=\"auto\"><span class=\"NormalTextRun SpellingErrorV2 SCXW139754406 BCX0\">elaborar<\/span><\/span><span class=\"TextRun SCXW139754406 BCX0\" lang=\"EN-US\" xml:lang=\"EN-US\" data-contrast=\"auto\"><span class=\"NormalTextRun SCXW139754406 BCX0\">\u00a0un material de\u00a0<\/span><\/span><span class=\"TextRun SCXW139754406 BCX0\" lang=\"EN-US\" xml:lang=\"EN-US\" data-contrast=\"auto\"><span class=\"NormalTextRun SpellingErrorV2 SCXW139754406 BCX0\">calidad<\/span><\/span><span class=\"TextRun SCXW139754406 BCX0\" lang=\"EN-US\" xml:lang=\"EN-US\" data-contrast=\"auto\"><span class=\"NormalTextRun SCXW139754406 BCX0\">\u00a0en poco\u00a0<\/span><\/span><span class=\"TextRun SCXW139754406 BCX0\" lang=\"EN-US\" xml:lang=\"EN-US\" data-contrast=\"auto\"><span class=\"NormalTextRun SpellingErrorV2 SCXW139754406 BCX0\">tiempo<\/span><\/span><span class=\"TextRun SCXW139754406 BCX0\" lang=\"EN-US\" xml:lang=\"EN-US\" data-contrast=\"auto\"><span class=\"NormalTextRun SCXW139754406 BCX0\">\u00a0y en\u00a0<\/span><\/span><span class=\"TextRun SCXW139754406 BCX0\" lang=\"EN-US\" xml:lang=\"EN-US\" data-contrast=\"auto\"><span class=\"NormalTextRun SpellingErrorV2 SCXW139754406 BCX0\">\u00e9poca<\/span><\/span><span class=\"TextRun SCXW139754406 BCX0\" lang=\"EN-US\" xml:lang=\"EN-US\" data-contrast=\"auto\"><span class=\"NormalTextRun SCXW139754406 BCX0\">\u00a0de\u00a0<\/span><\/span><span class=\"TextRun SCXW139754406 BCX0\" lang=\"EN-US\" xml:lang=\"EN-US\" data-contrast=\"auto\"><span class=\"NormalTextRun SpellingErrorV2 SCXW139754406 BCX0\">pandemia<\/span><\/span><span class=\"TextRun SCXW139754406 BCX0\" lang=\"EN-US\" xml:lang=\"EN-US\" data-contrast=\"auto\"><span class=\"NormalTextRun SCXW139754406 BCX0\">.<\/span><\/span><span class=\"EOP SCXW139754406 BCX0\" data-ccp-props=\"{&quot;201341983&quot;:0,&quot;335551550&quot;:6,&quot;335551620&quot;:6,&quot;335559739&quot;:160,&quot;335559740&quot;:259}\">\u00a0<\/span><\/p>\n<p>Adem\u00e1s del estreno de sus obras en el Festival de la Ciencia Los Lagos, se desarroll\u00f3 el conversatorio sobre este proceso de creaci\u00f3n audiovisual y los j\u00f3venes pudieron contar su experiencia.<\/p>\n<p>En dicha instancia, Ana S\u00e1nchez, directora de la Escuela Audiovisual Trasfoco, detall\u00f3 que \u00aben las obras hay muchas tem\u00e1ticas que tienen que ver con el cuidado del medio ambiente, dar a conocer y como conservar especies y sectores naturales, tan importantes como los humedales, el bosque y el agua. No solo hay creaciones que tienen relaci\u00f3n con ciencias naturales, sino que tambi\u00e9n abordan temas como la psicolog\u00eda, neurociencia y arqueolog\u00eda, adem\u00e1s de temas hist\u00f3ricos recientes en Chile y muy relevante tambi\u00e9n una que nos lleva a conocer mujeres importantes invisibilizadas del pa\u00eds\u00bb.<\/p>\n<p>Nasstia Vel\u00e1squez, estudiante universitaria de Puerto Montt creadora de la c\u00e1psula \u00abFeminalente\u00bb expres\u00f3 que \u00abtodos est\u00e1bamos muy euf\u00f3ricos de ver nuestras creaciones y nos sentimos muy orgullosos de lo que hicimos, porque cada uno reflej\u00f3 un mensaje importante en sus obras. La m\u00eda naci\u00f3 porque estaba buscando t\u00e9cnicas de fotograf\u00edas y cuando encontr\u00e9 la cianotipia y conoc\u00ed a la primera mujer fot\u00f3grafa que nunca hab\u00eda escuchado en mi vida, entonces pens\u00e9 en buscar otras mujeres que han sido importantes en la historia y ah\u00ed comenzamos a investigar quien pod\u00eda mostrar del territorio o de Chile y encontr\u00e9 a Rosario Orrego que es pionera en divulgaci\u00f3n cient\u00edfica\u00bb.<\/p>\n<p>Ismenia Villarroel, directora del Liceo T\u00e9cnico Profesional Bosque Nativo, quien tambi\u00e9n estuvo presente en la actividad manifest\u00f3 que \u00abfue un honor participar con el profesor Michael Mora y rescatar nuestra historia local que es parte de nuestro proyecto educativo. A trav\u00e9s de \u00abSof\u00eda y Monte Verde: un encuentro extraordinario\u00bb, quisimos resaltar este lugar del asentamiento humano m\u00e1s antiguo de toda Am\u00e9rica que se encuentra a 24 kil\u00f3metros de Puerto Montt. Adem\u00e1s, este a\u00f1o no hemos dado cuenta de la importancia de la tecnolog\u00eda y lo audiovisual porque\u00a0 nos conecta con los estudiantes\u00bb.<\/p>\n<p>S\u00e1nchez, destac\u00f3 que \u00abel material es muy potente para poder utilizarlo en actividades formativas y contextos educativos y adem\u00e1s queda a disposici\u00f3n de la comunidad. Este es el inicio de un proceso de una fase que tiene que durar mucho tiempo porque al final se realiza para que otras personas conozcan las tem\u00e1ticas y se interesen por ellas\u00bb.<\/p>\n<p>Las doce obras estrenadas fueron \u00abLa Pincoya Roja: \u00abUn encuentro en el maritorio zum\u00bb, \u00abPechito naranjo conoce la naturaleza\u00bb, \u00abEl cerebro de las creencias y mitolog\u00eda chilota\u00bb, \u00abSof\u00eda y Monte Verde: un encuentro extraordinario\u00bb, \u00abHumedales no son agua podrida\u00bb, \u00abEn b\u00fasqueda de mi identidad\u00bb, \u00abCaldo \u00e9 cabeza\u00bb, \u00abFeminalente\u00bb, \u00abPompon, algo m\u00e1s que una planta\u00bb, \u00abSantuario de la naturaleza o humedal contaminado\u00bb, \u00abAnkulen-Estar secos\u00bb y \u00abM\u00e1s vale un bosque vivo que un bosque muerto\u00bb<\/p>\n<h1 style=\"text-align: center\"><a href=\"https:\/\/www.youtube.com\/watch?v=Vsdylmizm5c\"><strong>REVIVE EL ESTRENO Y CONVERSATORIO AQU\u00cd\u00a0<\/strong><\/a><\/h1>\n<p>&nbsp;<\/p>\n","protected":false},"excerpt":{"rendered":"<p>Los j\u00f3venes participaron en el Taller Audiovisual Cient\u00edfico que dur\u00f3 dos meses. <\/p>\n","protected":false},"author":36,"featured_media":39686,"comment_status":"open","ping_status":"open","sticky":false,"template":"","format":"standard","meta":{"_acf_changed":false,"_exactmetrics_skip_tracking":false,"_exactmetrics_sitenote_active":false,"_exactmetrics_sitenote_note":"","_exactmetrics_sitenote_category":0,"footnotes":"","_links_to":"","_links_to_target":""},"categories":[4,1],"tags":[359,182],"class_list":["post-39676","post","type-post","status-publish","format-standard","has-post-thumbnail","hentry","category-noticias","category-sin-categoria","tag-feci-2020","tag-los-lagos"],"acf":[],"yoast_head":"<!-- This site is optimized with the Yoast SEO plugin v26.9 - https:\/\/yoast.com\/product\/yoast-seo-wordpress\/ -->\n<title>Creaciones audiovisuales cient\u00edficas de j\u00f3venes de Los Lagos inspiraron en Festival de la Ciencia - Los Lagos<\/title>\n<meta name=\"robots\" content=\"index, follow, max-snippet:-1, max-image-preview:large, max-video-preview:-1\" \/>\n<link rel=\"canonical\" href=\"https:\/\/explora.cl\/lagos\/creaciones-audiovisuales-cientificas-de-jovenes-de-los-lagos-inspiraron-en-festival-de-la-ciencia\/\" class=\"yoast-seo-meta-tag\" \/>\n<meta property=\"og:locale\" content=\"es_ES\" class=\"yoast-seo-meta-tag\" \/>\n<meta property=\"og:type\" content=\"article\" class=\"yoast-seo-meta-tag\" \/>\n<meta property=\"og:title\" content=\"Creaciones audiovisuales cient\u00edficas de j\u00f3venes de Los Lagos inspiraron en Festival de la Ciencia - Los Lagos\" class=\"yoast-seo-meta-tag\" \/>\n<meta property=\"og:description\" content=\"Los j\u00f3venes participaron en el Taller Audiovisual Cient\u00edfico que dur\u00f3 dos meses.\" class=\"yoast-seo-meta-tag\" \/>\n<meta property=\"og:url\" content=\"https:\/\/explora.cl\/lagos\/creaciones-audiovisuales-cientificas-de-jovenes-de-los-lagos-inspiraron-en-festival-de-la-ciencia\/\" class=\"yoast-seo-meta-tag\" \/>\n<meta property=\"og:site_name\" content=\"Los Lagos\" class=\"yoast-seo-meta-tag\" \/>\n<meta property=\"article:published_time\" content=\"2020-11-15T04:04:45+00:00\" class=\"yoast-seo-meta-tag\" \/>\n<meta property=\"article:modified_time\" content=\"2020-12-12T02:56:10+00:00\" class=\"yoast-seo-meta-tag\" \/>\n<meta property=\"og:image\" content=\"https:\/\/explora.cl\/lagos\/wp-content\/uploads\/sites\/17\/2020\/11\/Estreno-Audiovisuales-Cient\u00edficos.jpg\" class=\"yoast-seo-meta-tag\" \/>\n\t<meta property=\"og:image:width\" content=\"1361\" class=\"yoast-seo-meta-tag\" \/>\n\t<meta property=\"og:image:height\" content=\"707\" class=\"yoast-seo-meta-tag\" \/>\n\t<meta property=\"og:image:type\" content=\"image\/jpeg\" class=\"yoast-seo-meta-tag\" \/>\n<meta name=\"author\" content=\"jvargas\" class=\"yoast-seo-meta-tag\" \/>\n<meta name=\"twitter:card\" content=\"summary_large_image\" class=\"yoast-seo-meta-tag\" \/>\n<meta name=\"twitter:label1\" content=\"Escrito por\" class=\"yoast-seo-meta-tag\" \/>\n\t<meta name=\"twitter:data1\" content=\"jvargas\" class=\"yoast-seo-meta-tag\" \/>\n\t<meta name=\"twitter:label2\" content=\"Tiempo de lectura\" class=\"yoast-seo-meta-tag\" \/>\n\t<meta name=\"twitter:data2\" content=\"4 minutos\" class=\"yoast-seo-meta-tag\" \/>\n<script type=\"application\/ld+json\" class=\"yoast-schema-graph\">{\"@context\":\"https:\/\/schema.org\",\"@graph\":[{\"@type\":\"Article\",\"@id\":\"https:\/\/explora.cl\/lagos\/creaciones-audiovisuales-cientificas-de-jovenes-de-los-lagos-inspiraron-en-festival-de-la-ciencia\/#article\",\"isPartOf\":{\"@id\":\"https:\/\/explora.cl\/lagos\/creaciones-audiovisuales-cientificas-de-jovenes-de-los-lagos-inspiraron-en-festival-de-la-ciencia\/\"},\"author\":{\"name\":\"jvargas\",\"@id\":\"https:\/\/explora.cl\/lagos\/#\/schema\/person\/6608d3ee9ea0b0daeaf12289528fc582\"},\"headline\":\"Creaciones audiovisuales cient\u00edficas de j\u00f3venes de Los Lagos inspiraron en Festival de la Ciencia\",\"datePublished\":\"2020-11-15T04:04:45+00:00\",\"dateModified\":\"2020-12-12T02:56:10+00:00\",\"mainEntityOfPage\":{\"@id\":\"https:\/\/explora.cl\/lagos\/creaciones-audiovisuales-cientificas-de-jovenes-de-los-lagos-inspiraron-en-festival-de-la-ciencia\/\"},\"wordCount\":800,\"commentCount\":0,\"image\":{\"@id\":\"https:\/\/explora.cl\/lagos\/creaciones-audiovisuales-cientificas-de-jovenes-de-los-lagos-inspiraron-en-festival-de-la-ciencia\/#primaryimage\"},\"thumbnailUrl\":\"https:\/\/explora.cl\/lagos\/wp-content\/uploads\/sites\/17\/2020\/11\/Estreno-Audiovisuales-Cient\u00edficos.jpg\",\"keywords\":[\"FECI 2020\",\"Los Lagos\"],\"articleSection\":[\"Noticias\"],\"inLanguage\":\"es\",\"potentialAction\":[{\"@type\":\"CommentAction\",\"name\":\"Comment\",\"target\":[\"https:\/\/explora.cl\/lagos\/creaciones-audiovisuales-cientificas-de-jovenes-de-los-lagos-inspiraron-en-festival-de-la-ciencia\/#respond\"]}]},{\"@type\":\"WebPage\",\"@id\":\"https:\/\/explora.cl\/lagos\/creaciones-audiovisuales-cientificas-de-jovenes-de-los-lagos-inspiraron-en-festival-de-la-ciencia\/\",\"url\":\"https:\/\/explora.cl\/lagos\/creaciones-audiovisuales-cientificas-de-jovenes-de-los-lagos-inspiraron-en-festival-de-la-ciencia\/\",\"name\":\"Creaciones audiovisuales cient\u00edficas de j\u00f3venes de Los Lagos inspiraron en Festival de la Ciencia - Los Lagos\",\"isPartOf\":{\"@id\":\"https:\/\/explora.cl\/lagos\/#website\"},\"primaryImageOfPage\":{\"@id\":\"https:\/\/explora.cl\/lagos\/creaciones-audiovisuales-cientificas-de-jovenes-de-los-lagos-inspiraron-en-festival-de-la-ciencia\/#primaryimage\"},\"image\":{\"@id\":\"https:\/\/explora.cl\/lagos\/creaciones-audiovisuales-cientificas-de-jovenes-de-los-lagos-inspiraron-en-festival-de-la-ciencia\/#primaryimage\"},\"thumbnailUrl\":\"https:\/\/explora.cl\/lagos\/wp-content\/uploads\/sites\/17\/2020\/11\/Estreno-Audiovisuales-Cient\u00edficos.jpg\",\"datePublished\":\"2020-11-15T04:04:45+00:00\",\"dateModified\":\"2020-12-12T02:56:10+00:00\",\"author\":{\"@id\":\"https:\/\/explora.cl\/lagos\/#\/schema\/person\/6608d3ee9ea0b0daeaf12289528fc582\"},\"breadcrumb\":{\"@id\":\"https:\/\/explora.cl\/lagos\/creaciones-audiovisuales-cientificas-de-jovenes-de-los-lagos-inspiraron-en-festival-de-la-ciencia\/#breadcrumb\"},\"inLanguage\":\"es\",\"potentialAction\":[{\"@type\":\"ReadAction\",\"target\":[\"https:\/\/explora.cl\/lagos\/creaciones-audiovisuales-cientificas-de-jovenes-de-los-lagos-inspiraron-en-festival-de-la-ciencia\/\"]}]},{\"@type\":\"ImageObject\",\"inLanguage\":\"es\",\"@id\":\"https:\/\/explora.cl\/lagos\/creaciones-audiovisuales-cientificas-de-jovenes-de-los-lagos-inspiraron-en-festival-de-la-ciencia\/#primaryimage\",\"url\":\"https:\/\/explora.cl\/lagos\/wp-content\/uploads\/sites\/17\/2020\/11\/Estreno-Audiovisuales-Cient\u00edficos.jpg\",\"contentUrl\":\"https:\/\/explora.cl\/lagos\/wp-content\/uploads\/sites\/17\/2020\/11\/Estreno-Audiovisuales-Cient\u00edficos.jpg\",\"width\":1361,\"height\":707},{\"@type\":\"BreadcrumbList\",\"@id\":\"https:\/\/explora.cl\/lagos\/creaciones-audiovisuales-cientificas-de-jovenes-de-los-lagos-inspiraron-en-festival-de-la-ciencia\/#breadcrumb\",\"itemListElement\":[{\"@type\":\"ListItem\",\"position\":1,\"name\":\"Portada\",\"item\":\"https:\/\/explora.cl\/lagos\/\"},{\"@type\":\"ListItem\",\"position\":2,\"name\":\"Creaciones audiovisuales cient\u00edficas de j\u00f3venes de Los Lagos inspiraron en Festival de la Ciencia\"}]},{\"@type\":\"WebSite\",\"@id\":\"https:\/\/explora.cl\/lagos\/#website\",\"url\":\"https:\/\/explora.cl\/lagos\/\",\"name\":\"Los Lagos\",\"description\":\"Otro sitio m\u00e1s de explora.cl\",\"potentialAction\":[{\"@type\":\"SearchAction\",\"target\":{\"@type\":\"EntryPoint\",\"urlTemplate\":\"https:\/\/explora.cl\/lagos\/?s={search_term_string}\"},\"query-input\":{\"@type\":\"PropertyValueSpecification\",\"valueRequired\":true,\"valueName\":\"search_term_string\"}}],\"inLanguage\":\"es\"},{\"@type\":\"Person\",\"@id\":\"https:\/\/explora.cl\/lagos\/#\/schema\/person\/6608d3ee9ea0b0daeaf12289528fc582\",\"name\":\"jvargas\",\"image\":{\"@type\":\"ImageObject\",\"inLanguage\":\"es\",\"@id\":\"https:\/\/explora.cl\/lagos\/#\/schema\/person\/image\/\",\"url\":\"https:\/\/secure.gravatar.com\/avatar\/8a6892fbfb002ef173a244b534b4bbcea4c183fc3fbf7732e64ac89b1d22d482?s=96&d=mm&r=g\",\"contentUrl\":\"https:\/\/secure.gravatar.com\/avatar\/8a6892fbfb002ef173a244b534b4bbcea4c183fc3fbf7732e64ac89b1d22d482?s=96&d=mm&r=g\",\"caption\":\"jvargas\"},\"url\":\"https:\/\/explora.cl\/lagos\/author\/jvargas\/\"}]}<\/script>\n<!-- \/ Yoast SEO plugin. -->","yoast_head_json":{"title":"Creaciones audiovisuales cient\u00edficas de j\u00f3venes de Los Lagos inspiraron en Festival de la Ciencia - Los Lagos","robots":{"index":"index","follow":"follow","max-snippet":"max-snippet:-1","max-image-preview":"max-image-preview:large","max-video-preview":"max-video-preview:-1"},"canonical":"https:\/\/explora.cl\/lagos\/creaciones-audiovisuales-cientificas-de-jovenes-de-los-lagos-inspiraron-en-festival-de-la-ciencia\/","og_locale":"es_ES","og_type":"article","og_title":"Creaciones audiovisuales cient\u00edficas de j\u00f3venes de Los Lagos inspiraron en Festival de la Ciencia - Los Lagos","og_description":"Los j\u00f3venes participaron en el Taller Audiovisual Cient\u00edfico que dur\u00f3 dos meses.","og_url":"https:\/\/explora.cl\/lagos\/creaciones-audiovisuales-cientificas-de-jovenes-de-los-lagos-inspiraron-en-festival-de-la-ciencia\/","og_site_name":"Los Lagos","article_published_time":"2020-11-15T04:04:45+00:00","article_modified_time":"2020-12-12T02:56:10+00:00","og_image":[{"width":1361,"height":707,"url":"https:\/\/explora.cl\/lagos\/wp-content\/uploads\/sites\/17\/2020\/11\/Estreno-Audiovisuales-Cient\u00edficos.jpg","type":"image\/jpeg"}],"author":"jvargas","twitter_card":"summary_large_image","twitter_misc":{"Escrito por":"jvargas","Tiempo de lectura":"4 minutos"},"schema":{"@context":"https:\/\/schema.org","@graph":[{"@type":"Article","@id":"https:\/\/explora.cl\/lagos\/creaciones-audiovisuales-cientificas-de-jovenes-de-los-lagos-inspiraron-en-festival-de-la-ciencia\/#article","isPartOf":{"@id":"https:\/\/explora.cl\/lagos\/creaciones-audiovisuales-cientificas-de-jovenes-de-los-lagos-inspiraron-en-festival-de-la-ciencia\/"},"author":{"name":"jvargas","@id":"https:\/\/explora.cl\/lagos\/#\/schema\/person\/6608d3ee9ea0b0daeaf12289528fc582"},"headline":"Creaciones audiovisuales cient\u00edficas de j\u00f3venes de Los Lagos inspiraron en Festival de la Ciencia","datePublished":"2020-11-15T04:04:45+00:00","dateModified":"2020-12-12T02:56:10+00:00","mainEntityOfPage":{"@id":"https:\/\/explora.cl\/lagos\/creaciones-audiovisuales-cientificas-de-jovenes-de-los-lagos-inspiraron-en-festival-de-la-ciencia\/"},"wordCount":800,"commentCount":0,"image":{"@id":"https:\/\/explora.cl\/lagos\/creaciones-audiovisuales-cientificas-de-jovenes-de-los-lagos-inspiraron-en-festival-de-la-ciencia\/#primaryimage"},"thumbnailUrl":"https:\/\/explora.cl\/lagos\/wp-content\/uploads\/sites\/17\/2020\/11\/Estreno-Audiovisuales-Cient\u00edficos.jpg","keywords":["FECI 2020","Los Lagos"],"articleSection":["Noticias"],"inLanguage":"es","potentialAction":[{"@type":"CommentAction","name":"Comment","target":["https:\/\/explora.cl\/lagos\/creaciones-audiovisuales-cientificas-de-jovenes-de-los-lagos-inspiraron-en-festival-de-la-ciencia\/#respond"]}]},{"@type":"WebPage","@id":"https:\/\/explora.cl\/lagos\/creaciones-audiovisuales-cientificas-de-jovenes-de-los-lagos-inspiraron-en-festival-de-la-ciencia\/","url":"https:\/\/explora.cl\/lagos\/creaciones-audiovisuales-cientificas-de-jovenes-de-los-lagos-inspiraron-en-festival-de-la-ciencia\/","name":"Creaciones audiovisuales cient\u00edficas de j\u00f3venes de Los Lagos inspiraron en Festival de la Ciencia - Los Lagos","isPartOf":{"@id":"https:\/\/explora.cl\/lagos\/#website"},"primaryImageOfPage":{"@id":"https:\/\/explora.cl\/lagos\/creaciones-audiovisuales-cientificas-de-jovenes-de-los-lagos-inspiraron-en-festival-de-la-ciencia\/#primaryimage"},"image":{"@id":"https:\/\/explora.cl\/lagos\/creaciones-audiovisuales-cientificas-de-jovenes-de-los-lagos-inspiraron-en-festival-de-la-ciencia\/#primaryimage"},"thumbnailUrl":"https:\/\/explora.cl\/lagos\/wp-content\/uploads\/sites\/17\/2020\/11\/Estreno-Audiovisuales-Cient\u00edficos.jpg","datePublished":"2020-11-15T04:04:45+00:00","dateModified":"2020-12-12T02:56:10+00:00","author":{"@id":"https:\/\/explora.cl\/lagos\/#\/schema\/person\/6608d3ee9ea0b0daeaf12289528fc582"},"breadcrumb":{"@id":"https:\/\/explora.cl\/lagos\/creaciones-audiovisuales-cientificas-de-jovenes-de-los-lagos-inspiraron-en-festival-de-la-ciencia\/#breadcrumb"},"inLanguage":"es","potentialAction":[{"@type":"ReadAction","target":["https:\/\/explora.cl\/lagos\/creaciones-audiovisuales-cientificas-de-jovenes-de-los-lagos-inspiraron-en-festival-de-la-ciencia\/"]}]},{"@type":"ImageObject","inLanguage":"es","@id":"https:\/\/explora.cl\/lagos\/creaciones-audiovisuales-cientificas-de-jovenes-de-los-lagos-inspiraron-en-festival-de-la-ciencia\/#primaryimage","url":"https:\/\/explora.cl\/lagos\/wp-content\/uploads\/sites\/17\/2020\/11\/Estreno-Audiovisuales-Cient\u00edficos.jpg","contentUrl":"https:\/\/explora.cl\/lagos\/wp-content\/uploads\/sites\/17\/2020\/11\/Estreno-Audiovisuales-Cient\u00edficos.jpg","width":1361,"height":707},{"@type":"BreadcrumbList","@id":"https:\/\/explora.cl\/lagos\/creaciones-audiovisuales-cientificas-de-jovenes-de-los-lagos-inspiraron-en-festival-de-la-ciencia\/#breadcrumb","itemListElement":[{"@type":"ListItem","position":1,"name":"Portada","item":"https:\/\/explora.cl\/lagos\/"},{"@type":"ListItem","position":2,"name":"Creaciones audiovisuales cient\u00edficas de j\u00f3venes de Los Lagos inspiraron en Festival de la Ciencia"}]},{"@type":"WebSite","@id":"https:\/\/explora.cl\/lagos\/#website","url":"https:\/\/explora.cl\/lagos\/","name":"Los Lagos","description":"Otro sitio m\u00e1s de explora.cl","potentialAction":[{"@type":"SearchAction","target":{"@type":"EntryPoint","urlTemplate":"https:\/\/explora.cl\/lagos\/?s={search_term_string}"},"query-input":{"@type":"PropertyValueSpecification","valueRequired":true,"valueName":"search_term_string"}}],"inLanguage":"es"},{"@type":"Person","@id":"https:\/\/explora.cl\/lagos\/#\/schema\/person\/6608d3ee9ea0b0daeaf12289528fc582","name":"jvargas","image":{"@type":"ImageObject","inLanguage":"es","@id":"https:\/\/explora.cl\/lagos\/#\/schema\/person\/image\/","url":"https:\/\/secure.gravatar.com\/avatar\/8a6892fbfb002ef173a244b534b4bbcea4c183fc3fbf7732e64ac89b1d22d482?s=96&d=mm&r=g","contentUrl":"https:\/\/secure.gravatar.com\/avatar\/8a6892fbfb002ef173a244b534b4bbcea4c183fc3fbf7732e64ac89b1d22d482?s=96&d=mm&r=g","caption":"jvargas"},"url":"https:\/\/explora.cl\/lagos\/author\/jvargas\/"}]}},"_links":{"self":[{"href":"https:\/\/explora.cl\/lagos\/wp-json\/wp\/v2\/posts\/39676","targetHints":{"allow":["GET"]}}],"collection":[{"href":"https:\/\/explora.cl\/lagos\/wp-json\/wp\/v2\/posts"}],"about":[{"href":"https:\/\/explora.cl\/lagos\/wp-json\/wp\/v2\/types\/post"}],"author":[{"embeddable":true,"href":"https:\/\/explora.cl\/lagos\/wp-json\/wp\/v2\/users\/36"}],"replies":[{"embeddable":true,"href":"https:\/\/explora.cl\/lagos\/wp-json\/wp\/v2\/comments?post=39676"}],"version-history":[{"count":13,"href":"https:\/\/explora.cl\/lagos\/wp-json\/wp\/v2\/posts\/39676\/revisions"}],"predecessor-version":[{"id":39691,"href":"https:\/\/explora.cl\/lagos\/wp-json\/wp\/v2\/posts\/39676\/revisions\/39691"}],"wp:featuredmedia":[{"embeddable":true,"href":"https:\/\/explora.cl\/lagos\/wp-json\/wp\/v2\/media\/39686"}],"wp:attachment":[{"href":"https:\/\/explora.cl\/lagos\/wp-json\/wp\/v2\/media?parent=39676"}],"wp:term":[{"taxonomy":"category","embeddable":true,"href":"https:\/\/explora.cl\/lagos\/wp-json\/wp\/v2\/categories?post=39676"},{"taxonomy":"post_tag","embeddable":true,"href":"https:\/\/explora.cl\/lagos\/wp-json\/wp\/v2\/tags?post=39676"}],"curies":[{"name":"wp","href":"https:\/\/api.w.org\/{rel}","templated":true}]}}