{"id":39665,"date":"2020-11-14T09:18:15","date_gmt":"2020-11-14T12:18:15","guid":{"rendered":"https:\/\/explora.cl\/lagos\/?p=39665"},"modified":"2020-12-07T09:48:27","modified_gmt":"2020-12-07T12:48:27","slug":"el-arte-de-narrar-cuentos-cientificos-llega-a-zonas-lejanas-de-la-region-de-los-lagos","status":"publish","type":"post","link":"https:\/\/explora.cl\/lagos\/el-arte-de-narrar-cuentos-cientificos-llega-a-zonas-lejanas-de-la-region-de-los-lagos\/","title":{"rendered":"El arte de narrar cuentos cient\u00edficos llega a zonas lejanas de la Regi\u00f3n de Los Lagos"},"content":{"rendered":"<p><em>Los cuenta cuentos se pueden visualizar en formato audiovisual en la p\u00e1gina exploraloslagos.uach y el ciclo radial se estar\u00e1 transmitiendo hasta ma\u00f1ana domingo 15 de noviembre.\u00a0<\/em><\/p>\n<p>\u00abEl peque\u00f1o valiente\u00bb, \u00abBaja marea\u00bb, \u00abEl florecimiento de la Quila\u00bb y Peque Rey\u00bb son los cuenta cuentos que llaman la atenci\u00f3n comunicando ciencia durante el Festival de la Ciencia Los Lagos 2020 que se desarrolla del 11 al 15 de noviembre.<\/p>\n<p>La iniciativa es parte de la celebraci\u00f3n del evento organizado por el Proyecto Explora Los Lagos del Ministerio de Ciencia, Tecnolog\u00eda, Conocimiento e Innovaci\u00f3n ejecutado por la Universidad Austral de Chile Sede Puerto Montt.<\/p>\n<p>Las obras ya tienen muchas reproducciones en su formato audiovisual que est\u00e1 disponible en la p\u00e1gina del festival exploraloslagos.uach.cl y tambi\u00e9n han sido muy solicitadas y escuchadas en las radios donde se est\u00e1 transmitiendo el ciclo de cuenta cuentos, como, Radio Chait\u00e9n de la provincia de Palena, Radio Curaco de Velez de la provincia de Chilo\u00e9, Radio Nueva Bel\u00e9n de Puerto Montt y Radio UACh de Valdivia.<\/p>\n<p>Respecto al ciclo de cuenta cuentos, Roc\u00edo Bize, encargada de Ciencias P\u00fablicas del Proyecto Explora Los Lagos UACh, expres\u00f3 que \u00abcomo equipo buscamos salir de lo virtual, p\u00e1ginas web y redes sociales y nos propusimos utilizar otros mecanismos y entre ellos los medios radiales para aumentar nuestra cobertura regional y llevar el Festival de la Ciencia a m\u00e1s personas y comunidades que no siempre tienen la disponibilidad de internet\u00bb.<\/p>\n<p>Bize particip\u00f3 en un conversatorio sobre ciencia, arte y Festival de la Ciencia Los Lagos en la Radio UACh junto a Aranzu Abaroa , educadora de p\u00e1rvulos, psicopedagoga y mediadora de lectura, oriunda de la Isla Grande de Chilo\u00e9, quien realiza las adaptaciones y narraciones de los cuenta cuentos desde el a\u00f1o 1998.<\/p>\n<p>\u00abDurante el tiempo que yo estudi\u00e9 se fueron presentando distintas formas de ense\u00f1ar y de llevar aprendizajes a ni\u00f1as y ni\u00f1os\u00a0 y una de las experiencias que me marc\u00f3, fue cuando trabaj\u00e9 por tres a\u00f1os en la Unidad de Oncolog\u00eda del Hospital Regional de Valdivia. En ese lugar, a\u00a0 trav\u00e9s del cuento o la narraci\u00f3n y acompa\u00f1amiento con la palabra, se pudo ver que los ni\u00f1os que estaban postrados en cama con una situaci\u00f3n de salud delicada ten\u00eda un mejor desarrollo emocional durante ese momento de compa\u00f1\u00eda\u00bb, detall\u00f3 Abaroa en Radio UACh y tambi\u00e9n en el Conversatorio \u00abEl oficio de contar cuentos y ciencia\u00bb realizado en Radio Chait\u00e9n, ambos disponibles en el Fanpage @PARLosLagos.<\/p>\n<p>Desde ese momento, Aranzu, que al principio realizaba su labor solo de coraz\u00f3n, comenz\u00f3 a perfeccionarse como cuenta cuentista y mediadora de lectura en Fundaci\u00f3n Mustakis y en el Laboratorio virtual de mediaci\u00f3n cultural y artes narrativo Narralab de Santiago.<\/p>\n<p>En relaci\u00f3n al trabajo del cuenta cuentista y c\u00f3mo este vincula con la ciencia, la piscopedagoga se\u00f1al\u00f3 que \u00abes un oficio antiqu\u00edsimo donde los pueblos originarios se comunicaban a trav\u00e9s de un orador que contaba las historias y manten\u00eda la cultura. Requiere de un gran trabajo de prepararse, estudiar y leer y en este caso la invitaci\u00f3n en el Festival fue vincularlo con la ciencia y contenidos patrimoniales y territoriales para que en ni\u00f1as y ni\u00f1os cause curiosidad y quieran investigar y porque no, ser unos futuros cient\u00edficos\u00bb.<\/p>\n<p>Tambi\u00e9n se encuentra disponible en la p\u00e1gina exploraloslagos.uach.cl,\u00a0 la obra de t\u00edteres \u00abLos vientos del Pill\u00e1n\u00bb, creada por al Compa\u00f1\u00eda de Teatro y T\u00edteres \u00abLa Abuela Poroto\u00bb, adaptada al formato audiovisual, que relata las aventuras de \u201cChachay\u201d, un avejentado t\u00edtere que realiza un viaje on\u00edrico para liberar el agua tal como se lo recomend\u00f3 su abuelo. La obra rescata aspectos propios de la identidad territorial de la zona sur, considerando elementos geogr\u00e1ficos y culturales. Adem\u00e1s, se pueden identificar temas como: el valor de los relatos ancestrales, la cultura oral, el lenguaje de los sue\u00f1os y problem\u00e1ticas ambientales sobre la protecci\u00f3n y cuidado del agua.<\/p>\n<p>&nbsp;<\/p>\n<h1 style=\"text-align: center\"><a href=\"https:\/\/www.facebook.com\/radiouachvaldivia\/videos\/762585437656532\/\">REVIVE EL CONVERSATORIO EN RADIO UACH AQU\u00cd<\/a><\/h1>\n<h1 style=\"text-align: center\"><a href=\"https:\/\/www.facebook.com\/radioprovinciapalena\/videos\/392900295464278\">REVIVE EL CONVERSATORIO EN RADIO CHAIT\u00c9N AQU\u00cd\u00a0<\/a><\/h1>\n<p>&nbsp;<\/p>\n","protected":false},"excerpt":{"rendered":"<p>Los cuenta cuentos est\u00e1n disponibles en la p\u00e1gina exploraloslagos.uach.cl o en el canal de YouTube @PARExploraLagos <\/p>\n","protected":false},"author":36,"featured_media":39672,"comment_status":"open","ping_status":"open","sticky":false,"template":"","format":"standard","meta":{"_acf_changed":false,"_exactmetrics_skip_tracking":false,"_exactmetrics_sitenote_active":false,"_exactmetrics_sitenote_note":"","_exactmetrics_sitenote_category":0,"footnotes":"","_links_to":"","_links_to_target":""},"categories":[4,1],"tags":[107,363],"class_list":["post-39665","post","type-post","status-publish","format-standard","has-post-thumbnail","hentry","category-noticias","category-sin-categoria","tag-ciencia","tag-los-lagos-feci2020"],"acf":[],"yoast_head":"<!-- This site is optimized with the Yoast SEO plugin v26.9 - https:\/\/yoast.com\/product\/yoast-seo-wordpress\/ -->\n<title>El arte de narrar cuentos cient\u00edficos llega a zonas lejanas de la Regi\u00f3n de Los Lagos - Los Lagos<\/title>\n<meta name=\"robots\" content=\"index, follow, max-snippet:-1, max-image-preview:large, max-video-preview:-1\" \/>\n<link rel=\"canonical\" href=\"https:\/\/explora.cl\/lagos\/el-arte-de-narrar-cuentos-cientificos-llega-a-zonas-lejanas-de-la-region-de-los-lagos\/\" class=\"yoast-seo-meta-tag\" \/>\n<meta property=\"og:locale\" content=\"es_ES\" class=\"yoast-seo-meta-tag\" \/>\n<meta property=\"og:type\" content=\"article\" class=\"yoast-seo-meta-tag\" \/>\n<meta property=\"og:title\" content=\"El arte de narrar cuentos cient\u00edficos llega a zonas lejanas de la Regi\u00f3n de Los Lagos - Los Lagos\" class=\"yoast-seo-meta-tag\" \/>\n<meta property=\"og:description\" content=\"Los cuenta cuentos est\u00e1n disponibles en la p\u00e1gina exploraloslagos.uach.cl o en el canal de YouTube @PARExploraLagos\" class=\"yoast-seo-meta-tag\" \/>\n<meta property=\"og:url\" content=\"https:\/\/explora.cl\/lagos\/el-arte-de-narrar-cuentos-cientificos-llega-a-zonas-lejanas-de-la-region-de-los-lagos\/\" class=\"yoast-seo-meta-tag\" \/>\n<meta property=\"og:site_name\" content=\"Los Lagos\" class=\"yoast-seo-meta-tag\" \/>\n<meta property=\"article:published_time\" content=\"2020-11-14T12:18:15+00:00\" class=\"yoast-seo-meta-tag\" \/>\n<meta property=\"article:modified_time\" content=\"2020-12-07T12:48:27+00:00\" class=\"yoast-seo-meta-tag\" \/>\n<meta property=\"og:image\" content=\"https:\/\/explora.cl\/lagos\/wp-content\/uploads\/sites\/17\/2020\/11\/Cuenta-Cuentos-2.jpg\" class=\"yoast-seo-meta-tag\" \/>\n\t<meta property=\"og:image:width\" content=\"1351\" class=\"yoast-seo-meta-tag\" \/>\n\t<meta property=\"og:image:height\" content=\"581\" class=\"yoast-seo-meta-tag\" \/>\n\t<meta property=\"og:image:type\" content=\"image\/jpeg\" class=\"yoast-seo-meta-tag\" \/>\n<meta name=\"author\" content=\"jvargas\" class=\"yoast-seo-meta-tag\" \/>\n<meta name=\"twitter:card\" content=\"summary_large_image\" class=\"yoast-seo-meta-tag\" \/>\n<meta name=\"twitter:label1\" content=\"Escrito por\" class=\"yoast-seo-meta-tag\" \/>\n\t<meta name=\"twitter:data1\" content=\"jvargas\" class=\"yoast-seo-meta-tag\" \/>\n\t<meta name=\"twitter:label2\" content=\"Tiempo de lectura\" class=\"yoast-seo-meta-tag\" \/>\n\t<meta name=\"twitter:data2\" content=\"4 minutos\" class=\"yoast-seo-meta-tag\" \/>\n<script type=\"application\/ld+json\" class=\"yoast-schema-graph\">{\"@context\":\"https:\/\/schema.org\",\"@graph\":[{\"@type\":\"Article\",\"@id\":\"https:\/\/explora.cl\/lagos\/el-arte-de-narrar-cuentos-cientificos-llega-a-zonas-lejanas-de-la-region-de-los-lagos\/#article\",\"isPartOf\":{\"@id\":\"https:\/\/explora.cl\/lagos\/el-arte-de-narrar-cuentos-cientificos-llega-a-zonas-lejanas-de-la-region-de-los-lagos\/\"},\"author\":{\"name\":\"jvargas\",\"@id\":\"https:\/\/explora.cl\/lagos\/#\/schema\/person\/6608d3ee9ea0b0daeaf12289528fc582\"},\"headline\":\"El arte de narrar cuentos cient\u00edficos llega a zonas lejanas de la Regi\u00f3n de Los Lagos\",\"datePublished\":\"2020-11-14T12:18:15+00:00\",\"dateModified\":\"2020-12-07T12:48:27+00:00\",\"mainEntityOfPage\":{\"@id\":\"https:\/\/explora.cl\/lagos\/el-arte-de-narrar-cuentos-cientificos-llega-a-zonas-lejanas-de-la-region-de-los-lagos\/\"},\"wordCount\":727,\"commentCount\":0,\"image\":{\"@id\":\"https:\/\/explora.cl\/lagos\/el-arte-de-narrar-cuentos-cientificos-llega-a-zonas-lejanas-de-la-region-de-los-lagos\/#primaryimage\"},\"thumbnailUrl\":\"https:\/\/explora.cl\/lagos\/wp-content\/uploads\/sites\/17\/2020\/11\/Cuenta-Cuentos-2.jpg\",\"keywords\":[\"ciencia\",\"Los Lagos #FECI2020\"],\"articleSection\":[\"Noticias\"],\"inLanguage\":\"es\",\"potentialAction\":[{\"@type\":\"CommentAction\",\"name\":\"Comment\",\"target\":[\"https:\/\/explora.cl\/lagos\/el-arte-de-narrar-cuentos-cientificos-llega-a-zonas-lejanas-de-la-region-de-los-lagos\/#respond\"]}]},{\"@type\":\"WebPage\",\"@id\":\"https:\/\/explora.cl\/lagos\/el-arte-de-narrar-cuentos-cientificos-llega-a-zonas-lejanas-de-la-region-de-los-lagos\/\",\"url\":\"https:\/\/explora.cl\/lagos\/el-arte-de-narrar-cuentos-cientificos-llega-a-zonas-lejanas-de-la-region-de-los-lagos\/\",\"name\":\"El arte de narrar cuentos cient\u00edficos llega a zonas lejanas de la Regi\u00f3n de Los Lagos - Los Lagos\",\"isPartOf\":{\"@id\":\"https:\/\/explora.cl\/lagos\/#website\"},\"primaryImageOfPage\":{\"@id\":\"https:\/\/explora.cl\/lagos\/el-arte-de-narrar-cuentos-cientificos-llega-a-zonas-lejanas-de-la-region-de-los-lagos\/#primaryimage\"},\"image\":{\"@id\":\"https:\/\/explora.cl\/lagos\/el-arte-de-narrar-cuentos-cientificos-llega-a-zonas-lejanas-de-la-region-de-los-lagos\/#primaryimage\"},\"thumbnailUrl\":\"https:\/\/explora.cl\/lagos\/wp-content\/uploads\/sites\/17\/2020\/11\/Cuenta-Cuentos-2.jpg\",\"datePublished\":\"2020-11-14T12:18:15+00:00\",\"dateModified\":\"2020-12-07T12:48:27+00:00\",\"author\":{\"@id\":\"https:\/\/explora.cl\/lagos\/#\/schema\/person\/6608d3ee9ea0b0daeaf12289528fc582\"},\"breadcrumb\":{\"@id\":\"https:\/\/explora.cl\/lagos\/el-arte-de-narrar-cuentos-cientificos-llega-a-zonas-lejanas-de-la-region-de-los-lagos\/#breadcrumb\"},\"inLanguage\":\"es\",\"potentialAction\":[{\"@type\":\"ReadAction\",\"target\":[\"https:\/\/explora.cl\/lagos\/el-arte-de-narrar-cuentos-cientificos-llega-a-zonas-lejanas-de-la-region-de-los-lagos\/\"]}]},{\"@type\":\"ImageObject\",\"inLanguage\":\"es\",\"@id\":\"https:\/\/explora.cl\/lagos\/el-arte-de-narrar-cuentos-cientificos-llega-a-zonas-lejanas-de-la-region-de-los-lagos\/#primaryimage\",\"url\":\"https:\/\/explora.cl\/lagos\/wp-content\/uploads\/sites\/17\/2020\/11\/Cuenta-Cuentos-2.jpg\",\"contentUrl\":\"https:\/\/explora.cl\/lagos\/wp-content\/uploads\/sites\/17\/2020\/11\/Cuenta-Cuentos-2.jpg\",\"width\":1351,\"height\":581},{\"@type\":\"BreadcrumbList\",\"@id\":\"https:\/\/explora.cl\/lagos\/el-arte-de-narrar-cuentos-cientificos-llega-a-zonas-lejanas-de-la-region-de-los-lagos\/#breadcrumb\",\"itemListElement\":[{\"@type\":\"ListItem\",\"position\":1,\"name\":\"Portada\",\"item\":\"https:\/\/explora.cl\/lagos\/\"},{\"@type\":\"ListItem\",\"position\":2,\"name\":\"El arte de narrar cuentos cient\u00edficos llega a zonas lejanas de la Regi\u00f3n de Los Lagos\"}]},{\"@type\":\"WebSite\",\"@id\":\"https:\/\/explora.cl\/lagos\/#website\",\"url\":\"https:\/\/explora.cl\/lagos\/\",\"name\":\"Los Lagos\",\"description\":\"Otro sitio m\u00e1s de explora.cl\",\"potentialAction\":[{\"@type\":\"SearchAction\",\"target\":{\"@type\":\"EntryPoint\",\"urlTemplate\":\"https:\/\/explora.cl\/lagos\/?s={search_term_string}\"},\"query-input\":{\"@type\":\"PropertyValueSpecification\",\"valueRequired\":true,\"valueName\":\"search_term_string\"}}],\"inLanguage\":\"es\"},{\"@type\":\"Person\",\"@id\":\"https:\/\/explora.cl\/lagos\/#\/schema\/person\/6608d3ee9ea0b0daeaf12289528fc582\",\"name\":\"jvargas\",\"image\":{\"@type\":\"ImageObject\",\"inLanguage\":\"es\",\"@id\":\"https:\/\/explora.cl\/lagos\/#\/schema\/person\/image\/\",\"url\":\"https:\/\/secure.gravatar.com\/avatar\/8a6892fbfb002ef173a244b534b4bbcea4c183fc3fbf7732e64ac89b1d22d482?s=96&d=mm&r=g\",\"contentUrl\":\"https:\/\/secure.gravatar.com\/avatar\/8a6892fbfb002ef173a244b534b4bbcea4c183fc3fbf7732e64ac89b1d22d482?s=96&d=mm&r=g\",\"caption\":\"jvargas\"},\"url\":\"https:\/\/explora.cl\/lagos\/author\/jvargas\/\"}]}<\/script>\n<!-- \/ Yoast SEO plugin. -->","yoast_head_json":{"title":"El arte de narrar cuentos cient\u00edficos llega a zonas lejanas de la Regi\u00f3n de Los Lagos - Los Lagos","robots":{"index":"index","follow":"follow","max-snippet":"max-snippet:-1","max-image-preview":"max-image-preview:large","max-video-preview":"max-video-preview:-1"},"canonical":"https:\/\/explora.cl\/lagos\/el-arte-de-narrar-cuentos-cientificos-llega-a-zonas-lejanas-de-la-region-de-los-lagos\/","og_locale":"es_ES","og_type":"article","og_title":"El arte de narrar cuentos cient\u00edficos llega a zonas lejanas de la Regi\u00f3n de Los Lagos - Los Lagos","og_description":"Los cuenta cuentos est\u00e1n disponibles en la p\u00e1gina exploraloslagos.uach.cl o en el canal de YouTube @PARExploraLagos","og_url":"https:\/\/explora.cl\/lagos\/el-arte-de-narrar-cuentos-cientificos-llega-a-zonas-lejanas-de-la-region-de-los-lagos\/","og_site_name":"Los Lagos","article_published_time":"2020-11-14T12:18:15+00:00","article_modified_time":"2020-12-07T12:48:27+00:00","og_image":[{"width":1351,"height":581,"url":"https:\/\/explora.cl\/lagos\/wp-content\/uploads\/sites\/17\/2020\/11\/Cuenta-Cuentos-2.jpg","type":"image\/jpeg"}],"author":"jvargas","twitter_card":"summary_large_image","twitter_misc":{"Escrito por":"jvargas","Tiempo de lectura":"4 minutos"},"schema":{"@context":"https:\/\/schema.org","@graph":[{"@type":"Article","@id":"https:\/\/explora.cl\/lagos\/el-arte-de-narrar-cuentos-cientificos-llega-a-zonas-lejanas-de-la-region-de-los-lagos\/#article","isPartOf":{"@id":"https:\/\/explora.cl\/lagos\/el-arte-de-narrar-cuentos-cientificos-llega-a-zonas-lejanas-de-la-region-de-los-lagos\/"},"author":{"name":"jvargas","@id":"https:\/\/explora.cl\/lagos\/#\/schema\/person\/6608d3ee9ea0b0daeaf12289528fc582"},"headline":"El arte de narrar cuentos cient\u00edficos llega a zonas lejanas de la Regi\u00f3n de Los Lagos","datePublished":"2020-11-14T12:18:15+00:00","dateModified":"2020-12-07T12:48:27+00:00","mainEntityOfPage":{"@id":"https:\/\/explora.cl\/lagos\/el-arte-de-narrar-cuentos-cientificos-llega-a-zonas-lejanas-de-la-region-de-los-lagos\/"},"wordCount":727,"commentCount":0,"image":{"@id":"https:\/\/explora.cl\/lagos\/el-arte-de-narrar-cuentos-cientificos-llega-a-zonas-lejanas-de-la-region-de-los-lagos\/#primaryimage"},"thumbnailUrl":"https:\/\/explora.cl\/lagos\/wp-content\/uploads\/sites\/17\/2020\/11\/Cuenta-Cuentos-2.jpg","keywords":["ciencia","Los Lagos #FECI2020"],"articleSection":["Noticias"],"inLanguage":"es","potentialAction":[{"@type":"CommentAction","name":"Comment","target":["https:\/\/explora.cl\/lagos\/el-arte-de-narrar-cuentos-cientificos-llega-a-zonas-lejanas-de-la-region-de-los-lagos\/#respond"]}]},{"@type":"WebPage","@id":"https:\/\/explora.cl\/lagos\/el-arte-de-narrar-cuentos-cientificos-llega-a-zonas-lejanas-de-la-region-de-los-lagos\/","url":"https:\/\/explora.cl\/lagos\/el-arte-de-narrar-cuentos-cientificos-llega-a-zonas-lejanas-de-la-region-de-los-lagos\/","name":"El arte de narrar cuentos cient\u00edficos llega a zonas lejanas de la Regi\u00f3n de Los Lagos - Los Lagos","isPartOf":{"@id":"https:\/\/explora.cl\/lagos\/#website"},"primaryImageOfPage":{"@id":"https:\/\/explora.cl\/lagos\/el-arte-de-narrar-cuentos-cientificos-llega-a-zonas-lejanas-de-la-region-de-los-lagos\/#primaryimage"},"image":{"@id":"https:\/\/explora.cl\/lagos\/el-arte-de-narrar-cuentos-cientificos-llega-a-zonas-lejanas-de-la-region-de-los-lagos\/#primaryimage"},"thumbnailUrl":"https:\/\/explora.cl\/lagos\/wp-content\/uploads\/sites\/17\/2020\/11\/Cuenta-Cuentos-2.jpg","datePublished":"2020-11-14T12:18:15+00:00","dateModified":"2020-12-07T12:48:27+00:00","author":{"@id":"https:\/\/explora.cl\/lagos\/#\/schema\/person\/6608d3ee9ea0b0daeaf12289528fc582"},"breadcrumb":{"@id":"https:\/\/explora.cl\/lagos\/el-arte-de-narrar-cuentos-cientificos-llega-a-zonas-lejanas-de-la-region-de-los-lagos\/#breadcrumb"},"inLanguage":"es","potentialAction":[{"@type":"ReadAction","target":["https:\/\/explora.cl\/lagos\/el-arte-de-narrar-cuentos-cientificos-llega-a-zonas-lejanas-de-la-region-de-los-lagos\/"]}]},{"@type":"ImageObject","inLanguage":"es","@id":"https:\/\/explora.cl\/lagos\/el-arte-de-narrar-cuentos-cientificos-llega-a-zonas-lejanas-de-la-region-de-los-lagos\/#primaryimage","url":"https:\/\/explora.cl\/lagos\/wp-content\/uploads\/sites\/17\/2020\/11\/Cuenta-Cuentos-2.jpg","contentUrl":"https:\/\/explora.cl\/lagos\/wp-content\/uploads\/sites\/17\/2020\/11\/Cuenta-Cuentos-2.jpg","width":1351,"height":581},{"@type":"BreadcrumbList","@id":"https:\/\/explora.cl\/lagos\/el-arte-de-narrar-cuentos-cientificos-llega-a-zonas-lejanas-de-la-region-de-los-lagos\/#breadcrumb","itemListElement":[{"@type":"ListItem","position":1,"name":"Portada","item":"https:\/\/explora.cl\/lagos\/"},{"@type":"ListItem","position":2,"name":"El arte de narrar cuentos cient\u00edficos llega a zonas lejanas de la Regi\u00f3n de Los Lagos"}]},{"@type":"WebSite","@id":"https:\/\/explora.cl\/lagos\/#website","url":"https:\/\/explora.cl\/lagos\/","name":"Los Lagos","description":"Otro sitio m\u00e1s de explora.cl","potentialAction":[{"@type":"SearchAction","target":{"@type":"EntryPoint","urlTemplate":"https:\/\/explora.cl\/lagos\/?s={search_term_string}"},"query-input":{"@type":"PropertyValueSpecification","valueRequired":true,"valueName":"search_term_string"}}],"inLanguage":"es"},{"@type":"Person","@id":"https:\/\/explora.cl\/lagos\/#\/schema\/person\/6608d3ee9ea0b0daeaf12289528fc582","name":"jvargas","image":{"@type":"ImageObject","inLanguage":"es","@id":"https:\/\/explora.cl\/lagos\/#\/schema\/person\/image\/","url":"https:\/\/secure.gravatar.com\/avatar\/8a6892fbfb002ef173a244b534b4bbcea4c183fc3fbf7732e64ac89b1d22d482?s=96&d=mm&r=g","contentUrl":"https:\/\/secure.gravatar.com\/avatar\/8a6892fbfb002ef173a244b534b4bbcea4c183fc3fbf7732e64ac89b1d22d482?s=96&d=mm&r=g","caption":"jvargas"},"url":"https:\/\/explora.cl\/lagos\/author\/jvargas\/"}]}},"_links":{"self":[{"href":"https:\/\/explora.cl\/lagos\/wp-json\/wp\/v2\/posts\/39665","targetHints":{"allow":["GET"]}}],"collection":[{"href":"https:\/\/explora.cl\/lagos\/wp-json\/wp\/v2\/posts"}],"about":[{"href":"https:\/\/explora.cl\/lagos\/wp-json\/wp\/v2\/types\/post"}],"author":[{"embeddable":true,"href":"https:\/\/explora.cl\/lagos\/wp-json\/wp\/v2\/users\/36"}],"replies":[{"embeddable":true,"href":"https:\/\/explora.cl\/lagos\/wp-json\/wp\/v2\/comments?post=39665"}],"version-history":[{"count":7,"href":"https:\/\/explora.cl\/lagos\/wp-json\/wp\/v2\/posts\/39665\/revisions"}],"predecessor-version":[{"id":39675,"href":"https:\/\/explora.cl\/lagos\/wp-json\/wp\/v2\/posts\/39665\/revisions\/39675"}],"wp:featuredmedia":[{"embeddable":true,"href":"https:\/\/explora.cl\/lagos\/wp-json\/wp\/v2\/media\/39672"}],"wp:attachment":[{"href":"https:\/\/explora.cl\/lagos\/wp-json\/wp\/v2\/media?parent=39665"}],"wp:term":[{"taxonomy":"category","embeddable":true,"href":"https:\/\/explora.cl\/lagos\/wp-json\/wp\/v2\/categories?post=39665"},{"taxonomy":"post_tag","embeddable":true,"href":"https:\/\/explora.cl\/lagos\/wp-json\/wp\/v2\/tags?post=39665"}],"curies":[{"name":"wp","href":"https:\/\/api.w.org\/{rel}","templated":true}]}}