{"id":39650,"date":"2020-11-13T08:52:15","date_gmt":"2020-11-13T11:52:15","guid":{"rendered":"https:\/\/explora.cl\/lagos\/?p=39650"},"modified":"2020-12-07T09:47:41","modified_gmt":"2020-12-07T12:47:41","slug":"mas-de-treinta-actividades-virtuales-se-desarrollan-en-el-festival-de-la-ciencia-los-lagos-2020","status":"publish","type":"post","link":"https:\/\/explora.cl\/lagos\/mas-de-treinta-actividades-virtuales-se-desarrollan-en-el-festival-de-la-ciencia-los-lagos-2020\/","title":{"rendered":"M\u00e1s de treinta actividades virtuales se desarrollan en el Festival de la Ciencia Los Lagos 2020"},"content":{"rendered":"<p><em>Las actividades se visualizan en la p\u00e1gina del Festival <a href=\"http:\/\/exploraloslagos.uach.cl\/\">exploraloslagos.uach.cl<\/a> y las inscripciones tambi\u00e9n se realizan en la misma plataforma. Revive el lanzamiento Regional del Festival <a href=\"https:\/\/www.facebook.com\/PARExploraLagos\/videos\/282831323055901\">AQU\u00cd<\/a><\/em><\/p>\n<p>Con la mejor creatividad y m\u00fasica del sur de Chile, inici\u00f3 este mi\u00e9rcoles la primer jornada\u00a0 del Festival de la Ciencia\u00a0 Los Lagos, organizado por el Proyecto Asociativo Regional PAR Explora Los Lagos del Ministerio de Ciencia Tecnolog\u00eda, Conocimiento e Innovaci\u00f3n ejecutado por la Universidad Austral de Chile Sede Puerto Montt, en el cual participan m\u00e1s de 20 instituciones.<\/p>\n<p><strong>El Conversatorio \u00abArte, patrimonio y ciencia\u00bb<\/strong>, acompa\u00f1ado de m\u00fasica tradicional chilota y el <strong>estreno de la Obra Teatral \u00abLa Minga de Pedro\u00bb<\/strong> a cargo de la destacada compa\u00f1\u00eda \u00abLa Familia Pez\u00bb de Ancud fue la actividad que abri\u00f3 los fuegos de la iniciativa, donde participaron autoridades y representantes de instituciones colaboradoras y comunidad general.<\/p>\n<p>Durante la jornada, tambi\u00e9n iniciaron los recorridos virtuales <strong>Laboratorios y Museos Abiertos<\/strong> de 11 instituciones de la Regi\u00f3n de Los Lagos, los cuales est\u00e1n disponibles hasta el domingo 15 de noviembre en la p\u00e1gina del Festival <a href=\"http:\/\/exploraloslagos.uach.cl\/recorridos-virtuales\/\">exploraloslagos.uach.cl\u00a0<\/a><\/p>\n<p>En la inauguraci\u00f3n, estuvo presente Claudia Zil, directora acad\u00e9mica de la Sede Puerto Montt de la Universidad Austral de Chile, en representaci\u00f3n de la Vicerrectora Dra. Daniela Vera Bachmann, quien destac\u00f3 que \u00abeste a\u00f1o ha sido dif\u00edcil y no se ha podido realizar encuentros presenciales, pero eso no ha limitado el desarrollo de actividades virtuales en la que el equipo Explora ha colocado un gran esfuerzo y dedicaci\u00f3n. Este festival de la ciencia que se vive de manera distinta, es una de las m\u00e1s grandes actividades que promueven y motivan el gusto por la ciencia, la tecnolog\u00eda, el conocimiento y la innovaci\u00f3n por lo que felicito al equipo Explora por la organizaci\u00f3n de las actividades que se llevan a cabo estos d\u00edas y agradezco a todas las entidades que colaboran. Espero que los asistentes puedan disfrutar de cada una de las actividades que han sido preparadas con mucho cari\u00f1o y esfuerzo\u00bb.<\/p>\n<p>Rosana Fa\u00fandez, directora del Museo Interactivo de Osorno, que este a\u00f1o participa en el Festival con un recorrido virtual por el Museo, expres\u00f3 que, \u00aben representaci\u00f3n de la Ilustre Municipalidad de Osorno, agradecemos que exista esta instancia de articulaci\u00f3n c0n muchas personas y hemos podido sumarnos a la programaci\u00f3n donde hay un trabajo riguroso y muy grande detr\u00e1s del festival. Para nosotros como instituci\u00f3n de la ciencias, el estar compartiendo con ustedes es muy motivador porque nos hace plantearnos mucho m\u00e1s una gesti\u00f3n a futuro, considerando tambi\u00e9n que hoy d\u00eda lo tiempos han cambiado, en cuanto a lo que es la apreciaci\u00f3n del p\u00fablico y en relaci\u00f3n a lo que es participativo y presencial. No hemos dado cuenta que perfectamente podemos trabajar, sumarnos, articular, conocer y aprender a trav\u00e9s de estos nuevos formatos que nos permite la tecnolog\u00eda\u00bb.<\/p>\n<p>Por su parte, Gabriela Navarro, directora del Proyecto Explora Los Lagos UACh, asever\u00f3 que \u00abes una invitaci\u00f3n para conectarnos con la ciencia y empoderar a la ciudadan\u00eda sobre la cultura cient\u00edfica a trav\u00e9s del arte. Se ha puesto sobre la mesa el patrimonio natural y cultural que existe en nuestra regi\u00f3n y tambi\u00e9n hemos conversado sobre de qu\u00e9 manera podemos lograr tocar la fibra de las personas para poder generar un pensamiento cr\u00edtico y reflexivo en torno a nuestros territorios y ambientes\u00bb<\/p>\n<p>M\u00faltiples actividades son las que se est\u00e1n desarrollando en formato virtual hasta el domingo 15 de noviembre.\u00a0 El jueves, Chachay un anciano t\u00edtere invit\u00f3 a ni\u00f1as y ni\u00f1os a la aventura de un viaje on\u00edrico para liberar el agua a trav\u00e9s de la obra \u00abLos vientos del Pill\u00e1n\u00bb, <span data-contrast=\"none\">historia inspira<\/span><span data-contrast=\"none\">da en relatos propios de la cultura mapuche huilliche, creada por la Compa\u00f1\u00eda de Teatro La Abuela Poroto.\u00a0<\/span><\/p>\n<p>Adem\u00e1s fue la jornada del estreno audiovisual y transmisi\u00f3n de cuenta cuentos en radios de la regi\u00f3n\u00a0 y la p\u00e1gina del festival sobre biodiversidad natural y cultural del sur de Chile, escritos y adaptados por Aranzu Abarao, piscopedagoga y mediadora de lectura de Chilo\u00e9.<\/p>\n<p>Hoy viernes a las 15:00 hrs. <span data-contrast=\"none\">se realizar\u00e1 la \u201cMuestra Audiovisuales Cient\u00edficos\u201d y el Conversatorio sobre el proceso creativo del audio<\/span><span data-contrast=\"none\">visual junto a la Escuela Audiovisual y Fotogr\u00e1fica\u00a0<\/span><span data-contrast=\"none\">Trasfoco<\/span><span data-contrast=\"none\"> que nos transportar\u00e1 al mundo de la comunicaci\u00f3n de las ciencias. La transmisi\u00f3n se realizar\u00e1 a trav\u00e9s del Canal de Youtube del PAR Explora Los Lagos.<\/span><\/p>\n<p>El s\u00e1bado 14 de noviembre a las 17:00 hrs\u00a0 ser\u00e1 <span data-contrast=\"none\">el estreno del Festival Colaborativo de M\u00fasica, en el cual j\u00f3venes m\u00fasicos y bandas emergentes mostrar\u00e1n sus obras musicales en formato online. Este evento se organiz\u00f3 junto a<\/span><span data-contrast=\"none\">\u00a0la Escu<\/span>ela Colaborativa de Producci\u00f3n Musical Sur Balmaceda Arte Joven Los Lagos. Se podr\u00e1 participar en la Fanpage <a href=\"https:\/\/www.facebook.com\/PARExploraLagos\">@PARExploraLagos<\/a> y <a href=\"https:\/\/www.facebook.com\/balmacedartejoven\">@balmacedaartejoven\u00a0<\/a><\/p>\n<p>El domingo 15 de noviembre a las 12:00 hrs cierra el Festival de la Ciencia Los Lagos con el Conversatorio \u00abDesde la ciencias al mundo de los t\u00edteres\u00bb y se realizar\u00e1 unas <span data-contrast=\"none\">\u201cMuestras de Teatro Miniatura Lambe Lambe\u201d elaboradas por las familias de la Regi\u00f3n de Los Lagos que participaron en el taller de octubre con la Compa\u00f1\u00eda Lambe Nativa.\u00a0 La actividad tienen previa inscripci\u00f3n en exploraloslagos.uach.cl\u00a0<\/span><\/p>\n<p>&nbsp;<\/p>\n","protected":false},"excerpt":{"rendered":"<p>S\u00famate al Festival de la Ciencia Los Lagos 2020 en exploraloslagos.uach. <\/p>\n","protected":false},"author":36,"featured_media":39655,"comment_status":"open","ping_status":"open","sticky":false,"template":"","format":"standard","meta":{"_acf_changed":false,"_exactmetrics_skip_tracking":false,"_exactmetrics_sitenote_active":false,"_exactmetrics_sitenote_note":"","_exactmetrics_sitenote_category":0,"footnotes":"","_links_to":"","_links_to_target":""},"categories":[4,1],"tags":[360],"class_list":["post-39650","post","type-post","status-publish","format-standard","has-post-thumbnail","hentry","category-noticias","category-sin-categoria","tag-feci2020"],"acf":[],"yoast_head":"<!-- This site is optimized with the Yoast SEO plugin v26.9 - https:\/\/yoast.com\/product\/yoast-seo-wordpress\/ -->\n<title>M\u00e1s de treinta actividades virtuales se desarrollan en el Festival de la Ciencia Los Lagos 2020 - Los Lagos<\/title>\n<meta name=\"robots\" content=\"index, follow, max-snippet:-1, max-image-preview:large, max-video-preview:-1\" \/>\n<link rel=\"canonical\" href=\"https:\/\/explora.cl\/lagos\/mas-de-treinta-actividades-virtuales-se-desarrollan-en-el-festival-de-la-ciencia-los-lagos-2020\/\" class=\"yoast-seo-meta-tag\" \/>\n<meta property=\"og:locale\" content=\"es_ES\" class=\"yoast-seo-meta-tag\" \/>\n<meta property=\"og:type\" content=\"article\" class=\"yoast-seo-meta-tag\" \/>\n<meta property=\"og:title\" content=\"M\u00e1s de treinta actividades virtuales se desarrollan en el Festival de la Ciencia Los Lagos 2020 - Los Lagos\" class=\"yoast-seo-meta-tag\" \/>\n<meta property=\"og:description\" content=\"S\u00famate al Festival de la Ciencia Los Lagos 2020 en exploraloslagos.uach.\" class=\"yoast-seo-meta-tag\" \/>\n<meta property=\"og:url\" content=\"https:\/\/explora.cl\/lagos\/mas-de-treinta-actividades-virtuales-se-desarrollan-en-el-festival-de-la-ciencia-los-lagos-2020\/\" class=\"yoast-seo-meta-tag\" \/>\n<meta property=\"og:site_name\" content=\"Los Lagos\" class=\"yoast-seo-meta-tag\" \/>\n<meta property=\"article:published_time\" content=\"2020-11-13T11:52:15+00:00\" class=\"yoast-seo-meta-tag\" \/>\n<meta property=\"article:modified_time\" content=\"2020-12-07T12:47:41+00:00\" class=\"yoast-seo-meta-tag\" \/>\n<meta property=\"og:image\" content=\"https:\/\/explora.cl\/lagos\/wp-content\/uploads\/sites\/17\/2020\/11\/Lanzamiento-FECI-2020.jpg\" class=\"yoast-seo-meta-tag\" \/>\n\t<meta property=\"og:image:width\" content=\"1363\" class=\"yoast-seo-meta-tag\" \/>\n\t<meta property=\"og:image:height\" content=\"671\" class=\"yoast-seo-meta-tag\" \/>\n\t<meta property=\"og:image:type\" content=\"image\/jpeg\" class=\"yoast-seo-meta-tag\" \/>\n<meta name=\"author\" content=\"jvargas\" class=\"yoast-seo-meta-tag\" \/>\n<meta name=\"twitter:card\" content=\"summary_large_image\" class=\"yoast-seo-meta-tag\" \/>\n<meta name=\"twitter:label1\" content=\"Escrito por\" class=\"yoast-seo-meta-tag\" \/>\n\t<meta name=\"twitter:data1\" content=\"jvargas\" class=\"yoast-seo-meta-tag\" \/>\n\t<meta name=\"twitter:label2\" content=\"Tiempo de lectura\" class=\"yoast-seo-meta-tag\" \/>\n\t<meta name=\"twitter:data2\" content=\"5 minutos\" class=\"yoast-seo-meta-tag\" \/>\n<script type=\"application\/ld+json\" class=\"yoast-schema-graph\">{\"@context\":\"https:\/\/schema.org\",\"@graph\":[{\"@type\":\"Article\",\"@id\":\"https:\/\/explora.cl\/lagos\/mas-de-treinta-actividades-virtuales-se-desarrollan-en-el-festival-de-la-ciencia-los-lagos-2020\/#article\",\"isPartOf\":{\"@id\":\"https:\/\/explora.cl\/lagos\/mas-de-treinta-actividades-virtuales-se-desarrollan-en-el-festival-de-la-ciencia-los-lagos-2020\/\"},\"author\":{\"name\":\"jvargas\",\"@id\":\"https:\/\/explora.cl\/lagos\/#\/schema\/person\/6608d3ee9ea0b0daeaf12289528fc582\"},\"headline\":\"M\u00e1s de treinta actividades virtuales se desarrollan en el Festival de la Ciencia Los Lagos 2020\",\"datePublished\":\"2020-11-13T11:52:15+00:00\",\"dateModified\":\"2020-12-07T12:47:41+00:00\",\"mainEntityOfPage\":{\"@id\":\"https:\/\/explora.cl\/lagos\/mas-de-treinta-actividades-virtuales-se-desarrollan-en-el-festival-de-la-ciencia-los-lagos-2020\/\"},\"wordCount\":934,\"commentCount\":0,\"image\":{\"@id\":\"https:\/\/explora.cl\/lagos\/mas-de-treinta-actividades-virtuales-se-desarrollan-en-el-festival-de-la-ciencia-los-lagos-2020\/#primaryimage\"},\"thumbnailUrl\":\"https:\/\/explora.cl\/lagos\/wp-content\/uploads\/sites\/17\/2020\/11\/Lanzamiento-FECI-2020.jpg\",\"keywords\":[\"Feci2020\"],\"articleSection\":[\"Noticias\"],\"inLanguage\":\"es\",\"potentialAction\":[{\"@type\":\"CommentAction\",\"name\":\"Comment\",\"target\":[\"https:\/\/explora.cl\/lagos\/mas-de-treinta-actividades-virtuales-se-desarrollan-en-el-festival-de-la-ciencia-los-lagos-2020\/#respond\"]}]},{\"@type\":\"WebPage\",\"@id\":\"https:\/\/explora.cl\/lagos\/mas-de-treinta-actividades-virtuales-se-desarrollan-en-el-festival-de-la-ciencia-los-lagos-2020\/\",\"url\":\"https:\/\/explora.cl\/lagos\/mas-de-treinta-actividades-virtuales-se-desarrollan-en-el-festival-de-la-ciencia-los-lagos-2020\/\",\"name\":\"M\u00e1s de treinta actividades virtuales se desarrollan en el Festival de la Ciencia Los Lagos 2020 - Los Lagos\",\"isPartOf\":{\"@id\":\"https:\/\/explora.cl\/lagos\/#website\"},\"primaryImageOfPage\":{\"@id\":\"https:\/\/explora.cl\/lagos\/mas-de-treinta-actividades-virtuales-se-desarrollan-en-el-festival-de-la-ciencia-los-lagos-2020\/#primaryimage\"},\"image\":{\"@id\":\"https:\/\/explora.cl\/lagos\/mas-de-treinta-actividades-virtuales-se-desarrollan-en-el-festival-de-la-ciencia-los-lagos-2020\/#primaryimage\"},\"thumbnailUrl\":\"https:\/\/explora.cl\/lagos\/wp-content\/uploads\/sites\/17\/2020\/11\/Lanzamiento-FECI-2020.jpg\",\"datePublished\":\"2020-11-13T11:52:15+00:00\",\"dateModified\":\"2020-12-07T12:47:41+00:00\",\"author\":{\"@id\":\"https:\/\/explora.cl\/lagos\/#\/schema\/person\/6608d3ee9ea0b0daeaf12289528fc582\"},\"breadcrumb\":{\"@id\":\"https:\/\/explora.cl\/lagos\/mas-de-treinta-actividades-virtuales-se-desarrollan-en-el-festival-de-la-ciencia-los-lagos-2020\/#breadcrumb\"},\"inLanguage\":\"es\",\"potentialAction\":[{\"@type\":\"ReadAction\",\"target\":[\"https:\/\/explora.cl\/lagos\/mas-de-treinta-actividades-virtuales-se-desarrollan-en-el-festival-de-la-ciencia-los-lagos-2020\/\"]}]},{\"@type\":\"ImageObject\",\"inLanguage\":\"es\",\"@id\":\"https:\/\/explora.cl\/lagos\/mas-de-treinta-actividades-virtuales-se-desarrollan-en-el-festival-de-la-ciencia-los-lagos-2020\/#primaryimage\",\"url\":\"https:\/\/explora.cl\/lagos\/wp-content\/uploads\/sites\/17\/2020\/11\/Lanzamiento-FECI-2020.jpg\",\"contentUrl\":\"https:\/\/explora.cl\/lagos\/wp-content\/uploads\/sites\/17\/2020\/11\/Lanzamiento-FECI-2020.jpg\",\"width\":1363,\"height\":671},{\"@type\":\"BreadcrumbList\",\"@id\":\"https:\/\/explora.cl\/lagos\/mas-de-treinta-actividades-virtuales-se-desarrollan-en-el-festival-de-la-ciencia-los-lagos-2020\/#breadcrumb\",\"itemListElement\":[{\"@type\":\"ListItem\",\"position\":1,\"name\":\"Portada\",\"item\":\"https:\/\/explora.cl\/lagos\/\"},{\"@type\":\"ListItem\",\"position\":2,\"name\":\"M\u00e1s de treinta actividades virtuales se desarrollan en el Festival de la Ciencia Los Lagos 2020\"}]},{\"@type\":\"WebSite\",\"@id\":\"https:\/\/explora.cl\/lagos\/#website\",\"url\":\"https:\/\/explora.cl\/lagos\/\",\"name\":\"Los Lagos\",\"description\":\"Otro sitio m\u00e1s de explora.cl\",\"potentialAction\":[{\"@type\":\"SearchAction\",\"target\":{\"@type\":\"EntryPoint\",\"urlTemplate\":\"https:\/\/explora.cl\/lagos\/?s={search_term_string}\"},\"query-input\":{\"@type\":\"PropertyValueSpecification\",\"valueRequired\":true,\"valueName\":\"search_term_string\"}}],\"inLanguage\":\"es\"},{\"@type\":\"Person\",\"@id\":\"https:\/\/explora.cl\/lagos\/#\/schema\/person\/6608d3ee9ea0b0daeaf12289528fc582\",\"name\":\"jvargas\",\"image\":{\"@type\":\"ImageObject\",\"inLanguage\":\"es\",\"@id\":\"https:\/\/explora.cl\/lagos\/#\/schema\/person\/image\/\",\"url\":\"https:\/\/secure.gravatar.com\/avatar\/8a6892fbfb002ef173a244b534b4bbcea4c183fc3fbf7732e64ac89b1d22d482?s=96&d=mm&r=g\",\"contentUrl\":\"https:\/\/secure.gravatar.com\/avatar\/8a6892fbfb002ef173a244b534b4bbcea4c183fc3fbf7732e64ac89b1d22d482?s=96&d=mm&r=g\",\"caption\":\"jvargas\"},\"url\":\"https:\/\/explora.cl\/lagos\/author\/jvargas\/\"}]}<\/script>\n<!-- \/ Yoast SEO plugin. -->","yoast_head_json":{"title":"M\u00e1s de treinta actividades virtuales se desarrollan en el Festival de la Ciencia Los Lagos 2020 - Los Lagos","robots":{"index":"index","follow":"follow","max-snippet":"max-snippet:-1","max-image-preview":"max-image-preview:large","max-video-preview":"max-video-preview:-1"},"canonical":"https:\/\/explora.cl\/lagos\/mas-de-treinta-actividades-virtuales-se-desarrollan-en-el-festival-de-la-ciencia-los-lagos-2020\/","og_locale":"es_ES","og_type":"article","og_title":"M\u00e1s de treinta actividades virtuales se desarrollan en el Festival de la Ciencia Los Lagos 2020 - Los Lagos","og_description":"S\u00famate al Festival de la Ciencia Los Lagos 2020 en exploraloslagos.uach.","og_url":"https:\/\/explora.cl\/lagos\/mas-de-treinta-actividades-virtuales-se-desarrollan-en-el-festival-de-la-ciencia-los-lagos-2020\/","og_site_name":"Los Lagos","article_published_time":"2020-11-13T11:52:15+00:00","article_modified_time":"2020-12-07T12:47:41+00:00","og_image":[{"width":1363,"height":671,"url":"https:\/\/explora.cl\/lagos\/wp-content\/uploads\/sites\/17\/2020\/11\/Lanzamiento-FECI-2020.jpg","type":"image\/jpeg"}],"author":"jvargas","twitter_card":"summary_large_image","twitter_misc":{"Escrito por":"jvargas","Tiempo de lectura":"5 minutos"},"schema":{"@context":"https:\/\/schema.org","@graph":[{"@type":"Article","@id":"https:\/\/explora.cl\/lagos\/mas-de-treinta-actividades-virtuales-se-desarrollan-en-el-festival-de-la-ciencia-los-lagos-2020\/#article","isPartOf":{"@id":"https:\/\/explora.cl\/lagos\/mas-de-treinta-actividades-virtuales-se-desarrollan-en-el-festival-de-la-ciencia-los-lagos-2020\/"},"author":{"name":"jvargas","@id":"https:\/\/explora.cl\/lagos\/#\/schema\/person\/6608d3ee9ea0b0daeaf12289528fc582"},"headline":"M\u00e1s de treinta actividades virtuales se desarrollan en el Festival de la Ciencia Los Lagos 2020","datePublished":"2020-11-13T11:52:15+00:00","dateModified":"2020-12-07T12:47:41+00:00","mainEntityOfPage":{"@id":"https:\/\/explora.cl\/lagos\/mas-de-treinta-actividades-virtuales-se-desarrollan-en-el-festival-de-la-ciencia-los-lagos-2020\/"},"wordCount":934,"commentCount":0,"image":{"@id":"https:\/\/explora.cl\/lagos\/mas-de-treinta-actividades-virtuales-se-desarrollan-en-el-festival-de-la-ciencia-los-lagos-2020\/#primaryimage"},"thumbnailUrl":"https:\/\/explora.cl\/lagos\/wp-content\/uploads\/sites\/17\/2020\/11\/Lanzamiento-FECI-2020.jpg","keywords":["Feci2020"],"articleSection":["Noticias"],"inLanguage":"es","potentialAction":[{"@type":"CommentAction","name":"Comment","target":["https:\/\/explora.cl\/lagos\/mas-de-treinta-actividades-virtuales-se-desarrollan-en-el-festival-de-la-ciencia-los-lagos-2020\/#respond"]}]},{"@type":"WebPage","@id":"https:\/\/explora.cl\/lagos\/mas-de-treinta-actividades-virtuales-se-desarrollan-en-el-festival-de-la-ciencia-los-lagos-2020\/","url":"https:\/\/explora.cl\/lagos\/mas-de-treinta-actividades-virtuales-se-desarrollan-en-el-festival-de-la-ciencia-los-lagos-2020\/","name":"M\u00e1s de treinta actividades virtuales se desarrollan en el Festival de la Ciencia Los Lagos 2020 - Los Lagos","isPartOf":{"@id":"https:\/\/explora.cl\/lagos\/#website"},"primaryImageOfPage":{"@id":"https:\/\/explora.cl\/lagos\/mas-de-treinta-actividades-virtuales-se-desarrollan-en-el-festival-de-la-ciencia-los-lagos-2020\/#primaryimage"},"image":{"@id":"https:\/\/explora.cl\/lagos\/mas-de-treinta-actividades-virtuales-se-desarrollan-en-el-festival-de-la-ciencia-los-lagos-2020\/#primaryimage"},"thumbnailUrl":"https:\/\/explora.cl\/lagos\/wp-content\/uploads\/sites\/17\/2020\/11\/Lanzamiento-FECI-2020.jpg","datePublished":"2020-11-13T11:52:15+00:00","dateModified":"2020-12-07T12:47:41+00:00","author":{"@id":"https:\/\/explora.cl\/lagos\/#\/schema\/person\/6608d3ee9ea0b0daeaf12289528fc582"},"breadcrumb":{"@id":"https:\/\/explora.cl\/lagos\/mas-de-treinta-actividades-virtuales-se-desarrollan-en-el-festival-de-la-ciencia-los-lagos-2020\/#breadcrumb"},"inLanguage":"es","potentialAction":[{"@type":"ReadAction","target":["https:\/\/explora.cl\/lagos\/mas-de-treinta-actividades-virtuales-se-desarrollan-en-el-festival-de-la-ciencia-los-lagos-2020\/"]}]},{"@type":"ImageObject","inLanguage":"es","@id":"https:\/\/explora.cl\/lagos\/mas-de-treinta-actividades-virtuales-se-desarrollan-en-el-festival-de-la-ciencia-los-lagos-2020\/#primaryimage","url":"https:\/\/explora.cl\/lagos\/wp-content\/uploads\/sites\/17\/2020\/11\/Lanzamiento-FECI-2020.jpg","contentUrl":"https:\/\/explora.cl\/lagos\/wp-content\/uploads\/sites\/17\/2020\/11\/Lanzamiento-FECI-2020.jpg","width":1363,"height":671},{"@type":"BreadcrumbList","@id":"https:\/\/explora.cl\/lagos\/mas-de-treinta-actividades-virtuales-se-desarrollan-en-el-festival-de-la-ciencia-los-lagos-2020\/#breadcrumb","itemListElement":[{"@type":"ListItem","position":1,"name":"Portada","item":"https:\/\/explora.cl\/lagos\/"},{"@type":"ListItem","position":2,"name":"M\u00e1s de treinta actividades virtuales se desarrollan en el Festival de la Ciencia Los Lagos 2020"}]},{"@type":"WebSite","@id":"https:\/\/explora.cl\/lagos\/#website","url":"https:\/\/explora.cl\/lagos\/","name":"Los Lagos","description":"Otro sitio m\u00e1s de explora.cl","potentialAction":[{"@type":"SearchAction","target":{"@type":"EntryPoint","urlTemplate":"https:\/\/explora.cl\/lagos\/?s={search_term_string}"},"query-input":{"@type":"PropertyValueSpecification","valueRequired":true,"valueName":"search_term_string"}}],"inLanguage":"es"},{"@type":"Person","@id":"https:\/\/explora.cl\/lagos\/#\/schema\/person\/6608d3ee9ea0b0daeaf12289528fc582","name":"jvargas","image":{"@type":"ImageObject","inLanguage":"es","@id":"https:\/\/explora.cl\/lagos\/#\/schema\/person\/image\/","url":"https:\/\/secure.gravatar.com\/avatar\/8a6892fbfb002ef173a244b534b4bbcea4c183fc3fbf7732e64ac89b1d22d482?s=96&d=mm&r=g","contentUrl":"https:\/\/secure.gravatar.com\/avatar\/8a6892fbfb002ef173a244b534b4bbcea4c183fc3fbf7732e64ac89b1d22d482?s=96&d=mm&r=g","caption":"jvargas"},"url":"https:\/\/explora.cl\/lagos\/author\/jvargas\/"}]}},"_links":{"self":[{"href":"https:\/\/explora.cl\/lagos\/wp-json\/wp\/v2\/posts\/39650","targetHints":{"allow":["GET"]}}],"collection":[{"href":"https:\/\/explora.cl\/lagos\/wp-json\/wp\/v2\/posts"}],"about":[{"href":"https:\/\/explora.cl\/lagos\/wp-json\/wp\/v2\/types\/post"}],"author":[{"embeddable":true,"href":"https:\/\/explora.cl\/lagos\/wp-json\/wp\/v2\/users\/36"}],"replies":[{"embeddable":true,"href":"https:\/\/explora.cl\/lagos\/wp-json\/wp\/v2\/comments?post=39650"}],"version-history":[{"count":7,"href":"https:\/\/explora.cl\/lagos\/wp-json\/wp\/v2\/posts\/39650\/revisions"}],"predecessor-version":[{"id":39659,"href":"https:\/\/explora.cl\/lagos\/wp-json\/wp\/v2\/posts\/39650\/revisions\/39659"}],"wp:featuredmedia":[{"embeddable":true,"href":"https:\/\/explora.cl\/lagos\/wp-json\/wp\/v2\/media\/39655"}],"wp:attachment":[{"href":"https:\/\/explora.cl\/lagos\/wp-json\/wp\/v2\/media?parent=39650"}],"wp:term":[{"taxonomy":"category","embeddable":true,"href":"https:\/\/explora.cl\/lagos\/wp-json\/wp\/v2\/categories?post=39650"},{"taxonomy":"post_tag","embeddable":true,"href":"https:\/\/explora.cl\/lagos\/wp-json\/wp\/v2\/tags?post=39650"}],"curies":[{"name":"wp","href":"https:\/\/api.w.org\/{rel}","templated":true}]}}