{"id":39620,"date":"2020-11-08T14:27:19","date_gmt":"2020-11-08T17:27:19","guid":{"rendered":"https:\/\/explora.cl\/lagos\/?p=39620"},"modified":"2020-11-26T18:09:52","modified_gmt":"2020-11-26T21:09:52","slug":"festival-de-la-ciencia-los-lagos-2020-se-celebrara-con-nutrido-programa-de-actividades-virtuales-para-toda-la-familia","status":"publish","type":"post","link":"https:\/\/explora.cl\/lagos\/festival-de-la-ciencia-los-lagos-2020-se-celebrara-con-nutrido-programa-de-actividades-virtuales-para-toda-la-familia\/","title":{"rendered":"Para toda la familia: Festival de la Ciencia Los Lagos 2020 se celebrar\u00e1 con nutrido programa de actividades virtuales"},"content":{"rendered":"<p><span class=\"TextRun SCXW103775501 BCX0\" lang=\"ES-CL\" xml:lang=\"ES-CL\" data-contrast=\"auto\"><span class=\"NormalTextRun SCXW103775501 BCX0\">Se lanzar\u00e1 la p\u00e1gina\u00a0<\/span><\/span><a class=\"Hyperlink SCXW103775501 BCX0\" href=\"http:\/\/exploraloslagos.uach.cl\/\" target=\"_blank\" rel=\"noreferrer noopener\"><span class=\"TextRun Underlined SCXW103775501 BCX0\" lang=\"ES-CL\" xml:lang=\"ES-CL\" data-contrast=\"none\"><span class=\"NormalTextRun SCXW103775501 BCX0\" data-ccp-charstyle=\"Hyperlink\">exploraloslagos.uach.cl<\/span><\/span><\/a><span class=\"TextRun SCXW103775501 BCX0\" lang=\"ES-CL\" xml:lang=\"ES-CL\" data-contrast=\"auto\"><span class=\"NormalTextRun SCXW103775501 BCX0\">\u00a0<\/span><\/span><span class=\"TextRun SCXW103775501 BCX0\" lang=\"ES-CL\" xml:lang=\"ES-CL\" data-contrast=\"auto\"><span class=\"NormalTextRun SCXW103775501 BCX0\">para la transmisi\u00f3n de la<\/span><\/span><span class=\"TextRun SCXW103775501 BCX0\" lang=\"ES-CL\" xml:lang=\"ES-CL\" data-contrast=\"auto\"><span class=\"NormalTextRun SCXW103775501 BCX0\">s actividades<\/span><\/span><span class=\"TextRun SCXW103775501 BCX0\" lang=\"ES-CL\" xml:lang=\"ES-CL\" data-contrast=\"auto\"><span class=\"NormalTextRun SCXW103775501 BCX0\">\u00a0que\u00a0<\/span><\/span><span class=\"TextRun SCXW103775501 BCX0\" lang=\"ES-CL\" xml:lang=\"ES-CL\" data-contrast=\"auto\"><span class=\"NormalTextRun SCXW103775501 BCX0\">ser\u00e1n abiertas y gratuitas<\/span><\/span><span class=\"TextRun SCXW103775501 BCX0\" lang=\"ES-CL\" xml:lang=\"ES-CL\" data-contrast=\"auto\"><span class=\"NormalTextRun SCXW103775501 BCX0\">\u00a0para toda\u00a0<\/span><\/span><span class=\"TextRun SCXW103775501 BCX0\" lang=\"ES-CL\" xml:lang=\"ES-CL\" data-contrast=\"auto\"><span class=\"NormalTextRun SCXW103775501 BCX0\">la comunidad.\u00a0<\/span><\/span><\/p>\n<p><span data-contrast=\"auto\">Ciencia y arte<\/span><span data-contrast=\"auto\">,\u00a0<\/span><span data-contrast=\"auto\">biodiversidad<\/span><span data-contrast=\"auto\">\u00a0natural<\/span><span data-contrast=\"auto\">\u00a0y patrimonio regional,<\/span><span data-contrast=\"auto\">\u00a0ser\u00e1n<\/span><span data-contrast=\"auto\">\u00a0la<\/span><span data-contrast=\"auto\">\u00a0<\/span><span data-contrast=\"auto\">combinaci\u00f3n perfecta\u00a0<\/span><span data-contrast=\"auto\">que dar\u00e1 vida\u00a0<\/span><span data-contrast=\"auto\">al\u00a0<\/span><span data-contrast=\"auto\">Festival de la Ciencia Los Lagos 2020<\/span><span data-contrast=\"auto\">\u00a0que se celebrar\u00e1 del 11 al 15 de noviembre<\/span><span data-contrast=\"auto\">\u00a0de este a\u00f1o.\u00a0<\/span><span data-ccp-props=\"{&quot;201341983&quot;:0,&quot;335551550&quot;:6,&quot;335551620&quot;:6,&quot;335559739&quot;:160,&quot;335559740&quot;:259}\">\u00a0<\/span><\/p>\n<p><span data-contrast=\"auto\">El Proyecto\u00a0<\/span><span data-contrast=\"auto\">Asociativo Regional<\/span><span data-contrast=\"auto\">\u00a0P<\/span><span data-contrast=\"auto\">AR Explora<\/span><span data-contrast=\"auto\">\u00a0<\/span><span data-contrast=\"auto\">Los Lagos<\/span><span data-contrast=\"auto\">\u00a0del Ministerio de Ciencia, Tecnolog\u00eda, Conocimiento e Innovaci\u00f3n,\u00a0<\/span><span data-contrast=\"auto\">ejecutado por la Universidad Austral de Chile<\/span><span data-contrast=\"auto\">,<\/span><span data-contrast=\"auto\">\u00a0<\/span><span data-contrast=\"auto\">Sede Puerto Montt<\/span><span data-contrast=\"auto\">,\u00a0<\/span><span data-contrast=\"auto\">es el\u00a0<\/span><span data-contrast=\"auto\">organizador de es<\/span><span data-contrast=\"auto\">ta iniciativa a nivel regional que\u00a0<\/span><span data-contrast=\"auto\">este a\u00f1o tiene preparado m\u00faltiples actividades de divulgaci\u00f3n cient\u00edfica para ni\u00f1as, ni\u00f1os, j\u00f3ve<\/span><span data-contrast=\"auto\">nes, adultos y p\u00fablico general<\/span><span data-contrast=\"auto\">\u00a0en un formato virtual<\/span><span data-contrast=\"auto\">\u00a0<\/span><span data-contrast=\"auto\">facilitando la participaci\u00f3n durante la<\/span><span data-contrast=\"auto\">\u00a0<\/span><span data-contrast=\"auto\">contingencia\u00a0<\/span><span data-contrast=\"auto\">sanitaria\u00a0<\/span><span data-contrast=\"auto\">del COVID-19.\u00a0<\/span><span data-contrast=\"auto\">\u00a0<\/span><span data-ccp-props=\"{&quot;201341983&quot;:0,&quot;335551550&quot;:6,&quot;335551620&quot;:6,&quot;335559739&quot;:160,&quot;335559740&quot;:259}\">\u00a0<\/span><\/p>\n<p><span data-contrast=\"auto\">Gabriela Navarro, directora Proyecto Explora Los Lagos UACh,<\/span><span data-contrast=\"auto\">\u00a0manifest\u00f3 que e<\/span><span data-contrast=\"auto\">l Festival<\/span><span data-contrast=\"auto\">\u00a0es uno de los eventos de divulgaci\u00f3n cient\u00edfica m\u00e1s import<\/span><span data-contrast=\"auto\">antes del pa\u00eds y a nivel regional y\u00a0<\/span><span data-contrast=\"auto\">\u201ctiene como finalidad\u00a0<\/span><span data-contrast=\"auto\">celebrar las ciencias, la tecnolog\u00eda, el conocimiento e innovaci\u00f3n (CTCI) para posicionarlas en el imaginario colectivo como parte de la cultura y promover su apropiaci\u00f3n. Para ello,\u00a0<\/span><span data-contrast=\"auto\">esta iniciativa\u00a0<\/span><span data-contrast=\"auto\">convoca a todas las personas e instituciones, p\u00fablicas y privadas, a desarrollar actividades abiertas al p\u00fablico, con el objetivo de celebrar el conocimiento y la cultura cient\u00edfica con toda la sociedad\u201d<\/span><span data-ccp-props=\"{&quot;201341983&quot;:0,&quot;335551550&quot;:6,&quot;335551620&quot;:6,&quot;335559739&quot;:160,&quot;335559740&quot;:259}\">\u00a0<\/span><\/p>\n<p><span data-contrast=\"auto\">Durante 5 d\u00edas, participar\u00e1n m\u00e1s de 20 instituciones p\u00fablicas y privadas de distintas \u00e1reas y medios de comunicaci\u00f3n<\/span><span data-contrast=\"auto\">\u00a0regional y nacional<\/span><span data-contrast=\"auto\">, quienes estar\u00e1n apoyando con diversas actividades\u00a0<\/span><span data-contrast=\"auto\">que\u00a0<\/span><span data-contrast=\"auto\">ser\u00e1n transmitidas a trav\u00e9s de la p\u00e1gina\u00a0<\/span><a href=\"http:\/\/exploraloslagos.uach.cl\/\"><span data-contrast=\"none\">exploraloslagos.uach.cl<\/span><\/a><span data-contrast=\"auto\">,\u00a0<\/span><span data-contrast=\"auto\">la cual\u00a0<\/span><span data-contrast=\"auto\">ser\u00e1 lanzada pr\u00f3ximamente\u00a0<\/span><span data-contrast=\"auto\">con<\/span><span data-contrast=\"auto\">\u00a0toda la\u00a0<\/span><span data-contrast=\"auto\">programaci\u00f3n\u00a0<\/span><span data-contrast=\"auto\">del Festival de la Ciencia Los Lagos 2020. Adem\u00e1s, las actividades ser\u00e1n\u00a0<\/span><span data-contrast=\"auto\">difundidas\u00a0<\/span><span data-contrast=\"auto\">a trav\u00e9s de\u00a0<\/span><span data-contrast=\"auto\">la\u00a0<\/span><span data-contrast=\"auto\">Fanpage<\/span><span data-contrast=\"auto\">\u00a0de Facebook @PARExploraLagos y canal de YouTube\u00a0<\/span><span data-contrast=\"auto\">PAR Explora Los Lagos.\u00a0<\/span><span data-ccp-props=\"{&quot;201341983&quot;:0,&quot;335551550&quot;:6,&quot;335551620&quot;:6,&quot;335559739&quot;:160,&quot;335559740&quot;:259}\">\u00a0<\/span><\/p>\n<p><span data-contrast=\"auto\">El mi\u00e9rcoles 11 de noviembre, se dar\u00e1 el vamos a la iniciativa a nivel\u00a0<\/span><span data-contrast=\"auto\">macrozonal<\/span><span data-contrast=\"auto\">\u00a0junto con la Seremi del Ministerio de Ciencia, Tecnolog\u00eda, Conocimiento e Innovaci\u00f3n de la Macrozona Sur y los Proyectos Explora de la Regi\u00f3n de Los R\u00edos y La Araucan\u00eda y a nivel regional<\/span><span data-contrast=\"auto\">\u00a0a trav\u00e9s de las redes sociales @<\/span><span data-contrast=\"auto\">PARExploraLagos @PARexploraRios<\/span><span data-contrast=\"auto\">\u00a0y<\/span><span data-contrast=\"auto\">\u00a0@exp<\/span><span data-contrast=\"auto\">loralaaraucan\u00eda.\u00a0<\/span><span data-ccp-props=\"{&quot;201341983&quot;:0,&quot;335551550&quot;:6,&quot;335551620&quot;:6,&quot;335559739&quot;:160,&quot;335559740&quot;:259}\">\u00a0<\/span><\/p>\n<p><span data-contrast=\"auto\">El\u00a0<\/span><span data-contrast=\"auto\">mismo d\u00eda, a las 17:00\u00a0<\/span><span data-contrast=\"auto\">hrs<\/span><span data-contrast=\"auto\">.,<\/span><span data-contrast=\"auto\">\u00a0se realizar\u00e1 el lanzamiento regional con\u00a0<\/span><span data-contrast=\"auto\">la obra \u201cLa Minga de Pedro\u201d y e<\/span><span data-contrast=\"auto\">l Conversatorio\u00a0<\/span><span data-contrast=\"auto\">\u201cArte, Patrimonio y Ciencia\u201d a cargo de la\u00a0<\/span><span data-contrast=\"auto\">d<\/span><span data-contrast=\"auto\">estacada Compa\u00f1\u00eda de Teatro \u201cLa Familia Pez\u201d de Ancud. La actividad es abierta y gratuita y\u00a0<\/span><span data-contrast=\"auto\">con previa\u00a0<\/span><span data-contrast=\"auto\">inscripci<\/span><span data-contrast=\"auto\">\u00f3n.\u00a0<\/span><\/p>\n<p><span data-ccp-props=\"{&quot;201341983&quot;:0,&quot;335551550&quot;:6,&quot;335551620&quot;:6,&quot;335559739&quot;:160,&quot;335559740&quot;:259}\">\u00a0<\/span><img fetchpriority=\"high\" decoding=\"async\" class=\"size-full wp-image-39621 aligncenter\" src=\"https:\/\/explora.cl\/lagos\/wp-content\/uploads\/sites\/17\/2020\/11\/AFICHE-PROGRAMACI\u00d3N-FINAL-DE-FINALES.png\" alt=\"\" width=\"600\" height=\"900\" srcset=\"https:\/\/explora.cl\/lagos\/wp-content\/uploads\/sites\/17\/2020\/11\/AFICHE-PROGRAMACI\u00d3N-FINAL-DE-FINALES.png 600w, https:\/\/explora.cl\/lagos\/wp-content\/uploads\/sites\/17\/2020\/11\/AFICHE-PROGRAMACI\u00d3N-FINAL-DE-FINALES-200x300.png 200w, https:\/\/explora.cl\/lagos\/wp-content\/uploads\/sites\/17\/2020\/11\/AFICHE-PROGRAMACI\u00d3N-FINAL-DE-FINALES-320x480.png 320w\" sizes=\"(max-width: 600px) 100vw, 600px\" \/><\/p>\n<p style=\"text-align: center\"><b><span data-contrast=\"auto\">Programaci\u00f3n completa<\/span><\/b><b><span data-contrast=\"auto\">\u00a0FECI Los Lagos 2020<\/span><\/b><span data-ccp-props=\"{&quot;201341983&quot;:0,&quot;335551550&quot;:2,&quot;335551620&quot;:2,&quot;335559739&quot;:160,&quot;335559740&quot;:259}\">\u00a0<\/span><\/p>\n<p><b><span data-contrast=\"none\">El lunes 9 de noviembre,<\/span><\/b><span data-contrast=\"none\">\u00a0como antesala al Festival,\u00a0<\/span><b><span data-contrast=\"none\">se relanzar\u00e1 el Concurso de Dibujo \u201cImagina el mundo que queremos despu\u00e9s del Coronavirus\u201d<\/span><\/b><span data-contrast=\"none\">, donde se invitar\u00e1 a la comunidad a elegir el dibujo que m\u00e1s le gusta de los 30 preseleccionados en el certamen realizado en junio. Las personas podr\u00e1n votar con Me Gustas a trav\u00e9s de la p\u00e1gina de Facebook.<\/span><span data-ccp-props=\"{&quot;201341983&quot;:0,&quot;335551550&quot;:6,&quot;335551620&quot;:6,&quot;335559739&quot;:160,&quot;335559740&quot;:259}\">\u00a0<\/span><\/p>\n<p><b><span data-contrast=\"none\">El mi\u00e9rcoles 11 de noviembre a las 11:00 horas,<\/span><\/b><span data-contrast=\"none\"> se dar\u00e1 el vamos a la iniciativa a nivel\u00a0macrozonal, junto con la Seremi del Ministerio de Ciencia, Tecnolog\u00eda, Conocimiento e Innovaci\u00f3n de la Macrozona Sur y los Proyectos Explora de la Regi\u00f3n de Los R\u00edos y La Araucan\u00eda. En la instancia, se presentar\u00e1 un video elaborado por las tres regiones y adem\u00e1s cada PAR lanzar\u00e1 su parrilla program\u00e1tica a nivel regional.\u00a0<\/span><\/p>\n<p><img decoding=\"async\" class=\"wp-image-39622 alignleft\" src=\"https:\/\/explora.cl\/lagos\/wp-content\/uploads\/sites\/17\/2020\/11\/Apertura-Festival-Los-Lagos-2020.png\" alt=\"\" width=\"309\" height=\"387\" srcset=\"https:\/\/explora.cl\/lagos\/wp-content\/uploads\/sites\/17\/2020\/11\/Apertura-Festival-Los-Lagos-2020.png 1080w, https:\/\/explora.cl\/lagos\/wp-content\/uploads\/sites\/17\/2020\/11\/Apertura-Festival-Los-Lagos-2020-240x300.png 240w, https:\/\/explora.cl\/lagos\/wp-content\/uploads\/sites\/17\/2020\/11\/Apertura-Festival-Los-Lagos-2020-768x960.png 768w, https:\/\/explora.cl\/lagos\/wp-content\/uploads\/sites\/17\/2020\/11\/Apertura-Festival-Los-Lagos-2020-819x1024.png 819w\" sizes=\"(max-width: 309px) 100vw, 309px\" \/><\/p>\n<p><b><span data-contrast=\"none\">El mi\u00e9rcoles 11 de noviembre\u00a0 a partir 17:00 hrs<\/span><\/b><span data-contrast=\"none\">, ser\u00e1 el turno del lanzamiento regional del Festival, a cargo de la destacada Compa\u00f1\u00eda de Teatro \u201cLa Familia Pez\u201d de Ancud, que mostrar\u00e1 el valor de la \u201cMinga\u201d como una tradici\u00f3n y parte fundamental del patrimonio inmaterial del archipi\u00e9lago de Chilo\u00e9 y la Patagonia Chilena, a trav\u00e9s de su obra \u201cLa Minga de Pedro\u201d adaptada a un formato audiovisual.\u00a0<\/span><span data-ccp-props=\"{&quot;201341983&quot;:0,&quot;335551550&quot;:6,&quot;335551620&quot;:6,&quot;335559739&quot;:160,&quot;335559740&quot;:259}\">\u00a0<\/span><\/p>\n<h1 style=\"text-align: center\"><a href=\"https:\/\/forms.gle\/MV3BZd2cjsoRUAQT7\"><strong>INSCRIPCIONES AQU\u00cd\u00a0<\/strong><\/a><\/h1>\n<p>&nbsp;<\/p>\n<p>&nbsp;<\/p>\n<p>&nbsp;<\/p>\n<p>&nbsp;<\/p>\n<p>&nbsp;<\/p>\n<p>&nbsp;<\/p>\n<p><img decoding=\"async\" class=\"wp-image-39623 alignright\" src=\"https:\/\/explora.cl\/lagos\/wp-content\/uploads\/sites\/17\/2020\/11\/Afiche-recorridos-virtuales.png\" alt=\"\" width=\"286\" height=\"358\" srcset=\"https:\/\/explora.cl\/lagos\/wp-content\/uploads\/sites\/17\/2020\/11\/Afiche-recorridos-virtuales.png 1080w, https:\/\/explora.cl\/lagos\/wp-content\/uploads\/sites\/17\/2020\/11\/Afiche-recorridos-virtuales-240x300.png 240w, https:\/\/explora.cl\/lagos\/wp-content\/uploads\/sites\/17\/2020\/11\/Afiche-recorridos-virtuales-768x960.png 768w, https:\/\/explora.cl\/lagos\/wp-content\/uploads\/sites\/17\/2020\/11\/Afiche-recorridos-virtuales-819x1024.png 819w\" sizes=\"(max-width: 286px) 100vw, 286px\" \/><\/p>\n<p><b><span data-contrast=\"none\">El mi\u00e9rcoles 11 de noviembre a partir de las 12:00 horas,<\/span><\/b><span data-contrast=\"none\"> el p\u00fablico podr\u00e1 recorrer virtualmente Laboratorios y Museos de la Regi\u00f3n de Los Lagos a cargo de distintas instituciones de la regi\u00f3n y adem\u00e1s se revivir\u00e1n las diversas actividades realizadas por el Proyecto Explora Los Lagos durante el 2020, como, Caf\u00e9s Cient\u00edficos, C\u00e1psulas Ciencia Al D\u00eda, Ciclo de Charlas \u201cEclipsados por el Sol\u201d, entre otros, a trav\u00e9s de la p\u00e1gina exploraloslagos.uach.cl.<\/span><\/p>\n<p>&nbsp;<\/p>\n<p>&nbsp;<\/p>\n<p>&nbsp;<\/p>\n<p>&nbsp;<\/p>\n<p>&nbsp;<\/p>\n<p><img loading=\"lazy\" decoding=\"async\" class=\"wp-image-39634 alignleft\" src=\"https:\/\/explora.cl\/lagos\/wp-content\/uploads\/sites\/17\/2020\/11\/Afiche-obras-de-t\u00edteres-2-1.png\" alt=\"\" width=\"279\" height=\"349\" srcset=\"https:\/\/explora.cl\/lagos\/wp-content\/uploads\/sites\/17\/2020\/11\/Afiche-obras-de-t\u00edteres-2-1.png 1080w, https:\/\/explora.cl\/lagos\/wp-content\/uploads\/sites\/17\/2020\/11\/Afiche-obras-de-t\u00edteres-2-1-240x300.png 240w, https:\/\/explora.cl\/lagos\/wp-content\/uploads\/sites\/17\/2020\/11\/Afiche-obras-de-t\u00edteres-2-1-768x960.png 768w, https:\/\/explora.cl\/lagos\/wp-content\/uploads\/sites\/17\/2020\/11\/Afiche-obras-de-t\u00edteres-2-1-819x1024.png 819w\" sizes=\"(max-width: 279px) 100vw, 279px\" \/><\/p>\n<p><b><span data-contrast=\"none\">El jueves 12 de noviembre a las 12:00 horas<\/span><\/b><span data-contrast=\"none\">, la Compa\u00f1\u00eda de Teatro y T\u00edteres \u201cLa Abuela Poroto\u201d, lanzar\u00e1 la obra \u201cLos Vientos del Pill\u00e1n\u201d, historia inspira<\/span><span data-contrast=\"none\">da en relatos propios de la cultura mapuche huilliche.<\/span><span data-ccp-props=\"{&quot;201341983&quot;:0,&quot;335551550&quot;:6,&quot;335551620&quot;:6,&quot;335559739&quot;:160,&quot;335559740&quot;:259}\">\u00a0<\/span><\/p>\n<p>&nbsp;<\/p>\n<p>&nbsp;<\/p>\n<p>&nbsp;<\/p>\n<p>&nbsp;<\/p>\n<p>&nbsp;<\/p>\n<p>&nbsp;<\/p>\n<p>&nbsp;<\/p>\n<p><img loading=\"lazy\" decoding=\"async\" class=\"wp-image-39624 alignright\" src=\"https:\/\/explora.cl\/lagos\/wp-content\/uploads\/sites\/17\/2020\/11\/Afiche-Ciclo-Radial-conversatorios.png\" alt=\"\" width=\"289\" height=\"361\" srcset=\"https:\/\/explora.cl\/lagos\/wp-content\/uploads\/sites\/17\/2020\/11\/Afiche-Ciclo-Radial-conversatorios.png 1080w, https:\/\/explora.cl\/lagos\/wp-content\/uploads\/sites\/17\/2020\/11\/Afiche-Ciclo-Radial-conversatorios-240x300.png 240w, https:\/\/explora.cl\/lagos\/wp-content\/uploads\/sites\/17\/2020\/11\/Afiche-Ciclo-Radial-conversatorios-768x960.png 768w, https:\/\/explora.cl\/lagos\/wp-content\/uploads\/sites\/17\/2020\/11\/Afiche-Ciclo-Radial-conversatorios-819x1024.png 819w\" sizes=\"(max-width: 289px) 100vw, 289px\" \/><\/p>\n<p><b><span data-contrast=\"none\">Durante el 12, 13, 14 y 15 de noviembre<\/span><\/b><span data-contrast=\"none\">, las radios tambi\u00e9n se sumar\u00e1n a la festividad transmitiendo el Ciclo de Cuenta Cuentos \u201cEl peque\u00f1o valiente\u201d, \u201cBaja Marea\u201d, \u201cEl florecimiento de la Quila\u201d y \u201c<\/span><span data-contrast=\"none\">Pequerey<\/span><span data-contrast=\"none\">\u201d, los cuales podr\u00e1n ser escuchado en la\u00a0Radio\u00a0<\/span><span data-contrast=\"none\">\u00a0<\/span><span data-contrast=\"none\">Chait\u00e9n\u00a0de la provincia de Palena, Radio\u00a0<\/span><span data-contrast=\"none\">Curaco<\/span><span data-contrast=\"none\">\u00a0de\u00a0<\/span><span data-contrast=\"none\">Velez<\/span><span data-contrast=\"none\">\u00a0de Chilo\u00e9<\/span><span data-contrast=\"none\">,\u00a0<\/span><span data-contrast=\"none\">Radio Nueva Bel\u00e9n de Puerto Montt<\/span><span data-contrast=\"none\">\u00a0y Radio UACh de Valdivia.\u00a0<\/span><span data-ccp-props=\"{&quot;201341983&quot;:0,&quot;335551550&quot;:6,&quot;335551620&quot;:6,&quot;335559739&quot;:160,&quot;335559740&quot;:259}\">\u00a0<\/span><\/p>\n<p><b><span data-contrast=\"none\">El jueves 12 de noviembre a las 18:00 horas<\/span><\/b><span data-contrast=\"none\">, tambi\u00e9n se realizar\u00e1 el Conversatorio \u201cEl oficio de contar cuentos y Ciencia\u201d en la Radio Chait\u00e9n, donde estar\u00e1\u00a0Arantzu\u00a0Abaroa, escritora de los cuenta cuentos, dialogando sobre su labor e interactuando con el p\u00fablico a trav\u00e9s de la p\u00e1gina web y Facebook de la radio. Tambi\u00e9n se invitar\u00e1 a los auditores a concursar respondiendo preguntas sobre los cuenta cuentos.\u00a0<\/span><span data-ccp-props=\"{&quot;201341983&quot;:0,&quot;335551550&quot;:6,&quot;335551620&quot;:6,&quot;335559739&quot;:160,&quot;335559740&quot;:259}\">\u00a0<\/span><\/p>\n<p>&nbsp;<\/p>\n<p>&nbsp;<\/p>\n<p><img loading=\"lazy\" decoding=\"async\" class=\"wp-image-39628 alignleft\" src=\"https:\/\/explora.cl\/lagos\/wp-content\/uploads\/sites\/17\/2020\/11\/Afiche-C\u00e1psulas-Art\u00edsticas.png\" alt=\"\" width=\"305\" height=\"305\" srcset=\"https:\/\/explora.cl\/lagos\/wp-content\/uploads\/sites\/17\/2020\/11\/Afiche-C\u00e1psulas-Art\u00edsticas.png 1080w, https:\/\/explora.cl\/lagos\/wp-content\/uploads\/sites\/17\/2020\/11\/Afiche-C\u00e1psulas-Art\u00edsticas-150x150.png 150w, https:\/\/explora.cl\/lagos\/wp-content\/uploads\/sites\/17\/2020\/11\/Afiche-C\u00e1psulas-Art\u00edsticas-300x300.png 300w, https:\/\/explora.cl\/lagos\/wp-content\/uploads\/sites\/17\/2020\/11\/Afiche-C\u00e1psulas-Art\u00edsticas-768x768.png 768w, https:\/\/explora.cl\/lagos\/wp-content\/uploads\/sites\/17\/2020\/11\/Afiche-C\u00e1psulas-Art\u00edsticas-1024x1024.png 1024w, https:\/\/explora.cl\/lagos\/wp-content\/uploads\/sites\/17\/2020\/11\/Afiche-C\u00e1psulas-Art\u00edsticas-60x60.png 60w\" sizes=\"(max-width: 305px) 100vw, 305px\" \/><b><span data-contrast=\"none\">El 13, 14 y 15 de noviembre<\/span><\/b><span data-contrast=\"none\">\u00a0ser\u00e1 el turno para los amantes del arte, quienes podr\u00e1n apreciar a partir de las 11:00 horas, las tres mejores C\u00e1psulas Art\u00edsticas, seleccionadas tras participar en la 5ta convocatoria \u201cCultura para\u00a0<\/span><span data-contrast=\"none\">tod@s<\/span><span data-contrast=\"none\">\u201d organizada junto a la Corporaci\u00f3n Cultural de Puerto Montt, por tanto, se difundir\u00e1n a trav\u00e9s de nuestra p\u00e1gina del Festival de la Ciencia, como tambi\u00e9n de la instituci\u00f3n y redes sociales de ambos.\u00a0<\/span><span data-contrast=\"none\">Las postulaciones est\u00e1n abiertas.\u00a0<\/span><\/p>\n<h1 style=\"text-align: center\"><a href=\"https:\/\/convocatorias.culturapuertomontt.cl\/site\/cartelera\">POSTULA AQU\u00cd\u00a0<\/a><\/h1>\n<p>&nbsp;<\/p>\n<p>&nbsp;<\/p>\n<p>&nbsp;<\/p>\n<p><img loading=\"lazy\" decoding=\"async\" class=\"wp-image-39626 alignright\" src=\"https:\/\/explora.cl\/lagos\/wp-content\/uploads\/sites\/17\/2020\/11\/Afiche-Taller-Audiovisual.png\" alt=\"\" width=\"298\" height=\"298\" srcset=\"https:\/\/explora.cl\/lagos\/wp-content\/uploads\/sites\/17\/2020\/11\/Afiche-Taller-Audiovisual.png 1080w, https:\/\/explora.cl\/lagos\/wp-content\/uploads\/sites\/17\/2020\/11\/Afiche-Taller-Audiovisual-150x150.png 150w, https:\/\/explora.cl\/lagos\/wp-content\/uploads\/sites\/17\/2020\/11\/Afiche-Taller-Audiovisual-300x300.png 300w, https:\/\/explora.cl\/lagos\/wp-content\/uploads\/sites\/17\/2020\/11\/Afiche-Taller-Audiovisual-768x768.png 768w, https:\/\/explora.cl\/lagos\/wp-content\/uploads\/sites\/17\/2020\/11\/Afiche-Taller-Audiovisual-1024x1024.png 1024w, https:\/\/explora.cl\/lagos\/wp-content\/uploads\/sites\/17\/2020\/11\/Afiche-Taller-Audiovisual-60x60.png 60w\" sizes=\"(max-width: 298px) 100vw, 298px\" \/><\/p>\n<p><b><span data-contrast=\"none\">El viernes 13 de noviembre a las 15:00 horas<\/span><\/b><span data-contrast=\"none\">, se realizar\u00e1 la \u201cMuestra Audiovisuales Cient\u00edficos\u201d y el Conversatorio sobre el proceso creativo del audio<\/span><span data-contrast=\"none\">visual junto a la Escuela Audiovisual y Fotogr\u00e1fica <\/span><span data-contrast=\"none\">Trasfoco<\/span><span data-contrast=\"none\">\u00a0que nos transportar\u00e1 al mundo de la comunicaci\u00f3n de las ciencias.\u00a0<\/span><\/p>\n<p>&nbsp;<\/p>\n<p>&nbsp;<\/p>\n<p>&nbsp;<\/p>\n<p>&nbsp;<\/p>\n<p>&nbsp;<\/p>\n<p><img loading=\"lazy\" decoding=\"async\" class=\"wp-image-39627 alignleft\" src=\"https:\/\/explora.cl\/lagos\/wp-content\/uploads\/sites\/17\/2020\/11\/Afiche-Festival-Musical.png\" alt=\"\" width=\"303\" height=\"303\" srcset=\"https:\/\/explora.cl\/lagos\/wp-content\/uploads\/sites\/17\/2020\/11\/Afiche-Festival-Musical.png 1080w, https:\/\/explora.cl\/lagos\/wp-content\/uploads\/sites\/17\/2020\/11\/Afiche-Festival-Musical-150x150.png 150w, https:\/\/explora.cl\/lagos\/wp-content\/uploads\/sites\/17\/2020\/11\/Afiche-Festival-Musical-300x300.png 300w, https:\/\/explora.cl\/lagos\/wp-content\/uploads\/sites\/17\/2020\/11\/Afiche-Festival-Musical-768x768.png 768w, https:\/\/explora.cl\/lagos\/wp-content\/uploads\/sites\/17\/2020\/11\/Afiche-Festival-Musical-1024x1024.png 1024w, https:\/\/explora.cl\/lagos\/wp-content\/uploads\/sites\/17\/2020\/11\/Afiche-Festival-Musical-60x60.png 60w\" sizes=\"(max-width: 303px) 100vw, 303px\" \/><\/p>\n<p><b><span data-contrast=\"none\">El s\u00e1bado 14 de noviembre a partir de las 17:00\u00a0hrs<\/span><\/b><span data-contrast=\"none\">. ser\u00e1 una tarde de relajo y dispersi\u00f3n para los j\u00f3venes, con toda la m\u00fasica que nos traer\u00e1 el estreno del Festival Colaborativo de M\u00fasica, en el cual j\u00f3venes m\u00fasicos y bandas emergentes mostrar\u00e1n sus obras musicales en formato online. Este evento se organiz\u00f3 junto a<\/span><span data-contrast=\"none\"> la Escu<\/span>ela Colaborativa de Producci\u00f3n Musical Sur Balmaceda Arte Joven Los Lagos.<\/p>\n<p>&nbsp;<\/p>\n<p>&nbsp;<\/p>\n<p>&nbsp;<\/p>\n<p>&nbsp;<\/p>\n<p>&nbsp;<\/p>\n<p><img loading=\"lazy\" decoding=\"async\" class=\"wp-image-39629 alignright\" src=\"https:\/\/explora.cl\/lagos\/wp-content\/uploads\/sites\/17\/2020\/11\/Afiche-Taller-Miniatura-Lambe-Lambe.png\" alt=\"\" width=\"306\" height=\"383\" srcset=\"https:\/\/explora.cl\/lagos\/wp-content\/uploads\/sites\/17\/2020\/11\/Afiche-Taller-Miniatura-Lambe-Lambe.png 1080w, https:\/\/explora.cl\/lagos\/wp-content\/uploads\/sites\/17\/2020\/11\/Afiche-Taller-Miniatura-Lambe-Lambe-240x300.png 240w, https:\/\/explora.cl\/lagos\/wp-content\/uploads\/sites\/17\/2020\/11\/Afiche-Taller-Miniatura-Lambe-Lambe-768x960.png 768w, https:\/\/explora.cl\/lagos\/wp-content\/uploads\/sites\/17\/2020\/11\/Afiche-Taller-Miniatura-Lambe-Lambe-819x1024.png 819w\" sizes=\"(max-width: 306px) 100vw, 306px\" \/><b><span data-contrast=\"none\">El domingo 15 de noviembre a las 12:00 horas, <\/span><\/b><span data-contrast=\"none\">se invitar\u00e1 a vivir una tarde familiar con la \u201cMuestras de Teatro Miniatura Lambe\u00a0Lambe\u201d elaboradas por las familias de la regi\u00f3n que par<\/span>ticiparon<\/p>\n<p><span data-contrast=\"none\">en el Taller realizado en octubre, las cu\u00e1les se lanzar\u00e1n a un concurso de Me Gustas a trav\u00e9s de nuestra Fanpage de Facebook.\u00a0 Adem\u00e1s, todas y todos se podr\u00e1n unir al Conversatorio \u201cDesde la ciencia al mundo de los t\u00edteres\u201d, previa inscripci\u00f3n.<\/span><\/p>\n<h1 style=\"text-align: center\"><span data-contrast=\"none\"><a href=\"https:\/\/forms.gle\/oHKLmqCwXxjWVwUTA\">Inscripciones AQU\u00cd<\/a>\u00a0 <\/span><\/h1>\n","protected":false},"excerpt":{"rendered":"<p>Visualiza las actividades en nuestra p\u00e1gina del Festival de la Ciencia Los Lagos 2020 exploraloslagos.uach.cl<\/p>\n","protected":false},"author":36,"featured_media":39630,"comment_status":"open","ping_status":"open","sticky":false,"template":"","format":"standard","meta":{"_acf_changed":false,"_exactmetrics_skip_tracking":false,"_exactmetrics_sitenote_active":false,"_exactmetrics_sitenote_note":"","_exactmetrics_sitenote_category":0,"footnotes":"","_links_to":"","_links_to_target":""},"categories":[4,1],"tags":[107,258,340,23,360,362,346,332],"class_list":["post-39620","post","type-post","status-publish","format-standard","has-post-thumbnail","hentry","category-noticias","category-sin-categoria","tag-ciencia","tag-ciencia-y-tecnologia","tag-conocimiento-e-innovacion","tag-explora","tag-feci2020","tag-festival-de-la-ciencia-los-lagos","tag-proyecto-explora-los-lagos","tag-uach-sede-puerto-montt"],"acf":[],"yoast_head":"<!-- This site is optimized with the Yoast SEO plugin v26.9 - https:\/\/yoast.com\/product\/yoast-seo-wordpress\/ -->\n<title>Para toda la familia: Festival de la Ciencia Los Lagos 2020 se celebrar\u00e1 con nutrido programa de actividades virtuales - Los Lagos<\/title>\n<meta name=\"robots\" content=\"index, follow, max-snippet:-1, max-image-preview:large, max-video-preview:-1\" \/>\n<link rel=\"canonical\" href=\"https:\/\/explora.cl\/lagos\/festival-de-la-ciencia-los-lagos-2020-se-celebrara-con-nutrido-programa-de-actividades-virtuales-para-toda-la-familia\/\" class=\"yoast-seo-meta-tag\" \/>\n<meta property=\"og:locale\" content=\"es_ES\" class=\"yoast-seo-meta-tag\" \/>\n<meta property=\"og:type\" content=\"article\" class=\"yoast-seo-meta-tag\" \/>\n<meta property=\"og:title\" content=\"Para toda la familia: Festival de la Ciencia Los Lagos 2020 se celebrar\u00e1 con nutrido programa de actividades virtuales - Los Lagos\" class=\"yoast-seo-meta-tag\" \/>\n<meta property=\"og:description\" content=\"Visualiza las actividades en nuestra p\u00e1gina del Festival de la Ciencia Los Lagos 2020 exploraloslagos.uach.cl\" class=\"yoast-seo-meta-tag\" \/>\n<meta property=\"og:url\" content=\"https:\/\/explora.cl\/lagos\/festival-de-la-ciencia-los-lagos-2020-se-celebrara-con-nutrido-programa-de-actividades-virtuales-para-toda-la-familia\/\" class=\"yoast-seo-meta-tag\" \/>\n<meta property=\"og:site_name\" content=\"Los Lagos\" class=\"yoast-seo-meta-tag\" \/>\n<meta property=\"article:published_time\" content=\"2020-11-08T17:27:19+00:00\" class=\"yoast-seo-meta-tag\" \/>\n<meta property=\"article:modified_time\" content=\"2020-11-26T21:09:52+00:00\" class=\"yoast-seo-meta-tag\" \/>\n<meta property=\"og:image\" content=\"https:\/\/explora.cl\/lagos\/wp-content\/uploads\/sites\/17\/2020\/11\/STAND-EXPLORA.jpg\" class=\"yoast-seo-meta-tag\" \/>\n\t<meta property=\"og:image:width\" content=\"1280\" class=\"yoast-seo-meta-tag\" \/>\n\t<meta property=\"og:image:height\" content=\"853\" class=\"yoast-seo-meta-tag\" \/>\n\t<meta property=\"og:image:type\" content=\"image\/jpeg\" class=\"yoast-seo-meta-tag\" \/>\n<meta name=\"author\" content=\"jvargas\" class=\"yoast-seo-meta-tag\" \/>\n<meta name=\"twitter:card\" content=\"summary_large_image\" class=\"yoast-seo-meta-tag\" \/>\n<meta name=\"twitter:label1\" content=\"Escrito por\" class=\"yoast-seo-meta-tag\" \/>\n\t<meta name=\"twitter:data1\" content=\"jvargas\" class=\"yoast-seo-meta-tag\" \/>\n\t<meta name=\"twitter:label2\" content=\"Tiempo de lectura\" class=\"yoast-seo-meta-tag\" \/>\n\t<meta name=\"twitter:data2\" content=\"6 minutos\" class=\"yoast-seo-meta-tag\" \/>\n<script type=\"application\/ld+json\" class=\"yoast-schema-graph\">{\"@context\":\"https:\/\/schema.org\",\"@graph\":[{\"@type\":\"Article\",\"@id\":\"https:\/\/explora.cl\/lagos\/festival-de-la-ciencia-los-lagos-2020-se-celebrara-con-nutrido-programa-de-actividades-virtuales-para-toda-la-familia\/#article\",\"isPartOf\":{\"@id\":\"https:\/\/explora.cl\/lagos\/festival-de-la-ciencia-los-lagos-2020-se-celebrara-con-nutrido-programa-de-actividades-virtuales-para-toda-la-familia\/\"},\"author\":{\"name\":\"jvargas\",\"@id\":\"https:\/\/explora.cl\/lagos\/#\/schema\/person\/6608d3ee9ea0b0daeaf12289528fc582\"},\"headline\":\"Para toda la familia: Festival de la Ciencia Los Lagos 2020 se celebrar\u00e1 con nutrido programa de actividades virtuales\",\"datePublished\":\"2020-11-08T17:27:19+00:00\",\"dateModified\":\"2020-11-26T21:09:52+00:00\",\"mainEntityOfPage\":{\"@id\":\"https:\/\/explora.cl\/lagos\/festival-de-la-ciencia-los-lagos-2020-se-celebrara-con-nutrido-programa-de-actividades-virtuales-para-toda-la-familia\/\"},\"wordCount\":1270,\"commentCount\":0,\"image\":{\"@id\":\"https:\/\/explora.cl\/lagos\/festival-de-la-ciencia-los-lagos-2020-se-celebrara-con-nutrido-programa-de-actividades-virtuales-para-toda-la-familia\/#primaryimage\"},\"thumbnailUrl\":\"https:\/\/explora.cl\/lagos\/wp-content\/uploads\/sites\/17\/2020\/11\/STAND-EXPLORA.jpg\",\"keywords\":[\"ciencia\",\"Ciencia y Tecnolog\u00eda\",\"Conocimiento e Innovaci\u00f3n\",\"EXPLORA\",\"Feci2020\",\"Festival de la Ciencia Los Lagos\",\"Proyecto Explora Los Lagos\",\"UACh Sede Puerto Montt\"],\"articleSection\":[\"Noticias\"],\"inLanguage\":\"es\",\"potentialAction\":[{\"@type\":\"CommentAction\",\"name\":\"Comment\",\"target\":[\"https:\/\/explora.cl\/lagos\/festival-de-la-ciencia-los-lagos-2020-se-celebrara-con-nutrido-programa-de-actividades-virtuales-para-toda-la-familia\/#respond\"]}]},{\"@type\":\"WebPage\",\"@id\":\"https:\/\/explora.cl\/lagos\/festival-de-la-ciencia-los-lagos-2020-se-celebrara-con-nutrido-programa-de-actividades-virtuales-para-toda-la-familia\/\",\"url\":\"https:\/\/explora.cl\/lagos\/festival-de-la-ciencia-los-lagos-2020-se-celebrara-con-nutrido-programa-de-actividades-virtuales-para-toda-la-familia\/\",\"name\":\"Para toda la familia: Festival de la Ciencia Los Lagos 2020 se celebrar\u00e1 con nutrido programa de actividades virtuales - Los Lagos\",\"isPartOf\":{\"@id\":\"https:\/\/explora.cl\/lagos\/#website\"},\"primaryImageOfPage\":{\"@id\":\"https:\/\/explora.cl\/lagos\/festival-de-la-ciencia-los-lagos-2020-se-celebrara-con-nutrido-programa-de-actividades-virtuales-para-toda-la-familia\/#primaryimage\"},\"image\":{\"@id\":\"https:\/\/explora.cl\/lagos\/festival-de-la-ciencia-los-lagos-2020-se-celebrara-con-nutrido-programa-de-actividades-virtuales-para-toda-la-familia\/#primaryimage\"},\"thumbnailUrl\":\"https:\/\/explora.cl\/lagos\/wp-content\/uploads\/sites\/17\/2020\/11\/STAND-EXPLORA.jpg\",\"datePublished\":\"2020-11-08T17:27:19+00:00\",\"dateModified\":\"2020-11-26T21:09:52+00:00\",\"author\":{\"@id\":\"https:\/\/explora.cl\/lagos\/#\/schema\/person\/6608d3ee9ea0b0daeaf12289528fc582\"},\"breadcrumb\":{\"@id\":\"https:\/\/explora.cl\/lagos\/festival-de-la-ciencia-los-lagos-2020-se-celebrara-con-nutrido-programa-de-actividades-virtuales-para-toda-la-familia\/#breadcrumb\"},\"inLanguage\":\"es\",\"potentialAction\":[{\"@type\":\"ReadAction\",\"target\":[\"https:\/\/explora.cl\/lagos\/festival-de-la-ciencia-los-lagos-2020-se-celebrara-con-nutrido-programa-de-actividades-virtuales-para-toda-la-familia\/\"]}]},{\"@type\":\"ImageObject\",\"inLanguage\":\"es\",\"@id\":\"https:\/\/explora.cl\/lagos\/festival-de-la-ciencia-los-lagos-2020-se-celebrara-con-nutrido-programa-de-actividades-virtuales-para-toda-la-familia\/#primaryimage\",\"url\":\"https:\/\/explora.cl\/lagos\/wp-content\/uploads\/sites\/17\/2020\/11\/STAND-EXPLORA.jpg\",\"contentUrl\":\"https:\/\/explora.cl\/lagos\/wp-content\/uploads\/sites\/17\/2020\/11\/STAND-EXPLORA.jpg\",\"width\":1280,\"height\":853},{\"@type\":\"BreadcrumbList\",\"@id\":\"https:\/\/explora.cl\/lagos\/festival-de-la-ciencia-los-lagos-2020-se-celebrara-con-nutrido-programa-de-actividades-virtuales-para-toda-la-familia\/#breadcrumb\",\"itemListElement\":[{\"@type\":\"ListItem\",\"position\":1,\"name\":\"Portada\",\"item\":\"https:\/\/explora.cl\/lagos\/\"},{\"@type\":\"ListItem\",\"position\":2,\"name\":\"Para toda la familia: Festival de la Ciencia Los Lagos 2020 se celebrar\u00e1 con nutrido programa de actividades virtuales\"}]},{\"@type\":\"WebSite\",\"@id\":\"https:\/\/explora.cl\/lagos\/#website\",\"url\":\"https:\/\/explora.cl\/lagos\/\",\"name\":\"Los Lagos\",\"description\":\"Otro sitio m\u00e1s de explora.cl\",\"potentialAction\":[{\"@type\":\"SearchAction\",\"target\":{\"@type\":\"EntryPoint\",\"urlTemplate\":\"https:\/\/explora.cl\/lagos\/?s={search_term_string}\"},\"query-input\":{\"@type\":\"PropertyValueSpecification\",\"valueRequired\":true,\"valueName\":\"search_term_string\"}}],\"inLanguage\":\"es\"},{\"@type\":\"Person\",\"@id\":\"https:\/\/explora.cl\/lagos\/#\/schema\/person\/6608d3ee9ea0b0daeaf12289528fc582\",\"name\":\"jvargas\",\"image\":{\"@type\":\"ImageObject\",\"inLanguage\":\"es\",\"@id\":\"https:\/\/explora.cl\/lagos\/#\/schema\/person\/image\/\",\"url\":\"https:\/\/secure.gravatar.com\/avatar\/8a6892fbfb002ef173a244b534b4bbcea4c183fc3fbf7732e64ac89b1d22d482?s=96&d=mm&r=g\",\"contentUrl\":\"https:\/\/secure.gravatar.com\/avatar\/8a6892fbfb002ef173a244b534b4bbcea4c183fc3fbf7732e64ac89b1d22d482?s=96&d=mm&r=g\",\"caption\":\"jvargas\"},\"url\":\"https:\/\/explora.cl\/lagos\/author\/jvargas\/\"}]}<\/script>\n<!-- \/ Yoast SEO plugin. -->","yoast_head_json":{"title":"Para toda la familia: Festival de la Ciencia Los Lagos 2020 se celebrar\u00e1 con nutrido programa de actividades virtuales - Los Lagos","robots":{"index":"index","follow":"follow","max-snippet":"max-snippet:-1","max-image-preview":"max-image-preview:large","max-video-preview":"max-video-preview:-1"},"canonical":"https:\/\/explora.cl\/lagos\/festival-de-la-ciencia-los-lagos-2020-se-celebrara-con-nutrido-programa-de-actividades-virtuales-para-toda-la-familia\/","og_locale":"es_ES","og_type":"article","og_title":"Para toda la familia: Festival de la Ciencia Los Lagos 2020 se celebrar\u00e1 con nutrido programa de actividades virtuales - Los Lagos","og_description":"Visualiza las actividades en nuestra p\u00e1gina del Festival de la Ciencia Los Lagos 2020 exploraloslagos.uach.cl","og_url":"https:\/\/explora.cl\/lagos\/festival-de-la-ciencia-los-lagos-2020-se-celebrara-con-nutrido-programa-de-actividades-virtuales-para-toda-la-familia\/","og_site_name":"Los Lagos","article_published_time":"2020-11-08T17:27:19+00:00","article_modified_time":"2020-11-26T21:09:52+00:00","og_image":[{"width":1280,"height":853,"url":"https:\/\/explora.cl\/lagos\/wp-content\/uploads\/sites\/17\/2020\/11\/STAND-EXPLORA.jpg","type":"image\/jpeg"}],"author":"jvargas","twitter_card":"summary_large_image","twitter_misc":{"Escrito por":"jvargas","Tiempo de lectura":"6 minutos"},"schema":{"@context":"https:\/\/schema.org","@graph":[{"@type":"Article","@id":"https:\/\/explora.cl\/lagos\/festival-de-la-ciencia-los-lagos-2020-se-celebrara-con-nutrido-programa-de-actividades-virtuales-para-toda-la-familia\/#article","isPartOf":{"@id":"https:\/\/explora.cl\/lagos\/festival-de-la-ciencia-los-lagos-2020-se-celebrara-con-nutrido-programa-de-actividades-virtuales-para-toda-la-familia\/"},"author":{"name":"jvargas","@id":"https:\/\/explora.cl\/lagos\/#\/schema\/person\/6608d3ee9ea0b0daeaf12289528fc582"},"headline":"Para toda la familia: Festival de la Ciencia Los Lagos 2020 se celebrar\u00e1 con nutrido programa de actividades virtuales","datePublished":"2020-11-08T17:27:19+00:00","dateModified":"2020-11-26T21:09:52+00:00","mainEntityOfPage":{"@id":"https:\/\/explora.cl\/lagos\/festival-de-la-ciencia-los-lagos-2020-se-celebrara-con-nutrido-programa-de-actividades-virtuales-para-toda-la-familia\/"},"wordCount":1270,"commentCount":0,"image":{"@id":"https:\/\/explora.cl\/lagos\/festival-de-la-ciencia-los-lagos-2020-se-celebrara-con-nutrido-programa-de-actividades-virtuales-para-toda-la-familia\/#primaryimage"},"thumbnailUrl":"https:\/\/explora.cl\/lagos\/wp-content\/uploads\/sites\/17\/2020\/11\/STAND-EXPLORA.jpg","keywords":["ciencia","Ciencia y Tecnolog\u00eda","Conocimiento e Innovaci\u00f3n","EXPLORA","Feci2020","Festival de la Ciencia Los Lagos","Proyecto Explora Los Lagos","UACh Sede Puerto Montt"],"articleSection":["Noticias"],"inLanguage":"es","potentialAction":[{"@type":"CommentAction","name":"Comment","target":["https:\/\/explora.cl\/lagos\/festival-de-la-ciencia-los-lagos-2020-se-celebrara-con-nutrido-programa-de-actividades-virtuales-para-toda-la-familia\/#respond"]}]},{"@type":"WebPage","@id":"https:\/\/explora.cl\/lagos\/festival-de-la-ciencia-los-lagos-2020-se-celebrara-con-nutrido-programa-de-actividades-virtuales-para-toda-la-familia\/","url":"https:\/\/explora.cl\/lagos\/festival-de-la-ciencia-los-lagos-2020-se-celebrara-con-nutrido-programa-de-actividades-virtuales-para-toda-la-familia\/","name":"Para toda la familia: Festival de la Ciencia Los Lagos 2020 se celebrar\u00e1 con nutrido programa de actividades virtuales - Los Lagos","isPartOf":{"@id":"https:\/\/explora.cl\/lagos\/#website"},"primaryImageOfPage":{"@id":"https:\/\/explora.cl\/lagos\/festival-de-la-ciencia-los-lagos-2020-se-celebrara-con-nutrido-programa-de-actividades-virtuales-para-toda-la-familia\/#primaryimage"},"image":{"@id":"https:\/\/explora.cl\/lagos\/festival-de-la-ciencia-los-lagos-2020-se-celebrara-con-nutrido-programa-de-actividades-virtuales-para-toda-la-familia\/#primaryimage"},"thumbnailUrl":"https:\/\/explora.cl\/lagos\/wp-content\/uploads\/sites\/17\/2020\/11\/STAND-EXPLORA.jpg","datePublished":"2020-11-08T17:27:19+00:00","dateModified":"2020-11-26T21:09:52+00:00","author":{"@id":"https:\/\/explora.cl\/lagos\/#\/schema\/person\/6608d3ee9ea0b0daeaf12289528fc582"},"breadcrumb":{"@id":"https:\/\/explora.cl\/lagos\/festival-de-la-ciencia-los-lagos-2020-se-celebrara-con-nutrido-programa-de-actividades-virtuales-para-toda-la-familia\/#breadcrumb"},"inLanguage":"es","potentialAction":[{"@type":"ReadAction","target":["https:\/\/explora.cl\/lagos\/festival-de-la-ciencia-los-lagos-2020-se-celebrara-con-nutrido-programa-de-actividades-virtuales-para-toda-la-familia\/"]}]},{"@type":"ImageObject","inLanguage":"es","@id":"https:\/\/explora.cl\/lagos\/festival-de-la-ciencia-los-lagos-2020-se-celebrara-con-nutrido-programa-de-actividades-virtuales-para-toda-la-familia\/#primaryimage","url":"https:\/\/explora.cl\/lagos\/wp-content\/uploads\/sites\/17\/2020\/11\/STAND-EXPLORA.jpg","contentUrl":"https:\/\/explora.cl\/lagos\/wp-content\/uploads\/sites\/17\/2020\/11\/STAND-EXPLORA.jpg","width":1280,"height":853},{"@type":"BreadcrumbList","@id":"https:\/\/explora.cl\/lagos\/festival-de-la-ciencia-los-lagos-2020-se-celebrara-con-nutrido-programa-de-actividades-virtuales-para-toda-la-familia\/#breadcrumb","itemListElement":[{"@type":"ListItem","position":1,"name":"Portada","item":"https:\/\/explora.cl\/lagos\/"},{"@type":"ListItem","position":2,"name":"Para toda la familia: Festival de la Ciencia Los Lagos 2020 se celebrar\u00e1 con nutrido programa de actividades virtuales"}]},{"@type":"WebSite","@id":"https:\/\/explora.cl\/lagos\/#website","url":"https:\/\/explora.cl\/lagos\/","name":"Los Lagos","description":"Otro sitio m\u00e1s de explora.cl","potentialAction":[{"@type":"SearchAction","target":{"@type":"EntryPoint","urlTemplate":"https:\/\/explora.cl\/lagos\/?s={search_term_string}"},"query-input":{"@type":"PropertyValueSpecification","valueRequired":true,"valueName":"search_term_string"}}],"inLanguage":"es"},{"@type":"Person","@id":"https:\/\/explora.cl\/lagos\/#\/schema\/person\/6608d3ee9ea0b0daeaf12289528fc582","name":"jvargas","image":{"@type":"ImageObject","inLanguage":"es","@id":"https:\/\/explora.cl\/lagos\/#\/schema\/person\/image\/","url":"https:\/\/secure.gravatar.com\/avatar\/8a6892fbfb002ef173a244b534b4bbcea4c183fc3fbf7732e64ac89b1d22d482?s=96&d=mm&r=g","contentUrl":"https:\/\/secure.gravatar.com\/avatar\/8a6892fbfb002ef173a244b534b4bbcea4c183fc3fbf7732e64ac89b1d22d482?s=96&d=mm&r=g","caption":"jvargas"},"url":"https:\/\/explora.cl\/lagos\/author\/jvargas\/"}]}},"_links":{"self":[{"href":"https:\/\/explora.cl\/lagos\/wp-json\/wp\/v2\/posts\/39620","targetHints":{"allow":["GET"]}}],"collection":[{"href":"https:\/\/explora.cl\/lagos\/wp-json\/wp\/v2\/posts"}],"about":[{"href":"https:\/\/explora.cl\/lagos\/wp-json\/wp\/v2\/types\/post"}],"author":[{"embeddable":true,"href":"https:\/\/explora.cl\/lagos\/wp-json\/wp\/v2\/users\/36"}],"replies":[{"embeddable":true,"href":"https:\/\/explora.cl\/lagos\/wp-json\/wp\/v2\/comments?post=39620"}],"version-history":[{"count":11,"href":"https:\/\/explora.cl\/lagos\/wp-json\/wp\/v2\/posts\/39620\/revisions"}],"predecessor-version":[{"id":39643,"href":"https:\/\/explora.cl\/lagos\/wp-json\/wp\/v2\/posts\/39620\/revisions\/39643"}],"wp:featuredmedia":[{"embeddable":true,"href":"https:\/\/explora.cl\/lagos\/wp-json\/wp\/v2\/media\/39630"}],"wp:attachment":[{"href":"https:\/\/explora.cl\/lagos\/wp-json\/wp\/v2\/media?parent=39620"}],"wp:term":[{"taxonomy":"category","embeddable":true,"href":"https:\/\/explora.cl\/lagos\/wp-json\/wp\/v2\/categories?post=39620"},{"taxonomy":"post_tag","embeddable":true,"href":"https:\/\/explora.cl\/lagos\/wp-json\/wp\/v2\/tags?post=39620"}],"curies":[{"name":"wp","href":"https:\/\/api.w.org\/{rel}","templated":true}]}}