{"id":39610,"date":"2020-11-04T22:57:31","date_gmt":"2020-11-05T01:57:31","guid":{"rendered":"https:\/\/explora.cl\/lagos\/?p=39610"},"modified":"2020-11-12T09:11:53","modified_gmt":"2020-11-12T12:11:53","slug":"lanzamiento-festival-de-la-ciencia-los-lagos-2020","status":"publish","type":"post","link":"https:\/\/explora.cl\/lagos\/lanzamiento-festival-de-la-ciencia-los-lagos-2020\/","title":{"rendered":"Lanzamiento Festival de la Ciencia Los Lagos 2020"},"content":{"rendered":"<p><strong><span class=\"TextRun SCXW14046040 BCX0\" lang=\"ES-CL\" xml:lang=\"ES-CL\" data-contrast=\"auto\"><span class=\"NormalTextRun SCXW14046040 BCX0\">El mi\u00e9rcoles 11 de noviembre a partir<\/span><\/span><span class=\"TextRun SCXW14046040 BCX0\" lang=\"ES-CL\" xml:lang=\"ES-CL\" data-contrast=\"auto\"><span class=\"NormalTextRun SCXW14046040 BCX0\">\u00a0<\/span><\/span><span class=\"TextRun SCXW14046040 BCX0\" lang=\"ES-CL\" xml:lang=\"ES-CL\" data-contrast=\"auto\"><span class=\"NormalTextRun SCXW14046040 BCX0\">17:00\u00a0<\/span><\/span><span class=\"TextRun SCXW14046040 BCX0\" lang=\"ES-CL\" xml:lang=\"ES-CL\" data-contrast=\"auto\"><span class=\"NormalTextRun SpellingErrorV2 SCXW14046040 BCX0\">hrs<\/span><\/span><\/strong><span class=\"TextRun SCXW14046040 BCX0\" lang=\"ES-CL\" xml:lang=\"ES-CL\" data-contrast=\"auto\"><span class=\"NormalTextRun SCXW14046040 BCX0\">, se realizar\u00e1 el lanzamiento regional del Festival de la Ciencia Los Lagos 2020 y en este contexto la destacada Compa\u00f1\u00eda de Teatro \u201cLa Familia P<\/span><\/span><span class=\"TextRun SCXW14046040 BCX0\" lang=\"ES-CL\" xml:lang=\"ES-CL\" data-contrast=\"auto\"><span class=\"NormalTextRun SCXW14046040 BCX0\">ez\u201d de Ancud, <\/span><\/span><span class=\"TextRun SCXW14046040 BCX0\" lang=\"ES-CL\" xml:lang=\"ES-CL\" data-contrast=\"auto\"><span class=\"NormalTextRun SCXW14046040 BCX0\">mostrar\u00e1 el\u00a0<\/span><\/span><span class=\"TextRun SCXW14046040 BCX0\" lang=\"ES-CL\" xml:lang=\"ES-CL\" data-contrast=\"auto\"><span class=\"NormalTextRun SCXW14046040 BCX0\">valor de la \u201cMinga\u201d como una tradici\u00f3n y parte fundamental del patrimonio inmaterial del archipi\u00e9lago de Chilo\u00e9 y la Patagonia Chilena<\/span><\/span><span class=\"TextRun SCXW14046040 BCX0\" lang=\"ES-CL\" xml:lang=\"ES-CL\" data-contrast=\"auto\"><span class=\"NormalTextRun SCXW14046040 BCX0\">, a trav\u00e9s de su obra \u201cLa Minga de Pedro\u201d<\/span><\/span><span class=\"TextRun SCXW14046040 BCX0\" lang=\"ES-CL\" xml:lang=\"ES-CL\" data-contrast=\"auto\"><span class=\"NormalTextRun SCXW14046040 BCX0\">\u00a0adaptada\u00a0<\/span><\/span><span class=\"TextRun SCXW14046040 BCX0\" lang=\"ES-CL\" xml:lang=\"ES-CL\" data-contrast=\"auto\"><span class=\"NormalTextRun ContextualSpellingAndGrammarErrorV2 SCXW14046040 BCX0\">a\u00a0<\/span><\/span><span class=\"TextRun SCXW14046040 BCX0\" lang=\"ES-CL\" xml:lang=\"ES-CL\" data-contrast=\"auto\"><span class=\"NormalTextRun ContextualSpellingAndGrammarErrorV2 SCXW14046040 BCX0\">\u00a0<\/span><\/span><span class=\"TextRun SCXW14046040 BCX0\" lang=\"ES-CL\" xml:lang=\"ES-CL\" data-contrast=\"auto\"><span class=\"NormalTextRun ContextualSpellingAndGrammarErrorV2 SCXW14046040 BCX0\">un<\/span><\/span><span class=\"TextRun SCXW14046040 BCX0\" lang=\"ES-CL\" xml:lang=\"ES-CL\" data-contrast=\"auto\"><span class=\"NormalTextRun SCXW14046040 BCX0\">\u00a0formato audiovisual.<\/span><\/span><span class=\"TextRun SCXW14046040 BCX0\" lang=\"ES-CL\" xml:lang=\"ES-CL\" data-contrast=\"auto\"><span class=\"NormalTextRun SCXW14046040 BCX0\">\u00a0<\/span><\/span><span class=\"EOP SCXW14046040 BCX0\" data-ccp-props=\"{&quot;201341983&quot;:0,&quot;335551550&quot;:6,&quot;335551620&quot;:6,&quot;335559739&quot;:160,&quot;335559740&quot;:259}\">\u00a0<\/span><\/p>\n<p><span class=\"TextRun SCXW87833376 BCX0\" lang=\"ES-CL\" xml:lang=\"ES-CL\" data-contrast=\"auto\"><span class=\"NormalTextRun SCXW87833376 BCX0\">En la instancia,<\/span><\/span><span class=\"TextRun SCXW87833376 BCX0\" lang=\"ES-CL\" xml:lang=\"ES-CL\" data-contrast=\"auto\"><span class=\"NormalTextRun SCXW87833376 BCX0\">\u00a0<\/span><\/span><span class=\"TextRun SCXW87833376 BCX0\" lang=\"ES-CL\" xml:lang=\"ES-CL\" data-contrast=\"auto\"><span class=\"NormalTextRun SCXW87833376 BCX0\">la compa\u00f1\u00eda\u00a0<\/span><\/span><span class=\"TextRun SCXW87833376 BCX0\" lang=\"ES-CL\" xml:lang=\"ES-CL\" data-contrast=\"auto\"><span class=\"NormalTextRun SCXW87833376 BCX0\">tambi\u00e9n\u00a0<\/span><\/span><span class=\"TextRun SCXW87833376 BCX0\" lang=\"ES-CL\" xml:lang=\"ES-CL\" data-contrast=\"auto\"><span class=\"NormalTextRun SCXW87833376 BCX0\">invitar\u00e1 a la comunidad a reflexionar en el\u00a0<\/span><\/span><span class=\"TextRun SCXW87833376 BCX0\" lang=\"ES-CL\" xml:lang=\"ES-CL\" data-contrast=\"auto\"><span class=\"NormalTextRun SCXW87833376 BCX0\">Conversatorio \u201cArte, Patrimonio y Ciencia\u201d<\/span><\/span><span class=\"TextRun SCXW87833376 BCX0\" lang=\"ES-CL\" xml:lang=\"ES-CL\" data-contrast=\"auto\"><span class=\"NormalTextRun SCXW87833376 BCX0\">.\u00a0<\/span><\/span><span class=\"TextRun SCXW87833376 BCX0\" lang=\"ES-CL\" xml:lang=\"ES-CL\" data-contrast=\"auto\"><span class=\"NormalTextRun SCXW87833376 BCX0\">\u00a0<\/span><\/span><span class=\"TextRun SCXW87833376 BCX0\" lang=\"ES-CL\" xml:lang=\"ES-CL\" data-contrast=\"auto\"><span class=\"NormalTextRun SCXW87833376 BCX0\">La actividad es abierta y gratuita, previa inscripci\u00f3n.\u00a0<\/span><\/span><\/p>\n<h1 style=\"text-align: center\"><span class=\"TextRun SCXW87833376 BCX0\" lang=\"ES-CL\" xml:lang=\"ES-CL\" data-contrast=\"auto\"><span class=\"NormalTextRun SCXW87833376 BCX0\"> <a href=\"https:\/\/docs.google.com\/forms\/d\/e\/1FAIpQLSe_yfY8Mw_YGWNEu9k4ezwQNhy48TG6Cxiv0JWkcLtKZ-bIZA\/viewform\"><strong>INSCRIPCI\u00d3N AQU\u00cd\u00a0<\/strong><\/a><\/span><\/span><\/h1>\n<p>&nbsp;<\/p>\n","protected":false},"excerpt":{"rendered":"<p>El mi\u00e9rcoles 11 de noviembre a partir\u00a017:00\u00a0horas. <\/p>\n","protected":false},"author":36,"featured_media":39611,"comment_status":"open","ping_status":"open","sticky":false,"template":"","format":"standard","meta":{"_acf_changed":false,"_exactmetrics_skip_tracking":false,"_exactmetrics_sitenote_active":false,"_exactmetrics_sitenote_note":"","_exactmetrics_sitenote_category":0,"footnotes":"","_links_to":"","_links_to_target":""},"categories":[151,1],"tags":[361,360,182,346,335],"class_list":["post-39610","post","type-post","status-publish","format-standard","has-post-thumbnail","hentry","category-banner","category-sin-categoria","tag-ciencias-y-tecnologia","tag-feci2020","tag-los-lagos","tag-proyecto-explora-los-lagos","tag-universidad-austral-de-chile-sede-puerto-montt"],"acf":[],"yoast_head":"<!-- This site is optimized with the Yoast SEO plugin v26.9 - https:\/\/yoast.com\/product\/yoast-seo-wordpress\/ -->\n<title>Lanzamiento Festival de la Ciencia Los Lagos 2020 - Los Lagos<\/title>\n<meta name=\"robots\" content=\"index, follow, max-snippet:-1, max-image-preview:large, max-video-preview:-1\" \/>\n<link rel=\"canonical\" href=\"https:\/\/explora.cl\/lagos\/lanzamiento-festival-de-la-ciencia-los-lagos-2020\/\" class=\"yoast-seo-meta-tag\" \/>\n<meta property=\"og:locale\" content=\"es_ES\" class=\"yoast-seo-meta-tag\" \/>\n<meta property=\"og:type\" content=\"article\" class=\"yoast-seo-meta-tag\" \/>\n<meta property=\"og:title\" content=\"Lanzamiento Festival de la Ciencia Los Lagos 2020 - Los Lagos\" class=\"yoast-seo-meta-tag\" \/>\n<meta property=\"og:description\" content=\"El mi\u00e9rcoles 11 de noviembre a partir\u00a017:00\u00a0horas.\" class=\"yoast-seo-meta-tag\" \/>\n<meta property=\"og:url\" content=\"https:\/\/explora.cl\/lagos\/lanzamiento-festival-de-la-ciencia-los-lagos-2020\/\" class=\"yoast-seo-meta-tag\" \/>\n<meta property=\"og:site_name\" content=\"Los Lagos\" class=\"yoast-seo-meta-tag\" \/>\n<meta property=\"article:published_time\" content=\"2020-11-05T01:57:31+00:00\" class=\"yoast-seo-meta-tag\" \/>\n<meta property=\"article:modified_time\" content=\"2020-11-12T12:11:53+00:00\" class=\"yoast-seo-meta-tag\" \/>\n<meta property=\"og:image\" content=\"https:\/\/explora.cl\/lagos\/wp-content\/uploads\/sites\/17\/2020\/11\/pedro_pagina_explora.png\" class=\"yoast-seo-meta-tag\" \/>\n\t<meta property=\"og:image:width\" content=\"736\" class=\"yoast-seo-meta-tag\" \/>\n\t<meta property=\"og:image:height\" content=\"420\" class=\"yoast-seo-meta-tag\" \/>\n\t<meta property=\"og:image:type\" content=\"image\/png\" class=\"yoast-seo-meta-tag\" \/>\n<meta name=\"author\" content=\"jvargas\" class=\"yoast-seo-meta-tag\" \/>\n<meta name=\"twitter:card\" content=\"summary_large_image\" class=\"yoast-seo-meta-tag\" \/>\n<meta name=\"twitter:label1\" content=\"Escrito por\" class=\"yoast-seo-meta-tag\" \/>\n\t<meta name=\"twitter:data1\" content=\"jvargas\" class=\"yoast-seo-meta-tag\" \/>\n\t<meta name=\"twitter:label2\" content=\"Tiempo de lectura\" class=\"yoast-seo-meta-tag\" \/>\n\t<meta name=\"twitter:data2\" content=\"1 minuto\" class=\"yoast-seo-meta-tag\" \/>\n<script type=\"application\/ld+json\" class=\"yoast-schema-graph\">{\"@context\":\"https:\/\/schema.org\",\"@graph\":[{\"@type\":\"Article\",\"@id\":\"https:\/\/explora.cl\/lagos\/lanzamiento-festival-de-la-ciencia-los-lagos-2020\/#article\",\"isPartOf\":{\"@id\":\"https:\/\/explora.cl\/lagos\/lanzamiento-festival-de-la-ciencia-los-lagos-2020\/\"},\"author\":{\"name\":\"jvargas\",\"@id\":\"https:\/\/explora.cl\/lagos\/#\/schema\/person\/6608d3ee9ea0b0daeaf12289528fc582\"},\"headline\":\"Lanzamiento Festival de la Ciencia Los Lagos 2020\",\"datePublished\":\"2020-11-05T01:57:31+00:00\",\"dateModified\":\"2020-11-12T12:11:53+00:00\",\"mainEntityOfPage\":{\"@id\":\"https:\/\/explora.cl\/lagos\/lanzamiento-festival-de-la-ciencia-los-lagos-2020\/\"},\"wordCount\":117,\"commentCount\":0,\"image\":{\"@id\":\"https:\/\/explora.cl\/lagos\/lanzamiento-festival-de-la-ciencia-los-lagos-2020\/#primaryimage\"},\"thumbnailUrl\":\"https:\/\/explora.cl\/lagos\/wp-content\/uploads\/sites\/17\/2020\/11\/pedro_pagina_explora.png\",\"keywords\":[\"Ciencias y Tecnolog\u00eda\",\"Feci2020\",\"Los Lagos\",\"Proyecto Explora Los Lagos\",\"Universidad Austral de Chile Sede Puerto Montt\"],\"articleSection\":[\"Banner\"],\"inLanguage\":\"es\",\"potentialAction\":[{\"@type\":\"CommentAction\",\"name\":\"Comment\",\"target\":[\"https:\/\/explora.cl\/lagos\/lanzamiento-festival-de-la-ciencia-los-lagos-2020\/#respond\"]}]},{\"@type\":\"WebPage\",\"@id\":\"https:\/\/explora.cl\/lagos\/lanzamiento-festival-de-la-ciencia-los-lagos-2020\/\",\"url\":\"https:\/\/explora.cl\/lagos\/lanzamiento-festival-de-la-ciencia-los-lagos-2020\/\",\"name\":\"Lanzamiento Festival de la Ciencia Los Lagos 2020 - Los Lagos\",\"isPartOf\":{\"@id\":\"https:\/\/explora.cl\/lagos\/#website\"},\"primaryImageOfPage\":{\"@id\":\"https:\/\/explora.cl\/lagos\/lanzamiento-festival-de-la-ciencia-los-lagos-2020\/#primaryimage\"},\"image\":{\"@id\":\"https:\/\/explora.cl\/lagos\/lanzamiento-festival-de-la-ciencia-los-lagos-2020\/#primaryimage\"},\"thumbnailUrl\":\"https:\/\/explora.cl\/lagos\/wp-content\/uploads\/sites\/17\/2020\/11\/pedro_pagina_explora.png\",\"datePublished\":\"2020-11-05T01:57:31+00:00\",\"dateModified\":\"2020-11-12T12:11:53+00:00\",\"author\":{\"@id\":\"https:\/\/explora.cl\/lagos\/#\/schema\/person\/6608d3ee9ea0b0daeaf12289528fc582\"},\"breadcrumb\":{\"@id\":\"https:\/\/explora.cl\/lagos\/lanzamiento-festival-de-la-ciencia-los-lagos-2020\/#breadcrumb\"},\"inLanguage\":\"es\",\"potentialAction\":[{\"@type\":\"ReadAction\",\"target\":[\"https:\/\/explora.cl\/lagos\/lanzamiento-festival-de-la-ciencia-los-lagos-2020\/\"]}]},{\"@type\":\"ImageObject\",\"inLanguage\":\"es\",\"@id\":\"https:\/\/explora.cl\/lagos\/lanzamiento-festival-de-la-ciencia-los-lagos-2020\/#primaryimage\",\"url\":\"https:\/\/explora.cl\/lagos\/wp-content\/uploads\/sites\/17\/2020\/11\/pedro_pagina_explora.png\",\"contentUrl\":\"https:\/\/explora.cl\/lagos\/wp-content\/uploads\/sites\/17\/2020\/11\/pedro_pagina_explora.png\",\"width\":736,\"height\":420},{\"@type\":\"BreadcrumbList\",\"@id\":\"https:\/\/explora.cl\/lagos\/lanzamiento-festival-de-la-ciencia-los-lagos-2020\/#breadcrumb\",\"itemListElement\":[{\"@type\":\"ListItem\",\"position\":1,\"name\":\"Portada\",\"item\":\"https:\/\/explora.cl\/lagos\/\"},{\"@type\":\"ListItem\",\"position\":2,\"name\":\"Lanzamiento Festival de la Ciencia Los Lagos 2020\"}]},{\"@type\":\"WebSite\",\"@id\":\"https:\/\/explora.cl\/lagos\/#website\",\"url\":\"https:\/\/explora.cl\/lagos\/\",\"name\":\"Los Lagos\",\"description\":\"Otro sitio m\u00e1s de explora.cl\",\"potentialAction\":[{\"@type\":\"SearchAction\",\"target\":{\"@type\":\"EntryPoint\",\"urlTemplate\":\"https:\/\/explora.cl\/lagos\/?s={search_term_string}\"},\"query-input\":{\"@type\":\"PropertyValueSpecification\",\"valueRequired\":true,\"valueName\":\"search_term_string\"}}],\"inLanguage\":\"es\"},{\"@type\":\"Person\",\"@id\":\"https:\/\/explora.cl\/lagos\/#\/schema\/person\/6608d3ee9ea0b0daeaf12289528fc582\",\"name\":\"jvargas\",\"image\":{\"@type\":\"ImageObject\",\"inLanguage\":\"es\",\"@id\":\"https:\/\/explora.cl\/lagos\/#\/schema\/person\/image\/\",\"url\":\"https:\/\/secure.gravatar.com\/avatar\/8a6892fbfb002ef173a244b534b4bbcea4c183fc3fbf7732e64ac89b1d22d482?s=96&d=mm&r=g\",\"contentUrl\":\"https:\/\/secure.gravatar.com\/avatar\/8a6892fbfb002ef173a244b534b4bbcea4c183fc3fbf7732e64ac89b1d22d482?s=96&d=mm&r=g\",\"caption\":\"jvargas\"},\"url\":\"https:\/\/explora.cl\/lagos\/author\/jvargas\/\"}]}<\/script>\n<!-- \/ Yoast SEO plugin. -->","yoast_head_json":{"title":"Lanzamiento Festival de la Ciencia Los Lagos 2020 - Los Lagos","robots":{"index":"index","follow":"follow","max-snippet":"max-snippet:-1","max-image-preview":"max-image-preview:large","max-video-preview":"max-video-preview:-1"},"canonical":"https:\/\/explora.cl\/lagos\/lanzamiento-festival-de-la-ciencia-los-lagos-2020\/","og_locale":"es_ES","og_type":"article","og_title":"Lanzamiento Festival de la Ciencia Los Lagos 2020 - Los Lagos","og_description":"El mi\u00e9rcoles 11 de noviembre a partir\u00a017:00\u00a0horas.","og_url":"https:\/\/explora.cl\/lagos\/lanzamiento-festival-de-la-ciencia-los-lagos-2020\/","og_site_name":"Los Lagos","article_published_time":"2020-11-05T01:57:31+00:00","article_modified_time":"2020-11-12T12:11:53+00:00","og_image":[{"width":736,"height":420,"url":"https:\/\/explora.cl\/lagos\/wp-content\/uploads\/sites\/17\/2020\/11\/pedro_pagina_explora.png","type":"image\/png"}],"author":"jvargas","twitter_card":"summary_large_image","twitter_misc":{"Escrito por":"jvargas","Tiempo de lectura":"1 minuto"},"schema":{"@context":"https:\/\/schema.org","@graph":[{"@type":"Article","@id":"https:\/\/explora.cl\/lagos\/lanzamiento-festival-de-la-ciencia-los-lagos-2020\/#article","isPartOf":{"@id":"https:\/\/explora.cl\/lagos\/lanzamiento-festival-de-la-ciencia-los-lagos-2020\/"},"author":{"name":"jvargas","@id":"https:\/\/explora.cl\/lagos\/#\/schema\/person\/6608d3ee9ea0b0daeaf12289528fc582"},"headline":"Lanzamiento Festival de la Ciencia Los Lagos 2020","datePublished":"2020-11-05T01:57:31+00:00","dateModified":"2020-11-12T12:11:53+00:00","mainEntityOfPage":{"@id":"https:\/\/explora.cl\/lagos\/lanzamiento-festival-de-la-ciencia-los-lagos-2020\/"},"wordCount":117,"commentCount":0,"image":{"@id":"https:\/\/explora.cl\/lagos\/lanzamiento-festival-de-la-ciencia-los-lagos-2020\/#primaryimage"},"thumbnailUrl":"https:\/\/explora.cl\/lagos\/wp-content\/uploads\/sites\/17\/2020\/11\/pedro_pagina_explora.png","keywords":["Ciencias y Tecnolog\u00eda","Feci2020","Los Lagos","Proyecto Explora Los Lagos","Universidad Austral de Chile Sede Puerto Montt"],"articleSection":["Banner"],"inLanguage":"es","potentialAction":[{"@type":"CommentAction","name":"Comment","target":["https:\/\/explora.cl\/lagos\/lanzamiento-festival-de-la-ciencia-los-lagos-2020\/#respond"]}]},{"@type":"WebPage","@id":"https:\/\/explora.cl\/lagos\/lanzamiento-festival-de-la-ciencia-los-lagos-2020\/","url":"https:\/\/explora.cl\/lagos\/lanzamiento-festival-de-la-ciencia-los-lagos-2020\/","name":"Lanzamiento Festival de la Ciencia Los Lagos 2020 - Los Lagos","isPartOf":{"@id":"https:\/\/explora.cl\/lagos\/#website"},"primaryImageOfPage":{"@id":"https:\/\/explora.cl\/lagos\/lanzamiento-festival-de-la-ciencia-los-lagos-2020\/#primaryimage"},"image":{"@id":"https:\/\/explora.cl\/lagos\/lanzamiento-festival-de-la-ciencia-los-lagos-2020\/#primaryimage"},"thumbnailUrl":"https:\/\/explora.cl\/lagos\/wp-content\/uploads\/sites\/17\/2020\/11\/pedro_pagina_explora.png","datePublished":"2020-11-05T01:57:31+00:00","dateModified":"2020-11-12T12:11:53+00:00","author":{"@id":"https:\/\/explora.cl\/lagos\/#\/schema\/person\/6608d3ee9ea0b0daeaf12289528fc582"},"breadcrumb":{"@id":"https:\/\/explora.cl\/lagos\/lanzamiento-festival-de-la-ciencia-los-lagos-2020\/#breadcrumb"},"inLanguage":"es","potentialAction":[{"@type":"ReadAction","target":["https:\/\/explora.cl\/lagos\/lanzamiento-festival-de-la-ciencia-los-lagos-2020\/"]}]},{"@type":"ImageObject","inLanguage":"es","@id":"https:\/\/explora.cl\/lagos\/lanzamiento-festival-de-la-ciencia-los-lagos-2020\/#primaryimage","url":"https:\/\/explora.cl\/lagos\/wp-content\/uploads\/sites\/17\/2020\/11\/pedro_pagina_explora.png","contentUrl":"https:\/\/explora.cl\/lagos\/wp-content\/uploads\/sites\/17\/2020\/11\/pedro_pagina_explora.png","width":736,"height":420},{"@type":"BreadcrumbList","@id":"https:\/\/explora.cl\/lagos\/lanzamiento-festival-de-la-ciencia-los-lagos-2020\/#breadcrumb","itemListElement":[{"@type":"ListItem","position":1,"name":"Portada","item":"https:\/\/explora.cl\/lagos\/"},{"@type":"ListItem","position":2,"name":"Lanzamiento Festival de la Ciencia Los Lagos 2020"}]},{"@type":"WebSite","@id":"https:\/\/explora.cl\/lagos\/#website","url":"https:\/\/explora.cl\/lagos\/","name":"Los Lagos","description":"Otro sitio m\u00e1s de explora.cl","potentialAction":[{"@type":"SearchAction","target":{"@type":"EntryPoint","urlTemplate":"https:\/\/explora.cl\/lagos\/?s={search_term_string}"},"query-input":{"@type":"PropertyValueSpecification","valueRequired":true,"valueName":"search_term_string"}}],"inLanguage":"es"},{"@type":"Person","@id":"https:\/\/explora.cl\/lagos\/#\/schema\/person\/6608d3ee9ea0b0daeaf12289528fc582","name":"jvargas","image":{"@type":"ImageObject","inLanguage":"es","@id":"https:\/\/explora.cl\/lagos\/#\/schema\/person\/image\/","url":"https:\/\/secure.gravatar.com\/avatar\/8a6892fbfb002ef173a244b534b4bbcea4c183fc3fbf7732e64ac89b1d22d482?s=96&d=mm&r=g","contentUrl":"https:\/\/secure.gravatar.com\/avatar\/8a6892fbfb002ef173a244b534b4bbcea4c183fc3fbf7732e64ac89b1d22d482?s=96&d=mm&r=g","caption":"jvargas"},"url":"https:\/\/explora.cl\/lagos\/author\/jvargas\/"}]}},"_links":{"self":[{"href":"https:\/\/explora.cl\/lagos\/wp-json\/wp\/v2\/posts\/39610","targetHints":{"allow":["GET"]}}],"collection":[{"href":"https:\/\/explora.cl\/lagos\/wp-json\/wp\/v2\/posts"}],"about":[{"href":"https:\/\/explora.cl\/lagos\/wp-json\/wp\/v2\/types\/post"}],"author":[{"embeddable":true,"href":"https:\/\/explora.cl\/lagos\/wp-json\/wp\/v2\/users\/36"}],"replies":[{"embeddable":true,"href":"https:\/\/explora.cl\/lagos\/wp-json\/wp\/v2\/comments?post=39610"}],"version-history":[{"count":4,"href":"https:\/\/explora.cl\/lagos\/wp-json\/wp\/v2\/posts\/39610\/revisions"}],"predecessor-version":[{"id":39640,"href":"https:\/\/explora.cl\/lagos\/wp-json\/wp\/v2\/posts\/39610\/revisions\/39640"}],"wp:featuredmedia":[{"embeddable":true,"href":"https:\/\/explora.cl\/lagos\/wp-json\/wp\/v2\/media\/39611"}],"wp:attachment":[{"href":"https:\/\/explora.cl\/lagos\/wp-json\/wp\/v2\/media?parent=39610"}],"wp:term":[{"taxonomy":"category","embeddable":true,"href":"https:\/\/explora.cl\/lagos\/wp-json\/wp\/v2\/categories?post=39610"},{"taxonomy":"post_tag","embeddable":true,"href":"https:\/\/explora.cl\/lagos\/wp-json\/wp\/v2\/tags?post=39610"}],"curies":[{"name":"wp","href":"https:\/\/api.w.org\/{rel}","templated":true}]}}