{"id":39597,"date":"2020-10-20T15:34:07","date_gmt":"2020-10-20T18:34:07","guid":{"rendered":"https:\/\/explora.cl\/lagos\/?p=39597"},"modified":"2020-11-15T01:10:43","modified_gmt":"2020-11-15T04:10:43","slug":"experta-en-turberas-abordara-los-desafios-de-su-conservacion-en-cafe-cientifico","status":"publish","type":"post","link":"https:\/\/explora.cl\/lagos\/experta-en-turberas-abordara-los-desafios-de-su-conservacion-en-cafe-cientifico\/","title":{"rendered":"Experta en Turberas abordar\u00e1 los desaf\u00edos de su conservaci\u00f3n en Caf\u00e9 Cient\u00edfico"},"content":{"rendered":"<p>La extracci\u00f3n indiscriminada del musgo \u201cpomp\u00f3n\u201d y la explotaci\u00f3n de turberas han provocado una preocupante degradaci\u00f3n de estos ecosistemas, afectando directamente los servicios ecosist\u00e9micos, especialmente en Chilo\u00e9 ubicado en la Regi\u00f3n de Los Lagos.<\/p>\n<p>El desaf\u00edo que implica la conservaci\u00f3n y el uso sustentable de las Turberas y la relevancia que tienen como patrimonio natural, son temas que se abordar\u00e1n en el quinto Caf\u00e9 Cient\u00edfico #Entucasa a trav\u00e9s de la Charla: \u00abTurberas \u00bfQu\u00e9 son y por qu\u00e9 son importantes?\u00bb, que impartir\u00e1 la Dra. Carolina Le\u00f3n, Doctora en Biolog\u00eda de la Conservaci\u00f3n de la Universidad Complutense de Madrid, Espa\u00f1a y Jefa del Centro de Investigaci\u00f3n en Recursos Naturales y Sustentabilidad (CIRENYS), Universidad Bernardo O\u2019 Higgins.<\/p>\n<p>La instancia organizada por el Proyecto Explora Los Lagos del Ministerio de Ciencia en conjunto con la Unidad de Extensi\u00f3n Cient\u00edfica de la Universidad Austral de Chile Sede Puerto Montt y el apoyo del Canal Regional V\u00e9rtice TV y Essal, busca acercar la ciencia y la tecnolog\u00eda a la comunidad a trav\u00e9s de una reuni\u00f3n virtual que se realiza una vez al mes.<\/p>\n<p>Respecto a la tem\u00e1tica a abordar en esta oportunidad, la Dra. Carolina Le\u00f3n, enfatiz\u00f3 que \u201clas turberas, son humedales que prestan importantes servicios: protegen la biodiversidad, almacenan agua dulce, acumulan carbono, entre muchos otros. A esta importancia ecol\u00f3gica se suma la importancia econ\u00f3mica que tiene la turba y el musgo Sphagnum que se encuentra en estos sitios. Sin embargo, las actividades extractivas amenazan de manera significativa a estos ecosistemas\u201d.<\/p>\n<p>Gabriela Navarro, Directora del Proyecto Explora Los Lagos, UACh, especific\u00f3 que \u201cen el Archipi\u00e9lago de Chilo\u00e9, la crisis h\u00eddrica que afecta al planeta como consecuencia del cambio clim\u00e1tico se agudiza, porque no cuenta con cordilleras nevadas que son reservorios de agua dulce. Por esta raz\u00f3n, la explotaci\u00f3n del musgo Sphagnum impacta directamente a las personas, por ser un ecosistema que protege y nutre los acu\u00edferos que proveen agua dulce del cual dependen los habitantes de la Isla Grande de Chilo\u00e9\u201d.<\/p>\n<p>El Caf\u00e9 Cient\u00edfico #Entucasa es un espacio de encuentro entre la comunidad general e investigadores\/as y divulgadores\/as de las Ciencias y la Tecnolog\u00eda provenientes de diversas instituciones de Chile e incluso el extranjero. La invitaci\u00f3n se extiende a todas las personas que tienen alg\u00fan inter\u00e9s en la ciencia, aunque no necesariamente posean una base cient\u00edfica.<\/p>\n<p>Cabe destacar que, todos los encuentros son emitidos posteriormente a trav\u00e9s del Canal V\u00e9rtice TV y el canal de Youtube PAR Explora Los Lagos, donde adem\u00e1s se incorpora la interpretaci\u00f3n de Lengua de Se\u00f1as Chilena para promover la inclusividad y diversidad en la formaci\u00f3n de una cultura cient\u00edfica. Tambi\u00e9n se puede acceder al material a trav\u00e9s de las p\u00e1ginas y redes sociales de la UACh y el PAR Explora Los Lagos.<\/p>\n<p>Inscripciones en\u00a0<a href=\"https:\/\/forms.gle\/jJbZrK1adLV67AS4A\">https:\/\/forms.gle\/jJbZrK1adLV67AS4A\u00a0<\/a>\u00a0y m\u00e1s\u00a0 informaci\u00f3n al correo\u00a0<a href=\"mailto:par.loslagos.explora@gmail.com\">par.loslagos.explora@gmail.com<\/a>.<\/p>\n<p><strong>Rese\u00f1a expositora<\/strong><\/p>\n<p>La Dra. Carolina Le\u00f3n Valdebenito, es bi\u00f3loga de la Universidad de Concepci\u00f3n, Diploma de Estudios Avanzando en Bot\u00e1nica y Doctora en Biolog\u00eda de la Conservaci\u00f3n de la Universidad Complutense de Madrid (Espa\u00f1a). Jefa del Centro de Investigaci\u00f3n en Recursos Naturales y Sustentabilidad (CIRENYS) de la Universidad Bernardo O\u2019Higgins. Sus principales l\u00edneas de investigaci\u00f3n son: ecolog\u00eda y uso sustentable de turberas, diversidad de flora no vascular, servicios ecosist\u00e9micos y educaci\u00f3n ambiental.<\/p>\n","protected":false},"excerpt":{"rendered":"<p>Se desarrollar\u00e1 el jueves 29 de octubre a las 18:30 horas a trav\u00e9s de la plataforma Zoom.<\/p>\n","protected":false},"author":36,"featured_media":39598,"comment_status":"open","ping_status":"open","sticky":false,"template":"","format":"standard","meta":{"_acf_changed":false,"_exactmetrics_skip_tracking":false,"_exactmetrics_sitenote_active":false,"_exactmetrics_sitenote_note":"","_exactmetrics_sitenote_category":0,"footnotes":"","_links_to":"","_links_to_target":""},"categories":[4,1],"tags":[],"class_list":["post-39597","post","type-post","status-publish","format-standard","has-post-thumbnail","hentry","category-noticias","category-sin-categoria"],"acf":[],"yoast_head":"<!-- This site is optimized with the Yoast SEO plugin v26.9 - https:\/\/yoast.com\/product\/yoast-seo-wordpress\/ -->\n<title>Experta en Turberas abordar\u00e1 los desaf\u00edos de su conservaci\u00f3n en Caf\u00e9 Cient\u00edfico - Los Lagos<\/title>\n<meta name=\"robots\" content=\"index, follow, max-snippet:-1, max-image-preview:large, max-video-preview:-1\" \/>\n<link rel=\"canonical\" href=\"https:\/\/explora.cl\/lagos\/experta-en-turberas-abordara-los-desafios-de-su-conservacion-en-cafe-cientifico\/\" class=\"yoast-seo-meta-tag\" \/>\n<meta property=\"og:locale\" content=\"es_ES\" class=\"yoast-seo-meta-tag\" \/>\n<meta property=\"og:type\" content=\"article\" class=\"yoast-seo-meta-tag\" \/>\n<meta property=\"og:title\" content=\"Experta en Turberas abordar\u00e1 los desaf\u00edos de su conservaci\u00f3n en Caf\u00e9 Cient\u00edfico - Los Lagos\" class=\"yoast-seo-meta-tag\" \/>\n<meta property=\"og:description\" content=\"Se desarrollar\u00e1 el jueves 29 de octubre a las 18:30 horas a trav\u00e9s de la plataforma Zoom.\" class=\"yoast-seo-meta-tag\" \/>\n<meta property=\"og:url\" content=\"https:\/\/explora.cl\/lagos\/experta-en-turberas-abordara-los-desafios-de-su-conservacion-en-cafe-cientifico\/\" class=\"yoast-seo-meta-tag\" \/>\n<meta property=\"og:site_name\" content=\"Los Lagos\" class=\"yoast-seo-meta-tag\" \/>\n<meta property=\"article:published_time\" content=\"2020-10-20T18:34:07+00:00\" class=\"yoast-seo-meta-tag\" \/>\n<meta property=\"article:modified_time\" content=\"2020-11-15T04:10:43+00:00\" class=\"yoast-seo-meta-tag\" \/>\n<meta property=\"og:image\" content=\"https:\/\/explora.cl\/lagos\/wp-content\/uploads\/sites\/17\/2020\/11\/cafe_cientifico_pagina_explora5.png\" class=\"yoast-seo-meta-tag\" \/>\n\t<meta property=\"og:image:width\" content=\"736\" class=\"yoast-seo-meta-tag\" \/>\n\t<meta property=\"og:image:height\" content=\"420\" class=\"yoast-seo-meta-tag\" \/>\n\t<meta property=\"og:image:type\" content=\"image\/png\" class=\"yoast-seo-meta-tag\" \/>\n<meta name=\"author\" content=\"jvargas\" class=\"yoast-seo-meta-tag\" \/>\n<meta name=\"twitter:card\" content=\"summary_large_image\" class=\"yoast-seo-meta-tag\" \/>\n<meta name=\"twitter:label1\" content=\"Escrito por\" class=\"yoast-seo-meta-tag\" \/>\n\t<meta name=\"twitter:data1\" content=\"jvargas\" class=\"yoast-seo-meta-tag\" \/>\n\t<meta name=\"twitter:label2\" content=\"Tiempo de lectura\" class=\"yoast-seo-meta-tag\" \/>\n\t<meta name=\"twitter:data2\" content=\"3 minutos\" class=\"yoast-seo-meta-tag\" \/>\n<script type=\"application\/ld+json\" class=\"yoast-schema-graph\">{\"@context\":\"https:\/\/schema.org\",\"@graph\":[{\"@type\":\"Article\",\"@id\":\"https:\/\/explora.cl\/lagos\/experta-en-turberas-abordara-los-desafios-de-su-conservacion-en-cafe-cientifico\/#article\",\"isPartOf\":{\"@id\":\"https:\/\/explora.cl\/lagos\/experta-en-turberas-abordara-los-desafios-de-su-conservacion-en-cafe-cientifico\/\"},\"author\":{\"name\":\"jvargas\",\"@id\":\"https:\/\/explora.cl\/lagos\/#\/schema\/person\/6608d3ee9ea0b0daeaf12289528fc582\"},\"headline\":\"Experta en Turberas abordar\u00e1 los desaf\u00edos de su conservaci\u00f3n en Caf\u00e9 Cient\u00edfico\",\"datePublished\":\"2020-10-20T18:34:07+00:00\",\"dateModified\":\"2020-11-15T04:10:43+00:00\",\"mainEntityOfPage\":{\"@id\":\"https:\/\/explora.cl\/lagos\/experta-en-turberas-abordara-los-desafios-de-su-conservacion-en-cafe-cientifico\/\"},\"wordCount\":625,\"commentCount\":0,\"image\":{\"@id\":\"https:\/\/explora.cl\/lagos\/experta-en-turberas-abordara-los-desafios-de-su-conservacion-en-cafe-cientifico\/#primaryimage\"},\"thumbnailUrl\":\"https:\/\/explora.cl\/lagos\/wp-content\/uploads\/sites\/17\/2020\/11\/cafe_cientifico_pagina_explora5.png\",\"articleSection\":[\"Noticias\"],\"inLanguage\":\"es\",\"potentialAction\":[{\"@type\":\"CommentAction\",\"name\":\"Comment\",\"target\":[\"https:\/\/explora.cl\/lagos\/experta-en-turberas-abordara-los-desafios-de-su-conservacion-en-cafe-cientifico\/#respond\"]}]},{\"@type\":\"WebPage\",\"@id\":\"https:\/\/explora.cl\/lagos\/experta-en-turberas-abordara-los-desafios-de-su-conservacion-en-cafe-cientifico\/\",\"url\":\"https:\/\/explora.cl\/lagos\/experta-en-turberas-abordara-los-desafios-de-su-conservacion-en-cafe-cientifico\/\",\"name\":\"Experta en Turberas abordar\u00e1 los desaf\u00edos de su conservaci\u00f3n en Caf\u00e9 Cient\u00edfico - Los Lagos\",\"isPartOf\":{\"@id\":\"https:\/\/explora.cl\/lagos\/#website\"},\"primaryImageOfPage\":{\"@id\":\"https:\/\/explora.cl\/lagos\/experta-en-turberas-abordara-los-desafios-de-su-conservacion-en-cafe-cientifico\/#primaryimage\"},\"image\":{\"@id\":\"https:\/\/explora.cl\/lagos\/experta-en-turberas-abordara-los-desafios-de-su-conservacion-en-cafe-cientifico\/#primaryimage\"},\"thumbnailUrl\":\"https:\/\/explora.cl\/lagos\/wp-content\/uploads\/sites\/17\/2020\/11\/cafe_cientifico_pagina_explora5.png\",\"datePublished\":\"2020-10-20T18:34:07+00:00\",\"dateModified\":\"2020-11-15T04:10:43+00:00\",\"author\":{\"@id\":\"https:\/\/explora.cl\/lagos\/#\/schema\/person\/6608d3ee9ea0b0daeaf12289528fc582\"},\"breadcrumb\":{\"@id\":\"https:\/\/explora.cl\/lagos\/experta-en-turberas-abordara-los-desafios-de-su-conservacion-en-cafe-cientifico\/#breadcrumb\"},\"inLanguage\":\"es\",\"potentialAction\":[{\"@type\":\"ReadAction\",\"target\":[\"https:\/\/explora.cl\/lagos\/experta-en-turberas-abordara-los-desafios-de-su-conservacion-en-cafe-cientifico\/\"]}]},{\"@type\":\"ImageObject\",\"inLanguage\":\"es\",\"@id\":\"https:\/\/explora.cl\/lagos\/experta-en-turberas-abordara-los-desafios-de-su-conservacion-en-cafe-cientifico\/#primaryimage\",\"url\":\"https:\/\/explora.cl\/lagos\/wp-content\/uploads\/sites\/17\/2020\/11\/cafe_cientifico_pagina_explora5.png\",\"contentUrl\":\"https:\/\/explora.cl\/lagos\/wp-content\/uploads\/sites\/17\/2020\/11\/cafe_cientifico_pagina_explora5.png\",\"width\":736,\"height\":420},{\"@type\":\"BreadcrumbList\",\"@id\":\"https:\/\/explora.cl\/lagos\/experta-en-turberas-abordara-los-desafios-de-su-conservacion-en-cafe-cientifico\/#breadcrumb\",\"itemListElement\":[{\"@type\":\"ListItem\",\"position\":1,\"name\":\"Portada\",\"item\":\"https:\/\/explora.cl\/lagos\/\"},{\"@type\":\"ListItem\",\"position\":2,\"name\":\"Experta en Turberas abordar\u00e1 los desaf\u00edos de su conservaci\u00f3n en Caf\u00e9 Cient\u00edfico\"}]},{\"@type\":\"WebSite\",\"@id\":\"https:\/\/explora.cl\/lagos\/#website\",\"url\":\"https:\/\/explora.cl\/lagos\/\",\"name\":\"Los Lagos\",\"description\":\"Otro sitio m\u00e1s de explora.cl\",\"potentialAction\":[{\"@type\":\"SearchAction\",\"target\":{\"@type\":\"EntryPoint\",\"urlTemplate\":\"https:\/\/explora.cl\/lagos\/?s={search_term_string}\"},\"query-input\":{\"@type\":\"PropertyValueSpecification\",\"valueRequired\":true,\"valueName\":\"search_term_string\"}}],\"inLanguage\":\"es\"},{\"@type\":\"Person\",\"@id\":\"https:\/\/explora.cl\/lagos\/#\/schema\/person\/6608d3ee9ea0b0daeaf12289528fc582\",\"name\":\"jvargas\",\"image\":{\"@type\":\"ImageObject\",\"inLanguage\":\"es\",\"@id\":\"https:\/\/explora.cl\/lagos\/#\/schema\/person\/image\/\",\"url\":\"https:\/\/secure.gravatar.com\/avatar\/8a6892fbfb002ef173a244b534b4bbcea4c183fc3fbf7732e64ac89b1d22d482?s=96&d=mm&r=g\",\"contentUrl\":\"https:\/\/secure.gravatar.com\/avatar\/8a6892fbfb002ef173a244b534b4bbcea4c183fc3fbf7732e64ac89b1d22d482?s=96&d=mm&r=g\",\"caption\":\"jvargas\"},\"url\":\"https:\/\/explora.cl\/lagos\/author\/jvargas\/\"}]}<\/script>\n<!-- \/ Yoast SEO plugin. -->","yoast_head_json":{"title":"Experta en Turberas abordar\u00e1 los desaf\u00edos de su conservaci\u00f3n en Caf\u00e9 Cient\u00edfico - Los Lagos","robots":{"index":"index","follow":"follow","max-snippet":"max-snippet:-1","max-image-preview":"max-image-preview:large","max-video-preview":"max-video-preview:-1"},"canonical":"https:\/\/explora.cl\/lagos\/experta-en-turberas-abordara-los-desafios-de-su-conservacion-en-cafe-cientifico\/","og_locale":"es_ES","og_type":"article","og_title":"Experta en Turberas abordar\u00e1 los desaf\u00edos de su conservaci\u00f3n en Caf\u00e9 Cient\u00edfico - Los Lagos","og_description":"Se desarrollar\u00e1 el jueves 29 de octubre a las 18:30 horas a trav\u00e9s de la plataforma Zoom.","og_url":"https:\/\/explora.cl\/lagos\/experta-en-turberas-abordara-los-desafios-de-su-conservacion-en-cafe-cientifico\/","og_site_name":"Los Lagos","article_published_time":"2020-10-20T18:34:07+00:00","article_modified_time":"2020-11-15T04:10:43+00:00","og_image":[{"width":736,"height":420,"url":"https:\/\/explora.cl\/lagos\/wp-content\/uploads\/sites\/17\/2020\/11\/cafe_cientifico_pagina_explora5.png","type":"image\/png"}],"author":"jvargas","twitter_card":"summary_large_image","twitter_misc":{"Escrito por":"jvargas","Tiempo de lectura":"3 minutos"},"schema":{"@context":"https:\/\/schema.org","@graph":[{"@type":"Article","@id":"https:\/\/explora.cl\/lagos\/experta-en-turberas-abordara-los-desafios-de-su-conservacion-en-cafe-cientifico\/#article","isPartOf":{"@id":"https:\/\/explora.cl\/lagos\/experta-en-turberas-abordara-los-desafios-de-su-conservacion-en-cafe-cientifico\/"},"author":{"name":"jvargas","@id":"https:\/\/explora.cl\/lagos\/#\/schema\/person\/6608d3ee9ea0b0daeaf12289528fc582"},"headline":"Experta en Turberas abordar\u00e1 los desaf\u00edos de su conservaci\u00f3n en Caf\u00e9 Cient\u00edfico","datePublished":"2020-10-20T18:34:07+00:00","dateModified":"2020-11-15T04:10:43+00:00","mainEntityOfPage":{"@id":"https:\/\/explora.cl\/lagos\/experta-en-turberas-abordara-los-desafios-de-su-conservacion-en-cafe-cientifico\/"},"wordCount":625,"commentCount":0,"image":{"@id":"https:\/\/explora.cl\/lagos\/experta-en-turberas-abordara-los-desafios-de-su-conservacion-en-cafe-cientifico\/#primaryimage"},"thumbnailUrl":"https:\/\/explora.cl\/lagos\/wp-content\/uploads\/sites\/17\/2020\/11\/cafe_cientifico_pagina_explora5.png","articleSection":["Noticias"],"inLanguage":"es","potentialAction":[{"@type":"CommentAction","name":"Comment","target":["https:\/\/explora.cl\/lagos\/experta-en-turberas-abordara-los-desafios-de-su-conservacion-en-cafe-cientifico\/#respond"]}]},{"@type":"WebPage","@id":"https:\/\/explora.cl\/lagos\/experta-en-turberas-abordara-los-desafios-de-su-conservacion-en-cafe-cientifico\/","url":"https:\/\/explora.cl\/lagos\/experta-en-turberas-abordara-los-desafios-de-su-conservacion-en-cafe-cientifico\/","name":"Experta en Turberas abordar\u00e1 los desaf\u00edos de su conservaci\u00f3n en Caf\u00e9 Cient\u00edfico - Los Lagos","isPartOf":{"@id":"https:\/\/explora.cl\/lagos\/#website"},"primaryImageOfPage":{"@id":"https:\/\/explora.cl\/lagos\/experta-en-turberas-abordara-los-desafios-de-su-conservacion-en-cafe-cientifico\/#primaryimage"},"image":{"@id":"https:\/\/explora.cl\/lagos\/experta-en-turberas-abordara-los-desafios-de-su-conservacion-en-cafe-cientifico\/#primaryimage"},"thumbnailUrl":"https:\/\/explora.cl\/lagos\/wp-content\/uploads\/sites\/17\/2020\/11\/cafe_cientifico_pagina_explora5.png","datePublished":"2020-10-20T18:34:07+00:00","dateModified":"2020-11-15T04:10:43+00:00","author":{"@id":"https:\/\/explora.cl\/lagos\/#\/schema\/person\/6608d3ee9ea0b0daeaf12289528fc582"},"breadcrumb":{"@id":"https:\/\/explora.cl\/lagos\/experta-en-turberas-abordara-los-desafios-de-su-conservacion-en-cafe-cientifico\/#breadcrumb"},"inLanguage":"es","potentialAction":[{"@type":"ReadAction","target":["https:\/\/explora.cl\/lagos\/experta-en-turberas-abordara-los-desafios-de-su-conservacion-en-cafe-cientifico\/"]}]},{"@type":"ImageObject","inLanguage":"es","@id":"https:\/\/explora.cl\/lagos\/experta-en-turberas-abordara-los-desafios-de-su-conservacion-en-cafe-cientifico\/#primaryimage","url":"https:\/\/explora.cl\/lagos\/wp-content\/uploads\/sites\/17\/2020\/11\/cafe_cientifico_pagina_explora5.png","contentUrl":"https:\/\/explora.cl\/lagos\/wp-content\/uploads\/sites\/17\/2020\/11\/cafe_cientifico_pagina_explora5.png","width":736,"height":420},{"@type":"BreadcrumbList","@id":"https:\/\/explora.cl\/lagos\/experta-en-turberas-abordara-los-desafios-de-su-conservacion-en-cafe-cientifico\/#breadcrumb","itemListElement":[{"@type":"ListItem","position":1,"name":"Portada","item":"https:\/\/explora.cl\/lagos\/"},{"@type":"ListItem","position":2,"name":"Experta en Turberas abordar\u00e1 los desaf\u00edos de su conservaci\u00f3n en Caf\u00e9 Cient\u00edfico"}]},{"@type":"WebSite","@id":"https:\/\/explora.cl\/lagos\/#website","url":"https:\/\/explora.cl\/lagos\/","name":"Los Lagos","description":"Otro sitio m\u00e1s de explora.cl","potentialAction":[{"@type":"SearchAction","target":{"@type":"EntryPoint","urlTemplate":"https:\/\/explora.cl\/lagos\/?s={search_term_string}"},"query-input":{"@type":"PropertyValueSpecification","valueRequired":true,"valueName":"search_term_string"}}],"inLanguage":"es"},{"@type":"Person","@id":"https:\/\/explora.cl\/lagos\/#\/schema\/person\/6608d3ee9ea0b0daeaf12289528fc582","name":"jvargas","image":{"@type":"ImageObject","inLanguage":"es","@id":"https:\/\/explora.cl\/lagos\/#\/schema\/person\/image\/","url":"https:\/\/secure.gravatar.com\/avatar\/8a6892fbfb002ef173a244b534b4bbcea4c183fc3fbf7732e64ac89b1d22d482?s=96&d=mm&r=g","contentUrl":"https:\/\/secure.gravatar.com\/avatar\/8a6892fbfb002ef173a244b534b4bbcea4c183fc3fbf7732e64ac89b1d22d482?s=96&d=mm&r=g","caption":"jvargas"},"url":"https:\/\/explora.cl\/lagos\/author\/jvargas\/"}]}},"_links":{"self":[{"href":"https:\/\/explora.cl\/lagos\/wp-json\/wp\/v2\/posts\/39597","targetHints":{"allow":["GET"]}}],"collection":[{"href":"https:\/\/explora.cl\/lagos\/wp-json\/wp\/v2\/posts"}],"about":[{"href":"https:\/\/explora.cl\/lagos\/wp-json\/wp\/v2\/types\/post"}],"author":[{"embeddable":true,"href":"https:\/\/explora.cl\/lagos\/wp-json\/wp\/v2\/users\/36"}],"replies":[{"embeddable":true,"href":"https:\/\/explora.cl\/lagos\/wp-json\/wp\/v2\/comments?post=39597"}],"version-history":[{"count":1,"href":"https:\/\/explora.cl\/lagos\/wp-json\/wp\/v2\/posts\/39597\/revisions"}],"predecessor-version":[{"id":39599,"href":"https:\/\/explora.cl\/lagos\/wp-json\/wp\/v2\/posts\/39597\/revisions\/39599"}],"wp:featuredmedia":[{"embeddable":true,"href":"https:\/\/explora.cl\/lagos\/wp-json\/wp\/v2\/media\/39598"}],"wp:attachment":[{"href":"https:\/\/explora.cl\/lagos\/wp-json\/wp\/v2\/media?parent=39597"}],"wp:term":[{"taxonomy":"category","embeddable":true,"href":"https:\/\/explora.cl\/lagos\/wp-json\/wp\/v2\/categories?post=39597"},{"taxonomy":"post_tag","embeddable":true,"href":"https:\/\/explora.cl\/lagos\/wp-json\/wp\/v2\/tags?post=39597"}],"curies":[{"name":"wp","href":"https:\/\/api.w.org\/{rel}","templated":true}]}}