{"id":39543,"date":"2020-09-24T16:46:21","date_gmt":"2020-09-24T19:46:21","guid":{"rendered":"https:\/\/explora.cl\/lagos\/?p=39543"},"modified":"2020-11-01T15:53:31","modified_gmt":"2020-11-01T18:53:31","slug":"exploradores-del-cosmos-sera-la-cuarta-charla-del-ciclo-eclipsados-por-el-sol","status":"publish","type":"post","link":"https:\/\/explora.cl\/lagos\/exploradores-del-cosmos-sera-la-cuarta-charla-del-ciclo-eclipsados-por-el-sol\/","title":{"rendered":"Exploradores del Cosmos ser\u00e1 la cuarta charla del Ciclo Eclipsados por el Sol"},"content":{"rendered":"<p><em>El pr\u00f3ximo mi\u00e9rcoles 30 de septiembre a las 18:00 hrs. se realizar\u00e1 la pr\u00f3xima charla astron\u00f3mica que se transmitir\u00e1 a trav\u00e9s de Facebook Live <\/em><a href=\"mailto:https:\/\/www.facebook.com\/PARExploraLagos\"><em>@PARExploraLagos<\/em><\/a><em> y canal de <\/em><a href=\"mailto:https:\/\/www.youtube.com\/channel\/UCX9qmWDc-vIj_b_gg6dgabw\"><em>YouTube<\/em><\/a><em>. <\/em><\/p>\n<p>Sumergirse en los misterios del universo es la invitaci\u00f3n para los amantes de la Astronom\u00eda en la pr\u00f3xima Charla del Ciclo Eclipsados por el Sol: \u201cExploradores del Cosmos\u201d, que impartir\u00e1 el Dr. Juan Carlos Beam\u00edn, Doctor en Astrof\u00edsica de la Pontificia Universidad Cat\u00f3lica de Chile y Coordinador Cient\u00edfico del Centro de Comunicaci\u00f3n de las Ciencias de la Universidad Aut\u00f3noma de Chile.<\/p>\n<p>La iniciativa es desarrollada desde agosto por el Proyecto Explora Los Lagos del Ministerio de Ciencia, Tecnolog\u00eda, Conocimiento e Innovaci\u00f3n junto al\u00a0Centro de Docencia Superior en Ciencias B\u00e1sicas (CEDOSUCIBA) de la Universidad Austral de Chile Sede Puerto Montt y con el apoyo del Observatorio Europeo Austral (ESO) y la Agrupaci\u00f3n Astronom\u00eda Inclusiva, quienes organizaron un ciclo de charlas online que cuenta con interpretaci\u00f3n en Lengua de Se\u00f1as Chilena en vivo.<\/p>\n<p>En esta oportunidad, nos acompa\u00f1ar\u00e1 el Dr. Juan Carlos Beam\u00edn, quien adem\u00e1s es comunicador cient\u00edfico, autor del libro \u201cAstronom\u00eda Ilustrada\u201d y actualmente conductor del podcast la \u201cRa\u00edz de la Ciencia\u201d. El Dr. Beam\u00edn, realiz\u00f3 una pasant\u00eda doctoral de dos a\u00f1os en el Observatorio Europeo Austral y se desempe\u00f1\u00f3 como investigador post-doctoral en la Universidad de Valpara\u00edso y como investigador del N\u00facleo Milenio de Formaci\u00f3n Planetaria. Adem\u00e1s, es miembro de la Sociedad Chilena de Astronom\u00eda desde 2015 y como astr\u00f3nomo su especialidad son las estrellas de baja masa y enanas marrones.<\/p>\n<p>El ciclo de charlas est\u00e1 enmarcado en la espera del Eclipse Total de Sol del 14 de diciembre de 2020 que se apreciar\u00e1 en su totalidad en la Regi\u00f3n de La Araucan\u00eda y Los R\u00edos y en gran parte de la Regi\u00f3n de Los Lagos. Adem\u00e1s, la instancia busca generar un espacio para acercar la ciencia a la comunidad con la finalidad de que el p\u00fablico general tenga la oportunidad de conocer e interactuar con divulgadoras\/es cient\u00edficos destacados en el \u00e1rea de la Astronom\u00eda.<\/p>\n<p>Gabriela Navarro, directora del Proyecto Explora Los Lagos UACh, destac\u00f3 que \u201cdurante el desarrollo de esta iniciativa hemos contado con una excelente recepci\u00f3n del p\u00fablico proveniente de distintas regiones del pa\u00eds, quienes se han mostrado muy motivados realizando diversas preguntas. Por ello, las dejo a todas y todos invitados a seguir conectados en nuestras redes sociales para seguir participando en este ciclo de charlas y conocer sobre las pr\u00f3ximas actividades astron\u00f3micas l\u00fadicas e inclusivas camino al eclipse que lanzar\u00e1 el Proyecto Explora Los Lagos en formato virtual y\/o presencial, dependiendo de la contingencia sanitaria debido al COVID-19\u201d.<\/p>\n<p>La charlas son abiertas y gratuitas y la cuarta se realizar\u00e1 el pr\u00f3ximo <strong>mi\u00e9rcoles 30 de septiembre a las 18:00 hrs.<\/strong> a trav\u00e9s del Facebook Live \u00a0<a href=\"https:\/\/www.facebook.com\/PARExploraLagos\">@PARExploraLagos.\u00a0<\/a> y canal de <a href=\"mailto:https:\/\/www.youtube.com\/channel\/UCX9qmWDc-vIj_b_gg6dgabw\">YouTube.<\/a><\/p>\n<p>Si desean participar, pueden sumarse al evento ingresando en el link <a href=\"https:\/\/www.facebook.com\/events\/3299980783373065\">https:\/\/www.facebook.com\/events\/3299980783373065<\/a><\/p>\n<p>&nbsp;<\/p>\n<p>&nbsp;<\/p>\n","protected":false},"excerpt":{"rendered":"<p>El pr\u00f3ximo mi\u00e9rcoles 30 de septiembre a las 18:00 hrs.<\/p>\n","protected":false},"author":36,"featured_media":39544,"comment_status":"open","ping_status":"open","sticky":false,"template":"","format":"standard","meta":{"_acf_changed":false,"_exactmetrics_skip_tracking":false,"_exactmetrics_sitenote_active":false,"_exactmetrics_sitenote_note":"","_exactmetrics_sitenote_category":0,"footnotes":"","_links_to":"","_links_to_target":""},"categories":[151,1],"tags":[213,107,351,182,346,332],"class_list":["post-39543","post","type-post","status-publish","format-standard","has-post-thumbnail","hentry","category-banner","category-sin-categoria","tag-astronomia","tag-ciencia","tag-eclipse-total-de-sol-2020","tag-los-lagos","tag-proyecto-explora-los-lagos","tag-uach-sede-puerto-montt"],"acf":[],"yoast_head":"<!-- This site is optimized with the Yoast SEO plugin v26.9 - https:\/\/yoast.com\/product\/yoast-seo-wordpress\/ -->\n<title>Exploradores del Cosmos ser\u00e1 la cuarta charla del Ciclo Eclipsados por el Sol - Los Lagos<\/title>\n<meta name=\"robots\" content=\"index, follow, max-snippet:-1, max-image-preview:large, max-video-preview:-1\" \/>\n<link rel=\"canonical\" href=\"https:\/\/explora.cl\/lagos\/exploradores-del-cosmos-sera-la-cuarta-charla-del-ciclo-eclipsados-por-el-sol\/\" class=\"yoast-seo-meta-tag\" \/>\n<meta property=\"og:locale\" content=\"es_ES\" class=\"yoast-seo-meta-tag\" \/>\n<meta property=\"og:type\" content=\"article\" class=\"yoast-seo-meta-tag\" \/>\n<meta property=\"og:title\" content=\"Exploradores del Cosmos ser\u00e1 la cuarta charla del Ciclo Eclipsados por el Sol - Los Lagos\" class=\"yoast-seo-meta-tag\" \/>\n<meta property=\"og:description\" content=\"El pr\u00f3ximo mi\u00e9rcoles 30 de septiembre a las 18:00 hrs.\" class=\"yoast-seo-meta-tag\" \/>\n<meta property=\"og:url\" content=\"https:\/\/explora.cl\/lagos\/exploradores-del-cosmos-sera-la-cuarta-charla-del-ciclo-eclipsados-por-el-sol\/\" class=\"yoast-seo-meta-tag\" \/>\n<meta property=\"og:site_name\" content=\"Los Lagos\" class=\"yoast-seo-meta-tag\" \/>\n<meta property=\"article:published_time\" content=\"2020-09-24T19:46:21+00:00\" class=\"yoast-seo-meta-tag\" \/>\n<meta property=\"article:modified_time\" content=\"2020-11-01T18:53:31+00:00\" class=\"yoast-seo-meta-tag\" \/>\n<meta property=\"og:image\" content=\"https:\/\/explora.cl\/lagos\/wp-content\/uploads\/sites\/17\/2020\/09\/P\u00e1gina-Explora-Exploradores-del-Cosmos.png\" class=\"yoast-seo-meta-tag\" \/>\n\t<meta property=\"og:image:width\" content=\"736\" class=\"yoast-seo-meta-tag\" \/>\n\t<meta property=\"og:image:height\" content=\"420\" class=\"yoast-seo-meta-tag\" \/>\n\t<meta property=\"og:image:type\" content=\"image\/png\" class=\"yoast-seo-meta-tag\" \/>\n<meta name=\"author\" content=\"jvargas\" class=\"yoast-seo-meta-tag\" \/>\n<meta name=\"twitter:card\" content=\"summary_large_image\" class=\"yoast-seo-meta-tag\" \/>\n<meta name=\"twitter:label1\" content=\"Escrito por\" class=\"yoast-seo-meta-tag\" \/>\n\t<meta name=\"twitter:data1\" content=\"jvargas\" class=\"yoast-seo-meta-tag\" \/>\n\t<meta name=\"twitter:label2\" content=\"Tiempo de lectura\" class=\"yoast-seo-meta-tag\" \/>\n\t<meta name=\"twitter:data2\" content=\"3 minutos\" class=\"yoast-seo-meta-tag\" \/>\n<script type=\"application\/ld+json\" class=\"yoast-schema-graph\">{\"@context\":\"https:\/\/schema.org\",\"@graph\":[{\"@type\":\"Article\",\"@id\":\"https:\/\/explora.cl\/lagos\/exploradores-del-cosmos-sera-la-cuarta-charla-del-ciclo-eclipsados-por-el-sol\/#article\",\"isPartOf\":{\"@id\":\"https:\/\/explora.cl\/lagos\/exploradores-del-cosmos-sera-la-cuarta-charla-del-ciclo-eclipsados-por-el-sol\/\"},\"author\":{\"name\":\"jvargas\",\"@id\":\"https:\/\/explora.cl\/lagos\/#\/schema\/person\/6608d3ee9ea0b0daeaf12289528fc582\"},\"headline\":\"Exploradores del Cosmos ser\u00e1 la cuarta charla del Ciclo Eclipsados por el Sol\",\"datePublished\":\"2020-09-24T19:46:21+00:00\",\"dateModified\":\"2020-11-01T18:53:31+00:00\",\"mainEntityOfPage\":{\"@id\":\"https:\/\/explora.cl\/lagos\/exploradores-del-cosmos-sera-la-cuarta-charla-del-ciclo-eclipsados-por-el-sol\/\"},\"wordCount\":542,\"commentCount\":0,\"image\":{\"@id\":\"https:\/\/explora.cl\/lagos\/exploradores-del-cosmos-sera-la-cuarta-charla-del-ciclo-eclipsados-por-el-sol\/#primaryimage\"},\"thumbnailUrl\":\"https:\/\/explora.cl\/lagos\/wp-content\/uploads\/sites\/17\/2020\/09\/P\u00e1gina-Explora-Exploradores-del-Cosmos.png\",\"keywords\":[\"Astronom\u00eda\",\"ciencia\",\"Eclipse Total de Sol 2020\",\"Los Lagos\",\"Proyecto Explora Los Lagos\",\"UACh Sede Puerto Montt\"],\"articleSection\":[\"Banner\"],\"inLanguage\":\"es\",\"potentialAction\":[{\"@type\":\"CommentAction\",\"name\":\"Comment\",\"target\":[\"https:\/\/explora.cl\/lagos\/exploradores-del-cosmos-sera-la-cuarta-charla-del-ciclo-eclipsados-por-el-sol\/#respond\"]}]},{\"@type\":\"WebPage\",\"@id\":\"https:\/\/explora.cl\/lagos\/exploradores-del-cosmos-sera-la-cuarta-charla-del-ciclo-eclipsados-por-el-sol\/\",\"url\":\"https:\/\/explora.cl\/lagos\/exploradores-del-cosmos-sera-la-cuarta-charla-del-ciclo-eclipsados-por-el-sol\/\",\"name\":\"Exploradores del Cosmos ser\u00e1 la cuarta charla del Ciclo Eclipsados por el Sol - Los Lagos\",\"isPartOf\":{\"@id\":\"https:\/\/explora.cl\/lagos\/#website\"},\"primaryImageOfPage\":{\"@id\":\"https:\/\/explora.cl\/lagos\/exploradores-del-cosmos-sera-la-cuarta-charla-del-ciclo-eclipsados-por-el-sol\/#primaryimage\"},\"image\":{\"@id\":\"https:\/\/explora.cl\/lagos\/exploradores-del-cosmos-sera-la-cuarta-charla-del-ciclo-eclipsados-por-el-sol\/#primaryimage\"},\"thumbnailUrl\":\"https:\/\/explora.cl\/lagos\/wp-content\/uploads\/sites\/17\/2020\/09\/P\u00e1gina-Explora-Exploradores-del-Cosmos.png\",\"datePublished\":\"2020-09-24T19:46:21+00:00\",\"dateModified\":\"2020-11-01T18:53:31+00:00\",\"author\":{\"@id\":\"https:\/\/explora.cl\/lagos\/#\/schema\/person\/6608d3ee9ea0b0daeaf12289528fc582\"},\"breadcrumb\":{\"@id\":\"https:\/\/explora.cl\/lagos\/exploradores-del-cosmos-sera-la-cuarta-charla-del-ciclo-eclipsados-por-el-sol\/#breadcrumb\"},\"inLanguage\":\"es\",\"potentialAction\":[{\"@type\":\"ReadAction\",\"target\":[\"https:\/\/explora.cl\/lagos\/exploradores-del-cosmos-sera-la-cuarta-charla-del-ciclo-eclipsados-por-el-sol\/\"]}]},{\"@type\":\"ImageObject\",\"inLanguage\":\"es\",\"@id\":\"https:\/\/explora.cl\/lagos\/exploradores-del-cosmos-sera-la-cuarta-charla-del-ciclo-eclipsados-por-el-sol\/#primaryimage\",\"url\":\"https:\/\/explora.cl\/lagos\/wp-content\/uploads\/sites\/17\/2020\/09\/P\u00e1gina-Explora-Exploradores-del-Cosmos.png\",\"contentUrl\":\"https:\/\/explora.cl\/lagos\/wp-content\/uploads\/sites\/17\/2020\/09\/P\u00e1gina-Explora-Exploradores-del-Cosmos.png\",\"width\":736,\"height\":420},{\"@type\":\"BreadcrumbList\",\"@id\":\"https:\/\/explora.cl\/lagos\/exploradores-del-cosmos-sera-la-cuarta-charla-del-ciclo-eclipsados-por-el-sol\/#breadcrumb\",\"itemListElement\":[{\"@type\":\"ListItem\",\"position\":1,\"name\":\"Portada\",\"item\":\"https:\/\/explora.cl\/lagos\/\"},{\"@type\":\"ListItem\",\"position\":2,\"name\":\"Exploradores del Cosmos ser\u00e1 la cuarta charla del Ciclo Eclipsados por el Sol\"}]},{\"@type\":\"WebSite\",\"@id\":\"https:\/\/explora.cl\/lagos\/#website\",\"url\":\"https:\/\/explora.cl\/lagos\/\",\"name\":\"Los Lagos\",\"description\":\"Otro sitio m\u00e1s de explora.cl\",\"potentialAction\":[{\"@type\":\"SearchAction\",\"target\":{\"@type\":\"EntryPoint\",\"urlTemplate\":\"https:\/\/explora.cl\/lagos\/?s={search_term_string}\"},\"query-input\":{\"@type\":\"PropertyValueSpecification\",\"valueRequired\":true,\"valueName\":\"search_term_string\"}}],\"inLanguage\":\"es\"},{\"@type\":\"Person\",\"@id\":\"https:\/\/explora.cl\/lagos\/#\/schema\/person\/6608d3ee9ea0b0daeaf12289528fc582\",\"name\":\"jvargas\",\"image\":{\"@type\":\"ImageObject\",\"inLanguage\":\"es\",\"@id\":\"https:\/\/explora.cl\/lagos\/#\/schema\/person\/image\/\",\"url\":\"https:\/\/secure.gravatar.com\/avatar\/8a6892fbfb002ef173a244b534b4bbcea4c183fc3fbf7732e64ac89b1d22d482?s=96&d=mm&r=g\",\"contentUrl\":\"https:\/\/secure.gravatar.com\/avatar\/8a6892fbfb002ef173a244b534b4bbcea4c183fc3fbf7732e64ac89b1d22d482?s=96&d=mm&r=g\",\"caption\":\"jvargas\"},\"url\":\"https:\/\/explora.cl\/lagos\/author\/jvargas\/\"}]}<\/script>\n<!-- \/ Yoast SEO plugin. -->","yoast_head_json":{"title":"Exploradores del Cosmos ser\u00e1 la cuarta charla del Ciclo Eclipsados por el Sol - Los Lagos","robots":{"index":"index","follow":"follow","max-snippet":"max-snippet:-1","max-image-preview":"max-image-preview:large","max-video-preview":"max-video-preview:-1"},"canonical":"https:\/\/explora.cl\/lagos\/exploradores-del-cosmos-sera-la-cuarta-charla-del-ciclo-eclipsados-por-el-sol\/","og_locale":"es_ES","og_type":"article","og_title":"Exploradores del Cosmos ser\u00e1 la cuarta charla del Ciclo Eclipsados por el Sol - Los Lagos","og_description":"El pr\u00f3ximo mi\u00e9rcoles 30 de septiembre a las 18:00 hrs.","og_url":"https:\/\/explora.cl\/lagos\/exploradores-del-cosmos-sera-la-cuarta-charla-del-ciclo-eclipsados-por-el-sol\/","og_site_name":"Los Lagos","article_published_time":"2020-09-24T19:46:21+00:00","article_modified_time":"2020-11-01T18:53:31+00:00","og_image":[{"width":736,"height":420,"url":"https:\/\/explora.cl\/lagos\/wp-content\/uploads\/sites\/17\/2020\/09\/P\u00e1gina-Explora-Exploradores-del-Cosmos.png","type":"image\/png"}],"author":"jvargas","twitter_card":"summary_large_image","twitter_misc":{"Escrito por":"jvargas","Tiempo de lectura":"3 minutos"},"schema":{"@context":"https:\/\/schema.org","@graph":[{"@type":"Article","@id":"https:\/\/explora.cl\/lagos\/exploradores-del-cosmos-sera-la-cuarta-charla-del-ciclo-eclipsados-por-el-sol\/#article","isPartOf":{"@id":"https:\/\/explora.cl\/lagos\/exploradores-del-cosmos-sera-la-cuarta-charla-del-ciclo-eclipsados-por-el-sol\/"},"author":{"name":"jvargas","@id":"https:\/\/explora.cl\/lagos\/#\/schema\/person\/6608d3ee9ea0b0daeaf12289528fc582"},"headline":"Exploradores del Cosmos ser\u00e1 la cuarta charla del Ciclo Eclipsados por el Sol","datePublished":"2020-09-24T19:46:21+00:00","dateModified":"2020-11-01T18:53:31+00:00","mainEntityOfPage":{"@id":"https:\/\/explora.cl\/lagos\/exploradores-del-cosmos-sera-la-cuarta-charla-del-ciclo-eclipsados-por-el-sol\/"},"wordCount":542,"commentCount":0,"image":{"@id":"https:\/\/explora.cl\/lagos\/exploradores-del-cosmos-sera-la-cuarta-charla-del-ciclo-eclipsados-por-el-sol\/#primaryimage"},"thumbnailUrl":"https:\/\/explora.cl\/lagos\/wp-content\/uploads\/sites\/17\/2020\/09\/P\u00e1gina-Explora-Exploradores-del-Cosmos.png","keywords":["Astronom\u00eda","ciencia","Eclipse Total de Sol 2020","Los Lagos","Proyecto Explora Los Lagos","UACh Sede Puerto Montt"],"articleSection":["Banner"],"inLanguage":"es","potentialAction":[{"@type":"CommentAction","name":"Comment","target":["https:\/\/explora.cl\/lagos\/exploradores-del-cosmos-sera-la-cuarta-charla-del-ciclo-eclipsados-por-el-sol\/#respond"]}]},{"@type":"WebPage","@id":"https:\/\/explora.cl\/lagos\/exploradores-del-cosmos-sera-la-cuarta-charla-del-ciclo-eclipsados-por-el-sol\/","url":"https:\/\/explora.cl\/lagos\/exploradores-del-cosmos-sera-la-cuarta-charla-del-ciclo-eclipsados-por-el-sol\/","name":"Exploradores del Cosmos ser\u00e1 la cuarta charla del Ciclo Eclipsados por el Sol - Los Lagos","isPartOf":{"@id":"https:\/\/explora.cl\/lagos\/#website"},"primaryImageOfPage":{"@id":"https:\/\/explora.cl\/lagos\/exploradores-del-cosmos-sera-la-cuarta-charla-del-ciclo-eclipsados-por-el-sol\/#primaryimage"},"image":{"@id":"https:\/\/explora.cl\/lagos\/exploradores-del-cosmos-sera-la-cuarta-charla-del-ciclo-eclipsados-por-el-sol\/#primaryimage"},"thumbnailUrl":"https:\/\/explora.cl\/lagos\/wp-content\/uploads\/sites\/17\/2020\/09\/P\u00e1gina-Explora-Exploradores-del-Cosmos.png","datePublished":"2020-09-24T19:46:21+00:00","dateModified":"2020-11-01T18:53:31+00:00","author":{"@id":"https:\/\/explora.cl\/lagos\/#\/schema\/person\/6608d3ee9ea0b0daeaf12289528fc582"},"breadcrumb":{"@id":"https:\/\/explora.cl\/lagos\/exploradores-del-cosmos-sera-la-cuarta-charla-del-ciclo-eclipsados-por-el-sol\/#breadcrumb"},"inLanguage":"es","potentialAction":[{"@type":"ReadAction","target":["https:\/\/explora.cl\/lagos\/exploradores-del-cosmos-sera-la-cuarta-charla-del-ciclo-eclipsados-por-el-sol\/"]}]},{"@type":"ImageObject","inLanguage":"es","@id":"https:\/\/explora.cl\/lagos\/exploradores-del-cosmos-sera-la-cuarta-charla-del-ciclo-eclipsados-por-el-sol\/#primaryimage","url":"https:\/\/explora.cl\/lagos\/wp-content\/uploads\/sites\/17\/2020\/09\/P\u00e1gina-Explora-Exploradores-del-Cosmos.png","contentUrl":"https:\/\/explora.cl\/lagos\/wp-content\/uploads\/sites\/17\/2020\/09\/P\u00e1gina-Explora-Exploradores-del-Cosmos.png","width":736,"height":420},{"@type":"BreadcrumbList","@id":"https:\/\/explora.cl\/lagos\/exploradores-del-cosmos-sera-la-cuarta-charla-del-ciclo-eclipsados-por-el-sol\/#breadcrumb","itemListElement":[{"@type":"ListItem","position":1,"name":"Portada","item":"https:\/\/explora.cl\/lagos\/"},{"@type":"ListItem","position":2,"name":"Exploradores del Cosmos ser\u00e1 la cuarta charla del Ciclo Eclipsados por el Sol"}]},{"@type":"WebSite","@id":"https:\/\/explora.cl\/lagos\/#website","url":"https:\/\/explora.cl\/lagos\/","name":"Los Lagos","description":"Otro sitio m\u00e1s de explora.cl","potentialAction":[{"@type":"SearchAction","target":{"@type":"EntryPoint","urlTemplate":"https:\/\/explora.cl\/lagos\/?s={search_term_string}"},"query-input":{"@type":"PropertyValueSpecification","valueRequired":true,"valueName":"search_term_string"}}],"inLanguage":"es"},{"@type":"Person","@id":"https:\/\/explora.cl\/lagos\/#\/schema\/person\/6608d3ee9ea0b0daeaf12289528fc582","name":"jvargas","image":{"@type":"ImageObject","inLanguage":"es","@id":"https:\/\/explora.cl\/lagos\/#\/schema\/person\/image\/","url":"https:\/\/secure.gravatar.com\/avatar\/8a6892fbfb002ef173a244b534b4bbcea4c183fc3fbf7732e64ac89b1d22d482?s=96&d=mm&r=g","contentUrl":"https:\/\/secure.gravatar.com\/avatar\/8a6892fbfb002ef173a244b534b4bbcea4c183fc3fbf7732e64ac89b1d22d482?s=96&d=mm&r=g","caption":"jvargas"},"url":"https:\/\/explora.cl\/lagos\/author\/jvargas\/"}]}},"_links":{"self":[{"href":"https:\/\/explora.cl\/lagos\/wp-json\/wp\/v2\/posts\/39543","targetHints":{"allow":["GET"]}}],"collection":[{"href":"https:\/\/explora.cl\/lagos\/wp-json\/wp\/v2\/posts"}],"about":[{"href":"https:\/\/explora.cl\/lagos\/wp-json\/wp\/v2\/types\/post"}],"author":[{"embeddable":true,"href":"https:\/\/explora.cl\/lagos\/wp-json\/wp\/v2\/users\/36"}],"replies":[{"embeddable":true,"href":"https:\/\/explora.cl\/lagos\/wp-json\/wp\/v2\/comments?post=39543"}],"version-history":[{"count":1,"href":"https:\/\/explora.cl\/lagos\/wp-json\/wp\/v2\/posts\/39543\/revisions"}],"predecessor-version":[{"id":39545,"href":"https:\/\/explora.cl\/lagos\/wp-json\/wp\/v2\/posts\/39543\/revisions\/39545"}],"wp:featuredmedia":[{"embeddable":true,"href":"https:\/\/explora.cl\/lagos\/wp-json\/wp\/v2\/media\/39544"}],"wp:attachment":[{"href":"https:\/\/explora.cl\/lagos\/wp-json\/wp\/v2\/media?parent=39543"}],"wp:term":[{"taxonomy":"category","embeddable":true,"href":"https:\/\/explora.cl\/lagos\/wp-json\/wp\/v2\/categories?post=39543"},{"taxonomy":"post_tag","embeddable":true,"href":"https:\/\/explora.cl\/lagos\/wp-json\/wp\/v2\/tags?post=39543"}],"curies":[{"name":"wp","href":"https:\/\/api.w.org\/{rel}","templated":true}]}}