{"id":39531,"date":"2020-09-11T12:11:37","date_gmt":"2020-09-11T15:11:37","guid":{"rendered":"https:\/\/explora.cl\/lagos\/?p=39531"},"modified":"2020-11-01T15:10:13","modified_gmt":"2020-11-01T18:10:13","slug":"nacimiento-vida-y-muerte-de-las-estrellas-sera-la-proxima-charla-del-ciclo-eclipsados-por-el-sol","status":"publish","type":"post","link":"https:\/\/explora.cl\/lagos\/nacimiento-vida-y-muerte-de-las-estrellas-sera-la-proxima-charla-del-ciclo-eclipsados-por-el-sol\/","title":{"rendered":"Nacimiento, vida y muerte de las estrellas ser\u00e1 la pr\u00f3xima charla del Ciclo Eclipsados por el Sol"},"content":{"rendered":"<p>Las estrellas, al igual que las personas, tambi\u00e9n tienen un ciclo natural de vida: nacen, se tornan adultas, envejecen y mueren.<\/p>\n<p>Este proceso se abordar\u00e1 en la tercera Charla del Ciclo Eclipsados por el Sol: \u201cNacimiento, vida y muerte de las estrellas\u201d, que impartir\u00e1 el Dr. en Astrof\u00edsica M\u00e1rcio Catelan, Profesor Titular del Instituto de Astrof\u00edsica de la Pontificia Universidad Cat\u00f3lica de Chile.<\/p>\n<p>Recordar que, el Proyecto Explora Los Lagos del Ministerio de Ciencia, Tecnolog\u00eda, Conocimiento e Innovaci\u00f3n junto al\u00a0Centro de Docencia Superior en Ciencias B\u00e1sicas (CEDOSUCIBA) de la Universidad Austral de Chile Sede Puerto Montt y con el apoyo del Observatorio Europeo Austral (ESO) y la Agrupaci\u00f3n Astronom\u00eda Inclusiva organizaron un ciclo de charlas online que cuenta con interpretaci\u00f3n en Lengua de Se\u00f1as Chilena en vivo.<\/p>\n<p>M\u00e1rcio Catelan es Doctor en Astrof\u00edsica de la Universidad de Sao Paulo, Brasil. Trabaj\u00f3 como Investigador Asociado en el Centro de Vuelo Espacial Goddard, perteneciente a la NASA, y en la Universidad de Virginia, EEUU. Sus \u00e1reas de investigaci\u00f3n son principalmente las estrellas variables y los c\u00famulos estelares. Posee m\u00e1s de 200 art\u00edculos cient\u00edficos en revistas internacionales, adem\u00e1s de ser el autor del libro \u00abPulsating Stars\u00bb, en conjunto con Horace Smith, y de \u00abRadiaci\u00f3n y Materia en Astrof\u00edsica\u00bb, en colaboraci\u00f3n con Alejandro Clocchiatti. Sus galardones incluyen la Hubble y la Guggenheim Fellowships, ambas de EEUU, y el Premio Mejor Tesis de Doctorado 1996-1997 de la Sociedad Astron\u00f3mica Brasile\u00f1a.<\/p>\n<p>El ciclo de charlas est\u00e1 enmarcado en la espera del Eclipse Total de Sol del 14 de diciembre de 2020 que se apreciar\u00e1 en su totalidad en la Regi\u00f3n de La Araucan\u00eda y Los R\u00edos y en gran parte de la Regi\u00f3n de Los Lagos. Adem\u00e1s, la instancia busca generar un espacio para acercar la ciencia a la comunidad con la finalidad de que el p\u00fablico general tenga la oportunidad de conocer e interactuar con divulgadoras\/es cient\u00edficos destacados en el \u00e1rea de la Astronom\u00eda.<\/p>\n<p>\u201cEn nuestras charlas contamos con la presencia de una gran variedad de especialistas en Astronom\u00eda, quienes nos van a hablar de temas muy distintos, como lo son, la inclusi\u00f3n en Astronom\u00eda, nacimiento vida y muerte de las estrellas, la exploraci\u00f3n espacial y c\u00f3mo se producen los eclipses. As\u00ed que las y los invito a que se informen a trav\u00e9s de las redes sociales del Proyecto Explora Los Lagos\u201d, se\u00f1al\u00f3 el Dr. Claudio Navarro, Astrof\u00edsico del Centro de Docencia Superior en Ciencias B\u00e1sicas de la Universidad Austral de Chile Sede Puerto Montt.<\/p>\n<p>La iniciativa se realiza quincenalmente de agosto a diciembre de este a\u00f1o y adem\u00e1s camino al eclipse se desarrollar\u00e1n otras actividades astron\u00f3micas l\u00fadicas e inclusivas que pronto se lanzar\u00e1n en formato virtual y\/o presencial, dependiendo de la contingencia sanitaria debido al COVID-19.<\/p>\n<p>La charlas son abiertas y gratuitas y la tercera se realizar\u00e1 el pr\u00f3ximo <strong>mi\u00e9rcoles 16 de septiembre a las 18:00 hrs.<\/strong> a trav\u00e9s del Facebook Live \u00a0<a href=\"https:\/\/www.facebook.com\/PARExploraLagos\">@PARExploraLagos.\u00a0<\/a> y canal de <a href=\"mailto:https:\/\/www.youtube.com\/channel\/UCX9qmWDc-vIj_b_gg6dgabw\">YouTube.<\/a><\/p>\n<p>Si desean participar, pueden sumarse al evento ingresando en el link <a href=\"https:\/\/www.facebook.com\/events\/2028812697255693\/\">https:\/\/www.facebook.com\/events\/2028812697255693\/<\/a><\/p>\n","protected":false},"excerpt":{"rendered":"<p>La iniciativa se desarrolla de agosto a diciembre de 2020 camino al Eclipse Total de Sol. <\/p>\n","protected":false},"author":36,"featured_media":39532,"comment_status":"open","ping_status":"open","sticky":false,"template":"","format":"standard","meta":{"_acf_changed":false,"_exactmetrics_skip_tracking":false,"_exactmetrics_sitenote_active":false,"_exactmetrics_sitenote_note":"","_exactmetrics_sitenote_category":0,"footnotes":"","_links_to":"","_links_to_target":""},"categories":[4,1],"tags":[213,107,351,182,346,76],"class_list":["post-39531","post","type-post","status-publish","format-standard","has-post-thumbnail","hentry","category-noticias","category-sin-categoria","tag-astronomia","tag-ciencia","tag-eclipse-total-de-sol-2020","tag-los-lagos","tag-proyecto-explora-los-lagos","tag-tecnologia"],"acf":[],"yoast_head":"<!-- This site is optimized with the Yoast SEO plugin v26.9 - https:\/\/yoast.com\/product\/yoast-seo-wordpress\/ -->\n<title>Nacimiento, vida y muerte de las estrellas ser\u00e1 la pr\u00f3xima charla del Ciclo Eclipsados por el Sol - Los Lagos<\/title>\n<meta name=\"robots\" content=\"index, follow, max-snippet:-1, max-image-preview:large, max-video-preview:-1\" \/>\n<link rel=\"canonical\" href=\"https:\/\/explora.cl\/lagos\/nacimiento-vida-y-muerte-de-las-estrellas-sera-la-proxima-charla-del-ciclo-eclipsados-por-el-sol\/\" class=\"yoast-seo-meta-tag\" \/>\n<meta property=\"og:locale\" content=\"es_ES\" class=\"yoast-seo-meta-tag\" \/>\n<meta property=\"og:type\" content=\"article\" class=\"yoast-seo-meta-tag\" \/>\n<meta property=\"og:title\" content=\"Nacimiento, vida y muerte de las estrellas ser\u00e1 la pr\u00f3xima charla del Ciclo Eclipsados por el Sol - Los Lagos\" class=\"yoast-seo-meta-tag\" \/>\n<meta property=\"og:description\" content=\"La iniciativa se desarrolla de agosto a diciembre de 2020 camino al Eclipse Total de Sol.\" class=\"yoast-seo-meta-tag\" \/>\n<meta property=\"og:url\" content=\"https:\/\/explora.cl\/lagos\/nacimiento-vida-y-muerte-de-las-estrellas-sera-la-proxima-charla-del-ciclo-eclipsados-por-el-sol\/\" class=\"yoast-seo-meta-tag\" \/>\n<meta property=\"og:site_name\" content=\"Los Lagos\" class=\"yoast-seo-meta-tag\" \/>\n<meta property=\"article:published_time\" content=\"2020-09-11T15:11:37+00:00\" class=\"yoast-seo-meta-tag\" \/>\n<meta property=\"article:modified_time\" content=\"2020-11-01T18:10:13+00:00\" class=\"yoast-seo-meta-tag\" \/>\n<meta property=\"og:image\" content=\"https:\/\/explora.cl\/lagos\/wp-content\/uploads\/sites\/17\/2020\/09\/FOTO-2DA-CHARLA-ASTRONOM\u00cdA-INCLUSIVA.jpg\" class=\"yoast-seo-meta-tag\" \/>\n\t<meta property=\"og:image:width\" content=\"1181\" class=\"yoast-seo-meta-tag\" \/>\n\t<meta property=\"og:image:height\" content=\"707\" class=\"yoast-seo-meta-tag\" \/>\n\t<meta property=\"og:image:type\" content=\"image\/jpeg\" class=\"yoast-seo-meta-tag\" \/>\n<meta name=\"author\" content=\"jvargas\" class=\"yoast-seo-meta-tag\" \/>\n<meta name=\"twitter:card\" content=\"summary_large_image\" class=\"yoast-seo-meta-tag\" \/>\n<meta name=\"twitter:label1\" content=\"Escrito por\" class=\"yoast-seo-meta-tag\" \/>\n\t<meta name=\"twitter:data1\" content=\"jvargas\" class=\"yoast-seo-meta-tag\" \/>\n\t<meta name=\"twitter:label2\" content=\"Tiempo de lectura\" class=\"yoast-seo-meta-tag\" \/>\n\t<meta name=\"twitter:data2\" content=\"3 minutos\" class=\"yoast-seo-meta-tag\" \/>\n<script type=\"application\/ld+json\" class=\"yoast-schema-graph\">{\"@context\":\"https:\/\/schema.org\",\"@graph\":[{\"@type\":\"Article\",\"@id\":\"https:\/\/explora.cl\/lagos\/nacimiento-vida-y-muerte-de-las-estrellas-sera-la-proxima-charla-del-ciclo-eclipsados-por-el-sol\/#article\",\"isPartOf\":{\"@id\":\"https:\/\/explora.cl\/lagos\/nacimiento-vida-y-muerte-de-las-estrellas-sera-la-proxima-charla-del-ciclo-eclipsados-por-el-sol\/\"},\"author\":{\"name\":\"jvargas\",\"@id\":\"https:\/\/explora.cl\/lagos\/#\/schema\/person\/6608d3ee9ea0b0daeaf12289528fc582\"},\"headline\":\"Nacimiento, vida y muerte de las estrellas ser\u00e1 la pr\u00f3xima charla del Ciclo Eclipsados por el Sol\",\"datePublished\":\"2020-09-11T15:11:37+00:00\",\"dateModified\":\"2020-11-01T18:10:13+00:00\",\"mainEntityOfPage\":{\"@id\":\"https:\/\/explora.cl\/lagos\/nacimiento-vida-y-muerte-de-las-estrellas-sera-la-proxima-charla-del-ciclo-eclipsados-por-el-sol\/\"},\"wordCount\":566,\"commentCount\":0,\"image\":{\"@id\":\"https:\/\/explora.cl\/lagos\/nacimiento-vida-y-muerte-de-las-estrellas-sera-la-proxima-charla-del-ciclo-eclipsados-por-el-sol\/#primaryimage\"},\"thumbnailUrl\":\"https:\/\/explora.cl\/lagos\/wp-content\/uploads\/sites\/17\/2020\/09\/FOTO-2DA-CHARLA-ASTRONOM\u00cdA-INCLUSIVA.jpg\",\"keywords\":[\"Astronom\u00eda\",\"ciencia\",\"Eclipse Total de Sol 2020\",\"Los Lagos\",\"Proyecto Explora Los Lagos\",\"tecnolog\u00eda\"],\"articleSection\":[\"Noticias\"],\"inLanguage\":\"es\",\"potentialAction\":[{\"@type\":\"CommentAction\",\"name\":\"Comment\",\"target\":[\"https:\/\/explora.cl\/lagos\/nacimiento-vida-y-muerte-de-las-estrellas-sera-la-proxima-charla-del-ciclo-eclipsados-por-el-sol\/#respond\"]}]},{\"@type\":\"WebPage\",\"@id\":\"https:\/\/explora.cl\/lagos\/nacimiento-vida-y-muerte-de-las-estrellas-sera-la-proxima-charla-del-ciclo-eclipsados-por-el-sol\/\",\"url\":\"https:\/\/explora.cl\/lagos\/nacimiento-vida-y-muerte-de-las-estrellas-sera-la-proxima-charla-del-ciclo-eclipsados-por-el-sol\/\",\"name\":\"Nacimiento, vida y muerte de las estrellas ser\u00e1 la pr\u00f3xima charla del Ciclo Eclipsados por el Sol - Los Lagos\",\"isPartOf\":{\"@id\":\"https:\/\/explora.cl\/lagos\/#website\"},\"primaryImageOfPage\":{\"@id\":\"https:\/\/explora.cl\/lagos\/nacimiento-vida-y-muerte-de-las-estrellas-sera-la-proxima-charla-del-ciclo-eclipsados-por-el-sol\/#primaryimage\"},\"image\":{\"@id\":\"https:\/\/explora.cl\/lagos\/nacimiento-vida-y-muerte-de-las-estrellas-sera-la-proxima-charla-del-ciclo-eclipsados-por-el-sol\/#primaryimage\"},\"thumbnailUrl\":\"https:\/\/explora.cl\/lagos\/wp-content\/uploads\/sites\/17\/2020\/09\/FOTO-2DA-CHARLA-ASTRONOM\u00cdA-INCLUSIVA.jpg\",\"datePublished\":\"2020-09-11T15:11:37+00:00\",\"dateModified\":\"2020-11-01T18:10:13+00:00\",\"author\":{\"@id\":\"https:\/\/explora.cl\/lagos\/#\/schema\/person\/6608d3ee9ea0b0daeaf12289528fc582\"},\"breadcrumb\":{\"@id\":\"https:\/\/explora.cl\/lagos\/nacimiento-vida-y-muerte-de-las-estrellas-sera-la-proxima-charla-del-ciclo-eclipsados-por-el-sol\/#breadcrumb\"},\"inLanguage\":\"es\",\"potentialAction\":[{\"@type\":\"ReadAction\",\"target\":[\"https:\/\/explora.cl\/lagos\/nacimiento-vida-y-muerte-de-las-estrellas-sera-la-proxima-charla-del-ciclo-eclipsados-por-el-sol\/\"]}]},{\"@type\":\"ImageObject\",\"inLanguage\":\"es\",\"@id\":\"https:\/\/explora.cl\/lagos\/nacimiento-vida-y-muerte-de-las-estrellas-sera-la-proxima-charla-del-ciclo-eclipsados-por-el-sol\/#primaryimage\",\"url\":\"https:\/\/explora.cl\/lagos\/wp-content\/uploads\/sites\/17\/2020\/09\/FOTO-2DA-CHARLA-ASTRONOM\u00cdA-INCLUSIVA.jpg\",\"contentUrl\":\"https:\/\/explora.cl\/lagos\/wp-content\/uploads\/sites\/17\/2020\/09\/FOTO-2DA-CHARLA-ASTRONOM\u00cdA-INCLUSIVA.jpg\",\"width\":1181,\"height\":707},{\"@type\":\"BreadcrumbList\",\"@id\":\"https:\/\/explora.cl\/lagos\/nacimiento-vida-y-muerte-de-las-estrellas-sera-la-proxima-charla-del-ciclo-eclipsados-por-el-sol\/#breadcrumb\",\"itemListElement\":[{\"@type\":\"ListItem\",\"position\":1,\"name\":\"Portada\",\"item\":\"https:\/\/explora.cl\/lagos\/\"},{\"@type\":\"ListItem\",\"position\":2,\"name\":\"Nacimiento, vida y muerte de las estrellas ser\u00e1 la pr\u00f3xima charla del Ciclo Eclipsados por el Sol\"}]},{\"@type\":\"WebSite\",\"@id\":\"https:\/\/explora.cl\/lagos\/#website\",\"url\":\"https:\/\/explora.cl\/lagos\/\",\"name\":\"Los Lagos\",\"description\":\"Otro sitio m\u00e1s de explora.cl\",\"potentialAction\":[{\"@type\":\"SearchAction\",\"target\":{\"@type\":\"EntryPoint\",\"urlTemplate\":\"https:\/\/explora.cl\/lagos\/?s={search_term_string}\"},\"query-input\":{\"@type\":\"PropertyValueSpecification\",\"valueRequired\":true,\"valueName\":\"search_term_string\"}}],\"inLanguage\":\"es\"},{\"@type\":\"Person\",\"@id\":\"https:\/\/explora.cl\/lagos\/#\/schema\/person\/6608d3ee9ea0b0daeaf12289528fc582\",\"name\":\"jvargas\",\"image\":{\"@type\":\"ImageObject\",\"inLanguage\":\"es\",\"@id\":\"https:\/\/explora.cl\/lagos\/#\/schema\/person\/image\/\",\"url\":\"https:\/\/secure.gravatar.com\/avatar\/8a6892fbfb002ef173a244b534b4bbcea4c183fc3fbf7732e64ac89b1d22d482?s=96&d=mm&r=g\",\"contentUrl\":\"https:\/\/secure.gravatar.com\/avatar\/8a6892fbfb002ef173a244b534b4bbcea4c183fc3fbf7732e64ac89b1d22d482?s=96&d=mm&r=g\",\"caption\":\"jvargas\"},\"url\":\"https:\/\/explora.cl\/lagos\/author\/jvargas\/\"}]}<\/script>\n<!-- \/ Yoast SEO plugin. -->","yoast_head_json":{"title":"Nacimiento, vida y muerte de las estrellas ser\u00e1 la pr\u00f3xima charla del Ciclo Eclipsados por el Sol - Los Lagos","robots":{"index":"index","follow":"follow","max-snippet":"max-snippet:-1","max-image-preview":"max-image-preview:large","max-video-preview":"max-video-preview:-1"},"canonical":"https:\/\/explora.cl\/lagos\/nacimiento-vida-y-muerte-de-las-estrellas-sera-la-proxima-charla-del-ciclo-eclipsados-por-el-sol\/","og_locale":"es_ES","og_type":"article","og_title":"Nacimiento, vida y muerte de las estrellas ser\u00e1 la pr\u00f3xima charla del Ciclo Eclipsados por el Sol - Los Lagos","og_description":"La iniciativa se desarrolla de agosto a diciembre de 2020 camino al Eclipse Total de Sol.","og_url":"https:\/\/explora.cl\/lagos\/nacimiento-vida-y-muerte-de-las-estrellas-sera-la-proxima-charla-del-ciclo-eclipsados-por-el-sol\/","og_site_name":"Los Lagos","article_published_time":"2020-09-11T15:11:37+00:00","article_modified_time":"2020-11-01T18:10:13+00:00","og_image":[{"width":1181,"height":707,"url":"https:\/\/explora.cl\/lagos\/wp-content\/uploads\/sites\/17\/2020\/09\/FOTO-2DA-CHARLA-ASTRONOM\u00cdA-INCLUSIVA.jpg","type":"image\/jpeg"}],"author":"jvargas","twitter_card":"summary_large_image","twitter_misc":{"Escrito por":"jvargas","Tiempo de lectura":"3 minutos"},"schema":{"@context":"https:\/\/schema.org","@graph":[{"@type":"Article","@id":"https:\/\/explora.cl\/lagos\/nacimiento-vida-y-muerte-de-las-estrellas-sera-la-proxima-charla-del-ciclo-eclipsados-por-el-sol\/#article","isPartOf":{"@id":"https:\/\/explora.cl\/lagos\/nacimiento-vida-y-muerte-de-las-estrellas-sera-la-proxima-charla-del-ciclo-eclipsados-por-el-sol\/"},"author":{"name":"jvargas","@id":"https:\/\/explora.cl\/lagos\/#\/schema\/person\/6608d3ee9ea0b0daeaf12289528fc582"},"headline":"Nacimiento, vida y muerte de las estrellas ser\u00e1 la pr\u00f3xima charla del Ciclo Eclipsados por el Sol","datePublished":"2020-09-11T15:11:37+00:00","dateModified":"2020-11-01T18:10:13+00:00","mainEntityOfPage":{"@id":"https:\/\/explora.cl\/lagos\/nacimiento-vida-y-muerte-de-las-estrellas-sera-la-proxima-charla-del-ciclo-eclipsados-por-el-sol\/"},"wordCount":566,"commentCount":0,"image":{"@id":"https:\/\/explora.cl\/lagos\/nacimiento-vida-y-muerte-de-las-estrellas-sera-la-proxima-charla-del-ciclo-eclipsados-por-el-sol\/#primaryimage"},"thumbnailUrl":"https:\/\/explora.cl\/lagos\/wp-content\/uploads\/sites\/17\/2020\/09\/FOTO-2DA-CHARLA-ASTRONOM\u00cdA-INCLUSIVA.jpg","keywords":["Astronom\u00eda","ciencia","Eclipse Total de Sol 2020","Los Lagos","Proyecto Explora Los Lagos","tecnolog\u00eda"],"articleSection":["Noticias"],"inLanguage":"es","potentialAction":[{"@type":"CommentAction","name":"Comment","target":["https:\/\/explora.cl\/lagos\/nacimiento-vida-y-muerte-de-las-estrellas-sera-la-proxima-charla-del-ciclo-eclipsados-por-el-sol\/#respond"]}]},{"@type":"WebPage","@id":"https:\/\/explora.cl\/lagos\/nacimiento-vida-y-muerte-de-las-estrellas-sera-la-proxima-charla-del-ciclo-eclipsados-por-el-sol\/","url":"https:\/\/explora.cl\/lagos\/nacimiento-vida-y-muerte-de-las-estrellas-sera-la-proxima-charla-del-ciclo-eclipsados-por-el-sol\/","name":"Nacimiento, vida y muerte de las estrellas ser\u00e1 la pr\u00f3xima charla del Ciclo Eclipsados por el Sol - Los Lagos","isPartOf":{"@id":"https:\/\/explora.cl\/lagos\/#website"},"primaryImageOfPage":{"@id":"https:\/\/explora.cl\/lagos\/nacimiento-vida-y-muerte-de-las-estrellas-sera-la-proxima-charla-del-ciclo-eclipsados-por-el-sol\/#primaryimage"},"image":{"@id":"https:\/\/explora.cl\/lagos\/nacimiento-vida-y-muerte-de-las-estrellas-sera-la-proxima-charla-del-ciclo-eclipsados-por-el-sol\/#primaryimage"},"thumbnailUrl":"https:\/\/explora.cl\/lagos\/wp-content\/uploads\/sites\/17\/2020\/09\/FOTO-2DA-CHARLA-ASTRONOM\u00cdA-INCLUSIVA.jpg","datePublished":"2020-09-11T15:11:37+00:00","dateModified":"2020-11-01T18:10:13+00:00","author":{"@id":"https:\/\/explora.cl\/lagos\/#\/schema\/person\/6608d3ee9ea0b0daeaf12289528fc582"},"breadcrumb":{"@id":"https:\/\/explora.cl\/lagos\/nacimiento-vida-y-muerte-de-las-estrellas-sera-la-proxima-charla-del-ciclo-eclipsados-por-el-sol\/#breadcrumb"},"inLanguage":"es","potentialAction":[{"@type":"ReadAction","target":["https:\/\/explora.cl\/lagos\/nacimiento-vida-y-muerte-de-las-estrellas-sera-la-proxima-charla-del-ciclo-eclipsados-por-el-sol\/"]}]},{"@type":"ImageObject","inLanguage":"es","@id":"https:\/\/explora.cl\/lagos\/nacimiento-vida-y-muerte-de-las-estrellas-sera-la-proxima-charla-del-ciclo-eclipsados-por-el-sol\/#primaryimage","url":"https:\/\/explora.cl\/lagos\/wp-content\/uploads\/sites\/17\/2020\/09\/FOTO-2DA-CHARLA-ASTRONOM\u00cdA-INCLUSIVA.jpg","contentUrl":"https:\/\/explora.cl\/lagos\/wp-content\/uploads\/sites\/17\/2020\/09\/FOTO-2DA-CHARLA-ASTRONOM\u00cdA-INCLUSIVA.jpg","width":1181,"height":707},{"@type":"BreadcrumbList","@id":"https:\/\/explora.cl\/lagos\/nacimiento-vida-y-muerte-de-las-estrellas-sera-la-proxima-charla-del-ciclo-eclipsados-por-el-sol\/#breadcrumb","itemListElement":[{"@type":"ListItem","position":1,"name":"Portada","item":"https:\/\/explora.cl\/lagos\/"},{"@type":"ListItem","position":2,"name":"Nacimiento, vida y muerte de las estrellas ser\u00e1 la pr\u00f3xima charla del Ciclo Eclipsados por el Sol"}]},{"@type":"WebSite","@id":"https:\/\/explora.cl\/lagos\/#website","url":"https:\/\/explora.cl\/lagos\/","name":"Los Lagos","description":"Otro sitio m\u00e1s de explora.cl","potentialAction":[{"@type":"SearchAction","target":{"@type":"EntryPoint","urlTemplate":"https:\/\/explora.cl\/lagos\/?s={search_term_string}"},"query-input":{"@type":"PropertyValueSpecification","valueRequired":true,"valueName":"search_term_string"}}],"inLanguage":"es"},{"@type":"Person","@id":"https:\/\/explora.cl\/lagos\/#\/schema\/person\/6608d3ee9ea0b0daeaf12289528fc582","name":"jvargas","image":{"@type":"ImageObject","inLanguage":"es","@id":"https:\/\/explora.cl\/lagos\/#\/schema\/person\/image\/","url":"https:\/\/secure.gravatar.com\/avatar\/8a6892fbfb002ef173a244b534b4bbcea4c183fc3fbf7732e64ac89b1d22d482?s=96&d=mm&r=g","contentUrl":"https:\/\/secure.gravatar.com\/avatar\/8a6892fbfb002ef173a244b534b4bbcea4c183fc3fbf7732e64ac89b1d22d482?s=96&d=mm&r=g","caption":"jvargas"},"url":"https:\/\/explora.cl\/lagos\/author\/jvargas\/"}]}},"_links":{"self":[{"href":"https:\/\/explora.cl\/lagos\/wp-json\/wp\/v2\/posts\/39531","targetHints":{"allow":["GET"]}}],"collection":[{"href":"https:\/\/explora.cl\/lagos\/wp-json\/wp\/v2\/posts"}],"about":[{"href":"https:\/\/explora.cl\/lagos\/wp-json\/wp\/v2\/types\/post"}],"author":[{"embeddable":true,"href":"https:\/\/explora.cl\/lagos\/wp-json\/wp\/v2\/users\/36"}],"replies":[{"embeddable":true,"href":"https:\/\/explora.cl\/lagos\/wp-json\/wp\/v2\/comments?post=39531"}],"version-history":[{"count":1,"href":"https:\/\/explora.cl\/lagos\/wp-json\/wp\/v2\/posts\/39531\/revisions"}],"predecessor-version":[{"id":39533,"href":"https:\/\/explora.cl\/lagos\/wp-json\/wp\/v2\/posts\/39531\/revisions\/39533"}],"wp:featuredmedia":[{"embeddable":true,"href":"https:\/\/explora.cl\/lagos\/wp-json\/wp\/v2\/media\/39532"}],"wp:attachment":[{"href":"https:\/\/explora.cl\/lagos\/wp-json\/wp\/v2\/media?parent=39531"}],"wp:term":[{"taxonomy":"category","embeddable":true,"href":"https:\/\/explora.cl\/lagos\/wp-json\/wp\/v2\/categories?post=39531"},{"taxonomy":"post_tag","embeddable":true,"href":"https:\/\/explora.cl\/lagos\/wp-json\/wp\/v2\/tags?post=39531"}],"curies":[{"name":"wp","href":"https:\/\/api.w.org\/{rel}","templated":true}]}}