{"id":39522,"date":"2020-09-09T20:06:24","date_gmt":"2020-09-09T23:06:24","guid":{"rendered":"https:\/\/explora.cl\/lagos\/?p=39522"},"modified":"2020-09-24T16:48:45","modified_gmt":"2020-09-24T19:48:45","slug":"conectate-a-la-3ra-charla-eclipsados-por-el-sol-nacimiento-vida-y-muerte-de-las-estrellas","status":"publish","type":"post","link":"https:\/\/explora.cl\/lagos\/conectate-a-la-3ra-charla-eclipsados-por-el-sol-nacimiento-vida-y-muerte-de-las-estrellas\/","title":{"rendered":"Con\u00e9ctate a la 3ra Charla \u00abEclipsados por el Sol\u00bb: \u00abNacimiento, vida y muerte de las estrellas\u00bb"},"content":{"rendered":"<p>El Proyecto Explora Los Lagos del Ministerio de Ciencia, Tecnolog\u00eda, Conocimiento e Innovaci\u00f3n junto al\u00a0Centro de Docencia Superior en Ciencias B\u00e1sicas (CEDOSUCIBA) de la Universidad Austral de Chile Sede Puerto Montt y con el apoyo del Observatorio Europeo Austral (ESO) y la Agrupaci\u00f3n Astronom\u00eda Inclusiva, te invita al\u00a0Ciclo de Charlas online \u00abEclipsados por el Sol\u00bb en el marco de la espera del Eclipse Total de Sol que acontecer\u00e1 el 14 de diciembre de 2020 en el sur de nuestro pa\u00eds.<\/p>\n<p>La tercera Charla ser\u00e1 sobre \u201cNacimiento, vida y muerte de las Estrellas\u201d que nos hablar\u00e1 el Dr. M\u00e1rcio Catel\u00e1n, Doctor en Astrof\u00edsica y Profesor Titular del Instituto de Astrof\u00edsica de la Pontificia Universidad Cat\u00f3lica de Chile.<\/p>\n<p>Las estrellas, al igual que las personas, tambi\u00e9n tienen un ciclo natural de vida: \u00abnacen\u00bb, \u00abse tornan adultas\u00bb, \u00abenvejecen\u00bb y \u00abmueren\u00bb. En esta charla, el investigador describir\u00e1 c\u00f3mo se produce en la pr\u00e1ctica, con especial \u00e9nfasis en estrellas similares a nuestro Sol.<\/p>\n<p>La iniciativa busca generar un espacio para acercar la ciencia a la comunidad con la finalidad de que el p\u00fablico general tenga la oportunidad de conocer e interactuar con divulgadoras\/es cient\u00edficos destacados en el \u00e1rea de la Astronom\u00eda. Bajo esta idea, hemos dise\u00f1ado un ciclo de charlas inclusivas, donde contamos con interpretaci\u00f3n en Lengua de Se\u00f1as Chilena en vivo.<\/p>\n<p>La charla abierta, gratuita y dirigida a p\u00fablico general se realizar\u00e1 <strong>el pr\u00f3ximo mi\u00e9rcoles 16 de septiembre a las 18:00 hrs <\/strong>a trav\u00e9s de nuestro Facebook Live\u00a0<a href=\"mailto:https:\/\/www.facebook.com\/PARExploraLagos\">@PARExploraLagos.\u00a0<\/a><\/p>\n<p>Si deseas participar, puedes sumarte al evento ingresando en link <a href=\"https:\/\/www.facebook.com\/events\/2028812697255693\">https:\/\/www.facebook.com\/events\/2028812697255693<\/a><\/p>\n<p>&nbsp;<\/p>\n<p style=\"text-align: center\"><strong>\u00a1Con\u00e9ctate!<\/strong><\/p>\n<p style=\"text-align: center\"><strong>\u00a1Te estaremos esperando!<\/strong><\/p>\n<p>&nbsp;<\/p>\n<p>&nbsp;<\/p>\n","protected":false},"excerpt":{"rendered":"<p>La charla abierta, gratuita y dirigida a p\u00fablico general se realizar\u00e1 el pr\u00f3ximo mi\u00e9rcoles 16 de septiembre a las 18:00 hrs<\/p>\n","protected":false},"author":36,"featured_media":39523,"comment_status":"open","ping_status":"open","sticky":false,"template":"","format":"standard","meta":{"_acf_changed":false,"_exactmetrics_skip_tracking":false,"_exactmetrics_sitenote_active":false,"_exactmetrics_sitenote_note":"","_exactmetrics_sitenote_category":0,"footnotes":"","_links_to":"","_links_to_target":""},"categories":[151,1],"tags":[213,107,353,351,346,233],"class_list":["post-39522","post","type-post","status-publish","format-standard","has-post-thumbnail","hentry","category-banner","category-sin-categoria","tag-astronomia","tag-ciencia","tag-eclipsados-por-el-sol","tag-eclipse-total-de-sol-2020","tag-proyecto-explora-los-lagos","tag-uach"],"acf":[],"yoast_head":"<!-- This site is optimized with the Yoast SEO plugin v26.9 - https:\/\/yoast.com\/product\/yoast-seo-wordpress\/ -->\n<title>Con\u00e9ctate a la 3ra Charla &quot;Eclipsados por el Sol&quot;: &quot;Nacimiento, vida y muerte de las estrellas&quot; - Los Lagos<\/title>\n<meta name=\"robots\" content=\"index, follow, max-snippet:-1, max-image-preview:large, max-video-preview:-1\" \/>\n<link rel=\"canonical\" href=\"https:\/\/explora.cl\/lagos\/conectate-a-la-3ra-charla-eclipsados-por-el-sol-nacimiento-vida-y-muerte-de-las-estrellas\/\" class=\"yoast-seo-meta-tag\" \/>\n<meta property=\"og:locale\" content=\"es_ES\" class=\"yoast-seo-meta-tag\" \/>\n<meta property=\"og:type\" content=\"article\" class=\"yoast-seo-meta-tag\" \/>\n<meta property=\"og:title\" content=\"Con\u00e9ctate a la 3ra Charla &quot;Eclipsados por el Sol&quot;: &quot;Nacimiento, vida y muerte de las estrellas&quot; - Los Lagos\" class=\"yoast-seo-meta-tag\" \/>\n<meta property=\"og:description\" content=\"La charla abierta, gratuita y dirigida a p\u00fablico general se realizar\u00e1 el pr\u00f3ximo mi\u00e9rcoles 16 de septiembre a las 18:00 hrs\" class=\"yoast-seo-meta-tag\" \/>\n<meta property=\"og:url\" content=\"https:\/\/explora.cl\/lagos\/conectate-a-la-3ra-charla-eclipsados-por-el-sol-nacimiento-vida-y-muerte-de-las-estrellas\/\" class=\"yoast-seo-meta-tag\" \/>\n<meta property=\"og:site_name\" content=\"Los Lagos\" class=\"yoast-seo-meta-tag\" \/>\n<meta property=\"article:published_time\" content=\"2020-09-09T23:06:24+00:00\" class=\"yoast-seo-meta-tag\" \/>\n<meta property=\"article:modified_time\" content=\"2020-09-24T19:48:45+00:00\" class=\"yoast-seo-meta-tag\" \/>\n<meta property=\"og:image\" content=\"https:\/\/explora.cl\/lagos\/wp-content\/uploads\/sites\/17\/2020\/09\/P\u00e1gina-Explora-Eclipsados-por-el-Sol-2.png\" class=\"yoast-seo-meta-tag\" \/>\n\t<meta property=\"og:image:width\" content=\"736\" class=\"yoast-seo-meta-tag\" \/>\n\t<meta property=\"og:image:height\" content=\"420\" class=\"yoast-seo-meta-tag\" \/>\n\t<meta property=\"og:image:type\" content=\"image\/png\" class=\"yoast-seo-meta-tag\" \/>\n<meta name=\"author\" content=\"jvargas\" class=\"yoast-seo-meta-tag\" \/>\n<meta name=\"twitter:card\" content=\"summary_large_image\" class=\"yoast-seo-meta-tag\" \/>\n<meta name=\"twitter:label1\" content=\"Escrito por\" class=\"yoast-seo-meta-tag\" \/>\n\t<meta name=\"twitter:data1\" content=\"jvargas\" class=\"yoast-seo-meta-tag\" \/>\n\t<meta name=\"twitter:label2\" content=\"Tiempo de lectura\" class=\"yoast-seo-meta-tag\" \/>\n\t<meta name=\"twitter:data2\" content=\"1 minuto\" class=\"yoast-seo-meta-tag\" \/>\n<script type=\"application\/ld+json\" class=\"yoast-schema-graph\">{\"@context\":\"https:\/\/schema.org\",\"@graph\":[{\"@type\":\"Article\",\"@id\":\"https:\/\/explora.cl\/lagos\/conectate-a-la-3ra-charla-eclipsados-por-el-sol-nacimiento-vida-y-muerte-de-las-estrellas\/#article\",\"isPartOf\":{\"@id\":\"https:\/\/explora.cl\/lagos\/conectate-a-la-3ra-charla-eclipsados-por-el-sol-nacimiento-vida-y-muerte-de-las-estrellas\/\"},\"author\":{\"name\":\"jvargas\",\"@id\":\"https:\/\/explora.cl\/lagos\/#\/schema\/person\/6608d3ee9ea0b0daeaf12289528fc582\"},\"headline\":\"Con\u00e9ctate a la 3ra Charla \u00abEclipsados por el Sol\u00bb: \u00abNacimiento, vida y muerte de las estrellas\u00bb\",\"datePublished\":\"2020-09-09T23:06:24+00:00\",\"dateModified\":\"2020-09-24T19:48:45+00:00\",\"mainEntityOfPage\":{\"@id\":\"https:\/\/explora.cl\/lagos\/conectate-a-la-3ra-charla-eclipsados-por-el-sol-nacimiento-vida-y-muerte-de-las-estrellas\/\"},\"wordCount\":308,\"commentCount\":0,\"image\":{\"@id\":\"https:\/\/explora.cl\/lagos\/conectate-a-la-3ra-charla-eclipsados-por-el-sol-nacimiento-vida-y-muerte-de-las-estrellas\/#primaryimage\"},\"thumbnailUrl\":\"https:\/\/explora.cl\/lagos\/wp-content\/uploads\/sites\/17\/2020\/09\/P\u00e1gina-Explora-Eclipsados-por-el-Sol-2.png\",\"keywords\":[\"Astronom\u00eda\",\"ciencia\",\"Eclipsados por el Sol\",\"Eclipse Total de Sol 2020\",\"Proyecto Explora Los Lagos\",\"UACh\"],\"articleSection\":[\"Banner\"],\"inLanguage\":\"es\",\"potentialAction\":[{\"@type\":\"CommentAction\",\"name\":\"Comment\",\"target\":[\"https:\/\/explora.cl\/lagos\/conectate-a-la-3ra-charla-eclipsados-por-el-sol-nacimiento-vida-y-muerte-de-las-estrellas\/#respond\"]}]},{\"@type\":\"WebPage\",\"@id\":\"https:\/\/explora.cl\/lagos\/conectate-a-la-3ra-charla-eclipsados-por-el-sol-nacimiento-vida-y-muerte-de-las-estrellas\/\",\"url\":\"https:\/\/explora.cl\/lagos\/conectate-a-la-3ra-charla-eclipsados-por-el-sol-nacimiento-vida-y-muerte-de-las-estrellas\/\",\"name\":\"Con\u00e9ctate a la 3ra Charla \\\"Eclipsados por el Sol\\\": \\\"Nacimiento, vida y muerte de las estrellas\\\" - Los Lagos\",\"isPartOf\":{\"@id\":\"https:\/\/explora.cl\/lagos\/#website\"},\"primaryImageOfPage\":{\"@id\":\"https:\/\/explora.cl\/lagos\/conectate-a-la-3ra-charla-eclipsados-por-el-sol-nacimiento-vida-y-muerte-de-las-estrellas\/#primaryimage\"},\"image\":{\"@id\":\"https:\/\/explora.cl\/lagos\/conectate-a-la-3ra-charla-eclipsados-por-el-sol-nacimiento-vida-y-muerte-de-las-estrellas\/#primaryimage\"},\"thumbnailUrl\":\"https:\/\/explora.cl\/lagos\/wp-content\/uploads\/sites\/17\/2020\/09\/P\u00e1gina-Explora-Eclipsados-por-el-Sol-2.png\",\"datePublished\":\"2020-09-09T23:06:24+00:00\",\"dateModified\":\"2020-09-24T19:48:45+00:00\",\"author\":{\"@id\":\"https:\/\/explora.cl\/lagos\/#\/schema\/person\/6608d3ee9ea0b0daeaf12289528fc582\"},\"breadcrumb\":{\"@id\":\"https:\/\/explora.cl\/lagos\/conectate-a-la-3ra-charla-eclipsados-por-el-sol-nacimiento-vida-y-muerte-de-las-estrellas\/#breadcrumb\"},\"inLanguage\":\"es\",\"potentialAction\":[{\"@type\":\"ReadAction\",\"target\":[\"https:\/\/explora.cl\/lagos\/conectate-a-la-3ra-charla-eclipsados-por-el-sol-nacimiento-vida-y-muerte-de-las-estrellas\/\"]}]},{\"@type\":\"ImageObject\",\"inLanguage\":\"es\",\"@id\":\"https:\/\/explora.cl\/lagos\/conectate-a-la-3ra-charla-eclipsados-por-el-sol-nacimiento-vida-y-muerte-de-las-estrellas\/#primaryimage\",\"url\":\"https:\/\/explora.cl\/lagos\/wp-content\/uploads\/sites\/17\/2020\/09\/P\u00e1gina-Explora-Eclipsados-por-el-Sol-2.png\",\"contentUrl\":\"https:\/\/explora.cl\/lagos\/wp-content\/uploads\/sites\/17\/2020\/09\/P\u00e1gina-Explora-Eclipsados-por-el-Sol-2.png\",\"width\":736,\"height\":420},{\"@type\":\"BreadcrumbList\",\"@id\":\"https:\/\/explora.cl\/lagos\/conectate-a-la-3ra-charla-eclipsados-por-el-sol-nacimiento-vida-y-muerte-de-las-estrellas\/#breadcrumb\",\"itemListElement\":[{\"@type\":\"ListItem\",\"position\":1,\"name\":\"Portada\",\"item\":\"https:\/\/explora.cl\/lagos\/\"},{\"@type\":\"ListItem\",\"position\":2,\"name\":\"Con\u00e9ctate a la 3ra Charla \u00abEclipsados por el Sol\u00bb: \u00abNacimiento, vida y muerte de las estrellas\u00bb\"}]},{\"@type\":\"WebSite\",\"@id\":\"https:\/\/explora.cl\/lagos\/#website\",\"url\":\"https:\/\/explora.cl\/lagos\/\",\"name\":\"Los Lagos\",\"description\":\"Otro sitio m\u00e1s de explora.cl\",\"potentialAction\":[{\"@type\":\"SearchAction\",\"target\":{\"@type\":\"EntryPoint\",\"urlTemplate\":\"https:\/\/explora.cl\/lagos\/?s={search_term_string}\"},\"query-input\":{\"@type\":\"PropertyValueSpecification\",\"valueRequired\":true,\"valueName\":\"search_term_string\"}}],\"inLanguage\":\"es\"},{\"@type\":\"Person\",\"@id\":\"https:\/\/explora.cl\/lagos\/#\/schema\/person\/6608d3ee9ea0b0daeaf12289528fc582\",\"name\":\"jvargas\",\"image\":{\"@type\":\"ImageObject\",\"inLanguage\":\"es\",\"@id\":\"https:\/\/explora.cl\/lagos\/#\/schema\/person\/image\/\",\"url\":\"https:\/\/secure.gravatar.com\/avatar\/8a6892fbfb002ef173a244b534b4bbcea4c183fc3fbf7732e64ac89b1d22d482?s=96&d=mm&r=g\",\"contentUrl\":\"https:\/\/secure.gravatar.com\/avatar\/8a6892fbfb002ef173a244b534b4bbcea4c183fc3fbf7732e64ac89b1d22d482?s=96&d=mm&r=g\",\"caption\":\"jvargas\"},\"url\":\"https:\/\/explora.cl\/lagos\/author\/jvargas\/\"}]}<\/script>\n<!-- \/ Yoast SEO plugin. -->","yoast_head_json":{"title":"Con\u00e9ctate a la 3ra Charla \"Eclipsados por el Sol\": \"Nacimiento, vida y muerte de las estrellas\" - Los Lagos","robots":{"index":"index","follow":"follow","max-snippet":"max-snippet:-1","max-image-preview":"max-image-preview:large","max-video-preview":"max-video-preview:-1"},"canonical":"https:\/\/explora.cl\/lagos\/conectate-a-la-3ra-charla-eclipsados-por-el-sol-nacimiento-vida-y-muerte-de-las-estrellas\/","og_locale":"es_ES","og_type":"article","og_title":"Con\u00e9ctate a la 3ra Charla \"Eclipsados por el Sol\": \"Nacimiento, vida y muerte de las estrellas\" - Los Lagos","og_description":"La charla abierta, gratuita y dirigida a p\u00fablico general se realizar\u00e1 el pr\u00f3ximo mi\u00e9rcoles 16 de septiembre a las 18:00 hrs","og_url":"https:\/\/explora.cl\/lagos\/conectate-a-la-3ra-charla-eclipsados-por-el-sol-nacimiento-vida-y-muerte-de-las-estrellas\/","og_site_name":"Los Lagos","article_published_time":"2020-09-09T23:06:24+00:00","article_modified_time":"2020-09-24T19:48:45+00:00","og_image":[{"width":736,"height":420,"url":"https:\/\/explora.cl\/lagos\/wp-content\/uploads\/sites\/17\/2020\/09\/P\u00e1gina-Explora-Eclipsados-por-el-Sol-2.png","type":"image\/png"}],"author":"jvargas","twitter_card":"summary_large_image","twitter_misc":{"Escrito por":"jvargas","Tiempo de lectura":"1 minuto"},"schema":{"@context":"https:\/\/schema.org","@graph":[{"@type":"Article","@id":"https:\/\/explora.cl\/lagos\/conectate-a-la-3ra-charla-eclipsados-por-el-sol-nacimiento-vida-y-muerte-de-las-estrellas\/#article","isPartOf":{"@id":"https:\/\/explora.cl\/lagos\/conectate-a-la-3ra-charla-eclipsados-por-el-sol-nacimiento-vida-y-muerte-de-las-estrellas\/"},"author":{"name":"jvargas","@id":"https:\/\/explora.cl\/lagos\/#\/schema\/person\/6608d3ee9ea0b0daeaf12289528fc582"},"headline":"Con\u00e9ctate a la 3ra Charla \u00abEclipsados por el Sol\u00bb: \u00abNacimiento, vida y muerte de las estrellas\u00bb","datePublished":"2020-09-09T23:06:24+00:00","dateModified":"2020-09-24T19:48:45+00:00","mainEntityOfPage":{"@id":"https:\/\/explora.cl\/lagos\/conectate-a-la-3ra-charla-eclipsados-por-el-sol-nacimiento-vida-y-muerte-de-las-estrellas\/"},"wordCount":308,"commentCount":0,"image":{"@id":"https:\/\/explora.cl\/lagos\/conectate-a-la-3ra-charla-eclipsados-por-el-sol-nacimiento-vida-y-muerte-de-las-estrellas\/#primaryimage"},"thumbnailUrl":"https:\/\/explora.cl\/lagos\/wp-content\/uploads\/sites\/17\/2020\/09\/P\u00e1gina-Explora-Eclipsados-por-el-Sol-2.png","keywords":["Astronom\u00eda","ciencia","Eclipsados por el Sol","Eclipse Total de Sol 2020","Proyecto Explora Los Lagos","UACh"],"articleSection":["Banner"],"inLanguage":"es","potentialAction":[{"@type":"CommentAction","name":"Comment","target":["https:\/\/explora.cl\/lagos\/conectate-a-la-3ra-charla-eclipsados-por-el-sol-nacimiento-vida-y-muerte-de-las-estrellas\/#respond"]}]},{"@type":"WebPage","@id":"https:\/\/explora.cl\/lagos\/conectate-a-la-3ra-charla-eclipsados-por-el-sol-nacimiento-vida-y-muerte-de-las-estrellas\/","url":"https:\/\/explora.cl\/lagos\/conectate-a-la-3ra-charla-eclipsados-por-el-sol-nacimiento-vida-y-muerte-de-las-estrellas\/","name":"Con\u00e9ctate a la 3ra Charla \"Eclipsados por el Sol\": \"Nacimiento, vida y muerte de las estrellas\" - Los Lagos","isPartOf":{"@id":"https:\/\/explora.cl\/lagos\/#website"},"primaryImageOfPage":{"@id":"https:\/\/explora.cl\/lagos\/conectate-a-la-3ra-charla-eclipsados-por-el-sol-nacimiento-vida-y-muerte-de-las-estrellas\/#primaryimage"},"image":{"@id":"https:\/\/explora.cl\/lagos\/conectate-a-la-3ra-charla-eclipsados-por-el-sol-nacimiento-vida-y-muerte-de-las-estrellas\/#primaryimage"},"thumbnailUrl":"https:\/\/explora.cl\/lagos\/wp-content\/uploads\/sites\/17\/2020\/09\/P\u00e1gina-Explora-Eclipsados-por-el-Sol-2.png","datePublished":"2020-09-09T23:06:24+00:00","dateModified":"2020-09-24T19:48:45+00:00","author":{"@id":"https:\/\/explora.cl\/lagos\/#\/schema\/person\/6608d3ee9ea0b0daeaf12289528fc582"},"breadcrumb":{"@id":"https:\/\/explora.cl\/lagos\/conectate-a-la-3ra-charla-eclipsados-por-el-sol-nacimiento-vida-y-muerte-de-las-estrellas\/#breadcrumb"},"inLanguage":"es","potentialAction":[{"@type":"ReadAction","target":["https:\/\/explora.cl\/lagos\/conectate-a-la-3ra-charla-eclipsados-por-el-sol-nacimiento-vida-y-muerte-de-las-estrellas\/"]}]},{"@type":"ImageObject","inLanguage":"es","@id":"https:\/\/explora.cl\/lagos\/conectate-a-la-3ra-charla-eclipsados-por-el-sol-nacimiento-vida-y-muerte-de-las-estrellas\/#primaryimage","url":"https:\/\/explora.cl\/lagos\/wp-content\/uploads\/sites\/17\/2020\/09\/P\u00e1gina-Explora-Eclipsados-por-el-Sol-2.png","contentUrl":"https:\/\/explora.cl\/lagos\/wp-content\/uploads\/sites\/17\/2020\/09\/P\u00e1gina-Explora-Eclipsados-por-el-Sol-2.png","width":736,"height":420},{"@type":"BreadcrumbList","@id":"https:\/\/explora.cl\/lagos\/conectate-a-la-3ra-charla-eclipsados-por-el-sol-nacimiento-vida-y-muerte-de-las-estrellas\/#breadcrumb","itemListElement":[{"@type":"ListItem","position":1,"name":"Portada","item":"https:\/\/explora.cl\/lagos\/"},{"@type":"ListItem","position":2,"name":"Con\u00e9ctate a la 3ra Charla \u00abEclipsados por el Sol\u00bb: \u00abNacimiento, vida y muerte de las estrellas\u00bb"}]},{"@type":"WebSite","@id":"https:\/\/explora.cl\/lagos\/#website","url":"https:\/\/explora.cl\/lagos\/","name":"Los Lagos","description":"Otro sitio m\u00e1s de explora.cl","potentialAction":[{"@type":"SearchAction","target":{"@type":"EntryPoint","urlTemplate":"https:\/\/explora.cl\/lagos\/?s={search_term_string}"},"query-input":{"@type":"PropertyValueSpecification","valueRequired":true,"valueName":"search_term_string"}}],"inLanguage":"es"},{"@type":"Person","@id":"https:\/\/explora.cl\/lagos\/#\/schema\/person\/6608d3ee9ea0b0daeaf12289528fc582","name":"jvargas","image":{"@type":"ImageObject","inLanguage":"es","@id":"https:\/\/explora.cl\/lagos\/#\/schema\/person\/image\/","url":"https:\/\/secure.gravatar.com\/avatar\/8a6892fbfb002ef173a244b534b4bbcea4c183fc3fbf7732e64ac89b1d22d482?s=96&d=mm&r=g","contentUrl":"https:\/\/secure.gravatar.com\/avatar\/8a6892fbfb002ef173a244b534b4bbcea4c183fc3fbf7732e64ac89b1d22d482?s=96&d=mm&r=g","caption":"jvargas"},"url":"https:\/\/explora.cl\/lagos\/author\/jvargas\/"}]}},"_links":{"self":[{"href":"https:\/\/explora.cl\/lagos\/wp-json\/wp\/v2\/posts\/39522","targetHints":{"allow":["GET"]}}],"collection":[{"href":"https:\/\/explora.cl\/lagos\/wp-json\/wp\/v2\/posts"}],"about":[{"href":"https:\/\/explora.cl\/lagos\/wp-json\/wp\/v2\/types\/post"}],"author":[{"embeddable":true,"href":"https:\/\/explora.cl\/lagos\/wp-json\/wp\/v2\/users\/36"}],"replies":[{"embeddable":true,"href":"https:\/\/explora.cl\/lagos\/wp-json\/wp\/v2\/comments?post=39522"}],"version-history":[{"count":1,"href":"https:\/\/explora.cl\/lagos\/wp-json\/wp\/v2\/posts\/39522\/revisions"}],"predecessor-version":[{"id":39524,"href":"https:\/\/explora.cl\/lagos\/wp-json\/wp\/v2\/posts\/39522\/revisions\/39524"}],"wp:featuredmedia":[{"embeddable":true,"href":"https:\/\/explora.cl\/lagos\/wp-json\/wp\/v2\/media\/39523"}],"wp:attachment":[{"href":"https:\/\/explora.cl\/lagos\/wp-json\/wp\/v2\/media?parent=39522"}],"wp:term":[{"taxonomy":"category","embeddable":true,"href":"https:\/\/explora.cl\/lagos\/wp-json\/wp\/v2\/categories?post=39522"},{"taxonomy":"post_tag","embeddable":true,"href":"https:\/\/explora.cl\/lagos\/wp-json\/wp\/v2\/tags?post=39522"}],"curies":[{"name":"wp","href":"https:\/\/api.w.org\/{rel}","templated":true}]}}