{"id":39505,"date":"2020-08-31T12:22:46","date_gmt":"2020-08-31T16:22:46","guid":{"rendered":"https:\/\/explora.cl\/lagos\/?p=39505"},"modified":"2020-09-11T12:16:14","modified_gmt":"2020-09-11T15:16:14","slug":"ciclo-de-charlas-eclipsados-por-el-sol-continua-con-experiencias-de-astronomia-inclusiva","status":"publish","type":"post","link":"https:\/\/explora.cl\/lagos\/ciclo-de-charlas-eclipsados-por-el-sol-continua-con-experiencias-de-astronomia-inclusiva\/","title":{"rendered":"Ciclo de Charlas Eclipsados por el Sol contin\u00faa con experiencias de astronom\u00eda inclusiva"},"content":{"rendered":"<p><em>El mi\u00e9rcoles 2 de septiembre a las 19:00 hrs. se realizar\u00e1 la segunda charla astron\u00f3mica que se transmitir\u00e1 a trav\u00e9s de Facebook Live <\/em><a href=\"mailto:https:\/\/www.facebook.com\/PARExploraLagos\"><em>@PARExploraLagos<\/em><\/a><em> y canal de <\/em><a href=\"mailto:https:\/\/www.youtube.com\/channel\/UCX9qmWDc-vIj_b_gg6dgabw\"><em>YouTube<\/em><\/a><em>. <\/em><\/p>\n<p>Ver, tocar y escuchar el universo de formas distintas, pero con un mismo significado, es lo que muchos profesionales, investigadoras\/es y divulgadoras\/es buscan promover en las diversas disciplinas cient\u00edficas y la Astronom\u00eda no es la excepci\u00f3n.<\/p>\n<p>Bajo esta mirada, el Proyecto Explora Los Lagos del Ministerio de Ciencia, Tecnolog\u00eda, Conocimiento e Innovaci\u00f3n junto al\u00a0Centro de Docencia Superior en Ciencias B\u00e1sicas (CEDOSUCIBA) de la Universidad Austral de Chile Sede Puerto Montt y con el apoyo del Observatorio Europeo Austral (ESO) y la Agrupaci\u00f3n Astronom\u00eda Inclusiva organizaron un Ciclo de Charlas online \u00abEclipsados por el Sol\u00bb que cuenta con interpretaci\u00f3n en Lengua de Se\u00f1as Chilena en vivo.<\/p>\n<p>En esta oportunidad, se desarrollar\u00e1 la segunda charla del ciclo denominada \u201c<strong>Experiencias de Astronom\u00eda Inclusiva\u201d<\/strong>, que nos compartir\u00e1 la astr\u00f3noma Erika Labb\u00e9 Waghorn, Mag\u00edster en la Pontificia Universidad Cat\u00f3lica de Chile y Coordinadora de Difusi\u00f3n del N\u00facleo de Astronom\u00eda de la Universidad Diego Portales. Desde entonces ha dictado cursos de Formaci\u00f3n General en Astronom\u00eda, Cosmolog\u00eda, Ciencias, y Comunicaci\u00f3n Cient\u00edfica en diversas universidades, desarrollando un marcado gusto por entusiasmar a todo el mundo con las maravillas de la ciencia.<\/p>\n<p>El 2015, la investigadora comenz\u00f3 con un proyecto de Difusi\u00f3n para el N\u00facleo de Astronom\u00eda UDP, que r\u00e1pidamente fue creciendo y extendi\u00e9ndose a \u00e1reas como el arte, d\u00e1ndole base cient\u00edfica a diversos proyectos art\u00edsticos, y al \u00e1rea de la inclusi\u00f3n, particularmente para dar acceso a personas con discapacidad visual a la astronom\u00eda. Esto la ha llevado a formar parte de varios proyectos de inclusi\u00f3n, entrenar estudiantes y dictar charlas y talleres en varias regiones de Chile y en pa\u00edses como Colombia, Jap\u00f3n y Estados Unidos. Actualmente forma parte del grupo de trabajo \u201cInclusi\u00f3n y G\u00e9nero\u201d de la Sociedad Chilena de Astronom\u00eda (SOCHIAS), y del grupo de trabajo \u201cVisually Challenged\u201d de la Uni\u00f3n Astron\u00f3mica Internacional<\/p>\n<p>\u201cEn los \u00faltimos a\u00f1os, las iniciativas de difusi\u00f3n de astronom\u00eda inclusiva se han expandido r\u00e1pidamente dentro del pa\u00eds y actualmente est\u00e1 llegando a \u00e1reas como el astro-turismo, la educaci\u00f3n y la investigaci\u00f3n. En esta charla revisaremos las bases de esta nueva manera de aprender astronom\u00eda y algunos ejemplos que muestran el potencial que estas experiencias tienen para encantar a todo p\u00fablico\u201d, coment\u00f3 la astr\u00f3noma Erika Labb\u00e9.<\/p>\n<p>El ciclo de charlas est\u00e1 enmarcado en la espera del Eclipse Total de Sol del 14 de diciembre de 2020 que se apreciar\u00e1 en su totalidad en la Regi\u00f3n de La Araucan\u00eda y Los R\u00edos y en gran parte de la Regi\u00f3n de Los Lagos. Adem\u00e1s, la instancia busca generar un espacio para acercar la ciencia a la comunidad con la finalidad de que el p\u00fablico general tenga la oportunidad de conocer e interactuar con divulgadoras\/es cient\u00edficos destacados en el \u00e1rea de la Astronom\u00eda.<\/p>\n<p>\u201cNosotros quisimos aprovechar esta oportunidad que nos brinda el Eclipse para acercar mucho m\u00e1s la ciencia y en particular la Astronom\u00eda a toda la comunidad con un especial \u00e9nfasis en la inclusi\u00f3n. Es por esto, que todas nuestras charlas van a contar con int\u00e9rprete en Lengua de Se\u00f1as Chilena para poder colaborar un poco con romper las barreras a las que se enfrenta el p\u00fablico con discapacidad auditiva\u201d, explic\u00f3 el Dr. Claudio Navarro, Astrof\u00edsico del Centro de Docencia Superior en Ciencias B\u00e1sicas de la Universidad Austral de Chile Sede Puerto Montt.<\/p>\n<p>El ciclo de charlas se pretende realizar quincenalmente de agosto a diciembre de este a\u00f1o y adem\u00e1s camino al eclipse se desarrollar\u00e1n otras actividades astron\u00f3micas l\u00fadicas e inclusivas que pronto se lanzar\u00e1n en formato virtual y\/o presencial, dependiendo de la contingencia sanitaria debido al COVID-19.<\/p>\n<p>La charlas son abiertas y gratuitas y la segunda se realizar\u00e1 el pr\u00f3ximo <strong>mi\u00e9rcoles 2 de septiembre a las 19:00 hrs.<\/strong> a trav\u00e9s del Facebook Live \u00a0<a href=\"https:\/\/www.facebook.com\/PARExploraLagos\">@PARExploraLagos.\u00a0<\/a> y canal de <a href=\"mailto:https:\/\/www.youtube.com\/channel\/UCX9qmWDc-vIj_b_gg6dgabw\">YouTube.<\/a><\/p>\n<p>Si desean participar, pueden sumarse al evento ingresando en el link <a href=\"https:\/\/www.facebook.com\/events\/312195813343762\/\">https:\/\/www.facebook.com\/events\/312195813343762\/<\/a><\/p>\n","protected":false},"excerpt":{"rendered":"<p>La pr\u00f3xima charla se realizar\u00e1 el pr\u00f3ximo mi\u00e9rcoles 2 de septiembre a las 19:00 hrs. <\/p>\n","protected":false},"author":36,"featured_media":39509,"comment_status":"open","ping_status":"open","sticky":false,"template":"","format":"standard","meta":{"_acf_changed":false,"_exactmetrics_skip_tracking":false,"_exactmetrics_sitenote_active":false,"_exactmetrics_sitenote_note":"","_exactmetrics_sitenote_category":0,"footnotes":"","_links_to":"","_links_to_target":""},"categories":[4,1],"tags":[295,213,107,351,182,247,76],"class_list":["post-39505","post","type-post","status-publish","format-standard","has-post-thumbnail","hentry","category-noticias","category-sin-categoria","tag-uachpuertomontt","tag-astronomia","tag-ciencia","tag-eclipse-total-de-sol-2020","tag-los-lagos","tag-par-explora-los-lagos","tag-tecnologia"],"acf":[],"yoast_head":"<!-- This site is optimized with the Yoast SEO plugin v26.9 - https:\/\/yoast.com\/product\/yoast-seo-wordpress\/ -->\n<title>Ciclo de Charlas Eclipsados por el Sol contin\u00faa con experiencias de astronom\u00eda inclusiva - Los Lagos<\/title>\n<meta name=\"robots\" content=\"index, follow, max-snippet:-1, max-image-preview:large, max-video-preview:-1\" \/>\n<link rel=\"canonical\" href=\"https:\/\/explora.cl\/lagos\/ciclo-de-charlas-eclipsados-por-el-sol-continua-con-experiencias-de-astronomia-inclusiva\/\" class=\"yoast-seo-meta-tag\" \/>\n<meta property=\"og:locale\" content=\"es_ES\" class=\"yoast-seo-meta-tag\" \/>\n<meta property=\"og:type\" content=\"article\" class=\"yoast-seo-meta-tag\" \/>\n<meta property=\"og:title\" content=\"Ciclo de Charlas Eclipsados por el Sol contin\u00faa con experiencias de astronom\u00eda inclusiva - Los Lagos\" class=\"yoast-seo-meta-tag\" \/>\n<meta property=\"og:description\" content=\"La pr\u00f3xima charla se realizar\u00e1 el pr\u00f3ximo mi\u00e9rcoles 2 de septiembre a las 19:00 hrs.\" class=\"yoast-seo-meta-tag\" \/>\n<meta property=\"og:url\" content=\"https:\/\/explora.cl\/lagos\/ciclo-de-charlas-eclipsados-por-el-sol-continua-con-experiencias-de-astronomia-inclusiva\/\" class=\"yoast-seo-meta-tag\" \/>\n<meta property=\"og:site_name\" content=\"Los Lagos\" class=\"yoast-seo-meta-tag\" \/>\n<meta property=\"article:published_time\" content=\"2020-08-31T16:22:46+00:00\" class=\"yoast-seo-meta-tag\" \/>\n<meta property=\"article:modified_time\" content=\"2020-09-11T15:16:14+00:00\" class=\"yoast-seo-meta-tag\" \/>\n<meta property=\"og:image\" content=\"https:\/\/explora.cl\/lagos\/wp-content\/uploads\/sites\/17\/2020\/08\/Foto-1era-Charla-Rompieno-Estereotipos-con-Astronom\u00eda-3-copia-copia-1.jpg\" class=\"yoast-seo-meta-tag\" \/>\n\t<meta property=\"og:image:width\" content=\"728\" class=\"yoast-seo-meta-tag\" \/>\n\t<meta property=\"og:image:height\" content=\"432\" class=\"yoast-seo-meta-tag\" \/>\n\t<meta property=\"og:image:type\" content=\"image\/jpeg\" class=\"yoast-seo-meta-tag\" \/>\n<meta name=\"author\" content=\"jvargas\" class=\"yoast-seo-meta-tag\" \/>\n<meta name=\"twitter:card\" content=\"summary_large_image\" class=\"yoast-seo-meta-tag\" \/>\n<meta name=\"twitter:label1\" content=\"Escrito por\" class=\"yoast-seo-meta-tag\" \/>\n\t<meta name=\"twitter:data1\" content=\"jvargas\" class=\"yoast-seo-meta-tag\" \/>\n\t<meta name=\"twitter:label2\" content=\"Tiempo de lectura\" class=\"yoast-seo-meta-tag\" \/>\n\t<meta name=\"twitter:data2\" content=\"4 minutos\" class=\"yoast-seo-meta-tag\" \/>\n<script type=\"application\/ld+json\" class=\"yoast-schema-graph\">{\"@context\":\"https:\/\/schema.org\",\"@graph\":[{\"@type\":\"Article\",\"@id\":\"https:\/\/explora.cl\/lagos\/ciclo-de-charlas-eclipsados-por-el-sol-continua-con-experiencias-de-astronomia-inclusiva\/#article\",\"isPartOf\":{\"@id\":\"https:\/\/explora.cl\/lagos\/ciclo-de-charlas-eclipsados-por-el-sol-continua-con-experiencias-de-astronomia-inclusiva\/\"},\"author\":{\"name\":\"jvargas\",\"@id\":\"https:\/\/explora.cl\/lagos\/#\/schema\/person\/6608d3ee9ea0b0daeaf12289528fc582\"},\"headline\":\"Ciclo de Charlas Eclipsados por el Sol contin\u00faa con experiencias de astronom\u00eda inclusiva\",\"datePublished\":\"2020-08-31T16:22:46+00:00\",\"dateModified\":\"2020-09-11T15:16:14+00:00\",\"mainEntityOfPage\":{\"@id\":\"https:\/\/explora.cl\/lagos\/ciclo-de-charlas-eclipsados-por-el-sol-continua-con-experiencias-de-astronomia-inclusiva\/\"},\"wordCount\":749,\"commentCount\":0,\"image\":{\"@id\":\"https:\/\/explora.cl\/lagos\/ciclo-de-charlas-eclipsados-por-el-sol-continua-con-experiencias-de-astronomia-inclusiva\/#primaryimage\"},\"thumbnailUrl\":\"https:\/\/explora.cl\/lagos\/wp-content\/uploads\/sites\/17\/2020\/08\/Foto-1era-Charla-Rompieno-Estereotipos-con-Astronom\u00eda-3-copia-copia-1.jpg\",\"keywords\":[\"#UAChPuertoMontt\",\"Astronom\u00eda\",\"ciencia\",\"Eclipse Total de Sol 2020\",\"Los Lagos\",\"PAR EXPLORA LOS LAGOS\",\"tecnolog\u00eda\"],\"articleSection\":[\"Noticias\"],\"inLanguage\":\"es\",\"potentialAction\":[{\"@type\":\"CommentAction\",\"name\":\"Comment\",\"target\":[\"https:\/\/explora.cl\/lagos\/ciclo-de-charlas-eclipsados-por-el-sol-continua-con-experiencias-de-astronomia-inclusiva\/#respond\"]}]},{\"@type\":\"WebPage\",\"@id\":\"https:\/\/explora.cl\/lagos\/ciclo-de-charlas-eclipsados-por-el-sol-continua-con-experiencias-de-astronomia-inclusiva\/\",\"url\":\"https:\/\/explora.cl\/lagos\/ciclo-de-charlas-eclipsados-por-el-sol-continua-con-experiencias-de-astronomia-inclusiva\/\",\"name\":\"Ciclo de Charlas Eclipsados por el Sol contin\u00faa con experiencias de astronom\u00eda inclusiva - Los Lagos\",\"isPartOf\":{\"@id\":\"https:\/\/explora.cl\/lagos\/#website\"},\"primaryImageOfPage\":{\"@id\":\"https:\/\/explora.cl\/lagos\/ciclo-de-charlas-eclipsados-por-el-sol-continua-con-experiencias-de-astronomia-inclusiva\/#primaryimage\"},\"image\":{\"@id\":\"https:\/\/explora.cl\/lagos\/ciclo-de-charlas-eclipsados-por-el-sol-continua-con-experiencias-de-astronomia-inclusiva\/#primaryimage\"},\"thumbnailUrl\":\"https:\/\/explora.cl\/lagos\/wp-content\/uploads\/sites\/17\/2020\/08\/Foto-1era-Charla-Rompieno-Estereotipos-con-Astronom\u00eda-3-copia-copia-1.jpg\",\"datePublished\":\"2020-08-31T16:22:46+00:00\",\"dateModified\":\"2020-09-11T15:16:14+00:00\",\"author\":{\"@id\":\"https:\/\/explora.cl\/lagos\/#\/schema\/person\/6608d3ee9ea0b0daeaf12289528fc582\"},\"breadcrumb\":{\"@id\":\"https:\/\/explora.cl\/lagos\/ciclo-de-charlas-eclipsados-por-el-sol-continua-con-experiencias-de-astronomia-inclusiva\/#breadcrumb\"},\"inLanguage\":\"es\",\"potentialAction\":[{\"@type\":\"ReadAction\",\"target\":[\"https:\/\/explora.cl\/lagos\/ciclo-de-charlas-eclipsados-por-el-sol-continua-con-experiencias-de-astronomia-inclusiva\/\"]}]},{\"@type\":\"ImageObject\",\"inLanguage\":\"es\",\"@id\":\"https:\/\/explora.cl\/lagos\/ciclo-de-charlas-eclipsados-por-el-sol-continua-con-experiencias-de-astronomia-inclusiva\/#primaryimage\",\"url\":\"https:\/\/explora.cl\/lagos\/wp-content\/uploads\/sites\/17\/2020\/08\/Foto-1era-Charla-Rompieno-Estereotipos-con-Astronom\u00eda-3-copia-copia-1.jpg\",\"contentUrl\":\"https:\/\/explora.cl\/lagos\/wp-content\/uploads\/sites\/17\/2020\/08\/Foto-1era-Charla-Rompieno-Estereotipos-con-Astronom\u00eda-3-copia-copia-1.jpg\",\"width\":728,\"height\":432},{\"@type\":\"BreadcrumbList\",\"@id\":\"https:\/\/explora.cl\/lagos\/ciclo-de-charlas-eclipsados-por-el-sol-continua-con-experiencias-de-astronomia-inclusiva\/#breadcrumb\",\"itemListElement\":[{\"@type\":\"ListItem\",\"position\":1,\"name\":\"Portada\",\"item\":\"https:\/\/explora.cl\/lagos\/\"},{\"@type\":\"ListItem\",\"position\":2,\"name\":\"Ciclo de Charlas Eclipsados por el Sol contin\u00faa con experiencias de astronom\u00eda inclusiva\"}]},{\"@type\":\"WebSite\",\"@id\":\"https:\/\/explora.cl\/lagos\/#website\",\"url\":\"https:\/\/explora.cl\/lagos\/\",\"name\":\"Los Lagos\",\"description\":\"Otro sitio m\u00e1s de explora.cl\",\"potentialAction\":[{\"@type\":\"SearchAction\",\"target\":{\"@type\":\"EntryPoint\",\"urlTemplate\":\"https:\/\/explora.cl\/lagos\/?s={search_term_string}\"},\"query-input\":{\"@type\":\"PropertyValueSpecification\",\"valueRequired\":true,\"valueName\":\"search_term_string\"}}],\"inLanguage\":\"es\"},{\"@type\":\"Person\",\"@id\":\"https:\/\/explora.cl\/lagos\/#\/schema\/person\/6608d3ee9ea0b0daeaf12289528fc582\",\"name\":\"jvargas\",\"image\":{\"@type\":\"ImageObject\",\"inLanguage\":\"es\",\"@id\":\"https:\/\/explora.cl\/lagos\/#\/schema\/person\/image\/\",\"url\":\"https:\/\/secure.gravatar.com\/avatar\/8a6892fbfb002ef173a244b534b4bbcea4c183fc3fbf7732e64ac89b1d22d482?s=96&d=mm&r=g\",\"contentUrl\":\"https:\/\/secure.gravatar.com\/avatar\/8a6892fbfb002ef173a244b534b4bbcea4c183fc3fbf7732e64ac89b1d22d482?s=96&d=mm&r=g\",\"caption\":\"jvargas\"},\"url\":\"https:\/\/explora.cl\/lagos\/author\/jvargas\/\"}]}<\/script>\n<!-- \/ Yoast SEO plugin. -->","yoast_head_json":{"title":"Ciclo de Charlas Eclipsados por el Sol contin\u00faa con experiencias de astronom\u00eda inclusiva - Los Lagos","robots":{"index":"index","follow":"follow","max-snippet":"max-snippet:-1","max-image-preview":"max-image-preview:large","max-video-preview":"max-video-preview:-1"},"canonical":"https:\/\/explora.cl\/lagos\/ciclo-de-charlas-eclipsados-por-el-sol-continua-con-experiencias-de-astronomia-inclusiva\/","og_locale":"es_ES","og_type":"article","og_title":"Ciclo de Charlas Eclipsados por el Sol contin\u00faa con experiencias de astronom\u00eda inclusiva - Los Lagos","og_description":"La pr\u00f3xima charla se realizar\u00e1 el pr\u00f3ximo mi\u00e9rcoles 2 de septiembre a las 19:00 hrs.","og_url":"https:\/\/explora.cl\/lagos\/ciclo-de-charlas-eclipsados-por-el-sol-continua-con-experiencias-de-astronomia-inclusiva\/","og_site_name":"Los Lagos","article_published_time":"2020-08-31T16:22:46+00:00","article_modified_time":"2020-09-11T15:16:14+00:00","og_image":[{"width":728,"height":432,"url":"https:\/\/explora.cl\/lagos\/wp-content\/uploads\/sites\/17\/2020\/08\/Foto-1era-Charla-Rompieno-Estereotipos-con-Astronom\u00eda-3-copia-copia-1.jpg","type":"image\/jpeg"}],"author":"jvargas","twitter_card":"summary_large_image","twitter_misc":{"Escrito por":"jvargas","Tiempo de lectura":"4 minutos"},"schema":{"@context":"https:\/\/schema.org","@graph":[{"@type":"Article","@id":"https:\/\/explora.cl\/lagos\/ciclo-de-charlas-eclipsados-por-el-sol-continua-con-experiencias-de-astronomia-inclusiva\/#article","isPartOf":{"@id":"https:\/\/explora.cl\/lagos\/ciclo-de-charlas-eclipsados-por-el-sol-continua-con-experiencias-de-astronomia-inclusiva\/"},"author":{"name":"jvargas","@id":"https:\/\/explora.cl\/lagos\/#\/schema\/person\/6608d3ee9ea0b0daeaf12289528fc582"},"headline":"Ciclo de Charlas Eclipsados por el Sol contin\u00faa con experiencias de astronom\u00eda inclusiva","datePublished":"2020-08-31T16:22:46+00:00","dateModified":"2020-09-11T15:16:14+00:00","mainEntityOfPage":{"@id":"https:\/\/explora.cl\/lagos\/ciclo-de-charlas-eclipsados-por-el-sol-continua-con-experiencias-de-astronomia-inclusiva\/"},"wordCount":749,"commentCount":0,"image":{"@id":"https:\/\/explora.cl\/lagos\/ciclo-de-charlas-eclipsados-por-el-sol-continua-con-experiencias-de-astronomia-inclusiva\/#primaryimage"},"thumbnailUrl":"https:\/\/explora.cl\/lagos\/wp-content\/uploads\/sites\/17\/2020\/08\/Foto-1era-Charla-Rompieno-Estereotipos-con-Astronom\u00eda-3-copia-copia-1.jpg","keywords":["#UAChPuertoMontt","Astronom\u00eda","ciencia","Eclipse Total de Sol 2020","Los Lagos","PAR EXPLORA LOS LAGOS","tecnolog\u00eda"],"articleSection":["Noticias"],"inLanguage":"es","potentialAction":[{"@type":"CommentAction","name":"Comment","target":["https:\/\/explora.cl\/lagos\/ciclo-de-charlas-eclipsados-por-el-sol-continua-con-experiencias-de-astronomia-inclusiva\/#respond"]}]},{"@type":"WebPage","@id":"https:\/\/explora.cl\/lagos\/ciclo-de-charlas-eclipsados-por-el-sol-continua-con-experiencias-de-astronomia-inclusiva\/","url":"https:\/\/explora.cl\/lagos\/ciclo-de-charlas-eclipsados-por-el-sol-continua-con-experiencias-de-astronomia-inclusiva\/","name":"Ciclo de Charlas Eclipsados por el Sol contin\u00faa con experiencias de astronom\u00eda inclusiva - Los Lagos","isPartOf":{"@id":"https:\/\/explora.cl\/lagos\/#website"},"primaryImageOfPage":{"@id":"https:\/\/explora.cl\/lagos\/ciclo-de-charlas-eclipsados-por-el-sol-continua-con-experiencias-de-astronomia-inclusiva\/#primaryimage"},"image":{"@id":"https:\/\/explora.cl\/lagos\/ciclo-de-charlas-eclipsados-por-el-sol-continua-con-experiencias-de-astronomia-inclusiva\/#primaryimage"},"thumbnailUrl":"https:\/\/explora.cl\/lagos\/wp-content\/uploads\/sites\/17\/2020\/08\/Foto-1era-Charla-Rompieno-Estereotipos-con-Astronom\u00eda-3-copia-copia-1.jpg","datePublished":"2020-08-31T16:22:46+00:00","dateModified":"2020-09-11T15:16:14+00:00","author":{"@id":"https:\/\/explora.cl\/lagos\/#\/schema\/person\/6608d3ee9ea0b0daeaf12289528fc582"},"breadcrumb":{"@id":"https:\/\/explora.cl\/lagos\/ciclo-de-charlas-eclipsados-por-el-sol-continua-con-experiencias-de-astronomia-inclusiva\/#breadcrumb"},"inLanguage":"es","potentialAction":[{"@type":"ReadAction","target":["https:\/\/explora.cl\/lagos\/ciclo-de-charlas-eclipsados-por-el-sol-continua-con-experiencias-de-astronomia-inclusiva\/"]}]},{"@type":"ImageObject","inLanguage":"es","@id":"https:\/\/explora.cl\/lagos\/ciclo-de-charlas-eclipsados-por-el-sol-continua-con-experiencias-de-astronomia-inclusiva\/#primaryimage","url":"https:\/\/explora.cl\/lagos\/wp-content\/uploads\/sites\/17\/2020\/08\/Foto-1era-Charla-Rompieno-Estereotipos-con-Astronom\u00eda-3-copia-copia-1.jpg","contentUrl":"https:\/\/explora.cl\/lagos\/wp-content\/uploads\/sites\/17\/2020\/08\/Foto-1era-Charla-Rompieno-Estereotipos-con-Astronom\u00eda-3-copia-copia-1.jpg","width":728,"height":432},{"@type":"BreadcrumbList","@id":"https:\/\/explora.cl\/lagos\/ciclo-de-charlas-eclipsados-por-el-sol-continua-con-experiencias-de-astronomia-inclusiva\/#breadcrumb","itemListElement":[{"@type":"ListItem","position":1,"name":"Portada","item":"https:\/\/explora.cl\/lagos\/"},{"@type":"ListItem","position":2,"name":"Ciclo de Charlas Eclipsados por el Sol contin\u00faa con experiencias de astronom\u00eda inclusiva"}]},{"@type":"WebSite","@id":"https:\/\/explora.cl\/lagos\/#website","url":"https:\/\/explora.cl\/lagos\/","name":"Los Lagos","description":"Otro sitio m\u00e1s de explora.cl","potentialAction":[{"@type":"SearchAction","target":{"@type":"EntryPoint","urlTemplate":"https:\/\/explora.cl\/lagos\/?s={search_term_string}"},"query-input":{"@type":"PropertyValueSpecification","valueRequired":true,"valueName":"search_term_string"}}],"inLanguage":"es"},{"@type":"Person","@id":"https:\/\/explora.cl\/lagos\/#\/schema\/person\/6608d3ee9ea0b0daeaf12289528fc582","name":"jvargas","image":{"@type":"ImageObject","inLanguage":"es","@id":"https:\/\/explora.cl\/lagos\/#\/schema\/person\/image\/","url":"https:\/\/secure.gravatar.com\/avatar\/8a6892fbfb002ef173a244b534b4bbcea4c183fc3fbf7732e64ac89b1d22d482?s=96&d=mm&r=g","contentUrl":"https:\/\/secure.gravatar.com\/avatar\/8a6892fbfb002ef173a244b534b4bbcea4c183fc3fbf7732e64ac89b1d22d482?s=96&d=mm&r=g","caption":"jvargas"},"url":"https:\/\/explora.cl\/lagos\/author\/jvargas\/"}]}},"_links":{"self":[{"href":"https:\/\/explora.cl\/lagos\/wp-json\/wp\/v2\/posts\/39505","targetHints":{"allow":["GET"]}}],"collection":[{"href":"https:\/\/explora.cl\/lagos\/wp-json\/wp\/v2\/posts"}],"about":[{"href":"https:\/\/explora.cl\/lagos\/wp-json\/wp\/v2\/types\/post"}],"author":[{"embeddable":true,"href":"https:\/\/explora.cl\/lagos\/wp-json\/wp\/v2\/users\/36"}],"replies":[{"embeddable":true,"href":"https:\/\/explora.cl\/lagos\/wp-json\/wp\/v2\/comments?post=39505"}],"version-history":[{"count":1,"href":"https:\/\/explora.cl\/lagos\/wp-json\/wp\/v2\/posts\/39505\/revisions"}],"predecessor-version":[{"id":39507,"href":"https:\/\/explora.cl\/lagos\/wp-json\/wp\/v2\/posts\/39505\/revisions\/39507"}],"wp:featuredmedia":[{"embeddable":true,"href":"https:\/\/explora.cl\/lagos\/wp-json\/wp\/v2\/media\/39509"}],"wp:attachment":[{"href":"https:\/\/explora.cl\/lagos\/wp-json\/wp\/v2\/media?parent=39505"}],"wp:term":[{"taxonomy":"category","embeddable":true,"href":"https:\/\/explora.cl\/lagos\/wp-json\/wp\/v2\/categories?post=39505"},{"taxonomy":"post_tag","embeddable":true,"href":"https:\/\/explora.cl\/lagos\/wp-json\/wp\/v2\/tags?post=39505"}],"curies":[{"name":"wp","href":"https:\/\/api.w.org\/{rel}","templated":true}]}}