{"id":39501,"date":"2020-08-27T15:39:19","date_gmt":"2020-08-27T19:39:19","guid":{"rendered":"https:\/\/explora.cl\/lagos\/?p=39501"},"modified":"2020-09-09T19:58:13","modified_gmt":"2020-09-09T22:58:13","slug":"conectate-a-la-2da-charla-del-ciclo-eclipsados-por-el-sol","status":"publish","type":"post","link":"https:\/\/explora.cl\/lagos\/conectate-a-la-2da-charla-del-ciclo-eclipsados-por-el-sol\/","title":{"rendered":"Con\u00e9ctate a la 2da Charla del ciclo \u00abEclipsados por el Sol\u00bb"},"content":{"rendered":"<p>El Proyecto Explora Los Lagos del Ministerio de Ciencia, Tecnolog\u00eda, Conocimiento e Innovaci\u00f3n junto al\u00a0Centro de Docencia Superior en Ciencias B\u00e1sicas (CEDOSUCIBA) de la Universidad Austral de Chile Sede Puerto Montt y con el apoyo del Observatorio Europeo Austral (ESO) y la Agrupaci\u00f3n Astronom\u00eda Inclusiva, te invita al\u00a0Ciclo de Charlas online \u00abEclipsados por el Sol\u00bb en el marco de la espera del Eclipse Total de Sol que acontecer\u00e1 el 14 de diciembre de 2020 en el sur de nuestro pa\u00eds.<\/p>\n<p>La segunda Charla ser\u00e1 sobre \u201cExperiencias de Astronom\u00eda Inclusiva\u201d que nos hablar\u00e1 la Mg. Erika Labb\u00e9 Waghorn, Astr\u00f3noma y Coordinadora de Difusi\u00f3n del N\u00facleo de Astronom\u00eda de la Universidad Diego Portales.<\/p>\n<p>En la instancia, la investigadora contar\u00e1 c\u00f3mo en los \u00faltimos a\u00f1os, las iniciativas de difusi\u00f3n de astronom\u00eda inclusiva se han expandido r\u00e1pidamente dentro del pa\u00eds y actualmente est\u00e1 llegando a \u00e1reas como el astro-turismo, la educaci\u00f3n y la investigaci\u00f3n. En esta charla revisaremos las bases de esta nueva manera de aprender astronom\u00eda y algunos ejemplos que muestran el potencial que estas experiencias tienen para encantar a todo p\u00fablico.<\/p>\n<p>La iniciativa busca generar un espacio para acercar la ciencia a la comunidad con la finalidad de que el p\u00fablico general tenga la oportunidad de conocer e interactuar con divulgadoras\/es cient\u00edficos destacados en el \u00e1rea de la Astronom\u00eda. Bajo esta idea, hemos dise\u00f1ado un ciclo de charlas inclusivas, donde contamos con interpretaci\u00f3n en Lengua de Se\u00f1as Chilena en vivo.<\/p>\n<p>La charla ser\u00e1 abierta y gratuita y se realizar\u00e1 el <strong>mi\u00e9rcoles 2 de septiembre a las 19:00 hrs<\/strong> a trav\u00e9s de nuestro Facebook Live\u00a0<a href=\"mailto:https:\/\/www.facebook.com\/PARExploraLagos\">@PARExploraLagos.\u00a0<\/a><\/p>\n<p>Si deseas participar, puedes sumarte al evento ingresando en link <a href=\"https:\/\/www.facebook.com\/events\/312195813343762\/\">https:\/\/www.facebook.com\/events\/312195813343762\/<\/a><\/p>\n<p>&nbsp;<\/p>\n<p style=\"text-align: center\"><strong>\u00a1Con\u00e9ctate!<\/strong><\/p>\n<p style=\"text-align: center\"><strong>\u00a1Te estaremos esperando! <\/strong><\/p>\n<p>&nbsp;<\/p>\n<p><img fetchpriority=\"high\" decoding=\"async\" class=\"wp-image-39512 aligncenter\" src=\"https:\/\/explora.cl\/lagos\/wp-content\/uploads\/sites\/17\/2020\/08\/Programa-Charla-Astron\u00f3mica.png\" alt=\"\" width=\"552\" height=\"552\" srcset=\"https:\/\/explora.cl\/lagos\/wp-content\/uploads\/sites\/17\/2020\/08\/Programa-Charla-Astron\u00f3mica.png 1080w, https:\/\/explora.cl\/lagos\/wp-content\/uploads\/sites\/17\/2020\/08\/Programa-Charla-Astron\u00f3mica-150x150.png 150w, https:\/\/explora.cl\/lagos\/wp-content\/uploads\/sites\/17\/2020\/08\/Programa-Charla-Astron\u00f3mica-300x300.png 300w, https:\/\/explora.cl\/lagos\/wp-content\/uploads\/sites\/17\/2020\/08\/Programa-Charla-Astron\u00f3mica-768x768.png 768w, https:\/\/explora.cl\/lagos\/wp-content\/uploads\/sites\/17\/2020\/08\/Programa-Charla-Astron\u00f3mica-1024x1024.png 1024w, https:\/\/explora.cl\/lagos\/wp-content\/uploads\/sites\/17\/2020\/08\/Programa-Charla-Astron\u00f3mica-60x60.png 60w\" sizes=\"(max-width: 552px) 100vw, 552px\" \/><\/p>\n","protected":false},"excerpt":{"rendered":"<p>Se realizar\u00e1 el mi\u00e9rcoles 2 de septiembre a las 19:00 hrs a trav\u00e9s de nuestro Facebook Live\u00a0@PARExploraLagos.\u00a0<\/p>\n","protected":false},"author":36,"featured_media":39502,"comment_status":"open","ping_status":"open","sticky":false,"template":"","format":"standard","meta":{"_acf_changed":false,"_exactmetrics_skip_tracking":false,"_exactmetrics_sitenote_active":false,"_exactmetrics_sitenote_note":"","_exactmetrics_sitenote_category":0,"footnotes":"","_links_to":"","_links_to_target":""},"categories":[151,1],"tags":[213,107,351,23,350,182,335],"class_list":["post-39501","post","type-post","status-publish","format-standard","has-post-thumbnail","hentry","category-banner","category-sin-categoria","tag-astronomia","tag-ciencia","tag-eclipse-total-de-sol-2020","tag-explora","tag-inclusiva","tag-los-lagos","tag-universidad-austral-de-chile-sede-puerto-montt"],"acf":[],"yoast_head":"<!-- This site is optimized with the Yoast SEO plugin v26.9 - https:\/\/yoast.com\/product\/yoast-seo-wordpress\/ -->\n<title>Con\u00e9ctate a la 2da Charla del ciclo &quot;Eclipsados por el Sol&quot; - Los Lagos<\/title>\n<meta name=\"robots\" content=\"index, follow, max-snippet:-1, max-image-preview:large, max-video-preview:-1\" \/>\n<link rel=\"canonical\" href=\"https:\/\/explora.cl\/lagos\/conectate-a-la-2da-charla-del-ciclo-eclipsados-por-el-sol\/\" class=\"yoast-seo-meta-tag\" \/>\n<meta property=\"og:locale\" content=\"es_ES\" class=\"yoast-seo-meta-tag\" \/>\n<meta property=\"og:type\" content=\"article\" class=\"yoast-seo-meta-tag\" \/>\n<meta property=\"og:title\" content=\"Con\u00e9ctate a la 2da Charla del ciclo &quot;Eclipsados por el Sol&quot; - Los Lagos\" class=\"yoast-seo-meta-tag\" \/>\n<meta property=\"og:description\" content=\"Se realizar\u00e1 el mi\u00e9rcoles 2 de septiembre a las 19:00 hrs a trav\u00e9s de nuestro Facebook Live\u00a0@PARExploraLagos.\u00a0\" class=\"yoast-seo-meta-tag\" \/>\n<meta property=\"og:url\" content=\"https:\/\/explora.cl\/lagos\/conectate-a-la-2da-charla-del-ciclo-eclipsados-por-el-sol\/\" class=\"yoast-seo-meta-tag\" \/>\n<meta property=\"og:site_name\" content=\"Los Lagos\" class=\"yoast-seo-meta-tag\" \/>\n<meta property=\"article:published_time\" content=\"2020-08-27T19:39:19+00:00\" class=\"yoast-seo-meta-tag\" \/>\n<meta property=\"article:modified_time\" content=\"2020-09-09T22:58:13+00:00\" class=\"yoast-seo-meta-tag\" \/>\n<meta property=\"og:image\" content=\"https:\/\/explora.cl\/lagos\/wp-content\/uploads\/sites\/17\/2020\/08\/pagina_explora5.png\" class=\"yoast-seo-meta-tag\" \/>\n\t<meta property=\"og:image:width\" content=\"736\" class=\"yoast-seo-meta-tag\" \/>\n\t<meta property=\"og:image:height\" content=\"420\" class=\"yoast-seo-meta-tag\" \/>\n\t<meta property=\"og:image:type\" content=\"image\/png\" class=\"yoast-seo-meta-tag\" \/>\n<meta name=\"author\" content=\"jvargas\" class=\"yoast-seo-meta-tag\" \/>\n<meta name=\"twitter:card\" content=\"summary_large_image\" class=\"yoast-seo-meta-tag\" \/>\n<meta name=\"twitter:label1\" content=\"Escrito por\" class=\"yoast-seo-meta-tag\" \/>\n\t<meta name=\"twitter:data1\" content=\"jvargas\" class=\"yoast-seo-meta-tag\" \/>\n\t<meta name=\"twitter:label2\" content=\"Tiempo de lectura\" class=\"yoast-seo-meta-tag\" \/>\n\t<meta name=\"twitter:data2\" content=\"2 minutos\" class=\"yoast-seo-meta-tag\" \/>\n<script type=\"application\/ld+json\" class=\"yoast-schema-graph\">{\"@context\":\"https:\/\/schema.org\",\"@graph\":[{\"@type\":\"Article\",\"@id\":\"https:\/\/explora.cl\/lagos\/conectate-a-la-2da-charla-del-ciclo-eclipsados-por-el-sol\/#article\",\"isPartOf\":{\"@id\":\"https:\/\/explora.cl\/lagos\/conectate-a-la-2da-charla-del-ciclo-eclipsados-por-el-sol\/\"},\"author\":{\"name\":\"jvargas\",\"@id\":\"https:\/\/explora.cl\/lagos\/#\/schema\/person\/6608d3ee9ea0b0daeaf12289528fc582\"},\"headline\":\"Con\u00e9ctate a la 2da Charla del ciclo \u00abEclipsados por el Sol\u00bb\",\"datePublished\":\"2020-08-27T19:39:19+00:00\",\"dateModified\":\"2020-09-09T22:58:13+00:00\",\"mainEntityOfPage\":{\"@id\":\"https:\/\/explora.cl\/lagos\/conectate-a-la-2da-charla-del-ciclo-eclipsados-por-el-sol\/\"},\"wordCount\":325,\"commentCount\":0,\"image\":{\"@id\":\"https:\/\/explora.cl\/lagos\/conectate-a-la-2da-charla-del-ciclo-eclipsados-por-el-sol\/#primaryimage\"},\"thumbnailUrl\":\"https:\/\/explora.cl\/lagos\/wp-content\/uploads\/sites\/17\/2020\/08\/pagina_explora5.png\",\"keywords\":[\"Astronom\u00eda\",\"ciencia\",\"Eclipse Total de Sol 2020\",\"EXPLORA\",\"Inclusiva\",\"Los Lagos\",\"Universidad Austral de Chile Sede Puerto Montt\"],\"articleSection\":[\"Banner\"],\"inLanguage\":\"es\",\"potentialAction\":[{\"@type\":\"CommentAction\",\"name\":\"Comment\",\"target\":[\"https:\/\/explora.cl\/lagos\/conectate-a-la-2da-charla-del-ciclo-eclipsados-por-el-sol\/#respond\"]}]},{\"@type\":\"WebPage\",\"@id\":\"https:\/\/explora.cl\/lagos\/conectate-a-la-2da-charla-del-ciclo-eclipsados-por-el-sol\/\",\"url\":\"https:\/\/explora.cl\/lagos\/conectate-a-la-2da-charla-del-ciclo-eclipsados-por-el-sol\/\",\"name\":\"Con\u00e9ctate a la 2da Charla del ciclo \\\"Eclipsados por el Sol\\\" - Los Lagos\",\"isPartOf\":{\"@id\":\"https:\/\/explora.cl\/lagos\/#website\"},\"primaryImageOfPage\":{\"@id\":\"https:\/\/explora.cl\/lagos\/conectate-a-la-2da-charla-del-ciclo-eclipsados-por-el-sol\/#primaryimage\"},\"image\":{\"@id\":\"https:\/\/explora.cl\/lagos\/conectate-a-la-2da-charla-del-ciclo-eclipsados-por-el-sol\/#primaryimage\"},\"thumbnailUrl\":\"https:\/\/explora.cl\/lagos\/wp-content\/uploads\/sites\/17\/2020\/08\/pagina_explora5.png\",\"datePublished\":\"2020-08-27T19:39:19+00:00\",\"dateModified\":\"2020-09-09T22:58:13+00:00\",\"author\":{\"@id\":\"https:\/\/explora.cl\/lagos\/#\/schema\/person\/6608d3ee9ea0b0daeaf12289528fc582\"},\"breadcrumb\":{\"@id\":\"https:\/\/explora.cl\/lagos\/conectate-a-la-2da-charla-del-ciclo-eclipsados-por-el-sol\/#breadcrumb\"},\"inLanguage\":\"es\",\"potentialAction\":[{\"@type\":\"ReadAction\",\"target\":[\"https:\/\/explora.cl\/lagos\/conectate-a-la-2da-charla-del-ciclo-eclipsados-por-el-sol\/\"]}]},{\"@type\":\"ImageObject\",\"inLanguage\":\"es\",\"@id\":\"https:\/\/explora.cl\/lagos\/conectate-a-la-2da-charla-del-ciclo-eclipsados-por-el-sol\/#primaryimage\",\"url\":\"https:\/\/explora.cl\/lagos\/wp-content\/uploads\/sites\/17\/2020\/08\/pagina_explora5.png\",\"contentUrl\":\"https:\/\/explora.cl\/lagos\/wp-content\/uploads\/sites\/17\/2020\/08\/pagina_explora5.png\",\"width\":736,\"height\":420},{\"@type\":\"BreadcrumbList\",\"@id\":\"https:\/\/explora.cl\/lagos\/conectate-a-la-2da-charla-del-ciclo-eclipsados-por-el-sol\/#breadcrumb\",\"itemListElement\":[{\"@type\":\"ListItem\",\"position\":1,\"name\":\"Portada\",\"item\":\"https:\/\/explora.cl\/lagos\/\"},{\"@type\":\"ListItem\",\"position\":2,\"name\":\"Con\u00e9ctate a la 2da Charla del ciclo \u00abEclipsados por el Sol\u00bb\"}]},{\"@type\":\"WebSite\",\"@id\":\"https:\/\/explora.cl\/lagos\/#website\",\"url\":\"https:\/\/explora.cl\/lagos\/\",\"name\":\"Los Lagos\",\"description\":\"Otro sitio m\u00e1s de explora.cl\",\"potentialAction\":[{\"@type\":\"SearchAction\",\"target\":{\"@type\":\"EntryPoint\",\"urlTemplate\":\"https:\/\/explora.cl\/lagos\/?s={search_term_string}\"},\"query-input\":{\"@type\":\"PropertyValueSpecification\",\"valueRequired\":true,\"valueName\":\"search_term_string\"}}],\"inLanguage\":\"es\"},{\"@type\":\"Person\",\"@id\":\"https:\/\/explora.cl\/lagos\/#\/schema\/person\/6608d3ee9ea0b0daeaf12289528fc582\",\"name\":\"jvargas\",\"image\":{\"@type\":\"ImageObject\",\"inLanguage\":\"es\",\"@id\":\"https:\/\/explora.cl\/lagos\/#\/schema\/person\/image\/\",\"url\":\"https:\/\/secure.gravatar.com\/avatar\/8a6892fbfb002ef173a244b534b4bbcea4c183fc3fbf7732e64ac89b1d22d482?s=96&d=mm&r=g\",\"contentUrl\":\"https:\/\/secure.gravatar.com\/avatar\/8a6892fbfb002ef173a244b534b4bbcea4c183fc3fbf7732e64ac89b1d22d482?s=96&d=mm&r=g\",\"caption\":\"jvargas\"},\"url\":\"https:\/\/explora.cl\/lagos\/author\/jvargas\/\"}]}<\/script>\n<!-- \/ Yoast SEO plugin. -->","yoast_head_json":{"title":"Con\u00e9ctate a la 2da Charla del ciclo \"Eclipsados por el Sol\" - Los Lagos","robots":{"index":"index","follow":"follow","max-snippet":"max-snippet:-1","max-image-preview":"max-image-preview:large","max-video-preview":"max-video-preview:-1"},"canonical":"https:\/\/explora.cl\/lagos\/conectate-a-la-2da-charla-del-ciclo-eclipsados-por-el-sol\/","og_locale":"es_ES","og_type":"article","og_title":"Con\u00e9ctate a la 2da Charla del ciclo \"Eclipsados por el Sol\" - Los Lagos","og_description":"Se realizar\u00e1 el mi\u00e9rcoles 2 de septiembre a las 19:00 hrs a trav\u00e9s de nuestro Facebook Live\u00a0@PARExploraLagos.\u00a0","og_url":"https:\/\/explora.cl\/lagos\/conectate-a-la-2da-charla-del-ciclo-eclipsados-por-el-sol\/","og_site_name":"Los Lagos","article_published_time":"2020-08-27T19:39:19+00:00","article_modified_time":"2020-09-09T22:58:13+00:00","og_image":[{"width":736,"height":420,"url":"https:\/\/explora.cl\/lagos\/wp-content\/uploads\/sites\/17\/2020\/08\/pagina_explora5.png","type":"image\/png"}],"author":"jvargas","twitter_card":"summary_large_image","twitter_misc":{"Escrito por":"jvargas","Tiempo de lectura":"2 minutos"},"schema":{"@context":"https:\/\/schema.org","@graph":[{"@type":"Article","@id":"https:\/\/explora.cl\/lagos\/conectate-a-la-2da-charla-del-ciclo-eclipsados-por-el-sol\/#article","isPartOf":{"@id":"https:\/\/explora.cl\/lagos\/conectate-a-la-2da-charla-del-ciclo-eclipsados-por-el-sol\/"},"author":{"name":"jvargas","@id":"https:\/\/explora.cl\/lagos\/#\/schema\/person\/6608d3ee9ea0b0daeaf12289528fc582"},"headline":"Con\u00e9ctate a la 2da Charla del ciclo \u00abEclipsados por el Sol\u00bb","datePublished":"2020-08-27T19:39:19+00:00","dateModified":"2020-09-09T22:58:13+00:00","mainEntityOfPage":{"@id":"https:\/\/explora.cl\/lagos\/conectate-a-la-2da-charla-del-ciclo-eclipsados-por-el-sol\/"},"wordCount":325,"commentCount":0,"image":{"@id":"https:\/\/explora.cl\/lagos\/conectate-a-la-2da-charla-del-ciclo-eclipsados-por-el-sol\/#primaryimage"},"thumbnailUrl":"https:\/\/explora.cl\/lagos\/wp-content\/uploads\/sites\/17\/2020\/08\/pagina_explora5.png","keywords":["Astronom\u00eda","ciencia","Eclipse Total de Sol 2020","EXPLORA","Inclusiva","Los Lagos","Universidad Austral de Chile Sede Puerto Montt"],"articleSection":["Banner"],"inLanguage":"es","potentialAction":[{"@type":"CommentAction","name":"Comment","target":["https:\/\/explora.cl\/lagos\/conectate-a-la-2da-charla-del-ciclo-eclipsados-por-el-sol\/#respond"]}]},{"@type":"WebPage","@id":"https:\/\/explora.cl\/lagos\/conectate-a-la-2da-charla-del-ciclo-eclipsados-por-el-sol\/","url":"https:\/\/explora.cl\/lagos\/conectate-a-la-2da-charla-del-ciclo-eclipsados-por-el-sol\/","name":"Con\u00e9ctate a la 2da Charla del ciclo \"Eclipsados por el Sol\" - Los Lagos","isPartOf":{"@id":"https:\/\/explora.cl\/lagos\/#website"},"primaryImageOfPage":{"@id":"https:\/\/explora.cl\/lagos\/conectate-a-la-2da-charla-del-ciclo-eclipsados-por-el-sol\/#primaryimage"},"image":{"@id":"https:\/\/explora.cl\/lagos\/conectate-a-la-2da-charla-del-ciclo-eclipsados-por-el-sol\/#primaryimage"},"thumbnailUrl":"https:\/\/explora.cl\/lagos\/wp-content\/uploads\/sites\/17\/2020\/08\/pagina_explora5.png","datePublished":"2020-08-27T19:39:19+00:00","dateModified":"2020-09-09T22:58:13+00:00","author":{"@id":"https:\/\/explora.cl\/lagos\/#\/schema\/person\/6608d3ee9ea0b0daeaf12289528fc582"},"breadcrumb":{"@id":"https:\/\/explora.cl\/lagos\/conectate-a-la-2da-charla-del-ciclo-eclipsados-por-el-sol\/#breadcrumb"},"inLanguage":"es","potentialAction":[{"@type":"ReadAction","target":["https:\/\/explora.cl\/lagos\/conectate-a-la-2da-charla-del-ciclo-eclipsados-por-el-sol\/"]}]},{"@type":"ImageObject","inLanguage":"es","@id":"https:\/\/explora.cl\/lagos\/conectate-a-la-2da-charla-del-ciclo-eclipsados-por-el-sol\/#primaryimage","url":"https:\/\/explora.cl\/lagos\/wp-content\/uploads\/sites\/17\/2020\/08\/pagina_explora5.png","contentUrl":"https:\/\/explora.cl\/lagos\/wp-content\/uploads\/sites\/17\/2020\/08\/pagina_explora5.png","width":736,"height":420},{"@type":"BreadcrumbList","@id":"https:\/\/explora.cl\/lagos\/conectate-a-la-2da-charla-del-ciclo-eclipsados-por-el-sol\/#breadcrumb","itemListElement":[{"@type":"ListItem","position":1,"name":"Portada","item":"https:\/\/explora.cl\/lagos\/"},{"@type":"ListItem","position":2,"name":"Con\u00e9ctate a la 2da Charla del ciclo \u00abEclipsados por el Sol\u00bb"}]},{"@type":"WebSite","@id":"https:\/\/explora.cl\/lagos\/#website","url":"https:\/\/explora.cl\/lagos\/","name":"Los Lagos","description":"Otro sitio m\u00e1s de explora.cl","potentialAction":[{"@type":"SearchAction","target":{"@type":"EntryPoint","urlTemplate":"https:\/\/explora.cl\/lagos\/?s={search_term_string}"},"query-input":{"@type":"PropertyValueSpecification","valueRequired":true,"valueName":"search_term_string"}}],"inLanguage":"es"},{"@type":"Person","@id":"https:\/\/explora.cl\/lagos\/#\/schema\/person\/6608d3ee9ea0b0daeaf12289528fc582","name":"jvargas","image":{"@type":"ImageObject","inLanguage":"es","@id":"https:\/\/explora.cl\/lagos\/#\/schema\/person\/image\/","url":"https:\/\/secure.gravatar.com\/avatar\/8a6892fbfb002ef173a244b534b4bbcea4c183fc3fbf7732e64ac89b1d22d482?s=96&d=mm&r=g","contentUrl":"https:\/\/secure.gravatar.com\/avatar\/8a6892fbfb002ef173a244b534b4bbcea4c183fc3fbf7732e64ac89b1d22d482?s=96&d=mm&r=g","caption":"jvargas"},"url":"https:\/\/explora.cl\/lagos\/author\/jvargas\/"}]}},"_links":{"self":[{"href":"https:\/\/explora.cl\/lagos\/wp-json\/wp\/v2\/posts\/39501","targetHints":{"allow":["GET"]}}],"collection":[{"href":"https:\/\/explora.cl\/lagos\/wp-json\/wp\/v2\/posts"}],"about":[{"href":"https:\/\/explora.cl\/lagos\/wp-json\/wp\/v2\/types\/post"}],"author":[{"embeddable":true,"href":"https:\/\/explora.cl\/lagos\/wp-json\/wp\/v2\/users\/36"}],"replies":[{"embeddable":true,"href":"https:\/\/explora.cl\/lagos\/wp-json\/wp\/v2\/comments?post=39501"}],"version-history":[{"count":3,"href":"https:\/\/explora.cl\/lagos\/wp-json\/wp\/v2\/posts\/39501\/revisions"}],"predecessor-version":[{"id":39511,"href":"https:\/\/explora.cl\/lagos\/wp-json\/wp\/v2\/posts\/39501\/revisions\/39511"}],"wp:featuredmedia":[{"embeddable":true,"href":"https:\/\/explora.cl\/lagos\/wp-json\/wp\/v2\/media\/39502"}],"wp:attachment":[{"href":"https:\/\/explora.cl\/lagos\/wp-json\/wp\/v2\/media?parent=39501"}],"wp:term":[{"taxonomy":"category","embeddable":true,"href":"https:\/\/explora.cl\/lagos\/wp-json\/wp\/v2\/categories?post=39501"},{"taxonomy":"post_tag","embeddable":true,"href":"https:\/\/explora.cl\/lagos\/wp-json\/wp\/v2\/tags?post=39501"}],"curies":[{"name":"wp","href":"https:\/\/api.w.org\/{rel}","templated":true}]}}