{"id":39493,"date":"2020-08-27T15:30:57","date_gmt":"2020-08-27T19:30:57","guid":{"rendered":"https:\/\/explora.cl\/lagos\/?p=39493"},"modified":"2020-09-15T17:22:39","modified_gmt":"2020-09-15T20:22:39","slug":"postula-al-taller-audiovisual-cientifico-online-gratuito","status":"publish","type":"post","link":"https:\/\/explora.cl\/lagos\/postula-al-taller-audiovisual-cientifico-online-gratuito\/","title":{"rendered":"Postula al Taller Audiovisual Cient\u00edfico online gratuito"},"content":{"rendered":"<p>El Proyecto Asociativo Regional Explora Los Lagos del Ministerio de Ciencia, Tecnolog\u00eda, Conocimiento e Innovaci\u00f3n ejecutado por la Universidad Austral de Chile Sede Puerto Montt junto a la Escuela Audiovisual y Fotogr\u00e1fica Itinerante TRASFOCO, les invita a postular al <strong>\u201cTaller online de Audiovisuales Cient\u00edficos\u201d<\/strong>, que se desarrollar\u00e1 de septiembre a octubre de este a\u00f1o como antesala del Festival de la Ciencia y Tecnolog\u00eda FECI 2020 que se desarrollar\u00e1 en el mes de noviembre.<\/p>\n<p>La iniciativa consiste en un ejercicio formativo (te\u00f3rico-pr\u00e1ctico) para instalar competencias en el manejo de herramientas de comunicaci\u00f3n audiovisual, adem\u00e1s de estimular la reflexi\u00f3n cr\u00edtica del entorno a trav\u00e9s de la producci\u00f3n de una obra audiovisual de divulgaci\u00f3n cient\u00edfica con pertinencia territorial.<\/p>\n<p>Este taller ser\u00e1 100% online y gratuito y consta de dos etapas formativas, la primera vinculada a la conceptualizaci\u00f3n e introducci\u00f3n al audiovisual, y una segunda etapa, pr\u00e1ctica, centrada en la realizaci\u00f3n de un proyecto audiovisual por cada participante.<\/p>\n<p>Destacar que la primera etapa finalizar\u00e1 con la elaboraci\u00f3n de un anteproyecto de audiovisual cient\u00edfico, donde se sintetizar\u00e1n todos los aprendizajes adquiridos. Estos, ser\u00e1n evaluados por un comit\u00e9, quienes seleccionar\u00e1n 12 anteproyectos para producir una c\u00e1psula audiovisual de 3 minutos cada una, la cuales ser\u00e1n estrenadas por el Proyecto Explora Los Lagos durante la realizaci\u00f3n del Festival de la Ciencia y Tecnolog\u00eda FECI 2020.<\/p>\n<p>Para lograr estos objetivos, contaremos con la vasta experiencia de la Escuela Audiovisual y Fotogr\u00e1fica Itinerante TRASFOCO con sede en Castro, quienes han desarrollado talleres audiovisuales tanto con profesionales (profesores\/as y cient\u00edficos\/as), como con estudiantes y comunidad en general. (<a href=\"http:\/\/www.trasfocoescuelaaudiovisual.org\/\">http:\/\/www.trasfocoescuelaaudiovisual.org\/<\/a>)<\/p>\n<p>La convocatoria est\u00e1 dirigida <strong>a j\u00f3venes de la Regi\u00f3n de Los Lagos entre los 16 y 30 a\u00f1os<\/strong> con afinidad por la ciencia y las <strong>postulaciones se recibir\u00e1n hasta el domingo 6 de septiembre de 2020 a las 23.59 hrs.<\/strong><\/p>\n<p><strong>\u00bfC\u00f3mo postular?<\/strong><\/p>\n<p>Ingresa tus datos a trav\u00e9s de un Formulario online que est\u00e1 disponible en el siguiente link <a href=\"http:\/\/bit.ly\/talleraudiovisualoslagos\">http:\/\/bit.ly\/talleraudiovisualoslagos<\/a><\/p>\n<p>Si eres menor de edad, deber\u00e1s firmar y adjuntar en el formulario de postulaci\u00f3n el Anexo 1: Consentimiento Informado Menor de Edad.<\/p>\n<p>Si eres mayor de edad deber\u00e1s firmar y adjuntar en el formulario de postulaci\u00f3n el Anexo 2: Cesi\u00f3n de derechos de Imagen y Material Audiovisual de los Participantes.<\/p>\n<h3 style=\"text-align: center\"><a href=\"https:\/\/explora.cl\/lagos\/wp-content\/uploads\/sites\/17\/2020\/08\/Bases-Postulaci\u00f3n-Taller-Audiovisual-Cient\u00edfico.pdf\"><strong>DESCARGA BASES DE POSTULACI\u00d3N TALLER AUDIOVISUAL AQU\u00cd<\/strong><\/a><\/h3>\n<h3 style=\"text-align: center\"><a href=\"https:\/\/explora.cl\/lagos\/wp-content\/uploads\/sites\/17\/2020\/08\/ANEXO-1-CONSENTIMIENTO-INFORMADO-MENOR-DE-EDAD.docx\"><strong>DESCARGA ANEXO N\u00ba1 CONSENTIMIENTO INFORMADO MENOR DE EDAD AQU\u00cd<\/strong><\/a><\/h3>\n<h3 style=\"text-align: center\"><a href=\"https:\/\/explora.cl\/lagos\/wp-content\/uploads\/sites\/17\/2020\/08\/ANEXO-2-CESIO\u0301N-DE-DERECHOS-DE-IMAGEN.docx\"><strong>DESCARGA ANEXO N\u00ba2 CESI\u00d3N DE DERECHOS DE IMAGEN Y MATERIAL AUDIOVISUAL AQU\u00cd<\/strong><\/a><\/h3>\n<p>&nbsp;<\/p>\n<p>&nbsp;<\/p>\n<p>&nbsp;<\/p>\n<p>&nbsp;<\/p>\n","protected":false},"excerpt":{"rendered":"<p>Postulaciones hasta el 6 de septiembre de 2020. <\/p>\n","protected":false},"author":36,"featured_media":39494,"comment_status":"open","ping_status":"open","sticky":false,"template":"","format":"standard","meta":{"_acf_changed":false,"_exactmetrics_skip_tracking":false,"_exactmetrics_sitenote_active":false,"_exactmetrics_sitenote_note":"","_exactmetrics_sitenote_category":0,"footnotes":"","_links_to":"","_links_to_target":""},"categories":[4,1],"tags":[107,23,349,266,174,348,233],"class_list":["post-39493","post","type-post","status-publish","format-standard","has-post-thumbnail","hentry","category-noticias","category-sin-categoria","tag-ciencia","tag-explora","tag-festival-de-la-ciencia","tag-loslagos","tag-puerto-montt","tag-taller-audiovisual-cientifico","tag-uach"],"acf":[],"yoast_head":"<!-- This site is optimized with the Yoast SEO plugin v26.9 - https:\/\/yoast.com\/product\/yoast-seo-wordpress\/ -->\n<title>Postula al Taller Audiovisual Cient\u00edfico online gratuito - Los Lagos<\/title>\n<meta name=\"robots\" content=\"index, follow, max-snippet:-1, max-image-preview:large, max-video-preview:-1\" \/>\n<link rel=\"canonical\" href=\"https:\/\/explora.cl\/lagos\/postula-al-taller-audiovisual-cientifico-online-gratuito\/\" class=\"yoast-seo-meta-tag\" \/>\n<meta property=\"og:locale\" content=\"es_ES\" class=\"yoast-seo-meta-tag\" \/>\n<meta property=\"og:type\" content=\"article\" class=\"yoast-seo-meta-tag\" \/>\n<meta property=\"og:title\" content=\"Postula al Taller Audiovisual Cient\u00edfico online gratuito - Los Lagos\" class=\"yoast-seo-meta-tag\" \/>\n<meta property=\"og:description\" content=\"Postulaciones hasta el 6 de septiembre de 2020.\" class=\"yoast-seo-meta-tag\" \/>\n<meta property=\"og:url\" content=\"https:\/\/explora.cl\/lagos\/postula-al-taller-audiovisual-cientifico-online-gratuito\/\" class=\"yoast-seo-meta-tag\" \/>\n<meta property=\"og:site_name\" content=\"Los Lagos\" class=\"yoast-seo-meta-tag\" \/>\n<meta property=\"article:published_time\" content=\"2020-08-27T19:30:57+00:00\" class=\"yoast-seo-meta-tag\" \/>\n<meta property=\"article:modified_time\" content=\"2020-09-15T20:22:39+00:00\" class=\"yoast-seo-meta-tag\" \/>\n<meta property=\"og:image\" content=\"https:\/\/explora.cl\/lagos\/wp-content\/uploads\/sites\/17\/2020\/08\/pagina_explora_tallerAudiovisual.png\" class=\"yoast-seo-meta-tag\" \/>\n\t<meta property=\"og:image:width\" content=\"736\" class=\"yoast-seo-meta-tag\" \/>\n\t<meta property=\"og:image:height\" content=\"420\" class=\"yoast-seo-meta-tag\" \/>\n\t<meta property=\"og:image:type\" content=\"image\/png\" class=\"yoast-seo-meta-tag\" \/>\n<meta name=\"author\" content=\"jvargas\" class=\"yoast-seo-meta-tag\" \/>\n<meta name=\"twitter:card\" content=\"summary_large_image\" class=\"yoast-seo-meta-tag\" \/>\n<meta name=\"twitter:label1\" content=\"Escrito por\" class=\"yoast-seo-meta-tag\" \/>\n\t<meta name=\"twitter:data1\" content=\"jvargas\" class=\"yoast-seo-meta-tag\" \/>\n\t<meta name=\"twitter:label2\" content=\"Tiempo de lectura\" class=\"yoast-seo-meta-tag\" \/>\n\t<meta name=\"twitter:data2\" content=\"2 minutos\" class=\"yoast-seo-meta-tag\" \/>\n<script type=\"application\/ld+json\" class=\"yoast-schema-graph\">{\"@context\":\"https:\/\/schema.org\",\"@graph\":[{\"@type\":\"Article\",\"@id\":\"https:\/\/explora.cl\/lagos\/postula-al-taller-audiovisual-cientifico-online-gratuito\/#article\",\"isPartOf\":{\"@id\":\"https:\/\/explora.cl\/lagos\/postula-al-taller-audiovisual-cientifico-online-gratuito\/\"},\"author\":{\"name\":\"jvargas\",\"@id\":\"https:\/\/explora.cl\/lagos\/#\/schema\/person\/6608d3ee9ea0b0daeaf12289528fc582\"},\"headline\":\"Postula al Taller Audiovisual Cient\u00edfico online gratuito\",\"datePublished\":\"2020-08-27T19:30:57+00:00\",\"dateModified\":\"2020-09-15T20:22:39+00:00\",\"mainEntityOfPage\":{\"@id\":\"https:\/\/explora.cl\/lagos\/postula-al-taller-audiovisual-cientifico-online-gratuito\/\"},\"wordCount\":447,\"commentCount\":0,\"image\":{\"@id\":\"https:\/\/explora.cl\/lagos\/postula-al-taller-audiovisual-cientifico-online-gratuito\/#primaryimage\"},\"thumbnailUrl\":\"https:\/\/explora.cl\/lagos\/wp-content\/uploads\/sites\/17\/2020\/08\/pagina_explora_tallerAudiovisual.png\",\"keywords\":[\"ciencia\",\"EXPLORA\",\"Festival de la Ciencia\",\"LosLagos\",\"Puerto Montt\",\"Taller audiovisual cient\u00edfico\",\"UACh\"],\"articleSection\":[\"Noticias\"],\"inLanguage\":\"es\",\"potentialAction\":[{\"@type\":\"CommentAction\",\"name\":\"Comment\",\"target\":[\"https:\/\/explora.cl\/lagos\/postula-al-taller-audiovisual-cientifico-online-gratuito\/#respond\"]}]},{\"@type\":\"WebPage\",\"@id\":\"https:\/\/explora.cl\/lagos\/postula-al-taller-audiovisual-cientifico-online-gratuito\/\",\"url\":\"https:\/\/explora.cl\/lagos\/postula-al-taller-audiovisual-cientifico-online-gratuito\/\",\"name\":\"Postula al Taller Audiovisual Cient\u00edfico online gratuito - Los Lagos\",\"isPartOf\":{\"@id\":\"https:\/\/explora.cl\/lagos\/#website\"},\"primaryImageOfPage\":{\"@id\":\"https:\/\/explora.cl\/lagos\/postula-al-taller-audiovisual-cientifico-online-gratuito\/#primaryimage\"},\"image\":{\"@id\":\"https:\/\/explora.cl\/lagos\/postula-al-taller-audiovisual-cientifico-online-gratuito\/#primaryimage\"},\"thumbnailUrl\":\"https:\/\/explora.cl\/lagos\/wp-content\/uploads\/sites\/17\/2020\/08\/pagina_explora_tallerAudiovisual.png\",\"datePublished\":\"2020-08-27T19:30:57+00:00\",\"dateModified\":\"2020-09-15T20:22:39+00:00\",\"author\":{\"@id\":\"https:\/\/explora.cl\/lagos\/#\/schema\/person\/6608d3ee9ea0b0daeaf12289528fc582\"},\"breadcrumb\":{\"@id\":\"https:\/\/explora.cl\/lagos\/postula-al-taller-audiovisual-cientifico-online-gratuito\/#breadcrumb\"},\"inLanguage\":\"es\",\"potentialAction\":[{\"@type\":\"ReadAction\",\"target\":[\"https:\/\/explora.cl\/lagos\/postula-al-taller-audiovisual-cientifico-online-gratuito\/\"]}]},{\"@type\":\"ImageObject\",\"inLanguage\":\"es\",\"@id\":\"https:\/\/explora.cl\/lagos\/postula-al-taller-audiovisual-cientifico-online-gratuito\/#primaryimage\",\"url\":\"https:\/\/explora.cl\/lagos\/wp-content\/uploads\/sites\/17\/2020\/08\/pagina_explora_tallerAudiovisual.png\",\"contentUrl\":\"https:\/\/explora.cl\/lagos\/wp-content\/uploads\/sites\/17\/2020\/08\/pagina_explora_tallerAudiovisual.png\",\"width\":736,\"height\":420},{\"@type\":\"BreadcrumbList\",\"@id\":\"https:\/\/explora.cl\/lagos\/postula-al-taller-audiovisual-cientifico-online-gratuito\/#breadcrumb\",\"itemListElement\":[{\"@type\":\"ListItem\",\"position\":1,\"name\":\"Portada\",\"item\":\"https:\/\/explora.cl\/lagos\/\"},{\"@type\":\"ListItem\",\"position\":2,\"name\":\"Postula al Taller Audiovisual Cient\u00edfico online gratuito\"}]},{\"@type\":\"WebSite\",\"@id\":\"https:\/\/explora.cl\/lagos\/#website\",\"url\":\"https:\/\/explora.cl\/lagos\/\",\"name\":\"Los Lagos\",\"description\":\"Otro sitio m\u00e1s de explora.cl\",\"potentialAction\":[{\"@type\":\"SearchAction\",\"target\":{\"@type\":\"EntryPoint\",\"urlTemplate\":\"https:\/\/explora.cl\/lagos\/?s={search_term_string}\"},\"query-input\":{\"@type\":\"PropertyValueSpecification\",\"valueRequired\":true,\"valueName\":\"search_term_string\"}}],\"inLanguage\":\"es\"},{\"@type\":\"Person\",\"@id\":\"https:\/\/explora.cl\/lagos\/#\/schema\/person\/6608d3ee9ea0b0daeaf12289528fc582\",\"name\":\"jvargas\",\"image\":{\"@type\":\"ImageObject\",\"inLanguage\":\"es\",\"@id\":\"https:\/\/explora.cl\/lagos\/#\/schema\/person\/image\/\",\"url\":\"https:\/\/secure.gravatar.com\/avatar\/8a6892fbfb002ef173a244b534b4bbcea4c183fc3fbf7732e64ac89b1d22d482?s=96&d=mm&r=g\",\"contentUrl\":\"https:\/\/secure.gravatar.com\/avatar\/8a6892fbfb002ef173a244b534b4bbcea4c183fc3fbf7732e64ac89b1d22d482?s=96&d=mm&r=g\",\"caption\":\"jvargas\"},\"url\":\"https:\/\/explora.cl\/lagos\/author\/jvargas\/\"}]}<\/script>\n<!-- \/ Yoast SEO plugin. -->","yoast_head_json":{"title":"Postula al Taller Audiovisual Cient\u00edfico online gratuito - Los Lagos","robots":{"index":"index","follow":"follow","max-snippet":"max-snippet:-1","max-image-preview":"max-image-preview:large","max-video-preview":"max-video-preview:-1"},"canonical":"https:\/\/explora.cl\/lagos\/postula-al-taller-audiovisual-cientifico-online-gratuito\/","og_locale":"es_ES","og_type":"article","og_title":"Postula al Taller Audiovisual Cient\u00edfico online gratuito - Los Lagos","og_description":"Postulaciones hasta el 6 de septiembre de 2020.","og_url":"https:\/\/explora.cl\/lagos\/postula-al-taller-audiovisual-cientifico-online-gratuito\/","og_site_name":"Los Lagos","article_published_time":"2020-08-27T19:30:57+00:00","article_modified_time":"2020-09-15T20:22:39+00:00","og_image":[{"width":736,"height":420,"url":"https:\/\/explora.cl\/lagos\/wp-content\/uploads\/sites\/17\/2020\/08\/pagina_explora_tallerAudiovisual.png","type":"image\/png"}],"author":"jvargas","twitter_card":"summary_large_image","twitter_misc":{"Escrito por":"jvargas","Tiempo de lectura":"2 minutos"},"schema":{"@context":"https:\/\/schema.org","@graph":[{"@type":"Article","@id":"https:\/\/explora.cl\/lagos\/postula-al-taller-audiovisual-cientifico-online-gratuito\/#article","isPartOf":{"@id":"https:\/\/explora.cl\/lagos\/postula-al-taller-audiovisual-cientifico-online-gratuito\/"},"author":{"name":"jvargas","@id":"https:\/\/explora.cl\/lagos\/#\/schema\/person\/6608d3ee9ea0b0daeaf12289528fc582"},"headline":"Postula al Taller Audiovisual Cient\u00edfico online gratuito","datePublished":"2020-08-27T19:30:57+00:00","dateModified":"2020-09-15T20:22:39+00:00","mainEntityOfPage":{"@id":"https:\/\/explora.cl\/lagos\/postula-al-taller-audiovisual-cientifico-online-gratuito\/"},"wordCount":447,"commentCount":0,"image":{"@id":"https:\/\/explora.cl\/lagos\/postula-al-taller-audiovisual-cientifico-online-gratuito\/#primaryimage"},"thumbnailUrl":"https:\/\/explora.cl\/lagos\/wp-content\/uploads\/sites\/17\/2020\/08\/pagina_explora_tallerAudiovisual.png","keywords":["ciencia","EXPLORA","Festival de la Ciencia","LosLagos","Puerto Montt","Taller audiovisual cient\u00edfico","UACh"],"articleSection":["Noticias"],"inLanguage":"es","potentialAction":[{"@type":"CommentAction","name":"Comment","target":["https:\/\/explora.cl\/lagos\/postula-al-taller-audiovisual-cientifico-online-gratuito\/#respond"]}]},{"@type":"WebPage","@id":"https:\/\/explora.cl\/lagos\/postula-al-taller-audiovisual-cientifico-online-gratuito\/","url":"https:\/\/explora.cl\/lagos\/postula-al-taller-audiovisual-cientifico-online-gratuito\/","name":"Postula al Taller Audiovisual Cient\u00edfico online gratuito - Los Lagos","isPartOf":{"@id":"https:\/\/explora.cl\/lagos\/#website"},"primaryImageOfPage":{"@id":"https:\/\/explora.cl\/lagos\/postula-al-taller-audiovisual-cientifico-online-gratuito\/#primaryimage"},"image":{"@id":"https:\/\/explora.cl\/lagos\/postula-al-taller-audiovisual-cientifico-online-gratuito\/#primaryimage"},"thumbnailUrl":"https:\/\/explora.cl\/lagos\/wp-content\/uploads\/sites\/17\/2020\/08\/pagina_explora_tallerAudiovisual.png","datePublished":"2020-08-27T19:30:57+00:00","dateModified":"2020-09-15T20:22:39+00:00","author":{"@id":"https:\/\/explora.cl\/lagos\/#\/schema\/person\/6608d3ee9ea0b0daeaf12289528fc582"},"breadcrumb":{"@id":"https:\/\/explora.cl\/lagos\/postula-al-taller-audiovisual-cientifico-online-gratuito\/#breadcrumb"},"inLanguage":"es","potentialAction":[{"@type":"ReadAction","target":["https:\/\/explora.cl\/lagos\/postula-al-taller-audiovisual-cientifico-online-gratuito\/"]}]},{"@type":"ImageObject","inLanguage":"es","@id":"https:\/\/explora.cl\/lagos\/postula-al-taller-audiovisual-cientifico-online-gratuito\/#primaryimage","url":"https:\/\/explora.cl\/lagos\/wp-content\/uploads\/sites\/17\/2020\/08\/pagina_explora_tallerAudiovisual.png","contentUrl":"https:\/\/explora.cl\/lagos\/wp-content\/uploads\/sites\/17\/2020\/08\/pagina_explora_tallerAudiovisual.png","width":736,"height":420},{"@type":"BreadcrumbList","@id":"https:\/\/explora.cl\/lagos\/postula-al-taller-audiovisual-cientifico-online-gratuito\/#breadcrumb","itemListElement":[{"@type":"ListItem","position":1,"name":"Portada","item":"https:\/\/explora.cl\/lagos\/"},{"@type":"ListItem","position":2,"name":"Postula al Taller Audiovisual Cient\u00edfico online gratuito"}]},{"@type":"WebSite","@id":"https:\/\/explora.cl\/lagos\/#website","url":"https:\/\/explora.cl\/lagos\/","name":"Los Lagos","description":"Otro sitio m\u00e1s de explora.cl","potentialAction":[{"@type":"SearchAction","target":{"@type":"EntryPoint","urlTemplate":"https:\/\/explora.cl\/lagos\/?s={search_term_string}"},"query-input":{"@type":"PropertyValueSpecification","valueRequired":true,"valueName":"search_term_string"}}],"inLanguage":"es"},{"@type":"Person","@id":"https:\/\/explora.cl\/lagos\/#\/schema\/person\/6608d3ee9ea0b0daeaf12289528fc582","name":"jvargas","image":{"@type":"ImageObject","inLanguage":"es","@id":"https:\/\/explora.cl\/lagos\/#\/schema\/person\/image\/","url":"https:\/\/secure.gravatar.com\/avatar\/8a6892fbfb002ef173a244b534b4bbcea4c183fc3fbf7732e64ac89b1d22d482?s=96&d=mm&r=g","contentUrl":"https:\/\/secure.gravatar.com\/avatar\/8a6892fbfb002ef173a244b534b4bbcea4c183fc3fbf7732e64ac89b1d22d482?s=96&d=mm&r=g","caption":"jvargas"},"url":"https:\/\/explora.cl\/lagos\/author\/jvargas\/"}]}},"_links":{"self":[{"href":"https:\/\/explora.cl\/lagos\/wp-json\/wp\/v2\/posts\/39493","targetHints":{"allow":["GET"]}}],"collection":[{"href":"https:\/\/explora.cl\/lagos\/wp-json\/wp\/v2\/posts"}],"about":[{"href":"https:\/\/explora.cl\/lagos\/wp-json\/wp\/v2\/types\/post"}],"author":[{"embeddable":true,"href":"https:\/\/explora.cl\/lagos\/wp-json\/wp\/v2\/users\/36"}],"replies":[{"embeddable":true,"href":"https:\/\/explora.cl\/lagos\/wp-json\/wp\/v2\/comments?post=39493"}],"version-history":[{"count":2,"href":"https:\/\/explora.cl\/lagos\/wp-json\/wp\/v2\/posts\/39493\/revisions"}],"predecessor-version":[{"id":39499,"href":"https:\/\/explora.cl\/lagos\/wp-json\/wp\/v2\/posts\/39493\/revisions\/39499"}],"wp:featuredmedia":[{"embeddable":true,"href":"https:\/\/explora.cl\/lagos\/wp-json\/wp\/v2\/media\/39494"}],"wp:attachment":[{"href":"https:\/\/explora.cl\/lagos\/wp-json\/wp\/v2\/media?parent=39493"}],"wp:term":[{"taxonomy":"category","embeddable":true,"href":"https:\/\/explora.cl\/lagos\/wp-json\/wp\/v2\/categories?post=39493"},{"taxonomy":"post_tag","embeddable":true,"href":"https:\/\/explora.cl\/lagos\/wp-json\/wp\/v2\/tags?post=39493"}],"curies":[{"name":"wp","href":"https:\/\/api.w.org\/{rel}","templated":true}]}}