{"id":39403,"date":"2020-08-01T17:17:25","date_gmt":"2020-08-01T21:17:25","guid":{"rendered":"https:\/\/explora.cl\/lagos\/?p=39403"},"modified":"2020-08-14T16:03:07","modified_gmt":"2020-08-14T20:03:07","slug":"ninas-y-ninos-imaginan-el-mundo-despues-del-coronavirus-y-se-expresan-a-traves-del-arte","status":"publish","type":"post","link":"https:\/\/explora.cl\/lagos\/ninas-y-ninos-imaginan-el-mundo-despues-del-coronavirus-y-se-expresan-a-traves-del-arte\/","title":{"rendered":"Ni\u00f1as y ni\u00f1os imaginan el mundo despu\u00e9s del Coronavirus y se expresan a trav\u00e9s del arte"},"content":{"rendered":"<h3>\u201cMi dibujo represent\u00f3 la esperanza de una ni\u00f1a en cuarentena, el deseo de que la pandemia actual producto del covid-19 finalice. Estos deseos se expresan mediante las burbujas que ella va formando desde su ventana, como lo son: el reencuentro con la familia, la uni\u00f3n que existe hoy en d\u00eda entre pa\u00edses, la lucha continua por parte del servicio de salud, vencer esta enfermedad, y finalmente un mundo mucho m\u00e1s sano y consciente\u00bb.<\/h3>\n<p>Son las emotivas palabras de Valentina G\u00e1rate, proveniente de la Isla Grande de Chilo\u00e9, espec\u00edficamente de Quell\u00f3n, quien fue la ganadora del Concurso de Dibujo \u201cImagina el mundo que queremos despu\u00e9s del Coronavirus\u201d en la categor\u00eda \u201cRanita de Darwin\u201d.<\/p>\n<p>El certamen lanzado en junio en el Mes del Medio Ambiente por el Proyecto Explora Los Lagos del Ministerio de Ciencia, invit\u00f3 a j\u00f3venes y a los m\u00e1s peque\u00f1os del hogar a expresar a trav\u00e9s del arte c\u00f3mo se imaginan el futuro del planeta tierra cuando decline la actual crisis producto del Coronavirus que afecta a nuestra sociedad.<\/p>\n<p>Se recibieron un total de 128 dibujos provenientes de 15 ciudades de la Regi\u00f3n de Los Lagos, pertenecientes a las provincias de Chilo\u00e9, Osorno y Llanquihue y tambi\u00e9n de otras ciudades de Chile, como, Conc\u00f3n, Salamanca y Santiago, resultando ser todo un \u00e9xito la convocatoria.<\/p>\n<p>En la categor\u00eda Monito del Monte orientada a ni\u00f1as y ni\u00f1os de 3 a 7 a\u00f1os, el primer lugar lo obtuvo Agust\u00edn Becerra de 6 a\u00f1os de Osorno con el dibujo \u201cDespu\u00e9s del virus\u201d. Mientras que, Josu\u00e9 Riquelme de 5 a\u00f1os de Calbuco y Diego Z\u00fa\u00f1iga de 3 a\u00f1os de Santiago, lograron Menciones Honrosas en esta categor\u00eda con sus creaciones \u201cUn planeta feliz\u201d y \u201cVolvimos a ser felices\u201d, respectivamente.<\/p>\n<p>En la categor\u00eda \u201cZorro Chilote\u201d destinada a concursantes de 8 a 12 a\u00f1os, el dibujo \u201cASHPAI: mi tierra\u201d, elaborado por Dayen\u00fa G\u00e1lvez de 12 a\u00f1os proveniente de Salamanca, logr\u00f3 el primer lugar y la Menci\u00f3n Honrosa se la adjudic\u00f3 Paris Godoy de 10 a\u00f1os de Puerto Montt gracias a su obra \u201cRenaciendo\u201d.<\/p>\n<p>En tanto, en la categor\u00eda \u201cRanita de Darwin\u201d, orientada a j\u00f3venes de 13 a 17 a\u00f1os, el ganador fue Valentina G\u00e1rate de 16 a\u00f1os de Quell\u00f3n y Martina Gallardo de 13 a\u00f1os de Osorno, obtuvo la Menci\u00f3n Honrosa con su dibujo \u201cEl mundo del ma\u00f1ana\u201d.<\/p>\n<h3>\u201cMe gusta resaltar todo lo que tiene que ver con la flora y fauna. Yo siempre saco fotos a Salamanca. Sub\u00ed al cerro a tomar im\u00e1genes a todas las plantas y eso me inspir\u00f3 para realizar mi dibujo \u201cASHPAI: mi tierra\u201d, que tiene relaci\u00f3n con el patrimonio natural la \u201cRaja de Manquehua\u201d, explic\u00f3 la joven Dayen\u00fa G\u00e1lvez, que quiso realzar en su creaci\u00f3n la biodiversidad de su ciudad, ubicada en la Regi\u00f3n de Coquimbo.<\/h3>\n<p>La evaluaci\u00f3n de estos dibujos estuvo a cargo de representantes de la Casa de las Artes y la Cultura UACh Sede Puerto Montt, Corporaci\u00f3n Cultural de Puerto Montt y el PAR Explora Los Lagos.<\/p>\n<p>Durante este mes, tambi\u00e9n se presentaron los resultados del Cuestionario online sobre Biodiversidad que se public\u00f3 para identificar el nivel de conocimiento que tiene la comunidad nacional y regional sobre la Biodiversidad de ecosistemas, de especies y gen\u00e9tica de la maravillosa Regi\u00f3n de Los Lagos.<\/p>\n<p>Fueron 74 personas, las que pusieron a prueba sus conocimientos, respondiendo el desaf\u00edo y en promedio entre todas las respuestas, lograron una puntuaci\u00f3n de 15 puntos de un total de 21.<\/p>\n<p>Mayor informaci\u00f3n de ambas iniciativas se puede visualizar en la p\u00e1gina web <a href=\"https:\/\/explora.cl\/lagos\/\">https:\/\/explora.cl\/lagos\/<\/a><\/p>\n<p>&nbsp;<\/p>\n<p>&nbsp;<\/p>\n<p>&nbsp;<\/p>\n","protected":false},"excerpt":{"rendered":"<p>M\u00e1s de 200 personas fueron parte del Concurso de Dibujo y Cuestionario sobre Biodiversidad de la Regi\u00f3n de Los Lagos que promovi\u00f3 la creatividad, imaginaci\u00f3n y conocimientos sobre nuestro entorno. <\/p>\n","protected":false},"author":36,"featured_media":39347,"comment_status":"open","ping_status":"open","sticky":false,"template":"","format":"standard","meta":{"_acf_changed":false,"_exactmetrics_skip_tracking":false,"_exactmetrics_sitenote_active":false,"_exactmetrics_sitenote_note":"","_exactmetrics_sitenote_category":0,"footnotes":"","_links_to":"","_links_to_target":""},"categories":[4,1],"tags":[281,312,164,323,335],"class_list":["post-39403","post","type-post","status-publish","format-standard","has-post-thumbnail","hentry","category-noticias","category-sin-categoria","tag-ciencia-y-arte","tag-concurso-de-dibujo","tag-explora-los-lagos","tag-mes-del-medio-ambiente","tag-universidad-austral-de-chile-sede-puerto-montt"],"acf":[],"yoast_head":"<!-- This site is optimized with the Yoast SEO plugin v26.9 - https:\/\/yoast.com\/product\/yoast-seo-wordpress\/ -->\n<title>Ni\u00f1as y ni\u00f1os imaginan el mundo despu\u00e9s del Coronavirus y se expresan a trav\u00e9s del arte - Los Lagos<\/title>\n<meta name=\"robots\" content=\"index, follow, max-snippet:-1, max-image-preview:large, max-video-preview:-1\" \/>\n<link rel=\"canonical\" href=\"https:\/\/explora.cl\/lagos\/ninas-y-ninos-imaginan-el-mundo-despues-del-coronavirus-y-se-expresan-a-traves-del-arte\/\" class=\"yoast-seo-meta-tag\" \/>\n<meta property=\"og:locale\" content=\"es_ES\" class=\"yoast-seo-meta-tag\" \/>\n<meta property=\"og:type\" content=\"article\" class=\"yoast-seo-meta-tag\" \/>\n<meta property=\"og:title\" content=\"Ni\u00f1as y ni\u00f1os imaginan el mundo despu\u00e9s del Coronavirus y se expresan a trav\u00e9s del arte - Los Lagos\" class=\"yoast-seo-meta-tag\" \/>\n<meta property=\"og:description\" content=\"M\u00e1s de 200 personas fueron parte del Concurso de Dibujo y Cuestionario sobre Biodiversidad de la Regi\u00f3n de Los Lagos que promovi\u00f3 la creatividad, imaginaci\u00f3n y conocimientos sobre nuestro entorno.\" class=\"yoast-seo-meta-tag\" \/>\n<meta property=\"og:url\" content=\"https:\/\/explora.cl\/lagos\/ninas-y-ninos-imaginan-el-mundo-despues-del-coronavirus-y-se-expresan-a-traves-del-arte\/\" class=\"yoast-seo-meta-tag\" \/>\n<meta property=\"og:site_name\" content=\"Los Lagos\" class=\"yoast-seo-meta-tag\" \/>\n<meta property=\"article:published_time\" content=\"2020-08-01T21:17:25+00:00\" class=\"yoast-seo-meta-tag\" \/>\n<meta property=\"article:modified_time\" content=\"2020-08-14T20:03:07+00:00\" class=\"yoast-seo-meta-tag\" \/>\n<meta property=\"og:image\" content=\"https:\/\/explora.cl\/lagos\/wp-content\/uploads\/sites\/17\/2020\/07\/Ganadora-Categor\u00eda-Zorro-Chilote.jpg\" class=\"yoast-seo-meta-tag\" \/>\n\t<meta property=\"og:image:width\" content=\"724\" class=\"yoast-seo-meta-tag\" \/>\n\t<meta property=\"og:image:height\" content=\"487\" class=\"yoast-seo-meta-tag\" \/>\n\t<meta property=\"og:image:type\" content=\"image\/jpeg\" class=\"yoast-seo-meta-tag\" \/>\n<meta name=\"author\" content=\"jvargas\" class=\"yoast-seo-meta-tag\" \/>\n<meta name=\"twitter:card\" content=\"summary_large_image\" class=\"yoast-seo-meta-tag\" \/>\n<meta name=\"twitter:label1\" content=\"Escrito por\" class=\"yoast-seo-meta-tag\" \/>\n\t<meta name=\"twitter:data1\" content=\"jvargas\" class=\"yoast-seo-meta-tag\" \/>\n\t<meta name=\"twitter:label2\" content=\"Tiempo de lectura\" class=\"yoast-seo-meta-tag\" \/>\n\t<meta name=\"twitter:data2\" content=\"3 minutos\" class=\"yoast-seo-meta-tag\" \/>\n<script type=\"application\/ld+json\" class=\"yoast-schema-graph\">{\"@context\":\"https:\/\/schema.org\",\"@graph\":[{\"@type\":\"Article\",\"@id\":\"https:\/\/explora.cl\/lagos\/ninas-y-ninos-imaginan-el-mundo-despues-del-coronavirus-y-se-expresan-a-traves-del-arte\/#article\",\"isPartOf\":{\"@id\":\"https:\/\/explora.cl\/lagos\/ninas-y-ninos-imaginan-el-mundo-despues-del-coronavirus-y-se-expresan-a-traves-del-arte\/\"},\"author\":{\"name\":\"jvargas\",\"@id\":\"https:\/\/explora.cl\/lagos\/#\/schema\/person\/6608d3ee9ea0b0daeaf12289528fc582\"},\"headline\":\"Ni\u00f1as y ni\u00f1os imaginan el mundo despu\u00e9s del Coronavirus y se expresan a trav\u00e9s del arte\",\"datePublished\":\"2020-08-01T21:17:25+00:00\",\"dateModified\":\"2020-08-14T20:03:07+00:00\",\"mainEntityOfPage\":{\"@id\":\"https:\/\/explora.cl\/lagos\/ninas-y-ninos-imaginan-el-mundo-despues-del-coronavirus-y-se-expresan-a-traves-del-arte\/\"},\"wordCount\":644,\"commentCount\":0,\"image\":{\"@id\":\"https:\/\/explora.cl\/lagos\/ninas-y-ninos-imaginan-el-mundo-despues-del-coronavirus-y-se-expresan-a-traves-del-arte\/#primaryimage\"},\"thumbnailUrl\":\"https:\/\/explora.cl\/lagos\/wp-content\/uploads\/sites\/17\/2020\/07\/Ganadora-Categor\u00eda-Zorro-Chilote.jpg\",\"keywords\":[\"ciencia y arte\",\"CONCURSO DE DIBUJO\",\"Explora Los Lagos.\",\"Mes del Medio Ambiente\",\"Universidad Austral de Chile Sede Puerto Montt\"],\"articleSection\":[\"Noticias\"],\"inLanguage\":\"es\",\"potentialAction\":[{\"@type\":\"CommentAction\",\"name\":\"Comment\",\"target\":[\"https:\/\/explora.cl\/lagos\/ninas-y-ninos-imaginan-el-mundo-despues-del-coronavirus-y-se-expresan-a-traves-del-arte\/#respond\"]}]},{\"@type\":\"WebPage\",\"@id\":\"https:\/\/explora.cl\/lagos\/ninas-y-ninos-imaginan-el-mundo-despues-del-coronavirus-y-se-expresan-a-traves-del-arte\/\",\"url\":\"https:\/\/explora.cl\/lagos\/ninas-y-ninos-imaginan-el-mundo-despues-del-coronavirus-y-se-expresan-a-traves-del-arte\/\",\"name\":\"Ni\u00f1as y ni\u00f1os imaginan el mundo despu\u00e9s del Coronavirus y se expresan a trav\u00e9s del arte - Los Lagos\",\"isPartOf\":{\"@id\":\"https:\/\/explora.cl\/lagos\/#website\"},\"primaryImageOfPage\":{\"@id\":\"https:\/\/explora.cl\/lagos\/ninas-y-ninos-imaginan-el-mundo-despues-del-coronavirus-y-se-expresan-a-traves-del-arte\/#primaryimage\"},\"image\":{\"@id\":\"https:\/\/explora.cl\/lagos\/ninas-y-ninos-imaginan-el-mundo-despues-del-coronavirus-y-se-expresan-a-traves-del-arte\/#primaryimage\"},\"thumbnailUrl\":\"https:\/\/explora.cl\/lagos\/wp-content\/uploads\/sites\/17\/2020\/07\/Ganadora-Categor\u00eda-Zorro-Chilote.jpg\",\"datePublished\":\"2020-08-01T21:17:25+00:00\",\"dateModified\":\"2020-08-14T20:03:07+00:00\",\"author\":{\"@id\":\"https:\/\/explora.cl\/lagos\/#\/schema\/person\/6608d3ee9ea0b0daeaf12289528fc582\"},\"breadcrumb\":{\"@id\":\"https:\/\/explora.cl\/lagos\/ninas-y-ninos-imaginan-el-mundo-despues-del-coronavirus-y-se-expresan-a-traves-del-arte\/#breadcrumb\"},\"inLanguage\":\"es\",\"potentialAction\":[{\"@type\":\"ReadAction\",\"target\":[\"https:\/\/explora.cl\/lagos\/ninas-y-ninos-imaginan-el-mundo-despues-del-coronavirus-y-se-expresan-a-traves-del-arte\/\"]}]},{\"@type\":\"ImageObject\",\"inLanguage\":\"es\",\"@id\":\"https:\/\/explora.cl\/lagos\/ninas-y-ninos-imaginan-el-mundo-despues-del-coronavirus-y-se-expresan-a-traves-del-arte\/#primaryimage\",\"url\":\"https:\/\/explora.cl\/lagos\/wp-content\/uploads\/sites\/17\/2020\/07\/Ganadora-Categor\u00eda-Zorro-Chilote.jpg\",\"contentUrl\":\"https:\/\/explora.cl\/lagos\/wp-content\/uploads\/sites\/17\/2020\/07\/Ganadora-Categor\u00eda-Zorro-Chilote.jpg\",\"width\":724,\"height\":487,\"caption\":\"Ganadora Categor\u00eda Zorro Chilote: Dayen\u00fa G\u00e1lvez Vega, 12 a\u00f1os, Salamanca, \\\"ASHPAI: Mi tierra\\\".\"},{\"@type\":\"BreadcrumbList\",\"@id\":\"https:\/\/explora.cl\/lagos\/ninas-y-ninos-imaginan-el-mundo-despues-del-coronavirus-y-se-expresan-a-traves-del-arte\/#breadcrumb\",\"itemListElement\":[{\"@type\":\"ListItem\",\"position\":1,\"name\":\"Portada\",\"item\":\"https:\/\/explora.cl\/lagos\/\"},{\"@type\":\"ListItem\",\"position\":2,\"name\":\"Ni\u00f1as y ni\u00f1os imaginan el mundo despu\u00e9s del Coronavirus y se expresan a trav\u00e9s del arte\"}]},{\"@type\":\"WebSite\",\"@id\":\"https:\/\/explora.cl\/lagos\/#website\",\"url\":\"https:\/\/explora.cl\/lagos\/\",\"name\":\"Los Lagos\",\"description\":\"Otro sitio m\u00e1s de explora.cl\",\"potentialAction\":[{\"@type\":\"SearchAction\",\"target\":{\"@type\":\"EntryPoint\",\"urlTemplate\":\"https:\/\/explora.cl\/lagos\/?s={search_term_string}\"},\"query-input\":{\"@type\":\"PropertyValueSpecification\",\"valueRequired\":true,\"valueName\":\"search_term_string\"}}],\"inLanguage\":\"es\"},{\"@type\":\"Person\",\"@id\":\"https:\/\/explora.cl\/lagos\/#\/schema\/person\/6608d3ee9ea0b0daeaf12289528fc582\",\"name\":\"jvargas\",\"image\":{\"@type\":\"ImageObject\",\"inLanguage\":\"es\",\"@id\":\"https:\/\/explora.cl\/lagos\/#\/schema\/person\/image\/\",\"url\":\"https:\/\/secure.gravatar.com\/avatar\/8a6892fbfb002ef173a244b534b4bbcea4c183fc3fbf7732e64ac89b1d22d482?s=96&d=mm&r=g\",\"contentUrl\":\"https:\/\/secure.gravatar.com\/avatar\/8a6892fbfb002ef173a244b534b4bbcea4c183fc3fbf7732e64ac89b1d22d482?s=96&d=mm&r=g\",\"caption\":\"jvargas\"},\"url\":\"https:\/\/explora.cl\/lagos\/author\/jvargas\/\"}]}<\/script>\n<!-- \/ Yoast SEO plugin. -->","yoast_head_json":{"title":"Ni\u00f1as y ni\u00f1os imaginan el mundo despu\u00e9s del Coronavirus y se expresan a trav\u00e9s del arte - Los Lagos","robots":{"index":"index","follow":"follow","max-snippet":"max-snippet:-1","max-image-preview":"max-image-preview:large","max-video-preview":"max-video-preview:-1"},"canonical":"https:\/\/explora.cl\/lagos\/ninas-y-ninos-imaginan-el-mundo-despues-del-coronavirus-y-se-expresan-a-traves-del-arte\/","og_locale":"es_ES","og_type":"article","og_title":"Ni\u00f1as y ni\u00f1os imaginan el mundo despu\u00e9s del Coronavirus y se expresan a trav\u00e9s del arte - Los Lagos","og_description":"M\u00e1s de 200 personas fueron parte del Concurso de Dibujo y Cuestionario sobre Biodiversidad de la Regi\u00f3n de Los Lagos que promovi\u00f3 la creatividad, imaginaci\u00f3n y conocimientos sobre nuestro entorno.","og_url":"https:\/\/explora.cl\/lagos\/ninas-y-ninos-imaginan-el-mundo-despues-del-coronavirus-y-se-expresan-a-traves-del-arte\/","og_site_name":"Los Lagos","article_published_time":"2020-08-01T21:17:25+00:00","article_modified_time":"2020-08-14T20:03:07+00:00","og_image":[{"width":724,"height":487,"url":"https:\/\/explora.cl\/lagos\/wp-content\/uploads\/sites\/17\/2020\/07\/Ganadora-Categor\u00eda-Zorro-Chilote.jpg","type":"image\/jpeg"}],"author":"jvargas","twitter_card":"summary_large_image","twitter_misc":{"Escrito por":"jvargas","Tiempo de lectura":"3 minutos"},"schema":{"@context":"https:\/\/schema.org","@graph":[{"@type":"Article","@id":"https:\/\/explora.cl\/lagos\/ninas-y-ninos-imaginan-el-mundo-despues-del-coronavirus-y-se-expresan-a-traves-del-arte\/#article","isPartOf":{"@id":"https:\/\/explora.cl\/lagos\/ninas-y-ninos-imaginan-el-mundo-despues-del-coronavirus-y-se-expresan-a-traves-del-arte\/"},"author":{"name":"jvargas","@id":"https:\/\/explora.cl\/lagos\/#\/schema\/person\/6608d3ee9ea0b0daeaf12289528fc582"},"headline":"Ni\u00f1as y ni\u00f1os imaginan el mundo despu\u00e9s del Coronavirus y se expresan a trav\u00e9s del arte","datePublished":"2020-08-01T21:17:25+00:00","dateModified":"2020-08-14T20:03:07+00:00","mainEntityOfPage":{"@id":"https:\/\/explora.cl\/lagos\/ninas-y-ninos-imaginan-el-mundo-despues-del-coronavirus-y-se-expresan-a-traves-del-arte\/"},"wordCount":644,"commentCount":0,"image":{"@id":"https:\/\/explora.cl\/lagos\/ninas-y-ninos-imaginan-el-mundo-despues-del-coronavirus-y-se-expresan-a-traves-del-arte\/#primaryimage"},"thumbnailUrl":"https:\/\/explora.cl\/lagos\/wp-content\/uploads\/sites\/17\/2020\/07\/Ganadora-Categor\u00eda-Zorro-Chilote.jpg","keywords":["ciencia y arte","CONCURSO DE DIBUJO","Explora Los Lagos.","Mes del Medio Ambiente","Universidad Austral de Chile Sede Puerto Montt"],"articleSection":["Noticias"],"inLanguage":"es","potentialAction":[{"@type":"CommentAction","name":"Comment","target":["https:\/\/explora.cl\/lagos\/ninas-y-ninos-imaginan-el-mundo-despues-del-coronavirus-y-se-expresan-a-traves-del-arte\/#respond"]}]},{"@type":"WebPage","@id":"https:\/\/explora.cl\/lagos\/ninas-y-ninos-imaginan-el-mundo-despues-del-coronavirus-y-se-expresan-a-traves-del-arte\/","url":"https:\/\/explora.cl\/lagos\/ninas-y-ninos-imaginan-el-mundo-despues-del-coronavirus-y-se-expresan-a-traves-del-arte\/","name":"Ni\u00f1as y ni\u00f1os imaginan el mundo despu\u00e9s del Coronavirus y se expresan a trav\u00e9s del arte - Los Lagos","isPartOf":{"@id":"https:\/\/explora.cl\/lagos\/#website"},"primaryImageOfPage":{"@id":"https:\/\/explora.cl\/lagos\/ninas-y-ninos-imaginan-el-mundo-despues-del-coronavirus-y-se-expresan-a-traves-del-arte\/#primaryimage"},"image":{"@id":"https:\/\/explora.cl\/lagos\/ninas-y-ninos-imaginan-el-mundo-despues-del-coronavirus-y-se-expresan-a-traves-del-arte\/#primaryimage"},"thumbnailUrl":"https:\/\/explora.cl\/lagos\/wp-content\/uploads\/sites\/17\/2020\/07\/Ganadora-Categor\u00eda-Zorro-Chilote.jpg","datePublished":"2020-08-01T21:17:25+00:00","dateModified":"2020-08-14T20:03:07+00:00","author":{"@id":"https:\/\/explora.cl\/lagos\/#\/schema\/person\/6608d3ee9ea0b0daeaf12289528fc582"},"breadcrumb":{"@id":"https:\/\/explora.cl\/lagos\/ninas-y-ninos-imaginan-el-mundo-despues-del-coronavirus-y-se-expresan-a-traves-del-arte\/#breadcrumb"},"inLanguage":"es","potentialAction":[{"@type":"ReadAction","target":["https:\/\/explora.cl\/lagos\/ninas-y-ninos-imaginan-el-mundo-despues-del-coronavirus-y-se-expresan-a-traves-del-arte\/"]}]},{"@type":"ImageObject","inLanguage":"es","@id":"https:\/\/explora.cl\/lagos\/ninas-y-ninos-imaginan-el-mundo-despues-del-coronavirus-y-se-expresan-a-traves-del-arte\/#primaryimage","url":"https:\/\/explora.cl\/lagos\/wp-content\/uploads\/sites\/17\/2020\/07\/Ganadora-Categor\u00eda-Zorro-Chilote.jpg","contentUrl":"https:\/\/explora.cl\/lagos\/wp-content\/uploads\/sites\/17\/2020\/07\/Ganadora-Categor\u00eda-Zorro-Chilote.jpg","width":724,"height":487,"caption":"Ganadora Categor\u00eda Zorro Chilote: Dayen\u00fa G\u00e1lvez Vega, 12 a\u00f1os, Salamanca, \"ASHPAI: Mi tierra\"."},{"@type":"BreadcrumbList","@id":"https:\/\/explora.cl\/lagos\/ninas-y-ninos-imaginan-el-mundo-despues-del-coronavirus-y-se-expresan-a-traves-del-arte\/#breadcrumb","itemListElement":[{"@type":"ListItem","position":1,"name":"Portada","item":"https:\/\/explora.cl\/lagos\/"},{"@type":"ListItem","position":2,"name":"Ni\u00f1as y ni\u00f1os imaginan el mundo despu\u00e9s del Coronavirus y se expresan a trav\u00e9s del arte"}]},{"@type":"WebSite","@id":"https:\/\/explora.cl\/lagos\/#website","url":"https:\/\/explora.cl\/lagos\/","name":"Los Lagos","description":"Otro sitio m\u00e1s de explora.cl","potentialAction":[{"@type":"SearchAction","target":{"@type":"EntryPoint","urlTemplate":"https:\/\/explora.cl\/lagos\/?s={search_term_string}"},"query-input":{"@type":"PropertyValueSpecification","valueRequired":true,"valueName":"search_term_string"}}],"inLanguage":"es"},{"@type":"Person","@id":"https:\/\/explora.cl\/lagos\/#\/schema\/person\/6608d3ee9ea0b0daeaf12289528fc582","name":"jvargas","image":{"@type":"ImageObject","inLanguage":"es","@id":"https:\/\/explora.cl\/lagos\/#\/schema\/person\/image\/","url":"https:\/\/secure.gravatar.com\/avatar\/8a6892fbfb002ef173a244b534b4bbcea4c183fc3fbf7732e64ac89b1d22d482?s=96&d=mm&r=g","contentUrl":"https:\/\/secure.gravatar.com\/avatar\/8a6892fbfb002ef173a244b534b4bbcea4c183fc3fbf7732e64ac89b1d22d482?s=96&d=mm&r=g","caption":"jvargas"},"url":"https:\/\/explora.cl\/lagos\/author\/jvargas\/"}]}},"_links":{"self":[{"href":"https:\/\/explora.cl\/lagos\/wp-json\/wp\/v2\/posts\/39403","targetHints":{"allow":["GET"]}}],"collection":[{"href":"https:\/\/explora.cl\/lagos\/wp-json\/wp\/v2\/posts"}],"about":[{"href":"https:\/\/explora.cl\/lagos\/wp-json\/wp\/v2\/types\/post"}],"author":[{"embeddable":true,"href":"https:\/\/explora.cl\/lagos\/wp-json\/wp\/v2\/users\/36"}],"replies":[{"embeddable":true,"href":"https:\/\/explora.cl\/lagos\/wp-json\/wp\/v2\/comments?post=39403"}],"version-history":[{"count":3,"href":"https:\/\/explora.cl\/lagos\/wp-json\/wp\/v2\/posts\/39403\/revisions"}],"predecessor-version":[{"id":39483,"href":"https:\/\/explora.cl\/lagos\/wp-json\/wp\/v2\/posts\/39403\/revisions\/39483"}],"wp:featuredmedia":[{"embeddable":true,"href":"https:\/\/explora.cl\/lagos\/wp-json\/wp\/v2\/media\/39347"}],"wp:attachment":[{"href":"https:\/\/explora.cl\/lagos\/wp-json\/wp\/v2\/media?parent=39403"}],"wp:term":[{"taxonomy":"category","embeddable":true,"href":"https:\/\/explora.cl\/lagos\/wp-json\/wp\/v2\/categories?post=39403"},{"taxonomy":"post_tag","embeddable":true,"href":"https:\/\/explora.cl\/lagos\/wp-json\/wp\/v2\/tags?post=39403"}],"curies":[{"name":"wp","href":"https:\/\/api.w.org\/{rel}","templated":true}]}}