{"id":39328,"date":"2020-07-07T20:37:21","date_gmt":"2020-07-08T00:37:21","guid":{"rendered":"https:\/\/explora.cl\/lagos\/?p=39328"},"modified":"2020-08-06T21:29:21","modified_gmt":"2020-08-07T01:29:21","slug":"resultados-concurso-de-dibujo-imagina-el-mundo-queremos-despues-del-coronavirus","status":"publish","type":"post","link":"https:\/\/explora.cl\/lagos\/resultados-concurso-de-dibujo-imagina-el-mundo-queremos-despues-del-coronavirus\/","title":{"rendered":"RESULTADOS CONCURSO DE DIBUJO \u00abIMAGINA EL MUNDO QUEREMOS DESPU\u00c9S DEL CORONAVIRUS\u00bb"},"content":{"rendered":"<p>El pasado 5 de junio del 2020, el Proyecto Asociativo Regional PAR Explora Los Lagos lanz\u00f3 a trav\u00e9s de sus redes sociales el concurso de dibujo <em>\u201cImagina el mundo que queremos despu\u00e9s del coronavirus\u201d,<\/em> como motivo de celebraci\u00f3n del D\u00eda Mundial del Medio Ambiente. El cual ten\u00eda como objetivo generar un espacio de reflexi\u00f3n y expresi\u00f3n a trav\u00e9s del arte, entorno a la relaci\u00f3n del hombre con los seres vivos.<\/p>\n<p>Durante tres semanas, espec\u00edficamente hasta el 30 de julio a las 13.00 hrs, se recibiendo obras por parte de ni\u00f1as, ni\u00f1os y j\u00f3venes de todo el territorio nacional, sumando un total de 128 dibujos, los cuales se dividieron en tres categor\u00edas seg\u00fan la edad de los participantes.<\/p>\n<ul>\n<li>Categor\u00eda Monito del monte: 3 a 7 a\u00f1os.<\/li>\n<li>Categor\u00eda Zorro Chilote: 8 a 12 a\u00f1os.<\/li>\n<li>Categor\u00eda Ranita de Darwin: 13 a 17 a\u00f1os.<\/li>\n<\/ul>\n<p>La categor\u00eda con mayor participaci\u00f3n fue Zorro Chilote con 69 participantes, Monito del monte obtuvo un total de 35 participantes y Ranita de Darwin 24 participantes.<\/p>\n<p>Las regiones de donde provinieron los dibujos se dividieron en cuatro principalmente, 118 participantes de la regi\u00f3n de Los Lagos, 8 de la regi\u00f3n Metropolitana, una de la regi\u00f3n de Coquimbo y otra de la regi\u00f3n de Valpara\u00edso. Sus ciudades de residencia se detallan a continuaci\u00f3n.<\/p>\n<p>La evaluaci\u00f3n de estos dibujos estuvo a cargo de un grupo de colaboradores que se constituyeron en el jurado, teniendo la dificil responsabilidad de determinar a los ganadores por caterog\u00eda y las menciones respectivas. A quienes una vez m\u00e1s agradecemos y felicitamos por su compromiso con las artes.<\/p>\n<ul>\n<li>Aracely Rojas Licenciada en letras, menci\u00f3n Historia del Arte y Especialista en Sistemolog\u00eda Interpretativa en representaci\u00f3n de la Casa de las Artes y la Cultura Uach Sede Puerto Montt.<\/li>\n<li>Andr\u00e9s Mu\u00f1oz Coordinador de Artes Visuales y Dise\u00f1o de la Corporaci\u00f3n Cultural de Puerto Montt.<\/li>\n<li>Roc\u00edo Bize Ec\u00f3loga Paisajista en representaci\u00f3n del PAR Explora Los Lagos.<\/li>\n<\/ul>\n<p><span lang=\"ES\" style=\"font-family: 'Calibri',sans-serif;color: windowtext\">En las bases de nuestro concurso se detallaba la elecci\u00f3n de un ganador m\u00e1s una menci\u00f3n honrosa por categor\u00eda. Debido al \u00e9xito del concurso y a la calidad de los trabajos se decidi\u00f3 elegir adem\u00e1s de los ya mencionados a 30 preseleccionados de 128 participantes, los cuales fueron notificados v\u00eda email el lunes 6 de julio del 2020. Cabe destacar adem\u00e1s que la categor\u00eda Monito del Monte obtuvo doble menci\u00f3n honrosa por empate en la evaluaci\u00f3n.<\/span><\/p>\n<p class=\"Default\" style=\"text-align: justify\"><span lang=\"ES\" style=\"font-family: 'Calibri',sans-serif;color: windowtext\">\u00a0<\/span><\/p>\n<h2 style=\"text-align: center\"><a href=\"https:\/\/explora.cl\/lagos\/wp-content\/uploads\/sites\/17\/2020\/07\/GANADORES-CONCURSO-DE-DIBUJO-IMAGINA-EL-MUNDO-QUE-QUEREMOS-DESPU\u00c9S-DEL-CORONAVIRUS.pdf\">DESCARGA AQU\u00cd RESULTADOS CONCURSO DE DIBUJO<\/a><\/h2>\n<h2 style=\"text-align: center\"><a href=\"https:\/\/www.youtube.com\/watch?v=s0pJEupb97g\">MIRA AQU\u00cd EL VIDEO PREPARADO PARA TI<\/a><\/h2>\n<p>&nbsp;<\/p>\n<div id='gallery-1' class='gallery galleryid-39328 gallery-columns-2 gallery-size-medium'><figure class='gallery-item'>\n\t\t\t<div class='gallery-icon landscape'>\n\t\t\t\t<a href='https:\/\/explora.cl\/lagos\/wp-content\/uploads\/sites\/17\/2020\/07\/Ganador-Categor\u00eda-Monito-del-Monte..jpg'><img fetchpriority=\"high\" decoding=\"async\" width=\"300\" height=\"214\" src=\"https:\/\/explora.cl\/lagos\/wp-content\/uploads\/sites\/17\/2020\/07\/Ganador-Categor\u00eda-Monito-del-Monte.-300x214.jpg\" class=\"attachment-medium size-medium\" alt=\"\" aria-describedby=\"gallery-1-39345\" srcset=\"https:\/\/explora.cl\/lagos\/wp-content\/uploads\/sites\/17\/2020\/07\/Ganador-Categor\u00eda-Monito-del-Monte.-300x214.jpg 300w, https:\/\/explora.cl\/lagos\/wp-content\/uploads\/sites\/17\/2020\/07\/Ganador-Categor\u00eda-Monito-del-Monte.-768x547.jpg 768w, https:\/\/explora.cl\/lagos\/wp-content\/uploads\/sites\/17\/2020\/07\/Ganador-Categor\u00eda-Monito-del-Monte.-1024x729.jpg 1024w\" sizes=\"(max-width: 300px) 100vw, 300px\" \/><\/a>\n\t\t\t<\/div>\n\t\t\t\t<figcaption class='wp-caption-text gallery-caption' id='gallery-1-39345'>\n\t\t\t\tGanador Categor\u00eda Monito del Monte: Agust\u00edn Javier Becerra R\u00edos, 6 a\u00f1os, Osorno, \u00abDespu\u00e9s del virus\u00bb.\n\t\t\t\t<\/figcaption><\/figure><figure class='gallery-item'>\n\t\t\t<div class='gallery-icon landscape'>\n\t\t\t\t<a href='https:\/\/explora.cl\/lagos\/wp-content\/uploads\/sites\/17\/2020\/07\/Mencion-Honrosa-Categor\u00eda-Monito-del-Monte.jpg'><img decoding=\"async\" width=\"300\" height=\"212\" src=\"https:\/\/explora.cl\/lagos\/wp-content\/uploads\/sites\/17\/2020\/07\/Mencion-Honrosa-Categor\u00eda-Monito-del-Monte-300x212.jpg\" class=\"attachment-medium size-medium\" alt=\"\" aria-describedby=\"gallery-1-39348\" srcset=\"https:\/\/explora.cl\/lagos\/wp-content\/uploads\/sites\/17\/2020\/07\/Mencion-Honrosa-Categor\u00eda-Monito-del-Monte-300x212.jpg 300w, https:\/\/explora.cl\/lagos\/wp-content\/uploads\/sites\/17\/2020\/07\/Mencion-Honrosa-Categor\u00eda-Monito-del-Monte.jpg 629w\" sizes=\"(max-width: 300px) 100vw, 300px\" \/><\/a>\n\t\t\t<\/div>\n\t\t\t\t<figcaption class='wp-caption-text gallery-caption' id='gallery-1-39348'>\n\t\t\t\tMenci\u00f3n Honrosa Categor\u00eda Monito del Monte: Diego Zu\u00f1iga Carre\u00f1o, 3 a\u00f1os, Santiago, \u00abVolvimos a ser felices\u00bb. \n\t\t\t\t<\/figcaption><\/figure><figure class='gallery-item'>\n\t\t\t<div class='gallery-icon landscape'>\n\t\t\t\t<a href='https:\/\/explora.cl\/lagos\/wp-content\/uploads\/sites\/17\/2020\/07\/Menci\u00f3n-Honrosa-Categor\u00eda-Monito-del-Monte.jpg'><img decoding=\"async\" width=\"300\" height=\"213\" src=\"https:\/\/explora.cl\/lagos\/wp-content\/uploads\/sites\/17\/2020\/07\/Menci\u00f3n-Honrosa-Categor\u00eda-Monito-del-Monte-300x213.jpg\" class=\"attachment-medium size-medium\" alt=\"\" aria-describedby=\"gallery-1-39349\" srcset=\"https:\/\/explora.cl\/lagos\/wp-content\/uploads\/sites\/17\/2020\/07\/Menci\u00f3n-Honrosa-Categor\u00eda-Monito-del-Monte-300x213.jpg 300w, https:\/\/explora.cl\/lagos\/wp-content\/uploads\/sites\/17\/2020\/07\/Menci\u00f3n-Honrosa-Categor\u00eda-Monito-del-Monte.jpg 616w\" sizes=\"(max-width: 300px) 100vw, 300px\" \/><\/a>\n\t\t\t<\/div>\n\t\t\t\t<figcaption class='wp-caption-text gallery-caption' id='gallery-1-39349'>\n\t\t\t\tMenci\u00f3n Honrosa Monito del Monte: Josu\u00e9 Mateo Riquelme Bustamente, 5 a\u00f1os, Calbuco, \u00abUn planeta feliz\u00bb. \n\t\t\t\t<\/figcaption><\/figure><figure class='gallery-item'>\n\t\t\t<div class='gallery-icon landscape'>\n\t\t\t\t<a href='https:\/\/explora.cl\/lagos\/wp-content\/uploads\/sites\/17\/2020\/07\/Ganadora-Categor\u00eda-Zorro-Chilote.jpg'><img loading=\"lazy\" decoding=\"async\" width=\"300\" height=\"202\" src=\"https:\/\/explora.cl\/lagos\/wp-content\/uploads\/sites\/17\/2020\/07\/Ganadora-Categor\u00eda-Zorro-Chilote-300x202.jpg\" class=\"attachment-medium size-medium\" alt=\"\" aria-describedby=\"gallery-1-39347\" srcset=\"https:\/\/explora.cl\/lagos\/wp-content\/uploads\/sites\/17\/2020\/07\/Ganadora-Categor\u00eda-Zorro-Chilote-300x202.jpg 300w, https:\/\/explora.cl\/lagos\/wp-content\/uploads\/sites\/17\/2020\/07\/Ganadora-Categor\u00eda-Zorro-Chilote.jpg 724w\" sizes=\"(max-width: 300px) 100vw, 300px\" \/><\/a>\n\t\t\t<\/div>\n\t\t\t\t<figcaption class='wp-caption-text gallery-caption' id='gallery-1-39347'>\n\t\t\t\tGanadora Categor\u00eda Zorro Chilote:  Dayen\u00fa G\u00e1lvez Vega, 12 a\u00f1os, Salamanca, \u00abASHPAI: Mi tierra\u00bb. \n\t\t\t\t<\/figcaption><\/figure><figure class='gallery-item'>\n\t\t\t<div class='gallery-icon landscape'>\n\t\t\t\t<a href='https:\/\/explora.cl\/lagos\/wp-content\/uploads\/sites\/17\/2020\/07\/Menci\u00f3n-Honrosa-Categor\u00eda-Zorro-Chilote.jpg'><img loading=\"lazy\" decoding=\"async\" width=\"300\" height=\"277\" src=\"https:\/\/explora.cl\/lagos\/wp-content\/uploads\/sites\/17\/2020\/07\/Menci\u00f3n-Honrosa-Categor\u00eda-Zorro-Chilote-300x277.jpg\" class=\"attachment-medium size-medium\" alt=\"\" aria-describedby=\"gallery-1-39350\" srcset=\"https:\/\/explora.cl\/lagos\/wp-content\/uploads\/sites\/17\/2020\/07\/Menci\u00f3n-Honrosa-Categor\u00eda-Zorro-Chilote-300x277.jpg 300w, https:\/\/explora.cl\/lagos\/wp-content\/uploads\/sites\/17\/2020\/07\/Menci\u00f3n-Honrosa-Categor\u00eda-Zorro-Chilote.jpg 628w\" sizes=\"(max-width: 300px) 100vw, 300px\" \/><\/a>\n\t\t\t<\/div>\n\t\t\t\t<figcaption class='wp-caption-text gallery-caption' id='gallery-1-39350'>\n\t\t\t\tMenci\u00f3n Honrosa Zorro Chilote: Paris Monserrat Godoy Molina, 10 a\u00f1os, Puerto Montt, \u00abRenaciendo\u00bb.\n\t\t\t\t<\/figcaption><\/figure><figure class='gallery-item'>\n\t\t\t<div class='gallery-icon portrait'>\n\t\t\t\t<a href='https:\/\/explora.cl\/lagos\/wp-content\/uploads\/sites\/17\/2020\/07\/Ganador-categor\u00eda-Ranita-de-Darwin.jpg'><img loading=\"lazy\" decoding=\"async\" width=\"207\" height=\"300\" src=\"https:\/\/explora.cl\/lagos\/wp-content\/uploads\/sites\/17\/2020\/07\/Ganador-categor\u00eda-Ranita-de-Darwin-207x300.jpg\" class=\"attachment-medium size-medium\" alt=\"\" aria-describedby=\"gallery-1-39346\" srcset=\"https:\/\/explora.cl\/lagos\/wp-content\/uploads\/sites\/17\/2020\/07\/Ganador-categor\u00eda-Ranita-de-Darwin-207x300.jpg 207w, https:\/\/explora.cl\/lagos\/wp-content\/uploads\/sites\/17\/2020\/07\/Ganador-categor\u00eda-Ranita-de-Darwin.jpg 415w\" sizes=\"(max-width: 207px) 100vw, 207px\" \/><\/a>\n\t\t\t<\/div>\n\t\t\t\t<figcaption class='wp-caption-text gallery-caption' id='gallery-1-39346'>\n\t\t\t\tGanadora Categor\u00eda Ranita de Darwin: Valentina G\u00e1rate S\u00e1nchez, 16 a\u00f1os, Quell\u00f3n\n\t\t\t\t<\/figcaption><\/figure><figure class='gallery-item'>\n\t\t\t<div class='gallery-icon landscape'>\n\t\t\t\t<a href='https:\/\/explora.cl\/lagos\/wp-content\/uploads\/sites\/17\/2020\/07\/Menci\u00f3n-Honrosa-Ranita-de-Darwin.png'><img loading=\"lazy\" decoding=\"async\" width=\"300\" height=\"209\" src=\"https:\/\/explora.cl\/lagos\/wp-content\/uploads\/sites\/17\/2020\/07\/Menci\u00f3n-Honrosa-Ranita-de-Darwin-300x209.png\" class=\"attachment-medium size-medium\" alt=\"\" aria-describedby=\"gallery-1-39351\" srcset=\"https:\/\/explora.cl\/lagos\/wp-content\/uploads\/sites\/17\/2020\/07\/Menci\u00f3n-Honrosa-Ranita-de-Darwin-300x209.png 300w, https:\/\/explora.cl\/lagos\/wp-content\/uploads\/sites\/17\/2020\/07\/Menci\u00f3n-Honrosa-Ranita-de-Darwin.png 604w\" sizes=\"(max-width: 300px) 100vw, 300px\" \/><\/a>\n\t\t\t<\/div>\n\t\t\t\t<figcaption class='wp-caption-text gallery-caption' id='gallery-1-39351'>\n\t\t\t\tMenci\u00f3n Honrosa Ranita de Darwin: Martina Anastasia Gallardo C\u00e1rdenas, 13 a\u00f1os, Osorno, \u00abEl mundo del ma\u00f1ana\u00bb.  \n\t\t\t\t<\/figcaption><\/figure>\n\t\t<\/div>\n\n<p>&nbsp;<\/p>\n<p>&nbsp;<\/p>\n","protected":false},"excerpt":{"rendered":"<p>Se recibieron un total de 128 dibujos. Revisa aqu\u00ed el resultado de tu participaci\u00f3n. <\/p>\n","protected":false},"author":36,"featured_media":39361,"comment_status":"open","ping_status":"open","sticky":false,"template":"","format":"standard","meta":{"_acf_changed":false,"_exactmetrics_skip_tracking":false,"_exactmetrics_sitenote_active":false,"_exactmetrics_sitenote_note":"","_exactmetrics_sitenote_category":0,"footnotes":"","_links_to":"","_links_to_target":""},"categories":[4,1],"tags":[],"class_list":["post-39328","post","type-post","status-publish","format-standard","has-post-thumbnail","hentry","category-noticias","category-sin-categoria"],"acf":[],"yoast_head":"<!-- This site is optimized with the Yoast SEO plugin v26.9 - https:\/\/yoast.com\/product\/yoast-seo-wordpress\/ -->\n<title>RESULTADOS CONCURSO DE DIBUJO &quot;IMAGINA EL MUNDO QUEREMOS DESPU\u00c9S DEL CORONAVIRUS&quot; - Los Lagos<\/title>\n<meta name=\"robots\" content=\"index, follow, max-snippet:-1, max-image-preview:large, max-video-preview:-1\" \/>\n<link rel=\"canonical\" href=\"https:\/\/explora.cl\/lagos\/resultados-concurso-de-dibujo-imagina-el-mundo-queremos-despues-del-coronavirus\/\" class=\"yoast-seo-meta-tag\" \/>\n<meta property=\"og:locale\" content=\"es_ES\" class=\"yoast-seo-meta-tag\" \/>\n<meta property=\"og:type\" content=\"article\" class=\"yoast-seo-meta-tag\" \/>\n<meta property=\"og:title\" content=\"RESULTADOS CONCURSO DE DIBUJO &quot;IMAGINA EL MUNDO QUEREMOS DESPU\u00c9S DEL CORONAVIRUS&quot; - Los Lagos\" class=\"yoast-seo-meta-tag\" \/>\n<meta property=\"og:description\" content=\"Se recibieron un total de 128 dibujos. Revisa aqu\u00ed el resultado de tu participaci\u00f3n.\" class=\"yoast-seo-meta-tag\" \/>\n<meta property=\"og:url\" content=\"https:\/\/explora.cl\/lagos\/resultados-concurso-de-dibujo-imagina-el-mundo-queremos-despues-del-coronavirus\/\" class=\"yoast-seo-meta-tag\" \/>\n<meta property=\"og:site_name\" content=\"Los Lagos\" class=\"yoast-seo-meta-tag\" \/>\n<meta property=\"article:published_time\" content=\"2020-07-08T00:37:21+00:00\" class=\"yoast-seo-meta-tag\" \/>\n<meta property=\"article:modified_time\" content=\"2020-08-07T01:29:21+00:00\" class=\"yoast-seo-meta-tag\" \/>\n<meta property=\"og:image\" content=\"https:\/\/explora.cl\/lagos\/wp-content\/uploads\/sites\/17\/2020\/07\/pagina_explora-4-copia.png\" class=\"yoast-seo-meta-tag\" \/>\n\t<meta property=\"og:image:width\" content=\"736\" class=\"yoast-seo-meta-tag\" \/>\n\t<meta property=\"og:image:height\" content=\"420\" class=\"yoast-seo-meta-tag\" \/>\n\t<meta property=\"og:image:type\" content=\"image\/png\" class=\"yoast-seo-meta-tag\" \/>\n<meta name=\"author\" content=\"jvargas\" class=\"yoast-seo-meta-tag\" \/>\n<meta name=\"twitter:card\" content=\"summary_large_image\" class=\"yoast-seo-meta-tag\" \/>\n<meta name=\"twitter:label1\" content=\"Escrito por\" class=\"yoast-seo-meta-tag\" \/>\n\t<meta name=\"twitter:data1\" content=\"jvargas\" class=\"yoast-seo-meta-tag\" \/>\n\t<meta name=\"twitter:label2\" content=\"Tiempo de lectura\" class=\"yoast-seo-meta-tag\" \/>\n\t<meta name=\"twitter:data2\" content=\"2 minutos\" class=\"yoast-seo-meta-tag\" \/>\n<script type=\"application\/ld+json\" class=\"yoast-schema-graph\">{\"@context\":\"https:\/\/schema.org\",\"@graph\":[{\"@type\":\"Article\",\"@id\":\"https:\/\/explora.cl\/lagos\/resultados-concurso-de-dibujo-imagina-el-mundo-queremos-despues-del-coronavirus\/#article\",\"isPartOf\":{\"@id\":\"https:\/\/explora.cl\/lagos\/resultados-concurso-de-dibujo-imagina-el-mundo-queremos-despues-del-coronavirus\/\"},\"author\":{\"name\":\"jvargas\",\"@id\":\"https:\/\/explora.cl\/lagos\/#\/schema\/person\/6608d3ee9ea0b0daeaf12289528fc582\"},\"headline\":\"RESULTADOS CONCURSO DE DIBUJO \u00abIMAGINA EL MUNDO QUEREMOS DESPU\u00c9S DEL CORONAVIRUS\u00bb\",\"datePublished\":\"2020-07-08T00:37:21+00:00\",\"dateModified\":\"2020-08-07T01:29:21+00:00\",\"mainEntityOfPage\":{\"@id\":\"https:\/\/explora.cl\/lagos\/resultados-concurso-de-dibujo-imagina-el-mundo-queremos-despues-del-coronavirus\/\"},\"wordCount\":458,\"commentCount\":0,\"image\":{\"@id\":\"https:\/\/explora.cl\/lagos\/resultados-concurso-de-dibujo-imagina-el-mundo-queremos-despues-del-coronavirus\/#primaryimage\"},\"thumbnailUrl\":\"https:\/\/explora.cl\/lagos\/wp-content\/uploads\/sites\/17\/2020\/07\/pagina_explora-4-copia.png\",\"articleSection\":[\"Noticias\"],\"inLanguage\":\"es\",\"potentialAction\":[{\"@type\":\"CommentAction\",\"name\":\"Comment\",\"target\":[\"https:\/\/explora.cl\/lagos\/resultados-concurso-de-dibujo-imagina-el-mundo-queremos-despues-del-coronavirus\/#respond\"]}]},{\"@type\":\"WebPage\",\"@id\":\"https:\/\/explora.cl\/lagos\/resultados-concurso-de-dibujo-imagina-el-mundo-queremos-despues-del-coronavirus\/\",\"url\":\"https:\/\/explora.cl\/lagos\/resultados-concurso-de-dibujo-imagina-el-mundo-queremos-despues-del-coronavirus\/\",\"name\":\"RESULTADOS CONCURSO DE DIBUJO \\\"IMAGINA EL MUNDO QUEREMOS DESPU\u00c9S DEL CORONAVIRUS\\\" - Los Lagos\",\"isPartOf\":{\"@id\":\"https:\/\/explora.cl\/lagos\/#website\"},\"primaryImageOfPage\":{\"@id\":\"https:\/\/explora.cl\/lagos\/resultados-concurso-de-dibujo-imagina-el-mundo-queremos-despues-del-coronavirus\/#primaryimage\"},\"image\":{\"@id\":\"https:\/\/explora.cl\/lagos\/resultados-concurso-de-dibujo-imagina-el-mundo-queremos-despues-del-coronavirus\/#primaryimage\"},\"thumbnailUrl\":\"https:\/\/explora.cl\/lagos\/wp-content\/uploads\/sites\/17\/2020\/07\/pagina_explora-4-copia.png\",\"datePublished\":\"2020-07-08T00:37:21+00:00\",\"dateModified\":\"2020-08-07T01:29:21+00:00\",\"author\":{\"@id\":\"https:\/\/explora.cl\/lagos\/#\/schema\/person\/6608d3ee9ea0b0daeaf12289528fc582\"},\"breadcrumb\":{\"@id\":\"https:\/\/explora.cl\/lagos\/resultados-concurso-de-dibujo-imagina-el-mundo-queremos-despues-del-coronavirus\/#breadcrumb\"},\"inLanguage\":\"es\",\"potentialAction\":[{\"@type\":\"ReadAction\",\"target\":[\"https:\/\/explora.cl\/lagos\/resultados-concurso-de-dibujo-imagina-el-mundo-queremos-despues-del-coronavirus\/\"]}]},{\"@type\":\"ImageObject\",\"inLanguage\":\"es\",\"@id\":\"https:\/\/explora.cl\/lagos\/resultados-concurso-de-dibujo-imagina-el-mundo-queremos-despues-del-coronavirus\/#primaryimage\",\"url\":\"https:\/\/explora.cl\/lagos\/wp-content\/uploads\/sites\/17\/2020\/07\/pagina_explora-4-copia.png\",\"contentUrl\":\"https:\/\/explora.cl\/lagos\/wp-content\/uploads\/sites\/17\/2020\/07\/pagina_explora-4-copia.png\",\"width\":736,\"height\":420},{\"@type\":\"BreadcrumbList\",\"@id\":\"https:\/\/explora.cl\/lagos\/resultados-concurso-de-dibujo-imagina-el-mundo-queremos-despues-del-coronavirus\/#breadcrumb\",\"itemListElement\":[{\"@type\":\"ListItem\",\"position\":1,\"name\":\"Portada\",\"item\":\"https:\/\/explora.cl\/lagos\/\"},{\"@type\":\"ListItem\",\"position\":2,\"name\":\"RESULTADOS CONCURSO DE DIBUJO \u00abIMAGINA EL MUNDO QUEREMOS DESPU\u00c9S DEL CORONAVIRUS\u00bb\"}]},{\"@type\":\"WebSite\",\"@id\":\"https:\/\/explora.cl\/lagos\/#website\",\"url\":\"https:\/\/explora.cl\/lagos\/\",\"name\":\"Los Lagos\",\"description\":\"Otro sitio m\u00e1s de explora.cl\",\"potentialAction\":[{\"@type\":\"SearchAction\",\"target\":{\"@type\":\"EntryPoint\",\"urlTemplate\":\"https:\/\/explora.cl\/lagos\/?s={search_term_string}\"},\"query-input\":{\"@type\":\"PropertyValueSpecification\",\"valueRequired\":true,\"valueName\":\"search_term_string\"}}],\"inLanguage\":\"es\"},{\"@type\":\"Person\",\"@id\":\"https:\/\/explora.cl\/lagos\/#\/schema\/person\/6608d3ee9ea0b0daeaf12289528fc582\",\"name\":\"jvargas\",\"image\":{\"@type\":\"ImageObject\",\"inLanguage\":\"es\",\"@id\":\"https:\/\/explora.cl\/lagos\/#\/schema\/person\/image\/\",\"url\":\"https:\/\/secure.gravatar.com\/avatar\/8a6892fbfb002ef173a244b534b4bbcea4c183fc3fbf7732e64ac89b1d22d482?s=96&d=mm&r=g\",\"contentUrl\":\"https:\/\/secure.gravatar.com\/avatar\/8a6892fbfb002ef173a244b534b4bbcea4c183fc3fbf7732e64ac89b1d22d482?s=96&d=mm&r=g\",\"caption\":\"jvargas\"},\"url\":\"https:\/\/explora.cl\/lagos\/author\/jvargas\/\"}]}<\/script>\n<!-- \/ Yoast SEO plugin. -->","yoast_head_json":{"title":"RESULTADOS CONCURSO DE DIBUJO \"IMAGINA EL MUNDO QUEREMOS DESPU\u00c9S DEL CORONAVIRUS\" - Los Lagos","robots":{"index":"index","follow":"follow","max-snippet":"max-snippet:-1","max-image-preview":"max-image-preview:large","max-video-preview":"max-video-preview:-1"},"canonical":"https:\/\/explora.cl\/lagos\/resultados-concurso-de-dibujo-imagina-el-mundo-queremos-despues-del-coronavirus\/","og_locale":"es_ES","og_type":"article","og_title":"RESULTADOS CONCURSO DE DIBUJO \"IMAGINA EL MUNDO QUEREMOS DESPU\u00c9S DEL CORONAVIRUS\" - Los Lagos","og_description":"Se recibieron un total de 128 dibujos. Revisa aqu\u00ed el resultado de tu participaci\u00f3n.","og_url":"https:\/\/explora.cl\/lagos\/resultados-concurso-de-dibujo-imagina-el-mundo-queremos-despues-del-coronavirus\/","og_site_name":"Los Lagos","article_published_time":"2020-07-08T00:37:21+00:00","article_modified_time":"2020-08-07T01:29:21+00:00","og_image":[{"width":736,"height":420,"url":"https:\/\/explora.cl\/lagos\/wp-content\/uploads\/sites\/17\/2020\/07\/pagina_explora-4-copia.png","type":"image\/png"}],"author":"jvargas","twitter_card":"summary_large_image","twitter_misc":{"Escrito por":"jvargas","Tiempo de lectura":"2 minutos"},"schema":{"@context":"https:\/\/schema.org","@graph":[{"@type":"Article","@id":"https:\/\/explora.cl\/lagos\/resultados-concurso-de-dibujo-imagina-el-mundo-queremos-despues-del-coronavirus\/#article","isPartOf":{"@id":"https:\/\/explora.cl\/lagos\/resultados-concurso-de-dibujo-imagina-el-mundo-queremos-despues-del-coronavirus\/"},"author":{"name":"jvargas","@id":"https:\/\/explora.cl\/lagos\/#\/schema\/person\/6608d3ee9ea0b0daeaf12289528fc582"},"headline":"RESULTADOS CONCURSO DE DIBUJO \u00abIMAGINA EL MUNDO QUEREMOS DESPU\u00c9S DEL CORONAVIRUS\u00bb","datePublished":"2020-07-08T00:37:21+00:00","dateModified":"2020-08-07T01:29:21+00:00","mainEntityOfPage":{"@id":"https:\/\/explora.cl\/lagos\/resultados-concurso-de-dibujo-imagina-el-mundo-queremos-despues-del-coronavirus\/"},"wordCount":458,"commentCount":0,"image":{"@id":"https:\/\/explora.cl\/lagos\/resultados-concurso-de-dibujo-imagina-el-mundo-queremos-despues-del-coronavirus\/#primaryimage"},"thumbnailUrl":"https:\/\/explora.cl\/lagos\/wp-content\/uploads\/sites\/17\/2020\/07\/pagina_explora-4-copia.png","articleSection":["Noticias"],"inLanguage":"es","potentialAction":[{"@type":"CommentAction","name":"Comment","target":["https:\/\/explora.cl\/lagos\/resultados-concurso-de-dibujo-imagina-el-mundo-queremos-despues-del-coronavirus\/#respond"]}]},{"@type":"WebPage","@id":"https:\/\/explora.cl\/lagos\/resultados-concurso-de-dibujo-imagina-el-mundo-queremos-despues-del-coronavirus\/","url":"https:\/\/explora.cl\/lagos\/resultados-concurso-de-dibujo-imagina-el-mundo-queremos-despues-del-coronavirus\/","name":"RESULTADOS CONCURSO DE DIBUJO \"IMAGINA EL MUNDO QUEREMOS DESPU\u00c9S DEL CORONAVIRUS\" - Los Lagos","isPartOf":{"@id":"https:\/\/explora.cl\/lagos\/#website"},"primaryImageOfPage":{"@id":"https:\/\/explora.cl\/lagos\/resultados-concurso-de-dibujo-imagina-el-mundo-queremos-despues-del-coronavirus\/#primaryimage"},"image":{"@id":"https:\/\/explora.cl\/lagos\/resultados-concurso-de-dibujo-imagina-el-mundo-queremos-despues-del-coronavirus\/#primaryimage"},"thumbnailUrl":"https:\/\/explora.cl\/lagos\/wp-content\/uploads\/sites\/17\/2020\/07\/pagina_explora-4-copia.png","datePublished":"2020-07-08T00:37:21+00:00","dateModified":"2020-08-07T01:29:21+00:00","author":{"@id":"https:\/\/explora.cl\/lagos\/#\/schema\/person\/6608d3ee9ea0b0daeaf12289528fc582"},"breadcrumb":{"@id":"https:\/\/explora.cl\/lagos\/resultados-concurso-de-dibujo-imagina-el-mundo-queremos-despues-del-coronavirus\/#breadcrumb"},"inLanguage":"es","potentialAction":[{"@type":"ReadAction","target":["https:\/\/explora.cl\/lagos\/resultados-concurso-de-dibujo-imagina-el-mundo-queremos-despues-del-coronavirus\/"]}]},{"@type":"ImageObject","inLanguage":"es","@id":"https:\/\/explora.cl\/lagos\/resultados-concurso-de-dibujo-imagina-el-mundo-queremos-despues-del-coronavirus\/#primaryimage","url":"https:\/\/explora.cl\/lagos\/wp-content\/uploads\/sites\/17\/2020\/07\/pagina_explora-4-copia.png","contentUrl":"https:\/\/explora.cl\/lagos\/wp-content\/uploads\/sites\/17\/2020\/07\/pagina_explora-4-copia.png","width":736,"height":420},{"@type":"BreadcrumbList","@id":"https:\/\/explora.cl\/lagos\/resultados-concurso-de-dibujo-imagina-el-mundo-queremos-despues-del-coronavirus\/#breadcrumb","itemListElement":[{"@type":"ListItem","position":1,"name":"Portada","item":"https:\/\/explora.cl\/lagos\/"},{"@type":"ListItem","position":2,"name":"RESULTADOS CONCURSO DE DIBUJO \u00abIMAGINA EL MUNDO QUEREMOS DESPU\u00c9S DEL CORONAVIRUS\u00bb"}]},{"@type":"WebSite","@id":"https:\/\/explora.cl\/lagos\/#website","url":"https:\/\/explora.cl\/lagos\/","name":"Los Lagos","description":"Otro sitio m\u00e1s de explora.cl","potentialAction":[{"@type":"SearchAction","target":{"@type":"EntryPoint","urlTemplate":"https:\/\/explora.cl\/lagos\/?s={search_term_string}"},"query-input":{"@type":"PropertyValueSpecification","valueRequired":true,"valueName":"search_term_string"}}],"inLanguage":"es"},{"@type":"Person","@id":"https:\/\/explora.cl\/lagos\/#\/schema\/person\/6608d3ee9ea0b0daeaf12289528fc582","name":"jvargas","image":{"@type":"ImageObject","inLanguage":"es","@id":"https:\/\/explora.cl\/lagos\/#\/schema\/person\/image\/","url":"https:\/\/secure.gravatar.com\/avatar\/8a6892fbfb002ef173a244b534b4bbcea4c183fc3fbf7732e64ac89b1d22d482?s=96&d=mm&r=g","contentUrl":"https:\/\/secure.gravatar.com\/avatar\/8a6892fbfb002ef173a244b534b4bbcea4c183fc3fbf7732e64ac89b1d22d482?s=96&d=mm&r=g","caption":"jvargas"},"url":"https:\/\/explora.cl\/lagos\/author\/jvargas\/"}]}},"_links":{"self":[{"href":"https:\/\/explora.cl\/lagos\/wp-json\/wp\/v2\/posts\/39328","targetHints":{"allow":["GET"]}}],"collection":[{"href":"https:\/\/explora.cl\/lagos\/wp-json\/wp\/v2\/posts"}],"about":[{"href":"https:\/\/explora.cl\/lagos\/wp-json\/wp\/v2\/types\/post"}],"author":[{"embeddable":true,"href":"https:\/\/explora.cl\/lagos\/wp-json\/wp\/v2\/users\/36"}],"replies":[{"embeddable":true,"href":"https:\/\/explora.cl\/lagos\/wp-json\/wp\/v2\/comments?post=39328"}],"version-history":[{"count":21,"href":"https:\/\/explora.cl\/lagos\/wp-json\/wp\/v2\/posts\/39328\/revisions"}],"predecessor-version":[{"id":39369,"href":"https:\/\/explora.cl\/lagos\/wp-json\/wp\/v2\/posts\/39328\/revisions\/39369"}],"wp:featuredmedia":[{"embeddable":true,"href":"https:\/\/explora.cl\/lagos\/wp-json\/wp\/v2\/media\/39361"}],"wp:attachment":[{"href":"https:\/\/explora.cl\/lagos\/wp-json\/wp\/v2\/media?parent=39328"}],"wp:term":[{"taxonomy":"category","embeddable":true,"href":"https:\/\/explora.cl\/lagos\/wp-json\/wp\/v2\/categories?post=39328"},{"taxonomy":"post_tag","embeddable":true,"href":"https:\/\/explora.cl\/lagos\/wp-json\/wp\/v2\/tags?post=39328"}],"curies":[{"name":"wp","href":"https:\/\/api.w.org\/{rel}","templated":true}]}}