{"id":39292,"date":"2020-06-25T11:11:12","date_gmt":"2020-06-25T15:11:12","guid":{"rendered":"https:\/\/explora.cl\/lagos\/?p=39292"},"modified":"2020-08-04T22:08:20","modified_gmt":"2020-08-05T02:08:20","slug":"postulaciones-abiertas-programa-de-indagacion-para-primeras-edades-pipe-2020","status":"publish","type":"post","link":"https:\/\/explora.cl\/lagos\/postulaciones-abiertas-programa-de-indagacion-para-primeras-edades-pipe-2020\/","title":{"rendered":"Se ampli\u00f3 plazo para postular al Programa de Indagaci\u00f3n para Primeras Edades (PIPE) 2020"},"content":{"rendered":"<p>El PAR Explora Los Lagos del Ministerio de Ciencia, Tecnolog\u00eda, Conocimiento e Innovaci\u00f3n ejecutado por la Universidad Austral de Chile Sede Puerto Montt, les invita a postular a una capacitaci\u00f3n online sobre el <strong>Programa de Indagaci\u00f3n Para Primeras Edades (PIPE)<\/strong> que es una iniciativa creada por el Programa Explora con diferentes experiencias de aprendizaje cient\u00edfico, orientadas a despertar la curiosidad de ni\u00f1as y ni\u00f1os, mediante la exploraci\u00f3n de su entorno a trav\u00e9s de la indagaci\u00f3n en tem\u00e1ticas relacionadas a plantas y animales.<\/p>\n<p><strong>Pueden postular Educadoras\/es de p\u00e1rvulos, Asistentes y\/o T\u00e9cnicos en Educaci\u00f3n Parvularia y Educadoras\/es Diferenciales<\/strong> que se desempe\u00f1en entre los niveles de medio mayor a segundo nivel de transici\u00f3n de cualquier Establecimiento Educacional de la Regi\u00f3n de Los Lagos.<\/p>\n<p>Esta iniciativa es una apuesta metodol\u00f3gica que se orienta en acercar ni\u00f1as y ni\u00f1os a competencias cient\u00edficas que ser\u00e1n fundamentales para propiciar un desarrollo cognitivo y emocional, no solo en el \u00e1mbito de la ciencia, sino en todos los \u00e1mbitos de la vida.<\/p>\n<p>Este programa est\u00e1 alineado con las bases curriculares de la educaci\u00f3n Parvularia (2018) y enmarcada bajo un modelo indagatorio que valora profundamente la mediaci\u00f3n realizada por las educadoras y educadores. Este est\u00e1 dividido en dos m\u00f3dulos que tienen 7 actividades cada uno para realizar con ni\u00f1as y ni\u00f1os desde medio mayor a segundo nivel de transici\u00f3n.<\/p>\n<p>La Capacitaci\u00f3n de PIPE se realizar\u00e1 de manera online y se utilizar\u00e1 la aplicaci\u00f3n Meet de Google o Zoom.<\/p>\n<p>Esta capacitaci\u00f3n tiene un total de 40 horas las cuales se dividen en 20 horas te\u00f3ricas y 20 horas pr\u00e1cticas. La parte te\u00f3rica se realizar\u00e1 en 5 sesiones de 2 horas cada una y la segunda parte pr\u00e1ctica estar\u00e1 dada por la implementaci\u00f3n de actividades, que se espera sean realizadas durante el segundo semestre del a\u00f1o 2020, si la contingencia sanitaria lo permite.<\/p>\n<p>Las participantes deber\u00e1n desarrollar al menos 2 de las 7 actividades propuestas en cada uno de los m\u00f3dulos de PIPE, con sus educandos. De no ser posible, se entregar\u00e1n planificaciones adaptadas al hogar, para ser implementadas por los grupos familiares en sus hogares.<\/p>\n<p>Destacar que, los participantes capacitados recibir\u00e1n para la ejecuci\u00f3n de sus talleres un <strong>Manual de implementaci\u00f3n que <\/strong>incluye las 14 actividades de aprendizaje de 30 a 45 minutos aproximados de duraci\u00f3n\u00a0y un <strong>Kit de materiales que<\/strong>\u00a0incluye los materiales necesarios para la realizaci\u00f3n de cada actividad de aprendizaje para un m\u00e1ximo de 40 ni\u00f1os.<\/p>\n<p><strong>\u00bfC\u00d3MO PUEDO POSTULAR?<\/strong><\/p>\n<p>A trav\u00e9s de un Formulario en l\u00ednea disponible en <a href=\"https:\/\/url2.cl\/br5xv\">https:\/\/url2.cl\/br5xv<\/a> , subiendo la autorizaci\u00f3n expresa del Director(a) del Establecimiento Educacional. (ANEXO 1)<\/p>\n<p>El plazo para presentar las postulaciones ser\u00e1 hasta el <strong>22\u00a0de julio a las 23:59 horas.<\/strong><\/p>\n<p>Consultas al correo electr\u00f3nico: karina.bravo@uach.cl o al fono\u00a0 (65) 2 624753.<\/p>\n<h2 style=\"text-align: center\"><a href=\"https:\/\/explora.cl\/lagos\/wp-content\/uploads\/sites\/17\/2020\/06\/Bases-Finales-PIPE.pdf\">Descargar Bases de Postulaci\u00f3n PIPE<\/a><\/h2>\n<h2>\u00a0 \u00a0 \u00a0 \u00a0 \u00a0 \u00a0 \u00a0 \u00a0 \u00a0 \u00a0 \u00a0 \u00a0 \u00a0 <a href=\"https:\/\/explora.cl\/lagos\/wp-content\/uploads\/sites\/17\/2020\/06\/ANEXO-1-Compromiso-del-directora-1.doc\">Descargar Anexo 1 Compromiso del Director<\/a><\/h2>\n","protected":false},"excerpt":{"rendered":"<p>Ingresa en el banner y postula hasta el 13 de julio de 2020<\/p>\n","protected":false},"author":36,"featured_media":39396,"comment_status":"open","ping_status":"open","sticky":false,"template":"","format":"standard","meta":{"_acf_changed":false,"_exactmetrics_skip_tracking":false,"_exactmetrics_sitenote_active":false,"_exactmetrics_sitenote_note":"","_exactmetrics_sitenote_category":0,"footnotes":"","_links_to":"","_links_to_target":""},"categories":[151,1],"tags":[107,331,330,182,247,329,332],"class_list":["post-39292","post","type-post","status-publish","format-standard","has-post-thumbnail","hentry","category-banner","category-sin-categoria","tag-ciencia","tag-comunidad-escolar","tag-educadores-y-educadoras","tag-los-lagos","tag-par-explora-los-lagos","tag-pipe-2020","tag-uach-sede-puerto-montt"],"acf":[],"yoast_head":"<!-- This site is optimized with the Yoast SEO plugin v26.9 - https:\/\/yoast.com\/product\/yoast-seo-wordpress\/ -->\n<title>Se ampli\u00f3 plazo para postular al Programa de Indagaci\u00f3n para Primeras Edades (PIPE) 2020 - Los Lagos<\/title>\n<meta name=\"robots\" content=\"index, follow, max-snippet:-1, max-image-preview:large, max-video-preview:-1\" \/>\n<link rel=\"canonical\" href=\"https:\/\/explora.cl\/lagos\/postulaciones-abiertas-programa-de-indagacion-para-primeras-edades-pipe-2020\/\" class=\"yoast-seo-meta-tag\" \/>\n<meta property=\"og:locale\" content=\"es_ES\" class=\"yoast-seo-meta-tag\" \/>\n<meta property=\"og:type\" content=\"article\" class=\"yoast-seo-meta-tag\" \/>\n<meta property=\"og:title\" content=\"Se ampli\u00f3 plazo para postular al Programa de Indagaci\u00f3n para Primeras Edades (PIPE) 2020 - Los Lagos\" class=\"yoast-seo-meta-tag\" \/>\n<meta property=\"og:description\" content=\"Ingresa en el banner y postula hasta el 13 de julio de 2020\" class=\"yoast-seo-meta-tag\" \/>\n<meta property=\"og:url\" content=\"https:\/\/explora.cl\/lagos\/postulaciones-abiertas-programa-de-indagacion-para-primeras-edades-pipe-2020\/\" class=\"yoast-seo-meta-tag\" \/>\n<meta property=\"og:site_name\" content=\"Los Lagos\" class=\"yoast-seo-meta-tag\" \/>\n<meta property=\"article:published_time\" content=\"2020-06-25T15:11:12+00:00\" class=\"yoast-seo-meta-tag\" \/>\n<meta property=\"article:modified_time\" content=\"2020-08-05T02:08:20+00:00\" class=\"yoast-seo-meta-tag\" \/>\n<meta property=\"og:image\" content=\"https:\/\/explora.cl\/lagos\/wp-content\/uploads\/sites\/17\/2020\/06\/PLAZO-AMPLIADO-PIPE-PAR-LOS-LAGOS.png\" class=\"yoast-seo-meta-tag\" \/>\n\t<meta property=\"og:image:width\" content=\"977\" class=\"yoast-seo-meta-tag\" \/>\n\t<meta property=\"og:image:height\" content=\"556\" class=\"yoast-seo-meta-tag\" \/>\n\t<meta property=\"og:image:type\" content=\"image\/png\" class=\"yoast-seo-meta-tag\" \/>\n<meta name=\"author\" content=\"jvargas\" class=\"yoast-seo-meta-tag\" \/>\n<meta name=\"twitter:card\" content=\"summary_large_image\" class=\"yoast-seo-meta-tag\" \/>\n<meta name=\"twitter:label1\" content=\"Escrito por\" class=\"yoast-seo-meta-tag\" \/>\n\t<meta name=\"twitter:data1\" content=\"jvargas\" class=\"yoast-seo-meta-tag\" \/>\n\t<meta name=\"twitter:label2\" content=\"Tiempo de lectura\" class=\"yoast-seo-meta-tag\" \/>\n\t<meta name=\"twitter:data2\" content=\"3 minutos\" class=\"yoast-seo-meta-tag\" \/>\n<script type=\"application\/ld+json\" class=\"yoast-schema-graph\">{\"@context\":\"https:\/\/schema.org\",\"@graph\":[{\"@type\":\"Article\",\"@id\":\"https:\/\/explora.cl\/lagos\/postulaciones-abiertas-programa-de-indagacion-para-primeras-edades-pipe-2020\/#article\",\"isPartOf\":{\"@id\":\"https:\/\/explora.cl\/lagos\/postulaciones-abiertas-programa-de-indagacion-para-primeras-edades-pipe-2020\/\"},\"author\":{\"name\":\"jvargas\",\"@id\":\"https:\/\/explora.cl\/lagos\/#\/schema\/person\/6608d3ee9ea0b0daeaf12289528fc582\"},\"headline\":\"Se ampli\u00f3 plazo para postular al Programa de Indagaci\u00f3n para Primeras Edades (PIPE) 2020\",\"datePublished\":\"2020-06-25T15:11:12+00:00\",\"dateModified\":\"2020-08-05T02:08:20+00:00\",\"mainEntityOfPage\":{\"@id\":\"https:\/\/explora.cl\/lagos\/postulaciones-abiertas-programa-de-indagacion-para-primeras-edades-pipe-2020\/\"},\"wordCount\":518,\"commentCount\":0,\"image\":{\"@id\":\"https:\/\/explora.cl\/lagos\/postulaciones-abiertas-programa-de-indagacion-para-primeras-edades-pipe-2020\/#primaryimage\"},\"thumbnailUrl\":\"https:\/\/explora.cl\/lagos\/wp-content\/uploads\/sites\/17\/2020\/06\/PLAZO-AMPLIADO-PIPE-PAR-LOS-LAGOS.png\",\"keywords\":[\"ciencia\",\"Comunidad Escolar\",\"Educadores y educadoras\",\"Los Lagos\",\"PAR EXPLORA LOS LAGOS\",\"PIPE 2020\",\"UACh Sede Puerto Montt\"],\"articleSection\":[\"Banner\"],\"inLanguage\":\"es\",\"potentialAction\":[{\"@type\":\"CommentAction\",\"name\":\"Comment\",\"target\":[\"https:\/\/explora.cl\/lagos\/postulaciones-abiertas-programa-de-indagacion-para-primeras-edades-pipe-2020\/#respond\"]}]},{\"@type\":\"WebPage\",\"@id\":\"https:\/\/explora.cl\/lagos\/postulaciones-abiertas-programa-de-indagacion-para-primeras-edades-pipe-2020\/\",\"url\":\"https:\/\/explora.cl\/lagos\/postulaciones-abiertas-programa-de-indagacion-para-primeras-edades-pipe-2020\/\",\"name\":\"Se ampli\u00f3 plazo para postular al Programa de Indagaci\u00f3n para Primeras Edades (PIPE) 2020 - Los Lagos\",\"isPartOf\":{\"@id\":\"https:\/\/explora.cl\/lagos\/#website\"},\"primaryImageOfPage\":{\"@id\":\"https:\/\/explora.cl\/lagos\/postulaciones-abiertas-programa-de-indagacion-para-primeras-edades-pipe-2020\/#primaryimage\"},\"image\":{\"@id\":\"https:\/\/explora.cl\/lagos\/postulaciones-abiertas-programa-de-indagacion-para-primeras-edades-pipe-2020\/#primaryimage\"},\"thumbnailUrl\":\"https:\/\/explora.cl\/lagos\/wp-content\/uploads\/sites\/17\/2020\/06\/PLAZO-AMPLIADO-PIPE-PAR-LOS-LAGOS.png\",\"datePublished\":\"2020-06-25T15:11:12+00:00\",\"dateModified\":\"2020-08-05T02:08:20+00:00\",\"author\":{\"@id\":\"https:\/\/explora.cl\/lagos\/#\/schema\/person\/6608d3ee9ea0b0daeaf12289528fc582\"},\"breadcrumb\":{\"@id\":\"https:\/\/explora.cl\/lagos\/postulaciones-abiertas-programa-de-indagacion-para-primeras-edades-pipe-2020\/#breadcrumb\"},\"inLanguage\":\"es\",\"potentialAction\":[{\"@type\":\"ReadAction\",\"target\":[\"https:\/\/explora.cl\/lagos\/postulaciones-abiertas-programa-de-indagacion-para-primeras-edades-pipe-2020\/\"]}]},{\"@type\":\"ImageObject\",\"inLanguage\":\"es\",\"@id\":\"https:\/\/explora.cl\/lagos\/postulaciones-abiertas-programa-de-indagacion-para-primeras-edades-pipe-2020\/#primaryimage\",\"url\":\"https:\/\/explora.cl\/lagos\/wp-content\/uploads\/sites\/17\/2020\/06\/PLAZO-AMPLIADO-PIPE-PAR-LOS-LAGOS.png\",\"contentUrl\":\"https:\/\/explora.cl\/lagos\/wp-content\/uploads\/sites\/17\/2020\/06\/PLAZO-AMPLIADO-PIPE-PAR-LOS-LAGOS.png\",\"width\":977,\"height\":556},{\"@type\":\"BreadcrumbList\",\"@id\":\"https:\/\/explora.cl\/lagos\/postulaciones-abiertas-programa-de-indagacion-para-primeras-edades-pipe-2020\/#breadcrumb\",\"itemListElement\":[{\"@type\":\"ListItem\",\"position\":1,\"name\":\"Portada\",\"item\":\"https:\/\/explora.cl\/lagos\/\"},{\"@type\":\"ListItem\",\"position\":2,\"name\":\"Se ampli\u00f3 plazo para postular al Programa de Indagaci\u00f3n para Primeras Edades (PIPE) 2020\"}]},{\"@type\":\"WebSite\",\"@id\":\"https:\/\/explora.cl\/lagos\/#website\",\"url\":\"https:\/\/explora.cl\/lagos\/\",\"name\":\"Los Lagos\",\"description\":\"Otro sitio m\u00e1s de explora.cl\",\"potentialAction\":[{\"@type\":\"SearchAction\",\"target\":{\"@type\":\"EntryPoint\",\"urlTemplate\":\"https:\/\/explora.cl\/lagos\/?s={search_term_string}\"},\"query-input\":{\"@type\":\"PropertyValueSpecification\",\"valueRequired\":true,\"valueName\":\"search_term_string\"}}],\"inLanguage\":\"es\"},{\"@type\":\"Person\",\"@id\":\"https:\/\/explora.cl\/lagos\/#\/schema\/person\/6608d3ee9ea0b0daeaf12289528fc582\",\"name\":\"jvargas\",\"image\":{\"@type\":\"ImageObject\",\"inLanguage\":\"es\",\"@id\":\"https:\/\/explora.cl\/lagos\/#\/schema\/person\/image\/\",\"url\":\"https:\/\/secure.gravatar.com\/avatar\/8a6892fbfb002ef173a244b534b4bbcea4c183fc3fbf7732e64ac89b1d22d482?s=96&d=mm&r=g\",\"contentUrl\":\"https:\/\/secure.gravatar.com\/avatar\/8a6892fbfb002ef173a244b534b4bbcea4c183fc3fbf7732e64ac89b1d22d482?s=96&d=mm&r=g\",\"caption\":\"jvargas\"},\"url\":\"https:\/\/explora.cl\/lagos\/author\/jvargas\/\"}]}<\/script>\n<!-- \/ Yoast SEO plugin. -->","yoast_head_json":{"title":"Se ampli\u00f3 plazo para postular al Programa de Indagaci\u00f3n para Primeras Edades (PIPE) 2020 - Los Lagos","robots":{"index":"index","follow":"follow","max-snippet":"max-snippet:-1","max-image-preview":"max-image-preview:large","max-video-preview":"max-video-preview:-1"},"canonical":"https:\/\/explora.cl\/lagos\/postulaciones-abiertas-programa-de-indagacion-para-primeras-edades-pipe-2020\/","og_locale":"es_ES","og_type":"article","og_title":"Se ampli\u00f3 plazo para postular al Programa de Indagaci\u00f3n para Primeras Edades (PIPE) 2020 - Los Lagos","og_description":"Ingresa en el banner y postula hasta el 13 de julio de 2020","og_url":"https:\/\/explora.cl\/lagos\/postulaciones-abiertas-programa-de-indagacion-para-primeras-edades-pipe-2020\/","og_site_name":"Los Lagos","article_published_time":"2020-06-25T15:11:12+00:00","article_modified_time":"2020-08-05T02:08:20+00:00","og_image":[{"width":977,"height":556,"url":"https:\/\/explora.cl\/lagos\/wp-content\/uploads\/sites\/17\/2020\/06\/PLAZO-AMPLIADO-PIPE-PAR-LOS-LAGOS.png","type":"image\/png"}],"author":"jvargas","twitter_card":"summary_large_image","twitter_misc":{"Escrito por":"jvargas","Tiempo de lectura":"3 minutos"},"schema":{"@context":"https:\/\/schema.org","@graph":[{"@type":"Article","@id":"https:\/\/explora.cl\/lagos\/postulaciones-abiertas-programa-de-indagacion-para-primeras-edades-pipe-2020\/#article","isPartOf":{"@id":"https:\/\/explora.cl\/lagos\/postulaciones-abiertas-programa-de-indagacion-para-primeras-edades-pipe-2020\/"},"author":{"name":"jvargas","@id":"https:\/\/explora.cl\/lagos\/#\/schema\/person\/6608d3ee9ea0b0daeaf12289528fc582"},"headline":"Se ampli\u00f3 plazo para postular al Programa de Indagaci\u00f3n para Primeras Edades (PIPE) 2020","datePublished":"2020-06-25T15:11:12+00:00","dateModified":"2020-08-05T02:08:20+00:00","mainEntityOfPage":{"@id":"https:\/\/explora.cl\/lagos\/postulaciones-abiertas-programa-de-indagacion-para-primeras-edades-pipe-2020\/"},"wordCount":518,"commentCount":0,"image":{"@id":"https:\/\/explora.cl\/lagos\/postulaciones-abiertas-programa-de-indagacion-para-primeras-edades-pipe-2020\/#primaryimage"},"thumbnailUrl":"https:\/\/explora.cl\/lagos\/wp-content\/uploads\/sites\/17\/2020\/06\/PLAZO-AMPLIADO-PIPE-PAR-LOS-LAGOS.png","keywords":["ciencia","Comunidad Escolar","Educadores y educadoras","Los Lagos","PAR EXPLORA LOS LAGOS","PIPE 2020","UACh Sede Puerto Montt"],"articleSection":["Banner"],"inLanguage":"es","potentialAction":[{"@type":"CommentAction","name":"Comment","target":["https:\/\/explora.cl\/lagos\/postulaciones-abiertas-programa-de-indagacion-para-primeras-edades-pipe-2020\/#respond"]}]},{"@type":"WebPage","@id":"https:\/\/explora.cl\/lagos\/postulaciones-abiertas-programa-de-indagacion-para-primeras-edades-pipe-2020\/","url":"https:\/\/explora.cl\/lagos\/postulaciones-abiertas-programa-de-indagacion-para-primeras-edades-pipe-2020\/","name":"Se ampli\u00f3 plazo para postular al Programa de Indagaci\u00f3n para Primeras Edades (PIPE) 2020 - Los Lagos","isPartOf":{"@id":"https:\/\/explora.cl\/lagos\/#website"},"primaryImageOfPage":{"@id":"https:\/\/explora.cl\/lagos\/postulaciones-abiertas-programa-de-indagacion-para-primeras-edades-pipe-2020\/#primaryimage"},"image":{"@id":"https:\/\/explora.cl\/lagos\/postulaciones-abiertas-programa-de-indagacion-para-primeras-edades-pipe-2020\/#primaryimage"},"thumbnailUrl":"https:\/\/explora.cl\/lagos\/wp-content\/uploads\/sites\/17\/2020\/06\/PLAZO-AMPLIADO-PIPE-PAR-LOS-LAGOS.png","datePublished":"2020-06-25T15:11:12+00:00","dateModified":"2020-08-05T02:08:20+00:00","author":{"@id":"https:\/\/explora.cl\/lagos\/#\/schema\/person\/6608d3ee9ea0b0daeaf12289528fc582"},"breadcrumb":{"@id":"https:\/\/explora.cl\/lagos\/postulaciones-abiertas-programa-de-indagacion-para-primeras-edades-pipe-2020\/#breadcrumb"},"inLanguage":"es","potentialAction":[{"@type":"ReadAction","target":["https:\/\/explora.cl\/lagos\/postulaciones-abiertas-programa-de-indagacion-para-primeras-edades-pipe-2020\/"]}]},{"@type":"ImageObject","inLanguage":"es","@id":"https:\/\/explora.cl\/lagos\/postulaciones-abiertas-programa-de-indagacion-para-primeras-edades-pipe-2020\/#primaryimage","url":"https:\/\/explora.cl\/lagos\/wp-content\/uploads\/sites\/17\/2020\/06\/PLAZO-AMPLIADO-PIPE-PAR-LOS-LAGOS.png","contentUrl":"https:\/\/explora.cl\/lagos\/wp-content\/uploads\/sites\/17\/2020\/06\/PLAZO-AMPLIADO-PIPE-PAR-LOS-LAGOS.png","width":977,"height":556},{"@type":"BreadcrumbList","@id":"https:\/\/explora.cl\/lagos\/postulaciones-abiertas-programa-de-indagacion-para-primeras-edades-pipe-2020\/#breadcrumb","itemListElement":[{"@type":"ListItem","position":1,"name":"Portada","item":"https:\/\/explora.cl\/lagos\/"},{"@type":"ListItem","position":2,"name":"Se ampli\u00f3 plazo para postular al Programa de Indagaci\u00f3n para Primeras Edades (PIPE) 2020"}]},{"@type":"WebSite","@id":"https:\/\/explora.cl\/lagos\/#website","url":"https:\/\/explora.cl\/lagos\/","name":"Los Lagos","description":"Otro sitio m\u00e1s de explora.cl","potentialAction":[{"@type":"SearchAction","target":{"@type":"EntryPoint","urlTemplate":"https:\/\/explora.cl\/lagos\/?s={search_term_string}"},"query-input":{"@type":"PropertyValueSpecification","valueRequired":true,"valueName":"search_term_string"}}],"inLanguage":"es"},{"@type":"Person","@id":"https:\/\/explora.cl\/lagos\/#\/schema\/person\/6608d3ee9ea0b0daeaf12289528fc582","name":"jvargas","image":{"@type":"ImageObject","inLanguage":"es","@id":"https:\/\/explora.cl\/lagos\/#\/schema\/person\/image\/","url":"https:\/\/secure.gravatar.com\/avatar\/8a6892fbfb002ef173a244b534b4bbcea4c183fc3fbf7732e64ac89b1d22d482?s=96&d=mm&r=g","contentUrl":"https:\/\/secure.gravatar.com\/avatar\/8a6892fbfb002ef173a244b534b4bbcea4c183fc3fbf7732e64ac89b1d22d482?s=96&d=mm&r=g","caption":"jvargas"},"url":"https:\/\/explora.cl\/lagos\/author\/jvargas\/"}]}},"_links":{"self":[{"href":"https:\/\/explora.cl\/lagos\/wp-json\/wp\/v2\/posts\/39292","targetHints":{"allow":["GET"]}}],"collection":[{"href":"https:\/\/explora.cl\/lagos\/wp-json\/wp\/v2\/posts"}],"about":[{"href":"https:\/\/explora.cl\/lagos\/wp-json\/wp\/v2\/types\/post"}],"author":[{"embeddable":true,"href":"https:\/\/explora.cl\/lagos\/wp-json\/wp\/v2\/users\/36"}],"replies":[{"embeddable":true,"href":"https:\/\/explora.cl\/lagos\/wp-json\/wp\/v2\/comments?post=39292"}],"version-history":[{"count":9,"href":"https:\/\/explora.cl\/lagos\/wp-json\/wp\/v2\/posts\/39292\/revisions"}],"predecessor-version":[{"id":39397,"href":"https:\/\/explora.cl\/lagos\/wp-json\/wp\/v2\/posts\/39292\/revisions\/39397"}],"wp:featuredmedia":[{"embeddable":true,"href":"https:\/\/explora.cl\/lagos\/wp-json\/wp\/v2\/media\/39396"}],"wp:attachment":[{"href":"https:\/\/explora.cl\/lagos\/wp-json\/wp\/v2\/media?parent=39292"}],"wp:term":[{"taxonomy":"category","embeddable":true,"href":"https:\/\/explora.cl\/lagos\/wp-json\/wp\/v2\/categories?post=39292"},{"taxonomy":"post_tag","embeddable":true,"href":"https:\/\/explora.cl\/lagos\/wp-json\/wp\/v2\/tags?post=39292"}],"curies":[{"name":"wp","href":"https:\/\/api.w.org\/{rel}","templated":true}]}}