{"id":39259,"date":"2020-06-10T14:41:54","date_gmt":"2020-06-10T18:41:54","guid":{"rendered":"https:\/\/explora.cl\/lagos\/?p=39259"},"modified":"2020-06-24T21:07:44","modified_gmt":"2020-06-25T01:07:44","slug":"39259-2","status":"publish","type":"post","link":"https:\/\/explora.cl\/lagos\/39259-2\/","title":{"rendered":"Prueba tus conocimientos respondiendo el Cuestionario sobre Biodiversidad en la Regi\u00f3n de Los Lagos"},"content":{"rendered":"<p>El Proyecto Asociativo Regional, <strong>PAR Explora Los Lagos<\/strong> del Ministerio de Ciencia, Tecnolog\u00eda, Conocimiento e Innovaci\u00f3n, ejecutado por la <strong>Universidad Austral de Chile<\/strong> <strong>Sede Puerto Montt<\/strong>, con motivo de conmemorar el Mes del Medio Ambiente invita a ni\u00f1as, ni\u00f1os, j\u00f3venes y familias de Chile, a contestar un cuestionario sobre la Biodiversidad de la Regi\u00f3n de Los Lagos desafiando al p\u00fablico a identificar cuanto saben de nuestro entorno.<\/p>\n<p style=\"text-align: center\"><strong>\u00a1Prueba tus conocimientos!<\/strong><\/p>\n<p style=\"text-align: center\"><strong>\u00a0<\/strong><strong>Celebra la Biodiversidad en el Mes del Medio Ambiente 2020<\/strong><\/p>\n<p style=\"text-align: center\"><strong>\u00a0<\/strong><strong>\u00bfCu\u00e1nto conoces a cerca de la biodiversidad de la Regi\u00f3n de Los Lagos?<\/strong><\/p>\n<h1 style=\"text-align: center\"><a href=\"https:\/\/docs.google.com\/forms\/d\/e\/1FAIpQLSeYvRVMtTWJObLTXukXP-jgRXAgWK0mEbqYOz1WnSpe9DBYuA\/viewform\">\u00a1AVER\u00cdGUALO AQU\u00cd<\/a><\/h1>\n<p style=\"text-align: center\">\n","protected":false},"excerpt":{"rendered":"<p>\u00a0Celebra la Biodiversidad en el Mes del Medio Ambiente 2020. <\/p>\n","protected":false},"author":36,"featured_media":39260,"comment_status":"open","ping_status":"open","sticky":false,"template":"","format":"standard","meta":{"_acf_changed":false,"_exactmetrics_skip_tracking":false,"_exactmetrics_sitenote_active":false,"_exactmetrics_sitenote_note":"","_exactmetrics_sitenote_category":0,"footnotes":"","_links_to":"","_links_to_target":""},"categories":[151,1],"tags":[295,81,266,321,323,247,322],"class_list":["post-39259","post","type-post","status-publish","format-standard","has-post-thumbnail","hentry","category-banner","category-sin-categoria","tag-uachpuertomontt","tag-biodiversidad","tag-loslagos","tag-medio-ambiente","tag-mes-del-medio-ambiente","tag-par-explora-los-lagos","tag-vinculacion-uach"],"acf":[],"yoast_head":"<!-- This site is optimized with the Yoast SEO plugin v26.9 - https:\/\/yoast.com\/product\/yoast-seo-wordpress\/ -->\n<title>Prueba tus conocimientos respondiendo el Cuestionario sobre Biodiversidad en la Regi\u00f3n de Los Lagos - Los Lagos<\/title>\n<meta name=\"robots\" content=\"index, follow, max-snippet:-1, max-image-preview:large, max-video-preview:-1\" \/>\n<link rel=\"canonical\" href=\"https:\/\/explora.cl\/lagos\/39259-2\/\" class=\"yoast-seo-meta-tag\" \/>\n<meta property=\"og:locale\" content=\"es_ES\" class=\"yoast-seo-meta-tag\" \/>\n<meta property=\"og:type\" content=\"article\" class=\"yoast-seo-meta-tag\" \/>\n<meta property=\"og:title\" content=\"Prueba tus conocimientos respondiendo el Cuestionario sobre Biodiversidad en la Regi\u00f3n de Los Lagos - Los Lagos\" class=\"yoast-seo-meta-tag\" \/>\n<meta property=\"og:description\" content=\"\u00a0Celebra la Biodiversidad en el Mes del Medio Ambiente 2020.\" class=\"yoast-seo-meta-tag\" \/>\n<meta property=\"og:url\" content=\"https:\/\/explora.cl\/lagos\/39259-2\/\" class=\"yoast-seo-meta-tag\" \/>\n<meta property=\"og:site_name\" content=\"Los Lagos\" class=\"yoast-seo-meta-tag\" \/>\n<meta property=\"article:published_time\" content=\"2020-06-10T18:41:54+00:00\" class=\"yoast-seo-meta-tag\" \/>\n<meta property=\"article:modified_time\" content=\"2020-06-25T01:07:44+00:00\" class=\"yoast-seo-meta-tag\" \/>\n<meta property=\"og:image\" content=\"https:\/\/explora.cl\/lagos\/wp-content\/uploads\/sites\/17\/2020\/06\/pagina_explora-6.png\" class=\"yoast-seo-meta-tag\" \/>\n\t<meta property=\"og:image:width\" content=\"736\" class=\"yoast-seo-meta-tag\" \/>\n\t<meta property=\"og:image:height\" content=\"420\" class=\"yoast-seo-meta-tag\" \/>\n\t<meta property=\"og:image:type\" content=\"image\/png\" class=\"yoast-seo-meta-tag\" \/>\n<meta name=\"author\" content=\"jvargas\" class=\"yoast-seo-meta-tag\" \/>\n<meta name=\"twitter:card\" content=\"summary_large_image\" class=\"yoast-seo-meta-tag\" \/>\n<meta name=\"twitter:label1\" content=\"Escrito por\" class=\"yoast-seo-meta-tag\" \/>\n\t<meta name=\"twitter:data1\" content=\"jvargas\" class=\"yoast-seo-meta-tag\" \/>\n\t<meta name=\"twitter:label2\" content=\"Tiempo de lectura\" class=\"yoast-seo-meta-tag\" \/>\n\t<meta name=\"twitter:data2\" content=\"1 minuto\" class=\"yoast-seo-meta-tag\" \/>\n<script type=\"application\/ld+json\" class=\"yoast-schema-graph\">{\"@context\":\"https:\/\/schema.org\",\"@graph\":[{\"@type\":\"Article\",\"@id\":\"https:\/\/explora.cl\/lagos\/39259-2\/#article\",\"isPartOf\":{\"@id\":\"https:\/\/explora.cl\/lagos\/39259-2\/\"},\"author\":{\"name\":\"jvargas\",\"@id\":\"https:\/\/explora.cl\/lagos\/#\/schema\/person\/6608d3ee9ea0b0daeaf12289528fc582\"},\"headline\":\"Prueba tus conocimientos respondiendo el Cuestionario sobre Biodiversidad en la Regi\u00f3n de Los Lagos\",\"datePublished\":\"2020-06-10T18:41:54+00:00\",\"dateModified\":\"2020-06-25T01:07:44+00:00\",\"mainEntityOfPage\":{\"@id\":\"https:\/\/explora.cl\/lagos\/39259-2\/\"},\"wordCount\":119,\"commentCount\":0,\"image\":{\"@id\":\"https:\/\/explora.cl\/lagos\/39259-2\/#primaryimage\"},\"thumbnailUrl\":\"https:\/\/explora.cl\/lagos\/wp-content\/uploads\/sites\/17\/2020\/06\/pagina_explora-6.png\",\"keywords\":[\"#UAChPuertoMontt\",\"biodiversidad\",\"LosLagos\",\"medio ambiente\",\"Mes del Medio Ambiente\",\"PAR EXPLORA LOS LAGOS\",\"Vinculaci\u00f3n UACh\"],\"articleSection\":[\"Banner\"],\"inLanguage\":\"es\",\"potentialAction\":[{\"@type\":\"CommentAction\",\"name\":\"Comment\",\"target\":[\"https:\/\/explora.cl\/lagos\/39259-2\/#respond\"]}]},{\"@type\":\"WebPage\",\"@id\":\"https:\/\/explora.cl\/lagos\/39259-2\/\",\"url\":\"https:\/\/explora.cl\/lagos\/39259-2\/\",\"name\":\"Prueba tus conocimientos respondiendo el Cuestionario sobre Biodiversidad en la Regi\u00f3n de Los Lagos - Los Lagos\",\"isPartOf\":{\"@id\":\"https:\/\/explora.cl\/lagos\/#website\"},\"primaryImageOfPage\":{\"@id\":\"https:\/\/explora.cl\/lagos\/39259-2\/#primaryimage\"},\"image\":{\"@id\":\"https:\/\/explora.cl\/lagos\/39259-2\/#primaryimage\"},\"thumbnailUrl\":\"https:\/\/explora.cl\/lagos\/wp-content\/uploads\/sites\/17\/2020\/06\/pagina_explora-6.png\",\"datePublished\":\"2020-06-10T18:41:54+00:00\",\"dateModified\":\"2020-06-25T01:07:44+00:00\",\"author\":{\"@id\":\"https:\/\/explora.cl\/lagos\/#\/schema\/person\/6608d3ee9ea0b0daeaf12289528fc582\"},\"breadcrumb\":{\"@id\":\"https:\/\/explora.cl\/lagos\/39259-2\/#breadcrumb\"},\"inLanguage\":\"es\",\"potentialAction\":[{\"@type\":\"ReadAction\",\"target\":[\"https:\/\/explora.cl\/lagos\/39259-2\/\"]}]},{\"@type\":\"ImageObject\",\"inLanguage\":\"es\",\"@id\":\"https:\/\/explora.cl\/lagos\/39259-2\/#primaryimage\",\"url\":\"https:\/\/explora.cl\/lagos\/wp-content\/uploads\/sites\/17\/2020\/06\/pagina_explora-6.png\",\"contentUrl\":\"https:\/\/explora.cl\/lagos\/wp-content\/uploads\/sites\/17\/2020\/06\/pagina_explora-6.png\",\"width\":736,\"height\":420},{\"@type\":\"BreadcrumbList\",\"@id\":\"https:\/\/explora.cl\/lagos\/39259-2\/#breadcrumb\",\"itemListElement\":[{\"@type\":\"ListItem\",\"position\":1,\"name\":\"Portada\",\"item\":\"https:\/\/explora.cl\/lagos\/\"},{\"@type\":\"ListItem\",\"position\":2,\"name\":\"Prueba tus conocimientos respondiendo el Cuestionario sobre Biodiversidad en la Regi\u00f3n de Los Lagos\"}]},{\"@type\":\"WebSite\",\"@id\":\"https:\/\/explora.cl\/lagos\/#website\",\"url\":\"https:\/\/explora.cl\/lagos\/\",\"name\":\"Los Lagos\",\"description\":\"Otro sitio m\u00e1s de explora.cl\",\"potentialAction\":[{\"@type\":\"SearchAction\",\"target\":{\"@type\":\"EntryPoint\",\"urlTemplate\":\"https:\/\/explora.cl\/lagos\/?s={search_term_string}\"},\"query-input\":{\"@type\":\"PropertyValueSpecification\",\"valueRequired\":true,\"valueName\":\"search_term_string\"}}],\"inLanguage\":\"es\"},{\"@type\":\"Person\",\"@id\":\"https:\/\/explora.cl\/lagos\/#\/schema\/person\/6608d3ee9ea0b0daeaf12289528fc582\",\"name\":\"jvargas\",\"image\":{\"@type\":\"ImageObject\",\"inLanguage\":\"es\",\"@id\":\"https:\/\/explora.cl\/lagos\/#\/schema\/person\/image\/\",\"url\":\"https:\/\/secure.gravatar.com\/avatar\/8a6892fbfb002ef173a244b534b4bbcea4c183fc3fbf7732e64ac89b1d22d482?s=96&d=mm&r=g\",\"contentUrl\":\"https:\/\/secure.gravatar.com\/avatar\/8a6892fbfb002ef173a244b534b4bbcea4c183fc3fbf7732e64ac89b1d22d482?s=96&d=mm&r=g\",\"caption\":\"jvargas\"},\"url\":\"https:\/\/explora.cl\/lagos\/author\/jvargas\/\"}]}<\/script>\n<!-- \/ Yoast SEO plugin. -->","yoast_head_json":{"title":"Prueba tus conocimientos respondiendo el Cuestionario sobre Biodiversidad en la Regi\u00f3n de Los Lagos - Los Lagos","robots":{"index":"index","follow":"follow","max-snippet":"max-snippet:-1","max-image-preview":"max-image-preview:large","max-video-preview":"max-video-preview:-1"},"canonical":"https:\/\/explora.cl\/lagos\/39259-2\/","og_locale":"es_ES","og_type":"article","og_title":"Prueba tus conocimientos respondiendo el Cuestionario sobre Biodiversidad en la Regi\u00f3n de Los Lagos - Los Lagos","og_description":"\u00a0Celebra la Biodiversidad en el Mes del Medio Ambiente 2020.","og_url":"https:\/\/explora.cl\/lagos\/39259-2\/","og_site_name":"Los Lagos","article_published_time":"2020-06-10T18:41:54+00:00","article_modified_time":"2020-06-25T01:07:44+00:00","og_image":[{"width":736,"height":420,"url":"https:\/\/explora.cl\/lagos\/wp-content\/uploads\/sites\/17\/2020\/06\/pagina_explora-6.png","type":"image\/png"}],"author":"jvargas","twitter_card":"summary_large_image","twitter_misc":{"Escrito por":"jvargas","Tiempo de lectura":"1 minuto"},"schema":{"@context":"https:\/\/schema.org","@graph":[{"@type":"Article","@id":"https:\/\/explora.cl\/lagos\/39259-2\/#article","isPartOf":{"@id":"https:\/\/explora.cl\/lagos\/39259-2\/"},"author":{"name":"jvargas","@id":"https:\/\/explora.cl\/lagos\/#\/schema\/person\/6608d3ee9ea0b0daeaf12289528fc582"},"headline":"Prueba tus conocimientos respondiendo el Cuestionario sobre Biodiversidad en la Regi\u00f3n de Los Lagos","datePublished":"2020-06-10T18:41:54+00:00","dateModified":"2020-06-25T01:07:44+00:00","mainEntityOfPage":{"@id":"https:\/\/explora.cl\/lagos\/39259-2\/"},"wordCount":119,"commentCount":0,"image":{"@id":"https:\/\/explora.cl\/lagos\/39259-2\/#primaryimage"},"thumbnailUrl":"https:\/\/explora.cl\/lagos\/wp-content\/uploads\/sites\/17\/2020\/06\/pagina_explora-6.png","keywords":["#UAChPuertoMontt","biodiversidad","LosLagos","medio ambiente","Mes del Medio Ambiente","PAR EXPLORA LOS LAGOS","Vinculaci\u00f3n UACh"],"articleSection":["Banner"],"inLanguage":"es","potentialAction":[{"@type":"CommentAction","name":"Comment","target":["https:\/\/explora.cl\/lagos\/39259-2\/#respond"]}]},{"@type":"WebPage","@id":"https:\/\/explora.cl\/lagos\/39259-2\/","url":"https:\/\/explora.cl\/lagos\/39259-2\/","name":"Prueba tus conocimientos respondiendo el Cuestionario sobre Biodiversidad en la Regi\u00f3n de Los Lagos - Los Lagos","isPartOf":{"@id":"https:\/\/explora.cl\/lagos\/#website"},"primaryImageOfPage":{"@id":"https:\/\/explora.cl\/lagos\/39259-2\/#primaryimage"},"image":{"@id":"https:\/\/explora.cl\/lagos\/39259-2\/#primaryimage"},"thumbnailUrl":"https:\/\/explora.cl\/lagos\/wp-content\/uploads\/sites\/17\/2020\/06\/pagina_explora-6.png","datePublished":"2020-06-10T18:41:54+00:00","dateModified":"2020-06-25T01:07:44+00:00","author":{"@id":"https:\/\/explora.cl\/lagos\/#\/schema\/person\/6608d3ee9ea0b0daeaf12289528fc582"},"breadcrumb":{"@id":"https:\/\/explora.cl\/lagos\/39259-2\/#breadcrumb"},"inLanguage":"es","potentialAction":[{"@type":"ReadAction","target":["https:\/\/explora.cl\/lagos\/39259-2\/"]}]},{"@type":"ImageObject","inLanguage":"es","@id":"https:\/\/explora.cl\/lagos\/39259-2\/#primaryimage","url":"https:\/\/explora.cl\/lagos\/wp-content\/uploads\/sites\/17\/2020\/06\/pagina_explora-6.png","contentUrl":"https:\/\/explora.cl\/lagos\/wp-content\/uploads\/sites\/17\/2020\/06\/pagina_explora-6.png","width":736,"height":420},{"@type":"BreadcrumbList","@id":"https:\/\/explora.cl\/lagos\/39259-2\/#breadcrumb","itemListElement":[{"@type":"ListItem","position":1,"name":"Portada","item":"https:\/\/explora.cl\/lagos\/"},{"@type":"ListItem","position":2,"name":"Prueba tus conocimientos respondiendo el Cuestionario sobre Biodiversidad en la Regi\u00f3n de Los Lagos"}]},{"@type":"WebSite","@id":"https:\/\/explora.cl\/lagos\/#website","url":"https:\/\/explora.cl\/lagos\/","name":"Los Lagos","description":"Otro sitio m\u00e1s de explora.cl","potentialAction":[{"@type":"SearchAction","target":{"@type":"EntryPoint","urlTemplate":"https:\/\/explora.cl\/lagos\/?s={search_term_string}"},"query-input":{"@type":"PropertyValueSpecification","valueRequired":true,"valueName":"search_term_string"}}],"inLanguage":"es"},{"@type":"Person","@id":"https:\/\/explora.cl\/lagos\/#\/schema\/person\/6608d3ee9ea0b0daeaf12289528fc582","name":"jvargas","image":{"@type":"ImageObject","inLanguage":"es","@id":"https:\/\/explora.cl\/lagos\/#\/schema\/person\/image\/","url":"https:\/\/secure.gravatar.com\/avatar\/8a6892fbfb002ef173a244b534b4bbcea4c183fc3fbf7732e64ac89b1d22d482?s=96&d=mm&r=g","contentUrl":"https:\/\/secure.gravatar.com\/avatar\/8a6892fbfb002ef173a244b534b4bbcea4c183fc3fbf7732e64ac89b1d22d482?s=96&d=mm&r=g","caption":"jvargas"},"url":"https:\/\/explora.cl\/lagos\/author\/jvargas\/"}]}},"_links":{"self":[{"href":"https:\/\/explora.cl\/lagos\/wp-json\/wp\/v2\/posts\/39259","targetHints":{"allow":["GET"]}}],"collection":[{"href":"https:\/\/explora.cl\/lagos\/wp-json\/wp\/v2\/posts"}],"about":[{"href":"https:\/\/explora.cl\/lagos\/wp-json\/wp\/v2\/types\/post"}],"author":[{"embeddable":true,"href":"https:\/\/explora.cl\/lagos\/wp-json\/wp\/v2\/users\/36"}],"replies":[{"embeddable":true,"href":"https:\/\/explora.cl\/lagos\/wp-json\/wp\/v2\/comments?post=39259"}],"version-history":[{"count":2,"href":"https:\/\/explora.cl\/lagos\/wp-json\/wp\/v2\/posts\/39259\/revisions"}],"predecessor-version":[{"id":39279,"href":"https:\/\/explora.cl\/lagos\/wp-json\/wp\/v2\/posts\/39259\/revisions\/39279"}],"wp:featuredmedia":[{"embeddable":true,"href":"https:\/\/explora.cl\/lagos\/wp-json\/wp\/v2\/media\/39260"}],"wp:attachment":[{"href":"https:\/\/explora.cl\/lagos\/wp-json\/wp\/v2\/media?parent=39259"}],"wp:term":[{"taxonomy":"category","embeddable":true,"href":"https:\/\/explora.cl\/lagos\/wp-json\/wp\/v2\/categories?post=39259"},{"taxonomy":"post_tag","embeddable":true,"href":"https:\/\/explora.cl\/lagos\/wp-json\/wp\/v2\/tags?post=39259"}],"curies":[{"name":"wp","href":"https:\/\/api.w.org\/{rel}","templated":true}]}}