{"id":39249,"date":"2020-06-09T14:46:58","date_gmt":"2020-06-09T18:46:58","guid":{"rendered":"https:\/\/explora.cl\/lagos\/?p=39249"},"modified":"2020-06-12T21:54:10","modified_gmt":"2020-06-13T01:54:10","slug":"inscribe-a-tu-curso-en-charlas-exploremos-mas-alla-del-aula","status":"publish","type":"post","link":"https:\/\/explora.cl\/lagos\/inscribe-a-tu-curso-en-charlas-exploremos-mas-alla-del-aula\/","title":{"rendered":"\u00a1INSCR\u00cdBE TU CURSO EN CHARLAS EXPLOREMOS M\u00c1S ALL\u00c1 DEL AULA!"},"content":{"rendered":"<h1 style=\"text-align: center\"><a href=\"https:\/\/docs.google.com\/forms\/d\/e\/1FAIpQLSfXb72aidPqtauJaK1WsPGMIP3nvzgUxWMU7RXn7850uA1juw\/viewform\"><strong>DOCENTES PUEDEN INSCRIBIR SU CURSO AQU\u00cd\u00a0<\/strong><\/a><\/h1>\n<p>El PAR Explora Los Lagos del Ministerio de Ciencia, Tecnolog\u00eda, Conocimiento e Innovaci\u00f3n ejecutado por la Universidad Austral de Chile Sede Puerto Montt, en conjunto con el Centro de Investigaci\u00f3n Din\u00e1mica de Ecosistemas Marinos de Altas Latitudes (IDEAL) y la colaboraci\u00f3n del Instituto Ant\u00e1rtico Chileno (INACH), tienen el agrado de invitarlos al\u00a0<strong>\u00abCiclo de Charlas: EXPLOREMOS M\u00c1S ALL\u00c1 DEL AULA\u00bb<\/strong><\/p>\n<p>Las charlas est\u00e1n dirigidas a docentes y estudiantes entre 1er a\u00f1o de Educaci\u00f3n B\u00e1sica a 4\u00b0a\u00f1o de Educaci\u00f3n Media y tienen una duraci\u00f3n de 20 minutos.<\/p>\n<p>Cada grupo-curso podr\u00e1 conocer las investigaciones que se desarrollan en el territorio ant\u00e1rtico a cargo de investigadores\/as destacados y adem\u00e1s identificar las etapas del m\u00e9todo cient\u00edfico a trav\u00e9s de tem\u00e1ticas relacionada con la zona de estudio de la Ant\u00e1rtica y Subant\u00e1rtica.<\/p>\n<p><strong>Esta iniciativa se\u00a0desarrolla\u00a0en el marco del\u00a0Tema del A\u00f1o del Explora 2020 que es\u00a0\u201cLa Ant\u00e1rtica\u201d<\/strong>, la cual se enmarca bajo cuatro ejes tem\u00e1ticos que buscan la comprensi\u00f3n del continente en cuanto a sus caracter\u00edsticas geof\u00edsicas.<\/p>\n<p>Estos son el desarrollo de la vida adaptada a sus condiciones extremas, la relaci\u00f3n del ser humano con el continente, la conexi\u00f3n de este territorio tan lejano con el planeta y sus diferentes formas de vida y el \u201cCambio Clim\u00e1tico\u201d, como una tem\u00e1tica que en la actualidad cobra relevancia, tanto para la esfera cient\u00edfica y pol\u00edtica como tambi\u00e9n para la sociedad en general.<\/p>\n<p><strong>El ciclo de charlas \u00abExploremos M\u00e1s All\u00e1 del Aula\u00bb, iniciar\u00e1 el mi\u00e9rcoles 17 de junio a las 11:00 horas con la charla\u00a0\u00a0\u201cLos sedimentos marinos ant\u00e1rticos como testigos del paleoclima\u201d, dictada por la Dra. Lorena Rebolledo, <\/strong>investigadora del Instituto Ant\u00e1rtico Chileno y del Centro IDEAL, que invitar\u00e1 a sumergirnos en el mundo\u00a0de la Paleoceanograf\u00eda (disciplina que estudia las caracter\u00edsticas de los oc\u00e9anos en el pasado), descubriendo\u00a0la tecnolog\u00eda utilizada para recuperar sedimentos marinos en el Oc\u00e9ano Austral (se mostrar\u00e1n algunos videos). Al mismo tiempo, estudiaremos la importancia del uso de testigos sedimentarios como archivos clim\u00e1ticos.<\/p>\n<p><strong>CONSULTAS AL CORREO exploraloslagos@uach.cl\u00a0<\/strong><strong>\u00a0<\/strong><\/p>\n<p>&nbsp;<\/p>\n<p style=\"text-align: center\"><strong>Res\u00famenes Ciclo de Charlas \u201cExploremos M\u00e1s All\u00e1 del Aula\u201d<\/strong><\/p>\n<p><strong>\u00a0<\/strong><\/p>\n<p><strong>Mi\u00e9rcoles 17 de junio <\/strong><\/p>\n<p>Dra. Lorena Rebolledo<strong>,\u00a0<\/strong>investigadora del Instituto Ant\u00e1rtico Chileno y del Centro IDEAL<\/p>\n<p>Charla: <strong>\u201cLos sedimentos marinos ant\u00e1rticos como testigos del paleoclima\u201d: <\/strong>invitar\u00e1 a sumergirnos en el mundo\u00a0de la Paleoceanograf\u00eda (disciplina que estudia las caracter\u00edsticas de los oc\u00e9anos en el pasado), descubriendo\u00a0la tecnolog\u00eda utilizada para recuperar sedimentos marinos en el Oc\u00e9ano Austral (se mostrar\u00e1n algunos videos). Al mismo tiempo, estudiaremos la importancia del uso de testigos sedimentarios como archivos clim\u00e1ticos.<\/p>\n<p>&nbsp;<\/p>\n<p><strong>Mi\u00e9rcoles 1 de julio<\/strong><\/p>\n<p>Dr. Mauricio Palacios, acad\u00e9mico de la Universidad de Magallanes e investigador del Centro IDEAL<\/p>\n<p><strong>Charla: \u201cKelps: los bosques bajo el mar del sur del mundo\u201d:<\/strong> Las macroalgas, y en particular las formadoras de bosque submarinos (Kelps), son especies claves en la conformaci\u00f3n de ecosistemas marinos a nivel global. Dentro de este grupo, la m\u00e1s abundante y exitosa, desde el punto de vista de colonizaci\u00f3n de diversos h\u00e1bitats, es <em>Macrocystis pyrifera<\/em> (Huiro o Sargazo). En la ecorregi\u00f3n subant\u00e1rtica esta especie es un componente importante en la comunidad bent\u00f3nica, y en general, es un \u201cpersonaje\u201d relevante en los paisajes costeros de la Patagonia. En la actualidad <em>Macrocystis<\/em> ha sido catalogada como un \u201c<em>centinela del cambio clim\u00e1tico<\/em>\u201d<\/p>\n<p>&nbsp;<\/p>\n<p><strong>Mi\u00e9rcoles 8 de julio (Cupos agotados)\u00a0<\/strong><\/p>\n<p><strong>\u00a0<\/strong>Dr. Luis Miguel Pardo, acad\u00e9mico de la Universidad Austral de Chile e investigador del Centro IDEAL.<\/p>\n<p><strong>Charla: \u201cInvasiones biol\u00f3gicas en la Ant\u00e1rtica: una historia de pel\u00edcula\u201d<\/strong>: \u00bfExisten riesgos de una invasi\u00f3n biol\u00f3gica en la Ant\u00e1rtica?\u00a0Recientes investigaciones dan cuenta un incremento en el registro de especies no nativas en el continente blanco, lo que podr\u00eda implicar un riesgo de invasi\u00f3n biol\u00f3gica. Esto es algo que cada vez se vuelve m\u00e1s frecuente en la Ant\u00e1rtica, as\u00ed como en otros rincones m\u00e1s pr\u00edstinos del planeta. En esta charla, conversaremos de c\u00f3mo se producen estas invasiones biol\u00f3gicas, cu\u00e1les son las especies que se han registrado y cu\u00e1les son sus potenciales consecuencias en la Ant\u00e1rtica.<\/p>\n<p>&nbsp;<\/p>\n<p><strong>Mi\u00e9rcoles 15 de julio (Cupos agotados)\u00a0 \u00a0 \u00a0 \u00a0 \u00a0 \u00a0 \u00a0 \u00a0 \u00a0 \u00a0 \u00a0 \u00a0 \u00a0 \u00a0 \u00a0 \u00a0 \u00a0 \u00a0 \u00a0 \u00a0 \u00a0 \u00a0 \u00a0 \u00a0 \u00a0 \u00a0 \u00a0 \u00a0 \u00a0 \u00a0 \u00a0 \u00a0 \u00a0 \u00a0 \u00a0 \u00a0 \u00a0 \u00a0 \u00a0 \u00a0 \u00a0 \u00a0 \u00a0 \u00a0 \u00a0 \u00a0 \u00a0 \u00a0 \u00a0 \u00a0 \u00a0 \u00a0 \u00a0 \u00a0 \u00a0 \u00a0 \u00a0 \u00a0 \u00a0 \u00a0 \u00a0 \u00a0\u00a0<\/strong><\/p>\n<p>Sr. Ignacio Garrido, bi\u00f3logo marino, buzo cient\u00edfico e investigador del Centro IDEAL<\/p>\n<p><strong>Charla: \u201cAnt\u00e1rtica bajo cero: un verdadero laboratorio natural para la investigaci\u00f3n\u201d<\/strong>: Bucear en aguas fr\u00edas como las de la Ant\u00e1rtica puede ser muy desafiante y requerir de mucha planificaci\u00f3n y medidas de seguridad. Sin embargo, gracias al buceo cient\u00edfico es posible responder preguntas de investigaci\u00f3n relacionadas, por ejemplo, al monitoreo de la biodiversidad del fondo marino, la identificaci\u00f3n de macro y microorganismos, el entendimiento de los procesos evolutivos de la biota ant\u00e1rtica, adem\u00e1s de presenciar organismos y ecosistemas \u00fanicos en el mundo. El acelerado calentamiento global que venimos presenciando hace ya varias d\u00e9cadas, ha modificado la mayor\u00eda de los ecosistemas acu\u00e1ticos sobre nuestro planeta, y los sistemas marinos de la Ant\u00e1rtica no son la excepci\u00f3n.<\/p>\n<p><strong>Mi\u00e9rcoles 22 de julio<\/strong><\/p>\n<p>Sra. Julia Saravia, genetista e investigadora Centro IDEAL<\/p>\n<p><strong>Charla: \u201cSuperh\u00e9roes bajo cero: los peces ant\u00e1rticos y su lucha por la supervivencia\u201d:<\/strong> hablaremos sobre la supervivencia de los peces en las g\u00e9lidas aguas ant\u00e1rticas, luego de que los glaciares cubrieron poco a poco aquel continente que antes estaba cubierto por bosques, volvi\u00e9ndose m\u00e1s y m\u00e1s fr\u00edo. Con el tiempo, y gracias a ciertas caracter\u00edsticas moldeadas por la evoluci\u00f3n, algunos peces lograron diversificarse y colonizarlo todo. Sin embargo, la actividad humana est\u00e1 poniendo en riesgo su supervivencia<\/p>\n<p>&nbsp;<\/p>\n<p><strong>Mi\u00e9rcoles 29 de julio <\/strong><\/p>\n<p>Sra. Mar\u00eda Jos\u00e9 D\u00edaz, estudiante de doctorado del Instituto\u00a0<a href=\"https:\/\/www.awi.de\/en.html\">Alfred Wegener<\/a>\u00a0para Investigaciones Polares y Marinas (AWI) (Alemania) e investigadora del Centro IDEAL.<\/p>\n<p>Charla: \u201cComunidades marinas: lo bueno y lo malo de una Ant\u00e1rtica derretida\u201d: Con el aumento de la temperatura en la Ant\u00e1rtica, se desencadena el derretimiento de la capa de hielo marino, y las algas cobran ventaja, ya que reciben m\u00e1s luz y pueden establecerse en una mayor superficie. Por otra parte, tambi\u00e9n quedan expuestas a un aumento en la intensidad y frecuencia de tormentas producto del cambio clim\u00e1tico, lo que lleva a su desprendimiento y reubicaci\u00f3n obligatoria \u00bfC\u00f3mo responden los organismos que viven en fondos arenosos y de pronto deben convivir con algas? \u00bfCu\u00e1les son los beneficios y las desventajas que esto provoca?<\/p>\n<p>&nbsp;<\/p>\n<p><strong>Mi\u00e9rcoles 12 de agosto<\/strong><\/p>\n<p>Jos\u00e9 Garc\u00e9s Vargas, ocean\u00f3grafo, acad\u00e9mico de la Universidad Austral de Chile e investigador del Centro IDEAL<\/p>\n<p><strong>Charla: Tsunamis en Chile \u00bfqu\u00e9 tanto hemos aprendido?: <\/strong>Los tsunamis son olas de gran tama\u00f1o que se producen naturalmente y que al llegar a las costas pueden causar mucho da\u00f1o. En esta charla se mostrar\u00e1n sus causas y velocidades en diferentes profundidades, como tambi\u00e9n los instrumentos con los cuales se pueden medir.\u00a0Se har\u00e1 un viaje hacia el pasado mostrando los tsunamis\u00a0m\u00e1s catastr\u00f3ficos en Chile y las lecciones aprendidas.<\/p>\n<p>&nbsp;<\/p>\n<p><img fetchpriority=\"high\" decoding=\"async\" class=\"size-full wp-image-39267 aligncenter\" src=\"https:\/\/explora.cl\/lagos\/wp-content\/uploads\/sites\/17\/2020\/06\/AFICHE-CICLO-DE-CHARLAS-EXPLOREMOS-M\u00c1S-ALL\u00c1-DEL-AULA-COPIA-COPIA.png\" alt=\"\" width=\"756\" height=\"1641\" srcset=\"https:\/\/explora.cl\/lagos\/wp-content\/uploads\/sites\/17\/2020\/06\/AFICHE-CICLO-DE-CHARLAS-EXPLOREMOS-M\u00c1S-ALL\u00c1-DEL-AULA-COPIA-COPIA.png 756w, https:\/\/explora.cl\/lagos\/wp-content\/uploads\/sites\/17\/2020\/06\/AFICHE-CICLO-DE-CHARLAS-EXPLOREMOS-M\u00c1S-ALL\u00c1-DEL-AULA-COPIA-COPIA-138x300.png 138w, https:\/\/explora.cl\/lagos\/wp-content\/uploads\/sites\/17\/2020\/06\/AFICHE-CICLO-DE-CHARLAS-EXPLOREMOS-M\u00c1S-ALL\u00c1-DEL-AULA-COPIA-COPIA-472x1024.png 472w\" sizes=\"(max-width: 756px) 100vw, 756px\" \/><\/p>\n","protected":false},"excerpt":{"rendered":"<p>INSCRIPCIONES AQU\u00cd <\/p>\n","protected":false},"author":36,"featured_media":39250,"comment_status":"open","ping_status":"open","sticky":false,"template":"","format":"standard","meta":{"_acf_changed":false,"_exactmetrics_skip_tracking":false,"_exactmetrics_sitenote_active":false,"_exactmetrics_sitenote_note":"","_exactmetrics_sitenote_category":0,"footnotes":"","_links_to":"","_links_to_target":""},"categories":[151,136],"tags":[303,315,319,169,247,320,292],"class_list":["post-39249","post","type-post","status-publish","format-standard","has-post-thumbnail","hentry","category-banner","category-lugar-1","tag-antartica","tag-centro-ideal","tag-exploremos-mas-alla-del-aula","tag-inach","tag-par-explora-los-lagos","tag-tema-del-ano","tag-uach-puerto-montt"],"acf":[],"yoast_head":"<!-- This site is optimized with the Yoast SEO plugin v26.9 - https:\/\/yoast.com\/product\/yoast-seo-wordpress\/ -->\n<title>\u00a1INSCR\u00cdBE TU CURSO EN CHARLAS EXPLOREMOS M\u00c1S ALL\u00c1 DEL AULA! - Los Lagos<\/title>\n<meta name=\"robots\" content=\"index, follow, max-snippet:-1, max-image-preview:large, max-video-preview:-1\" \/>\n<link rel=\"canonical\" href=\"https:\/\/explora.cl\/lagos\/inscribe-a-tu-curso-en-charlas-exploremos-mas-alla-del-aula\/\" class=\"yoast-seo-meta-tag\" \/>\n<meta property=\"og:locale\" content=\"es_ES\" class=\"yoast-seo-meta-tag\" \/>\n<meta property=\"og:type\" content=\"article\" class=\"yoast-seo-meta-tag\" \/>\n<meta property=\"og:title\" content=\"\u00a1INSCR\u00cdBE TU CURSO EN CHARLAS EXPLOREMOS M\u00c1S ALL\u00c1 DEL AULA! - Los Lagos\" class=\"yoast-seo-meta-tag\" \/>\n<meta property=\"og:description\" content=\"INSCRIPCIONES AQU\u00cd\" class=\"yoast-seo-meta-tag\" \/>\n<meta property=\"og:url\" content=\"https:\/\/explora.cl\/lagos\/inscribe-a-tu-curso-en-charlas-exploremos-mas-alla-del-aula\/\" class=\"yoast-seo-meta-tag\" \/>\n<meta property=\"og:site_name\" content=\"Los Lagos\" class=\"yoast-seo-meta-tag\" \/>\n<meta property=\"article:published_time\" content=\"2020-06-09T18:46:58+00:00\" class=\"yoast-seo-meta-tag\" \/>\n<meta property=\"article:modified_time\" content=\"2020-06-13T01:54:10+00:00\" class=\"yoast-seo-meta-tag\" \/>\n<meta property=\"og:image\" content=\"https:\/\/explora.cl\/lagos\/wp-content\/uploads\/sites\/17\/2020\/06\/pagina_explora-3.png\" class=\"yoast-seo-meta-tag\" \/>\n\t<meta property=\"og:image:width\" content=\"736\" class=\"yoast-seo-meta-tag\" \/>\n\t<meta property=\"og:image:height\" content=\"420\" class=\"yoast-seo-meta-tag\" \/>\n\t<meta property=\"og:image:type\" content=\"image\/png\" class=\"yoast-seo-meta-tag\" \/>\n<meta name=\"author\" content=\"jvargas\" class=\"yoast-seo-meta-tag\" \/>\n<meta name=\"twitter:card\" content=\"summary_large_image\" class=\"yoast-seo-meta-tag\" \/>\n<meta name=\"twitter:label1\" content=\"Escrito por\" class=\"yoast-seo-meta-tag\" \/>\n\t<meta name=\"twitter:data1\" content=\"jvargas\" class=\"yoast-seo-meta-tag\" \/>\n\t<meta name=\"twitter:label2\" content=\"Tiempo de lectura\" class=\"yoast-seo-meta-tag\" \/>\n\t<meta name=\"twitter:data2\" content=\"6 minutos\" class=\"yoast-seo-meta-tag\" \/>\n<script type=\"application\/ld+json\" class=\"yoast-schema-graph\">{\"@context\":\"https:\/\/schema.org\",\"@graph\":[{\"@type\":\"Article\",\"@id\":\"https:\/\/explora.cl\/lagos\/inscribe-a-tu-curso-en-charlas-exploremos-mas-alla-del-aula\/#article\",\"isPartOf\":{\"@id\":\"https:\/\/explora.cl\/lagos\/inscribe-a-tu-curso-en-charlas-exploremos-mas-alla-del-aula\/\"},\"author\":{\"name\":\"jvargas\",\"@id\":\"https:\/\/explora.cl\/lagos\/#\/schema\/person\/6608d3ee9ea0b0daeaf12289528fc582\"},\"headline\":\"\u00a1INSCR\u00cdBE TU CURSO EN CHARLAS EXPLOREMOS M\u00c1S ALL\u00c1 DEL AULA!\",\"datePublished\":\"2020-06-09T18:46:58+00:00\",\"dateModified\":\"2020-06-13T01:54:10+00:00\",\"mainEntityOfPage\":{\"@id\":\"https:\/\/explora.cl\/lagos\/inscribe-a-tu-curso-en-charlas-exploremos-mas-alla-del-aula\/\"},\"wordCount\":1244,\"commentCount\":0,\"image\":{\"@id\":\"https:\/\/explora.cl\/lagos\/inscribe-a-tu-curso-en-charlas-exploremos-mas-alla-del-aula\/#primaryimage\"},\"thumbnailUrl\":\"https:\/\/explora.cl\/lagos\/wp-content\/uploads\/sites\/17\/2020\/06\/pagina_explora-3.png\",\"keywords\":[\"#Ant\u00e1rtica\",\"Centro IDEAL\",\"Exploremos M\u00e1s All\u00e1 del Aula\",\"INACH\",\"PAR EXPLORA LOS LAGOS\",\"Tema del A\u00f1o\",\"UACh Puerto Montt\"],\"articleSection\":[\"Banner\",\"Lugar 1\"],\"inLanguage\":\"es\",\"potentialAction\":[{\"@type\":\"CommentAction\",\"name\":\"Comment\",\"target\":[\"https:\/\/explora.cl\/lagos\/inscribe-a-tu-curso-en-charlas-exploremos-mas-alla-del-aula\/#respond\"]}]},{\"@type\":\"WebPage\",\"@id\":\"https:\/\/explora.cl\/lagos\/inscribe-a-tu-curso-en-charlas-exploremos-mas-alla-del-aula\/\",\"url\":\"https:\/\/explora.cl\/lagos\/inscribe-a-tu-curso-en-charlas-exploremos-mas-alla-del-aula\/\",\"name\":\"\u00a1INSCR\u00cdBE TU CURSO EN CHARLAS EXPLOREMOS M\u00c1S ALL\u00c1 DEL AULA! - Los Lagos\",\"isPartOf\":{\"@id\":\"https:\/\/explora.cl\/lagos\/#website\"},\"primaryImageOfPage\":{\"@id\":\"https:\/\/explora.cl\/lagos\/inscribe-a-tu-curso-en-charlas-exploremos-mas-alla-del-aula\/#primaryimage\"},\"image\":{\"@id\":\"https:\/\/explora.cl\/lagos\/inscribe-a-tu-curso-en-charlas-exploremos-mas-alla-del-aula\/#primaryimage\"},\"thumbnailUrl\":\"https:\/\/explora.cl\/lagos\/wp-content\/uploads\/sites\/17\/2020\/06\/pagina_explora-3.png\",\"datePublished\":\"2020-06-09T18:46:58+00:00\",\"dateModified\":\"2020-06-13T01:54:10+00:00\",\"author\":{\"@id\":\"https:\/\/explora.cl\/lagos\/#\/schema\/person\/6608d3ee9ea0b0daeaf12289528fc582\"},\"breadcrumb\":{\"@id\":\"https:\/\/explora.cl\/lagos\/inscribe-a-tu-curso-en-charlas-exploremos-mas-alla-del-aula\/#breadcrumb\"},\"inLanguage\":\"es\",\"potentialAction\":[{\"@type\":\"ReadAction\",\"target\":[\"https:\/\/explora.cl\/lagos\/inscribe-a-tu-curso-en-charlas-exploremos-mas-alla-del-aula\/\"]}]},{\"@type\":\"ImageObject\",\"inLanguage\":\"es\",\"@id\":\"https:\/\/explora.cl\/lagos\/inscribe-a-tu-curso-en-charlas-exploremos-mas-alla-del-aula\/#primaryimage\",\"url\":\"https:\/\/explora.cl\/lagos\/wp-content\/uploads\/sites\/17\/2020\/06\/pagina_explora-3.png\",\"contentUrl\":\"https:\/\/explora.cl\/lagos\/wp-content\/uploads\/sites\/17\/2020\/06\/pagina_explora-3.png\",\"width\":736,\"height\":420},{\"@type\":\"BreadcrumbList\",\"@id\":\"https:\/\/explora.cl\/lagos\/inscribe-a-tu-curso-en-charlas-exploremos-mas-alla-del-aula\/#breadcrumb\",\"itemListElement\":[{\"@type\":\"ListItem\",\"position\":1,\"name\":\"Portada\",\"item\":\"https:\/\/explora.cl\/lagos\/\"},{\"@type\":\"ListItem\",\"position\":2,\"name\":\"\u00a1INSCR\u00cdBE TU CURSO EN CHARLAS EXPLOREMOS M\u00c1S ALL\u00c1 DEL AULA!\"}]},{\"@type\":\"WebSite\",\"@id\":\"https:\/\/explora.cl\/lagos\/#website\",\"url\":\"https:\/\/explora.cl\/lagos\/\",\"name\":\"Los Lagos\",\"description\":\"Otro sitio m\u00e1s de explora.cl\",\"potentialAction\":[{\"@type\":\"SearchAction\",\"target\":{\"@type\":\"EntryPoint\",\"urlTemplate\":\"https:\/\/explora.cl\/lagos\/?s={search_term_string}\"},\"query-input\":{\"@type\":\"PropertyValueSpecification\",\"valueRequired\":true,\"valueName\":\"search_term_string\"}}],\"inLanguage\":\"es\"},{\"@type\":\"Person\",\"@id\":\"https:\/\/explora.cl\/lagos\/#\/schema\/person\/6608d3ee9ea0b0daeaf12289528fc582\",\"name\":\"jvargas\",\"image\":{\"@type\":\"ImageObject\",\"inLanguage\":\"es\",\"@id\":\"https:\/\/explora.cl\/lagos\/#\/schema\/person\/image\/\",\"url\":\"https:\/\/secure.gravatar.com\/avatar\/8a6892fbfb002ef173a244b534b4bbcea4c183fc3fbf7732e64ac89b1d22d482?s=96&d=mm&r=g\",\"contentUrl\":\"https:\/\/secure.gravatar.com\/avatar\/8a6892fbfb002ef173a244b534b4bbcea4c183fc3fbf7732e64ac89b1d22d482?s=96&d=mm&r=g\",\"caption\":\"jvargas\"},\"url\":\"https:\/\/explora.cl\/lagos\/author\/jvargas\/\"}]}<\/script>\n<!-- \/ Yoast SEO plugin. -->","yoast_head_json":{"title":"\u00a1INSCR\u00cdBE TU CURSO EN CHARLAS EXPLOREMOS M\u00c1S ALL\u00c1 DEL AULA! - Los Lagos","robots":{"index":"index","follow":"follow","max-snippet":"max-snippet:-1","max-image-preview":"max-image-preview:large","max-video-preview":"max-video-preview:-1"},"canonical":"https:\/\/explora.cl\/lagos\/inscribe-a-tu-curso-en-charlas-exploremos-mas-alla-del-aula\/","og_locale":"es_ES","og_type":"article","og_title":"\u00a1INSCR\u00cdBE TU CURSO EN CHARLAS EXPLOREMOS M\u00c1S ALL\u00c1 DEL AULA! - Los Lagos","og_description":"INSCRIPCIONES AQU\u00cd","og_url":"https:\/\/explora.cl\/lagos\/inscribe-a-tu-curso-en-charlas-exploremos-mas-alla-del-aula\/","og_site_name":"Los Lagos","article_published_time":"2020-06-09T18:46:58+00:00","article_modified_time":"2020-06-13T01:54:10+00:00","og_image":[{"width":736,"height":420,"url":"https:\/\/explora.cl\/lagos\/wp-content\/uploads\/sites\/17\/2020\/06\/pagina_explora-3.png","type":"image\/png"}],"author":"jvargas","twitter_card":"summary_large_image","twitter_misc":{"Escrito por":"jvargas","Tiempo de lectura":"6 minutos"},"schema":{"@context":"https:\/\/schema.org","@graph":[{"@type":"Article","@id":"https:\/\/explora.cl\/lagos\/inscribe-a-tu-curso-en-charlas-exploremos-mas-alla-del-aula\/#article","isPartOf":{"@id":"https:\/\/explora.cl\/lagos\/inscribe-a-tu-curso-en-charlas-exploremos-mas-alla-del-aula\/"},"author":{"name":"jvargas","@id":"https:\/\/explora.cl\/lagos\/#\/schema\/person\/6608d3ee9ea0b0daeaf12289528fc582"},"headline":"\u00a1INSCR\u00cdBE TU CURSO EN CHARLAS EXPLOREMOS M\u00c1S ALL\u00c1 DEL AULA!","datePublished":"2020-06-09T18:46:58+00:00","dateModified":"2020-06-13T01:54:10+00:00","mainEntityOfPage":{"@id":"https:\/\/explora.cl\/lagos\/inscribe-a-tu-curso-en-charlas-exploremos-mas-alla-del-aula\/"},"wordCount":1244,"commentCount":0,"image":{"@id":"https:\/\/explora.cl\/lagos\/inscribe-a-tu-curso-en-charlas-exploremos-mas-alla-del-aula\/#primaryimage"},"thumbnailUrl":"https:\/\/explora.cl\/lagos\/wp-content\/uploads\/sites\/17\/2020\/06\/pagina_explora-3.png","keywords":["#Ant\u00e1rtica","Centro IDEAL","Exploremos M\u00e1s All\u00e1 del Aula","INACH","PAR EXPLORA LOS LAGOS","Tema del A\u00f1o","UACh Puerto Montt"],"articleSection":["Banner","Lugar 1"],"inLanguage":"es","potentialAction":[{"@type":"CommentAction","name":"Comment","target":["https:\/\/explora.cl\/lagos\/inscribe-a-tu-curso-en-charlas-exploremos-mas-alla-del-aula\/#respond"]}]},{"@type":"WebPage","@id":"https:\/\/explora.cl\/lagos\/inscribe-a-tu-curso-en-charlas-exploremos-mas-alla-del-aula\/","url":"https:\/\/explora.cl\/lagos\/inscribe-a-tu-curso-en-charlas-exploremos-mas-alla-del-aula\/","name":"\u00a1INSCR\u00cdBE TU CURSO EN CHARLAS EXPLOREMOS M\u00c1S ALL\u00c1 DEL AULA! - Los Lagos","isPartOf":{"@id":"https:\/\/explora.cl\/lagos\/#website"},"primaryImageOfPage":{"@id":"https:\/\/explora.cl\/lagos\/inscribe-a-tu-curso-en-charlas-exploremos-mas-alla-del-aula\/#primaryimage"},"image":{"@id":"https:\/\/explora.cl\/lagos\/inscribe-a-tu-curso-en-charlas-exploremos-mas-alla-del-aula\/#primaryimage"},"thumbnailUrl":"https:\/\/explora.cl\/lagos\/wp-content\/uploads\/sites\/17\/2020\/06\/pagina_explora-3.png","datePublished":"2020-06-09T18:46:58+00:00","dateModified":"2020-06-13T01:54:10+00:00","author":{"@id":"https:\/\/explora.cl\/lagos\/#\/schema\/person\/6608d3ee9ea0b0daeaf12289528fc582"},"breadcrumb":{"@id":"https:\/\/explora.cl\/lagos\/inscribe-a-tu-curso-en-charlas-exploremos-mas-alla-del-aula\/#breadcrumb"},"inLanguage":"es","potentialAction":[{"@type":"ReadAction","target":["https:\/\/explora.cl\/lagos\/inscribe-a-tu-curso-en-charlas-exploremos-mas-alla-del-aula\/"]}]},{"@type":"ImageObject","inLanguage":"es","@id":"https:\/\/explora.cl\/lagos\/inscribe-a-tu-curso-en-charlas-exploremos-mas-alla-del-aula\/#primaryimage","url":"https:\/\/explora.cl\/lagos\/wp-content\/uploads\/sites\/17\/2020\/06\/pagina_explora-3.png","contentUrl":"https:\/\/explora.cl\/lagos\/wp-content\/uploads\/sites\/17\/2020\/06\/pagina_explora-3.png","width":736,"height":420},{"@type":"BreadcrumbList","@id":"https:\/\/explora.cl\/lagos\/inscribe-a-tu-curso-en-charlas-exploremos-mas-alla-del-aula\/#breadcrumb","itemListElement":[{"@type":"ListItem","position":1,"name":"Portada","item":"https:\/\/explora.cl\/lagos\/"},{"@type":"ListItem","position":2,"name":"\u00a1INSCR\u00cdBE TU CURSO EN CHARLAS EXPLOREMOS M\u00c1S ALL\u00c1 DEL AULA!"}]},{"@type":"WebSite","@id":"https:\/\/explora.cl\/lagos\/#website","url":"https:\/\/explora.cl\/lagos\/","name":"Los Lagos","description":"Otro sitio m\u00e1s de explora.cl","potentialAction":[{"@type":"SearchAction","target":{"@type":"EntryPoint","urlTemplate":"https:\/\/explora.cl\/lagos\/?s={search_term_string}"},"query-input":{"@type":"PropertyValueSpecification","valueRequired":true,"valueName":"search_term_string"}}],"inLanguage":"es"},{"@type":"Person","@id":"https:\/\/explora.cl\/lagos\/#\/schema\/person\/6608d3ee9ea0b0daeaf12289528fc582","name":"jvargas","image":{"@type":"ImageObject","inLanguage":"es","@id":"https:\/\/explora.cl\/lagos\/#\/schema\/person\/image\/","url":"https:\/\/secure.gravatar.com\/avatar\/8a6892fbfb002ef173a244b534b4bbcea4c183fc3fbf7732e64ac89b1d22d482?s=96&d=mm&r=g","contentUrl":"https:\/\/secure.gravatar.com\/avatar\/8a6892fbfb002ef173a244b534b4bbcea4c183fc3fbf7732e64ac89b1d22d482?s=96&d=mm&r=g","caption":"jvargas"},"url":"https:\/\/explora.cl\/lagos\/author\/jvargas\/"}]}},"_links":{"self":[{"href":"https:\/\/explora.cl\/lagos\/wp-json\/wp\/v2\/posts\/39249","targetHints":{"allow":["GET"]}}],"collection":[{"href":"https:\/\/explora.cl\/lagos\/wp-json\/wp\/v2\/posts"}],"about":[{"href":"https:\/\/explora.cl\/lagos\/wp-json\/wp\/v2\/types\/post"}],"author":[{"embeddable":true,"href":"https:\/\/explora.cl\/lagos\/wp-json\/wp\/v2\/users\/36"}],"replies":[{"embeddable":true,"href":"https:\/\/explora.cl\/lagos\/wp-json\/wp\/v2\/comments?post=39249"}],"version-history":[{"count":7,"href":"https:\/\/explora.cl\/lagos\/wp-json\/wp\/v2\/posts\/39249\/revisions"}],"predecessor-version":[{"id":39269,"href":"https:\/\/explora.cl\/lagos\/wp-json\/wp\/v2\/posts\/39249\/revisions\/39269"}],"wp:featuredmedia":[{"embeddable":true,"href":"https:\/\/explora.cl\/lagos\/wp-json\/wp\/v2\/media\/39250"}],"wp:attachment":[{"href":"https:\/\/explora.cl\/lagos\/wp-json\/wp\/v2\/media?parent=39249"}],"wp:term":[{"taxonomy":"category","embeddable":true,"href":"https:\/\/explora.cl\/lagos\/wp-json\/wp\/v2\/categories?post=39249"},{"taxonomy":"post_tag","embeddable":true,"href":"https:\/\/explora.cl\/lagos\/wp-json\/wp\/v2\/tags?post=39249"}],"curies":[{"name":"wp","href":"https:\/\/api.w.org\/{rel}","templated":true}]}}