{"id":39059,"date":"2019-11-15T11:43:41","date_gmt":"2019-11-15T14:43:41","guid":{"rendered":"https:\/\/explora.cl\/lagos\/?p=39059"},"modified":"2020-03-09T13:42:03","modified_gmt":"2020-03-09T16:42:03","slug":"resultadoscampamentoprofes","status":"publish","type":"post","link":"https:\/\/explora.cl\/lagos\/resultadoscampamentoprofes\/","title":{"rendered":"Campamento Explora VA! 2020 Los R\u00edos y Los Lagos"},"content":{"rendered":"<h3><strong>Masiva convocatoria en postulaci\u00f3n al Campamento para docentes de Los Lagos y Los R\u00edos <\/strong><\/h3>\n<p>287 profesionales, t\u00e9cnicos y directivos de la educaci\u00f3n postularon al Campamento de Ciencia para profes Explora VA 2020!, \u00a0que \u00a0organiza el Proyecto Asociativo Regional PAR Explora de CONICYT Los Lagos y Los R\u00edos, ambos ejecutados por la Universidad Austral de Chile.<\/p>\n<p>De estos, solo 52 resultaron seleccionados en la regi\u00f3n de Los Lagos y 51 en los R\u00edos, quienes participar\u00e1n en el encuentro que se llevar\u00e1 a cabo del 20 al 24 de enero en el entorno natural del Centro de Ski y Monta\u00f1ismo Antillanca, ubicado al interior del Parque Nacional Puyehue, provincia de Osorno.<\/p>\n<p>Los postulantes seleccionados en la regi\u00f3n de Los Lagos pertenecen a 18 comunas de la regi\u00f3n; Chait\u00e9n, Chonchi, Ancud, Castro, Quell\u00f3n, San Juan de la Costa, Puyehue, Puerto Octay, San Pablo, Purranque, Osorno, \u00a0Calbuco, Maull\u00edn, Los Muermos, Llanquihue, Fresia, Frutillar y Puerto Montt. Siendo 6 de la provincia de Palena, 10 de Chilo\u00e9, 16 de Osorno y 20 de la provincia de Llanquihue.<\/p>\n<p>El objetivo de la instancia es fortalecer las competencias de educadoras de p\u00e1rvulos, docentes, jefes de las unidades t\u00e9cnico pedag\u00f3gicas, directivos, asistentes de la educaci\u00f3n y t\u00e9cnicos en educaci\u00f3n parvularia, como agentes de cambio en sus instituciones escolares, a trav\u00e9s de experiencias vivenciales y desarrollo de herramientas que permitan agregar valor a la comunidad educativa a partir de las distintas dimensiones de la ciencia y la tecnolog\u00eda.<\/p>\n<p><strong>A continuaci\u00f3n la lista de seleccionados:<\/strong><\/p>\n<p><img fetchpriority=\"high\" decoding=\"async\" class=\"alignnone size-full wp-image-39102\" src=\"https:\/\/explora.cl\/lagos\/wp-content\/uploads\/sites\/17\/2019\/11\/para-jpg1-1.jpg\" alt=\"\" width=\"1000\" height=\"1712\" srcset=\"https:\/\/explora.cl\/lagos\/wp-content\/uploads\/sites\/17\/2019\/11\/para-jpg1-1.jpg 1000w, https:\/\/explora.cl\/lagos\/wp-content\/uploads\/sites\/17\/2019\/11\/para-jpg1-1-175x300.jpg 175w, https:\/\/explora.cl\/lagos\/wp-content\/uploads\/sites\/17\/2019\/11\/para-jpg1-1-768x1315.jpg 768w, https:\/\/explora.cl\/lagos\/wp-content\/uploads\/sites\/17\/2019\/11\/para-jpg1-1-598x1024.jpg 598w\" sizes=\"(max-width: 1000px) 100vw, 1000px\" \/>Si no aparece en esta publicaci\u00f3n revise la <a href=\"https:\/\/explora.cl\/lagos\/wp-content\/uploads\/sites\/17\/2019\/12\/Lista-de-Espera-Campamento-PAR-LOS-LAGOS.pdf\">Lista de Espera<\/a> del campamento.<\/p>\n<p>*Comuna indica residencia del docente. <strong>Para ver los resultados de la Regi\u00f3n de Los R\u00edos <a href=\"https:\/\/explora.cl\/rios\/campamento2020\/\">haga click aqu\u00ed<\/a>.<\/strong>Invitamos a docentes de todas las \u00e1reas, educadores\/as de p\u00e1rvulos, asistentes de la educaci\u00f3n y directivos a participar de este campamento que busca fortalecer las competencias de educadoras de p\u00e1rvulos, docentes, jefes de las unidades t\u00e9cnico pedag\u00f3gicas, directivos y asistentes de la educaci\u00f3n como agentes de cambio en sus instituciones escolares a trav\u00e9s de experiencias vivenciales y desarrollo de herramientas que permitan agregar valor a la comunidad educativa a partir de las distintas dimensiones de la ciencia y la tecnolog\u00eda.<\/p>\n<p>Podr\u00e1n postular residentes en las regiones de Los Lagos y Los R\u00edos, con un cupo m\u00e1ximo de 50 personas por regi\u00f3n. Para postular es necesario revisar las bases de postulaci\u00f3n y contar con los documentos solicitados en \u00e9stas.<\/p>\n<p><a href=\"https:\/\/form.jotformz.com\/93113034315646\" target=\"_blank\" class=\"vc-btn vc-btn-lg\">POSTULACIONES CERRADAS<\/a><\/p>\n<p><a href=\"https:\/\/explora.cl\/lagos\/wp-content\/uploads\/sites\/17\/2019\/11\/Bases-de-Postulacion-CAMPAMENTO-EXPLORA-VA-2020.pdf\" target=\"_blank\" class=\"vc-btn vc-btn-lg\">Descargar Bases<\/a><\/p>\n<p><a href=\"https:\/\/explora.cl\/lagos\/wp-content\/uploads\/sites\/17\/2019\/11\/CARTA-APOYO-POSTULACI\u00d3N.docx\" target=\"_blank\" class=\"vc-btn vc-btn-lg\">Descargar Carta Apoyo<\/a><\/p>\n<h3>\u00bfD\u00f3nde?<\/h3>\n<p>Centro de Ski Antillanca (<a href=\"https:\/\/goo.gl\/maps\/oY6J3xTBsRVC35zs5\">link<\/a>)<\/p>\n<h3>\u00bfCuando?<\/h3>\n<p>20 al 24 de enero 2020<\/p>\n","protected":false},"excerpt":{"rendered":"<p>Ya est\u00e1n disponibles los resultados del Campamento de Ciencias para profes Explora VA 2020! Haz click en la imagen. <\/p>\n","protected":false},"author":36,"featured_media":39077,"comment_status":"open","ping_status":"open","sticky":false,"template":"","format":"standard","meta":{"_acf_changed":false,"_exactmetrics_skip_tracking":false,"_exactmetrics_sitenote_active":false,"_exactmetrics_sitenote_note":"","_exactmetrics_sitenote_category":0,"footnotes":"","_links_to":"","_links_to_target":""},"categories":[151,137],"tags":[285,283,286,274,282,284],"class_list":["post-39059","post","type-post","status-publish","format-standard","has-post-thumbnail","hentry","category-banner","category-lugar-2","tag-campamento-para-docentes","tag-campamentoexplorava","tag-investigacion-docente","tag-par-los-lagos","tag-par-los-rios","tag-universidad-austral-de-chile"],"acf":[],"yoast_head":"<!-- This site is optimized with the Yoast SEO plugin v26.9 - https:\/\/yoast.com\/product\/yoast-seo-wordpress\/ -->\n<title>Campamento Explora VA! 2020 Los R\u00edos y Los Lagos - Los Lagos<\/title>\n<meta name=\"robots\" content=\"index, follow, max-snippet:-1, max-image-preview:large, max-video-preview:-1\" \/>\n<link rel=\"canonical\" href=\"https:\/\/explora.cl\/lagos\/resultadoscampamentoprofes\/\" class=\"yoast-seo-meta-tag\" \/>\n<meta property=\"og:locale\" content=\"es_ES\" class=\"yoast-seo-meta-tag\" \/>\n<meta property=\"og:type\" content=\"article\" class=\"yoast-seo-meta-tag\" \/>\n<meta property=\"og:title\" content=\"Campamento Explora VA! 2020 Los R\u00edos y Los Lagos - Los Lagos\" class=\"yoast-seo-meta-tag\" \/>\n<meta property=\"og:description\" content=\"Ya est\u00e1n disponibles los resultados del Campamento de Ciencias para profes Explora VA 2020! Haz click en la imagen.\" class=\"yoast-seo-meta-tag\" \/>\n<meta property=\"og:url\" content=\"https:\/\/explora.cl\/lagos\/resultadoscampamentoprofes\/\" class=\"yoast-seo-meta-tag\" \/>\n<meta property=\"og:site_name\" content=\"Los Lagos\" class=\"yoast-seo-meta-tag\" \/>\n<meta property=\"article:published_time\" content=\"2019-11-15T14:43:41+00:00\" class=\"yoast-seo-meta-tag\" \/>\n<meta property=\"article:modified_time\" content=\"2020-03-09T16:42:03+00:00\" class=\"yoast-seo-meta-tag\" \/>\n<meta property=\"og:image\" content=\"https:\/\/explora.cl\/lagos\/wp-content\/uploads\/sites\/17\/2019\/11\/Resultado-banner-web-campamento-explora-02.png\" class=\"yoast-seo-meta-tag\" \/>\n\t<meta property=\"og:image:width\" content=\"1102\" class=\"yoast-seo-meta-tag\" \/>\n\t<meta property=\"og:image:height\" content=\"738\" class=\"yoast-seo-meta-tag\" \/>\n\t<meta property=\"og:image:type\" content=\"image\/png\" class=\"yoast-seo-meta-tag\" \/>\n<meta name=\"author\" content=\"jvargas\" class=\"yoast-seo-meta-tag\" \/>\n<meta name=\"twitter:card\" content=\"summary_large_image\" class=\"yoast-seo-meta-tag\" \/>\n<meta name=\"twitter:label1\" content=\"Escrito por\" class=\"yoast-seo-meta-tag\" \/>\n\t<meta name=\"twitter:data1\" content=\"jvargas\" class=\"yoast-seo-meta-tag\" \/>\n\t<meta name=\"twitter:label2\" content=\"Tiempo de lectura\" class=\"yoast-seo-meta-tag\" \/>\n\t<meta name=\"twitter:data2\" content=\"2 minutos\" class=\"yoast-seo-meta-tag\" \/>\n<script type=\"application\/ld+json\" class=\"yoast-schema-graph\">{\"@context\":\"https:\/\/schema.org\",\"@graph\":[{\"@type\":\"Article\",\"@id\":\"https:\/\/explora.cl\/lagos\/resultadoscampamentoprofes\/#article\",\"isPartOf\":{\"@id\":\"https:\/\/explora.cl\/lagos\/resultadoscampamentoprofes\/\"},\"author\":{\"name\":\"jvargas\",\"@id\":\"https:\/\/explora.cl\/lagos\/#\/schema\/person\/6608d3ee9ea0b0daeaf12289528fc582\"},\"headline\":\"Campamento Explora VA! 2020 Los R\u00edos y Los Lagos\",\"datePublished\":\"2019-11-15T14:43:41+00:00\",\"dateModified\":\"2020-03-09T16:42:03+00:00\",\"mainEntityOfPage\":{\"@id\":\"https:\/\/explora.cl\/lagos\/resultadoscampamentoprofes\/\"},\"wordCount\":449,\"commentCount\":0,\"image\":{\"@id\":\"https:\/\/explora.cl\/lagos\/resultadoscampamentoprofes\/#primaryimage\"},\"thumbnailUrl\":\"https:\/\/explora.cl\/lagos\/wp-content\/uploads\/sites\/17\/2019\/11\/Resultado-banner-web-campamento-explora-02.png\",\"keywords\":[\"campamento para docentes\",\"CampamentoExploraVA!\",\"investigaci\u00f3n docente\",\"PAR Los Lagos\",\"PAR Los R\u00edos\",\"Universidad Austral de Chile\"],\"articleSection\":[\"Banner\",\"Lugar 2\"],\"inLanguage\":\"es\",\"potentialAction\":[{\"@type\":\"CommentAction\",\"name\":\"Comment\",\"target\":[\"https:\/\/explora.cl\/lagos\/resultadoscampamentoprofes\/#respond\"]}]},{\"@type\":\"WebPage\",\"@id\":\"https:\/\/explora.cl\/lagos\/resultadoscampamentoprofes\/\",\"url\":\"https:\/\/explora.cl\/lagos\/resultadoscampamentoprofes\/\",\"name\":\"Campamento Explora VA! 2020 Los R\u00edos y Los Lagos - Los Lagos\",\"isPartOf\":{\"@id\":\"https:\/\/explora.cl\/lagos\/#website\"},\"primaryImageOfPage\":{\"@id\":\"https:\/\/explora.cl\/lagos\/resultadoscampamentoprofes\/#primaryimage\"},\"image\":{\"@id\":\"https:\/\/explora.cl\/lagos\/resultadoscampamentoprofes\/#primaryimage\"},\"thumbnailUrl\":\"https:\/\/explora.cl\/lagos\/wp-content\/uploads\/sites\/17\/2019\/11\/Resultado-banner-web-campamento-explora-02.png\",\"datePublished\":\"2019-11-15T14:43:41+00:00\",\"dateModified\":\"2020-03-09T16:42:03+00:00\",\"author\":{\"@id\":\"https:\/\/explora.cl\/lagos\/#\/schema\/person\/6608d3ee9ea0b0daeaf12289528fc582\"},\"breadcrumb\":{\"@id\":\"https:\/\/explora.cl\/lagos\/resultadoscampamentoprofes\/#breadcrumb\"},\"inLanguage\":\"es\",\"potentialAction\":[{\"@type\":\"ReadAction\",\"target\":[\"https:\/\/explora.cl\/lagos\/resultadoscampamentoprofes\/\"]}]},{\"@type\":\"ImageObject\",\"inLanguage\":\"es\",\"@id\":\"https:\/\/explora.cl\/lagos\/resultadoscampamentoprofes\/#primaryimage\",\"url\":\"https:\/\/explora.cl\/lagos\/wp-content\/uploads\/sites\/17\/2019\/11\/Resultado-banner-web-campamento-explora-02.png\",\"contentUrl\":\"https:\/\/explora.cl\/lagos\/wp-content\/uploads\/sites\/17\/2019\/11\/Resultado-banner-web-campamento-explora-02.png\",\"width\":1102,\"height\":738},{\"@type\":\"BreadcrumbList\",\"@id\":\"https:\/\/explora.cl\/lagos\/resultadoscampamentoprofes\/#breadcrumb\",\"itemListElement\":[{\"@type\":\"ListItem\",\"position\":1,\"name\":\"Portada\",\"item\":\"https:\/\/explora.cl\/lagos\/\"},{\"@type\":\"ListItem\",\"position\":2,\"name\":\"Campamento Explora VA! 2020 Los R\u00edos y Los Lagos\"}]},{\"@type\":\"WebSite\",\"@id\":\"https:\/\/explora.cl\/lagos\/#website\",\"url\":\"https:\/\/explora.cl\/lagos\/\",\"name\":\"Los Lagos\",\"description\":\"Otro sitio m\u00e1s de explora.cl\",\"potentialAction\":[{\"@type\":\"SearchAction\",\"target\":{\"@type\":\"EntryPoint\",\"urlTemplate\":\"https:\/\/explora.cl\/lagos\/?s={search_term_string}\"},\"query-input\":{\"@type\":\"PropertyValueSpecification\",\"valueRequired\":true,\"valueName\":\"search_term_string\"}}],\"inLanguage\":\"es\"},{\"@type\":\"Person\",\"@id\":\"https:\/\/explora.cl\/lagos\/#\/schema\/person\/6608d3ee9ea0b0daeaf12289528fc582\",\"name\":\"jvargas\",\"image\":{\"@type\":\"ImageObject\",\"inLanguage\":\"es\",\"@id\":\"https:\/\/explora.cl\/lagos\/#\/schema\/person\/image\/\",\"url\":\"https:\/\/secure.gravatar.com\/avatar\/8a6892fbfb002ef173a244b534b4bbcea4c183fc3fbf7732e64ac89b1d22d482?s=96&d=mm&r=g\",\"contentUrl\":\"https:\/\/secure.gravatar.com\/avatar\/8a6892fbfb002ef173a244b534b4bbcea4c183fc3fbf7732e64ac89b1d22d482?s=96&d=mm&r=g\",\"caption\":\"jvargas\"},\"url\":\"https:\/\/explora.cl\/lagos\/author\/jvargas\/\"}]}<\/script>\n<!-- \/ Yoast SEO plugin. -->","yoast_head_json":{"title":"Campamento Explora VA! 2020 Los R\u00edos y Los Lagos - Los Lagos","robots":{"index":"index","follow":"follow","max-snippet":"max-snippet:-1","max-image-preview":"max-image-preview:large","max-video-preview":"max-video-preview:-1"},"canonical":"https:\/\/explora.cl\/lagos\/resultadoscampamentoprofes\/","og_locale":"es_ES","og_type":"article","og_title":"Campamento Explora VA! 2020 Los R\u00edos y Los Lagos - Los Lagos","og_description":"Ya est\u00e1n disponibles los resultados del Campamento de Ciencias para profes Explora VA 2020! Haz click en la imagen.","og_url":"https:\/\/explora.cl\/lagos\/resultadoscampamentoprofes\/","og_site_name":"Los Lagos","article_published_time":"2019-11-15T14:43:41+00:00","article_modified_time":"2020-03-09T16:42:03+00:00","og_image":[{"width":1102,"height":738,"url":"https:\/\/explora.cl\/lagos\/wp-content\/uploads\/sites\/17\/2019\/11\/Resultado-banner-web-campamento-explora-02.png","type":"image\/png"}],"author":"jvargas","twitter_card":"summary_large_image","twitter_misc":{"Escrito por":"jvargas","Tiempo de lectura":"2 minutos"},"schema":{"@context":"https:\/\/schema.org","@graph":[{"@type":"Article","@id":"https:\/\/explora.cl\/lagos\/resultadoscampamentoprofes\/#article","isPartOf":{"@id":"https:\/\/explora.cl\/lagos\/resultadoscampamentoprofes\/"},"author":{"name":"jvargas","@id":"https:\/\/explora.cl\/lagos\/#\/schema\/person\/6608d3ee9ea0b0daeaf12289528fc582"},"headline":"Campamento Explora VA! 2020 Los R\u00edos y Los Lagos","datePublished":"2019-11-15T14:43:41+00:00","dateModified":"2020-03-09T16:42:03+00:00","mainEntityOfPage":{"@id":"https:\/\/explora.cl\/lagos\/resultadoscampamentoprofes\/"},"wordCount":449,"commentCount":0,"image":{"@id":"https:\/\/explora.cl\/lagos\/resultadoscampamentoprofes\/#primaryimage"},"thumbnailUrl":"https:\/\/explora.cl\/lagos\/wp-content\/uploads\/sites\/17\/2019\/11\/Resultado-banner-web-campamento-explora-02.png","keywords":["campamento para docentes","CampamentoExploraVA!","investigaci\u00f3n docente","PAR Los Lagos","PAR Los R\u00edos","Universidad Austral de Chile"],"articleSection":["Banner","Lugar 2"],"inLanguage":"es","potentialAction":[{"@type":"CommentAction","name":"Comment","target":["https:\/\/explora.cl\/lagos\/resultadoscampamentoprofes\/#respond"]}]},{"@type":"WebPage","@id":"https:\/\/explora.cl\/lagos\/resultadoscampamentoprofes\/","url":"https:\/\/explora.cl\/lagos\/resultadoscampamentoprofes\/","name":"Campamento Explora VA! 2020 Los R\u00edos y Los Lagos - Los Lagos","isPartOf":{"@id":"https:\/\/explora.cl\/lagos\/#website"},"primaryImageOfPage":{"@id":"https:\/\/explora.cl\/lagos\/resultadoscampamentoprofes\/#primaryimage"},"image":{"@id":"https:\/\/explora.cl\/lagos\/resultadoscampamentoprofes\/#primaryimage"},"thumbnailUrl":"https:\/\/explora.cl\/lagos\/wp-content\/uploads\/sites\/17\/2019\/11\/Resultado-banner-web-campamento-explora-02.png","datePublished":"2019-11-15T14:43:41+00:00","dateModified":"2020-03-09T16:42:03+00:00","author":{"@id":"https:\/\/explora.cl\/lagos\/#\/schema\/person\/6608d3ee9ea0b0daeaf12289528fc582"},"breadcrumb":{"@id":"https:\/\/explora.cl\/lagos\/resultadoscampamentoprofes\/#breadcrumb"},"inLanguage":"es","potentialAction":[{"@type":"ReadAction","target":["https:\/\/explora.cl\/lagos\/resultadoscampamentoprofes\/"]}]},{"@type":"ImageObject","inLanguage":"es","@id":"https:\/\/explora.cl\/lagos\/resultadoscampamentoprofes\/#primaryimage","url":"https:\/\/explora.cl\/lagos\/wp-content\/uploads\/sites\/17\/2019\/11\/Resultado-banner-web-campamento-explora-02.png","contentUrl":"https:\/\/explora.cl\/lagos\/wp-content\/uploads\/sites\/17\/2019\/11\/Resultado-banner-web-campamento-explora-02.png","width":1102,"height":738},{"@type":"BreadcrumbList","@id":"https:\/\/explora.cl\/lagos\/resultadoscampamentoprofes\/#breadcrumb","itemListElement":[{"@type":"ListItem","position":1,"name":"Portada","item":"https:\/\/explora.cl\/lagos\/"},{"@type":"ListItem","position":2,"name":"Campamento Explora VA! 2020 Los R\u00edos y Los Lagos"}]},{"@type":"WebSite","@id":"https:\/\/explora.cl\/lagos\/#website","url":"https:\/\/explora.cl\/lagos\/","name":"Los Lagos","description":"Otro sitio m\u00e1s de explora.cl","potentialAction":[{"@type":"SearchAction","target":{"@type":"EntryPoint","urlTemplate":"https:\/\/explora.cl\/lagos\/?s={search_term_string}"},"query-input":{"@type":"PropertyValueSpecification","valueRequired":true,"valueName":"search_term_string"}}],"inLanguage":"es"},{"@type":"Person","@id":"https:\/\/explora.cl\/lagos\/#\/schema\/person\/6608d3ee9ea0b0daeaf12289528fc582","name":"jvargas","image":{"@type":"ImageObject","inLanguage":"es","@id":"https:\/\/explora.cl\/lagos\/#\/schema\/person\/image\/","url":"https:\/\/secure.gravatar.com\/avatar\/8a6892fbfb002ef173a244b534b4bbcea4c183fc3fbf7732e64ac89b1d22d482?s=96&d=mm&r=g","contentUrl":"https:\/\/secure.gravatar.com\/avatar\/8a6892fbfb002ef173a244b534b4bbcea4c183fc3fbf7732e64ac89b1d22d482?s=96&d=mm&r=g","caption":"jvargas"},"url":"https:\/\/explora.cl\/lagos\/author\/jvargas\/"}]}},"_links":{"self":[{"href":"https:\/\/explora.cl\/lagos\/wp-json\/wp\/v2\/posts\/39059","targetHints":{"allow":["GET"]}}],"collection":[{"href":"https:\/\/explora.cl\/lagos\/wp-json\/wp\/v2\/posts"}],"about":[{"href":"https:\/\/explora.cl\/lagos\/wp-json\/wp\/v2\/types\/post"}],"author":[{"embeddable":true,"href":"https:\/\/explora.cl\/lagos\/wp-json\/wp\/v2\/users\/36"}],"replies":[{"embeddable":true,"href":"https:\/\/explora.cl\/lagos\/wp-json\/wp\/v2\/comments?post=39059"}],"version-history":[{"count":23,"href":"https:\/\/explora.cl\/lagos\/wp-json\/wp\/v2\/posts\/39059\/revisions"}],"predecessor-version":[{"id":39103,"href":"https:\/\/explora.cl\/lagos\/wp-json\/wp\/v2\/posts\/39059\/revisions\/39103"}],"wp:featuredmedia":[{"embeddable":true,"href":"https:\/\/explora.cl\/lagos\/wp-json\/wp\/v2\/media\/39077"}],"wp:attachment":[{"href":"https:\/\/explora.cl\/lagos\/wp-json\/wp\/v2\/media?parent=39059"}],"wp:term":[{"taxonomy":"category","embeddable":true,"href":"https:\/\/explora.cl\/lagos\/wp-json\/wp\/v2\/categories?post=39059"},{"taxonomy":"post_tag","embeddable":true,"href":"https:\/\/explora.cl\/lagos\/wp-json\/wp\/v2\/tags?post=39059"}],"curies":[{"name":"wp","href":"https:\/\/api.w.org\/{rel}","templated":true}]}}