{"id":38779,"date":"2019-07-31T18:01:46","date_gmt":"2019-07-31T22:01:46","guid":{"rendered":"https:\/\/explora.cl\/lagos\/?p=38779"},"modified":"2019-09-24T18:03:16","modified_gmt":"2019-09-24T21:03:16","slug":"quieres-vivir-una-travesia-con-el-nuevo-album-explora-2019","status":"publish","type":"post","link":"https:\/\/explora.cl\/lagos\/quieres-vivir-una-travesia-con-el-nuevo-album-explora-2019\/","title":{"rendered":"\u00bfQuieres vivir una traves\u00eda con el nuevo \u00c1lbum Explora 2019?"},"content":{"rendered":"<p>Olga, Rodo, Tina, Elias y Eclipse te invitan a sumarte a un viaje de aventuras que suceden en \u00abEclipsados\u00bb el nuevo \u00c1lbum Explora 2019<\/p>\n<p>Los y las escolares de Nivel Medio Menor a 4to B\u00e1sico pueden unirse a los personajes del \u00e1lbum para combatir a la malvada oscuridad que est\u00e1 obsesionada con quedarse con los poderes del sol y apagar la luz para siempre.<\/p>\n<p>Las comunidades educativas pueden acceder al material inscribi\u00e9ndose a trav\u00e9s de la p\u00e1gina <a href=\"https:\/\/www.albumexplora.cl\/inscripcion\">https:\/\/www.albumexplora.cl\/inscripcion. <\/a><\/p>\n<p>En esta oportunidad, solo pueden participar docentes o educadores\/as que trabajen actualmente en instituciones educacionales a lo largo del pa\u00eds, quienes dirigir\u00e1n las distintas actividades l\u00fadicas que genera el \u00c1lbum.<\/p>\n<p>De todos los participantes, aquellos cursos que logren completar su \u00e1lbum, subir adecuadamente las evidencias de la ejecuci\u00f3n de las actividades del \u00e1lbum, participar\u00e1n para ser parte de una actividad organizada por el Proyecto Asociativo Regional PAR Explora de CONICYT Los Lagos.<\/p>\n<p>&nbsp;<\/p>\n<p>&nbsp;<\/p>\n<p>&nbsp;<\/p>\n<p>&nbsp;<\/p>\n","protected":false},"excerpt":{"rendered":"<p>Olga, Rodo, Tina, Elias y Eclipse te invitan a sumarte a un viaje de aventuras que suceden en \u00abEclipsados\u00bb el nuevo \u00c1lbum Explora 2019<\/p>\n","protected":false},"author":36,"featured_media":38780,"comment_status":"open","ping_status":"open","sticky":false,"template":"","format":"standard","meta":{"_acf_changed":false,"_exactmetrics_skip_tracking":false,"_exactmetrics_sitenote_active":false,"_exactmetrics_sitenote_note":"","_exactmetrics_sitenote_category":0,"footnotes":"","_links_to":"","_links_to_target":""},"categories":[151,1],"tags":[211,275,274],"class_list":["post-38779","post","type-post","status-publish","format-standard","has-post-thumbnail","hentry","category-banner","category-sin-categoria","tag-album-explora","tag-eclipsados","tag-par-los-lagos"],"acf":[],"yoast_head":"<!-- This site is optimized with the Yoast SEO plugin v26.9 - https:\/\/yoast.com\/product\/yoast-seo-wordpress\/ -->\n<title>\u00bfQuieres vivir una traves\u00eda con el nuevo \u00c1lbum Explora 2019? - Los Lagos<\/title>\n<meta name=\"robots\" content=\"index, follow, max-snippet:-1, max-image-preview:large, max-video-preview:-1\" \/>\n<link rel=\"canonical\" href=\"https:\/\/explora.cl\/lagos\/quieres-vivir-una-travesia-con-el-nuevo-album-explora-2019\/\" class=\"yoast-seo-meta-tag\" \/>\n<meta property=\"og:locale\" content=\"es_ES\" class=\"yoast-seo-meta-tag\" \/>\n<meta property=\"og:type\" content=\"article\" class=\"yoast-seo-meta-tag\" \/>\n<meta property=\"og:title\" content=\"\u00bfQuieres vivir una traves\u00eda con el nuevo \u00c1lbum Explora 2019? - Los Lagos\" class=\"yoast-seo-meta-tag\" \/>\n<meta property=\"og:description\" content=\"Olga, Rodo, Tina, Elias y Eclipse te invitan a sumarte a un viaje de aventuras que suceden en &quot;Eclipsados&quot; el nuevo \u00c1lbum Explora 2019\" class=\"yoast-seo-meta-tag\" \/>\n<meta property=\"og:url\" content=\"https:\/\/explora.cl\/lagos\/quieres-vivir-una-travesia-con-el-nuevo-album-explora-2019\/\" class=\"yoast-seo-meta-tag\" \/>\n<meta property=\"og:site_name\" content=\"Los Lagos\" class=\"yoast-seo-meta-tag\" \/>\n<meta property=\"article:published_time\" content=\"2019-07-31T22:01:46+00:00\" class=\"yoast-seo-meta-tag\" \/>\n<meta property=\"article:modified_time\" content=\"2019-09-24T21:03:16+00:00\" class=\"yoast-seo-meta-tag\" \/>\n<meta property=\"og:image\" content=\"https:\/\/explora.cl\/lagos\/wp-content\/uploads\/sites\/17\/2019\/07\/ALBUM-EXPLORA-PAGINA-PAR-LOS-LAGOS.jpg\" class=\"yoast-seo-meta-tag\" \/>\n\t<meta property=\"og:image:width\" content=\"1024\" class=\"yoast-seo-meta-tag\" \/>\n\t<meta property=\"og:image:height\" content=\"512\" class=\"yoast-seo-meta-tag\" \/>\n\t<meta property=\"og:image:type\" content=\"image\/jpeg\" class=\"yoast-seo-meta-tag\" \/>\n<meta name=\"author\" content=\"jvargas\" class=\"yoast-seo-meta-tag\" \/>\n<meta name=\"twitter:card\" content=\"summary_large_image\" class=\"yoast-seo-meta-tag\" \/>\n<meta name=\"twitter:label1\" content=\"Escrito por\" class=\"yoast-seo-meta-tag\" \/>\n\t<meta name=\"twitter:data1\" content=\"jvargas\" class=\"yoast-seo-meta-tag\" \/>\n\t<meta name=\"twitter:label2\" content=\"Tiempo de lectura\" class=\"yoast-seo-meta-tag\" \/>\n\t<meta name=\"twitter:data2\" content=\"1 minuto\" class=\"yoast-seo-meta-tag\" \/>\n<script type=\"application\/ld+json\" class=\"yoast-schema-graph\">{\"@context\":\"https:\/\/schema.org\",\"@graph\":[{\"@type\":\"Article\",\"@id\":\"https:\/\/explora.cl\/lagos\/quieres-vivir-una-travesia-con-el-nuevo-album-explora-2019\/#article\",\"isPartOf\":{\"@id\":\"https:\/\/explora.cl\/lagos\/quieres-vivir-una-travesia-con-el-nuevo-album-explora-2019\/\"},\"author\":{\"name\":\"jvargas\",\"@id\":\"https:\/\/explora.cl\/lagos\/#\/schema\/person\/6608d3ee9ea0b0daeaf12289528fc582\"},\"headline\":\"\u00bfQuieres vivir una traves\u00eda con el nuevo \u00c1lbum Explora 2019?\",\"datePublished\":\"2019-07-31T22:01:46+00:00\",\"dateModified\":\"2019-09-24T21:03:16+00:00\",\"mainEntityOfPage\":{\"@id\":\"https:\/\/explora.cl\/lagos\/quieres-vivir-una-travesia-con-el-nuevo-album-explora-2019\/\"},\"wordCount\":177,\"commentCount\":0,\"image\":{\"@id\":\"https:\/\/explora.cl\/lagos\/quieres-vivir-una-travesia-con-el-nuevo-album-explora-2019\/#primaryimage\"},\"thumbnailUrl\":\"https:\/\/explora.cl\/lagos\/wp-content\/uploads\/sites\/17\/2019\/07\/ALBUM-EXPLORA-PAGINA-PAR-LOS-LAGOS.jpg\",\"keywords\":[\"\u00e1lbum Explora\",\"Eclipsados\",\"PAR Los Lagos\"],\"articleSection\":[\"Banner\"],\"inLanguage\":\"es\",\"potentialAction\":[{\"@type\":\"CommentAction\",\"name\":\"Comment\",\"target\":[\"https:\/\/explora.cl\/lagos\/quieres-vivir-una-travesia-con-el-nuevo-album-explora-2019\/#respond\"]}]},{\"@type\":\"WebPage\",\"@id\":\"https:\/\/explora.cl\/lagos\/quieres-vivir-una-travesia-con-el-nuevo-album-explora-2019\/\",\"url\":\"https:\/\/explora.cl\/lagos\/quieres-vivir-una-travesia-con-el-nuevo-album-explora-2019\/\",\"name\":\"\u00bfQuieres vivir una traves\u00eda con el nuevo \u00c1lbum Explora 2019? - Los Lagos\",\"isPartOf\":{\"@id\":\"https:\/\/explora.cl\/lagos\/#website\"},\"primaryImageOfPage\":{\"@id\":\"https:\/\/explora.cl\/lagos\/quieres-vivir-una-travesia-con-el-nuevo-album-explora-2019\/#primaryimage\"},\"image\":{\"@id\":\"https:\/\/explora.cl\/lagos\/quieres-vivir-una-travesia-con-el-nuevo-album-explora-2019\/#primaryimage\"},\"thumbnailUrl\":\"https:\/\/explora.cl\/lagos\/wp-content\/uploads\/sites\/17\/2019\/07\/ALBUM-EXPLORA-PAGINA-PAR-LOS-LAGOS.jpg\",\"datePublished\":\"2019-07-31T22:01:46+00:00\",\"dateModified\":\"2019-09-24T21:03:16+00:00\",\"author\":{\"@id\":\"https:\/\/explora.cl\/lagos\/#\/schema\/person\/6608d3ee9ea0b0daeaf12289528fc582\"},\"breadcrumb\":{\"@id\":\"https:\/\/explora.cl\/lagos\/quieres-vivir-una-travesia-con-el-nuevo-album-explora-2019\/#breadcrumb\"},\"inLanguage\":\"es\",\"potentialAction\":[{\"@type\":\"ReadAction\",\"target\":[\"https:\/\/explora.cl\/lagos\/quieres-vivir-una-travesia-con-el-nuevo-album-explora-2019\/\"]}]},{\"@type\":\"ImageObject\",\"inLanguage\":\"es\",\"@id\":\"https:\/\/explora.cl\/lagos\/quieres-vivir-una-travesia-con-el-nuevo-album-explora-2019\/#primaryimage\",\"url\":\"https:\/\/explora.cl\/lagos\/wp-content\/uploads\/sites\/17\/2019\/07\/ALBUM-EXPLORA-PAGINA-PAR-LOS-LAGOS.jpg\",\"contentUrl\":\"https:\/\/explora.cl\/lagos\/wp-content\/uploads\/sites\/17\/2019\/07\/ALBUM-EXPLORA-PAGINA-PAR-LOS-LAGOS.jpg\",\"width\":1024,\"height\":512},{\"@type\":\"BreadcrumbList\",\"@id\":\"https:\/\/explora.cl\/lagos\/quieres-vivir-una-travesia-con-el-nuevo-album-explora-2019\/#breadcrumb\",\"itemListElement\":[{\"@type\":\"ListItem\",\"position\":1,\"name\":\"Portada\",\"item\":\"https:\/\/explora.cl\/lagos\/\"},{\"@type\":\"ListItem\",\"position\":2,\"name\":\"\u00bfQuieres vivir una traves\u00eda con el nuevo \u00c1lbum Explora 2019?\"}]},{\"@type\":\"WebSite\",\"@id\":\"https:\/\/explora.cl\/lagos\/#website\",\"url\":\"https:\/\/explora.cl\/lagos\/\",\"name\":\"Los Lagos\",\"description\":\"Otro sitio m\u00e1s de explora.cl\",\"potentialAction\":[{\"@type\":\"SearchAction\",\"target\":{\"@type\":\"EntryPoint\",\"urlTemplate\":\"https:\/\/explora.cl\/lagos\/?s={search_term_string}\"},\"query-input\":{\"@type\":\"PropertyValueSpecification\",\"valueRequired\":true,\"valueName\":\"search_term_string\"}}],\"inLanguage\":\"es\"},{\"@type\":\"Person\",\"@id\":\"https:\/\/explora.cl\/lagos\/#\/schema\/person\/6608d3ee9ea0b0daeaf12289528fc582\",\"name\":\"jvargas\",\"image\":{\"@type\":\"ImageObject\",\"inLanguage\":\"es\",\"@id\":\"https:\/\/explora.cl\/lagos\/#\/schema\/person\/image\/\",\"url\":\"https:\/\/secure.gravatar.com\/avatar\/8a6892fbfb002ef173a244b534b4bbcea4c183fc3fbf7732e64ac89b1d22d482?s=96&d=mm&r=g\",\"contentUrl\":\"https:\/\/secure.gravatar.com\/avatar\/8a6892fbfb002ef173a244b534b4bbcea4c183fc3fbf7732e64ac89b1d22d482?s=96&d=mm&r=g\",\"caption\":\"jvargas\"},\"url\":\"https:\/\/explora.cl\/lagos\/author\/jvargas\/\"}]}<\/script>\n<!-- \/ Yoast SEO plugin. -->","yoast_head_json":{"title":"\u00bfQuieres vivir una traves\u00eda con el nuevo \u00c1lbum Explora 2019? - Los Lagos","robots":{"index":"index","follow":"follow","max-snippet":"max-snippet:-1","max-image-preview":"max-image-preview:large","max-video-preview":"max-video-preview:-1"},"canonical":"https:\/\/explora.cl\/lagos\/quieres-vivir-una-travesia-con-el-nuevo-album-explora-2019\/","og_locale":"es_ES","og_type":"article","og_title":"\u00bfQuieres vivir una traves\u00eda con el nuevo \u00c1lbum Explora 2019? - Los Lagos","og_description":"Olga, Rodo, Tina, Elias y Eclipse te invitan a sumarte a un viaje de aventuras que suceden en \"Eclipsados\" el nuevo \u00c1lbum Explora 2019","og_url":"https:\/\/explora.cl\/lagos\/quieres-vivir-una-travesia-con-el-nuevo-album-explora-2019\/","og_site_name":"Los Lagos","article_published_time":"2019-07-31T22:01:46+00:00","article_modified_time":"2019-09-24T21:03:16+00:00","og_image":[{"width":1024,"height":512,"url":"https:\/\/explora.cl\/lagos\/wp-content\/uploads\/sites\/17\/2019\/07\/ALBUM-EXPLORA-PAGINA-PAR-LOS-LAGOS.jpg","type":"image\/jpeg"}],"author":"jvargas","twitter_card":"summary_large_image","twitter_misc":{"Escrito por":"jvargas","Tiempo de lectura":"1 minuto"},"schema":{"@context":"https:\/\/schema.org","@graph":[{"@type":"Article","@id":"https:\/\/explora.cl\/lagos\/quieres-vivir-una-travesia-con-el-nuevo-album-explora-2019\/#article","isPartOf":{"@id":"https:\/\/explora.cl\/lagos\/quieres-vivir-una-travesia-con-el-nuevo-album-explora-2019\/"},"author":{"name":"jvargas","@id":"https:\/\/explora.cl\/lagos\/#\/schema\/person\/6608d3ee9ea0b0daeaf12289528fc582"},"headline":"\u00bfQuieres vivir una traves\u00eda con el nuevo \u00c1lbum Explora 2019?","datePublished":"2019-07-31T22:01:46+00:00","dateModified":"2019-09-24T21:03:16+00:00","mainEntityOfPage":{"@id":"https:\/\/explora.cl\/lagos\/quieres-vivir-una-travesia-con-el-nuevo-album-explora-2019\/"},"wordCount":177,"commentCount":0,"image":{"@id":"https:\/\/explora.cl\/lagos\/quieres-vivir-una-travesia-con-el-nuevo-album-explora-2019\/#primaryimage"},"thumbnailUrl":"https:\/\/explora.cl\/lagos\/wp-content\/uploads\/sites\/17\/2019\/07\/ALBUM-EXPLORA-PAGINA-PAR-LOS-LAGOS.jpg","keywords":["\u00e1lbum Explora","Eclipsados","PAR Los Lagos"],"articleSection":["Banner"],"inLanguage":"es","potentialAction":[{"@type":"CommentAction","name":"Comment","target":["https:\/\/explora.cl\/lagos\/quieres-vivir-una-travesia-con-el-nuevo-album-explora-2019\/#respond"]}]},{"@type":"WebPage","@id":"https:\/\/explora.cl\/lagos\/quieres-vivir-una-travesia-con-el-nuevo-album-explora-2019\/","url":"https:\/\/explora.cl\/lagos\/quieres-vivir-una-travesia-con-el-nuevo-album-explora-2019\/","name":"\u00bfQuieres vivir una traves\u00eda con el nuevo \u00c1lbum Explora 2019? - Los Lagos","isPartOf":{"@id":"https:\/\/explora.cl\/lagos\/#website"},"primaryImageOfPage":{"@id":"https:\/\/explora.cl\/lagos\/quieres-vivir-una-travesia-con-el-nuevo-album-explora-2019\/#primaryimage"},"image":{"@id":"https:\/\/explora.cl\/lagos\/quieres-vivir-una-travesia-con-el-nuevo-album-explora-2019\/#primaryimage"},"thumbnailUrl":"https:\/\/explora.cl\/lagos\/wp-content\/uploads\/sites\/17\/2019\/07\/ALBUM-EXPLORA-PAGINA-PAR-LOS-LAGOS.jpg","datePublished":"2019-07-31T22:01:46+00:00","dateModified":"2019-09-24T21:03:16+00:00","author":{"@id":"https:\/\/explora.cl\/lagos\/#\/schema\/person\/6608d3ee9ea0b0daeaf12289528fc582"},"breadcrumb":{"@id":"https:\/\/explora.cl\/lagos\/quieres-vivir-una-travesia-con-el-nuevo-album-explora-2019\/#breadcrumb"},"inLanguage":"es","potentialAction":[{"@type":"ReadAction","target":["https:\/\/explora.cl\/lagos\/quieres-vivir-una-travesia-con-el-nuevo-album-explora-2019\/"]}]},{"@type":"ImageObject","inLanguage":"es","@id":"https:\/\/explora.cl\/lagos\/quieres-vivir-una-travesia-con-el-nuevo-album-explora-2019\/#primaryimage","url":"https:\/\/explora.cl\/lagos\/wp-content\/uploads\/sites\/17\/2019\/07\/ALBUM-EXPLORA-PAGINA-PAR-LOS-LAGOS.jpg","contentUrl":"https:\/\/explora.cl\/lagos\/wp-content\/uploads\/sites\/17\/2019\/07\/ALBUM-EXPLORA-PAGINA-PAR-LOS-LAGOS.jpg","width":1024,"height":512},{"@type":"BreadcrumbList","@id":"https:\/\/explora.cl\/lagos\/quieres-vivir-una-travesia-con-el-nuevo-album-explora-2019\/#breadcrumb","itemListElement":[{"@type":"ListItem","position":1,"name":"Portada","item":"https:\/\/explora.cl\/lagos\/"},{"@type":"ListItem","position":2,"name":"\u00bfQuieres vivir una traves\u00eda con el nuevo \u00c1lbum Explora 2019?"}]},{"@type":"WebSite","@id":"https:\/\/explora.cl\/lagos\/#website","url":"https:\/\/explora.cl\/lagos\/","name":"Los Lagos","description":"Otro sitio m\u00e1s de explora.cl","potentialAction":[{"@type":"SearchAction","target":{"@type":"EntryPoint","urlTemplate":"https:\/\/explora.cl\/lagos\/?s={search_term_string}"},"query-input":{"@type":"PropertyValueSpecification","valueRequired":true,"valueName":"search_term_string"}}],"inLanguage":"es"},{"@type":"Person","@id":"https:\/\/explora.cl\/lagos\/#\/schema\/person\/6608d3ee9ea0b0daeaf12289528fc582","name":"jvargas","image":{"@type":"ImageObject","inLanguage":"es","@id":"https:\/\/explora.cl\/lagos\/#\/schema\/person\/image\/","url":"https:\/\/secure.gravatar.com\/avatar\/8a6892fbfb002ef173a244b534b4bbcea4c183fc3fbf7732e64ac89b1d22d482?s=96&d=mm&r=g","contentUrl":"https:\/\/secure.gravatar.com\/avatar\/8a6892fbfb002ef173a244b534b4bbcea4c183fc3fbf7732e64ac89b1d22d482?s=96&d=mm&r=g","caption":"jvargas"},"url":"https:\/\/explora.cl\/lagos\/author\/jvargas\/"}]}},"_links":{"self":[{"href":"https:\/\/explora.cl\/lagos\/wp-json\/wp\/v2\/posts\/38779","targetHints":{"allow":["GET"]}}],"collection":[{"href":"https:\/\/explora.cl\/lagos\/wp-json\/wp\/v2\/posts"}],"about":[{"href":"https:\/\/explora.cl\/lagos\/wp-json\/wp\/v2\/types\/post"}],"author":[{"embeddable":true,"href":"https:\/\/explora.cl\/lagos\/wp-json\/wp\/v2\/users\/36"}],"replies":[{"embeddable":true,"href":"https:\/\/explora.cl\/lagos\/wp-json\/wp\/v2\/comments?post=38779"}],"version-history":[{"count":4,"href":"https:\/\/explora.cl\/lagos\/wp-json\/wp\/v2\/posts\/38779\/revisions"}],"predecessor-version":[{"id":38784,"href":"https:\/\/explora.cl\/lagos\/wp-json\/wp\/v2\/posts\/38779\/revisions\/38784"}],"wp:featuredmedia":[{"embeddable":true,"href":"https:\/\/explora.cl\/lagos\/wp-json\/wp\/v2\/media\/38780"}],"wp:attachment":[{"href":"https:\/\/explora.cl\/lagos\/wp-json\/wp\/v2\/media?parent=38779"}],"wp:term":[{"taxonomy":"category","embeddable":true,"href":"https:\/\/explora.cl\/lagos\/wp-json\/wp\/v2\/categories?post=38779"},{"taxonomy":"post_tag","embeddable":true,"href":"https:\/\/explora.cl\/lagos\/wp-json\/wp\/v2\/tags?post=38779"}],"curies":[{"name":"wp","href":"https:\/\/api.w.org\/{rel}","templated":true}]}}