{"id":38653,"date":"2019-07-01T09:48:35","date_gmt":"2019-07-01T13:48:35","guid":{"rendered":"https:\/\/explora.cl\/lagos\/?p=38653"},"modified":"2019-09-16T12:35:01","modified_gmt":"2019-09-16T15:35:01","slug":"revisa-aqui-las-bases-del-xvi-congreso-regional-escolar-de-las-ciencias-y-la-tecnologia-explora-de-conicyt-los-lagos-2019","status":"publish","type":"post","link":"https:\/\/explora.cl\/lagos\/revisa-aqui-las-bases-del-xvi-congreso-regional-escolar-de-las-ciencias-y-la-tecnologia-explora-de-conicyt-los-lagos-2019\/","title":{"rendered":"\u00a1Revisa aqu\u00ed las Bases del XVI Congreso Regional Escolar de las Ciencias y la Tecnolog\u00eda Explora de CONICYT Los Lagos 2019!"},"content":{"rendered":"<div id=\"dslc-module-b660fd3ce61\" class=\"dslc-module-front dslc-module-DSLC_TP_Content dslc-in-viewport-check dslc-in-viewport-anim-none dslc-col dslc-12-col dslc-last-col dslc-module-handle-like-regular dslc-in-viewport\" data-module-id=\"b660fd3ce61\" data-dslc-module-id=\"DSLC_TP_Content\" data-dslc-module-size=\"12\" data-dslc-anim=\"none\" data-dslc-anim-delay=\"\" data-dslc-anim-duration=\"650\" data-dslc-anim-easing=\"ease\" data-dslc-preset=\"none\">\n<div class=\"dslc-tp-content\">\n<div id=\"dslc-theme-content\">\n<div id=\"dslc-theme-content-inner\">\n<div><b>El Proyecto Asociativo Regional PAR Explora de CONICYT Los Lagos, ejecutado por la Universidad Austral de Chile Sede Puerto Montt<\/b>, presenta las <strong>Bases del XVI Congreso Regional Escolar de las Ciencias y la Tecnolog\u00eda Explora de CONICYT Los Lagos 2019 (CRECyT), que se realizar\u00e1 en la ciudad de Puerto Montt entre el 28 y 30 de octubre del presente a\u00f1o.<\/strong><\/div>\n<div>El evento\u00a0es un encuentro de divulgaci\u00f3n de investigaciones escolares, que convoca a estudiantes entre 5\u00b0 a\u00f1o de Educaci\u00f3n B\u00e1sica a 4\u00b0 a\u00f1o de Educaci\u00f3n Media pertenecientes a establecimientos educacionales p\u00fablicos, particulares subvencionados y particulares pagados, quienes dan a conocer los resultados de sus proyectos de investigaci\u00f3n, basados en los procesos asociados al desarrollo de competencias cient\u00edficas. A su vez, es una plataforma para compartir, conocer e interactuar con otros ni\u00f1os, ni\u00f1as y adolescentes de otras ciudades y contextos.<\/div>\n<div><\/div>\n<div><b>Destacar que existir\u00e1 una fecha de recepci\u00f3n de proyectos de investigaci\u00f3n que inicia el 5 de agosto 2019 y cierra el 12 de septiembre de 2019.\u00a0<\/b><\/div>\n<div><b>Cualquier consulta o duda acerca de las Bases o Formularios al correo <a href=\"mailto:karina.bravo@uach.cl\" target=\"_blank\" rel=\"noopener noreferrer\">karina.bravo@uach.cl<\/a> o al 65 2 624753<\/b><\/div>\n<\/div>\n<\/div>\n<\/div>\n<\/div>\n<div><\/div>\n<div><\/div>\n<div><\/div>\n<div><\/div>\n<h2><strong>\u00a0<\/strong><\/h2>\n<div><\/div>\n<p><a href=\"https:\/\/explora.cl\/lagos\/wp-content\/uploads\/sites\/17\/2019\/09\/Bases-Congreso-Regional-Los-Lagos-2019.pdf\" class=\"vc-btn vc-btn-orange\">Bases Congreso Regional Los Lagos 2019<\/a><\/p>\n<h2><strong>Formularios de Postulaci\u00f3n<\/strong><\/h2>\n<ul>\n<li><a href=\"https:\/\/explora.cl\/lagos\/wp-content\/uploads\/sites\/17\/2019\/09\/F-A-Formulario-Investigacion-Ciencias-Naturales-CRECyT2019.doc\">FA-Formulario de Investigaci\u00f3n Ciencias Naturales CRECyT 2019<\/a><\/li>\n<li><a href=\"https:\/\/explora.cl\/lagos\/wp-content\/uploads\/sites\/17\/2019\/09\/F-B-Formulario-Investigacion-Ciencias-Sociales-CRECyT2019.doc\">FB-Formulario de Investigaci\u00f3n Ciencias Sociales CRECyT 2019<\/a><\/li>\n<li><a href=\"https:\/\/explora.cl\/lagos\/wp-content\/uploads\/sites\/17\/2019\/09\/F-C-Formulario-Ingenieria-y-Tecnologia-CRECyT2019.doc\">FC-Formulario de Ingenier\u00eda y Tecnolog\u00eda CRECyT 2019<\/a><\/li>\n<\/ul>\n<h2><strong>Documentaci\u00f3n Anexa<\/strong><\/h2>\n<ul>\n<li><a href=\"https:\/\/explora.cl\/lagos\/wp-content\/uploads\/sites\/17\/2019\/09\/ANEXO-N\u00ba1-Categor\u00edas-Tem\u00e1ticas.doc\">Anexo N\u00ba1 Categor\u00edas Tem\u00e1ticas<\/a><\/li>\n<li><a href=\"https:\/\/explora.cl\/lagos\/wp-content\/uploads\/sites\/17\/2019\/09\/ANEXO-N\u00ba2-Autorizaci\u00f3n-Establecimiento-Educacional.doc\">Anexo N\u00ba2 Autorizaci\u00f3n Establecimiento<\/a><\/li>\n<li><a href=\"https:\/\/explora.cl\/lagos\/wp-content\/uploads\/sites\/17\/2019\/09\/ANEXO-N\u00ba3-Autorizaci\u00f3n-Apoderado-o-Tutor-Legal.doc\">Anexo N\u00ba3 Autorizaci\u00f3n Apoderado o Tutor Legal<\/a><\/li>\n<li><a href=\"https:\/\/explora.cl\/lagos\/wp-content\/uploads\/sites\/17\/2019\/09\/ANEXO-N\u00ba4-Compromiso-de-Participaci\u00f3n.doc\">Anexo N\u00ba4 Compromiso de Participaci\u00f3n<\/a><\/li>\n<li><a href=\"https:\/\/explora.cl\/lagos\/wp-content\/uploads\/sites\/17\/2019\/09\/ANEXO-N\u00ba5-Declaraci\u00f3n-Asesor-Inv.-Seres-Humanos.doc\">Anexo N\u00ba5 Declaraci\u00f3n Asesor Inv. Seres Humanos<\/a><\/li>\n<li><a href=\"https:\/\/explora.cl\/lagos\/wp-content\/uploads\/sites\/17\/2019\/09\/ANEXO-N\u00ba6-Investigaciones-Agentes-Biol\u00f3gicos-o-Quimicos.doc\">Anexo N\u00ba6 Investigaciones Agentes Biol\u00f3gicos o Qu\u00edmicos<\/a><\/li>\n<li><a href=\"https:\/\/explora.cl\/lagos\/wp-content\/uploads\/sites\/17\/2019\/09\/ANEXO-N\u00ba7-Declaraci\u00f3n-Asesor-Inv.-Invertebrados.doc\">Anexo N\u00ba7 Declaraci\u00f3n Asesor Inv. Invertebrados<\/a><\/li>\n<li><a href=\"https:\/\/explora.cl\/lagos\/wp-content\/uploads\/sites\/17\/2019\/09\/ANEXO-N\u00ba8-Declaraci\u00f3n-Asesor-Inv.-Vertebrados.doc\">Anexo N\u00ba8 Declaraci\u00f3n Asesor Inv. Vertebrados<\/a><\/li>\n<li><a href=\"https:\/\/explora.cl\/lagos\/wp-content\/uploads\/sites\/17\/2019\/09\/ANEXO-N\u00ba9-Autorizaci\u00f3n-comit\u00e9-de-\u00c9tica-Vertebrados.doc\">Anexo N\u00ba9 Autorizaci\u00f3n Comit\u00e9 de \u00c9tica Vertebrados<\/a><\/li>\n<li><a href=\"https:\/\/explora.cl\/lagos\/wp-content\/uploads\/sites\/17\/2019\/09\/ANEXO-N\u00ba10-Formulario-Intel-ISEF.doc\">Anexo N\u00ba10 Formulario Intel ISEF<\/a><\/li>\n<li><a href=\"https:\/\/explora.cl\/lagos\/wp-content\/uploads\/sites\/17\/2019\/09\/ANEXO-N\u00ba11-Admisibilidad.doc\">Anexo N\u00ba11 Admisibilidad<\/a><\/li>\n<\/ul>\n","protected":false},"excerpt":{"rendered":"<p>Atenci\u00f3n comunidad educativa ya pueden descargar las Bases, Formulario y documentaci\u00f3n anexa del XVI Congreso Regional Escolar de las Ciencias y la Tecnolog\u00eda Explora de CONICYT Los Lagos 2019 (CRECyT), que se realizar\u00e1 en la ciudad de Puerto Montt entre el 28 y 30 de octubre del presente a\u00f1o.<\/p>\n","protected":false},"author":36,"featured_media":38798,"comment_status":"open","ping_status":"open","sticky":false,"template":"","format":"standard","meta":{"_acf_changed":false,"_exactmetrics_skip_tracking":false,"_exactmetrics_sitenote_active":false,"_exactmetrics_sitenote_note":"","_exactmetrics_sitenote_category":0,"footnotes":"","_links_to":"","_links_to_target":""},"categories":[151,1],"tags":[255,207,243,225,242],"class_list":["post-38653","post","type-post","status-publish","format-standard","has-post-thumbnail","hentry","category-banner","category-sin-categoria","tag-clubes-explora","tag-congreso-regional-escolar-de-ciencias-y-tecnologia","tag-cyt","tag-investigacion-cientifica","tag-parexploraconicytloslagos"],"acf":[],"yoast_head":"<!-- This site is optimized with the Yoast SEO plugin v26.9 - https:\/\/yoast.com\/product\/yoast-seo-wordpress\/ -->\n<title>\u00a1Revisa aqu\u00ed las Bases del XVI Congreso Regional Escolar de las Ciencias y la Tecnolog\u00eda Explora de CONICYT Los Lagos 2019! - Los Lagos<\/title>\n<meta name=\"robots\" content=\"index, follow, max-snippet:-1, max-image-preview:large, max-video-preview:-1\" \/>\n<link rel=\"canonical\" href=\"https:\/\/explora.cl\/lagos\/revisa-aqui-las-bases-del-xvi-congreso-regional-escolar-de-las-ciencias-y-la-tecnologia-explora-de-conicyt-los-lagos-2019\/\" class=\"yoast-seo-meta-tag\" \/>\n<meta property=\"og:locale\" content=\"es_ES\" class=\"yoast-seo-meta-tag\" \/>\n<meta property=\"og:type\" content=\"article\" class=\"yoast-seo-meta-tag\" \/>\n<meta property=\"og:title\" content=\"\u00a1Revisa aqu\u00ed las Bases del XVI Congreso Regional Escolar de las Ciencias y la Tecnolog\u00eda Explora de CONICYT Los Lagos 2019! - Los Lagos\" class=\"yoast-seo-meta-tag\" \/>\n<meta property=\"og:description\" content=\"Atenci\u00f3n comunidad educativa ya pueden descargar las Bases, Formulario y documentaci\u00f3n anexa del XVI Congreso Regional Escolar de las Ciencias y la Tecnolog\u00eda Explora de CONICYT Los Lagos 2019 (CRECyT), que se realizar\u00e1 en la ciudad de Puerto Montt entre el 28 y 30 de octubre del presente a\u00f1o.\" class=\"yoast-seo-meta-tag\" \/>\n<meta property=\"og:url\" content=\"https:\/\/explora.cl\/lagos\/revisa-aqui-las-bases-del-xvi-congreso-regional-escolar-de-las-ciencias-y-la-tecnologia-explora-de-conicyt-los-lagos-2019\/\" class=\"yoast-seo-meta-tag\" \/>\n<meta property=\"og:site_name\" content=\"Los Lagos\" class=\"yoast-seo-meta-tag\" \/>\n<meta property=\"article:published_time\" content=\"2019-07-01T13:48:35+00:00\" class=\"yoast-seo-meta-tag\" \/>\n<meta property=\"article:modified_time\" content=\"2019-09-16T15:35:01+00:00\" class=\"yoast-seo-meta-tag\" \/>\n<meta property=\"og:image\" content=\"https:\/\/explora.cl\/lagos\/wp-content\/uploads\/sites\/17\/2019\/07\/pagina_explora.jpg\" class=\"yoast-seo-meta-tag\" \/>\n\t<meta property=\"og:image:width\" content=\"736\" class=\"yoast-seo-meta-tag\" \/>\n\t<meta property=\"og:image:height\" content=\"420\" class=\"yoast-seo-meta-tag\" \/>\n\t<meta property=\"og:image:type\" content=\"image\/jpeg\" class=\"yoast-seo-meta-tag\" \/>\n<meta name=\"author\" content=\"jvargas\" class=\"yoast-seo-meta-tag\" \/>\n<meta name=\"twitter:card\" content=\"summary_large_image\" class=\"yoast-seo-meta-tag\" \/>\n<meta name=\"twitter:label1\" content=\"Escrito por\" class=\"yoast-seo-meta-tag\" \/>\n\t<meta name=\"twitter:data1\" content=\"jvargas\" class=\"yoast-seo-meta-tag\" \/>\n\t<meta name=\"twitter:label2\" content=\"Tiempo de lectura\" class=\"yoast-seo-meta-tag\" \/>\n\t<meta name=\"twitter:data2\" content=\"1 minuto\" class=\"yoast-seo-meta-tag\" \/>\n<script type=\"application\/ld+json\" class=\"yoast-schema-graph\">{\"@context\":\"https:\/\/schema.org\",\"@graph\":[{\"@type\":\"Article\",\"@id\":\"https:\/\/explora.cl\/lagos\/revisa-aqui-las-bases-del-xvi-congreso-regional-escolar-de-las-ciencias-y-la-tecnologia-explora-de-conicyt-los-lagos-2019\/#article\",\"isPartOf\":{\"@id\":\"https:\/\/explora.cl\/lagos\/revisa-aqui-las-bases-del-xvi-congreso-regional-escolar-de-las-ciencias-y-la-tecnologia-explora-de-conicyt-los-lagos-2019\/\"},\"author\":{\"name\":\"jvargas\",\"@id\":\"https:\/\/explora.cl\/lagos\/#\/schema\/person\/6608d3ee9ea0b0daeaf12289528fc582\"},\"headline\":\"\u00a1Revisa aqu\u00ed las Bases del XVI Congreso Regional Escolar de las Ciencias y la Tecnolog\u00eda Explora de CONICYT Los Lagos 2019!\",\"datePublished\":\"2019-07-01T13:48:35+00:00\",\"dateModified\":\"2019-09-16T15:35:01+00:00\",\"mainEntityOfPage\":{\"@id\":\"https:\/\/explora.cl\/lagos\/revisa-aqui-las-bases-del-xvi-congreso-regional-escolar-de-las-ciencias-y-la-tecnologia-explora-de-conicyt-los-lagos-2019\/\"},\"wordCount\":316,\"commentCount\":0,\"image\":{\"@id\":\"https:\/\/explora.cl\/lagos\/revisa-aqui-las-bases-del-xvi-congreso-regional-escolar-de-las-ciencias-y-la-tecnologia-explora-de-conicyt-los-lagos-2019\/#primaryimage\"},\"thumbnailUrl\":\"https:\/\/explora.cl\/lagos\/wp-content\/uploads\/sites\/17\/2019\/07\/pagina_explora.jpg\",\"keywords\":[\"Clubes Explora\",\"Congreso Regional Escolar de Ciencias y Tecnolog\u00eda\",\"CYT\",\"Investigaci\u00f3n Cient\u00edfica\",\"PAREXPLORACONICYTLOSLAGOS\"],\"articleSection\":[\"Banner\"],\"inLanguage\":\"es\",\"potentialAction\":[{\"@type\":\"CommentAction\",\"name\":\"Comment\",\"target\":[\"https:\/\/explora.cl\/lagos\/revisa-aqui-las-bases-del-xvi-congreso-regional-escolar-de-las-ciencias-y-la-tecnologia-explora-de-conicyt-los-lagos-2019\/#respond\"]}]},{\"@type\":\"WebPage\",\"@id\":\"https:\/\/explora.cl\/lagos\/revisa-aqui-las-bases-del-xvi-congreso-regional-escolar-de-las-ciencias-y-la-tecnologia-explora-de-conicyt-los-lagos-2019\/\",\"url\":\"https:\/\/explora.cl\/lagos\/revisa-aqui-las-bases-del-xvi-congreso-regional-escolar-de-las-ciencias-y-la-tecnologia-explora-de-conicyt-los-lagos-2019\/\",\"name\":\"\u00a1Revisa aqu\u00ed las Bases del XVI Congreso Regional Escolar de las Ciencias y la Tecnolog\u00eda Explora de CONICYT Los Lagos 2019! - Los Lagos\",\"isPartOf\":{\"@id\":\"https:\/\/explora.cl\/lagos\/#website\"},\"primaryImageOfPage\":{\"@id\":\"https:\/\/explora.cl\/lagos\/revisa-aqui-las-bases-del-xvi-congreso-regional-escolar-de-las-ciencias-y-la-tecnologia-explora-de-conicyt-los-lagos-2019\/#primaryimage\"},\"image\":{\"@id\":\"https:\/\/explora.cl\/lagos\/revisa-aqui-las-bases-del-xvi-congreso-regional-escolar-de-las-ciencias-y-la-tecnologia-explora-de-conicyt-los-lagos-2019\/#primaryimage\"},\"thumbnailUrl\":\"https:\/\/explora.cl\/lagos\/wp-content\/uploads\/sites\/17\/2019\/07\/pagina_explora.jpg\",\"datePublished\":\"2019-07-01T13:48:35+00:00\",\"dateModified\":\"2019-09-16T15:35:01+00:00\",\"author\":{\"@id\":\"https:\/\/explora.cl\/lagos\/#\/schema\/person\/6608d3ee9ea0b0daeaf12289528fc582\"},\"breadcrumb\":{\"@id\":\"https:\/\/explora.cl\/lagos\/revisa-aqui-las-bases-del-xvi-congreso-regional-escolar-de-las-ciencias-y-la-tecnologia-explora-de-conicyt-los-lagos-2019\/#breadcrumb\"},\"inLanguage\":\"es\",\"potentialAction\":[{\"@type\":\"ReadAction\",\"target\":[\"https:\/\/explora.cl\/lagos\/revisa-aqui-las-bases-del-xvi-congreso-regional-escolar-de-las-ciencias-y-la-tecnologia-explora-de-conicyt-los-lagos-2019\/\"]}]},{\"@type\":\"ImageObject\",\"inLanguage\":\"es\",\"@id\":\"https:\/\/explora.cl\/lagos\/revisa-aqui-las-bases-del-xvi-congreso-regional-escolar-de-las-ciencias-y-la-tecnologia-explora-de-conicyt-los-lagos-2019\/#primaryimage\",\"url\":\"https:\/\/explora.cl\/lagos\/wp-content\/uploads\/sites\/17\/2019\/07\/pagina_explora.jpg\",\"contentUrl\":\"https:\/\/explora.cl\/lagos\/wp-content\/uploads\/sites\/17\/2019\/07\/pagina_explora.jpg\",\"width\":736,\"height\":420},{\"@type\":\"BreadcrumbList\",\"@id\":\"https:\/\/explora.cl\/lagos\/revisa-aqui-las-bases-del-xvi-congreso-regional-escolar-de-las-ciencias-y-la-tecnologia-explora-de-conicyt-los-lagos-2019\/#breadcrumb\",\"itemListElement\":[{\"@type\":\"ListItem\",\"position\":1,\"name\":\"Portada\",\"item\":\"https:\/\/explora.cl\/lagos\/\"},{\"@type\":\"ListItem\",\"position\":2,\"name\":\"\u00a1Revisa aqu\u00ed las Bases del XVI Congreso Regional Escolar de las Ciencias y la Tecnolog\u00eda Explora de CONICYT Los Lagos 2019!\"}]},{\"@type\":\"WebSite\",\"@id\":\"https:\/\/explora.cl\/lagos\/#website\",\"url\":\"https:\/\/explora.cl\/lagos\/\",\"name\":\"Los Lagos\",\"description\":\"Otro sitio m\u00e1s de explora.cl\",\"potentialAction\":[{\"@type\":\"SearchAction\",\"target\":{\"@type\":\"EntryPoint\",\"urlTemplate\":\"https:\/\/explora.cl\/lagos\/?s={search_term_string}\"},\"query-input\":{\"@type\":\"PropertyValueSpecification\",\"valueRequired\":true,\"valueName\":\"search_term_string\"}}],\"inLanguage\":\"es\"},{\"@type\":\"Person\",\"@id\":\"https:\/\/explora.cl\/lagos\/#\/schema\/person\/6608d3ee9ea0b0daeaf12289528fc582\",\"name\":\"jvargas\",\"image\":{\"@type\":\"ImageObject\",\"inLanguage\":\"es\",\"@id\":\"https:\/\/explora.cl\/lagos\/#\/schema\/person\/image\/\",\"url\":\"https:\/\/secure.gravatar.com\/avatar\/8a6892fbfb002ef173a244b534b4bbcea4c183fc3fbf7732e64ac89b1d22d482?s=96&d=mm&r=g\",\"contentUrl\":\"https:\/\/secure.gravatar.com\/avatar\/8a6892fbfb002ef173a244b534b4bbcea4c183fc3fbf7732e64ac89b1d22d482?s=96&d=mm&r=g\",\"caption\":\"jvargas\"},\"url\":\"https:\/\/explora.cl\/lagos\/author\/jvargas\/\"}]}<\/script>\n<!-- \/ Yoast SEO plugin. -->","yoast_head_json":{"title":"\u00a1Revisa aqu\u00ed las Bases del XVI Congreso Regional Escolar de las Ciencias y la Tecnolog\u00eda Explora de CONICYT Los Lagos 2019! - Los Lagos","robots":{"index":"index","follow":"follow","max-snippet":"max-snippet:-1","max-image-preview":"max-image-preview:large","max-video-preview":"max-video-preview:-1"},"canonical":"https:\/\/explora.cl\/lagos\/revisa-aqui-las-bases-del-xvi-congreso-regional-escolar-de-las-ciencias-y-la-tecnologia-explora-de-conicyt-los-lagos-2019\/","og_locale":"es_ES","og_type":"article","og_title":"\u00a1Revisa aqu\u00ed las Bases del XVI Congreso Regional Escolar de las Ciencias y la Tecnolog\u00eda Explora de CONICYT Los Lagos 2019! - Los Lagos","og_description":"Atenci\u00f3n comunidad educativa ya pueden descargar las Bases, Formulario y documentaci\u00f3n anexa del XVI Congreso Regional Escolar de las Ciencias y la Tecnolog\u00eda Explora de CONICYT Los Lagos 2019 (CRECyT), que se realizar\u00e1 en la ciudad de Puerto Montt entre el 28 y 30 de octubre del presente a\u00f1o.","og_url":"https:\/\/explora.cl\/lagos\/revisa-aqui-las-bases-del-xvi-congreso-regional-escolar-de-las-ciencias-y-la-tecnologia-explora-de-conicyt-los-lagos-2019\/","og_site_name":"Los Lagos","article_published_time":"2019-07-01T13:48:35+00:00","article_modified_time":"2019-09-16T15:35:01+00:00","og_image":[{"width":736,"height":420,"url":"https:\/\/explora.cl\/lagos\/wp-content\/uploads\/sites\/17\/2019\/07\/pagina_explora.jpg","type":"image\/jpeg"}],"author":"jvargas","twitter_card":"summary_large_image","twitter_misc":{"Escrito por":"jvargas","Tiempo de lectura":"1 minuto"},"schema":{"@context":"https:\/\/schema.org","@graph":[{"@type":"Article","@id":"https:\/\/explora.cl\/lagos\/revisa-aqui-las-bases-del-xvi-congreso-regional-escolar-de-las-ciencias-y-la-tecnologia-explora-de-conicyt-los-lagos-2019\/#article","isPartOf":{"@id":"https:\/\/explora.cl\/lagos\/revisa-aqui-las-bases-del-xvi-congreso-regional-escolar-de-las-ciencias-y-la-tecnologia-explora-de-conicyt-los-lagos-2019\/"},"author":{"name":"jvargas","@id":"https:\/\/explora.cl\/lagos\/#\/schema\/person\/6608d3ee9ea0b0daeaf12289528fc582"},"headline":"\u00a1Revisa aqu\u00ed las Bases del XVI Congreso Regional Escolar de las Ciencias y la Tecnolog\u00eda Explora de CONICYT Los Lagos 2019!","datePublished":"2019-07-01T13:48:35+00:00","dateModified":"2019-09-16T15:35:01+00:00","mainEntityOfPage":{"@id":"https:\/\/explora.cl\/lagos\/revisa-aqui-las-bases-del-xvi-congreso-regional-escolar-de-las-ciencias-y-la-tecnologia-explora-de-conicyt-los-lagos-2019\/"},"wordCount":316,"commentCount":0,"image":{"@id":"https:\/\/explora.cl\/lagos\/revisa-aqui-las-bases-del-xvi-congreso-regional-escolar-de-las-ciencias-y-la-tecnologia-explora-de-conicyt-los-lagos-2019\/#primaryimage"},"thumbnailUrl":"https:\/\/explora.cl\/lagos\/wp-content\/uploads\/sites\/17\/2019\/07\/pagina_explora.jpg","keywords":["Clubes Explora","Congreso Regional Escolar de Ciencias y Tecnolog\u00eda","CYT","Investigaci\u00f3n Cient\u00edfica","PAREXPLORACONICYTLOSLAGOS"],"articleSection":["Banner"],"inLanguage":"es","potentialAction":[{"@type":"CommentAction","name":"Comment","target":["https:\/\/explora.cl\/lagos\/revisa-aqui-las-bases-del-xvi-congreso-regional-escolar-de-las-ciencias-y-la-tecnologia-explora-de-conicyt-los-lagos-2019\/#respond"]}]},{"@type":"WebPage","@id":"https:\/\/explora.cl\/lagos\/revisa-aqui-las-bases-del-xvi-congreso-regional-escolar-de-las-ciencias-y-la-tecnologia-explora-de-conicyt-los-lagos-2019\/","url":"https:\/\/explora.cl\/lagos\/revisa-aqui-las-bases-del-xvi-congreso-regional-escolar-de-las-ciencias-y-la-tecnologia-explora-de-conicyt-los-lagos-2019\/","name":"\u00a1Revisa aqu\u00ed las Bases del XVI Congreso Regional Escolar de las Ciencias y la Tecnolog\u00eda Explora de CONICYT Los Lagos 2019! - Los Lagos","isPartOf":{"@id":"https:\/\/explora.cl\/lagos\/#website"},"primaryImageOfPage":{"@id":"https:\/\/explora.cl\/lagos\/revisa-aqui-las-bases-del-xvi-congreso-regional-escolar-de-las-ciencias-y-la-tecnologia-explora-de-conicyt-los-lagos-2019\/#primaryimage"},"image":{"@id":"https:\/\/explora.cl\/lagos\/revisa-aqui-las-bases-del-xvi-congreso-regional-escolar-de-las-ciencias-y-la-tecnologia-explora-de-conicyt-los-lagos-2019\/#primaryimage"},"thumbnailUrl":"https:\/\/explora.cl\/lagos\/wp-content\/uploads\/sites\/17\/2019\/07\/pagina_explora.jpg","datePublished":"2019-07-01T13:48:35+00:00","dateModified":"2019-09-16T15:35:01+00:00","author":{"@id":"https:\/\/explora.cl\/lagos\/#\/schema\/person\/6608d3ee9ea0b0daeaf12289528fc582"},"breadcrumb":{"@id":"https:\/\/explora.cl\/lagos\/revisa-aqui-las-bases-del-xvi-congreso-regional-escolar-de-las-ciencias-y-la-tecnologia-explora-de-conicyt-los-lagos-2019\/#breadcrumb"},"inLanguage":"es","potentialAction":[{"@type":"ReadAction","target":["https:\/\/explora.cl\/lagos\/revisa-aqui-las-bases-del-xvi-congreso-regional-escolar-de-las-ciencias-y-la-tecnologia-explora-de-conicyt-los-lagos-2019\/"]}]},{"@type":"ImageObject","inLanguage":"es","@id":"https:\/\/explora.cl\/lagos\/revisa-aqui-las-bases-del-xvi-congreso-regional-escolar-de-las-ciencias-y-la-tecnologia-explora-de-conicyt-los-lagos-2019\/#primaryimage","url":"https:\/\/explora.cl\/lagos\/wp-content\/uploads\/sites\/17\/2019\/07\/pagina_explora.jpg","contentUrl":"https:\/\/explora.cl\/lagos\/wp-content\/uploads\/sites\/17\/2019\/07\/pagina_explora.jpg","width":736,"height":420},{"@type":"BreadcrumbList","@id":"https:\/\/explora.cl\/lagos\/revisa-aqui-las-bases-del-xvi-congreso-regional-escolar-de-las-ciencias-y-la-tecnologia-explora-de-conicyt-los-lagos-2019\/#breadcrumb","itemListElement":[{"@type":"ListItem","position":1,"name":"Portada","item":"https:\/\/explora.cl\/lagos\/"},{"@type":"ListItem","position":2,"name":"\u00a1Revisa aqu\u00ed las Bases del XVI Congreso Regional Escolar de las Ciencias y la Tecnolog\u00eda Explora de CONICYT Los Lagos 2019!"}]},{"@type":"WebSite","@id":"https:\/\/explora.cl\/lagos\/#website","url":"https:\/\/explora.cl\/lagos\/","name":"Los Lagos","description":"Otro sitio m\u00e1s de explora.cl","potentialAction":[{"@type":"SearchAction","target":{"@type":"EntryPoint","urlTemplate":"https:\/\/explora.cl\/lagos\/?s={search_term_string}"},"query-input":{"@type":"PropertyValueSpecification","valueRequired":true,"valueName":"search_term_string"}}],"inLanguage":"es"},{"@type":"Person","@id":"https:\/\/explora.cl\/lagos\/#\/schema\/person\/6608d3ee9ea0b0daeaf12289528fc582","name":"jvargas","image":{"@type":"ImageObject","inLanguage":"es","@id":"https:\/\/explora.cl\/lagos\/#\/schema\/person\/image\/","url":"https:\/\/secure.gravatar.com\/avatar\/8a6892fbfb002ef173a244b534b4bbcea4c183fc3fbf7732e64ac89b1d22d482?s=96&d=mm&r=g","contentUrl":"https:\/\/secure.gravatar.com\/avatar\/8a6892fbfb002ef173a244b534b4bbcea4c183fc3fbf7732e64ac89b1d22d482?s=96&d=mm&r=g","caption":"jvargas"},"url":"https:\/\/explora.cl\/lagos\/author\/jvargas\/"}]}},"_links":{"self":[{"href":"https:\/\/explora.cl\/lagos\/wp-json\/wp\/v2\/posts\/38653","targetHints":{"allow":["GET"]}}],"collection":[{"href":"https:\/\/explora.cl\/lagos\/wp-json\/wp\/v2\/posts"}],"about":[{"href":"https:\/\/explora.cl\/lagos\/wp-json\/wp\/v2\/types\/post"}],"author":[{"embeddable":true,"href":"https:\/\/explora.cl\/lagos\/wp-json\/wp\/v2\/users\/36"}],"replies":[{"embeddable":true,"href":"https:\/\/explora.cl\/lagos\/wp-json\/wp\/v2\/comments?post=38653"}],"version-history":[{"count":34,"href":"https:\/\/explora.cl\/lagos\/wp-json\/wp\/v2\/posts\/38653\/revisions"}],"predecessor-version":[{"id":38848,"href":"https:\/\/explora.cl\/lagos\/wp-json\/wp\/v2\/posts\/38653\/revisions\/38848"}],"wp:featuredmedia":[{"embeddable":true,"href":"https:\/\/explora.cl\/lagos\/wp-json\/wp\/v2\/media\/38798"}],"wp:attachment":[{"href":"https:\/\/explora.cl\/lagos\/wp-json\/wp\/v2\/media?parent=38653"}],"wp:term":[{"taxonomy":"category","embeddable":true,"href":"https:\/\/explora.cl\/lagos\/wp-json\/wp\/v2\/categories?post=38653"},{"taxonomy":"post_tag","embeddable":true,"href":"https:\/\/explora.cl\/lagos\/wp-json\/wp\/v2\/tags?post=38653"}],"curies":[{"name":"wp","href":"https:\/\/api.w.org\/{rel}","templated":true}]}}