{"id":1944,"date":"2015-11-04T00:00:00","date_gmt":"2015-11-04T04:00:00","guid":{"rendered":"http:\/\/ec2-34-219-152-79.us-west-2.compute.amazonaws.com\/lagos\/blog\/2015\/11\/04\/nuevo-comic-cientifico-aborda-el-cambio-climatico-y-su-efecto-sobre-la-agricultura\/"},"modified":"2019-05-20T19:43:06","modified_gmt":"2019-05-20T19:43:06","slug":"nuevo-comic-cientifico-aborda-el-cambio-climatico-y-su-efecto-sobre-la-agricultura","status":"publish","type":"post","link":"https:\/\/explora.cl\/lagos\/nuevo-comic-cientifico-aborda-el-cambio-climatico-y-su-efecto-sobre-la-agricultura\/","title":{"rendered":"Nuevo c\u00f3mic cient\u00edfico aborda el cambio clim\u00e1tico y su efecto sobre la agricultura"},"content":{"rendered":"<p style=\"text-align: justify\">Las diversas complicaciones medioambientales que han debido enfrentar los agricultores del sector de R\u00edo Negro, cercano a la ciudad de Osorno, producto del cambio clim\u00e1tico y el calentamiento global, adem\u00e1s de posibles soluciones, son los temas que aborda \u00abPapas 2.0\u00bb, el nuevo c\u00f3mic cient\u00edfico desarrollado por Proyecto Asociativo Regional EXPLORA de CONICYTLos Lagos, coordinado por la Universidad de Los Lagos.<\/p>\n<hr \/>\n<p style=\"text-align: left\"><img fetchpriority=\"high\" decoding=\"async\" class=\" alignright size-full wp-image-4690\" style=\"float: right\" src=\"http:\/\/ec2-54-245-22-188.us-west-2.compute.amazonaws.com\/wp-content\/uploads\/2014\/08\/001Imagenpapas.jpg\" alt=\"\" width=\"260\" height=\"260\" \/>La historia se ambienta en el a\u00f1o 2020 en el sector de R\u00edo Negro y relata el impacto que el cambio clim\u00e1tico ha provocado durante los \u00faltimos 50 a\u00f1os en el desarrollo agr\u00edcola. El c\u00f3mic da cuenta de las dificultades que debe enfrentar V\u00edctor, un agricultor local, que junto a su familia y vecinos de la zona experimentan una intensa sequ\u00eda que afecta a la Regi\u00f3n de Los Lagos y que genera complicaciones en la siembra de diversos vegetales, especialmente las papas.<\/p>\n<p style=\"text-align: left\">Los vecinos de R\u00edo Negro reciben la visita de un especialista del Instituto de Investigaciones Agropecuarias (INIA) Remehue, qui\u00e9n les comenta los factores que desencadenan el cambio clim\u00e1tico. Este proceso es provocado por causas naturales como variaciones en la energ\u00eda del sol y procesos biol\u00f3gicos. Pero adem\u00e1s, una de las causas m\u00e1s relevantes, proviene de las emisiones de CO2 provocadas por el hombre.<\/p>\n<p style=\"text-align: justify\">\u00abPapas 2.0\u00bb, cont\u00f3 con la asesor\u00eda cient\u00edfica de Josu\u00e9 M. Lagos, Magister en Ciencias e Investigador de INIA Remehue. El gui\u00f3n y las ilustraciones fueron desarrolladas por Francisco Bustamante, mientras que el dise\u00f1o lo realiz\u00f3 Eduardo Peralta.<\/p>\n","protected":false},"excerpt":{"rendered":"<p>Las diversas complicaciones medioambientales que han debido enfrentar los agricultores del sector de R\u00edo Negro, cercano a la ciudad de Osorno, producto del cambio clim\u00e1tico y el calentamiento global, adem\u00e1s de posibles soluciones, son los temas que aborda \u00abPapas 2.0\u00bb, el nuevo c\u00f3mic cient\u00edfico desarrollado por Proyecto Asociativo Regional EXPLORA de CONICYTLos Lagos, coordinado por [&hellip;]<\/p>\n","protected":false},"author":2,"featured_media":1945,"comment_status":"open","ping_status":"open","sticky":false,"template":"","format":"standard","meta":{"_acf_changed":false,"_exactmetrics_skip_tracking":false,"_exactmetrics_sitenote_active":false,"_exactmetrics_sitenote_note":"","_exactmetrics_sitenote_category":0,"footnotes":"","_links_to":"","_links_to_target":""},"categories":[4],"tags":[],"class_list":["post-1944","post","type-post","status-publish","format-standard","has-post-thumbnail","hentry","category-noticias"],"acf":[],"yoast_head":"<!-- This site is optimized with the Yoast SEO plugin v26.9 - https:\/\/yoast.com\/product\/yoast-seo-wordpress\/ -->\n<title>Nuevo c\u00f3mic cient\u00edfico aborda el cambio clim\u00e1tico y su efecto sobre la agricultura - Los Lagos<\/title>\n<meta name=\"robots\" content=\"index, follow, max-snippet:-1, max-image-preview:large, max-video-preview:-1\" \/>\n<link rel=\"canonical\" href=\"https:\/\/explora.cl\/lagos\/nuevo-comic-cientifico-aborda-el-cambio-climatico-y-su-efecto-sobre-la-agricultura\/\" class=\"yoast-seo-meta-tag\" \/>\n<meta property=\"og:locale\" content=\"es_ES\" class=\"yoast-seo-meta-tag\" \/>\n<meta property=\"og:type\" content=\"article\" class=\"yoast-seo-meta-tag\" \/>\n<meta property=\"og:title\" content=\"Nuevo c\u00f3mic cient\u00edfico aborda el cambio clim\u00e1tico y su efecto sobre la agricultura - Los Lagos\" class=\"yoast-seo-meta-tag\" \/>\n<meta property=\"og:description\" content=\"Las diversas complicaciones medioambientales que han debido enfrentar los agricultores del sector de R\u00edo Negro, cercano a la ciudad de Osorno, producto del cambio clim\u00e1tico y el calentamiento global, adem\u00e1s de posibles soluciones, son los temas que aborda \u00abPapas 2.0\u00bb, el nuevo c\u00f3mic cient\u00edfico desarrollado por Proyecto Asociativo Regional EXPLORA de CONICYTLos Lagos, coordinado por [&hellip;]\" class=\"yoast-seo-meta-tag\" \/>\n<meta property=\"og:url\" content=\"https:\/\/explora.cl\/lagos\/nuevo-comic-cientifico-aborda-el-cambio-climatico-y-su-efecto-sobre-la-agricultura\/\" class=\"yoast-seo-meta-tag\" \/>\n<meta property=\"og:site_name\" content=\"Los Lagos\" class=\"yoast-seo-meta-tag\" \/>\n<meta property=\"article:published_time\" content=\"2015-11-04T04:00:00+00:00\" class=\"yoast-seo-meta-tag\" \/>\n<meta property=\"article:modified_time\" content=\"2019-05-20T19:43:06+00:00\" class=\"yoast-seo-meta-tag\" \/>\n<meta property=\"og:image\" content=\"https:\/\/explora.cl\/lagos\/wp-content\/uploads\/sites\/17\/2018\/06\/001Imagenpapas.jpg\" class=\"yoast-seo-meta-tag\" \/>\n\t<meta property=\"og:image:width\" content=\"1496\" class=\"yoast-seo-meta-tag\" \/>\n\t<meta property=\"og:image:height\" content=\"1496\" class=\"yoast-seo-meta-tag\" \/>\n\t<meta property=\"og:image:type\" content=\"image\/jpeg\" class=\"yoast-seo-meta-tag\" \/>\n<meta name=\"author\" content=\"webman\" class=\"yoast-seo-meta-tag\" \/>\n<meta name=\"twitter:card\" content=\"summary_large_image\" class=\"yoast-seo-meta-tag\" \/>\n<meta name=\"twitter:label1\" content=\"Escrito por\" class=\"yoast-seo-meta-tag\" \/>\n\t<meta name=\"twitter:data1\" content=\"webman\" class=\"yoast-seo-meta-tag\" \/>\n\t<meta name=\"twitter:label2\" content=\"Tiempo de lectura\" class=\"yoast-seo-meta-tag\" \/>\n\t<meta name=\"twitter:data2\" content=\"1 minuto\" class=\"yoast-seo-meta-tag\" \/>\n<script type=\"application\/ld+json\" class=\"yoast-schema-graph\">{\"@context\":\"https:\/\/schema.org\",\"@graph\":[{\"@type\":\"Article\",\"@id\":\"https:\/\/explora.cl\/lagos\/nuevo-comic-cientifico-aborda-el-cambio-climatico-y-su-efecto-sobre-la-agricultura\/#article\",\"isPartOf\":{\"@id\":\"https:\/\/explora.cl\/lagos\/nuevo-comic-cientifico-aborda-el-cambio-climatico-y-su-efecto-sobre-la-agricultura\/\"},\"author\":{\"name\":\"webman\",\"@id\":\"https:\/\/explora.cl\/lagos\/#\/schema\/person\/cb8349c13ea2d324080adf8480d7ba5d\"},\"headline\":\"Nuevo c\u00f3mic cient\u00edfico aborda el cambio clim\u00e1tico y su efecto sobre la agricultura\",\"datePublished\":\"2015-11-04T04:00:00+00:00\",\"dateModified\":\"2019-05-20T19:43:06+00:00\",\"mainEntityOfPage\":{\"@id\":\"https:\/\/explora.cl\/lagos\/nuevo-comic-cientifico-aborda-el-cambio-climatico-y-su-efecto-sobre-la-agricultura\/\"},\"wordCount\":279,\"commentCount\":0,\"image\":{\"@id\":\"https:\/\/explora.cl\/lagos\/nuevo-comic-cientifico-aborda-el-cambio-climatico-y-su-efecto-sobre-la-agricultura\/#primaryimage\"},\"thumbnailUrl\":\"https:\/\/explora.cl\/lagos\/wp-content\/uploads\/sites\/17\/2018\/06\/001Imagenpapas.jpg\",\"articleSection\":[\"Noticias\"],\"inLanguage\":\"es\",\"potentialAction\":[{\"@type\":\"CommentAction\",\"name\":\"Comment\",\"target\":[\"https:\/\/explora.cl\/lagos\/nuevo-comic-cientifico-aborda-el-cambio-climatico-y-su-efecto-sobre-la-agricultura\/#respond\"]}]},{\"@type\":\"WebPage\",\"@id\":\"https:\/\/explora.cl\/lagos\/nuevo-comic-cientifico-aborda-el-cambio-climatico-y-su-efecto-sobre-la-agricultura\/\",\"url\":\"https:\/\/explora.cl\/lagos\/nuevo-comic-cientifico-aborda-el-cambio-climatico-y-su-efecto-sobre-la-agricultura\/\",\"name\":\"Nuevo c\u00f3mic cient\u00edfico aborda el cambio clim\u00e1tico y su efecto sobre la agricultura - Los Lagos\",\"isPartOf\":{\"@id\":\"https:\/\/explora.cl\/lagos\/#website\"},\"primaryImageOfPage\":{\"@id\":\"https:\/\/explora.cl\/lagos\/nuevo-comic-cientifico-aborda-el-cambio-climatico-y-su-efecto-sobre-la-agricultura\/#primaryimage\"},\"image\":{\"@id\":\"https:\/\/explora.cl\/lagos\/nuevo-comic-cientifico-aborda-el-cambio-climatico-y-su-efecto-sobre-la-agricultura\/#primaryimage\"},\"thumbnailUrl\":\"https:\/\/explora.cl\/lagos\/wp-content\/uploads\/sites\/17\/2018\/06\/001Imagenpapas.jpg\",\"datePublished\":\"2015-11-04T04:00:00+00:00\",\"dateModified\":\"2019-05-20T19:43:06+00:00\",\"author\":{\"@id\":\"https:\/\/explora.cl\/lagos\/#\/schema\/person\/cb8349c13ea2d324080adf8480d7ba5d\"},\"breadcrumb\":{\"@id\":\"https:\/\/explora.cl\/lagos\/nuevo-comic-cientifico-aborda-el-cambio-climatico-y-su-efecto-sobre-la-agricultura\/#breadcrumb\"},\"inLanguage\":\"es\",\"potentialAction\":[{\"@type\":\"ReadAction\",\"target\":[\"https:\/\/explora.cl\/lagos\/nuevo-comic-cientifico-aborda-el-cambio-climatico-y-su-efecto-sobre-la-agricultura\/\"]}]},{\"@type\":\"ImageObject\",\"inLanguage\":\"es\",\"@id\":\"https:\/\/explora.cl\/lagos\/nuevo-comic-cientifico-aborda-el-cambio-climatico-y-su-efecto-sobre-la-agricultura\/#primaryimage\",\"url\":\"https:\/\/explora.cl\/lagos\/wp-content\/uploads\/sites\/17\/2018\/06\/001Imagenpapas.jpg\",\"contentUrl\":\"https:\/\/explora.cl\/lagos\/wp-content\/uploads\/sites\/17\/2018\/06\/001Imagenpapas.jpg\",\"width\":1496,\"height\":1496},{\"@type\":\"BreadcrumbList\",\"@id\":\"https:\/\/explora.cl\/lagos\/nuevo-comic-cientifico-aborda-el-cambio-climatico-y-su-efecto-sobre-la-agricultura\/#breadcrumb\",\"itemListElement\":[{\"@type\":\"ListItem\",\"position\":1,\"name\":\"Portada\",\"item\":\"https:\/\/explora.cl\/lagos\/\"},{\"@type\":\"ListItem\",\"position\":2,\"name\":\"Nuevo c\u00f3mic cient\u00edfico aborda el cambio clim\u00e1tico y su efecto sobre la agricultura\"}]},{\"@type\":\"WebSite\",\"@id\":\"https:\/\/explora.cl\/lagos\/#website\",\"url\":\"https:\/\/explora.cl\/lagos\/\",\"name\":\"Los Lagos\",\"description\":\"Otro sitio m\u00e1s de explora.cl\",\"potentialAction\":[{\"@type\":\"SearchAction\",\"target\":{\"@type\":\"EntryPoint\",\"urlTemplate\":\"https:\/\/explora.cl\/lagos\/?s={search_term_string}\"},\"query-input\":{\"@type\":\"PropertyValueSpecification\",\"valueRequired\":true,\"valueName\":\"search_term_string\"}}],\"inLanguage\":\"es\"},{\"@type\":\"Person\",\"@id\":\"https:\/\/explora.cl\/lagos\/#\/schema\/person\/cb8349c13ea2d324080adf8480d7ba5d\",\"name\":\"webman\",\"image\":{\"@type\":\"ImageObject\",\"inLanguage\":\"es\",\"@id\":\"https:\/\/explora.cl\/lagos\/#\/schema\/person\/image\/\",\"url\":\"https:\/\/secure.gravatar.com\/avatar\/eeff3c82f2c02f7177d13663b7e6f890e9a6a0647ce9bb29cae02dcb094c7312?s=96&d=mm&r=g\",\"contentUrl\":\"https:\/\/secure.gravatar.com\/avatar\/eeff3c82f2c02f7177d13663b7e6f890e9a6a0647ce9bb29cae02dcb094c7312?s=96&d=mm&r=g\",\"caption\":\"webman\"},\"url\":\"https:\/\/explora.cl\/lagos\/author\/webman\/\"}]}<\/script>\n<!-- \/ Yoast SEO plugin. -->","yoast_head_json":{"title":"Nuevo c\u00f3mic cient\u00edfico aborda el cambio clim\u00e1tico y su efecto sobre la agricultura - Los Lagos","robots":{"index":"index","follow":"follow","max-snippet":"max-snippet:-1","max-image-preview":"max-image-preview:large","max-video-preview":"max-video-preview:-1"},"canonical":"https:\/\/explora.cl\/lagos\/nuevo-comic-cientifico-aborda-el-cambio-climatico-y-su-efecto-sobre-la-agricultura\/","og_locale":"es_ES","og_type":"article","og_title":"Nuevo c\u00f3mic cient\u00edfico aborda el cambio clim\u00e1tico y su efecto sobre la agricultura - Los Lagos","og_description":"Las diversas complicaciones medioambientales que han debido enfrentar los agricultores del sector de R\u00edo Negro, cercano a la ciudad de Osorno, producto del cambio clim\u00e1tico y el calentamiento global, adem\u00e1s de posibles soluciones, son los temas que aborda \u00abPapas 2.0\u00bb, el nuevo c\u00f3mic cient\u00edfico desarrollado por Proyecto Asociativo Regional EXPLORA de CONICYTLos Lagos, coordinado por [&hellip;]","og_url":"https:\/\/explora.cl\/lagos\/nuevo-comic-cientifico-aborda-el-cambio-climatico-y-su-efecto-sobre-la-agricultura\/","og_site_name":"Los Lagos","article_published_time":"2015-11-04T04:00:00+00:00","article_modified_time":"2019-05-20T19:43:06+00:00","og_image":[{"width":1496,"height":1496,"url":"https:\/\/explora.cl\/lagos\/wp-content\/uploads\/sites\/17\/2018\/06\/001Imagenpapas.jpg","type":"image\/jpeg"}],"author":"webman","twitter_card":"summary_large_image","twitter_misc":{"Escrito por":"webman","Tiempo de lectura":"1 minuto"},"schema":{"@context":"https:\/\/schema.org","@graph":[{"@type":"Article","@id":"https:\/\/explora.cl\/lagos\/nuevo-comic-cientifico-aborda-el-cambio-climatico-y-su-efecto-sobre-la-agricultura\/#article","isPartOf":{"@id":"https:\/\/explora.cl\/lagos\/nuevo-comic-cientifico-aborda-el-cambio-climatico-y-su-efecto-sobre-la-agricultura\/"},"author":{"name":"webman","@id":"https:\/\/explora.cl\/lagos\/#\/schema\/person\/cb8349c13ea2d324080adf8480d7ba5d"},"headline":"Nuevo c\u00f3mic cient\u00edfico aborda el cambio clim\u00e1tico y su efecto sobre la agricultura","datePublished":"2015-11-04T04:00:00+00:00","dateModified":"2019-05-20T19:43:06+00:00","mainEntityOfPage":{"@id":"https:\/\/explora.cl\/lagos\/nuevo-comic-cientifico-aborda-el-cambio-climatico-y-su-efecto-sobre-la-agricultura\/"},"wordCount":279,"commentCount":0,"image":{"@id":"https:\/\/explora.cl\/lagos\/nuevo-comic-cientifico-aborda-el-cambio-climatico-y-su-efecto-sobre-la-agricultura\/#primaryimage"},"thumbnailUrl":"https:\/\/explora.cl\/lagos\/wp-content\/uploads\/sites\/17\/2018\/06\/001Imagenpapas.jpg","articleSection":["Noticias"],"inLanguage":"es","potentialAction":[{"@type":"CommentAction","name":"Comment","target":["https:\/\/explora.cl\/lagos\/nuevo-comic-cientifico-aborda-el-cambio-climatico-y-su-efecto-sobre-la-agricultura\/#respond"]}]},{"@type":"WebPage","@id":"https:\/\/explora.cl\/lagos\/nuevo-comic-cientifico-aborda-el-cambio-climatico-y-su-efecto-sobre-la-agricultura\/","url":"https:\/\/explora.cl\/lagos\/nuevo-comic-cientifico-aborda-el-cambio-climatico-y-su-efecto-sobre-la-agricultura\/","name":"Nuevo c\u00f3mic cient\u00edfico aborda el cambio clim\u00e1tico y su efecto sobre la agricultura - Los Lagos","isPartOf":{"@id":"https:\/\/explora.cl\/lagos\/#website"},"primaryImageOfPage":{"@id":"https:\/\/explora.cl\/lagos\/nuevo-comic-cientifico-aborda-el-cambio-climatico-y-su-efecto-sobre-la-agricultura\/#primaryimage"},"image":{"@id":"https:\/\/explora.cl\/lagos\/nuevo-comic-cientifico-aborda-el-cambio-climatico-y-su-efecto-sobre-la-agricultura\/#primaryimage"},"thumbnailUrl":"https:\/\/explora.cl\/lagos\/wp-content\/uploads\/sites\/17\/2018\/06\/001Imagenpapas.jpg","datePublished":"2015-11-04T04:00:00+00:00","dateModified":"2019-05-20T19:43:06+00:00","author":{"@id":"https:\/\/explora.cl\/lagos\/#\/schema\/person\/cb8349c13ea2d324080adf8480d7ba5d"},"breadcrumb":{"@id":"https:\/\/explora.cl\/lagos\/nuevo-comic-cientifico-aborda-el-cambio-climatico-y-su-efecto-sobre-la-agricultura\/#breadcrumb"},"inLanguage":"es","potentialAction":[{"@type":"ReadAction","target":["https:\/\/explora.cl\/lagos\/nuevo-comic-cientifico-aborda-el-cambio-climatico-y-su-efecto-sobre-la-agricultura\/"]}]},{"@type":"ImageObject","inLanguage":"es","@id":"https:\/\/explora.cl\/lagos\/nuevo-comic-cientifico-aborda-el-cambio-climatico-y-su-efecto-sobre-la-agricultura\/#primaryimage","url":"https:\/\/explora.cl\/lagos\/wp-content\/uploads\/sites\/17\/2018\/06\/001Imagenpapas.jpg","contentUrl":"https:\/\/explora.cl\/lagos\/wp-content\/uploads\/sites\/17\/2018\/06\/001Imagenpapas.jpg","width":1496,"height":1496},{"@type":"BreadcrumbList","@id":"https:\/\/explora.cl\/lagos\/nuevo-comic-cientifico-aborda-el-cambio-climatico-y-su-efecto-sobre-la-agricultura\/#breadcrumb","itemListElement":[{"@type":"ListItem","position":1,"name":"Portada","item":"https:\/\/explora.cl\/lagos\/"},{"@type":"ListItem","position":2,"name":"Nuevo c\u00f3mic cient\u00edfico aborda el cambio clim\u00e1tico y su efecto sobre la agricultura"}]},{"@type":"WebSite","@id":"https:\/\/explora.cl\/lagos\/#website","url":"https:\/\/explora.cl\/lagos\/","name":"Los Lagos","description":"Otro sitio m\u00e1s de explora.cl","potentialAction":[{"@type":"SearchAction","target":{"@type":"EntryPoint","urlTemplate":"https:\/\/explora.cl\/lagos\/?s={search_term_string}"},"query-input":{"@type":"PropertyValueSpecification","valueRequired":true,"valueName":"search_term_string"}}],"inLanguage":"es"},{"@type":"Person","@id":"https:\/\/explora.cl\/lagos\/#\/schema\/person\/cb8349c13ea2d324080adf8480d7ba5d","name":"webman","image":{"@type":"ImageObject","inLanguage":"es","@id":"https:\/\/explora.cl\/lagos\/#\/schema\/person\/image\/","url":"https:\/\/secure.gravatar.com\/avatar\/eeff3c82f2c02f7177d13663b7e6f890e9a6a0647ce9bb29cae02dcb094c7312?s=96&d=mm&r=g","contentUrl":"https:\/\/secure.gravatar.com\/avatar\/eeff3c82f2c02f7177d13663b7e6f890e9a6a0647ce9bb29cae02dcb094c7312?s=96&d=mm&r=g","caption":"webman"},"url":"https:\/\/explora.cl\/lagos\/author\/webman\/"}]}},"_links":{"self":[{"href":"https:\/\/explora.cl\/lagos\/wp-json\/wp\/v2\/posts\/1944","targetHints":{"allow":["GET"]}}],"collection":[{"href":"https:\/\/explora.cl\/lagos\/wp-json\/wp\/v2\/posts"}],"about":[{"href":"https:\/\/explora.cl\/lagos\/wp-json\/wp\/v2\/types\/post"}],"author":[{"embeddable":true,"href":"https:\/\/explora.cl\/lagos\/wp-json\/wp\/v2\/users\/2"}],"replies":[{"embeddable":true,"href":"https:\/\/explora.cl\/lagos\/wp-json\/wp\/v2\/comments?post=1944"}],"version-history":[{"count":1,"href":"https:\/\/explora.cl\/lagos\/wp-json\/wp\/v2\/posts\/1944\/revisions"}],"predecessor-version":[{"id":38080,"href":"https:\/\/explora.cl\/lagos\/wp-json\/wp\/v2\/posts\/1944\/revisions\/38080"}],"wp:featuredmedia":[{"embeddable":true,"href":"https:\/\/explora.cl\/lagos\/wp-json\/wp\/v2\/media\/1945"}],"wp:attachment":[{"href":"https:\/\/explora.cl\/lagos\/wp-json\/wp\/v2\/media?parent=1944"}],"wp:term":[{"taxonomy":"category","embeddable":true,"href":"https:\/\/explora.cl\/lagos\/wp-json\/wp\/v2\/categories?post=1944"},{"taxonomy":"post_tag","embeddable":true,"href":"https:\/\/explora.cl\/lagos\/wp-json\/wp\/v2\/tags?post=1944"}],"curies":[{"name":"wp","href":"https:\/\/api.w.org\/{rel}","templated":true}]}}