{"id":43881,"date":"2026-03-02T15:28:30","date_gmt":"2026-03-02T18:28:30","guid":{"rendered":"https:\/\/explora.cl\/coquimbo\/?p=43881"},"modified":"2026-04-08T12:11:55","modified_gmt":"2026-04-08T16:11:55","slug":"convocatoria-2026-postula-aqui-a-nuestra-red-de-asesores-as-cientificos-as","status":"publish","type":"post","link":"https:\/\/explora.cl\/coquimbo\/convocatoria-2026-postula-aqui-a-nuestra-red-de-asesores-as-cientificos-as\/","title":{"rendered":"Convocatoria 2026: \u00a1Postula aqu\u00ed a nuestra Red de Asesores\/as Cient\u00edficos\/as!"},"content":{"rendered":"<p>El <b>Proyecto Asociativo Regional (PAR) Explora Coquimbo<\/b> en su versi\u00f3n <b>2026<\/b>, invita a profesionales, investigadores\/as, y estudiantes de postgrado\u00a0 que se vinculen con ciencias naturales, ciencias sociales, humanidades, artes, tecnolog\u00eda e innovaci\u00f3n a integrarse a la <b>Red de Asesores\/as Cient\u00edficos\/as<\/b> del ecosistema de <b>Ciencia, Tecnolog\u00eda, Conocimiento e Innovaci\u00f3n (CTCI)<\/b> de PAR Explora Coquimbo.<\/p>\n<p>Aquellas personas que deseen participar, se vincular\u00e1n con los equipos del <b>Programa de Investigaci\u00f3n e Innovaci\u00f3n Escolar (IIE)<\/b>, compuestos por docente y alumnos\/as de un establecimiento de la Regi\u00f3n de Coquimbo. El\/la Asesor\/a Cient\u00edfico\/a deber\u00e1 asesorar a los equipos IIE en el desarrollo de sus proyectos de investigaci\u00f3n o de innovaci\u00f3n. Para las asesor\u00edas cient\u00edficas se deber\u00e1 tener disponibilidad para <b>coordinar 3 asesor\u00edas: 2 asesor\u00edas virtuales y 1 asesor\u00eda presencial. La actividad presencial, podr\u00e1 consistir en una visita del establecimiento al lugar o \u00e1rea de desempe\u00f1o laboral del Asesor\/a Cient\u00edfico\/a o tambi\u00e9n podr\u00eda desarrollarse en otros espacios pertinentes al proyecto, como laboratorios, ecosistemas, espacios abiertos u otras instituciones de la red, siempre que estos tributen al cumplimiento del objetivo del proyecto IIE.\u00a0<\/b>Para la actividad presencial, podr\u00e1 apoyarse de la planificaci\u00f3n conjunta con el Equipo Explora para la coordinaci\u00f3n log\u00edstica y asegurar la visita del equipo IIE.<\/p>\n<p>Asimismo, los\/as asesores\/as cient\u00edficos\/as podr\u00e1n participar en diversas actividades de difusi\u00f3n regional al que ser\u00e1n invitados\/as como por ejemplo a actividades dirigidas a los equipos pedag\u00f3gicos del Programa de Indagaci\u00f3n para Primeras Edades (PIPE), actividades de &#8220;Comunidades de Aprendizaje en CTCI&#8221;, Congreso Regional IIE, entre otros.<\/p>\n<p>Esta convocatoria tiene como objetivo <b>fortalecer el intercambio de conocimientos y acercar a estudiantes, docentes, educadoras de p\u00e1rvulos, t\u00e9cnicos y profesionales de la educaci\u00f3n a espacios de fortalecimiento de proyectos de investigaci\u00f3n y\/o Innovaci\u00f3n en el \u00e1mbito educacional<\/b>.<\/p>\n<p>Es importante considerar que la participaci\u00f3n en las asesor\u00edas cient\u00edficas es de car\u00e1cter <b>voluntario <\/b>y <b>no existe retribuci\u00f3n econ\u00f3mica<\/b>. Sin embargo, el aporte y contribuci\u00f3n como <b>Asesor\/a Cient\u00edfico\/a <\/b>se reconoce a trav\u00e9s de la emisi\u00f3n de un <b>certificado <\/b>validado por el<b> Ministerio de Ciencia, Tecnolog\u00eda, Conocimiento e Innovaci\u00f3n<\/b> que se emite a fin de a\u00f1o tras haber completado las actividades de asesor\u00edas cient\u00edficas requeridas. Este certificado te permitir\u00e1 validar experiencias en transferencia de CTCI en diferentes postulaciones a nivel nacional. Adem\u00e1s con tu participaci\u00f3n podr\u00e1s brindarle la oportunidad a un alumno\/a de poder postular al <b>cupo Explora UNESCO<\/b>, v\u00eda de admisi\u00f3n especial a la educaci\u00f3n superior a trav\u00e9s de la cual diferentes instituciones de educaci\u00f3n superior en convenio ofrecen vacantes para que estudiantes con trayectoria en el \u00e1rea de las ciencias y la tecnolog\u00edas, y que hayan participado en actividades del Programa Explora puedan estudiar.<\/p>\n<p><strong>\u00bfQUIERES SER ASESOR\/A CIENT\u00cdFICO\/A? <a href=\"https:\/\/docs.google.com\/forms\/d\/e\/1FAIpQLScNrc7y0Z-z6JPIPP_lVzxnlePGGh7GrrUzSbUw2YCZA62-Uw\/viewform\" target=\"_blank\" rel=\"noopener\">\u00a1ENTONCES COMPLETA EL SIGUIENTE FORMULARIO.<\/a> (Pincha en el hiperv\u00ednculo)<\/strong><\/p>\n<p>Si tienes dudas o consultas cont\u00e1ctanos a cvivanco@cazalac.org<\/p>\n","protected":false},"excerpt":{"rendered":"<p>El Proyecto Asociativo Regional (PAR) Explora Coquimbo en su versi\u00f3n 2026, invita a profesionales, investigadores\/as, y estudiantes de postgrado\u00a0 que se vinculen con ciencias naturales, ciencias sociales, humanidades, artes, tecnolog\u00eda e innovaci\u00f3n a integrarse a la Red de Asesores\/as Cient\u00edficos\/as del ecosistema de Ciencia, Tecnolog\u00eda, Conocimiento e Innovaci\u00f3n (CTCI) de PAR Explora Coquimbo. Aquellas personas [&hellip;]<\/p>\n","protected":false},"author":21,"featured_media":43882,"comment_status":"open","ping_status":"open","sticky":false,"template":"","format":"standard","meta":{"_acf_changed":false,"_exactmetrics_skip_tracking":false,"_exactmetrics_sitenote_active":false,"_exactmetrics_sitenote_note":"","_exactmetrics_sitenote_category":0,"footnotes":"","_links_to":"","_links_to_target":""},"categories":[139,4],"tags":[],"class_list":["post-43881","post","type-post","status-publish","format-standard","has-post-thumbnail","hentry","category-lugar-4","category-noticias"],"acf":[],"yoast_head":"<!-- This site is optimized with the Yoast SEO plugin v26.9 - https:\/\/yoast.com\/product\/yoast-seo-wordpress\/ -->\n<title>Convocatoria 2026: \u00a1Postula aqu\u00ed a nuestra Red de Asesores\/as Cient\u00edficos\/as! - Coquimbo<\/title>\n<meta name=\"robots\" content=\"index, follow, max-snippet:-1, max-image-preview:large, max-video-preview:-1\" \/>\n<link rel=\"canonical\" href=\"https:\/\/explora.cl\/coquimbo\/convocatoria-2026-postula-aqui-a-nuestra-red-de-asesores-as-cientificos-as\/\" class=\"yoast-seo-meta-tag\" \/>\n<meta property=\"og:locale\" content=\"es_ES\" class=\"yoast-seo-meta-tag\" \/>\n<meta property=\"og:type\" content=\"article\" class=\"yoast-seo-meta-tag\" \/>\n<meta property=\"og:title\" content=\"Convocatoria 2026: \u00a1Postula aqu\u00ed a nuestra Red de Asesores\/as Cient\u00edficos\/as! - Coquimbo\" class=\"yoast-seo-meta-tag\" \/>\n<meta property=\"og:description\" content=\"El Proyecto Asociativo Regional (PAR) Explora Coquimbo en su versi\u00f3n 2026, invita a profesionales, investigadores\/as, y estudiantes de postgrado\u00a0 que se vinculen con ciencias naturales, ciencias sociales, humanidades, artes, tecnolog\u00eda e innovaci\u00f3n a integrarse a la Red de Asesores\/as Cient\u00edficos\/as del ecosistema de Ciencia, Tecnolog\u00eda, Conocimiento e Innovaci\u00f3n (CTCI) de PAR Explora Coquimbo. Aquellas personas [&hellip;]\" class=\"yoast-seo-meta-tag\" \/>\n<meta property=\"og:url\" content=\"https:\/\/explora.cl\/coquimbo\/convocatoria-2026-postula-aqui-a-nuestra-red-de-asesores-as-cientificos-as\/\" class=\"yoast-seo-meta-tag\" \/>\n<meta property=\"og:site_name\" content=\"Coquimbo\" class=\"yoast-seo-meta-tag\" \/>\n<meta property=\"article:published_time\" content=\"2026-03-02T18:28:30+00:00\" class=\"yoast-seo-meta-tag\" \/>\n<meta property=\"article:modified_time\" content=\"2026-04-08T16:11:55+00:00\" class=\"yoast-seo-meta-tag\" \/>\n<meta property=\"og:image\" content=\"https:\/\/explora.cl\/coquimbo\/wp-content\/uploads\/sites\/6\/2026\/03\/BANNER-WEB.png\" class=\"yoast-seo-meta-tag\" \/>\n\t<meta property=\"og:image:width\" content=\"700\" class=\"yoast-seo-meta-tag\" \/>\n\t<meta property=\"og:image:height\" content=\"420\" class=\"yoast-seo-meta-tag\" \/>\n\t<meta property=\"og:image:type\" content=\"image\/png\" class=\"yoast-seo-meta-tag\" \/>\n<meta name=\"author\" content=\"jimartin\" class=\"yoast-seo-meta-tag\" \/>\n<meta name=\"twitter:card\" content=\"summary_large_image\" class=\"yoast-seo-meta-tag\" \/>\n<meta name=\"twitter:label1\" content=\"Escrito por\" class=\"yoast-seo-meta-tag\" \/>\n\t<meta name=\"twitter:data1\" content=\"jimartin\" class=\"yoast-seo-meta-tag\" \/>\n\t<meta name=\"twitter:label2\" content=\"Tiempo estimado de lectura\" class=\"yoast-seo-meta-tag\" \/>\n\t<meta name=\"twitter:data2\" content=\"3 minutos\" class=\"yoast-seo-meta-tag\" \/>\n<script type=\"application\/ld+json\" class=\"yoast-schema-graph\">{\"@context\":\"https:\/\/schema.org\",\"@graph\":[{\"@type\":\"Article\",\"@id\":\"https:\/\/explora.cl\/coquimbo\/convocatoria-2026-postula-aqui-a-nuestra-red-de-asesores-as-cientificos-as\/#article\",\"isPartOf\":{\"@id\":\"https:\/\/explora.cl\/coquimbo\/convocatoria-2026-postula-aqui-a-nuestra-red-de-asesores-as-cientificos-as\/\"},\"author\":{\"name\":\"jimartin\",\"@id\":\"https:\/\/explora.cl\/coquimbo\/#\/schema\/person\/c171f405669e4e4f7e56a099200d2fe6\"},\"headline\":\"Convocatoria 2026: \u00a1Postula aqu\u00ed a nuestra Red de Asesores\/as Cient\u00edficos\/as!\",\"datePublished\":\"2026-03-02T18:28:30+00:00\",\"dateModified\":\"2026-04-08T16:11:55+00:00\",\"mainEntityOfPage\":{\"@id\":\"https:\/\/explora.cl\/coquimbo\/convocatoria-2026-postula-aqui-a-nuestra-red-de-asesores-as-cientificos-as\/\"},\"wordCount\":542,\"commentCount\":0,\"publisher\":{\"@id\":\"https:\/\/explora.cl\/coquimbo\/#organization\"},\"image\":{\"@id\":\"https:\/\/explora.cl\/coquimbo\/convocatoria-2026-postula-aqui-a-nuestra-red-de-asesores-as-cientificos-as\/#primaryimage\"},\"thumbnailUrl\":\"https:\/\/explora.cl\/coquimbo\/wp-content\/uploads\/sites\/6\/2026\/03\/BANNER-WEB.png\",\"articleSection\":[\"Lugar 4\",\"Noticias\"],\"inLanguage\":\"es-CL\",\"potentialAction\":[{\"@type\":\"CommentAction\",\"name\":\"Comment\",\"target\":[\"https:\/\/explora.cl\/coquimbo\/convocatoria-2026-postula-aqui-a-nuestra-red-de-asesores-as-cientificos-as\/#respond\"]}]},{\"@type\":\"WebPage\",\"@id\":\"https:\/\/explora.cl\/coquimbo\/convocatoria-2026-postula-aqui-a-nuestra-red-de-asesores-as-cientificos-as\/\",\"url\":\"https:\/\/explora.cl\/coquimbo\/convocatoria-2026-postula-aqui-a-nuestra-red-de-asesores-as-cientificos-as\/\",\"name\":\"Convocatoria 2026: \u00a1Postula aqu\u00ed a nuestra Red de Asesores\/as Cient\u00edficos\/as! - Coquimbo\",\"isPartOf\":{\"@id\":\"https:\/\/explora.cl\/coquimbo\/#website\"},\"primaryImageOfPage\":{\"@id\":\"https:\/\/explora.cl\/coquimbo\/convocatoria-2026-postula-aqui-a-nuestra-red-de-asesores-as-cientificos-as\/#primaryimage\"},\"image\":{\"@id\":\"https:\/\/explora.cl\/coquimbo\/convocatoria-2026-postula-aqui-a-nuestra-red-de-asesores-as-cientificos-as\/#primaryimage\"},\"thumbnailUrl\":\"https:\/\/explora.cl\/coquimbo\/wp-content\/uploads\/sites\/6\/2026\/03\/BANNER-WEB.png\",\"datePublished\":\"2026-03-02T18:28:30+00:00\",\"dateModified\":\"2026-04-08T16:11:55+00:00\",\"breadcrumb\":{\"@id\":\"https:\/\/explora.cl\/coquimbo\/convocatoria-2026-postula-aqui-a-nuestra-red-de-asesores-as-cientificos-as\/#breadcrumb\"},\"inLanguage\":\"es-CL\",\"potentialAction\":[{\"@type\":\"ReadAction\",\"target\":[\"https:\/\/explora.cl\/coquimbo\/convocatoria-2026-postula-aqui-a-nuestra-red-de-asesores-as-cientificos-as\/\"]}]},{\"@type\":\"ImageObject\",\"inLanguage\":\"es-CL\",\"@id\":\"https:\/\/explora.cl\/coquimbo\/convocatoria-2026-postula-aqui-a-nuestra-red-de-asesores-as-cientificos-as\/#primaryimage\",\"url\":\"https:\/\/explora.cl\/coquimbo\/wp-content\/uploads\/sites\/6\/2026\/03\/BANNER-WEB.png\",\"contentUrl\":\"https:\/\/explora.cl\/coquimbo\/wp-content\/uploads\/sites\/6\/2026\/03\/BANNER-WEB.png\",\"width\":700,\"height\":420},{\"@type\":\"BreadcrumbList\",\"@id\":\"https:\/\/explora.cl\/coquimbo\/convocatoria-2026-postula-aqui-a-nuestra-red-de-asesores-as-cientificos-as\/#breadcrumb\",\"itemListElement\":[{\"@type\":\"ListItem\",\"position\":1,\"name\":\"Portada\",\"item\":\"https:\/\/explora.cl\/coquimbo\/\"},{\"@type\":\"ListItem\",\"position\":2,\"name\":\"Convocatoria 2026: \u00a1Postula aqu\u00ed a nuestra Red de Asesores\/as Cient\u00edficos\/as!\"}]},{\"@type\":\"WebSite\",\"@id\":\"https:\/\/explora.cl\/coquimbo\/#website\",\"url\":\"https:\/\/explora.cl\/coquimbo\/\",\"name\":\"Coquimbo\",\"description\":\"Otro sitio m\u00e1s de explora.cl\",\"publisher\":{\"@id\":\"https:\/\/explora.cl\/coquimbo\/#organization\"},\"potentialAction\":[{\"@type\":\"SearchAction\",\"target\":{\"@type\":\"EntryPoint\",\"urlTemplate\":\"https:\/\/explora.cl\/coquimbo\/?s={search_term_string}\"},\"query-input\":{\"@type\":\"PropertyValueSpecification\",\"valueRequired\":true,\"valueName\":\"search_term_string\"}}],\"inLanguage\":\"es-CL\"},{\"@type\":\"Organization\",\"@id\":\"https:\/\/explora.cl\/coquimbo\/#organization\",\"name\":\"Coquimbo\",\"url\":\"https:\/\/explora.cl\/coquimbo\/\",\"logo\":{\"@type\":\"ImageObject\",\"inLanguage\":\"es-CL\",\"@id\":\"https:\/\/explora.cl\/coquimbo\/#\/schema\/logo\/image\/\",\"url\":\"https:\/\/explora.cl\/coquimbo\/wp-content\/uploads\/sites\/6\/2020\/08\/cropped-Mesa-de-trabajo-1-100.jpg\",\"contentUrl\":\"https:\/\/explora.cl\/coquimbo\/wp-content\/uploads\/sites\/6\/2020\/08\/cropped-Mesa-de-trabajo-1-100.jpg\",\"width\":615,\"height\":576,\"caption\":\"Coquimbo\"},\"image\":{\"@id\":\"https:\/\/explora.cl\/coquimbo\/#\/schema\/logo\/image\/\"}},{\"@type\":\"Person\",\"@id\":\"https:\/\/explora.cl\/coquimbo\/#\/schema\/person\/c171f405669e4e4f7e56a099200d2fe6\",\"name\":\"jimartin\",\"image\":{\"@type\":\"ImageObject\",\"inLanguage\":\"es-CL\",\"@id\":\"https:\/\/explora.cl\/coquimbo\/#\/schema\/person\/image\/\",\"url\":\"https:\/\/secure.gravatar.com\/avatar\/8dfd7d14443934731a5aea629f40c1aceb42cc8b566a9926567e833c9d22b643?s=96&d=mm&r=g\",\"contentUrl\":\"https:\/\/secure.gravatar.com\/avatar\/8dfd7d14443934731a5aea629f40c1aceb42cc8b566a9926567e833c9d22b643?s=96&d=mm&r=g\",\"caption\":\"jimartin\"},\"url\":\"https:\/\/explora.cl\/coquimbo\/author\/jimartin\/\"}]}<\/script>\n<!-- \/ Yoast SEO plugin. -->","yoast_head_json":{"title":"Convocatoria 2026: \u00a1Postula aqu\u00ed a nuestra Red de Asesores\/as Cient\u00edficos\/as! - Coquimbo","robots":{"index":"index","follow":"follow","max-snippet":"max-snippet:-1","max-image-preview":"max-image-preview:large","max-video-preview":"max-video-preview:-1"},"canonical":"https:\/\/explora.cl\/coquimbo\/convocatoria-2026-postula-aqui-a-nuestra-red-de-asesores-as-cientificos-as\/","og_locale":"es_ES","og_type":"article","og_title":"Convocatoria 2026: \u00a1Postula aqu\u00ed a nuestra Red de Asesores\/as Cient\u00edficos\/as! - Coquimbo","og_description":"El Proyecto Asociativo Regional (PAR) Explora Coquimbo en su versi\u00f3n 2026, invita a profesionales, investigadores\/as, y estudiantes de postgrado\u00a0 que se vinculen con ciencias naturales, ciencias sociales, humanidades, artes, tecnolog\u00eda e innovaci\u00f3n a integrarse a la Red de Asesores\/as Cient\u00edficos\/as del ecosistema de Ciencia, Tecnolog\u00eda, Conocimiento e Innovaci\u00f3n (CTCI) de PAR Explora Coquimbo. Aquellas personas [&hellip;]","og_url":"https:\/\/explora.cl\/coquimbo\/convocatoria-2026-postula-aqui-a-nuestra-red-de-asesores-as-cientificos-as\/","og_site_name":"Coquimbo","article_published_time":"2026-03-02T18:28:30+00:00","article_modified_time":"2026-04-08T16:11:55+00:00","og_image":[{"width":700,"height":420,"url":"https:\/\/explora.cl\/coquimbo\/wp-content\/uploads\/sites\/6\/2026\/03\/BANNER-WEB.png","type":"image\/png"}],"author":"jimartin","twitter_card":"summary_large_image","twitter_misc":{"Escrito por":"jimartin","Tiempo estimado de lectura":"3 minutos"},"schema":{"@context":"https:\/\/schema.org","@graph":[{"@type":"Article","@id":"https:\/\/explora.cl\/coquimbo\/convocatoria-2026-postula-aqui-a-nuestra-red-de-asesores-as-cientificos-as\/#article","isPartOf":{"@id":"https:\/\/explora.cl\/coquimbo\/convocatoria-2026-postula-aqui-a-nuestra-red-de-asesores-as-cientificos-as\/"},"author":{"name":"jimartin","@id":"https:\/\/explora.cl\/coquimbo\/#\/schema\/person\/c171f405669e4e4f7e56a099200d2fe6"},"headline":"Convocatoria 2026: \u00a1Postula aqu\u00ed a nuestra Red de Asesores\/as Cient\u00edficos\/as!","datePublished":"2026-03-02T18:28:30+00:00","dateModified":"2026-04-08T16:11:55+00:00","mainEntityOfPage":{"@id":"https:\/\/explora.cl\/coquimbo\/convocatoria-2026-postula-aqui-a-nuestra-red-de-asesores-as-cientificos-as\/"},"wordCount":542,"commentCount":0,"publisher":{"@id":"https:\/\/explora.cl\/coquimbo\/#organization"},"image":{"@id":"https:\/\/explora.cl\/coquimbo\/convocatoria-2026-postula-aqui-a-nuestra-red-de-asesores-as-cientificos-as\/#primaryimage"},"thumbnailUrl":"https:\/\/explora.cl\/coquimbo\/wp-content\/uploads\/sites\/6\/2026\/03\/BANNER-WEB.png","articleSection":["Lugar 4","Noticias"],"inLanguage":"es-CL","potentialAction":[{"@type":"CommentAction","name":"Comment","target":["https:\/\/explora.cl\/coquimbo\/convocatoria-2026-postula-aqui-a-nuestra-red-de-asesores-as-cientificos-as\/#respond"]}]},{"@type":"WebPage","@id":"https:\/\/explora.cl\/coquimbo\/convocatoria-2026-postula-aqui-a-nuestra-red-de-asesores-as-cientificos-as\/","url":"https:\/\/explora.cl\/coquimbo\/convocatoria-2026-postula-aqui-a-nuestra-red-de-asesores-as-cientificos-as\/","name":"Convocatoria 2026: \u00a1Postula aqu\u00ed a nuestra Red de Asesores\/as Cient\u00edficos\/as! - Coquimbo","isPartOf":{"@id":"https:\/\/explora.cl\/coquimbo\/#website"},"primaryImageOfPage":{"@id":"https:\/\/explora.cl\/coquimbo\/convocatoria-2026-postula-aqui-a-nuestra-red-de-asesores-as-cientificos-as\/#primaryimage"},"image":{"@id":"https:\/\/explora.cl\/coquimbo\/convocatoria-2026-postula-aqui-a-nuestra-red-de-asesores-as-cientificos-as\/#primaryimage"},"thumbnailUrl":"https:\/\/explora.cl\/coquimbo\/wp-content\/uploads\/sites\/6\/2026\/03\/BANNER-WEB.png","datePublished":"2026-03-02T18:28:30+00:00","dateModified":"2026-04-08T16:11:55+00:00","breadcrumb":{"@id":"https:\/\/explora.cl\/coquimbo\/convocatoria-2026-postula-aqui-a-nuestra-red-de-asesores-as-cientificos-as\/#breadcrumb"},"inLanguage":"es-CL","potentialAction":[{"@type":"ReadAction","target":["https:\/\/explora.cl\/coquimbo\/convocatoria-2026-postula-aqui-a-nuestra-red-de-asesores-as-cientificos-as\/"]}]},{"@type":"ImageObject","inLanguage":"es-CL","@id":"https:\/\/explora.cl\/coquimbo\/convocatoria-2026-postula-aqui-a-nuestra-red-de-asesores-as-cientificos-as\/#primaryimage","url":"https:\/\/explora.cl\/coquimbo\/wp-content\/uploads\/sites\/6\/2026\/03\/BANNER-WEB.png","contentUrl":"https:\/\/explora.cl\/coquimbo\/wp-content\/uploads\/sites\/6\/2026\/03\/BANNER-WEB.png","width":700,"height":420},{"@type":"BreadcrumbList","@id":"https:\/\/explora.cl\/coquimbo\/convocatoria-2026-postula-aqui-a-nuestra-red-de-asesores-as-cientificos-as\/#breadcrumb","itemListElement":[{"@type":"ListItem","position":1,"name":"Portada","item":"https:\/\/explora.cl\/coquimbo\/"},{"@type":"ListItem","position":2,"name":"Convocatoria 2026: \u00a1Postula aqu\u00ed a nuestra Red de Asesores\/as Cient\u00edficos\/as!"}]},{"@type":"WebSite","@id":"https:\/\/explora.cl\/coquimbo\/#website","url":"https:\/\/explora.cl\/coquimbo\/","name":"Coquimbo","description":"Otro sitio m\u00e1s de explora.cl","publisher":{"@id":"https:\/\/explora.cl\/coquimbo\/#organization"},"potentialAction":[{"@type":"SearchAction","target":{"@type":"EntryPoint","urlTemplate":"https:\/\/explora.cl\/coquimbo\/?s={search_term_string}"},"query-input":{"@type":"PropertyValueSpecification","valueRequired":true,"valueName":"search_term_string"}}],"inLanguage":"es-CL"},{"@type":"Organization","@id":"https:\/\/explora.cl\/coquimbo\/#organization","name":"Coquimbo","url":"https:\/\/explora.cl\/coquimbo\/","logo":{"@type":"ImageObject","inLanguage":"es-CL","@id":"https:\/\/explora.cl\/coquimbo\/#\/schema\/logo\/image\/","url":"https:\/\/explora.cl\/coquimbo\/wp-content\/uploads\/sites\/6\/2020\/08\/cropped-Mesa-de-trabajo-1-100.jpg","contentUrl":"https:\/\/explora.cl\/coquimbo\/wp-content\/uploads\/sites\/6\/2020\/08\/cropped-Mesa-de-trabajo-1-100.jpg","width":615,"height":576,"caption":"Coquimbo"},"image":{"@id":"https:\/\/explora.cl\/coquimbo\/#\/schema\/logo\/image\/"}},{"@type":"Person","@id":"https:\/\/explora.cl\/coquimbo\/#\/schema\/person\/c171f405669e4e4f7e56a099200d2fe6","name":"jimartin","image":{"@type":"ImageObject","inLanguage":"es-CL","@id":"https:\/\/explora.cl\/coquimbo\/#\/schema\/person\/image\/","url":"https:\/\/secure.gravatar.com\/avatar\/8dfd7d14443934731a5aea629f40c1aceb42cc8b566a9926567e833c9d22b643?s=96&d=mm&r=g","contentUrl":"https:\/\/secure.gravatar.com\/avatar\/8dfd7d14443934731a5aea629f40c1aceb42cc8b566a9926567e833c9d22b643?s=96&d=mm&r=g","caption":"jimartin"},"url":"https:\/\/explora.cl\/coquimbo\/author\/jimartin\/"}]}},"_links":{"self":[{"href":"https:\/\/explora.cl\/coquimbo\/wp-json\/wp\/v2\/posts\/43881","targetHints":{"allow":["GET"]}}],"collection":[{"href":"https:\/\/explora.cl\/coquimbo\/wp-json\/wp\/v2\/posts"}],"about":[{"href":"https:\/\/explora.cl\/coquimbo\/wp-json\/wp\/v2\/types\/post"}],"author":[{"embeddable":true,"href":"https:\/\/explora.cl\/coquimbo\/wp-json\/wp\/v2\/users\/21"}],"replies":[{"embeddable":true,"href":"https:\/\/explora.cl\/coquimbo\/wp-json\/wp\/v2\/comments?post=43881"}],"version-history":[{"count":1,"href":"https:\/\/explora.cl\/coquimbo\/wp-json\/wp\/v2\/posts\/43881\/revisions"}],"predecessor-version":[{"id":43883,"href":"https:\/\/explora.cl\/coquimbo\/wp-json\/wp\/v2\/posts\/43881\/revisions\/43883"}],"wp:featuredmedia":[{"embeddable":true,"href":"https:\/\/explora.cl\/coquimbo\/wp-json\/wp\/v2\/media\/43882"}],"wp:attachment":[{"href":"https:\/\/explora.cl\/coquimbo\/wp-json\/wp\/v2\/media?parent=43881"}],"wp:term":[{"taxonomy":"category","embeddable":true,"href":"https:\/\/explora.cl\/coquimbo\/wp-json\/wp\/v2\/categories?post=43881"},{"taxonomy":"post_tag","embeddable":true,"href":"https:\/\/explora.cl\/coquimbo\/wp-json\/wp\/v2\/tags?post=43881"}],"curies":[{"name":"wp","href":"https:\/\/api.w.org\/{rel}","templated":true}]}}