{"id":41932,"date":"2021-11-08T13:38:08","date_gmt":"2021-11-08T16:38:08","guid":{"rendered":"https:\/\/explora.cl\/coquimbo\/?p=41932"},"modified":"2021-11-19T17:14:38","modified_gmt":"2021-11-19T20:14:38","slug":"conversando-sobre-el-vih-elige-saber","status":"publish","type":"post","link":"https:\/\/explora.cl\/coquimbo\/conversando-sobre-el-vih-elige-saber\/","title":{"rendered":"Conversando sobre el VIH: \u00a1Elige saber!"},"content":{"rendered":"<p style=\"text-align: justify\"><em>\u00bfQu\u00e9 sabes sobre VIH? Te has preguntado alguna vez \u00bfC\u00f3mo est\u00e1 la situaci\u00f3n actual del pa\u00eds frente a este virus?, o incluso \u00bfsabes d\u00f3nde puedes acudir para realizarte un testeo? La respuesta a todas estas preguntas y mucho m\u00e1s fue la tem\u00e1tica del pasado Late Show realizado en el marco de la iniciativa Ciencia Abierta.<\/em><\/p>\n<p style=\"text-align: justify\">La actividad cont\u00f3 con invitados provenientes de la Fundaci\u00f3n Chile Positivo como tambi\u00e9n del Centro Amigable para j\u00f3venes de Coquimbo (CEAMCO), jornada que fue principalmente informativa todo alrededor del Virus de la Inmunodeficiencia Humana (VIH). Partiendo por definir que es, c\u00f3mo se contagia, s\u00edntomas, testeo, etc., todo esto a cargo del Coordinador Nacional de voluntariado y del \u00c1rea Legal de la Fundaci\u00f3n, Nicol\u00e1s Jorquera, quien, junto a Andrea Acu\u00f1a, Matrona del CEAMCO fueron explicando todo sobre este virus.<\/p>\n<p style=\"text-align: justify\">Junto a ellos tambi\u00e9n tuvimos a Jorge Luis Gonz\u00e1lez, Abogado, Magister en Derechos Humanos y miembro del equipo de Asesor\u00eda Jur\u00eddica de la Fundaci\u00f3n, quien pudo resolver dudas acerca de la perspectiva legal para personas con diagnostico positivo, leyes de protecci\u00f3n y qu\u00e9 hacer frente a situaciones donde se vulnerar\u00e1n los derechos de las personas.<\/p>\n<p style=\"text-align: justify\">Aspecto muy importante ya que, aunque en palabras de Jorge hay un tratamiento adecuado y est\u00e1n generadas las condiciones jur\u00eddicas para que el tratamiento sea efectivo y \u00f3ptimo, tambi\u00e9n, \u201cdepende de la voluntad pol\u00edtica en la ejecuci\u00f3n de estos programas, de la puesta en marcha de la ley, de parte del gobierno y de las instituciones del estado, porque puede generarse un problema que pasa con los derechos que tienen poco tiempo de reconocimiento en el sentido que hay una brecha de implementaci\u00f3n entre el reconocimiento y el ejercicio como tal\u201d.<\/p>\n<p style=\"text-align: justify\">Otro aspecto importante a tener en cuenta es la salud mental, en ese sentido tuvimos a la Psic\u00f3loga Sandra V\u00e1squez, del CEAMCO, quien pudo contarnos, por ejemplo, c\u00f3mo es el apoyo que debe recibir una persona cuando tiene el diagnostico de VIH+, \u201cal momento de recibir el diagnostico, marca un antes y un despu\u00e9s, lo primero que sienten por lo general es un temor o miedo, acompa\u00f1ado de culpa, miedo y verg\u00fcenza, entonces hay una serie de sentimientos abrumadores que de no ser pesquisados y no tener la debida contenci\u00f3n en el momento, te pueden llevar a un cuadro cl\u00ednico de depresi\u00f3n, ansiedad y en los casos m\u00e1s extremos hasta de ideaci\u00f3n suicida. Entonces es muy importante que, si est\u00e1n atravesando una situaci\u00f3n c\u00f3mo la mencionada, sepan que no est\u00e1n solos\u201d se\u00f1al\u00f3 la especialista.<\/p>\n<p style=\"text-align: justify\">En la instancia tambi\u00e9n conversaron acerca de c\u00f3mo funcionan ambas instituciones, la ayuda disponible que prestan, servicios gratuitos y mucho m\u00e1s. Si quieres enterarte de toda la informaci\u00f3n, puedes ver el Late Show completo aqu\u00ed:<\/p>\n<p><iframe title=\"Conversemos sobre VIH !Elige saber!\" width=\"1180\" height=\"664\" src=\"https:\/\/www.youtube.com\/embed\/O4hVGAtJN5U?feature=oembed\" frameborder=\"0\" allow=\"accelerometer; autoplay; clipboard-write; encrypted-media; gyroscope; picture-in-picture\" allowfullscreen><\/iframe><\/p>\n<p>&nbsp;<\/p>\n<p>&nbsp;<\/p>\n","protected":false},"excerpt":{"rendered":"<p>Conversando sobre el VIH: \u00a1Elige saber! <\/p>\n","protected":false},"author":21,"featured_media":41933,"comment_status":"open","ping_status":"open","sticky":false,"template":"","format":"standard","meta":{"_acf_changed":false,"_exactmetrics_skip_tracking":false,"_exactmetrics_sitenote_active":false,"_exactmetrics_sitenote_note":"","_exactmetrics_sitenote_category":0,"footnotes":"","_links_to":"","_links_to_target":""},"categories":[143,4],"tags":[],"class_list":["post-41932","post","type-post","status-publish","format-standard","has-post-thumbnail","hentry","category-lugar-8","category-noticias"],"acf":[],"yoast_head":"<!-- This site is optimized with the Yoast SEO plugin v26.9 - https:\/\/yoast.com\/product\/yoast-seo-wordpress\/ -->\n<title>Conversando sobre el VIH: \u00a1Elige saber! - Coquimbo<\/title>\n<meta name=\"robots\" content=\"index, follow, max-snippet:-1, max-image-preview:large, max-video-preview:-1\" \/>\n<link rel=\"canonical\" href=\"https:\/\/explora.cl\/coquimbo\/conversando-sobre-el-vih-elige-saber\/\" class=\"yoast-seo-meta-tag\" \/>\n<meta property=\"og:locale\" content=\"es_ES\" class=\"yoast-seo-meta-tag\" \/>\n<meta property=\"og:type\" content=\"article\" class=\"yoast-seo-meta-tag\" \/>\n<meta property=\"og:title\" content=\"Conversando sobre el VIH: \u00a1Elige saber! - Coquimbo\" class=\"yoast-seo-meta-tag\" \/>\n<meta property=\"og:description\" content=\"Conversando sobre el VIH: \u00a1Elige saber!\" class=\"yoast-seo-meta-tag\" \/>\n<meta property=\"og:url\" content=\"https:\/\/explora.cl\/coquimbo\/conversando-sobre-el-vih-elige-saber\/\" class=\"yoast-seo-meta-tag\" \/>\n<meta property=\"og:site_name\" content=\"Coquimbo\" class=\"yoast-seo-meta-tag\" \/>\n<meta property=\"article:published_time\" content=\"2021-11-08T16:38:08+00:00\" class=\"yoast-seo-meta-tag\" \/>\n<meta property=\"article:modified_time\" content=\"2021-11-19T20:14:38+00:00\" class=\"yoast-seo-meta-tag\" \/>\n<meta property=\"og:image\" content=\"https:\/\/explora.cl\/coquimbo\/wp-content\/uploads\/sites\/6\/2021\/11\/vih.jpeg\" class=\"yoast-seo-meta-tag\" \/>\n\t<meta property=\"og:image:width\" content=\"763\" class=\"yoast-seo-meta-tag\" \/>\n\t<meta property=\"og:image:height\" content=\"423\" class=\"yoast-seo-meta-tag\" \/>\n\t<meta property=\"og:image:type\" content=\"image\/jpeg\" class=\"yoast-seo-meta-tag\" \/>\n<meta name=\"author\" content=\"jimartin\" class=\"yoast-seo-meta-tag\" \/>\n<meta name=\"twitter:card\" content=\"summary_large_image\" class=\"yoast-seo-meta-tag\" \/>\n<meta name=\"twitter:label1\" content=\"Escrito por\" class=\"yoast-seo-meta-tag\" \/>\n\t<meta name=\"twitter:data1\" content=\"jimartin\" class=\"yoast-seo-meta-tag\" \/>\n\t<meta name=\"twitter:label2\" content=\"Tiempo estimado de lectura\" class=\"yoast-seo-meta-tag\" \/>\n\t<meta name=\"twitter:data2\" content=\"3 minutos\" class=\"yoast-seo-meta-tag\" \/>\n<script type=\"application\/ld+json\" class=\"yoast-schema-graph\">{\"@context\":\"https:\/\/schema.org\",\"@graph\":[{\"@type\":\"Article\",\"@id\":\"https:\/\/explora.cl\/coquimbo\/conversando-sobre-el-vih-elige-saber\/#article\",\"isPartOf\":{\"@id\":\"https:\/\/explora.cl\/coquimbo\/conversando-sobre-el-vih-elige-saber\/\"},\"author\":{\"name\":\"jimartin\",\"@id\":\"https:\/\/explora.cl\/coquimbo\/#\/schema\/person\/c171f405669e4e4f7e56a099200d2fe6\"},\"headline\":\"Conversando sobre el VIH: \u00a1Elige saber!\",\"datePublished\":\"2021-11-08T16:38:08+00:00\",\"dateModified\":\"2021-11-19T20:14:38+00:00\",\"mainEntityOfPage\":{\"@id\":\"https:\/\/explora.cl\/coquimbo\/conversando-sobre-el-vih-elige-saber\/\"},\"wordCount\":511,\"commentCount\":0,\"publisher\":{\"@id\":\"https:\/\/explora.cl\/coquimbo\/#organization\"},\"image\":{\"@id\":\"https:\/\/explora.cl\/coquimbo\/conversando-sobre-el-vih-elige-saber\/#primaryimage\"},\"thumbnailUrl\":\"https:\/\/explora.cl\/coquimbo\/wp-content\/uploads\/sites\/6\/2021\/11\/vih.jpeg\",\"articleSection\":[\"Lugar 8\",\"Noticias\"],\"inLanguage\":\"es-CL\",\"potentialAction\":[{\"@type\":\"CommentAction\",\"name\":\"Comment\",\"target\":[\"https:\/\/explora.cl\/coquimbo\/conversando-sobre-el-vih-elige-saber\/#respond\"]}]},{\"@type\":\"WebPage\",\"@id\":\"https:\/\/explora.cl\/coquimbo\/conversando-sobre-el-vih-elige-saber\/\",\"url\":\"https:\/\/explora.cl\/coquimbo\/conversando-sobre-el-vih-elige-saber\/\",\"name\":\"Conversando sobre el VIH: \u00a1Elige saber! - Coquimbo\",\"isPartOf\":{\"@id\":\"https:\/\/explora.cl\/coquimbo\/#website\"},\"primaryImageOfPage\":{\"@id\":\"https:\/\/explora.cl\/coquimbo\/conversando-sobre-el-vih-elige-saber\/#primaryimage\"},\"image\":{\"@id\":\"https:\/\/explora.cl\/coquimbo\/conversando-sobre-el-vih-elige-saber\/#primaryimage\"},\"thumbnailUrl\":\"https:\/\/explora.cl\/coquimbo\/wp-content\/uploads\/sites\/6\/2021\/11\/vih.jpeg\",\"datePublished\":\"2021-11-08T16:38:08+00:00\",\"dateModified\":\"2021-11-19T20:14:38+00:00\",\"breadcrumb\":{\"@id\":\"https:\/\/explora.cl\/coquimbo\/conversando-sobre-el-vih-elige-saber\/#breadcrumb\"},\"inLanguage\":\"es-CL\",\"potentialAction\":[{\"@type\":\"ReadAction\",\"target\":[\"https:\/\/explora.cl\/coquimbo\/conversando-sobre-el-vih-elige-saber\/\"]}]},{\"@type\":\"ImageObject\",\"inLanguage\":\"es-CL\",\"@id\":\"https:\/\/explora.cl\/coquimbo\/conversando-sobre-el-vih-elige-saber\/#primaryimage\",\"url\":\"https:\/\/explora.cl\/coquimbo\/wp-content\/uploads\/sites\/6\/2021\/11\/vih.jpeg\",\"contentUrl\":\"https:\/\/explora.cl\/coquimbo\/wp-content\/uploads\/sites\/6\/2021\/11\/vih.jpeg\",\"width\":763,\"height\":423},{\"@type\":\"BreadcrumbList\",\"@id\":\"https:\/\/explora.cl\/coquimbo\/conversando-sobre-el-vih-elige-saber\/#breadcrumb\",\"itemListElement\":[{\"@type\":\"ListItem\",\"position\":1,\"name\":\"Portada\",\"item\":\"https:\/\/explora.cl\/coquimbo\/\"},{\"@type\":\"ListItem\",\"position\":2,\"name\":\"Conversando sobre el VIH: \u00a1Elige saber!\"}]},{\"@type\":\"WebSite\",\"@id\":\"https:\/\/explora.cl\/coquimbo\/#website\",\"url\":\"https:\/\/explora.cl\/coquimbo\/\",\"name\":\"Coquimbo\",\"description\":\"Otro sitio m\u00e1s de explora.cl\",\"publisher\":{\"@id\":\"https:\/\/explora.cl\/coquimbo\/#organization\"},\"potentialAction\":[{\"@type\":\"SearchAction\",\"target\":{\"@type\":\"EntryPoint\",\"urlTemplate\":\"https:\/\/explora.cl\/coquimbo\/?s={search_term_string}\"},\"query-input\":{\"@type\":\"PropertyValueSpecification\",\"valueRequired\":true,\"valueName\":\"search_term_string\"}}],\"inLanguage\":\"es-CL\"},{\"@type\":\"Organization\",\"@id\":\"https:\/\/explora.cl\/coquimbo\/#organization\",\"name\":\"Coquimbo\",\"url\":\"https:\/\/explora.cl\/coquimbo\/\",\"logo\":{\"@type\":\"ImageObject\",\"inLanguage\":\"es-CL\",\"@id\":\"https:\/\/explora.cl\/coquimbo\/#\/schema\/logo\/image\/\",\"url\":\"https:\/\/explora.cl\/coquimbo\/wp-content\/uploads\/sites\/6\/2020\/08\/cropped-Mesa-de-trabajo-1-100.jpg\",\"contentUrl\":\"https:\/\/explora.cl\/coquimbo\/wp-content\/uploads\/sites\/6\/2020\/08\/cropped-Mesa-de-trabajo-1-100.jpg\",\"width\":615,\"height\":576,\"caption\":\"Coquimbo\"},\"image\":{\"@id\":\"https:\/\/explora.cl\/coquimbo\/#\/schema\/logo\/image\/\"}},{\"@type\":\"Person\",\"@id\":\"https:\/\/explora.cl\/coquimbo\/#\/schema\/person\/c171f405669e4e4f7e56a099200d2fe6\",\"name\":\"jimartin\",\"image\":{\"@type\":\"ImageObject\",\"inLanguage\":\"es-CL\",\"@id\":\"https:\/\/explora.cl\/coquimbo\/#\/schema\/person\/image\/\",\"url\":\"https:\/\/secure.gravatar.com\/avatar\/8dfd7d14443934731a5aea629f40c1aceb42cc8b566a9926567e833c9d22b643?s=96&d=mm&r=g\",\"contentUrl\":\"https:\/\/secure.gravatar.com\/avatar\/8dfd7d14443934731a5aea629f40c1aceb42cc8b566a9926567e833c9d22b643?s=96&d=mm&r=g\",\"caption\":\"jimartin\"},\"url\":\"https:\/\/explora.cl\/coquimbo\/author\/jimartin\/\"}]}<\/script>\n<!-- \/ Yoast SEO plugin. -->","yoast_head_json":{"title":"Conversando sobre el VIH: \u00a1Elige saber! - Coquimbo","robots":{"index":"index","follow":"follow","max-snippet":"max-snippet:-1","max-image-preview":"max-image-preview:large","max-video-preview":"max-video-preview:-1"},"canonical":"https:\/\/explora.cl\/coquimbo\/conversando-sobre-el-vih-elige-saber\/","og_locale":"es_ES","og_type":"article","og_title":"Conversando sobre el VIH: \u00a1Elige saber! - Coquimbo","og_description":"Conversando sobre el VIH: \u00a1Elige saber!","og_url":"https:\/\/explora.cl\/coquimbo\/conversando-sobre-el-vih-elige-saber\/","og_site_name":"Coquimbo","article_published_time":"2021-11-08T16:38:08+00:00","article_modified_time":"2021-11-19T20:14:38+00:00","og_image":[{"width":763,"height":423,"url":"https:\/\/explora.cl\/coquimbo\/wp-content\/uploads\/sites\/6\/2021\/11\/vih.jpeg","type":"image\/jpeg"}],"author":"jimartin","twitter_card":"summary_large_image","twitter_misc":{"Escrito por":"jimartin","Tiempo estimado de lectura":"3 minutos"},"schema":{"@context":"https:\/\/schema.org","@graph":[{"@type":"Article","@id":"https:\/\/explora.cl\/coquimbo\/conversando-sobre-el-vih-elige-saber\/#article","isPartOf":{"@id":"https:\/\/explora.cl\/coquimbo\/conversando-sobre-el-vih-elige-saber\/"},"author":{"name":"jimartin","@id":"https:\/\/explora.cl\/coquimbo\/#\/schema\/person\/c171f405669e4e4f7e56a099200d2fe6"},"headline":"Conversando sobre el VIH: \u00a1Elige saber!","datePublished":"2021-11-08T16:38:08+00:00","dateModified":"2021-11-19T20:14:38+00:00","mainEntityOfPage":{"@id":"https:\/\/explora.cl\/coquimbo\/conversando-sobre-el-vih-elige-saber\/"},"wordCount":511,"commentCount":0,"publisher":{"@id":"https:\/\/explora.cl\/coquimbo\/#organization"},"image":{"@id":"https:\/\/explora.cl\/coquimbo\/conversando-sobre-el-vih-elige-saber\/#primaryimage"},"thumbnailUrl":"https:\/\/explora.cl\/coquimbo\/wp-content\/uploads\/sites\/6\/2021\/11\/vih.jpeg","articleSection":["Lugar 8","Noticias"],"inLanguage":"es-CL","potentialAction":[{"@type":"CommentAction","name":"Comment","target":["https:\/\/explora.cl\/coquimbo\/conversando-sobre-el-vih-elige-saber\/#respond"]}]},{"@type":"WebPage","@id":"https:\/\/explora.cl\/coquimbo\/conversando-sobre-el-vih-elige-saber\/","url":"https:\/\/explora.cl\/coquimbo\/conversando-sobre-el-vih-elige-saber\/","name":"Conversando sobre el VIH: \u00a1Elige saber! - Coquimbo","isPartOf":{"@id":"https:\/\/explora.cl\/coquimbo\/#website"},"primaryImageOfPage":{"@id":"https:\/\/explora.cl\/coquimbo\/conversando-sobre-el-vih-elige-saber\/#primaryimage"},"image":{"@id":"https:\/\/explora.cl\/coquimbo\/conversando-sobre-el-vih-elige-saber\/#primaryimage"},"thumbnailUrl":"https:\/\/explora.cl\/coquimbo\/wp-content\/uploads\/sites\/6\/2021\/11\/vih.jpeg","datePublished":"2021-11-08T16:38:08+00:00","dateModified":"2021-11-19T20:14:38+00:00","breadcrumb":{"@id":"https:\/\/explora.cl\/coquimbo\/conversando-sobre-el-vih-elige-saber\/#breadcrumb"},"inLanguage":"es-CL","potentialAction":[{"@type":"ReadAction","target":["https:\/\/explora.cl\/coquimbo\/conversando-sobre-el-vih-elige-saber\/"]}]},{"@type":"ImageObject","inLanguage":"es-CL","@id":"https:\/\/explora.cl\/coquimbo\/conversando-sobre-el-vih-elige-saber\/#primaryimage","url":"https:\/\/explora.cl\/coquimbo\/wp-content\/uploads\/sites\/6\/2021\/11\/vih.jpeg","contentUrl":"https:\/\/explora.cl\/coquimbo\/wp-content\/uploads\/sites\/6\/2021\/11\/vih.jpeg","width":763,"height":423},{"@type":"BreadcrumbList","@id":"https:\/\/explora.cl\/coquimbo\/conversando-sobre-el-vih-elige-saber\/#breadcrumb","itemListElement":[{"@type":"ListItem","position":1,"name":"Portada","item":"https:\/\/explora.cl\/coquimbo\/"},{"@type":"ListItem","position":2,"name":"Conversando sobre el VIH: \u00a1Elige saber!"}]},{"@type":"WebSite","@id":"https:\/\/explora.cl\/coquimbo\/#website","url":"https:\/\/explora.cl\/coquimbo\/","name":"Coquimbo","description":"Otro sitio m\u00e1s de explora.cl","publisher":{"@id":"https:\/\/explora.cl\/coquimbo\/#organization"},"potentialAction":[{"@type":"SearchAction","target":{"@type":"EntryPoint","urlTemplate":"https:\/\/explora.cl\/coquimbo\/?s={search_term_string}"},"query-input":{"@type":"PropertyValueSpecification","valueRequired":true,"valueName":"search_term_string"}}],"inLanguage":"es-CL"},{"@type":"Organization","@id":"https:\/\/explora.cl\/coquimbo\/#organization","name":"Coquimbo","url":"https:\/\/explora.cl\/coquimbo\/","logo":{"@type":"ImageObject","inLanguage":"es-CL","@id":"https:\/\/explora.cl\/coquimbo\/#\/schema\/logo\/image\/","url":"https:\/\/explora.cl\/coquimbo\/wp-content\/uploads\/sites\/6\/2020\/08\/cropped-Mesa-de-trabajo-1-100.jpg","contentUrl":"https:\/\/explora.cl\/coquimbo\/wp-content\/uploads\/sites\/6\/2020\/08\/cropped-Mesa-de-trabajo-1-100.jpg","width":615,"height":576,"caption":"Coquimbo"},"image":{"@id":"https:\/\/explora.cl\/coquimbo\/#\/schema\/logo\/image\/"}},{"@type":"Person","@id":"https:\/\/explora.cl\/coquimbo\/#\/schema\/person\/c171f405669e4e4f7e56a099200d2fe6","name":"jimartin","image":{"@type":"ImageObject","inLanguage":"es-CL","@id":"https:\/\/explora.cl\/coquimbo\/#\/schema\/person\/image\/","url":"https:\/\/secure.gravatar.com\/avatar\/8dfd7d14443934731a5aea629f40c1aceb42cc8b566a9926567e833c9d22b643?s=96&d=mm&r=g","contentUrl":"https:\/\/secure.gravatar.com\/avatar\/8dfd7d14443934731a5aea629f40c1aceb42cc8b566a9926567e833c9d22b643?s=96&d=mm&r=g","caption":"jimartin"},"url":"https:\/\/explora.cl\/coquimbo\/author\/jimartin\/"}]}},"_links":{"self":[{"href":"https:\/\/explora.cl\/coquimbo\/wp-json\/wp\/v2\/posts\/41932","targetHints":{"allow":["GET"]}}],"collection":[{"href":"https:\/\/explora.cl\/coquimbo\/wp-json\/wp\/v2\/posts"}],"about":[{"href":"https:\/\/explora.cl\/coquimbo\/wp-json\/wp\/v2\/types\/post"}],"author":[{"embeddable":true,"href":"https:\/\/explora.cl\/coquimbo\/wp-json\/wp\/v2\/users\/21"}],"replies":[{"embeddable":true,"href":"https:\/\/explora.cl\/coquimbo\/wp-json\/wp\/v2\/comments?post=41932"}],"version-history":[{"count":1,"href":"https:\/\/explora.cl\/coquimbo\/wp-json\/wp\/v2\/posts\/41932\/revisions"}],"predecessor-version":[{"id":41934,"href":"https:\/\/explora.cl\/coquimbo\/wp-json\/wp\/v2\/posts\/41932\/revisions\/41934"}],"wp:featuredmedia":[{"embeddable":true,"href":"https:\/\/explora.cl\/coquimbo\/wp-json\/wp\/v2\/media\/41933"}],"wp:attachment":[{"href":"https:\/\/explora.cl\/coquimbo\/wp-json\/wp\/v2\/media?parent=41932"}],"wp:term":[{"taxonomy":"category","embeddable":true,"href":"https:\/\/explora.cl\/coquimbo\/wp-json\/wp\/v2\/categories?post=41932"},{"taxonomy":"post_tag","embeddable":true,"href":"https:\/\/explora.cl\/coquimbo\/wp-json\/wp\/v2\/tags?post=41932"}],"curies":[{"name":"wp","href":"https:\/\/api.w.org\/{rel}","templated":true}]}}