{"id":41906,"date":"2021-10-29T14:42:57","date_gmt":"2021-10-29T17:42:57","guid":{"rendered":"https:\/\/explora.cl\/coquimbo\/?p=41906"},"modified":"2021-11-16T11:50:39","modified_gmt":"2021-11-16T14:50:39","slug":"en-su-version-2021-feci-coquimbo-acerco-la-ciencia-y-la-cultura-a-lo-cotidiano","status":"publish","type":"post","link":"https:\/\/explora.cl\/coquimbo\/en-su-version-2021-feci-coquimbo-acerco-la-ciencia-y-la-cultura-a-lo-cotidiano\/","title":{"rendered":"En su versi\u00f3n 2021: FECI Coquimbo acerc\u00f3 la ciencia y la cultura a lo cotidiano"},"content":{"rendered":"<p>Por: Daniela Pulido Caroca<\/p>\n<p style=\"text-align: justify\"><em>La iniciativa, incluy\u00f3 una gran variedad de actividades virtuales y semipresenciales que cautivaron a centenares de personas de todo el territorio, tales como un recorrido a la \u201cReserva Nacional Bosque Fray Jorge\u201d y visitas a los museos Limar\u00ed, Arqueol\u00f3gico La Serena y Gabriela Mistral de Vicu\u00f1a.<\/em><\/p>\n<p style=\"text-align: justify\">Instalar la ciencia en lo cotidiano fue la apuesta de la nueva versi\u00f3n del Festival de Ciencia, FECI, en la regi\u00f3n de Coquimbo. Con una variada parrilla program\u00e1tica de m\u00e1s de 20 actividades virtuales y semipresenciales, la iniciativa desarrollada por el Proyecto Explora Coquimbo y ejecutada por la Universidad Cat\u00f3lica del Norte (UCN), logr\u00f3 una exitosa participaci\u00f3n en todo el territorio.<\/p>\n<p style=\"text-align: justify\">Con el lema \u201cFestejemos la ciencia del mar a las estrellas\u201d, el FECI busc\u00f3 posicionar la ciencia, la tecnolog\u00eda, el conocimiento y la innovaci\u00f3n (CTCI) en el imaginario colectivo, como parte de la cultura, promoviendo adem\u00e1s su apropiaci\u00f3n. Para ello vincul\u00f3 a la ciencia con la cocina, el teatro, la m\u00fasica, la literatura y la salud.<\/p>\n<p style=\"text-align: justify\">Al respecto, el Director del Proyecto Explora Coquimbo, Sergio Gonz\u00e1lez, se\u00f1al\u00f3 que \u201cqueremos a ayudar a las personas a pensar qu\u00e9 es la ciencia, qui\u00e9n hace la ciencia, qui\u00e9nes son las cient\u00edficas y los cient\u00edficos, qu\u00e9 investigaciones hacen, para qu\u00e9 sirven esas investigaciones y c\u00f3mo le afectan a su vida diaria\u201d. Agreg\u00f3 que el prop\u00f3sito es que los temas sean parte de lo cotidiano y que no ocurran s\u00f3lo mientras dure el FECI, \u201csino que podamos extender durante todo el a\u00f1o conversaciones relacionadas a lo que se hace en ciencia y conectarlo con las necesidades que tenemos como ciudadanos comunes y corrientes\u201d.<\/p>\n<p style=\"text-align: justify\">En esa l\u00ednea, Paula Cavieres Zepeda, secretaria de Vinculaci\u00f3n con el Medio de UCN sede Coquimbo, se\u00f1al\u00f3 que \u201cdesde el compromiso social y medioambiental por construir un futuro sostenible de la instituci\u00f3n, es prioritario seguir generando estos espacios, donde la comunidad pueda acercarse y disfrutar de los temas y fen\u00f3menos relacionados a la ciencia, a la tecnolog\u00eda, al conocimiento y la innovaci\u00f3n\u201d.<\/p>\n<p style=\"text-align: justify\">Una veintena de colaboradores, entre ellos CEAZA, NOIRLab-AURA, Universidad Santo Tom\u00e1s, Museo Arqueol\u00f3gico de La Serena, Museo del Limar\u00ed\u00a0 y Museo Gabriela Mistral de Vicu\u00f1a, junto con destacadas agrupaciones art\u00edsticas de la regi\u00f3n; unido al incansable trabajo de un equipo multidisciplinario, permiti\u00f3 al FECI ofrecer una gran variedad de actividades gratuitas para todas las edades, en las que se incluyeron charlas, talleres y recorridos por sitios de inter\u00e9s mundial.<\/p>\n<p style=\"text-align: justify\"><strong>\u00a0<\/strong><strong>El desaf\u00edo de la presencialidad<\/strong><\/p>\n<p style=\"text-align: justify\">Este a\u00f1o el FECI desarroll\u00f3 actividades presenciales que despertaron gran inter\u00e9s de la comunidad, tales como un recorrido a la \u201cReserva Nacional Bosque Fray Jorge\u201d, adem\u00e1s de visitas a los museos Limar\u00ed, Arqueol\u00f3gico La Serena y Gabriela Mistral de Vicu\u00f1a.<\/p>\n<p style=\"text-align: justify\">Para ello, la organizaci\u00f3n realiz\u00f3 todo lo necesario para resguardar las medidas sanitarias y asegurar el cuidado de las personas en pandemia. \u201cTuvimos instrucciones del Ministerio de Ciencia de cumplir la normativa, tanto del resguardo del uso de mascarilla, el distanciamiento social, el lavado de manos, el alcohol gel y todo eso. Tambi\u00e9n cautelamos que las actividades se efectuaran con los aforos indicados por el Ministerio de Salud, a trav\u00e9s de la inscripci\u00f3n previa de los participantes, lo que nos permiti\u00f3 regular la cantidad de personas presentes\u201d, indic\u00f3 Sergio Gonz\u00e1lez.<\/p>\n<p style=\"text-align: justify\"><strong>El arte como veh\u00edculo para el conocimiento cient\u00edfico<\/strong><\/p>\n<p style=\"text-align: justify\">El FECI se inici\u00f3 con la presentaci\u00f3n de la obra de teatro \u201cAnimales de luz. Rescatando los secretos del Olivar\u201d, en el Centro Cultural Palace de Coquimbo. La representaci\u00f3n art\u00edstica, que fue co-creada por la compa\u00f1\u00eda La Colectiva junto al Museo Arqueol\u00f3gico de la Serena y Explora Coquimbo, abord\u00f3 la contaminaci\u00f3n lum\u00ednica desde la cosmovisi\u00f3n de los diaguitas, generando inter\u00e9s y reflexi\u00f3n en los espectadores.<\/p>\n<p style=\"text-align: justify\">\u201cMe gust\u00f3 bastante, soy profesora y me interes\u00f3 mucho por el tema cient\u00edfico, cultural y el c\u00f3mo transmitirlo a los ni\u00f1os. Me llam\u00f3 la atenci\u00f3n que abordaran el olivar, adem\u00e1s soy diaguita, entonces me atrajo mayormente. Me gust\u00f3 c\u00f3mo lo enfocaron\u201d, coment\u00f3 Geraldine Araya.<\/p>\n<p style=\"text-align: justify\">Otra actividad fue la realizaci\u00f3n de un taller de cuentos con contenido cient\u00edfico y ambiental, dirigido por Paloma N\u00fa\u00f1ez, encargada de Ciencia Ciudadana del CEAZA, donde se entregaron t\u00e9cnicas para la construcci\u00f3n de historias enfocadas a divulgar conocimiento cient\u00edfico y cultural de los ecosistemas fr\u00e1giles del territorio nacional.<\/p>\n<p style=\"text-align: justify\">Estas instancias, junto a otros espacios de difusi\u00f3n asociados al \u00e1mbito cultural, social y art\u00edstico, conectaron a la comunidad con la ciencia de una manera reflexiva y diferente.<\/p>\n<p style=\"text-align: justify\"><strong>Ciencia para el bienestar humano<\/strong><strong>\u00a0<\/strong><\/p>\n<p style=\"text-align: justify\">Tambi\u00e9n se efectuaron charlas y talleres con destacados especialistas de la salud, donde los asistentes comprendieron, desde la ciencia, lo que le pasa a su cuerpo cuando envejecen y qu\u00e9 hacer para vivir de una forma m\u00e1s satisfactoria esa etapa de la vida. Asimismo, conocieron los beneficios de la alimentaci\u00f3n basada en plantas y accedieron a pautas para facilitar cambios de h\u00e1bitos alimenticios.<\/p>\n<p style=\"text-align: justify\">De la misma manera, aprendieron c\u00f3mo la ciencia puede explicar fen\u00f3menos que ocurren al preparar los alimentos y accedieron a consejos pr\u00e1cticos para cultivar sus propios alimentos.<\/p>\n<p style=\"text-align: justify\">Finalmente, se generaron espacios de divulgaci\u00f3n y talleres que acercaron a la comunidad a conocimiento in\u00e9dito sobre turismo astron\u00f3mico, contaminaci\u00f3n lum\u00ednica e instrumentos oceanogr\u00e1ficos, entre otros temas.<\/p>\n<p style=\"text-align: justify\">Al concluir la iniciativa, los organizadores se mostraron satisfechos e invitaron a la comunidad a participar en la pr\u00f3xima versi\u00f3n del FECI. \u201cEstamos felices de la convocatoria, de la cantidad de actividades que pudimos sacar adelante, en un contexto de pandemia, donde es dif\u00edcil conectar con las personas, a\u00fan as\u00ed lo logramos con el esfuerzo de un equipo de trabajo grande y tambi\u00e9n con el apoyo del Ministerio de Ciencia, Tecnolog\u00eda, Conocimiento e Innovaci\u00f3n. Los dejamos cordialmente invitados para la pr\u00f3xima versi\u00f3n del a\u00f1o 2022\u201d, afirm\u00f3 Franco Mar\u00edn, Encargado de FECI del Proyecto Explora Coquimbo.<\/p>\n<p style=\"text-align: justify\">El FECI forma parte del programa Ciencia P\u00fablica del Ministerio de Ciencia, Tecnolog\u00eda, Conocimiento e Innovaci\u00f3n. Se trata de una celebraci\u00f3n nacional, p\u00fablica y gratuita que invita a todas las personas a acercarse y disfrutar de los temas y fen\u00f3menos relacionados a la Ciencia, Tecnolog\u00eda, Conocimiento e Innovaci\u00f3n.<\/p>\n","protected":false},"excerpt":{"rendered":"<p>En su versi\u00f3n 2021: FECI Coquimbo acerc\u00f3 la ciencia y la cultura a lo cotidiano <\/p>\n","protected":false},"author":21,"featured_media":41907,"comment_status":"open","ping_status":"open","sticky":false,"template":"","format":"standard","meta":{"_acf_changed":false,"_exactmetrics_skip_tracking":false,"_exactmetrics_sitenote_active":false,"_exactmetrics_sitenote_note":"","_exactmetrics_sitenote_category":0,"footnotes":"","_links_to":"","_links_to_target":""},"categories":[4],"tags":[],"class_list":["post-41906","post","type-post","status-publish","format-standard","has-post-thumbnail","hentry","category-noticias"],"acf":[],"yoast_head":"<!-- This site is optimized with the Yoast SEO plugin v26.9 - https:\/\/yoast.com\/product\/yoast-seo-wordpress\/ -->\n<title>En su versi\u00f3n 2021: FECI Coquimbo acerc\u00f3 la ciencia y la cultura a lo cotidiano - Coquimbo<\/title>\n<meta name=\"robots\" content=\"index, follow, max-snippet:-1, max-image-preview:large, max-video-preview:-1\" \/>\n<link rel=\"canonical\" href=\"https:\/\/explora.cl\/coquimbo\/en-su-version-2021-feci-coquimbo-acerco-la-ciencia-y-la-cultura-a-lo-cotidiano\/\" class=\"yoast-seo-meta-tag\" \/>\n<meta property=\"og:locale\" content=\"es_ES\" class=\"yoast-seo-meta-tag\" \/>\n<meta property=\"og:type\" content=\"article\" class=\"yoast-seo-meta-tag\" \/>\n<meta property=\"og:title\" content=\"En su versi\u00f3n 2021: FECI Coquimbo acerc\u00f3 la ciencia y la cultura a lo cotidiano - Coquimbo\" class=\"yoast-seo-meta-tag\" \/>\n<meta property=\"og:description\" content=\"En su versi\u00f3n 2021: FECI Coquimbo acerc\u00f3 la ciencia y la cultura a lo cotidiano\" class=\"yoast-seo-meta-tag\" \/>\n<meta property=\"og:url\" content=\"https:\/\/explora.cl\/coquimbo\/en-su-version-2021-feci-coquimbo-acerco-la-ciencia-y-la-cultura-a-lo-cotidiano\/\" class=\"yoast-seo-meta-tag\" \/>\n<meta property=\"og:site_name\" content=\"Coquimbo\" class=\"yoast-seo-meta-tag\" \/>\n<meta property=\"article:published_time\" content=\"2021-10-29T17:42:57+00:00\" class=\"yoast-seo-meta-tag\" \/>\n<meta property=\"article:modified_time\" content=\"2021-11-16T14:50:39+00:00\" class=\"yoast-seo-meta-tag\" \/>\n<meta property=\"og:image\" content=\"https:\/\/explora.cl\/coquimbo\/wp-content\/uploads\/sites\/6\/2021\/10\/DSC00776-1024x683.jpg\" class=\"yoast-seo-meta-tag\" \/>\n\t<meta property=\"og:image:width\" content=\"1024\" class=\"yoast-seo-meta-tag\" \/>\n\t<meta property=\"og:image:height\" content=\"683\" class=\"yoast-seo-meta-tag\" \/>\n\t<meta property=\"og:image:type\" content=\"image\/jpeg\" class=\"yoast-seo-meta-tag\" \/>\n<meta name=\"author\" content=\"jimartin\" class=\"yoast-seo-meta-tag\" \/>\n<meta name=\"twitter:card\" content=\"summary_large_image\" class=\"yoast-seo-meta-tag\" \/>\n<meta name=\"twitter:label1\" content=\"Escrito por\" class=\"yoast-seo-meta-tag\" \/>\n\t<meta name=\"twitter:data1\" content=\"jimartin\" class=\"yoast-seo-meta-tag\" \/>\n\t<meta name=\"twitter:label2\" content=\"Tiempo estimado de lectura\" class=\"yoast-seo-meta-tag\" \/>\n\t<meta name=\"twitter:data2\" content=\"5 minutos\" class=\"yoast-seo-meta-tag\" \/>\n<script type=\"application\/ld+json\" class=\"yoast-schema-graph\">{\"@context\":\"https:\/\/schema.org\",\"@graph\":[{\"@type\":\"Article\",\"@id\":\"https:\/\/explora.cl\/coquimbo\/en-su-version-2021-feci-coquimbo-acerco-la-ciencia-y-la-cultura-a-lo-cotidiano\/#article\",\"isPartOf\":{\"@id\":\"https:\/\/explora.cl\/coquimbo\/en-su-version-2021-feci-coquimbo-acerco-la-ciencia-y-la-cultura-a-lo-cotidiano\/\"},\"author\":{\"name\":\"jimartin\",\"@id\":\"https:\/\/explora.cl\/coquimbo\/#\/schema\/person\/c171f405669e4e4f7e56a099200d2fe6\"},\"headline\":\"En su versi\u00f3n 2021: FECI Coquimbo acerc\u00f3 la ciencia y la cultura a lo cotidiano\",\"datePublished\":\"2021-10-29T17:42:57+00:00\",\"dateModified\":\"2021-11-16T14:50:39+00:00\",\"mainEntityOfPage\":{\"@id\":\"https:\/\/explora.cl\/coquimbo\/en-su-version-2021-feci-coquimbo-acerco-la-ciencia-y-la-cultura-a-lo-cotidiano\/\"},\"wordCount\":1112,\"commentCount\":0,\"publisher\":{\"@id\":\"https:\/\/explora.cl\/coquimbo\/#organization\"},\"image\":{\"@id\":\"https:\/\/explora.cl\/coquimbo\/en-su-version-2021-feci-coquimbo-acerco-la-ciencia-y-la-cultura-a-lo-cotidiano\/#primaryimage\"},\"thumbnailUrl\":\"https:\/\/explora.cl\/coquimbo\/wp-content\/uploads\/sites\/6\/2021\/10\/DSC00776.jpg\",\"articleSection\":[\"Noticias\"],\"inLanguage\":\"es-CL\",\"potentialAction\":[{\"@type\":\"CommentAction\",\"name\":\"Comment\",\"target\":[\"https:\/\/explora.cl\/coquimbo\/en-su-version-2021-feci-coquimbo-acerco-la-ciencia-y-la-cultura-a-lo-cotidiano\/#respond\"]}]},{\"@type\":\"WebPage\",\"@id\":\"https:\/\/explora.cl\/coquimbo\/en-su-version-2021-feci-coquimbo-acerco-la-ciencia-y-la-cultura-a-lo-cotidiano\/\",\"url\":\"https:\/\/explora.cl\/coquimbo\/en-su-version-2021-feci-coquimbo-acerco-la-ciencia-y-la-cultura-a-lo-cotidiano\/\",\"name\":\"En su versi\u00f3n 2021: FECI Coquimbo acerc\u00f3 la ciencia y la cultura a lo cotidiano - Coquimbo\",\"isPartOf\":{\"@id\":\"https:\/\/explora.cl\/coquimbo\/#website\"},\"primaryImageOfPage\":{\"@id\":\"https:\/\/explora.cl\/coquimbo\/en-su-version-2021-feci-coquimbo-acerco-la-ciencia-y-la-cultura-a-lo-cotidiano\/#primaryimage\"},\"image\":{\"@id\":\"https:\/\/explora.cl\/coquimbo\/en-su-version-2021-feci-coquimbo-acerco-la-ciencia-y-la-cultura-a-lo-cotidiano\/#primaryimage\"},\"thumbnailUrl\":\"https:\/\/explora.cl\/coquimbo\/wp-content\/uploads\/sites\/6\/2021\/10\/DSC00776.jpg\",\"datePublished\":\"2021-10-29T17:42:57+00:00\",\"dateModified\":\"2021-11-16T14:50:39+00:00\",\"breadcrumb\":{\"@id\":\"https:\/\/explora.cl\/coquimbo\/en-su-version-2021-feci-coquimbo-acerco-la-ciencia-y-la-cultura-a-lo-cotidiano\/#breadcrumb\"},\"inLanguage\":\"es-CL\",\"potentialAction\":[{\"@type\":\"ReadAction\",\"target\":[\"https:\/\/explora.cl\/coquimbo\/en-su-version-2021-feci-coquimbo-acerco-la-ciencia-y-la-cultura-a-lo-cotidiano\/\"]}]},{\"@type\":\"ImageObject\",\"inLanguage\":\"es-CL\",\"@id\":\"https:\/\/explora.cl\/coquimbo\/en-su-version-2021-feci-coquimbo-acerco-la-ciencia-y-la-cultura-a-lo-cotidiano\/#primaryimage\",\"url\":\"https:\/\/explora.cl\/coquimbo\/wp-content\/uploads\/sites\/6\/2021\/10\/DSC00776.jpg\",\"contentUrl\":\"https:\/\/explora.cl\/coquimbo\/wp-content\/uploads\/sites\/6\/2021\/10\/DSC00776.jpg\",\"width\":6000,\"height\":4000},{\"@type\":\"BreadcrumbList\",\"@id\":\"https:\/\/explora.cl\/coquimbo\/en-su-version-2021-feci-coquimbo-acerco-la-ciencia-y-la-cultura-a-lo-cotidiano\/#breadcrumb\",\"itemListElement\":[{\"@type\":\"ListItem\",\"position\":1,\"name\":\"Portada\",\"item\":\"https:\/\/explora.cl\/coquimbo\/\"},{\"@type\":\"ListItem\",\"position\":2,\"name\":\"En su versi\u00f3n 2021: FECI Coquimbo acerc\u00f3 la ciencia y la cultura a lo cotidiano\"}]},{\"@type\":\"WebSite\",\"@id\":\"https:\/\/explora.cl\/coquimbo\/#website\",\"url\":\"https:\/\/explora.cl\/coquimbo\/\",\"name\":\"Coquimbo\",\"description\":\"Otro sitio m\u00e1s de explora.cl\",\"publisher\":{\"@id\":\"https:\/\/explora.cl\/coquimbo\/#organization\"},\"potentialAction\":[{\"@type\":\"SearchAction\",\"target\":{\"@type\":\"EntryPoint\",\"urlTemplate\":\"https:\/\/explora.cl\/coquimbo\/?s={search_term_string}\"},\"query-input\":{\"@type\":\"PropertyValueSpecification\",\"valueRequired\":true,\"valueName\":\"search_term_string\"}}],\"inLanguage\":\"es-CL\"},{\"@type\":\"Organization\",\"@id\":\"https:\/\/explora.cl\/coquimbo\/#organization\",\"name\":\"Coquimbo\",\"url\":\"https:\/\/explora.cl\/coquimbo\/\",\"logo\":{\"@type\":\"ImageObject\",\"inLanguage\":\"es-CL\",\"@id\":\"https:\/\/explora.cl\/coquimbo\/#\/schema\/logo\/image\/\",\"url\":\"https:\/\/explora.cl\/coquimbo\/wp-content\/uploads\/sites\/6\/2020\/08\/cropped-Mesa-de-trabajo-1-100.jpg\",\"contentUrl\":\"https:\/\/explora.cl\/coquimbo\/wp-content\/uploads\/sites\/6\/2020\/08\/cropped-Mesa-de-trabajo-1-100.jpg\",\"width\":615,\"height\":576,\"caption\":\"Coquimbo\"},\"image\":{\"@id\":\"https:\/\/explora.cl\/coquimbo\/#\/schema\/logo\/image\/\"}},{\"@type\":\"Person\",\"@id\":\"https:\/\/explora.cl\/coquimbo\/#\/schema\/person\/c171f405669e4e4f7e56a099200d2fe6\",\"name\":\"jimartin\",\"image\":{\"@type\":\"ImageObject\",\"inLanguage\":\"es-CL\",\"@id\":\"https:\/\/explora.cl\/coquimbo\/#\/schema\/person\/image\/\",\"url\":\"https:\/\/secure.gravatar.com\/avatar\/8dfd7d14443934731a5aea629f40c1aceb42cc8b566a9926567e833c9d22b643?s=96&d=mm&r=g\",\"contentUrl\":\"https:\/\/secure.gravatar.com\/avatar\/8dfd7d14443934731a5aea629f40c1aceb42cc8b566a9926567e833c9d22b643?s=96&d=mm&r=g\",\"caption\":\"jimartin\"},\"url\":\"https:\/\/explora.cl\/coquimbo\/author\/jimartin\/\"}]}<\/script>\n<!-- \/ Yoast SEO plugin. -->","yoast_head_json":{"title":"En su versi\u00f3n 2021: FECI Coquimbo acerc\u00f3 la ciencia y la cultura a lo cotidiano - Coquimbo","robots":{"index":"index","follow":"follow","max-snippet":"max-snippet:-1","max-image-preview":"max-image-preview:large","max-video-preview":"max-video-preview:-1"},"canonical":"https:\/\/explora.cl\/coquimbo\/en-su-version-2021-feci-coquimbo-acerco-la-ciencia-y-la-cultura-a-lo-cotidiano\/","og_locale":"es_ES","og_type":"article","og_title":"En su versi\u00f3n 2021: FECI Coquimbo acerc\u00f3 la ciencia y la cultura a lo cotidiano - Coquimbo","og_description":"En su versi\u00f3n 2021: FECI Coquimbo acerc\u00f3 la ciencia y la cultura a lo cotidiano","og_url":"https:\/\/explora.cl\/coquimbo\/en-su-version-2021-feci-coquimbo-acerco-la-ciencia-y-la-cultura-a-lo-cotidiano\/","og_site_name":"Coquimbo","article_published_time":"2021-10-29T17:42:57+00:00","article_modified_time":"2021-11-16T14:50:39+00:00","og_image":[{"width":1024,"height":683,"url":"https:\/\/explora.cl\/coquimbo\/wp-content\/uploads\/sites\/6\/2021\/10\/DSC00776-1024x683.jpg","type":"image\/jpeg"}],"author":"jimartin","twitter_card":"summary_large_image","twitter_misc":{"Escrito por":"jimartin","Tiempo estimado de lectura":"5 minutos"},"schema":{"@context":"https:\/\/schema.org","@graph":[{"@type":"Article","@id":"https:\/\/explora.cl\/coquimbo\/en-su-version-2021-feci-coquimbo-acerco-la-ciencia-y-la-cultura-a-lo-cotidiano\/#article","isPartOf":{"@id":"https:\/\/explora.cl\/coquimbo\/en-su-version-2021-feci-coquimbo-acerco-la-ciencia-y-la-cultura-a-lo-cotidiano\/"},"author":{"name":"jimartin","@id":"https:\/\/explora.cl\/coquimbo\/#\/schema\/person\/c171f405669e4e4f7e56a099200d2fe6"},"headline":"En su versi\u00f3n 2021: FECI Coquimbo acerc\u00f3 la ciencia y la cultura a lo cotidiano","datePublished":"2021-10-29T17:42:57+00:00","dateModified":"2021-11-16T14:50:39+00:00","mainEntityOfPage":{"@id":"https:\/\/explora.cl\/coquimbo\/en-su-version-2021-feci-coquimbo-acerco-la-ciencia-y-la-cultura-a-lo-cotidiano\/"},"wordCount":1112,"commentCount":0,"publisher":{"@id":"https:\/\/explora.cl\/coquimbo\/#organization"},"image":{"@id":"https:\/\/explora.cl\/coquimbo\/en-su-version-2021-feci-coquimbo-acerco-la-ciencia-y-la-cultura-a-lo-cotidiano\/#primaryimage"},"thumbnailUrl":"https:\/\/explora.cl\/coquimbo\/wp-content\/uploads\/sites\/6\/2021\/10\/DSC00776.jpg","articleSection":["Noticias"],"inLanguage":"es-CL","potentialAction":[{"@type":"CommentAction","name":"Comment","target":["https:\/\/explora.cl\/coquimbo\/en-su-version-2021-feci-coquimbo-acerco-la-ciencia-y-la-cultura-a-lo-cotidiano\/#respond"]}]},{"@type":"WebPage","@id":"https:\/\/explora.cl\/coquimbo\/en-su-version-2021-feci-coquimbo-acerco-la-ciencia-y-la-cultura-a-lo-cotidiano\/","url":"https:\/\/explora.cl\/coquimbo\/en-su-version-2021-feci-coquimbo-acerco-la-ciencia-y-la-cultura-a-lo-cotidiano\/","name":"En su versi\u00f3n 2021: FECI Coquimbo acerc\u00f3 la ciencia y la cultura a lo cotidiano - Coquimbo","isPartOf":{"@id":"https:\/\/explora.cl\/coquimbo\/#website"},"primaryImageOfPage":{"@id":"https:\/\/explora.cl\/coquimbo\/en-su-version-2021-feci-coquimbo-acerco-la-ciencia-y-la-cultura-a-lo-cotidiano\/#primaryimage"},"image":{"@id":"https:\/\/explora.cl\/coquimbo\/en-su-version-2021-feci-coquimbo-acerco-la-ciencia-y-la-cultura-a-lo-cotidiano\/#primaryimage"},"thumbnailUrl":"https:\/\/explora.cl\/coquimbo\/wp-content\/uploads\/sites\/6\/2021\/10\/DSC00776.jpg","datePublished":"2021-10-29T17:42:57+00:00","dateModified":"2021-11-16T14:50:39+00:00","breadcrumb":{"@id":"https:\/\/explora.cl\/coquimbo\/en-su-version-2021-feci-coquimbo-acerco-la-ciencia-y-la-cultura-a-lo-cotidiano\/#breadcrumb"},"inLanguage":"es-CL","potentialAction":[{"@type":"ReadAction","target":["https:\/\/explora.cl\/coquimbo\/en-su-version-2021-feci-coquimbo-acerco-la-ciencia-y-la-cultura-a-lo-cotidiano\/"]}]},{"@type":"ImageObject","inLanguage":"es-CL","@id":"https:\/\/explora.cl\/coquimbo\/en-su-version-2021-feci-coquimbo-acerco-la-ciencia-y-la-cultura-a-lo-cotidiano\/#primaryimage","url":"https:\/\/explora.cl\/coquimbo\/wp-content\/uploads\/sites\/6\/2021\/10\/DSC00776.jpg","contentUrl":"https:\/\/explora.cl\/coquimbo\/wp-content\/uploads\/sites\/6\/2021\/10\/DSC00776.jpg","width":6000,"height":4000},{"@type":"BreadcrumbList","@id":"https:\/\/explora.cl\/coquimbo\/en-su-version-2021-feci-coquimbo-acerco-la-ciencia-y-la-cultura-a-lo-cotidiano\/#breadcrumb","itemListElement":[{"@type":"ListItem","position":1,"name":"Portada","item":"https:\/\/explora.cl\/coquimbo\/"},{"@type":"ListItem","position":2,"name":"En su versi\u00f3n 2021: FECI Coquimbo acerc\u00f3 la ciencia y la cultura a lo cotidiano"}]},{"@type":"WebSite","@id":"https:\/\/explora.cl\/coquimbo\/#website","url":"https:\/\/explora.cl\/coquimbo\/","name":"Coquimbo","description":"Otro sitio m\u00e1s de explora.cl","publisher":{"@id":"https:\/\/explora.cl\/coquimbo\/#organization"},"potentialAction":[{"@type":"SearchAction","target":{"@type":"EntryPoint","urlTemplate":"https:\/\/explora.cl\/coquimbo\/?s={search_term_string}"},"query-input":{"@type":"PropertyValueSpecification","valueRequired":true,"valueName":"search_term_string"}}],"inLanguage":"es-CL"},{"@type":"Organization","@id":"https:\/\/explora.cl\/coquimbo\/#organization","name":"Coquimbo","url":"https:\/\/explora.cl\/coquimbo\/","logo":{"@type":"ImageObject","inLanguage":"es-CL","@id":"https:\/\/explora.cl\/coquimbo\/#\/schema\/logo\/image\/","url":"https:\/\/explora.cl\/coquimbo\/wp-content\/uploads\/sites\/6\/2020\/08\/cropped-Mesa-de-trabajo-1-100.jpg","contentUrl":"https:\/\/explora.cl\/coquimbo\/wp-content\/uploads\/sites\/6\/2020\/08\/cropped-Mesa-de-trabajo-1-100.jpg","width":615,"height":576,"caption":"Coquimbo"},"image":{"@id":"https:\/\/explora.cl\/coquimbo\/#\/schema\/logo\/image\/"}},{"@type":"Person","@id":"https:\/\/explora.cl\/coquimbo\/#\/schema\/person\/c171f405669e4e4f7e56a099200d2fe6","name":"jimartin","image":{"@type":"ImageObject","inLanguage":"es-CL","@id":"https:\/\/explora.cl\/coquimbo\/#\/schema\/person\/image\/","url":"https:\/\/secure.gravatar.com\/avatar\/8dfd7d14443934731a5aea629f40c1aceb42cc8b566a9926567e833c9d22b643?s=96&d=mm&r=g","contentUrl":"https:\/\/secure.gravatar.com\/avatar\/8dfd7d14443934731a5aea629f40c1aceb42cc8b566a9926567e833c9d22b643?s=96&d=mm&r=g","caption":"jimartin"},"url":"https:\/\/explora.cl\/coquimbo\/author\/jimartin\/"}]}},"_links":{"self":[{"href":"https:\/\/explora.cl\/coquimbo\/wp-json\/wp\/v2\/posts\/41906","targetHints":{"allow":["GET"]}}],"collection":[{"href":"https:\/\/explora.cl\/coquimbo\/wp-json\/wp\/v2\/posts"}],"about":[{"href":"https:\/\/explora.cl\/coquimbo\/wp-json\/wp\/v2\/types\/post"}],"author":[{"embeddable":true,"href":"https:\/\/explora.cl\/coquimbo\/wp-json\/wp\/v2\/users\/21"}],"replies":[{"embeddable":true,"href":"https:\/\/explora.cl\/coquimbo\/wp-json\/wp\/v2\/comments?post=41906"}],"version-history":[{"count":1,"href":"https:\/\/explora.cl\/coquimbo\/wp-json\/wp\/v2\/posts\/41906\/revisions"}],"predecessor-version":[{"id":41908,"href":"https:\/\/explora.cl\/coquimbo\/wp-json\/wp\/v2\/posts\/41906\/revisions\/41908"}],"wp:featuredmedia":[{"embeddable":true,"href":"https:\/\/explora.cl\/coquimbo\/wp-json\/wp\/v2\/media\/41907"}],"wp:attachment":[{"href":"https:\/\/explora.cl\/coquimbo\/wp-json\/wp\/v2\/media?parent=41906"}],"wp:term":[{"taxonomy":"category","embeddable":true,"href":"https:\/\/explora.cl\/coquimbo\/wp-json\/wp\/v2\/categories?post=41906"},{"taxonomy":"post_tag","embeddable":true,"href":"https:\/\/explora.cl\/coquimbo\/wp-json\/wp\/v2\/tags?post=41906"}],"curies":[{"name":"wp","href":"https:\/\/api.w.org\/{rel}","templated":true}]}}