{"id":41884,"date":"2021-10-20T09:30:43","date_gmt":"2021-10-20T12:30:43","guid":{"rendered":"https:\/\/explora.cl\/coquimbo\/?p=41884"},"modified":"2021-11-08T13:39:48","modified_gmt":"2021-11-08T16:39:48","slug":"paloma-nunez-divulgadora-los-cuentos-con-tematicas-cientificas-han-servido-para-poner-en-valor-los-ambientes-en-que-vivimos","status":"publish","type":"post","link":"https:\/\/explora.cl\/coquimbo\/paloma-nunez-divulgadora-los-cuentos-con-tematicas-cientificas-han-servido-para-poner-en-valor-los-ambientes-en-que-vivimos\/","title":{"rendered":"Paloma N\u00fa\u00f1ez, divulgadora: \u201cLos cuentos con tem\u00e1ticas cient\u00edficas han servido para poner en valor los ambientes en que vivimos\u201d"},"content":{"rendered":"<p style=\"text-align: justify\"><em>Paloma ha creado diversas obras literarias que llaman a reflexionar y cuidar el medio ambiente. Y hoy, como parte del Programa de Ciencia Ciudadana del Centro de Estudios Avanzados en Zonas \u00c1ridas, CEAZA, coordina la colecci\u00f3n de \u201cCuentos con ciencia\u201d.<\/em><\/p>\n<p style=\"text-align: justify\">Desde peque\u00f1os\/as, nos encanta o\u00edr o presenciar historias. Ya sea en un libro, en la radio o en una pantalla, dejarnos llevar por una narraci\u00f3n es una experiencia muy significativa que estimula todos nuestros sentidos. Encontrarnos con un inicio, un desarrollo y un desenlace siempre es cautivante, m\u00e1s a\u00fan si la intenci\u00f3n art\u00edstica de esa historia entrega un mensaje que resuena en nuestro coraz\u00f3n y memoria. \u00bfY qu\u00e9 pasa cuando ese mensaje nos invita a reflexionar sobre el ambiente o territorio que nos rodea? De eso se tratan las siguientes l\u00edneas.<\/p>\n<p style=\"text-align: justify\">Paloma N\u00fa\u00f1ez es Bi\u00f3loga Marina, y desde el a\u00f1o 2008, cuando realizaba su tesis de titulaci\u00f3n y era parte de la iniciativa \u201cCient\u00edficos de la basura\u201d, se ha dedicado a la divulgaci\u00f3n cient\u00edfica. Desde esa \u00e9poca, y por diversas causas y azares, ha creado diversas obras literarias que llaman a reflexionar y cuidar el medio ambiente. Y hoy, como parte del Programa de Ciencia Ciudadana del Centro de Estudios Avanzados en Zonas \u00c1ridas, <a href=\"http:\/\/www.ceaza.cl\/\">CEAZA<\/a>, coordina la colecci\u00f3n de <a href=\"http:\/\/www.ceaza.cl\/2020\/04\/03\/ceaza-pone-disposicion-cuentos-divulgacion-cientifica-via-online\/\">\u201cCuentos con ciencia\u201d<\/a>.<\/p>\n<p style=\"text-align: justify\"><strong>\u00bfC\u00f3mo llegas a escribir cuentos con contenido cient\u00edfico\/ecol\u00f3gico?<\/strong><\/p>\n<p style=\"text-align: justify\">En ese entonces, a fines de la primera d\u00e9cada del 2000, no hab\u00eda mucho material de cuentos ni de divulgaci\u00f3n cient\u00edfica en general ni de Chile. Y en esa \u00e9poca yo ten\u00eda que hacer mi tesis y ten\u00eda que hacer un folleto sobre el problema de la basura marina, entonces, empec\u00e9 a escribir eso y me aburr\u00ed demasiado, porque tambi\u00e9n me enfrent\u00e9 a temas muy sociales, formas de consumo y formas de vida. Y escribir este folleto tambi\u00e9n me hac\u00eda muy moralista en cuanto a decirle a los dem\u00e1s lo que deb\u00edan hacer. Ah\u00ed entonces nace el cuento Plas y Tika, a ra\u00edz de la basura en el oc\u00e9ano, sobre la cual no hab\u00eda mucha informaci\u00f3n cient\u00edfica, y en Chile no nos cuestion\u00e1bamos mucho el uso de las bolsas pl\u00e1sticas como ahora. Y ah\u00ed surge este cuento, de forma muy autodidacta en cuanto a texto, dise\u00f1o, ilustraciones, que si lo miramos hoy no eran muy bellas, pero que llam\u00f3 mucho la atenci\u00f3n cuando lo empezamos a mostrar en colegios, donde los\/as ni\u00f1os\/as hac\u00edan juegos de palabras, tipo: pape y lito, etc. De ah\u00ed se hicieron 2 cuentos m\u00e1s en el mismo formato: Los amigos de la gaviota Lara y El viaje de Jurela y los micropl\u00e1sticos.<\/p>\n<p style=\"text-align: justify\"><strong>\u00bfCrees que la literatura es una v\u00eda importante para divulgar ciencia?<\/strong><\/p>\n<p style=\"text-align: justify\">El cuento nos permite decir muchas cosas pero a trav\u00e9s de met\u00e1foras, con palabras bonitas, ilustraciones, todos recordamos alg\u00fan cuento de nuestra infancia, cuentos cl\u00e1sicos que son historias y estructuras que se van replicando a lo largo de la historia; lo cual nos ha ayudado mucho a resolver nuestras historias eco sist\u00e9micas, dig\u00e1moslo as\u00ed, y encasillar a la literatura, porque en la formaci\u00f3n cient\u00edfica traemos la literatura, pero tengo mucho apoyo de Alejandra Far\u00edas, Licenciada en Literatura y que me colabora en lo que se relaciona con el lenguaje con los cuentos. Por ejemplo, en los nuevos cuentos nos hemos atrevido con la rima, y all\u00ed hay que ser cautelosos, porque las personas entendidas en la materia ponen mucha atenci\u00f3n a eso.<\/p>\n<p style=\"text-align: justify\"><strong>En tu experiencia, \u00bfc\u00f3mo llega el contenido\/mensaje de estos cuentos a ni\u00f1os y ni\u00f1as?<\/strong><\/p>\n<p style=\"text-align: justify\">Esto ha sido la principal motivaci\u00f3n de la continuidad de este programa, pues siempre tenemos cuentos pendientes, pues primero tenemos el financiamiento y luego tenemos el cuento. Tiene muchas aristas tu pregunta, pues notamos que son valorados, que se usa en escuelas y bibliotecas, pero nos cuesta seguirle la huella a esto, salvo testimonios de cercanos sobre c\u00f3mo los cuentos motivan a los ni\u00f1os y ni\u00f1as a pintar rocas o ver personajes en la playa. Pero hemos notado que ha servido en una visi\u00f3n de puesta en valor de los ambientes en que vivimos, en el sentido de que pasan los a\u00f1os y ese relato se hace m\u00e1s tangible en los habitantes de quienes son el p\u00fablico objetivo.<\/p>\n<p style=\"text-align: justify\"><strong>\u00bfY c\u00f3mo se trabaja actualmente en los nuevos Cuentos con ciencia?<\/strong><\/p>\n<p style=\"text-align: justify\">El cuento se llama La orquesta del humedal, y el ecosistema que contempla es la red de animales costeros de la Regi\u00f3n de Coquimbo. Es una met\u00e1fora de c\u00f3mo estos ambientes tienen una m\u00fasica y ese sonido se relaciona con la toma de decisiones que hacen los humanos sobre ellos. Y nunca se hab\u00eda dado que trabajaran tantas personas en el mapa conceptual para elaborar el cuento, y tambi\u00e9n en sus etapas posteriores. El cuento ya est\u00e1 en la mente de todos, pese a que a\u00fan no existe, y hacerlo realidad se vuelve cada vez m\u00e1s un desaf\u00edo, pues hay muchas opiniones y hay que tener la humildad de incorporarlas todas, incluso las que son m\u00e1s dif\u00edciles de abordar, considerando que los animales costeros son objeto de atenci\u00f3n de muchas personas y tambi\u00e9n un tema muy val\u00f3rico. Es el primer cuento val\u00f3rico que vamos a hacer.<\/p>\n<p style=\"text-align: justify\"><strong><em>Paloma N\u00fa\u00f1ez dirigir\u00e1 el taller \u201cCuentos con ciencia\u201d este s\u00e1bado 23 a las 10:00 de la ma\u00f1ana, en el marco del Festival de la Ciencia 2021, FECI, que est\u00e1 desarrollando el Proyecto Explora Coquimbo. Si quieres conocer m\u00e1s detalles y\/o inscribirte, revisa este <a href=\"https:\/\/explora.cl\/coquimbo\/programacion-feci-2021-sabado-23-de-octubre\/\">enlace<\/a>. <\/em><\/strong><\/p>\n","protected":false},"excerpt":{"rendered":"<p>Paloma N\u00fa\u00f1ez, divulgadora: \u201cLos cuentos con tem\u00e1ticas cient\u00edficas han servido para poner en valor los ambientes en que vivimos\u201d<\/p>\n","protected":false},"author":21,"featured_media":41885,"comment_status":"open","ping_status":"open","sticky":false,"template":"","format":"standard","meta":{"_acf_changed":false,"_exactmetrics_skip_tracking":false,"_exactmetrics_sitenote_active":false,"_exactmetrics_sitenote_note":"","_exactmetrics_sitenote_category":0,"footnotes":"","_links_to":"","_links_to_target":""},"categories":[4],"tags":[],"class_list":["post-41884","post","type-post","status-publish","format-standard","has-post-thumbnail","hentry","category-noticias"],"acf":[],"yoast_head":"<!-- This site is optimized with the Yoast SEO plugin v26.9 - https:\/\/yoast.com\/product\/yoast-seo-wordpress\/ -->\n<title>Paloma N\u00fa\u00f1ez, divulgadora: \u201cLos cuentos con tem\u00e1ticas cient\u00edficas han servido para poner en valor los ambientes en que vivimos\u201d - Coquimbo<\/title>\n<meta name=\"robots\" content=\"index, follow, max-snippet:-1, max-image-preview:large, max-video-preview:-1\" \/>\n<link rel=\"canonical\" href=\"https:\/\/explora.cl\/coquimbo\/paloma-nunez-divulgadora-los-cuentos-con-tematicas-cientificas-han-servido-para-poner-en-valor-los-ambientes-en-que-vivimos\/\" class=\"yoast-seo-meta-tag\" \/>\n<meta property=\"og:locale\" content=\"es_ES\" class=\"yoast-seo-meta-tag\" \/>\n<meta property=\"og:type\" content=\"article\" class=\"yoast-seo-meta-tag\" \/>\n<meta property=\"og:title\" content=\"Paloma N\u00fa\u00f1ez, divulgadora: \u201cLos cuentos con tem\u00e1ticas cient\u00edficas han servido para poner en valor los ambientes en que vivimos\u201d - Coquimbo\" class=\"yoast-seo-meta-tag\" \/>\n<meta property=\"og:description\" content=\"Paloma N\u00fa\u00f1ez, divulgadora: \u201cLos cuentos con tem\u00e1ticas cient\u00edficas han servido para poner en valor los ambientes en que vivimos\u201d\" class=\"yoast-seo-meta-tag\" \/>\n<meta property=\"og:url\" content=\"https:\/\/explora.cl\/coquimbo\/paloma-nunez-divulgadora-los-cuentos-con-tematicas-cientificas-han-servido-para-poner-en-valor-los-ambientes-en-que-vivimos\/\" class=\"yoast-seo-meta-tag\" \/>\n<meta property=\"og:site_name\" content=\"Coquimbo\" class=\"yoast-seo-meta-tag\" \/>\n<meta property=\"article:published_time\" content=\"2021-10-20T12:30:43+00:00\" class=\"yoast-seo-meta-tag\" \/>\n<meta property=\"article:modified_time\" content=\"2021-11-08T16:39:48+00:00\" class=\"yoast-seo-meta-tag\" \/>\n<meta property=\"og:image\" content=\"https:\/\/explora.cl\/coquimbo\/wp-content\/uploads\/sites\/6\/2021\/10\/Paloma-N.jpg\" class=\"yoast-seo-meta-tag\" \/>\n\t<meta property=\"og:image:width\" content=\"760\" class=\"yoast-seo-meta-tag\" \/>\n\t<meta property=\"og:image:height\" content=\"457\" class=\"yoast-seo-meta-tag\" \/>\n\t<meta property=\"og:image:type\" content=\"image\/jpeg\" class=\"yoast-seo-meta-tag\" \/>\n<meta name=\"author\" content=\"jimartin\" class=\"yoast-seo-meta-tag\" \/>\n<meta name=\"twitter:card\" content=\"summary_large_image\" class=\"yoast-seo-meta-tag\" \/>\n<meta name=\"twitter:label1\" content=\"Escrito por\" class=\"yoast-seo-meta-tag\" \/>\n\t<meta name=\"twitter:data1\" content=\"jimartin\" class=\"yoast-seo-meta-tag\" \/>\n\t<meta name=\"twitter:label2\" content=\"Tiempo estimado de lectura\" class=\"yoast-seo-meta-tag\" \/>\n\t<meta name=\"twitter:data2\" content=\"5 minutos\" class=\"yoast-seo-meta-tag\" \/>\n<script type=\"application\/ld+json\" class=\"yoast-schema-graph\">{\"@context\":\"https:\/\/schema.org\",\"@graph\":[{\"@type\":\"Article\",\"@id\":\"https:\/\/explora.cl\/coquimbo\/paloma-nunez-divulgadora-los-cuentos-con-tematicas-cientificas-han-servido-para-poner-en-valor-los-ambientes-en-que-vivimos\/#article\",\"isPartOf\":{\"@id\":\"https:\/\/explora.cl\/coquimbo\/paloma-nunez-divulgadora-los-cuentos-con-tematicas-cientificas-han-servido-para-poner-en-valor-los-ambientes-en-que-vivimos\/\"},\"author\":{\"name\":\"jimartin\",\"@id\":\"https:\/\/explora.cl\/coquimbo\/#\/schema\/person\/c171f405669e4e4f7e56a099200d2fe6\"},\"headline\":\"Paloma N\u00fa\u00f1ez, divulgadora: \u201cLos cuentos con tem\u00e1ticas cient\u00edficas han servido para poner en valor los ambientes en que vivimos\u201d\",\"datePublished\":\"2021-10-20T12:30:43+00:00\",\"dateModified\":\"2021-11-08T16:39:48+00:00\",\"mainEntityOfPage\":{\"@id\":\"https:\/\/explora.cl\/coquimbo\/paloma-nunez-divulgadora-los-cuentos-con-tematicas-cientificas-han-servido-para-poner-en-valor-los-ambientes-en-que-vivimos\/\"},\"wordCount\":1001,\"commentCount\":0,\"publisher\":{\"@id\":\"https:\/\/explora.cl\/coquimbo\/#organization\"},\"image\":{\"@id\":\"https:\/\/explora.cl\/coquimbo\/paloma-nunez-divulgadora-los-cuentos-con-tematicas-cientificas-han-servido-para-poner-en-valor-los-ambientes-en-que-vivimos\/#primaryimage\"},\"thumbnailUrl\":\"https:\/\/explora.cl\/coquimbo\/wp-content\/uploads\/sites\/6\/2021\/10\/Paloma-N.jpg\",\"articleSection\":[\"Noticias\"],\"inLanguage\":\"es-CL\",\"potentialAction\":[{\"@type\":\"CommentAction\",\"name\":\"Comment\",\"target\":[\"https:\/\/explora.cl\/coquimbo\/paloma-nunez-divulgadora-los-cuentos-con-tematicas-cientificas-han-servido-para-poner-en-valor-los-ambientes-en-que-vivimos\/#respond\"]}]},{\"@type\":\"WebPage\",\"@id\":\"https:\/\/explora.cl\/coquimbo\/paloma-nunez-divulgadora-los-cuentos-con-tematicas-cientificas-han-servido-para-poner-en-valor-los-ambientes-en-que-vivimos\/\",\"url\":\"https:\/\/explora.cl\/coquimbo\/paloma-nunez-divulgadora-los-cuentos-con-tematicas-cientificas-han-servido-para-poner-en-valor-los-ambientes-en-que-vivimos\/\",\"name\":\"Paloma N\u00fa\u00f1ez, divulgadora: \u201cLos cuentos con tem\u00e1ticas cient\u00edficas han servido para poner en valor los ambientes en que vivimos\u201d - Coquimbo\",\"isPartOf\":{\"@id\":\"https:\/\/explora.cl\/coquimbo\/#website\"},\"primaryImageOfPage\":{\"@id\":\"https:\/\/explora.cl\/coquimbo\/paloma-nunez-divulgadora-los-cuentos-con-tematicas-cientificas-han-servido-para-poner-en-valor-los-ambientes-en-que-vivimos\/#primaryimage\"},\"image\":{\"@id\":\"https:\/\/explora.cl\/coquimbo\/paloma-nunez-divulgadora-los-cuentos-con-tematicas-cientificas-han-servido-para-poner-en-valor-los-ambientes-en-que-vivimos\/#primaryimage\"},\"thumbnailUrl\":\"https:\/\/explora.cl\/coquimbo\/wp-content\/uploads\/sites\/6\/2021\/10\/Paloma-N.jpg\",\"datePublished\":\"2021-10-20T12:30:43+00:00\",\"dateModified\":\"2021-11-08T16:39:48+00:00\",\"breadcrumb\":{\"@id\":\"https:\/\/explora.cl\/coquimbo\/paloma-nunez-divulgadora-los-cuentos-con-tematicas-cientificas-han-servido-para-poner-en-valor-los-ambientes-en-que-vivimos\/#breadcrumb\"},\"inLanguage\":\"es-CL\",\"potentialAction\":[{\"@type\":\"ReadAction\",\"target\":[\"https:\/\/explora.cl\/coquimbo\/paloma-nunez-divulgadora-los-cuentos-con-tematicas-cientificas-han-servido-para-poner-en-valor-los-ambientes-en-que-vivimos\/\"]}]},{\"@type\":\"ImageObject\",\"inLanguage\":\"es-CL\",\"@id\":\"https:\/\/explora.cl\/coquimbo\/paloma-nunez-divulgadora-los-cuentos-con-tematicas-cientificas-han-servido-para-poner-en-valor-los-ambientes-en-que-vivimos\/#primaryimage\",\"url\":\"https:\/\/explora.cl\/coquimbo\/wp-content\/uploads\/sites\/6\/2021\/10\/Paloma-N.jpg\",\"contentUrl\":\"https:\/\/explora.cl\/coquimbo\/wp-content\/uploads\/sites\/6\/2021\/10\/Paloma-N.jpg\",\"width\":760,\"height\":457},{\"@type\":\"BreadcrumbList\",\"@id\":\"https:\/\/explora.cl\/coquimbo\/paloma-nunez-divulgadora-los-cuentos-con-tematicas-cientificas-han-servido-para-poner-en-valor-los-ambientes-en-que-vivimos\/#breadcrumb\",\"itemListElement\":[{\"@type\":\"ListItem\",\"position\":1,\"name\":\"Portada\",\"item\":\"https:\/\/explora.cl\/coquimbo\/\"},{\"@type\":\"ListItem\",\"position\":2,\"name\":\"Paloma N\u00fa\u00f1ez, divulgadora: \u201cLos cuentos con tem\u00e1ticas cient\u00edficas han servido para poner en valor los ambientes en que vivimos\u201d\"}]},{\"@type\":\"WebSite\",\"@id\":\"https:\/\/explora.cl\/coquimbo\/#website\",\"url\":\"https:\/\/explora.cl\/coquimbo\/\",\"name\":\"Coquimbo\",\"description\":\"Otro sitio m\u00e1s de explora.cl\",\"publisher\":{\"@id\":\"https:\/\/explora.cl\/coquimbo\/#organization\"},\"potentialAction\":[{\"@type\":\"SearchAction\",\"target\":{\"@type\":\"EntryPoint\",\"urlTemplate\":\"https:\/\/explora.cl\/coquimbo\/?s={search_term_string}\"},\"query-input\":{\"@type\":\"PropertyValueSpecification\",\"valueRequired\":true,\"valueName\":\"search_term_string\"}}],\"inLanguage\":\"es-CL\"},{\"@type\":\"Organization\",\"@id\":\"https:\/\/explora.cl\/coquimbo\/#organization\",\"name\":\"Coquimbo\",\"url\":\"https:\/\/explora.cl\/coquimbo\/\",\"logo\":{\"@type\":\"ImageObject\",\"inLanguage\":\"es-CL\",\"@id\":\"https:\/\/explora.cl\/coquimbo\/#\/schema\/logo\/image\/\",\"url\":\"https:\/\/explora.cl\/coquimbo\/wp-content\/uploads\/sites\/6\/2020\/08\/cropped-Mesa-de-trabajo-1-100.jpg\",\"contentUrl\":\"https:\/\/explora.cl\/coquimbo\/wp-content\/uploads\/sites\/6\/2020\/08\/cropped-Mesa-de-trabajo-1-100.jpg\",\"width\":615,\"height\":576,\"caption\":\"Coquimbo\"},\"image\":{\"@id\":\"https:\/\/explora.cl\/coquimbo\/#\/schema\/logo\/image\/\"}},{\"@type\":\"Person\",\"@id\":\"https:\/\/explora.cl\/coquimbo\/#\/schema\/person\/c171f405669e4e4f7e56a099200d2fe6\",\"name\":\"jimartin\",\"image\":{\"@type\":\"ImageObject\",\"inLanguage\":\"es-CL\",\"@id\":\"https:\/\/explora.cl\/coquimbo\/#\/schema\/person\/image\/\",\"url\":\"https:\/\/secure.gravatar.com\/avatar\/8dfd7d14443934731a5aea629f40c1aceb42cc8b566a9926567e833c9d22b643?s=96&d=mm&r=g\",\"contentUrl\":\"https:\/\/secure.gravatar.com\/avatar\/8dfd7d14443934731a5aea629f40c1aceb42cc8b566a9926567e833c9d22b643?s=96&d=mm&r=g\",\"caption\":\"jimartin\"},\"url\":\"https:\/\/explora.cl\/coquimbo\/author\/jimartin\/\"}]}<\/script>\n<!-- \/ Yoast SEO plugin. -->","yoast_head_json":{"title":"Paloma N\u00fa\u00f1ez, divulgadora: \u201cLos cuentos con tem\u00e1ticas cient\u00edficas han servido para poner en valor los ambientes en que vivimos\u201d - Coquimbo","robots":{"index":"index","follow":"follow","max-snippet":"max-snippet:-1","max-image-preview":"max-image-preview:large","max-video-preview":"max-video-preview:-1"},"canonical":"https:\/\/explora.cl\/coquimbo\/paloma-nunez-divulgadora-los-cuentos-con-tematicas-cientificas-han-servido-para-poner-en-valor-los-ambientes-en-que-vivimos\/","og_locale":"es_ES","og_type":"article","og_title":"Paloma N\u00fa\u00f1ez, divulgadora: \u201cLos cuentos con tem\u00e1ticas cient\u00edficas han servido para poner en valor los ambientes en que vivimos\u201d - Coquimbo","og_description":"Paloma N\u00fa\u00f1ez, divulgadora: \u201cLos cuentos con tem\u00e1ticas cient\u00edficas han servido para poner en valor los ambientes en que vivimos\u201d","og_url":"https:\/\/explora.cl\/coquimbo\/paloma-nunez-divulgadora-los-cuentos-con-tematicas-cientificas-han-servido-para-poner-en-valor-los-ambientes-en-que-vivimos\/","og_site_name":"Coquimbo","article_published_time":"2021-10-20T12:30:43+00:00","article_modified_time":"2021-11-08T16:39:48+00:00","og_image":[{"width":760,"height":457,"url":"https:\/\/explora.cl\/coquimbo\/wp-content\/uploads\/sites\/6\/2021\/10\/Paloma-N.jpg","type":"image\/jpeg"}],"author":"jimartin","twitter_card":"summary_large_image","twitter_misc":{"Escrito por":"jimartin","Tiempo estimado de lectura":"5 minutos"},"schema":{"@context":"https:\/\/schema.org","@graph":[{"@type":"Article","@id":"https:\/\/explora.cl\/coquimbo\/paloma-nunez-divulgadora-los-cuentos-con-tematicas-cientificas-han-servido-para-poner-en-valor-los-ambientes-en-que-vivimos\/#article","isPartOf":{"@id":"https:\/\/explora.cl\/coquimbo\/paloma-nunez-divulgadora-los-cuentos-con-tematicas-cientificas-han-servido-para-poner-en-valor-los-ambientes-en-que-vivimos\/"},"author":{"name":"jimartin","@id":"https:\/\/explora.cl\/coquimbo\/#\/schema\/person\/c171f405669e4e4f7e56a099200d2fe6"},"headline":"Paloma N\u00fa\u00f1ez, divulgadora: \u201cLos cuentos con tem\u00e1ticas cient\u00edficas han servido para poner en valor los ambientes en que vivimos\u201d","datePublished":"2021-10-20T12:30:43+00:00","dateModified":"2021-11-08T16:39:48+00:00","mainEntityOfPage":{"@id":"https:\/\/explora.cl\/coquimbo\/paloma-nunez-divulgadora-los-cuentos-con-tematicas-cientificas-han-servido-para-poner-en-valor-los-ambientes-en-que-vivimos\/"},"wordCount":1001,"commentCount":0,"publisher":{"@id":"https:\/\/explora.cl\/coquimbo\/#organization"},"image":{"@id":"https:\/\/explora.cl\/coquimbo\/paloma-nunez-divulgadora-los-cuentos-con-tematicas-cientificas-han-servido-para-poner-en-valor-los-ambientes-en-que-vivimos\/#primaryimage"},"thumbnailUrl":"https:\/\/explora.cl\/coquimbo\/wp-content\/uploads\/sites\/6\/2021\/10\/Paloma-N.jpg","articleSection":["Noticias"],"inLanguage":"es-CL","potentialAction":[{"@type":"CommentAction","name":"Comment","target":["https:\/\/explora.cl\/coquimbo\/paloma-nunez-divulgadora-los-cuentos-con-tematicas-cientificas-han-servido-para-poner-en-valor-los-ambientes-en-que-vivimos\/#respond"]}]},{"@type":"WebPage","@id":"https:\/\/explora.cl\/coquimbo\/paloma-nunez-divulgadora-los-cuentos-con-tematicas-cientificas-han-servido-para-poner-en-valor-los-ambientes-en-que-vivimos\/","url":"https:\/\/explora.cl\/coquimbo\/paloma-nunez-divulgadora-los-cuentos-con-tematicas-cientificas-han-servido-para-poner-en-valor-los-ambientes-en-que-vivimos\/","name":"Paloma N\u00fa\u00f1ez, divulgadora: \u201cLos cuentos con tem\u00e1ticas cient\u00edficas han servido para poner en valor los ambientes en que vivimos\u201d - Coquimbo","isPartOf":{"@id":"https:\/\/explora.cl\/coquimbo\/#website"},"primaryImageOfPage":{"@id":"https:\/\/explora.cl\/coquimbo\/paloma-nunez-divulgadora-los-cuentos-con-tematicas-cientificas-han-servido-para-poner-en-valor-los-ambientes-en-que-vivimos\/#primaryimage"},"image":{"@id":"https:\/\/explora.cl\/coquimbo\/paloma-nunez-divulgadora-los-cuentos-con-tematicas-cientificas-han-servido-para-poner-en-valor-los-ambientes-en-que-vivimos\/#primaryimage"},"thumbnailUrl":"https:\/\/explora.cl\/coquimbo\/wp-content\/uploads\/sites\/6\/2021\/10\/Paloma-N.jpg","datePublished":"2021-10-20T12:30:43+00:00","dateModified":"2021-11-08T16:39:48+00:00","breadcrumb":{"@id":"https:\/\/explora.cl\/coquimbo\/paloma-nunez-divulgadora-los-cuentos-con-tematicas-cientificas-han-servido-para-poner-en-valor-los-ambientes-en-que-vivimos\/#breadcrumb"},"inLanguage":"es-CL","potentialAction":[{"@type":"ReadAction","target":["https:\/\/explora.cl\/coquimbo\/paloma-nunez-divulgadora-los-cuentos-con-tematicas-cientificas-han-servido-para-poner-en-valor-los-ambientes-en-que-vivimos\/"]}]},{"@type":"ImageObject","inLanguage":"es-CL","@id":"https:\/\/explora.cl\/coquimbo\/paloma-nunez-divulgadora-los-cuentos-con-tematicas-cientificas-han-servido-para-poner-en-valor-los-ambientes-en-que-vivimos\/#primaryimage","url":"https:\/\/explora.cl\/coquimbo\/wp-content\/uploads\/sites\/6\/2021\/10\/Paloma-N.jpg","contentUrl":"https:\/\/explora.cl\/coquimbo\/wp-content\/uploads\/sites\/6\/2021\/10\/Paloma-N.jpg","width":760,"height":457},{"@type":"BreadcrumbList","@id":"https:\/\/explora.cl\/coquimbo\/paloma-nunez-divulgadora-los-cuentos-con-tematicas-cientificas-han-servido-para-poner-en-valor-los-ambientes-en-que-vivimos\/#breadcrumb","itemListElement":[{"@type":"ListItem","position":1,"name":"Portada","item":"https:\/\/explora.cl\/coquimbo\/"},{"@type":"ListItem","position":2,"name":"Paloma N\u00fa\u00f1ez, divulgadora: \u201cLos cuentos con tem\u00e1ticas cient\u00edficas han servido para poner en valor los ambientes en que vivimos\u201d"}]},{"@type":"WebSite","@id":"https:\/\/explora.cl\/coquimbo\/#website","url":"https:\/\/explora.cl\/coquimbo\/","name":"Coquimbo","description":"Otro sitio m\u00e1s de explora.cl","publisher":{"@id":"https:\/\/explora.cl\/coquimbo\/#organization"},"potentialAction":[{"@type":"SearchAction","target":{"@type":"EntryPoint","urlTemplate":"https:\/\/explora.cl\/coquimbo\/?s={search_term_string}"},"query-input":{"@type":"PropertyValueSpecification","valueRequired":true,"valueName":"search_term_string"}}],"inLanguage":"es-CL"},{"@type":"Organization","@id":"https:\/\/explora.cl\/coquimbo\/#organization","name":"Coquimbo","url":"https:\/\/explora.cl\/coquimbo\/","logo":{"@type":"ImageObject","inLanguage":"es-CL","@id":"https:\/\/explora.cl\/coquimbo\/#\/schema\/logo\/image\/","url":"https:\/\/explora.cl\/coquimbo\/wp-content\/uploads\/sites\/6\/2020\/08\/cropped-Mesa-de-trabajo-1-100.jpg","contentUrl":"https:\/\/explora.cl\/coquimbo\/wp-content\/uploads\/sites\/6\/2020\/08\/cropped-Mesa-de-trabajo-1-100.jpg","width":615,"height":576,"caption":"Coquimbo"},"image":{"@id":"https:\/\/explora.cl\/coquimbo\/#\/schema\/logo\/image\/"}},{"@type":"Person","@id":"https:\/\/explora.cl\/coquimbo\/#\/schema\/person\/c171f405669e4e4f7e56a099200d2fe6","name":"jimartin","image":{"@type":"ImageObject","inLanguage":"es-CL","@id":"https:\/\/explora.cl\/coquimbo\/#\/schema\/person\/image\/","url":"https:\/\/secure.gravatar.com\/avatar\/8dfd7d14443934731a5aea629f40c1aceb42cc8b566a9926567e833c9d22b643?s=96&d=mm&r=g","contentUrl":"https:\/\/secure.gravatar.com\/avatar\/8dfd7d14443934731a5aea629f40c1aceb42cc8b566a9926567e833c9d22b643?s=96&d=mm&r=g","caption":"jimartin"},"url":"https:\/\/explora.cl\/coquimbo\/author\/jimartin\/"}]}},"_links":{"self":[{"href":"https:\/\/explora.cl\/coquimbo\/wp-json\/wp\/v2\/posts\/41884","targetHints":{"allow":["GET"]}}],"collection":[{"href":"https:\/\/explora.cl\/coquimbo\/wp-json\/wp\/v2\/posts"}],"about":[{"href":"https:\/\/explora.cl\/coquimbo\/wp-json\/wp\/v2\/types\/post"}],"author":[{"embeddable":true,"href":"https:\/\/explora.cl\/coquimbo\/wp-json\/wp\/v2\/users\/21"}],"replies":[{"embeddable":true,"href":"https:\/\/explora.cl\/coquimbo\/wp-json\/wp\/v2\/comments?post=41884"}],"version-history":[{"count":2,"href":"https:\/\/explora.cl\/coquimbo\/wp-json\/wp\/v2\/posts\/41884\/revisions"}],"predecessor-version":[{"id":41887,"href":"https:\/\/explora.cl\/coquimbo\/wp-json\/wp\/v2\/posts\/41884\/revisions\/41887"}],"wp:featuredmedia":[{"embeddable":true,"href":"https:\/\/explora.cl\/coquimbo\/wp-json\/wp\/v2\/media\/41885"}],"wp:attachment":[{"href":"https:\/\/explora.cl\/coquimbo\/wp-json\/wp\/v2\/media?parent=41884"}],"wp:term":[{"taxonomy":"category","embeddable":true,"href":"https:\/\/explora.cl\/coquimbo\/wp-json\/wp\/v2\/categories?post=41884"},{"taxonomy":"post_tag","embeddable":true,"href":"https:\/\/explora.cl\/coquimbo\/wp-json\/wp\/v2\/tags?post=41884"}],"curies":[{"name":"wp","href":"https:\/\/api.w.org\/{rel}","templated":true}]}}