{"id":41880,"date":"2021-10-19T16:28:10","date_gmt":"2021-10-19T19:28:10","guid":{"rendered":"https:\/\/explora.cl\/coquimbo\/?p=41880"},"modified":"2021-11-05T12:11:33","modified_gmt":"2021-11-05T15:11:33","slug":"fotografia-nocturna-un-abrazo-entre-la-ciencia-y-el-arte","status":"publish","type":"post","link":"https:\/\/explora.cl\/coquimbo\/fotografia-nocturna-un-abrazo-entre-la-ciencia-y-el-arte\/","title":{"rendered":"Fotograf\u00eda nocturna: Un abrazo entre la ciencia y el arte"},"content":{"rendered":"<p style=\"text-align: justify\">Por: Edward P\u00e1ez Aguilera<\/p>\n<p style=\"text-align: justify\"><em>\u201cAstrofotograf\u00eda nocturna y resultados de investigaciones\u201d fue el t\u00edtulo de la charla realizada el pasado jueves 14 de octubre, a cargo del especialista Manuel Paredes Espinoza, Outreach Manager de AURA NOIR LAB y fot\u00f3grafo astron\u00f3mico, quien convers\u00f3 sobre las diferentes concepciones entre el arte fotogr\u00e1fico y la ciencia, del cielo que puede ser apreciado en la Regi\u00f3n de Coquimbo y las diversas partes y principios de la fotograf\u00eda que permiten su captura.<\/em><\/p>\n<p style=\"text-align: justify\">La exposici\u00f3n comenz\u00f3 con un punto de comparaci\u00f3n y apreciaci\u00f3n del arte de la fotograf\u00eda y la ciencia, donde Paredes se\u00f1al\u00f3 que es dif\u00edcil reconocer cual nace primero y que ambas disciplinas son tratadas de forma separada. Adem\u00e1s, hizo retrospectiva hacia los tiempos rupestres, donde las primeras im\u00e1genes prehist\u00f3ricas fueron encontradas en cavernas, naciendo de la necesidad que el ser humano ten\u00eda de representar la realidad.<\/p>\n<p style=\"text-align: justify\">Tambi\u00e9n, agreg\u00f3 que desde entonces el humano ha buscado la forma de registrar en un formato estable las im\u00e1genes de la realidad que nos rodea y que, de esta forma, nacieron corrientes art\u00edsticas como la pintura y el dibujo, hasta la llegada de la fotograf\u00eda en el siglo XIX.<\/p>\n<p style=\"text-align: justify\">\u201cGracias a toda la observaci\u00f3n, experimentaci\u00f3n y comprobaci\u00f3n de estudios cient\u00edficos que fueron desarrollados en teor\u00edas espec\u00edficas, como por ejemplo la teor\u00eda corpuscular de Newton, la teor\u00eda ondulatoria de Huygens y la teor\u00eda electromagn\u00e9tica de Maxwell, fue posible utilizar estas probabilidades para mejorar progresivamente la tecnolog\u00eda y progresar en este maravilloso y entretenido arte de la fotograf\u00eda\u201d coment\u00f3 el fot\u00f3grafo.<\/p>\n<p style=\"text-align: justify\">En este sentido, se refiri\u00f3 a las propiedades de la luz que permiten registrar el mundo en una c\u00e1mara oscura \u201cque aprovecha su propagaci\u00f3n rectil\u00ednea para darnos la posibilidad de capturar cualquier instante, desde el vuelo de un abejorro buscando el polen de una flor a 2700 metros de altura, hasta el registro nocturno de la v\u00eda l\u00e1ctea, la galaxia en que nosotros vivimos\u201d<\/p>\n<p style=\"text-align: justify\">Para complementar las fotograf\u00edas que expuso en su presentaci\u00f3n, se refiri\u00f3 al concepto de exposici\u00f3n fotogr\u00e1fica y de las distintas variaciones que deben usarse en las situaciones de d\u00eda y noche. \u201cLa fotograf\u00eda nocturna requiere un largo tiempo de exposici\u00f3n, a diferencia de las de d\u00eda que requieren unas pocas mil\u00e9simas de segundos para que la imagen quede registrada en un elemento fotosensible, sin embargo, en la noche hay muy poca luz, entonces esta debe ingresar por un tiempo mayor a la c\u00e1mara, esto para darle el tiempo necesario para ser tomada\u201d.<\/p>\n<p style=\"text-align: justify\">Uno de los componentes de cualquier c\u00e1mara son los detectores que sirven para obtener una visi\u00f3n m\u00e1s amplia del cielo, es por esto que el experto se detuvo a hablar sobre <em>Dark Energy Camera<\/em> (DECAM), una c\u00e1mara\/telescopio que es parte del programa de NOIR LAB, ubicada en el cerro Tololo de la Regi\u00f3n de Coquimbo y que est\u00e1 dise\u00f1ada para poder comprender e investigar la energ\u00eda oscura. \u201cEsta es una c\u00e1mara de 570 Megap\u00edxeles y que est\u00e1 conformada por un total de 62 detectores cient\u00edficos que tienen una muy alta sensibilidad. Actualmente es una de las m\u00e1s poderosas del mundo y fue dise\u00f1ada para el estudio de la energ\u00eda oscura, lo que ha logrado generar un total de 29 publicaciones cient\u00edficas que han permitido observar los mapas m\u00e1s precisos del universo y al mismo tiempo conocer mejor la estructura a gran escala del universo\u201d afirm\u00f3 Manuel Paredes.<\/p>\n<p style=\"text-align: justify\">Finalmente, convers\u00f3 respecto a las estructuras c\u00f3smicas como la v\u00eda l\u00e1ctea y la importancia que tienen los estudios sobre ella y el constante inter\u00e9s astron\u00f3mico que produce, \u201cYa que contiene informaci\u00f3n crucial sobre los or\u00edgenes de nuestra propia galaxia. Cuando nosotros observamos su centro, probablemente estamos viendo c\u00f3mo se inici\u00f3 la galaxia\u201d.<\/p>\n<p>Puedes ver la Charla completa aqu\u00ed:<\/p>\n<p><iframe title=\"Charla Astrofotograf\u00eda nocturna y resultado de investigaciones.\" width=\"1180\" height=\"664\" src=\"https:\/\/www.youtube.com\/embed\/vy-7xipbj3s?feature=oembed\" frameborder=\"0\" allow=\"accelerometer; autoplay; clipboard-write; encrypted-media; gyroscope; picture-in-picture\" allowfullscreen><\/iframe><\/p>\n","protected":false},"excerpt":{"rendered":"<p>Fotograf\u00eda nocturna: Un abrazo entre la ciencia y el arte<\/p>\n","protected":false},"author":21,"featured_media":41881,"comment_status":"open","ping_status":"open","sticky":false,"template":"","format":"standard","meta":{"_acf_changed":false,"_exactmetrics_skip_tracking":false,"_exactmetrics_sitenote_active":false,"_exactmetrics_sitenote_note":"","_exactmetrics_sitenote_category":0,"footnotes":"","_links_to":"","_links_to_target":""},"categories":[4],"tags":[],"class_list":["post-41880","post","type-post","status-publish","format-standard","has-post-thumbnail","hentry","category-noticias"],"acf":[],"yoast_head":"<!-- This site is optimized with the Yoast SEO plugin v26.9 - https:\/\/yoast.com\/product\/yoast-seo-wordpress\/ -->\n<title>Fotograf\u00eda nocturna: Un abrazo entre la ciencia y el arte - Coquimbo<\/title>\n<meta name=\"robots\" content=\"index, follow, max-snippet:-1, max-image-preview:large, max-video-preview:-1\" \/>\n<link rel=\"canonical\" href=\"https:\/\/explora.cl\/coquimbo\/fotografia-nocturna-un-abrazo-entre-la-ciencia-y-el-arte\/\" class=\"yoast-seo-meta-tag\" \/>\n<meta property=\"og:locale\" content=\"es_ES\" class=\"yoast-seo-meta-tag\" \/>\n<meta property=\"og:type\" content=\"article\" class=\"yoast-seo-meta-tag\" \/>\n<meta property=\"og:title\" content=\"Fotograf\u00eda nocturna: Un abrazo entre la ciencia y el arte - Coquimbo\" class=\"yoast-seo-meta-tag\" \/>\n<meta property=\"og:description\" content=\"Fotograf\u00eda nocturna: Un abrazo entre la ciencia y el arte\" class=\"yoast-seo-meta-tag\" \/>\n<meta property=\"og:url\" content=\"https:\/\/explora.cl\/coquimbo\/fotografia-nocturna-un-abrazo-entre-la-ciencia-y-el-arte\/\" class=\"yoast-seo-meta-tag\" \/>\n<meta property=\"og:site_name\" content=\"Coquimbo\" class=\"yoast-seo-meta-tag\" \/>\n<meta property=\"article:published_time\" content=\"2021-10-19T19:28:10+00:00\" class=\"yoast-seo-meta-tag\" \/>\n<meta property=\"article:modified_time\" content=\"2021-11-05T15:11:33+00:00\" class=\"yoast-seo-meta-tag\" \/>\n<meta property=\"og:image\" content=\"https:\/\/explora.cl\/coquimbo\/wp-content\/uploads\/sites\/6\/2021\/10\/Zoom-e1634671573614.png\" class=\"yoast-seo-meta-tag\" \/>\n\t<meta property=\"og:image:width\" content=\"814\" class=\"yoast-seo-meta-tag\" \/>\n\t<meta property=\"og:image:height\" content=\"458\" class=\"yoast-seo-meta-tag\" \/>\n\t<meta property=\"og:image:type\" content=\"image\/png\" class=\"yoast-seo-meta-tag\" \/>\n<meta name=\"author\" content=\"jimartin\" class=\"yoast-seo-meta-tag\" \/>\n<meta name=\"twitter:card\" content=\"summary_large_image\" class=\"yoast-seo-meta-tag\" \/>\n<meta name=\"twitter:label1\" content=\"Escrito por\" class=\"yoast-seo-meta-tag\" \/>\n\t<meta name=\"twitter:data1\" content=\"jimartin\" class=\"yoast-seo-meta-tag\" \/>\n\t<meta name=\"twitter:label2\" content=\"Tiempo estimado de lectura\" class=\"yoast-seo-meta-tag\" \/>\n\t<meta name=\"twitter:data2\" content=\"3 minutos\" class=\"yoast-seo-meta-tag\" \/>\n<script type=\"application\/ld+json\" class=\"yoast-schema-graph\">{\"@context\":\"https:\/\/schema.org\",\"@graph\":[{\"@type\":\"Article\",\"@id\":\"https:\/\/explora.cl\/coquimbo\/fotografia-nocturna-un-abrazo-entre-la-ciencia-y-el-arte\/#article\",\"isPartOf\":{\"@id\":\"https:\/\/explora.cl\/coquimbo\/fotografia-nocturna-un-abrazo-entre-la-ciencia-y-el-arte\/\"},\"author\":{\"name\":\"jimartin\",\"@id\":\"https:\/\/explora.cl\/coquimbo\/#\/schema\/person\/c171f405669e4e4f7e56a099200d2fe6\"},\"headline\":\"Fotograf\u00eda nocturna: Un abrazo entre la ciencia y el arte\",\"datePublished\":\"2021-10-19T19:28:10+00:00\",\"dateModified\":\"2021-11-05T15:11:33+00:00\",\"mainEntityOfPage\":{\"@id\":\"https:\/\/explora.cl\/coquimbo\/fotografia-nocturna-un-abrazo-entre-la-ciencia-y-el-arte\/\"},\"wordCount\":700,\"commentCount\":0,\"publisher\":{\"@id\":\"https:\/\/explora.cl\/coquimbo\/#organization\"},\"image\":{\"@id\":\"https:\/\/explora.cl\/coquimbo\/fotografia-nocturna-un-abrazo-entre-la-ciencia-y-el-arte\/#primaryimage\"},\"thumbnailUrl\":\"https:\/\/explora.cl\/coquimbo\/wp-content\/uploads\/sites\/6\/2021\/10\/Zoom-e1634671573614.png\",\"articleSection\":[\"Noticias\"],\"inLanguage\":\"es-CL\",\"potentialAction\":[{\"@type\":\"CommentAction\",\"name\":\"Comment\",\"target\":[\"https:\/\/explora.cl\/coquimbo\/fotografia-nocturna-un-abrazo-entre-la-ciencia-y-el-arte\/#respond\"]}]},{\"@type\":\"WebPage\",\"@id\":\"https:\/\/explora.cl\/coquimbo\/fotografia-nocturna-un-abrazo-entre-la-ciencia-y-el-arte\/\",\"url\":\"https:\/\/explora.cl\/coquimbo\/fotografia-nocturna-un-abrazo-entre-la-ciencia-y-el-arte\/\",\"name\":\"Fotograf\u00eda nocturna: Un abrazo entre la ciencia y el arte - Coquimbo\",\"isPartOf\":{\"@id\":\"https:\/\/explora.cl\/coquimbo\/#website\"},\"primaryImageOfPage\":{\"@id\":\"https:\/\/explora.cl\/coquimbo\/fotografia-nocturna-un-abrazo-entre-la-ciencia-y-el-arte\/#primaryimage\"},\"image\":{\"@id\":\"https:\/\/explora.cl\/coquimbo\/fotografia-nocturna-un-abrazo-entre-la-ciencia-y-el-arte\/#primaryimage\"},\"thumbnailUrl\":\"https:\/\/explora.cl\/coquimbo\/wp-content\/uploads\/sites\/6\/2021\/10\/Zoom-e1634671573614.png\",\"datePublished\":\"2021-10-19T19:28:10+00:00\",\"dateModified\":\"2021-11-05T15:11:33+00:00\",\"breadcrumb\":{\"@id\":\"https:\/\/explora.cl\/coquimbo\/fotografia-nocturna-un-abrazo-entre-la-ciencia-y-el-arte\/#breadcrumb\"},\"inLanguage\":\"es-CL\",\"potentialAction\":[{\"@type\":\"ReadAction\",\"target\":[\"https:\/\/explora.cl\/coquimbo\/fotografia-nocturna-un-abrazo-entre-la-ciencia-y-el-arte\/\"]}]},{\"@type\":\"ImageObject\",\"inLanguage\":\"es-CL\",\"@id\":\"https:\/\/explora.cl\/coquimbo\/fotografia-nocturna-un-abrazo-entre-la-ciencia-y-el-arte\/#primaryimage\",\"url\":\"https:\/\/explora.cl\/coquimbo\/wp-content\/uploads\/sites\/6\/2021\/10\/Zoom-e1634671573614.png\",\"contentUrl\":\"https:\/\/explora.cl\/coquimbo\/wp-content\/uploads\/sites\/6\/2021\/10\/Zoom-e1634671573614.png\",\"width\":814,\"height\":458},{\"@type\":\"BreadcrumbList\",\"@id\":\"https:\/\/explora.cl\/coquimbo\/fotografia-nocturna-un-abrazo-entre-la-ciencia-y-el-arte\/#breadcrumb\",\"itemListElement\":[{\"@type\":\"ListItem\",\"position\":1,\"name\":\"Portada\",\"item\":\"https:\/\/explora.cl\/coquimbo\/\"},{\"@type\":\"ListItem\",\"position\":2,\"name\":\"Fotograf\u00eda nocturna: Un abrazo entre la ciencia y el arte\"}]},{\"@type\":\"WebSite\",\"@id\":\"https:\/\/explora.cl\/coquimbo\/#website\",\"url\":\"https:\/\/explora.cl\/coquimbo\/\",\"name\":\"Coquimbo\",\"description\":\"Otro sitio m\u00e1s de explora.cl\",\"publisher\":{\"@id\":\"https:\/\/explora.cl\/coquimbo\/#organization\"},\"potentialAction\":[{\"@type\":\"SearchAction\",\"target\":{\"@type\":\"EntryPoint\",\"urlTemplate\":\"https:\/\/explora.cl\/coquimbo\/?s={search_term_string}\"},\"query-input\":{\"@type\":\"PropertyValueSpecification\",\"valueRequired\":true,\"valueName\":\"search_term_string\"}}],\"inLanguage\":\"es-CL\"},{\"@type\":\"Organization\",\"@id\":\"https:\/\/explora.cl\/coquimbo\/#organization\",\"name\":\"Coquimbo\",\"url\":\"https:\/\/explora.cl\/coquimbo\/\",\"logo\":{\"@type\":\"ImageObject\",\"inLanguage\":\"es-CL\",\"@id\":\"https:\/\/explora.cl\/coquimbo\/#\/schema\/logo\/image\/\",\"url\":\"https:\/\/explora.cl\/coquimbo\/wp-content\/uploads\/sites\/6\/2020\/08\/cropped-Mesa-de-trabajo-1-100.jpg\",\"contentUrl\":\"https:\/\/explora.cl\/coquimbo\/wp-content\/uploads\/sites\/6\/2020\/08\/cropped-Mesa-de-trabajo-1-100.jpg\",\"width\":615,\"height\":576,\"caption\":\"Coquimbo\"},\"image\":{\"@id\":\"https:\/\/explora.cl\/coquimbo\/#\/schema\/logo\/image\/\"}},{\"@type\":\"Person\",\"@id\":\"https:\/\/explora.cl\/coquimbo\/#\/schema\/person\/c171f405669e4e4f7e56a099200d2fe6\",\"name\":\"jimartin\",\"image\":{\"@type\":\"ImageObject\",\"inLanguage\":\"es-CL\",\"@id\":\"https:\/\/explora.cl\/coquimbo\/#\/schema\/person\/image\/\",\"url\":\"https:\/\/secure.gravatar.com\/avatar\/8dfd7d14443934731a5aea629f40c1aceb42cc8b566a9926567e833c9d22b643?s=96&d=mm&r=g\",\"contentUrl\":\"https:\/\/secure.gravatar.com\/avatar\/8dfd7d14443934731a5aea629f40c1aceb42cc8b566a9926567e833c9d22b643?s=96&d=mm&r=g\",\"caption\":\"jimartin\"},\"url\":\"https:\/\/explora.cl\/coquimbo\/author\/jimartin\/\"}]}<\/script>\n<!-- \/ Yoast SEO plugin. -->","yoast_head_json":{"title":"Fotograf\u00eda nocturna: Un abrazo entre la ciencia y el arte - Coquimbo","robots":{"index":"index","follow":"follow","max-snippet":"max-snippet:-1","max-image-preview":"max-image-preview:large","max-video-preview":"max-video-preview:-1"},"canonical":"https:\/\/explora.cl\/coquimbo\/fotografia-nocturna-un-abrazo-entre-la-ciencia-y-el-arte\/","og_locale":"es_ES","og_type":"article","og_title":"Fotograf\u00eda nocturna: Un abrazo entre la ciencia y el arte - Coquimbo","og_description":"Fotograf\u00eda nocturna: Un abrazo entre la ciencia y el arte","og_url":"https:\/\/explora.cl\/coquimbo\/fotografia-nocturna-un-abrazo-entre-la-ciencia-y-el-arte\/","og_site_name":"Coquimbo","article_published_time":"2021-10-19T19:28:10+00:00","article_modified_time":"2021-11-05T15:11:33+00:00","og_image":[{"width":814,"height":458,"url":"https:\/\/explora.cl\/coquimbo\/wp-content\/uploads\/sites\/6\/2021\/10\/Zoom-e1634671573614.png","type":"image\/png"}],"author":"jimartin","twitter_card":"summary_large_image","twitter_misc":{"Escrito por":"jimartin","Tiempo estimado de lectura":"3 minutos"},"schema":{"@context":"https:\/\/schema.org","@graph":[{"@type":"Article","@id":"https:\/\/explora.cl\/coquimbo\/fotografia-nocturna-un-abrazo-entre-la-ciencia-y-el-arte\/#article","isPartOf":{"@id":"https:\/\/explora.cl\/coquimbo\/fotografia-nocturna-un-abrazo-entre-la-ciencia-y-el-arte\/"},"author":{"name":"jimartin","@id":"https:\/\/explora.cl\/coquimbo\/#\/schema\/person\/c171f405669e4e4f7e56a099200d2fe6"},"headline":"Fotograf\u00eda nocturna: Un abrazo entre la ciencia y el arte","datePublished":"2021-10-19T19:28:10+00:00","dateModified":"2021-11-05T15:11:33+00:00","mainEntityOfPage":{"@id":"https:\/\/explora.cl\/coquimbo\/fotografia-nocturna-un-abrazo-entre-la-ciencia-y-el-arte\/"},"wordCount":700,"commentCount":0,"publisher":{"@id":"https:\/\/explora.cl\/coquimbo\/#organization"},"image":{"@id":"https:\/\/explora.cl\/coquimbo\/fotografia-nocturna-un-abrazo-entre-la-ciencia-y-el-arte\/#primaryimage"},"thumbnailUrl":"https:\/\/explora.cl\/coquimbo\/wp-content\/uploads\/sites\/6\/2021\/10\/Zoom-e1634671573614.png","articleSection":["Noticias"],"inLanguage":"es-CL","potentialAction":[{"@type":"CommentAction","name":"Comment","target":["https:\/\/explora.cl\/coquimbo\/fotografia-nocturna-un-abrazo-entre-la-ciencia-y-el-arte\/#respond"]}]},{"@type":"WebPage","@id":"https:\/\/explora.cl\/coquimbo\/fotografia-nocturna-un-abrazo-entre-la-ciencia-y-el-arte\/","url":"https:\/\/explora.cl\/coquimbo\/fotografia-nocturna-un-abrazo-entre-la-ciencia-y-el-arte\/","name":"Fotograf\u00eda nocturna: Un abrazo entre la ciencia y el arte - Coquimbo","isPartOf":{"@id":"https:\/\/explora.cl\/coquimbo\/#website"},"primaryImageOfPage":{"@id":"https:\/\/explora.cl\/coquimbo\/fotografia-nocturna-un-abrazo-entre-la-ciencia-y-el-arte\/#primaryimage"},"image":{"@id":"https:\/\/explora.cl\/coquimbo\/fotografia-nocturna-un-abrazo-entre-la-ciencia-y-el-arte\/#primaryimage"},"thumbnailUrl":"https:\/\/explora.cl\/coquimbo\/wp-content\/uploads\/sites\/6\/2021\/10\/Zoom-e1634671573614.png","datePublished":"2021-10-19T19:28:10+00:00","dateModified":"2021-11-05T15:11:33+00:00","breadcrumb":{"@id":"https:\/\/explora.cl\/coquimbo\/fotografia-nocturna-un-abrazo-entre-la-ciencia-y-el-arte\/#breadcrumb"},"inLanguage":"es-CL","potentialAction":[{"@type":"ReadAction","target":["https:\/\/explora.cl\/coquimbo\/fotografia-nocturna-un-abrazo-entre-la-ciencia-y-el-arte\/"]}]},{"@type":"ImageObject","inLanguage":"es-CL","@id":"https:\/\/explora.cl\/coquimbo\/fotografia-nocturna-un-abrazo-entre-la-ciencia-y-el-arte\/#primaryimage","url":"https:\/\/explora.cl\/coquimbo\/wp-content\/uploads\/sites\/6\/2021\/10\/Zoom-e1634671573614.png","contentUrl":"https:\/\/explora.cl\/coquimbo\/wp-content\/uploads\/sites\/6\/2021\/10\/Zoom-e1634671573614.png","width":814,"height":458},{"@type":"BreadcrumbList","@id":"https:\/\/explora.cl\/coquimbo\/fotografia-nocturna-un-abrazo-entre-la-ciencia-y-el-arte\/#breadcrumb","itemListElement":[{"@type":"ListItem","position":1,"name":"Portada","item":"https:\/\/explora.cl\/coquimbo\/"},{"@type":"ListItem","position":2,"name":"Fotograf\u00eda nocturna: Un abrazo entre la ciencia y el arte"}]},{"@type":"WebSite","@id":"https:\/\/explora.cl\/coquimbo\/#website","url":"https:\/\/explora.cl\/coquimbo\/","name":"Coquimbo","description":"Otro sitio m\u00e1s de explora.cl","publisher":{"@id":"https:\/\/explora.cl\/coquimbo\/#organization"},"potentialAction":[{"@type":"SearchAction","target":{"@type":"EntryPoint","urlTemplate":"https:\/\/explora.cl\/coquimbo\/?s={search_term_string}"},"query-input":{"@type":"PropertyValueSpecification","valueRequired":true,"valueName":"search_term_string"}}],"inLanguage":"es-CL"},{"@type":"Organization","@id":"https:\/\/explora.cl\/coquimbo\/#organization","name":"Coquimbo","url":"https:\/\/explora.cl\/coquimbo\/","logo":{"@type":"ImageObject","inLanguage":"es-CL","@id":"https:\/\/explora.cl\/coquimbo\/#\/schema\/logo\/image\/","url":"https:\/\/explora.cl\/coquimbo\/wp-content\/uploads\/sites\/6\/2020\/08\/cropped-Mesa-de-trabajo-1-100.jpg","contentUrl":"https:\/\/explora.cl\/coquimbo\/wp-content\/uploads\/sites\/6\/2020\/08\/cropped-Mesa-de-trabajo-1-100.jpg","width":615,"height":576,"caption":"Coquimbo"},"image":{"@id":"https:\/\/explora.cl\/coquimbo\/#\/schema\/logo\/image\/"}},{"@type":"Person","@id":"https:\/\/explora.cl\/coquimbo\/#\/schema\/person\/c171f405669e4e4f7e56a099200d2fe6","name":"jimartin","image":{"@type":"ImageObject","inLanguage":"es-CL","@id":"https:\/\/explora.cl\/coquimbo\/#\/schema\/person\/image\/","url":"https:\/\/secure.gravatar.com\/avatar\/8dfd7d14443934731a5aea629f40c1aceb42cc8b566a9926567e833c9d22b643?s=96&d=mm&r=g","contentUrl":"https:\/\/secure.gravatar.com\/avatar\/8dfd7d14443934731a5aea629f40c1aceb42cc8b566a9926567e833c9d22b643?s=96&d=mm&r=g","caption":"jimartin"},"url":"https:\/\/explora.cl\/coquimbo\/author\/jimartin\/"}]}},"_links":{"self":[{"href":"https:\/\/explora.cl\/coquimbo\/wp-json\/wp\/v2\/posts\/41880","targetHints":{"allow":["GET"]}}],"collection":[{"href":"https:\/\/explora.cl\/coquimbo\/wp-json\/wp\/v2\/posts"}],"about":[{"href":"https:\/\/explora.cl\/coquimbo\/wp-json\/wp\/v2\/types\/post"}],"author":[{"embeddable":true,"href":"https:\/\/explora.cl\/coquimbo\/wp-json\/wp\/v2\/users\/21"}],"replies":[{"embeddable":true,"href":"https:\/\/explora.cl\/coquimbo\/wp-json\/wp\/v2\/comments?post=41880"}],"version-history":[{"count":2,"href":"https:\/\/explora.cl\/coquimbo\/wp-json\/wp\/v2\/posts\/41880\/revisions"}],"predecessor-version":[{"id":41883,"href":"https:\/\/explora.cl\/coquimbo\/wp-json\/wp\/v2\/posts\/41880\/revisions\/41883"}],"wp:featuredmedia":[{"embeddable":true,"href":"https:\/\/explora.cl\/coquimbo\/wp-json\/wp\/v2\/media\/41881"}],"wp:attachment":[{"href":"https:\/\/explora.cl\/coquimbo\/wp-json\/wp\/v2\/media?parent=41880"}],"wp:term":[{"taxonomy":"category","embeddable":true,"href":"https:\/\/explora.cl\/coquimbo\/wp-json\/wp\/v2\/categories?post=41880"},{"taxonomy":"post_tag","embeddable":true,"href":"https:\/\/explora.cl\/coquimbo\/wp-json\/wp\/v2\/tags?post=41880"}],"curies":[{"name":"wp","href":"https:\/\/api.w.org\/{rel}","templated":true}]}}