{"id":41823,"date":"2021-10-13T15:00:27","date_gmt":"2021-10-13T18:00:27","guid":{"rendered":"https:\/\/explora.cl\/coquimbo\/?p=41823"},"modified":"2021-10-19T12:29:14","modified_gmt":"2021-10-19T15:29:14","slug":"programacion-feci-2021-miercoles-20-de-octubre","status":"publish","type":"post","link":"https:\/\/explora.cl\/coquimbo\/programacion-feci-2021-miercoles-20-de-octubre\/","title":{"rendered":"Programaci\u00f3n FECI 2021: Mi\u00e9rcoles 20 de octubre"},"content":{"rendered":"<p style=\"text-align: justify\">Festejemos la ciencia del mar a las estrellas\u201d es el lema de todas las actividades que se desarrollar\u00e1n, de forma virtual y semi presencial. Te dejamos el detalle de la programaci\u00f3n del d\u00eda <strong>mi\u00e9rcoles 20<\/strong> a continuaci\u00f3n:<\/p>\n<p style=\"text-align: justify\"><strong>&#8220;Recorrido Reserva Nacional Bosque Fray Jorge&#8221;: <\/strong>\u00bfTe gustar\u00eda conocer la Reserva Nacional Bosque Fray Jorge? Te esperamos el d\u00eda 20 de octubre <u>a las 8:30hrs.<\/u> para llevarte a conocer una de las 4 reservas starlight de Sudam\u00e9rica, de manera completamente gratuita. Los cupos son limitados por lo cual se ruega previa inscripci\u00f3n. Se enviar\u00e1 con d\u00edas de anticipaci\u00f3n el punto de encuentro para la partida al parque y requerimientos. Te esperamos.<\/p>\n<p style=\"text-align: justify\"><em>Actividad presencial <\/em><\/p>\n<p style=\"text-align: justify\">CUPOS AGOTADOS<\/p>\n<p style=\"text-align: justify\">Link de Inscripci\u00f3n: <a href=\"https:\/\/forms.gle\/Uf7bmASNeeKHSeAS9\">https:\/\/forms.gle\/Uf7bmASNeeKHSeAS9<\/a><\/p>\n<p style=\"text-align: justify\"><strong>&#8220;Recorrido Museo Arqueol\u00f3gico La Serena&#8221;: <\/strong>Junto al apoyo del Servicio Nacional del Patrimonio Cultural a trav\u00e9s de la direcci\u00f3n del Museo Arqueol\u00f3gico de La Serena. A realizarse el d\u00eda mi\u00e9rcoles 20 de octubre con dos horarios, a las 10:00hrs. o 15:00hrs. Con una duraci\u00f3n aproximada de 1 hora y 30 minutos. Los cupos son limitados por lo cual se ruega previa inscripci\u00f3n. Te esperamos en Cordovez esquina Cienfuegos, S\/N La Serena<\/p>\n<p style=\"text-align: justify\"><em>Actividad presencial<\/em><\/p>\n<p style=\"text-align: justify\">Link de Inscripci\u00f3n: <a href=\"https:\/\/forms.gle\/WtH72k3atAtY9zt78\">https:\/\/forms.gle\/WtH72k3atAtY9zt78<\/a><\/p>\n<p style=\"text-align: justify\"><strong>&#8220;Recorrido Museo Gabriela Mistral de Vicu\u00f1a&#8221;:<\/strong> a realizarse los d\u00edas 20, 21 y 22 de octubre de 10:00 a 13:00hrs., en el Museo ubicado en Gabriela Mistral #759, Vicu\u00f1a. Solicitamos en su inscripci\u00f3n informarnos el d\u00eda de su visita. Te esperamos<\/p>\n<p style=\"text-align: justify\"><em>Actividad presencial<\/em><\/p>\n<p style=\"text-align: justify\">Link de Inscripci\u00f3n: <a href=\"https:\/\/forms.gle\/Bht2JSfD1AN6mavx6\">https:\/\/forms.gle\/Bht2JSfD1AN6mavx6<\/a><\/p>\n<p style=\"text-align: justify\"><strong>&#8220;Recorrido Museo Del Limar\u00ed&#8221;: <\/strong>junto al apoyo del Servicio Nacional del Patrimonio Cultural a trav\u00e9s de la direcci\u00f3n del Museo del Limar\u00ed. A realizarse los d\u00edas 20, 21 y 22 de octubre, en los horarios de 10:00 a 11:00 \/ 12:00 a 13:00 \/ 14:00 a 15:00 \/ 16:00 a 17:00hrs. Con una duraci\u00f3n aproximada de 1 hora. Los cupos son limitados por lo cual se ruega previa inscripci\u00f3n. Te esperamos en Covarrubias S\/N &amp; Antofagasta, Ovalle.<\/p>\n<p style=\"text-align: justify\"><em>Actividad presencial <\/em><\/p>\n<p style=\"text-align: justify\">Link de Inscripci\u00f3n: <a href=\"https:\/\/forms.gle\/5Uo7CCJL7LBqfq6v8\">https:\/\/forms.gle\/5Uo7CCJL7LBqfq6v8<\/a><\/p>\n<p style=\"text-align: justify\"><strong>Charla &#8220;Sumergi\u00e9ndonos entre Mares y Oc\u00e9anos&#8221;<\/strong><\/p>\n<p style=\"text-align: justify\">Estaremos conversando con el Dr. V\u00edctor Aguilera, del Centro de Estudios Avanzados en Zonas \u00c1ridas, CEAZA, junto al CEAZA M\u00f3vil. Actividad que ser\u00e1 transmitida por nuestro Facebook y YouTube <u>a las 11:00hrs.<\/u><\/p>\n<p style=\"text-align: justify\"><em>Actividad online<\/em><\/p>\n<p style=\"text-align: justify\">Facebook: <a href=\"https:\/\/www.facebook.com\/explora.coquimbo\">https:\/\/www.facebook.com\/explora.coquimbo<\/a><\/p>\n<p style=\"text-align: justify\">YouTube: <a href=\"https:\/\/www.youtube.com\/c\/ExploraCoquimbo\">https:\/\/www.youtube.com\/c\/ExploraCoquimbo<\/a><\/p>\n<p style=\"text-align: justify\"><strong>Charla &#8220;Cocina y Ciencia&#8221; revelando los secretos del chef Heinz.<\/strong><\/p>\n<p style=\"text-align: justify\">\u00danete a la charla que impartir\u00e1 el destacado chef Heinz Wuth, donde nos contar\u00e1 todos sus secretos sobre ciencia y cocina. <u>A las 14:00hrs., previa inscripci\u00f3n.<\/u><\/p>\n<p style=\"text-align: justify\"><em>Actividad online<\/em><\/p>\n<p style=\"text-align: justify\">Link de Inscripci\u00f3n: <a href=\"https:\/\/forms.gle\/SJFBn9BCVTAW9dZ26\">https:\/\/forms.gle\/SJFBn9BCVTAW9dZ26<\/a><\/p>\n<p style=\"text-align: justify\"><strong>Estreno de la Obra: \u201cAnimales de Luz, rescatando los secretos del Olivar\u201d<\/strong><\/p>\n<p style=\"text-align: justify\">Acomp\u00e1\u00f1anos a la inauguraci\u00f3n del FECI 2021, en el Centro Cultural Palace de Coquimbo, direcci\u00f3n: Jos\u00e9 Santiago Aldunate #599. \u00a0Donde podr\u00e1s disfrutar de la obra realizada por la Compa\u00f1\u00eda de Teatro La Colectiva. Puedes asistir presencial o visualizarla por nuestras plataformas de zoom, Facebook y YouTube. <u>Te esperamos<\/u> a las 18:00hrs.<\/p>\n<p style=\"text-align: justify\"><em>Actividad Presencial &#8211; Online <\/em><\/p>\n<p style=\"text-align: justify\">Link de Inscripci\u00f3n: <a href=\"https:\/\/forms.gle\/x4QSvbo2S9LTRiFr5\">https:\/\/forms.gle\/x4QSvbo2S9LTRiFr5<\/a><\/p>\n<p>&nbsp;<\/p>\n","protected":false},"excerpt":{"rendered":"<p>Programaci\u00f3n FECI 2021: Mi\u00e9rcoles 20 de octubre<\/p>\n","protected":false},"author":21,"featured_media":41826,"comment_status":"open","ping_status":"open","sticky":false,"template":"","format":"standard","meta":{"_acf_changed":false,"_exactmetrics_skip_tracking":false,"_exactmetrics_sitenote_active":false,"_exactmetrics_sitenote_note":"","_exactmetrics_sitenote_category":0,"footnotes":"","_links_to":"","_links_to_target":""},"categories":[4],"tags":[],"class_list":["post-41823","post","type-post","status-publish","format-standard","has-post-thumbnail","hentry","category-noticias"],"acf":[],"yoast_head":"<!-- This site is optimized with the Yoast SEO plugin v26.9 - https:\/\/yoast.com\/product\/yoast-seo-wordpress\/ -->\n<title>Programaci\u00f3n FECI 2021: Mi\u00e9rcoles 20 de octubre - Coquimbo<\/title>\n<meta name=\"robots\" content=\"index, follow, max-snippet:-1, max-image-preview:large, max-video-preview:-1\" \/>\n<link rel=\"canonical\" href=\"https:\/\/explora.cl\/coquimbo\/programacion-feci-2021-miercoles-20-de-octubre\/\" class=\"yoast-seo-meta-tag\" \/>\n<meta property=\"og:locale\" content=\"es_ES\" class=\"yoast-seo-meta-tag\" \/>\n<meta property=\"og:type\" content=\"article\" class=\"yoast-seo-meta-tag\" \/>\n<meta property=\"og:title\" content=\"Programaci\u00f3n FECI 2021: Mi\u00e9rcoles 20 de octubre - Coquimbo\" class=\"yoast-seo-meta-tag\" \/>\n<meta property=\"og:description\" content=\"Programaci\u00f3n FECI 2021: Mi\u00e9rcoles 20 de octubre\" class=\"yoast-seo-meta-tag\" \/>\n<meta property=\"og:url\" content=\"https:\/\/explora.cl\/coquimbo\/programacion-feci-2021-miercoles-20-de-octubre\/\" class=\"yoast-seo-meta-tag\" \/>\n<meta property=\"og:site_name\" content=\"Coquimbo\" class=\"yoast-seo-meta-tag\" \/>\n<meta property=\"article:published_time\" content=\"2021-10-13T18:00:27+00:00\" class=\"yoast-seo-meta-tag\" \/>\n<meta property=\"article:modified_time\" content=\"2021-10-19T15:29:14+00:00\" class=\"yoast-seo-meta-tag\" \/>\n<meta property=\"og:image\" content=\"https:\/\/explora.cl\/coquimbo\/wp-content\/uploads\/sites\/6\/2021\/10\/FECI_Banner_Web_Miercoles.jpg\" class=\"yoast-seo-meta-tag\" \/>\n\t<meta property=\"og:image:width\" content=\"1513\" class=\"yoast-seo-meta-tag\" \/>\n\t<meta property=\"og:image:height\" content=\"976\" class=\"yoast-seo-meta-tag\" \/>\n\t<meta property=\"og:image:type\" content=\"image\/jpeg\" class=\"yoast-seo-meta-tag\" \/>\n<meta name=\"author\" content=\"jimartin\" class=\"yoast-seo-meta-tag\" \/>\n<meta name=\"twitter:card\" content=\"summary_large_image\" class=\"yoast-seo-meta-tag\" \/>\n<meta name=\"twitter:label1\" content=\"Escrito por\" class=\"yoast-seo-meta-tag\" \/>\n\t<meta name=\"twitter:data1\" content=\"jimartin\" class=\"yoast-seo-meta-tag\" \/>\n\t<meta name=\"twitter:label2\" content=\"Tiempo estimado de lectura\" class=\"yoast-seo-meta-tag\" \/>\n\t<meta name=\"twitter:data2\" content=\"3 minutos\" class=\"yoast-seo-meta-tag\" \/>\n<script type=\"application\/ld+json\" class=\"yoast-schema-graph\">{\"@context\":\"https:\/\/schema.org\",\"@graph\":[{\"@type\":\"Article\",\"@id\":\"https:\/\/explora.cl\/coquimbo\/programacion-feci-2021-miercoles-20-de-octubre\/#article\",\"isPartOf\":{\"@id\":\"https:\/\/explora.cl\/coquimbo\/programacion-feci-2021-miercoles-20-de-octubre\/\"},\"author\":{\"name\":\"jimartin\",\"@id\":\"https:\/\/explora.cl\/coquimbo\/#\/schema\/person\/c171f405669e4e4f7e56a099200d2fe6\"},\"headline\":\"Programaci\u00f3n FECI 2021: Mi\u00e9rcoles 20 de octubre\",\"datePublished\":\"2021-10-13T18:00:27+00:00\",\"dateModified\":\"2021-10-19T15:29:14+00:00\",\"mainEntityOfPage\":{\"@id\":\"https:\/\/explora.cl\/coquimbo\/programacion-feci-2021-miercoles-20-de-octubre\/\"},\"wordCount\":551,\"commentCount\":0,\"publisher\":{\"@id\":\"https:\/\/explora.cl\/coquimbo\/#organization\"},\"image\":{\"@id\":\"https:\/\/explora.cl\/coquimbo\/programacion-feci-2021-miercoles-20-de-octubre\/#primaryimage\"},\"thumbnailUrl\":\"https:\/\/explora.cl\/coquimbo\/wp-content\/uploads\/sites\/6\/2021\/10\/FECI_Banner_Web_Miercoles.jpg\",\"articleSection\":[\"Noticias\"],\"inLanguage\":\"es-CL\",\"potentialAction\":[{\"@type\":\"CommentAction\",\"name\":\"Comment\",\"target\":[\"https:\/\/explora.cl\/coquimbo\/programacion-feci-2021-miercoles-20-de-octubre\/#respond\"]}]},{\"@type\":\"WebPage\",\"@id\":\"https:\/\/explora.cl\/coquimbo\/programacion-feci-2021-miercoles-20-de-octubre\/\",\"url\":\"https:\/\/explora.cl\/coquimbo\/programacion-feci-2021-miercoles-20-de-octubre\/\",\"name\":\"Programaci\u00f3n FECI 2021: Mi\u00e9rcoles 20 de octubre - Coquimbo\",\"isPartOf\":{\"@id\":\"https:\/\/explora.cl\/coquimbo\/#website\"},\"primaryImageOfPage\":{\"@id\":\"https:\/\/explora.cl\/coquimbo\/programacion-feci-2021-miercoles-20-de-octubre\/#primaryimage\"},\"image\":{\"@id\":\"https:\/\/explora.cl\/coquimbo\/programacion-feci-2021-miercoles-20-de-octubre\/#primaryimage\"},\"thumbnailUrl\":\"https:\/\/explora.cl\/coquimbo\/wp-content\/uploads\/sites\/6\/2021\/10\/FECI_Banner_Web_Miercoles.jpg\",\"datePublished\":\"2021-10-13T18:00:27+00:00\",\"dateModified\":\"2021-10-19T15:29:14+00:00\",\"breadcrumb\":{\"@id\":\"https:\/\/explora.cl\/coquimbo\/programacion-feci-2021-miercoles-20-de-octubre\/#breadcrumb\"},\"inLanguage\":\"es-CL\",\"potentialAction\":[{\"@type\":\"ReadAction\",\"target\":[\"https:\/\/explora.cl\/coquimbo\/programacion-feci-2021-miercoles-20-de-octubre\/\"]}]},{\"@type\":\"ImageObject\",\"inLanguage\":\"es-CL\",\"@id\":\"https:\/\/explora.cl\/coquimbo\/programacion-feci-2021-miercoles-20-de-octubre\/#primaryimage\",\"url\":\"https:\/\/explora.cl\/coquimbo\/wp-content\/uploads\/sites\/6\/2021\/10\/FECI_Banner_Web_Miercoles.jpg\",\"contentUrl\":\"https:\/\/explora.cl\/coquimbo\/wp-content\/uploads\/sites\/6\/2021\/10\/FECI_Banner_Web_Miercoles.jpg\",\"width\":1513,\"height\":976},{\"@type\":\"BreadcrumbList\",\"@id\":\"https:\/\/explora.cl\/coquimbo\/programacion-feci-2021-miercoles-20-de-octubre\/#breadcrumb\",\"itemListElement\":[{\"@type\":\"ListItem\",\"position\":1,\"name\":\"Portada\",\"item\":\"https:\/\/explora.cl\/coquimbo\/\"},{\"@type\":\"ListItem\",\"position\":2,\"name\":\"Programaci\u00f3n FECI 2021: Mi\u00e9rcoles 20 de octubre\"}]},{\"@type\":\"WebSite\",\"@id\":\"https:\/\/explora.cl\/coquimbo\/#website\",\"url\":\"https:\/\/explora.cl\/coquimbo\/\",\"name\":\"Coquimbo\",\"description\":\"Otro sitio m\u00e1s de explora.cl\",\"publisher\":{\"@id\":\"https:\/\/explora.cl\/coquimbo\/#organization\"},\"potentialAction\":[{\"@type\":\"SearchAction\",\"target\":{\"@type\":\"EntryPoint\",\"urlTemplate\":\"https:\/\/explora.cl\/coquimbo\/?s={search_term_string}\"},\"query-input\":{\"@type\":\"PropertyValueSpecification\",\"valueRequired\":true,\"valueName\":\"search_term_string\"}}],\"inLanguage\":\"es-CL\"},{\"@type\":\"Organization\",\"@id\":\"https:\/\/explora.cl\/coquimbo\/#organization\",\"name\":\"Coquimbo\",\"url\":\"https:\/\/explora.cl\/coquimbo\/\",\"logo\":{\"@type\":\"ImageObject\",\"inLanguage\":\"es-CL\",\"@id\":\"https:\/\/explora.cl\/coquimbo\/#\/schema\/logo\/image\/\",\"url\":\"https:\/\/explora.cl\/coquimbo\/wp-content\/uploads\/sites\/6\/2020\/08\/cropped-Mesa-de-trabajo-1-100.jpg\",\"contentUrl\":\"https:\/\/explora.cl\/coquimbo\/wp-content\/uploads\/sites\/6\/2020\/08\/cropped-Mesa-de-trabajo-1-100.jpg\",\"width\":615,\"height\":576,\"caption\":\"Coquimbo\"},\"image\":{\"@id\":\"https:\/\/explora.cl\/coquimbo\/#\/schema\/logo\/image\/\"}},{\"@type\":\"Person\",\"@id\":\"https:\/\/explora.cl\/coquimbo\/#\/schema\/person\/c171f405669e4e4f7e56a099200d2fe6\",\"name\":\"jimartin\",\"image\":{\"@type\":\"ImageObject\",\"inLanguage\":\"es-CL\",\"@id\":\"https:\/\/explora.cl\/coquimbo\/#\/schema\/person\/image\/\",\"url\":\"https:\/\/secure.gravatar.com\/avatar\/8dfd7d14443934731a5aea629f40c1aceb42cc8b566a9926567e833c9d22b643?s=96&d=mm&r=g\",\"contentUrl\":\"https:\/\/secure.gravatar.com\/avatar\/8dfd7d14443934731a5aea629f40c1aceb42cc8b566a9926567e833c9d22b643?s=96&d=mm&r=g\",\"caption\":\"jimartin\"},\"url\":\"https:\/\/explora.cl\/coquimbo\/author\/jimartin\/\"}]}<\/script>\n<!-- \/ Yoast SEO plugin. -->","yoast_head_json":{"title":"Programaci\u00f3n FECI 2021: Mi\u00e9rcoles 20 de octubre - Coquimbo","robots":{"index":"index","follow":"follow","max-snippet":"max-snippet:-1","max-image-preview":"max-image-preview:large","max-video-preview":"max-video-preview:-1"},"canonical":"https:\/\/explora.cl\/coquimbo\/programacion-feci-2021-miercoles-20-de-octubre\/","og_locale":"es_ES","og_type":"article","og_title":"Programaci\u00f3n FECI 2021: Mi\u00e9rcoles 20 de octubre - Coquimbo","og_description":"Programaci\u00f3n FECI 2021: Mi\u00e9rcoles 20 de octubre","og_url":"https:\/\/explora.cl\/coquimbo\/programacion-feci-2021-miercoles-20-de-octubre\/","og_site_name":"Coquimbo","article_published_time":"2021-10-13T18:00:27+00:00","article_modified_time":"2021-10-19T15:29:14+00:00","og_image":[{"width":1513,"height":976,"url":"https:\/\/explora.cl\/coquimbo\/wp-content\/uploads\/sites\/6\/2021\/10\/FECI_Banner_Web_Miercoles.jpg","type":"image\/jpeg"}],"author":"jimartin","twitter_card":"summary_large_image","twitter_misc":{"Escrito por":"jimartin","Tiempo estimado de lectura":"3 minutos"},"schema":{"@context":"https:\/\/schema.org","@graph":[{"@type":"Article","@id":"https:\/\/explora.cl\/coquimbo\/programacion-feci-2021-miercoles-20-de-octubre\/#article","isPartOf":{"@id":"https:\/\/explora.cl\/coquimbo\/programacion-feci-2021-miercoles-20-de-octubre\/"},"author":{"name":"jimartin","@id":"https:\/\/explora.cl\/coquimbo\/#\/schema\/person\/c171f405669e4e4f7e56a099200d2fe6"},"headline":"Programaci\u00f3n FECI 2021: Mi\u00e9rcoles 20 de octubre","datePublished":"2021-10-13T18:00:27+00:00","dateModified":"2021-10-19T15:29:14+00:00","mainEntityOfPage":{"@id":"https:\/\/explora.cl\/coquimbo\/programacion-feci-2021-miercoles-20-de-octubre\/"},"wordCount":551,"commentCount":0,"publisher":{"@id":"https:\/\/explora.cl\/coquimbo\/#organization"},"image":{"@id":"https:\/\/explora.cl\/coquimbo\/programacion-feci-2021-miercoles-20-de-octubre\/#primaryimage"},"thumbnailUrl":"https:\/\/explora.cl\/coquimbo\/wp-content\/uploads\/sites\/6\/2021\/10\/FECI_Banner_Web_Miercoles.jpg","articleSection":["Noticias"],"inLanguage":"es-CL","potentialAction":[{"@type":"CommentAction","name":"Comment","target":["https:\/\/explora.cl\/coquimbo\/programacion-feci-2021-miercoles-20-de-octubre\/#respond"]}]},{"@type":"WebPage","@id":"https:\/\/explora.cl\/coquimbo\/programacion-feci-2021-miercoles-20-de-octubre\/","url":"https:\/\/explora.cl\/coquimbo\/programacion-feci-2021-miercoles-20-de-octubre\/","name":"Programaci\u00f3n FECI 2021: Mi\u00e9rcoles 20 de octubre - Coquimbo","isPartOf":{"@id":"https:\/\/explora.cl\/coquimbo\/#website"},"primaryImageOfPage":{"@id":"https:\/\/explora.cl\/coquimbo\/programacion-feci-2021-miercoles-20-de-octubre\/#primaryimage"},"image":{"@id":"https:\/\/explora.cl\/coquimbo\/programacion-feci-2021-miercoles-20-de-octubre\/#primaryimage"},"thumbnailUrl":"https:\/\/explora.cl\/coquimbo\/wp-content\/uploads\/sites\/6\/2021\/10\/FECI_Banner_Web_Miercoles.jpg","datePublished":"2021-10-13T18:00:27+00:00","dateModified":"2021-10-19T15:29:14+00:00","breadcrumb":{"@id":"https:\/\/explora.cl\/coquimbo\/programacion-feci-2021-miercoles-20-de-octubre\/#breadcrumb"},"inLanguage":"es-CL","potentialAction":[{"@type":"ReadAction","target":["https:\/\/explora.cl\/coquimbo\/programacion-feci-2021-miercoles-20-de-octubre\/"]}]},{"@type":"ImageObject","inLanguage":"es-CL","@id":"https:\/\/explora.cl\/coquimbo\/programacion-feci-2021-miercoles-20-de-octubre\/#primaryimage","url":"https:\/\/explora.cl\/coquimbo\/wp-content\/uploads\/sites\/6\/2021\/10\/FECI_Banner_Web_Miercoles.jpg","contentUrl":"https:\/\/explora.cl\/coquimbo\/wp-content\/uploads\/sites\/6\/2021\/10\/FECI_Banner_Web_Miercoles.jpg","width":1513,"height":976},{"@type":"BreadcrumbList","@id":"https:\/\/explora.cl\/coquimbo\/programacion-feci-2021-miercoles-20-de-octubre\/#breadcrumb","itemListElement":[{"@type":"ListItem","position":1,"name":"Portada","item":"https:\/\/explora.cl\/coquimbo\/"},{"@type":"ListItem","position":2,"name":"Programaci\u00f3n FECI 2021: Mi\u00e9rcoles 20 de octubre"}]},{"@type":"WebSite","@id":"https:\/\/explora.cl\/coquimbo\/#website","url":"https:\/\/explora.cl\/coquimbo\/","name":"Coquimbo","description":"Otro sitio m\u00e1s de explora.cl","publisher":{"@id":"https:\/\/explora.cl\/coquimbo\/#organization"},"potentialAction":[{"@type":"SearchAction","target":{"@type":"EntryPoint","urlTemplate":"https:\/\/explora.cl\/coquimbo\/?s={search_term_string}"},"query-input":{"@type":"PropertyValueSpecification","valueRequired":true,"valueName":"search_term_string"}}],"inLanguage":"es-CL"},{"@type":"Organization","@id":"https:\/\/explora.cl\/coquimbo\/#organization","name":"Coquimbo","url":"https:\/\/explora.cl\/coquimbo\/","logo":{"@type":"ImageObject","inLanguage":"es-CL","@id":"https:\/\/explora.cl\/coquimbo\/#\/schema\/logo\/image\/","url":"https:\/\/explora.cl\/coquimbo\/wp-content\/uploads\/sites\/6\/2020\/08\/cropped-Mesa-de-trabajo-1-100.jpg","contentUrl":"https:\/\/explora.cl\/coquimbo\/wp-content\/uploads\/sites\/6\/2020\/08\/cropped-Mesa-de-trabajo-1-100.jpg","width":615,"height":576,"caption":"Coquimbo"},"image":{"@id":"https:\/\/explora.cl\/coquimbo\/#\/schema\/logo\/image\/"}},{"@type":"Person","@id":"https:\/\/explora.cl\/coquimbo\/#\/schema\/person\/c171f405669e4e4f7e56a099200d2fe6","name":"jimartin","image":{"@type":"ImageObject","inLanguage":"es-CL","@id":"https:\/\/explora.cl\/coquimbo\/#\/schema\/person\/image\/","url":"https:\/\/secure.gravatar.com\/avatar\/8dfd7d14443934731a5aea629f40c1aceb42cc8b566a9926567e833c9d22b643?s=96&d=mm&r=g","contentUrl":"https:\/\/secure.gravatar.com\/avatar\/8dfd7d14443934731a5aea629f40c1aceb42cc8b566a9926567e833c9d22b643?s=96&d=mm&r=g","caption":"jimartin"},"url":"https:\/\/explora.cl\/coquimbo\/author\/jimartin\/"}]}},"_links":{"self":[{"href":"https:\/\/explora.cl\/coquimbo\/wp-json\/wp\/v2\/posts\/41823","targetHints":{"allow":["GET"]}}],"collection":[{"href":"https:\/\/explora.cl\/coquimbo\/wp-json\/wp\/v2\/posts"}],"about":[{"href":"https:\/\/explora.cl\/coquimbo\/wp-json\/wp\/v2\/types\/post"}],"author":[{"embeddable":true,"href":"https:\/\/explora.cl\/coquimbo\/wp-json\/wp\/v2\/users\/21"}],"replies":[{"embeddable":true,"href":"https:\/\/explora.cl\/coquimbo\/wp-json\/wp\/v2\/comments?post=41823"}],"version-history":[{"count":3,"href":"https:\/\/explora.cl\/coquimbo\/wp-json\/wp\/v2\/posts\/41823\/revisions"}],"predecessor-version":[{"id":41879,"href":"https:\/\/explora.cl\/coquimbo\/wp-json\/wp\/v2\/posts\/41823\/revisions\/41879"}],"wp:featuredmedia":[{"embeddable":true,"href":"https:\/\/explora.cl\/coquimbo\/wp-json\/wp\/v2\/media\/41826"}],"wp:attachment":[{"href":"https:\/\/explora.cl\/coquimbo\/wp-json\/wp\/v2\/media?parent=41823"}],"wp:term":[{"taxonomy":"category","embeddable":true,"href":"https:\/\/explora.cl\/coquimbo\/wp-json\/wp\/v2\/categories?post=41823"},{"taxonomy":"post_tag","embeddable":true,"href":"https:\/\/explora.cl\/coquimbo\/wp-json\/wp\/v2\/tags?post=41823"}],"curies":[{"name":"wp","href":"https:\/\/api.w.org\/{rel}","templated":true}]}}