{"id":41754,"date":"2021-09-23T09:00:41","date_gmt":"2021-09-23T12:00:41","guid":{"rendered":"https:\/\/explora.cl\/coquimbo\/?p=41754"},"modified":"2021-10-14T16:43:34","modified_gmt":"2021-10-14T19:43:34","slug":"charla-de-ciencia-abierta-destaco-la-riqueza-ancestral-y-presente-de-los-suelos-de-la-region-de-coquimbo","status":"publish","type":"post","link":"https:\/\/explora.cl\/coquimbo\/charla-de-ciencia-abierta-destaco-la-riqueza-ancestral-y-presente-de-los-suelos-de-la-region-de-coquimbo\/","title":{"rendered":"Charla de Ciencia Abierta destac\u00f3 la riqueza ancestral y presente de los suelos de la Regi\u00f3n de Coquimbo"},"content":{"rendered":"<p style=\"text-align: justify\"><em>\u201cNorte, \u00bfPura tierra?\u201d es una iniciativa de Fundaci\u00f3n Llampangui<\/em> <em>que busca acercar, a trav\u00e9s de material did\u00e1ctico (d\u00edpticos, serie animada y videos tutoriales) a ni\u00f1as y ni\u00f1os al conocimiento cient\u00edfico tras las actividades culturales relacionadas con el suelo de la provincia de Choapa. <\/em><\/p>\n<p style=\"text-align: justify\">\u00bfCu\u00e1ndo caminas, d\u00f3nde fijas tu vista? De seguro, muchas veces no te das cuenta, pues todo depende del momento y de no descuidar la atenci\u00f3n para no caerte. Pero, \u00bfalguna vez das tus pasos fij\u00e1ndote en el suelo? Si la respuesta es s\u00ed, \u00bfqu\u00e9 ves? De seguro, responder\u00e1s: basura, tierra, piedras, etc. Y si dij\u00e9ramos que bajo la superficie que pisas todos los d\u00edas hay todo un mundo variado y lleno de riquezas, que, desde hace siglos, le ha servido de sost\u00e9n a la vida. \u00bfCrees que sea tan as\u00ed?<\/p>\n<p style=\"text-align: justify\">Justamente, con esta finalidad, la Educadora de p\u00e1rvulos, Mag\u00edster en educaci\u00f3n inicial, parte del equipo de educaci\u00f3n ambiental de la <a href=\"https:\/\/fundacionllampangui.cl\/\">Fundaci\u00f3n Llampangui<\/a> y Coordinadora del proyecto educaci\u00f3n ambiental Norte Pura Tierra, <strong>Paulina Pezo Pinto,<\/strong> lider\u00f3 la <a href=\"https:\/\/www.youtube.com\/watch?v=BDX27jDAW5c&amp;t=1632s\">charla \u201cNorte, \u00bfPura tierra? Ni\u00f1os y ni\u00f1as descubriendo las riquezas del suelo\u201d<\/a>, actividad enmarcada en la iniciativa <strong>Ciencia Abierta<\/strong> del <strong>Proyecto Explora Coquimbo<\/strong>.<\/p>\n<p style=\"text-align: justify\">Durante la jornada, transmitida a trav\u00e9s de Youtube y Facebook live, la profesional entreg\u00f3 detalles del proyecto <a href=\"http:\/\/nortepuratierra.org\/\">\u201cNorte \u00bfPura tierra?\u201d<\/a>, desarrollado al alero de la Fundaci\u00f3n Llampangui y que busca acercar, a trav\u00e9s de material did\u00e1ctico (d\u00edpticos, serie animada y videos tutoriales) a ni\u00f1as y ni\u00f1os al conocimiento cient\u00edfico tras las actividades culturales relacionadas con el suelo de la provincia de Choapa.<\/p>\n<p><strong>Suelo f\u00e9rtil y serie animada<\/strong><\/p>\n<p style=\"text-align: justify\">Adem\u00e1s, en el espacio se present\u00f3 un compilado de la serie animada <a href=\"https:\/\/www.youtube.com\/watch?v=PaFeikN2_io\">\u201cLucho Apa y el suelo\u201d<\/a>, aventura que recorre la provincia del Choapa y que es protagonizada por un guanaco adolescente (chulengo) llamado Lucho Apa, quien ense\u00f1a sobre la importancia del suelo a trav\u00e9s de su viaje. La serie fue ganadora del Festival de Cine de Ciencia\u00a0 de Bristol y del Golden Sparrow International Film Festival, entre otras nominaciones y distinciones.<\/p>\n<p style=\"text-align: justify\">\u00bfY c\u00f3mo comenzaron todas estas iniciativas? Paulina cont\u00f3 que dentro de las l\u00edneas de acci\u00f3n de la fundaci\u00f3n est\u00e1 la protecci\u00f3n del parque Hacienda El Durazno, un \u00e1rea de conservaci\u00f3n privada en la comuna de Canela, \u201cdonde advertimos la riqueza del suelo y de ah\u00ed el inter\u00e9s de desarrollar este tipo de proyectos educativos\u201d.<\/p>\n<p style=\"text-align: justify\">Respecto a la miniserie animada, la educadora aclar\u00f3 que, en un principio, no estaba contemplada en el proyecto, y que por el contrario, se hab\u00eda pensado en desarrollar videos mostrando el lugar, \u201cpero por la pandemia no pudimos viajar al parque, pero se nos ocurri\u00f3 esta serie animada que nos ha tra\u00eddo buenos resultados para el proyecto y la provincia de Choapa\u201d.<\/p>\n<p><strong>Valorar el suelo<\/strong><\/p>\n<p style=\"text-align: justify\">Pero, \u00bfpor qu\u00e9 enfocarse en el suelo? Porque, seg\u00fan destac\u00f3 Paulina, sustenta la vida, suministra materiales como el adobe y la arcilla, act\u00faa como soporte de otros sistemas, almacena y regula el agua, preserva nuestra historia, sustenta el ciclo de los nutrientes, es la reserva de la biodiversidad (contiene el 25% de los organismos de la tierra) y se encuentra altamente amenazado; por ejemplo, un 84% del suelo de la Regi\u00f3n de Coquimbo est\u00e1 degradado y el 92% se encuentra con signos de desertificaci\u00f3n.<\/p>\n<p style=\"text-align: justify\">En este contexto, lo central de este proyecto, nombrado as\u00ed con el af\u00e1n de revertir la asociaci\u00f3n peyorativa de que en el norte hay \u201cpura tierra\u201d, es rescatar los aspectos culturales de la Regi\u00f3n de Coquimbo y de la provincia del Choapa e introducir estos conocimientos del suelo provenientes de conocimientos ancestrales de la zona, \u201cpor ejemplo, el adobe, las vasijas diaguitas. Y nos agarramos de eso para hacer un material did\u00e1ctico para que ni\u00f1os y ni\u00f1as pudieran experimentar al aire libre con el suelo, viendo piedritas, sintiendo la textura de los suelos, oliendo y observando desde lo alto los distintos tipos de suelo, etc.\u201d.<\/p>\n<p>Si deseas conocer todos los detalles de la charla, revisa el siguiente video:<\/p>\n<p><iframe title=\"Charla Norte \u00bfPura Tierra? Ni\u00f1os y ni\u00f1as descubriendo las riquezas del suelo.\" width=\"1180\" height=\"664\" src=\"https:\/\/www.youtube.com\/embed\/BDX27jDAW5c?start=1632&#038;feature=oembed\" frameborder=\"0\" allow=\"accelerometer; autoplay; clipboard-write; encrypted-media; gyroscope; picture-in-picture\" allowfullscreen><\/iframe><\/p>\n","protected":false},"excerpt":{"rendered":"<p>Charla de Ciencia Abierta destac\u00f3 la riqueza ancestral y presente de los suelos de la Regi\u00f3n de Coquimbo<\/p>\n","protected":false},"author":21,"featured_media":41757,"comment_status":"open","ping_status":"open","sticky":false,"template":"","format":"standard","meta":{"_acf_changed":false,"_exactmetrics_skip_tracking":false,"_exactmetrics_sitenote_active":false,"_exactmetrics_sitenote_note":"","_exactmetrics_sitenote_category":0,"footnotes":"","_links_to":"","_links_to_target":""},"categories":[4],"tags":[],"class_list":["post-41754","post","type-post","status-publish","format-standard","has-post-thumbnail","hentry","category-noticias"],"acf":[],"yoast_head":"<!-- This site is optimized with the Yoast SEO plugin v26.9 - https:\/\/yoast.com\/product\/yoast-seo-wordpress\/ -->\n<title>Charla de Ciencia Abierta destac\u00f3 la riqueza ancestral y presente de los suelos de la Regi\u00f3n de Coquimbo - Coquimbo<\/title>\n<meta name=\"robots\" content=\"index, follow, max-snippet:-1, max-image-preview:large, max-video-preview:-1\" \/>\n<link rel=\"canonical\" href=\"https:\/\/explora.cl\/coquimbo\/charla-de-ciencia-abierta-destaco-la-riqueza-ancestral-y-presente-de-los-suelos-de-la-region-de-coquimbo\/\" class=\"yoast-seo-meta-tag\" \/>\n<meta property=\"og:locale\" content=\"es_ES\" class=\"yoast-seo-meta-tag\" \/>\n<meta property=\"og:type\" content=\"article\" class=\"yoast-seo-meta-tag\" \/>\n<meta property=\"og:title\" content=\"Charla de Ciencia Abierta destac\u00f3 la riqueza ancestral y presente de los suelos de la Regi\u00f3n de Coquimbo - Coquimbo\" class=\"yoast-seo-meta-tag\" \/>\n<meta property=\"og:description\" content=\"Charla de Ciencia Abierta destac\u00f3 la riqueza ancestral y presente de los suelos de la Regi\u00f3n de Coquimbo\" class=\"yoast-seo-meta-tag\" \/>\n<meta property=\"og:url\" content=\"https:\/\/explora.cl\/coquimbo\/charla-de-ciencia-abierta-destaco-la-riqueza-ancestral-y-presente-de-los-suelos-de-la-region-de-coquimbo\/\" class=\"yoast-seo-meta-tag\" \/>\n<meta property=\"og:site_name\" content=\"Coquimbo\" class=\"yoast-seo-meta-tag\" \/>\n<meta property=\"article:published_time\" content=\"2021-09-23T12:00:41+00:00\" class=\"yoast-seo-meta-tag\" \/>\n<meta property=\"article:modified_time\" content=\"2021-10-14T19:43:34+00:00\" class=\"yoast-seo-meta-tag\" \/>\n<meta property=\"og:image\" content=\"https:\/\/explora.cl\/coquimbo\/wp-content\/uploads\/sites\/6\/2021\/09\/charla-6_.jpg\" class=\"yoast-seo-meta-tag\" \/>\n\t<meta property=\"og:image:width\" content=\"760\" class=\"yoast-seo-meta-tag\" \/>\n\t<meta property=\"og:image:height\" content=\"457\" class=\"yoast-seo-meta-tag\" \/>\n\t<meta property=\"og:image:type\" content=\"image\/jpeg\" class=\"yoast-seo-meta-tag\" \/>\n<meta name=\"author\" content=\"jimartin\" class=\"yoast-seo-meta-tag\" \/>\n<meta name=\"twitter:card\" content=\"summary_large_image\" class=\"yoast-seo-meta-tag\" \/>\n<meta name=\"twitter:label1\" content=\"Escrito por\" class=\"yoast-seo-meta-tag\" \/>\n\t<meta name=\"twitter:data1\" content=\"jimartin\" class=\"yoast-seo-meta-tag\" \/>\n\t<meta name=\"twitter:label2\" content=\"Tiempo estimado de lectura\" class=\"yoast-seo-meta-tag\" \/>\n\t<meta name=\"twitter:data2\" content=\"4 minutos\" class=\"yoast-seo-meta-tag\" \/>\n<script type=\"application\/ld+json\" class=\"yoast-schema-graph\">{\"@context\":\"https:\/\/schema.org\",\"@graph\":[{\"@type\":\"Article\",\"@id\":\"https:\/\/explora.cl\/coquimbo\/charla-de-ciencia-abierta-destaco-la-riqueza-ancestral-y-presente-de-los-suelos-de-la-region-de-coquimbo\/#article\",\"isPartOf\":{\"@id\":\"https:\/\/explora.cl\/coquimbo\/charla-de-ciencia-abierta-destaco-la-riqueza-ancestral-y-presente-de-los-suelos-de-la-region-de-coquimbo\/\"},\"author\":{\"name\":\"jimartin\",\"@id\":\"https:\/\/explora.cl\/coquimbo\/#\/schema\/person\/c171f405669e4e4f7e56a099200d2fe6\"},\"headline\":\"Charla de Ciencia Abierta destac\u00f3 la riqueza ancestral y presente de los suelos de la Regi\u00f3n de Coquimbo\",\"datePublished\":\"2021-09-23T12:00:41+00:00\",\"dateModified\":\"2021-10-14T19:43:34+00:00\",\"mainEntityOfPage\":{\"@id\":\"https:\/\/explora.cl\/coquimbo\/charla-de-ciencia-abierta-destaco-la-riqueza-ancestral-y-presente-de-los-suelos-de-la-region-de-coquimbo\/\"},\"wordCount\":736,\"commentCount\":0,\"publisher\":{\"@id\":\"https:\/\/explora.cl\/coquimbo\/#organization\"},\"image\":{\"@id\":\"https:\/\/explora.cl\/coquimbo\/charla-de-ciencia-abierta-destaco-la-riqueza-ancestral-y-presente-de-los-suelos-de-la-region-de-coquimbo\/#primaryimage\"},\"thumbnailUrl\":\"https:\/\/explora.cl\/coquimbo\/wp-content\/uploads\/sites\/6\/2021\/09\/charla-6_.jpg\",\"articleSection\":[\"Noticias\"],\"inLanguage\":\"es-CL\",\"potentialAction\":[{\"@type\":\"CommentAction\",\"name\":\"Comment\",\"target\":[\"https:\/\/explora.cl\/coquimbo\/charla-de-ciencia-abierta-destaco-la-riqueza-ancestral-y-presente-de-los-suelos-de-la-region-de-coquimbo\/#respond\"]}]},{\"@type\":\"WebPage\",\"@id\":\"https:\/\/explora.cl\/coquimbo\/charla-de-ciencia-abierta-destaco-la-riqueza-ancestral-y-presente-de-los-suelos-de-la-region-de-coquimbo\/\",\"url\":\"https:\/\/explora.cl\/coquimbo\/charla-de-ciencia-abierta-destaco-la-riqueza-ancestral-y-presente-de-los-suelos-de-la-region-de-coquimbo\/\",\"name\":\"Charla de Ciencia Abierta destac\u00f3 la riqueza ancestral y presente de los suelos de la Regi\u00f3n de Coquimbo - Coquimbo\",\"isPartOf\":{\"@id\":\"https:\/\/explora.cl\/coquimbo\/#website\"},\"primaryImageOfPage\":{\"@id\":\"https:\/\/explora.cl\/coquimbo\/charla-de-ciencia-abierta-destaco-la-riqueza-ancestral-y-presente-de-los-suelos-de-la-region-de-coquimbo\/#primaryimage\"},\"image\":{\"@id\":\"https:\/\/explora.cl\/coquimbo\/charla-de-ciencia-abierta-destaco-la-riqueza-ancestral-y-presente-de-los-suelos-de-la-region-de-coquimbo\/#primaryimage\"},\"thumbnailUrl\":\"https:\/\/explora.cl\/coquimbo\/wp-content\/uploads\/sites\/6\/2021\/09\/charla-6_.jpg\",\"datePublished\":\"2021-09-23T12:00:41+00:00\",\"dateModified\":\"2021-10-14T19:43:34+00:00\",\"breadcrumb\":{\"@id\":\"https:\/\/explora.cl\/coquimbo\/charla-de-ciencia-abierta-destaco-la-riqueza-ancestral-y-presente-de-los-suelos-de-la-region-de-coquimbo\/#breadcrumb\"},\"inLanguage\":\"es-CL\",\"potentialAction\":[{\"@type\":\"ReadAction\",\"target\":[\"https:\/\/explora.cl\/coquimbo\/charla-de-ciencia-abierta-destaco-la-riqueza-ancestral-y-presente-de-los-suelos-de-la-region-de-coquimbo\/\"]}]},{\"@type\":\"ImageObject\",\"inLanguage\":\"es-CL\",\"@id\":\"https:\/\/explora.cl\/coquimbo\/charla-de-ciencia-abierta-destaco-la-riqueza-ancestral-y-presente-de-los-suelos-de-la-region-de-coquimbo\/#primaryimage\",\"url\":\"https:\/\/explora.cl\/coquimbo\/wp-content\/uploads\/sites\/6\/2021\/09\/charla-6_.jpg\",\"contentUrl\":\"https:\/\/explora.cl\/coquimbo\/wp-content\/uploads\/sites\/6\/2021\/09\/charla-6_.jpg\",\"width\":760,\"height\":457},{\"@type\":\"BreadcrumbList\",\"@id\":\"https:\/\/explora.cl\/coquimbo\/charla-de-ciencia-abierta-destaco-la-riqueza-ancestral-y-presente-de-los-suelos-de-la-region-de-coquimbo\/#breadcrumb\",\"itemListElement\":[{\"@type\":\"ListItem\",\"position\":1,\"name\":\"Portada\",\"item\":\"https:\/\/explora.cl\/coquimbo\/\"},{\"@type\":\"ListItem\",\"position\":2,\"name\":\"Charla de Ciencia Abierta destac\u00f3 la riqueza ancestral y presente de los suelos de la Regi\u00f3n de Coquimbo\"}]},{\"@type\":\"WebSite\",\"@id\":\"https:\/\/explora.cl\/coquimbo\/#website\",\"url\":\"https:\/\/explora.cl\/coquimbo\/\",\"name\":\"Coquimbo\",\"description\":\"Otro sitio m\u00e1s de explora.cl\",\"publisher\":{\"@id\":\"https:\/\/explora.cl\/coquimbo\/#organization\"},\"potentialAction\":[{\"@type\":\"SearchAction\",\"target\":{\"@type\":\"EntryPoint\",\"urlTemplate\":\"https:\/\/explora.cl\/coquimbo\/?s={search_term_string}\"},\"query-input\":{\"@type\":\"PropertyValueSpecification\",\"valueRequired\":true,\"valueName\":\"search_term_string\"}}],\"inLanguage\":\"es-CL\"},{\"@type\":\"Organization\",\"@id\":\"https:\/\/explora.cl\/coquimbo\/#organization\",\"name\":\"Coquimbo\",\"url\":\"https:\/\/explora.cl\/coquimbo\/\",\"logo\":{\"@type\":\"ImageObject\",\"inLanguage\":\"es-CL\",\"@id\":\"https:\/\/explora.cl\/coquimbo\/#\/schema\/logo\/image\/\",\"url\":\"https:\/\/explora.cl\/coquimbo\/wp-content\/uploads\/sites\/6\/2020\/08\/cropped-Mesa-de-trabajo-1-100.jpg\",\"contentUrl\":\"https:\/\/explora.cl\/coquimbo\/wp-content\/uploads\/sites\/6\/2020\/08\/cropped-Mesa-de-trabajo-1-100.jpg\",\"width\":615,\"height\":576,\"caption\":\"Coquimbo\"},\"image\":{\"@id\":\"https:\/\/explora.cl\/coquimbo\/#\/schema\/logo\/image\/\"}},{\"@type\":\"Person\",\"@id\":\"https:\/\/explora.cl\/coquimbo\/#\/schema\/person\/c171f405669e4e4f7e56a099200d2fe6\",\"name\":\"jimartin\",\"image\":{\"@type\":\"ImageObject\",\"inLanguage\":\"es-CL\",\"@id\":\"https:\/\/explora.cl\/coquimbo\/#\/schema\/person\/image\/\",\"url\":\"https:\/\/secure.gravatar.com\/avatar\/8dfd7d14443934731a5aea629f40c1aceb42cc8b566a9926567e833c9d22b643?s=96&d=mm&r=g\",\"contentUrl\":\"https:\/\/secure.gravatar.com\/avatar\/8dfd7d14443934731a5aea629f40c1aceb42cc8b566a9926567e833c9d22b643?s=96&d=mm&r=g\",\"caption\":\"jimartin\"},\"url\":\"https:\/\/explora.cl\/coquimbo\/author\/jimartin\/\"}]}<\/script>\n<!-- \/ Yoast SEO plugin. -->","yoast_head_json":{"title":"Charla de Ciencia Abierta destac\u00f3 la riqueza ancestral y presente de los suelos de la Regi\u00f3n de Coquimbo - Coquimbo","robots":{"index":"index","follow":"follow","max-snippet":"max-snippet:-1","max-image-preview":"max-image-preview:large","max-video-preview":"max-video-preview:-1"},"canonical":"https:\/\/explora.cl\/coquimbo\/charla-de-ciencia-abierta-destaco-la-riqueza-ancestral-y-presente-de-los-suelos-de-la-region-de-coquimbo\/","og_locale":"es_ES","og_type":"article","og_title":"Charla de Ciencia Abierta destac\u00f3 la riqueza ancestral y presente de los suelos de la Regi\u00f3n de Coquimbo - Coquimbo","og_description":"Charla de Ciencia Abierta destac\u00f3 la riqueza ancestral y presente de los suelos de la Regi\u00f3n de Coquimbo","og_url":"https:\/\/explora.cl\/coquimbo\/charla-de-ciencia-abierta-destaco-la-riqueza-ancestral-y-presente-de-los-suelos-de-la-region-de-coquimbo\/","og_site_name":"Coquimbo","article_published_time":"2021-09-23T12:00:41+00:00","article_modified_time":"2021-10-14T19:43:34+00:00","og_image":[{"width":760,"height":457,"url":"https:\/\/explora.cl\/coquimbo\/wp-content\/uploads\/sites\/6\/2021\/09\/charla-6_.jpg","type":"image\/jpeg"}],"author":"jimartin","twitter_card":"summary_large_image","twitter_misc":{"Escrito por":"jimartin","Tiempo estimado de lectura":"4 minutos"},"schema":{"@context":"https:\/\/schema.org","@graph":[{"@type":"Article","@id":"https:\/\/explora.cl\/coquimbo\/charla-de-ciencia-abierta-destaco-la-riqueza-ancestral-y-presente-de-los-suelos-de-la-region-de-coquimbo\/#article","isPartOf":{"@id":"https:\/\/explora.cl\/coquimbo\/charla-de-ciencia-abierta-destaco-la-riqueza-ancestral-y-presente-de-los-suelos-de-la-region-de-coquimbo\/"},"author":{"name":"jimartin","@id":"https:\/\/explora.cl\/coquimbo\/#\/schema\/person\/c171f405669e4e4f7e56a099200d2fe6"},"headline":"Charla de Ciencia Abierta destac\u00f3 la riqueza ancestral y presente de los suelos de la Regi\u00f3n de Coquimbo","datePublished":"2021-09-23T12:00:41+00:00","dateModified":"2021-10-14T19:43:34+00:00","mainEntityOfPage":{"@id":"https:\/\/explora.cl\/coquimbo\/charla-de-ciencia-abierta-destaco-la-riqueza-ancestral-y-presente-de-los-suelos-de-la-region-de-coquimbo\/"},"wordCount":736,"commentCount":0,"publisher":{"@id":"https:\/\/explora.cl\/coquimbo\/#organization"},"image":{"@id":"https:\/\/explora.cl\/coquimbo\/charla-de-ciencia-abierta-destaco-la-riqueza-ancestral-y-presente-de-los-suelos-de-la-region-de-coquimbo\/#primaryimage"},"thumbnailUrl":"https:\/\/explora.cl\/coquimbo\/wp-content\/uploads\/sites\/6\/2021\/09\/charla-6_.jpg","articleSection":["Noticias"],"inLanguage":"es-CL","potentialAction":[{"@type":"CommentAction","name":"Comment","target":["https:\/\/explora.cl\/coquimbo\/charla-de-ciencia-abierta-destaco-la-riqueza-ancestral-y-presente-de-los-suelos-de-la-region-de-coquimbo\/#respond"]}]},{"@type":"WebPage","@id":"https:\/\/explora.cl\/coquimbo\/charla-de-ciencia-abierta-destaco-la-riqueza-ancestral-y-presente-de-los-suelos-de-la-region-de-coquimbo\/","url":"https:\/\/explora.cl\/coquimbo\/charla-de-ciencia-abierta-destaco-la-riqueza-ancestral-y-presente-de-los-suelos-de-la-region-de-coquimbo\/","name":"Charla de Ciencia Abierta destac\u00f3 la riqueza ancestral y presente de los suelos de la Regi\u00f3n de Coquimbo - Coquimbo","isPartOf":{"@id":"https:\/\/explora.cl\/coquimbo\/#website"},"primaryImageOfPage":{"@id":"https:\/\/explora.cl\/coquimbo\/charla-de-ciencia-abierta-destaco-la-riqueza-ancestral-y-presente-de-los-suelos-de-la-region-de-coquimbo\/#primaryimage"},"image":{"@id":"https:\/\/explora.cl\/coquimbo\/charla-de-ciencia-abierta-destaco-la-riqueza-ancestral-y-presente-de-los-suelos-de-la-region-de-coquimbo\/#primaryimage"},"thumbnailUrl":"https:\/\/explora.cl\/coquimbo\/wp-content\/uploads\/sites\/6\/2021\/09\/charla-6_.jpg","datePublished":"2021-09-23T12:00:41+00:00","dateModified":"2021-10-14T19:43:34+00:00","breadcrumb":{"@id":"https:\/\/explora.cl\/coquimbo\/charla-de-ciencia-abierta-destaco-la-riqueza-ancestral-y-presente-de-los-suelos-de-la-region-de-coquimbo\/#breadcrumb"},"inLanguage":"es-CL","potentialAction":[{"@type":"ReadAction","target":["https:\/\/explora.cl\/coquimbo\/charla-de-ciencia-abierta-destaco-la-riqueza-ancestral-y-presente-de-los-suelos-de-la-region-de-coquimbo\/"]}]},{"@type":"ImageObject","inLanguage":"es-CL","@id":"https:\/\/explora.cl\/coquimbo\/charla-de-ciencia-abierta-destaco-la-riqueza-ancestral-y-presente-de-los-suelos-de-la-region-de-coquimbo\/#primaryimage","url":"https:\/\/explora.cl\/coquimbo\/wp-content\/uploads\/sites\/6\/2021\/09\/charla-6_.jpg","contentUrl":"https:\/\/explora.cl\/coquimbo\/wp-content\/uploads\/sites\/6\/2021\/09\/charla-6_.jpg","width":760,"height":457},{"@type":"BreadcrumbList","@id":"https:\/\/explora.cl\/coquimbo\/charla-de-ciencia-abierta-destaco-la-riqueza-ancestral-y-presente-de-los-suelos-de-la-region-de-coquimbo\/#breadcrumb","itemListElement":[{"@type":"ListItem","position":1,"name":"Portada","item":"https:\/\/explora.cl\/coquimbo\/"},{"@type":"ListItem","position":2,"name":"Charla de Ciencia Abierta destac\u00f3 la riqueza ancestral y presente de los suelos de la Regi\u00f3n de Coquimbo"}]},{"@type":"WebSite","@id":"https:\/\/explora.cl\/coquimbo\/#website","url":"https:\/\/explora.cl\/coquimbo\/","name":"Coquimbo","description":"Otro sitio m\u00e1s de explora.cl","publisher":{"@id":"https:\/\/explora.cl\/coquimbo\/#organization"},"potentialAction":[{"@type":"SearchAction","target":{"@type":"EntryPoint","urlTemplate":"https:\/\/explora.cl\/coquimbo\/?s={search_term_string}"},"query-input":{"@type":"PropertyValueSpecification","valueRequired":true,"valueName":"search_term_string"}}],"inLanguage":"es-CL"},{"@type":"Organization","@id":"https:\/\/explora.cl\/coquimbo\/#organization","name":"Coquimbo","url":"https:\/\/explora.cl\/coquimbo\/","logo":{"@type":"ImageObject","inLanguage":"es-CL","@id":"https:\/\/explora.cl\/coquimbo\/#\/schema\/logo\/image\/","url":"https:\/\/explora.cl\/coquimbo\/wp-content\/uploads\/sites\/6\/2020\/08\/cropped-Mesa-de-trabajo-1-100.jpg","contentUrl":"https:\/\/explora.cl\/coquimbo\/wp-content\/uploads\/sites\/6\/2020\/08\/cropped-Mesa-de-trabajo-1-100.jpg","width":615,"height":576,"caption":"Coquimbo"},"image":{"@id":"https:\/\/explora.cl\/coquimbo\/#\/schema\/logo\/image\/"}},{"@type":"Person","@id":"https:\/\/explora.cl\/coquimbo\/#\/schema\/person\/c171f405669e4e4f7e56a099200d2fe6","name":"jimartin","image":{"@type":"ImageObject","inLanguage":"es-CL","@id":"https:\/\/explora.cl\/coquimbo\/#\/schema\/person\/image\/","url":"https:\/\/secure.gravatar.com\/avatar\/8dfd7d14443934731a5aea629f40c1aceb42cc8b566a9926567e833c9d22b643?s=96&d=mm&r=g","contentUrl":"https:\/\/secure.gravatar.com\/avatar\/8dfd7d14443934731a5aea629f40c1aceb42cc8b566a9926567e833c9d22b643?s=96&d=mm&r=g","caption":"jimartin"},"url":"https:\/\/explora.cl\/coquimbo\/author\/jimartin\/"}]}},"_links":{"self":[{"href":"https:\/\/explora.cl\/coquimbo\/wp-json\/wp\/v2\/posts\/41754","targetHints":{"allow":["GET"]}}],"collection":[{"href":"https:\/\/explora.cl\/coquimbo\/wp-json\/wp\/v2\/posts"}],"about":[{"href":"https:\/\/explora.cl\/coquimbo\/wp-json\/wp\/v2\/types\/post"}],"author":[{"embeddable":true,"href":"https:\/\/explora.cl\/coquimbo\/wp-json\/wp\/v2\/users\/21"}],"replies":[{"embeddable":true,"href":"https:\/\/explora.cl\/coquimbo\/wp-json\/wp\/v2\/comments?post=41754"}],"version-history":[{"count":2,"href":"https:\/\/explora.cl\/coquimbo\/wp-json\/wp\/v2\/posts\/41754\/revisions"}],"predecessor-version":[{"id":41766,"href":"https:\/\/explora.cl\/coquimbo\/wp-json\/wp\/v2\/posts\/41754\/revisions\/41766"}],"wp:featuredmedia":[{"embeddable":true,"href":"https:\/\/explora.cl\/coquimbo\/wp-json\/wp\/v2\/media\/41757"}],"wp:attachment":[{"href":"https:\/\/explora.cl\/coquimbo\/wp-json\/wp\/v2\/media?parent=41754"}],"wp:term":[{"taxonomy":"category","embeddable":true,"href":"https:\/\/explora.cl\/coquimbo\/wp-json\/wp\/v2\/categories?post=41754"},{"taxonomy":"post_tag","embeddable":true,"href":"https:\/\/explora.cl\/coquimbo\/wp-json\/wp\/v2\/tags?post=41754"}],"curies":[{"name":"wp","href":"https:\/\/api.w.org\/{rel}","templated":true}]}}