{"id":41740,"date":"2021-09-15T10:24:03","date_gmt":"2021-09-15T13:24:03","guid":{"rendered":"https:\/\/explora.cl\/coquimbo\/?p=41740"},"modified":"2021-10-12T17:49:49","modified_gmt":"2021-10-12T20:49:49","slug":"conversatorio-de-ciencia-abierta-conversando-con-pescadores-docentes-y-cientificos","status":"publish","type":"post","link":"https:\/\/explora.cl\/coquimbo\/conversatorio-de-ciencia-abierta-conversando-con-pescadores-docentes-y-cientificos\/","title":{"rendered":"Conversatorio de Ciencia Abierta: Conversando con Pescadores, Docentes y Cient\u00edficos"},"content":{"rendered":"<p style=\"text-align: justify\"><em>El pasado jueves 9 de septiembre se dio inicio a la programaci\u00f3n del mes con Charlas, Conversatorios y Late Show de la iniciativa Ciencia Abierta.<\/em><\/p>\n<p style=\"text-align: justify\">En la actividad estuvimos conversando con Oscar Araya, presidente de la Asociaci\u00f3n Gremial de Pescadores de la caleta Guayac\u00e1n, con el Dr. Javier Sellanes, docente titular del departamento de Biolog\u00eda Marina, de la Universidad Cat\u00f3lica del Norte (UCN) y director del acuario, museo y sala de colecciones biol\u00f3gicas de la facultad y tambi\u00e9n con Celmira Capredoni, profesora y coordinadora de taller de medio ambiente del colegio La Herradura, quienes son parte del proyecto Compartiendo Caleta La Ciencia.<img fetchpriority=\"high\" decoding=\"async\" class=\"size-medium wp-image-41743 alignright\" src=\"https:\/\/explora.cl\/coquimbo\/wp-content\/uploads\/sites\/6\/2021\/09\/Post-CA9SEPT_Mesa-de-trabajo-1-300x300.jpg\" alt=\"\" width=\"300\" height=\"300\" srcset=\"https:\/\/explora.cl\/coquimbo\/wp-content\/uploads\/sites\/6\/2021\/09\/Post-CA9SEPT_Mesa-de-trabajo-1-300x300.jpg 300w, https:\/\/explora.cl\/coquimbo\/wp-content\/uploads\/sites\/6\/2021\/09\/Post-CA9SEPT_Mesa-de-trabajo-1-150x150.jpg 150w, https:\/\/explora.cl\/coquimbo\/wp-content\/uploads\/sites\/6\/2021\/09\/Post-CA9SEPT_Mesa-de-trabajo-1-768x768.jpg 768w, https:\/\/explora.cl\/coquimbo\/wp-content\/uploads\/sites\/6\/2021\/09\/Post-CA9SEPT_Mesa-de-trabajo-1-1024x1024.jpg 1024w, https:\/\/explora.cl\/coquimbo\/wp-content\/uploads\/sites\/6\/2021\/09\/Post-CA9SEPT_Mesa-de-trabajo-1-60x60.jpg 60w, https:\/\/explora.cl\/coquimbo\/wp-content\/uploads\/sites\/6\/2021\/09\/Post-CA9SEPT_Mesa-de-trabajo-1.jpg 1801w\" sizes=\"(max-width: 300px) 100vw, 300px\" \/><\/p>\n<p style=\"text-align: justify\">Este proyecto,<strong> Compartiendo Caleta la Ciencia,<\/strong>\u00a0es financiado por el\u00a0<a href=\"https:\/\/www.minciencia.gob.cl\/\">Ministerio de Ciencia<\/a>, busca instalar un circuito interactivo de cinco estaciones en el sector de Guayac\u00e1n, Coquimbo, adem\u00e1s de vincular el conocimiento tradicional o popular de los pescadores, respecto al comportamiento del mar para la pesca, con el conocimiento que entrega la ciencia. Y que se vincula con escolares de 3 colegios quienes sistematizar\u00e1n la informaci\u00f3n para usarla en el circuito, que incorporar\u00e1 no s\u00f3lo informaci\u00f3n, sino tambi\u00e9n, espacios para observar aves.<\/p>\n<p style=\"text-align: justify\">En la ocasi\u00f3n los invitados comentaron sobre como surgi\u00f3 la idea de realizar este proyecto, el Dr. Javier Sellanes coment\u00f3 al respecto que \u201ceste proyecto es una secuencia de otros proyectos anteriores que ha habido como Cient\u00edficos de la Basura, en el cual se ha promovido mucho la vinculaci\u00f3n del mundo cient\u00edfico con las comunidades escolares. Y esta vez vimos la oportunidad de vincular el acuario con la comunidad de coquimbo, aprovechando esta cercan\u00eda f\u00edsica entre la caleta Guayac\u00e1n y el acuario de la UCN, vemos tambi\u00e9n esta oportunidad de abrir la universidad a la gente\u201d.<\/p>\n<p style=\"text-align: justify\">La profesora Celmira agrega que \u201ces la oportunidad, desde el \u00e1mbito escolar, en que nosotros podemos acercar a los ni\u00f1os y ni\u00f1as a un nivel cient\u00edfico y a unos nuevos conocimientos que son siempre lejanos, como es la experiencia que viven los pescadores que a trav\u00e9s de este proyecto se transmite a los ni\u00f1os, entonces ellos ganan en base a relatos, vivencias y adem\u00e1s con el aporte de conocimiento cient\u00edfico\u201d.<\/p>\n<p style=\"text-align: justify\"><img decoding=\"async\" class=\"size-medium wp-image-41744 alignleft\" src=\"https:\/\/explora.cl\/coquimbo\/wp-content\/uploads\/sites\/6\/2021\/09\/Post-CA9SEPT_Post02-300x300.jpg\" alt=\"\" width=\"300\" height=\"300\" srcset=\"https:\/\/explora.cl\/coquimbo\/wp-content\/uploads\/sites\/6\/2021\/09\/Post-CA9SEPT_Post02-300x300.jpg 300w, https:\/\/explora.cl\/coquimbo\/wp-content\/uploads\/sites\/6\/2021\/09\/Post-CA9SEPT_Post02-150x150.jpg 150w, https:\/\/explora.cl\/coquimbo\/wp-content\/uploads\/sites\/6\/2021\/09\/Post-CA9SEPT_Post02-768x768.jpg 768w, https:\/\/explora.cl\/coquimbo\/wp-content\/uploads\/sites\/6\/2021\/09\/Post-CA9SEPT_Post02-1024x1024.jpg 1024w, https:\/\/explora.cl\/coquimbo\/wp-content\/uploads\/sites\/6\/2021\/09\/Post-CA9SEPT_Post02-60x60.jpg 60w, https:\/\/explora.cl\/coquimbo\/wp-content\/uploads\/sites\/6\/2021\/09\/Post-CA9SEPT_Post02.jpg 1801w\" sizes=\"(max-width: 300px) 100vw, 300px\" \/>Consultados respecto a la importancia de conocer y vincular los saberes tradicionales y arte de pesca con el conocimiento cient\u00edfico, Oscar Araya mencion\u00f3 que<br \/>\n\u201ccreo que el conocimiento cient\u00edfico y la cercan\u00eda a la universidad es muy importante, ya que la pesca artesanal siempre ha estado alejada de la educaci\u00f3n, hay pescadores que ni siquiera han tenido estudios, entonces cuando se mete el mundo cient\u00edfico en esto y se involucra, sobre todo con profesionales que aprenden de esto, podr\u00edan guiarnos hasta incluso tener un ministerio del mar, cuando hay buenos especialistas tenemos la oportunidad de cambiar y mejorar la pesca artesanal\u201d.<\/p>\n<p style=\"text-align: justify\">Sobre lo anterior, el profesor Javier opin\u00f3 que \u201cesta es una oportunidad valiosa y s\u00faper enriquecedora para todo el contexto, ya que los pescadores viven el d\u00eda a d\u00eda en el mar dependen de el para su subsistencia, entonces ellos desde su experiencia y tradiciones familiares se van transmitiendo este conocimientos, saben de mareas y ciclos biol\u00f3gicos de las distintas especies, que quiz\u00e1s nosotros los cient\u00edficos no tenemos esa oportunidad para embarcarnos todos los d\u00edas, entonces muchas veces los cient\u00edficos construimos la realidad desde estos peque\u00f1os puntos en que nosotros podemos salir al mar, mientras que los pescadores tienen la pel\u00edcula completa, entonces es una forma de enriquecer mucho ambas miradas\u201d.<\/p>\n<p style=\"text-align: justify\">Los invitados conversaron tambi\u00e9n sobre sus experiencias en este proyecto, c\u00f3mo ayudan a la comunidad y la vinculaci\u00f3n entre estos 3 mundos, el cient\u00edfico, el escolar y el de la pesca artesanal. Puedes ver toda la conversaci\u00f3n aqu\u00ed:<\/p>\n<p>&nbsp;<\/p>\n<p><iframe title=\"&quot;Compartiendo Caleta La Ciencia&quot;\" width=\"1180\" height=\"664\" src=\"https:\/\/www.youtube.com\/embed\/sRrwycRfl7k?feature=oembed\" frameborder=\"0\" allow=\"accelerometer; autoplay; clipboard-write; encrypted-media; gyroscope; picture-in-picture\" allowfullscreen><\/iframe><\/p>\n","protected":false},"excerpt":{"rendered":"<p> Conversatorio de Ciencia Abierta: Conversando con Pescadores, Docentes y Cient\u00edficos<\/p>\n","protected":false},"author":21,"featured_media":41742,"comment_status":"open","ping_status":"open","sticky":false,"template":"","format":"standard","meta":{"_acf_changed":false,"_exactmetrics_skip_tracking":false,"_exactmetrics_sitenote_active":false,"_exactmetrics_sitenote_note":"","_exactmetrics_sitenote_category":0,"footnotes":"","_links_to":"","_links_to_target":""},"categories":[4],"tags":[],"class_list":["post-41740","post","type-post","status-publish","format-standard","has-post-thumbnail","hentry","category-noticias"],"acf":[],"yoast_head":"<!-- This site is optimized with the Yoast SEO plugin v26.9 - https:\/\/yoast.com\/product\/yoast-seo-wordpress\/ -->\n<title>Conversatorio de Ciencia Abierta: Conversando con Pescadores, Docentes y Cient\u00edficos - Coquimbo<\/title>\n<meta name=\"robots\" content=\"index, follow, max-snippet:-1, max-image-preview:large, max-video-preview:-1\" \/>\n<link rel=\"canonical\" href=\"https:\/\/explora.cl\/coquimbo\/conversatorio-de-ciencia-abierta-conversando-con-pescadores-docentes-y-cientificos\/\" class=\"yoast-seo-meta-tag\" \/>\n<meta property=\"og:locale\" content=\"es_ES\" class=\"yoast-seo-meta-tag\" \/>\n<meta property=\"og:type\" content=\"article\" class=\"yoast-seo-meta-tag\" \/>\n<meta property=\"og:title\" content=\"Conversatorio de Ciencia Abierta: Conversando con Pescadores, Docentes y Cient\u00edficos - Coquimbo\" class=\"yoast-seo-meta-tag\" \/>\n<meta property=\"og:description\" content=\"Conversatorio de Ciencia Abierta: Conversando con Pescadores, Docentes y Cient\u00edficos\" class=\"yoast-seo-meta-tag\" \/>\n<meta property=\"og:url\" content=\"https:\/\/explora.cl\/coquimbo\/conversatorio-de-ciencia-abierta-conversando-con-pescadores-docentes-y-cientificos\/\" class=\"yoast-seo-meta-tag\" \/>\n<meta property=\"og:site_name\" content=\"Coquimbo\" class=\"yoast-seo-meta-tag\" \/>\n<meta property=\"article:published_time\" content=\"2021-09-15T13:24:03+00:00\" class=\"yoast-seo-meta-tag\" \/>\n<meta property=\"article:modified_time\" content=\"2021-10-12T20:49:49+00:00\" class=\"yoast-seo-meta-tag\" \/>\n<meta property=\"og:image\" content=\"https:\/\/explora.cl\/coquimbo\/wp-content\/uploads\/sites\/6\/2021\/09\/Sin-t\u00edtulo6.png\" class=\"yoast-seo-meta-tag\" \/>\n\t<meta property=\"og:image:width\" content=\"1920\" class=\"yoast-seo-meta-tag\" \/>\n\t<meta property=\"og:image:height\" content=\"1080\" class=\"yoast-seo-meta-tag\" \/>\n\t<meta property=\"og:image:type\" content=\"image\/png\" class=\"yoast-seo-meta-tag\" \/>\n<meta name=\"author\" content=\"jimartin\" class=\"yoast-seo-meta-tag\" \/>\n<meta name=\"twitter:card\" content=\"summary_large_image\" class=\"yoast-seo-meta-tag\" \/>\n<meta name=\"twitter:label1\" content=\"Escrito por\" class=\"yoast-seo-meta-tag\" \/>\n\t<meta name=\"twitter:data1\" content=\"jimartin\" class=\"yoast-seo-meta-tag\" \/>\n\t<meta name=\"twitter:label2\" content=\"Tiempo estimado de lectura\" class=\"yoast-seo-meta-tag\" \/>\n\t<meta name=\"twitter:data2\" content=\"3 minutos\" class=\"yoast-seo-meta-tag\" \/>\n<script type=\"application\/ld+json\" class=\"yoast-schema-graph\">{\"@context\":\"https:\/\/schema.org\",\"@graph\":[{\"@type\":\"Article\",\"@id\":\"https:\/\/explora.cl\/coquimbo\/conversatorio-de-ciencia-abierta-conversando-con-pescadores-docentes-y-cientificos\/#article\",\"isPartOf\":{\"@id\":\"https:\/\/explora.cl\/coquimbo\/conversatorio-de-ciencia-abierta-conversando-con-pescadores-docentes-y-cientificos\/\"},\"author\":{\"name\":\"jimartin\",\"@id\":\"https:\/\/explora.cl\/coquimbo\/#\/schema\/person\/c171f405669e4e4f7e56a099200d2fe6\"},\"headline\":\"Conversatorio de Ciencia Abierta: Conversando con Pescadores, Docentes y Cient\u00edficos\",\"datePublished\":\"2021-09-15T13:24:03+00:00\",\"dateModified\":\"2021-10-12T20:49:49+00:00\",\"mainEntityOfPage\":{\"@id\":\"https:\/\/explora.cl\/coquimbo\/conversatorio-de-ciencia-abierta-conversando-con-pescadores-docentes-y-cientificos\/\"},\"wordCount\":666,\"commentCount\":0,\"publisher\":{\"@id\":\"https:\/\/explora.cl\/coquimbo\/#organization\"},\"image\":{\"@id\":\"https:\/\/explora.cl\/coquimbo\/conversatorio-de-ciencia-abierta-conversando-con-pescadores-docentes-y-cientificos\/#primaryimage\"},\"thumbnailUrl\":\"https:\/\/explora.cl\/coquimbo\/wp-content\/uploads\/sites\/6\/2021\/09\/Sin-t\u00edtulo6.png\",\"articleSection\":[\"Noticias\"],\"inLanguage\":\"es-CL\",\"potentialAction\":[{\"@type\":\"CommentAction\",\"name\":\"Comment\",\"target\":[\"https:\/\/explora.cl\/coquimbo\/conversatorio-de-ciencia-abierta-conversando-con-pescadores-docentes-y-cientificos\/#respond\"]}]},{\"@type\":\"WebPage\",\"@id\":\"https:\/\/explora.cl\/coquimbo\/conversatorio-de-ciencia-abierta-conversando-con-pescadores-docentes-y-cientificos\/\",\"url\":\"https:\/\/explora.cl\/coquimbo\/conversatorio-de-ciencia-abierta-conversando-con-pescadores-docentes-y-cientificos\/\",\"name\":\"Conversatorio de Ciencia Abierta: Conversando con Pescadores, Docentes y Cient\u00edficos - Coquimbo\",\"isPartOf\":{\"@id\":\"https:\/\/explora.cl\/coquimbo\/#website\"},\"primaryImageOfPage\":{\"@id\":\"https:\/\/explora.cl\/coquimbo\/conversatorio-de-ciencia-abierta-conversando-con-pescadores-docentes-y-cientificos\/#primaryimage\"},\"image\":{\"@id\":\"https:\/\/explora.cl\/coquimbo\/conversatorio-de-ciencia-abierta-conversando-con-pescadores-docentes-y-cientificos\/#primaryimage\"},\"thumbnailUrl\":\"https:\/\/explora.cl\/coquimbo\/wp-content\/uploads\/sites\/6\/2021\/09\/Sin-t\u00edtulo6.png\",\"datePublished\":\"2021-09-15T13:24:03+00:00\",\"dateModified\":\"2021-10-12T20:49:49+00:00\",\"breadcrumb\":{\"@id\":\"https:\/\/explora.cl\/coquimbo\/conversatorio-de-ciencia-abierta-conversando-con-pescadores-docentes-y-cientificos\/#breadcrumb\"},\"inLanguage\":\"es-CL\",\"potentialAction\":[{\"@type\":\"ReadAction\",\"target\":[\"https:\/\/explora.cl\/coquimbo\/conversatorio-de-ciencia-abierta-conversando-con-pescadores-docentes-y-cientificos\/\"]}]},{\"@type\":\"ImageObject\",\"inLanguage\":\"es-CL\",\"@id\":\"https:\/\/explora.cl\/coquimbo\/conversatorio-de-ciencia-abierta-conversando-con-pescadores-docentes-y-cientificos\/#primaryimage\",\"url\":\"https:\/\/explora.cl\/coquimbo\/wp-content\/uploads\/sites\/6\/2021\/09\/Sin-t\u00edtulo6.png\",\"contentUrl\":\"https:\/\/explora.cl\/coquimbo\/wp-content\/uploads\/sites\/6\/2021\/09\/Sin-t\u00edtulo6.png\",\"width\":1920,\"height\":1080},{\"@type\":\"BreadcrumbList\",\"@id\":\"https:\/\/explora.cl\/coquimbo\/conversatorio-de-ciencia-abierta-conversando-con-pescadores-docentes-y-cientificos\/#breadcrumb\",\"itemListElement\":[{\"@type\":\"ListItem\",\"position\":1,\"name\":\"Portada\",\"item\":\"https:\/\/explora.cl\/coquimbo\/\"},{\"@type\":\"ListItem\",\"position\":2,\"name\":\"Conversatorio de Ciencia Abierta: Conversando con Pescadores, Docentes y Cient\u00edficos\"}]},{\"@type\":\"WebSite\",\"@id\":\"https:\/\/explora.cl\/coquimbo\/#website\",\"url\":\"https:\/\/explora.cl\/coquimbo\/\",\"name\":\"Coquimbo\",\"description\":\"Otro sitio m\u00e1s de explora.cl\",\"publisher\":{\"@id\":\"https:\/\/explora.cl\/coquimbo\/#organization\"},\"potentialAction\":[{\"@type\":\"SearchAction\",\"target\":{\"@type\":\"EntryPoint\",\"urlTemplate\":\"https:\/\/explora.cl\/coquimbo\/?s={search_term_string}\"},\"query-input\":{\"@type\":\"PropertyValueSpecification\",\"valueRequired\":true,\"valueName\":\"search_term_string\"}}],\"inLanguage\":\"es-CL\"},{\"@type\":\"Organization\",\"@id\":\"https:\/\/explora.cl\/coquimbo\/#organization\",\"name\":\"Coquimbo\",\"url\":\"https:\/\/explora.cl\/coquimbo\/\",\"logo\":{\"@type\":\"ImageObject\",\"inLanguage\":\"es-CL\",\"@id\":\"https:\/\/explora.cl\/coquimbo\/#\/schema\/logo\/image\/\",\"url\":\"https:\/\/explora.cl\/coquimbo\/wp-content\/uploads\/sites\/6\/2020\/08\/cropped-Mesa-de-trabajo-1-100.jpg\",\"contentUrl\":\"https:\/\/explora.cl\/coquimbo\/wp-content\/uploads\/sites\/6\/2020\/08\/cropped-Mesa-de-trabajo-1-100.jpg\",\"width\":615,\"height\":576,\"caption\":\"Coquimbo\"},\"image\":{\"@id\":\"https:\/\/explora.cl\/coquimbo\/#\/schema\/logo\/image\/\"}},{\"@type\":\"Person\",\"@id\":\"https:\/\/explora.cl\/coquimbo\/#\/schema\/person\/c171f405669e4e4f7e56a099200d2fe6\",\"name\":\"jimartin\",\"image\":{\"@type\":\"ImageObject\",\"inLanguage\":\"es-CL\",\"@id\":\"https:\/\/explora.cl\/coquimbo\/#\/schema\/person\/image\/\",\"url\":\"https:\/\/secure.gravatar.com\/avatar\/8dfd7d14443934731a5aea629f40c1aceb42cc8b566a9926567e833c9d22b643?s=96&d=mm&r=g\",\"contentUrl\":\"https:\/\/secure.gravatar.com\/avatar\/8dfd7d14443934731a5aea629f40c1aceb42cc8b566a9926567e833c9d22b643?s=96&d=mm&r=g\",\"caption\":\"jimartin\"},\"url\":\"https:\/\/explora.cl\/coquimbo\/author\/jimartin\/\"}]}<\/script>\n<!-- \/ Yoast SEO plugin. -->","yoast_head_json":{"title":"Conversatorio de Ciencia Abierta: Conversando con Pescadores, Docentes y Cient\u00edficos - Coquimbo","robots":{"index":"index","follow":"follow","max-snippet":"max-snippet:-1","max-image-preview":"max-image-preview:large","max-video-preview":"max-video-preview:-1"},"canonical":"https:\/\/explora.cl\/coquimbo\/conversatorio-de-ciencia-abierta-conversando-con-pescadores-docentes-y-cientificos\/","og_locale":"es_ES","og_type":"article","og_title":"Conversatorio de Ciencia Abierta: Conversando con Pescadores, Docentes y Cient\u00edficos - Coquimbo","og_description":"Conversatorio de Ciencia Abierta: Conversando con Pescadores, Docentes y Cient\u00edficos","og_url":"https:\/\/explora.cl\/coquimbo\/conversatorio-de-ciencia-abierta-conversando-con-pescadores-docentes-y-cientificos\/","og_site_name":"Coquimbo","article_published_time":"2021-09-15T13:24:03+00:00","article_modified_time":"2021-10-12T20:49:49+00:00","og_image":[{"width":1920,"height":1080,"url":"https:\/\/explora.cl\/coquimbo\/wp-content\/uploads\/sites\/6\/2021\/09\/Sin-t\u00edtulo6.png","type":"image\/png"}],"author":"jimartin","twitter_card":"summary_large_image","twitter_misc":{"Escrito por":"jimartin","Tiempo estimado de lectura":"3 minutos"},"schema":{"@context":"https:\/\/schema.org","@graph":[{"@type":"Article","@id":"https:\/\/explora.cl\/coquimbo\/conversatorio-de-ciencia-abierta-conversando-con-pescadores-docentes-y-cientificos\/#article","isPartOf":{"@id":"https:\/\/explora.cl\/coquimbo\/conversatorio-de-ciencia-abierta-conversando-con-pescadores-docentes-y-cientificos\/"},"author":{"name":"jimartin","@id":"https:\/\/explora.cl\/coquimbo\/#\/schema\/person\/c171f405669e4e4f7e56a099200d2fe6"},"headline":"Conversatorio de Ciencia Abierta: Conversando con Pescadores, Docentes y Cient\u00edficos","datePublished":"2021-09-15T13:24:03+00:00","dateModified":"2021-10-12T20:49:49+00:00","mainEntityOfPage":{"@id":"https:\/\/explora.cl\/coquimbo\/conversatorio-de-ciencia-abierta-conversando-con-pescadores-docentes-y-cientificos\/"},"wordCount":666,"commentCount":0,"publisher":{"@id":"https:\/\/explora.cl\/coquimbo\/#organization"},"image":{"@id":"https:\/\/explora.cl\/coquimbo\/conversatorio-de-ciencia-abierta-conversando-con-pescadores-docentes-y-cientificos\/#primaryimage"},"thumbnailUrl":"https:\/\/explora.cl\/coquimbo\/wp-content\/uploads\/sites\/6\/2021\/09\/Sin-t\u00edtulo6.png","articleSection":["Noticias"],"inLanguage":"es-CL","potentialAction":[{"@type":"CommentAction","name":"Comment","target":["https:\/\/explora.cl\/coquimbo\/conversatorio-de-ciencia-abierta-conversando-con-pescadores-docentes-y-cientificos\/#respond"]}]},{"@type":"WebPage","@id":"https:\/\/explora.cl\/coquimbo\/conversatorio-de-ciencia-abierta-conversando-con-pescadores-docentes-y-cientificos\/","url":"https:\/\/explora.cl\/coquimbo\/conversatorio-de-ciencia-abierta-conversando-con-pescadores-docentes-y-cientificos\/","name":"Conversatorio de Ciencia Abierta: Conversando con Pescadores, Docentes y Cient\u00edficos - Coquimbo","isPartOf":{"@id":"https:\/\/explora.cl\/coquimbo\/#website"},"primaryImageOfPage":{"@id":"https:\/\/explora.cl\/coquimbo\/conversatorio-de-ciencia-abierta-conversando-con-pescadores-docentes-y-cientificos\/#primaryimage"},"image":{"@id":"https:\/\/explora.cl\/coquimbo\/conversatorio-de-ciencia-abierta-conversando-con-pescadores-docentes-y-cientificos\/#primaryimage"},"thumbnailUrl":"https:\/\/explora.cl\/coquimbo\/wp-content\/uploads\/sites\/6\/2021\/09\/Sin-t\u00edtulo6.png","datePublished":"2021-09-15T13:24:03+00:00","dateModified":"2021-10-12T20:49:49+00:00","breadcrumb":{"@id":"https:\/\/explora.cl\/coquimbo\/conversatorio-de-ciencia-abierta-conversando-con-pescadores-docentes-y-cientificos\/#breadcrumb"},"inLanguage":"es-CL","potentialAction":[{"@type":"ReadAction","target":["https:\/\/explora.cl\/coquimbo\/conversatorio-de-ciencia-abierta-conversando-con-pescadores-docentes-y-cientificos\/"]}]},{"@type":"ImageObject","inLanguage":"es-CL","@id":"https:\/\/explora.cl\/coquimbo\/conversatorio-de-ciencia-abierta-conversando-con-pescadores-docentes-y-cientificos\/#primaryimage","url":"https:\/\/explora.cl\/coquimbo\/wp-content\/uploads\/sites\/6\/2021\/09\/Sin-t\u00edtulo6.png","contentUrl":"https:\/\/explora.cl\/coquimbo\/wp-content\/uploads\/sites\/6\/2021\/09\/Sin-t\u00edtulo6.png","width":1920,"height":1080},{"@type":"BreadcrumbList","@id":"https:\/\/explora.cl\/coquimbo\/conversatorio-de-ciencia-abierta-conversando-con-pescadores-docentes-y-cientificos\/#breadcrumb","itemListElement":[{"@type":"ListItem","position":1,"name":"Portada","item":"https:\/\/explora.cl\/coquimbo\/"},{"@type":"ListItem","position":2,"name":"Conversatorio de Ciencia Abierta: Conversando con Pescadores, Docentes y Cient\u00edficos"}]},{"@type":"WebSite","@id":"https:\/\/explora.cl\/coquimbo\/#website","url":"https:\/\/explora.cl\/coquimbo\/","name":"Coquimbo","description":"Otro sitio m\u00e1s de explora.cl","publisher":{"@id":"https:\/\/explora.cl\/coquimbo\/#organization"},"potentialAction":[{"@type":"SearchAction","target":{"@type":"EntryPoint","urlTemplate":"https:\/\/explora.cl\/coquimbo\/?s={search_term_string}"},"query-input":{"@type":"PropertyValueSpecification","valueRequired":true,"valueName":"search_term_string"}}],"inLanguage":"es-CL"},{"@type":"Organization","@id":"https:\/\/explora.cl\/coquimbo\/#organization","name":"Coquimbo","url":"https:\/\/explora.cl\/coquimbo\/","logo":{"@type":"ImageObject","inLanguage":"es-CL","@id":"https:\/\/explora.cl\/coquimbo\/#\/schema\/logo\/image\/","url":"https:\/\/explora.cl\/coquimbo\/wp-content\/uploads\/sites\/6\/2020\/08\/cropped-Mesa-de-trabajo-1-100.jpg","contentUrl":"https:\/\/explora.cl\/coquimbo\/wp-content\/uploads\/sites\/6\/2020\/08\/cropped-Mesa-de-trabajo-1-100.jpg","width":615,"height":576,"caption":"Coquimbo"},"image":{"@id":"https:\/\/explora.cl\/coquimbo\/#\/schema\/logo\/image\/"}},{"@type":"Person","@id":"https:\/\/explora.cl\/coquimbo\/#\/schema\/person\/c171f405669e4e4f7e56a099200d2fe6","name":"jimartin","image":{"@type":"ImageObject","inLanguage":"es-CL","@id":"https:\/\/explora.cl\/coquimbo\/#\/schema\/person\/image\/","url":"https:\/\/secure.gravatar.com\/avatar\/8dfd7d14443934731a5aea629f40c1aceb42cc8b566a9926567e833c9d22b643?s=96&d=mm&r=g","contentUrl":"https:\/\/secure.gravatar.com\/avatar\/8dfd7d14443934731a5aea629f40c1aceb42cc8b566a9926567e833c9d22b643?s=96&d=mm&r=g","caption":"jimartin"},"url":"https:\/\/explora.cl\/coquimbo\/author\/jimartin\/"}]}},"_links":{"self":[{"href":"https:\/\/explora.cl\/coquimbo\/wp-json\/wp\/v2\/posts\/41740","targetHints":{"allow":["GET"]}}],"collection":[{"href":"https:\/\/explora.cl\/coquimbo\/wp-json\/wp\/v2\/posts"}],"about":[{"href":"https:\/\/explora.cl\/coquimbo\/wp-json\/wp\/v2\/types\/post"}],"author":[{"embeddable":true,"href":"https:\/\/explora.cl\/coquimbo\/wp-json\/wp\/v2\/users\/21"}],"replies":[{"embeddable":true,"href":"https:\/\/explora.cl\/coquimbo\/wp-json\/wp\/v2\/comments?post=41740"}],"version-history":[{"count":4,"href":"https:\/\/explora.cl\/coquimbo\/wp-json\/wp\/v2\/posts\/41740\/revisions"}],"predecessor-version":[{"id":41749,"href":"https:\/\/explora.cl\/coquimbo\/wp-json\/wp\/v2\/posts\/41740\/revisions\/41749"}],"wp:featuredmedia":[{"embeddable":true,"href":"https:\/\/explora.cl\/coquimbo\/wp-json\/wp\/v2\/media\/41742"}],"wp:attachment":[{"href":"https:\/\/explora.cl\/coquimbo\/wp-json\/wp\/v2\/media?parent=41740"}],"wp:term":[{"taxonomy":"category","embeddable":true,"href":"https:\/\/explora.cl\/coquimbo\/wp-json\/wp\/v2\/categories?post=41740"},{"taxonomy":"post_tag","embeddable":true,"href":"https:\/\/explora.cl\/coquimbo\/wp-json\/wp\/v2\/tags?post=41740"}],"curies":[{"name":"wp","href":"https:\/\/api.w.org\/{rel}","templated":true}]}}