{"id":41734,"date":"2021-09-14T12:46:34","date_gmt":"2021-09-14T15:46:34","guid":{"rendered":"https:\/\/explora.cl\/coquimbo\/?p=41734"},"modified":"2021-09-30T20:48:08","modified_gmt":"2021-09-30T23:48:08","slug":"cambio-climatico-en-el-mar-una-tormenta-que-avanza-con-fuerza-hacia-nuestro-presente","status":"publish","type":"post","link":"https:\/\/explora.cl\/coquimbo\/cambio-climatico-en-el-mar-una-tormenta-que-avanza-con-fuerza-hacia-nuestro-presente\/","title":{"rendered":"Cambio clim\u00e1tico en el mar: una \u201ctormenta\u201d que avanza con fuerza hacia nuestro presente"},"content":{"rendered":"<p style=\"text-align: justify\"><em>De forma menos evidente para nuestros ojos, los oc\u00e9anos tambi\u00e9n sufren con el cambio clim\u00e1tico. El aumento de la temperatura y la disminuci\u00f3n del ox\u00edgeno podr\u00eda causar, a futuro, una mortalidad masiva de algunas especies sensibles.<\/em><\/p>\n<p style=\"text-align: justify\">Sin duda, el cambio clim\u00e1tico nos preocupa, en especial, a la comunidad cient\u00edfica, pero tambi\u00e9n a todos\/a los ciudadanos\/as de a pie que vemos reiteradamente en las noticias c\u00f3mo algunas palabras se repiten: huracanes, sequ\u00eda, inundaciones, olas de calor, mega incendios, etc. Como se aprecia, lo que en un momento ve\u00edamos tan lejano, hoy lo tenemos all\u00ed, asom\u00e1ndose a la puerta de nuestras casas.<\/p>\n<p style=\"text-align: justify\">Pero, \u00bfqu\u00e9 pasa con los oc\u00e9anos? \u00bfTodo lo que le ocurre a la Tierra tiene alguna repercusi\u00f3n en las grandes extensiones de agua que cubren tres cuartas partes de la tierra? Claro que s\u00ed, y buscando obtener informaci\u00f3n actual al respecto, acudimos al <strong>ocean\u00f3grafo<\/strong> y acad\u00e9mico de la <a href=\"https:\/\/www.ucn.cl\/facultad-de-ciencias-del-mar\/\">Facultad de Ciencias del Mar<\/a> de la <a href=\"https:\/\/www.ucn.cl\/\">Universidad Cat\u00f3lica del Norte<\/a>, <strong>Dr. Marcel Ramos<\/strong>.<\/p>\n<p><strong>Manifestaciones oce\u00e1nicas<\/strong><\/p>\n<p style=\"text-align: justify\">Primeramente, el investigador comenta que los distintos informes recientes del Panel Intergubernamental sobre el Cambio Clim\u00e1tico de las Naciones Unidas (IPCC), han ratificado la influencia humana en el calentamiento de la atm\u00f3sfera y los oc\u00e9anos, \u201ccon enorme implicancia en el ciclo del agua, con reducciones dr\u00e1sticas de la cantidad de nieve y hielo que han afectado incluso la elevaci\u00f3n media del nivel del mar y ha provocado cambios en algunos fen\u00f3menos clim\u00e1ticos extremos\u201d, explica.<\/p>\n<p style=\"text-align: justify\">Esta intervenci\u00f3n humana, a partir de la emisi\u00f3n de gases de efecto invernadero a la atm\u00f3sfera, seg\u00fan precisa el investigador, \u201cha sido la causante dominante del calentamiento observado desde mediados del siglo XX, esto a trav\u00e9s de distintas manifestaciones oce\u00e1nicas y atmosf\u00e9ricas, que seguramente, se acentuar\u00e1n con el tiempo de acuerdo a las proyecciones clim\u00e1ticas de la comunidad cient\u00edfica\u201d.<\/p>\n<p style=\"text-align: justify\">\u00bfY c\u00f3mo son estas manifestaciones oce\u00e1nicas del cambio clim\u00e1tico? El Dr. Ramos explica que son diversas, desde las m\u00e1s evidentes y f\u00e1ciles de observar o medir, \u201cpor ejemplo, el <strong>aumento en la temperatura superficial del mar a nivel global, con aumento del contenido de calor oce\u00e1nico\u201d<\/strong>. Tambi\u00e9n, prosigue, otras evidencias se dan por el<strong> aumento del nivel medio del mar a escala global y el aumento de eventos extremos como marejadas y olas de calor marinas<\/strong>, \u201chasta otras manifestaciones o efectos m\u00e1s dif\u00edciles de observar, pero quiz\u00e1 con mayor consecuencia para los ecosistemas marinos como la <strong>disminuci\u00f3n del pH oce\u00e1nico y la disminuci\u00f3n de la concentraci\u00f3n de ox\u00edgeno disuelto en los oc\u00e9anos\u201d.<\/strong><\/p>\n<p style=\"text-align: justify\"><strong>Marejadas y falta de ox\u00edgeno en nuestras costas<\/strong><\/p>\n<p style=\"text-align: justify\">La costa de la Regi\u00f3n de Coquimbo, evidentemente, no ha estado al margen de estos cambios, \u00bfpero, qu\u00e9 signos nos permiten advertirlos? El investigador explica que lo m\u00e1s evidente que se ha podido percibir en los \u00faltimos a\u00f1os es \u201cel <strong>aumento en la frecuencia e intensidad de las marejadas<\/strong> que han afectado la costa, algunas de ellas <strong>en verano y generadas por tormentas remotas en zonas no habituales<\/strong>\u201d.<\/p>\n<p style=\"text-align: justify\">Sin embargo, el ocean\u00f3grafo comenta que<strong> lo m\u00e1s preocupante es lo que no estamos percibiendo directamente y mucho menos midiendo con rigurosidad cient\u00edfica<\/strong>, \u201cy que puede ser dram\u00e1tico para los ecosistemas marinos, particularmente en la regi\u00f3n, debido a que <strong>estamos afectados por una zona de m\u00ednimo ox\u00edgeno y tenemos un sistema de surgencia (ascenso a la superficie de masas de agua profundas -fr\u00edas y ricas en nutrientes-), debido al movimiento de aguas superficiales mar adentro, que pueden contribuir a que se produzcan eventos extremos de hipoxia (disminuci\u00f3n dr\u00e1stica del ox\u00edgeno disuelto) en los sistemas costeros circundantes<\/strong>\u201d.<\/p>\n<p style=\"text-align: justify\">\u00bfQu\u00e9 podr\u00eda ocurrir en este escenario? El Doctor explica que <strong>se podr\u00edan producir eventos m\u00e1s frecuentes de mortalidad masiva de algunas especies sensibles<\/strong>, \u201cproducto del agotamiento del ox\u00edgeno en estos ambientes productivos. Esto ya ha sido reportado en otros sistemas similares al chileno, espec\u00edficamente en Oreg\u00f3n, la costa occidental de EEUU\u201d, concluye.<\/p>\n","protected":false},"excerpt":{"rendered":"<p>Cambio clim\u00e1tico en el mar: una \u201ctormenta\u201d que avanza con fuerza hacia nuestro presente<\/p>\n","protected":false},"author":21,"featured_media":41735,"comment_status":"open","ping_status":"open","sticky":false,"template":"","format":"standard","meta":{"_acf_changed":false,"_exactmetrics_skip_tracking":false,"_exactmetrics_sitenote_active":false,"_exactmetrics_sitenote_note":"","_exactmetrics_sitenote_category":0,"footnotes":"","_links_to":"","_links_to_target":""},"categories":[143,4],"tags":[],"class_list":["post-41734","post","type-post","status-publish","format-standard","has-post-thumbnail","hentry","category-lugar-8","category-noticias"],"acf":[],"yoast_head":"<!-- This site is optimized with the Yoast SEO plugin v26.9 - https:\/\/yoast.com\/product\/yoast-seo-wordpress\/ -->\n<title>Cambio clim\u00e1tico en el mar: una \u201ctormenta\u201d que avanza con fuerza hacia nuestro presente - Coquimbo<\/title>\n<meta name=\"robots\" content=\"index, follow, max-snippet:-1, max-image-preview:large, max-video-preview:-1\" \/>\n<link rel=\"canonical\" href=\"https:\/\/explora.cl\/coquimbo\/cambio-climatico-en-el-mar-una-tormenta-que-avanza-con-fuerza-hacia-nuestro-presente\/\" class=\"yoast-seo-meta-tag\" \/>\n<meta property=\"og:locale\" content=\"es_ES\" class=\"yoast-seo-meta-tag\" \/>\n<meta property=\"og:type\" content=\"article\" class=\"yoast-seo-meta-tag\" \/>\n<meta property=\"og:title\" content=\"Cambio clim\u00e1tico en el mar: una \u201ctormenta\u201d que avanza con fuerza hacia nuestro presente - Coquimbo\" class=\"yoast-seo-meta-tag\" \/>\n<meta property=\"og:description\" content=\"Cambio clim\u00e1tico en el mar: una \u201ctormenta\u201d que avanza con fuerza hacia nuestro presente\" class=\"yoast-seo-meta-tag\" \/>\n<meta property=\"og:url\" content=\"https:\/\/explora.cl\/coquimbo\/cambio-climatico-en-el-mar-una-tormenta-que-avanza-con-fuerza-hacia-nuestro-presente\/\" class=\"yoast-seo-meta-tag\" \/>\n<meta property=\"og:site_name\" content=\"Coquimbo\" class=\"yoast-seo-meta-tag\" \/>\n<meta property=\"article:published_time\" content=\"2021-09-14T15:46:34+00:00\" class=\"yoast-seo-meta-tag\" \/>\n<meta property=\"article:modified_time\" content=\"2021-09-30T23:48:08+00:00\" class=\"yoast-seo-meta-tag\" \/>\n<meta property=\"og:image\" content=\"https:\/\/explora.cl\/coquimbo\/wp-content\/uploads\/sites\/6\/2021\/09\/closeup-2091831_1280-1.jpg\" class=\"yoast-seo-meta-tag\" \/>\n\t<meta property=\"og:image:width\" content=\"760\" class=\"yoast-seo-meta-tag\" \/>\n\t<meta property=\"og:image:height\" content=\"506\" class=\"yoast-seo-meta-tag\" \/>\n\t<meta property=\"og:image:type\" content=\"image\/jpeg\" class=\"yoast-seo-meta-tag\" \/>\n<meta name=\"author\" content=\"jimartin\" class=\"yoast-seo-meta-tag\" \/>\n<meta name=\"twitter:card\" content=\"summary_large_image\" class=\"yoast-seo-meta-tag\" \/>\n<meta name=\"twitter:label1\" content=\"Escrito por\" class=\"yoast-seo-meta-tag\" \/>\n\t<meta name=\"twitter:data1\" content=\"jimartin\" class=\"yoast-seo-meta-tag\" \/>\n\t<meta name=\"twitter:label2\" content=\"Tiempo estimado de lectura\" class=\"yoast-seo-meta-tag\" \/>\n\t<meta name=\"twitter:data2\" content=\"4 minutos\" class=\"yoast-seo-meta-tag\" \/>\n<script type=\"application\/ld+json\" class=\"yoast-schema-graph\">{\"@context\":\"https:\/\/schema.org\",\"@graph\":[{\"@type\":\"Article\",\"@id\":\"https:\/\/explora.cl\/coquimbo\/cambio-climatico-en-el-mar-una-tormenta-que-avanza-con-fuerza-hacia-nuestro-presente\/#article\",\"isPartOf\":{\"@id\":\"https:\/\/explora.cl\/coquimbo\/cambio-climatico-en-el-mar-una-tormenta-que-avanza-con-fuerza-hacia-nuestro-presente\/\"},\"author\":{\"name\":\"jimartin\",\"@id\":\"https:\/\/explora.cl\/coquimbo\/#\/schema\/person\/c171f405669e4e4f7e56a099200d2fe6\"},\"headline\":\"Cambio clim\u00e1tico en el mar: una \u201ctormenta\u201d que avanza con fuerza hacia nuestro presente\",\"datePublished\":\"2021-09-14T15:46:34+00:00\",\"dateModified\":\"2021-09-30T23:48:08+00:00\",\"mainEntityOfPage\":{\"@id\":\"https:\/\/explora.cl\/coquimbo\/cambio-climatico-en-el-mar-una-tormenta-que-avanza-con-fuerza-hacia-nuestro-presente\/\"},\"wordCount\":723,\"commentCount\":0,\"publisher\":{\"@id\":\"https:\/\/explora.cl\/coquimbo\/#organization\"},\"image\":{\"@id\":\"https:\/\/explora.cl\/coquimbo\/cambio-climatico-en-el-mar-una-tormenta-que-avanza-con-fuerza-hacia-nuestro-presente\/#primaryimage\"},\"thumbnailUrl\":\"https:\/\/explora.cl\/coquimbo\/wp-content\/uploads\/sites\/6\/2021\/09\/closeup-2091831_1280-1.jpg\",\"articleSection\":[\"Lugar 8\",\"Noticias\"],\"inLanguage\":\"es-CL\",\"potentialAction\":[{\"@type\":\"CommentAction\",\"name\":\"Comment\",\"target\":[\"https:\/\/explora.cl\/coquimbo\/cambio-climatico-en-el-mar-una-tormenta-que-avanza-con-fuerza-hacia-nuestro-presente\/#respond\"]}]},{\"@type\":\"WebPage\",\"@id\":\"https:\/\/explora.cl\/coquimbo\/cambio-climatico-en-el-mar-una-tormenta-que-avanza-con-fuerza-hacia-nuestro-presente\/\",\"url\":\"https:\/\/explora.cl\/coquimbo\/cambio-climatico-en-el-mar-una-tormenta-que-avanza-con-fuerza-hacia-nuestro-presente\/\",\"name\":\"Cambio clim\u00e1tico en el mar: una \u201ctormenta\u201d que avanza con fuerza hacia nuestro presente - Coquimbo\",\"isPartOf\":{\"@id\":\"https:\/\/explora.cl\/coquimbo\/#website\"},\"primaryImageOfPage\":{\"@id\":\"https:\/\/explora.cl\/coquimbo\/cambio-climatico-en-el-mar-una-tormenta-que-avanza-con-fuerza-hacia-nuestro-presente\/#primaryimage\"},\"image\":{\"@id\":\"https:\/\/explora.cl\/coquimbo\/cambio-climatico-en-el-mar-una-tormenta-que-avanza-con-fuerza-hacia-nuestro-presente\/#primaryimage\"},\"thumbnailUrl\":\"https:\/\/explora.cl\/coquimbo\/wp-content\/uploads\/sites\/6\/2021\/09\/closeup-2091831_1280-1.jpg\",\"datePublished\":\"2021-09-14T15:46:34+00:00\",\"dateModified\":\"2021-09-30T23:48:08+00:00\",\"breadcrumb\":{\"@id\":\"https:\/\/explora.cl\/coquimbo\/cambio-climatico-en-el-mar-una-tormenta-que-avanza-con-fuerza-hacia-nuestro-presente\/#breadcrumb\"},\"inLanguage\":\"es-CL\",\"potentialAction\":[{\"@type\":\"ReadAction\",\"target\":[\"https:\/\/explora.cl\/coquimbo\/cambio-climatico-en-el-mar-una-tormenta-que-avanza-con-fuerza-hacia-nuestro-presente\/\"]}]},{\"@type\":\"ImageObject\",\"inLanguage\":\"es-CL\",\"@id\":\"https:\/\/explora.cl\/coquimbo\/cambio-climatico-en-el-mar-una-tormenta-que-avanza-con-fuerza-hacia-nuestro-presente\/#primaryimage\",\"url\":\"https:\/\/explora.cl\/coquimbo\/wp-content\/uploads\/sites\/6\/2021\/09\/closeup-2091831_1280-1.jpg\",\"contentUrl\":\"https:\/\/explora.cl\/coquimbo\/wp-content\/uploads\/sites\/6\/2021\/09\/closeup-2091831_1280-1.jpg\",\"width\":760,\"height\":506},{\"@type\":\"BreadcrumbList\",\"@id\":\"https:\/\/explora.cl\/coquimbo\/cambio-climatico-en-el-mar-una-tormenta-que-avanza-con-fuerza-hacia-nuestro-presente\/#breadcrumb\",\"itemListElement\":[{\"@type\":\"ListItem\",\"position\":1,\"name\":\"Portada\",\"item\":\"https:\/\/explora.cl\/coquimbo\/\"},{\"@type\":\"ListItem\",\"position\":2,\"name\":\"Cambio clim\u00e1tico en el mar: una \u201ctormenta\u201d que avanza con fuerza hacia nuestro presente\"}]},{\"@type\":\"WebSite\",\"@id\":\"https:\/\/explora.cl\/coquimbo\/#website\",\"url\":\"https:\/\/explora.cl\/coquimbo\/\",\"name\":\"Coquimbo\",\"description\":\"Otro sitio m\u00e1s de explora.cl\",\"publisher\":{\"@id\":\"https:\/\/explora.cl\/coquimbo\/#organization\"},\"potentialAction\":[{\"@type\":\"SearchAction\",\"target\":{\"@type\":\"EntryPoint\",\"urlTemplate\":\"https:\/\/explora.cl\/coquimbo\/?s={search_term_string}\"},\"query-input\":{\"@type\":\"PropertyValueSpecification\",\"valueRequired\":true,\"valueName\":\"search_term_string\"}}],\"inLanguage\":\"es-CL\"},{\"@type\":\"Organization\",\"@id\":\"https:\/\/explora.cl\/coquimbo\/#organization\",\"name\":\"Coquimbo\",\"url\":\"https:\/\/explora.cl\/coquimbo\/\",\"logo\":{\"@type\":\"ImageObject\",\"inLanguage\":\"es-CL\",\"@id\":\"https:\/\/explora.cl\/coquimbo\/#\/schema\/logo\/image\/\",\"url\":\"https:\/\/explora.cl\/coquimbo\/wp-content\/uploads\/sites\/6\/2020\/08\/cropped-Mesa-de-trabajo-1-100.jpg\",\"contentUrl\":\"https:\/\/explora.cl\/coquimbo\/wp-content\/uploads\/sites\/6\/2020\/08\/cropped-Mesa-de-trabajo-1-100.jpg\",\"width\":615,\"height\":576,\"caption\":\"Coquimbo\"},\"image\":{\"@id\":\"https:\/\/explora.cl\/coquimbo\/#\/schema\/logo\/image\/\"}},{\"@type\":\"Person\",\"@id\":\"https:\/\/explora.cl\/coquimbo\/#\/schema\/person\/c171f405669e4e4f7e56a099200d2fe6\",\"name\":\"jimartin\",\"image\":{\"@type\":\"ImageObject\",\"inLanguage\":\"es-CL\",\"@id\":\"https:\/\/explora.cl\/coquimbo\/#\/schema\/person\/image\/\",\"url\":\"https:\/\/secure.gravatar.com\/avatar\/8dfd7d14443934731a5aea629f40c1aceb42cc8b566a9926567e833c9d22b643?s=96&d=mm&r=g\",\"contentUrl\":\"https:\/\/secure.gravatar.com\/avatar\/8dfd7d14443934731a5aea629f40c1aceb42cc8b566a9926567e833c9d22b643?s=96&d=mm&r=g\",\"caption\":\"jimartin\"},\"url\":\"https:\/\/explora.cl\/coquimbo\/author\/jimartin\/\"}]}<\/script>\n<!-- \/ Yoast SEO plugin. -->","yoast_head_json":{"title":"Cambio clim\u00e1tico en el mar: una \u201ctormenta\u201d que avanza con fuerza hacia nuestro presente - Coquimbo","robots":{"index":"index","follow":"follow","max-snippet":"max-snippet:-1","max-image-preview":"max-image-preview:large","max-video-preview":"max-video-preview:-1"},"canonical":"https:\/\/explora.cl\/coquimbo\/cambio-climatico-en-el-mar-una-tormenta-que-avanza-con-fuerza-hacia-nuestro-presente\/","og_locale":"es_ES","og_type":"article","og_title":"Cambio clim\u00e1tico en el mar: una \u201ctormenta\u201d que avanza con fuerza hacia nuestro presente - Coquimbo","og_description":"Cambio clim\u00e1tico en el mar: una \u201ctormenta\u201d que avanza con fuerza hacia nuestro presente","og_url":"https:\/\/explora.cl\/coquimbo\/cambio-climatico-en-el-mar-una-tormenta-que-avanza-con-fuerza-hacia-nuestro-presente\/","og_site_name":"Coquimbo","article_published_time":"2021-09-14T15:46:34+00:00","article_modified_time":"2021-09-30T23:48:08+00:00","og_image":[{"width":760,"height":506,"url":"https:\/\/explora.cl\/coquimbo\/wp-content\/uploads\/sites\/6\/2021\/09\/closeup-2091831_1280-1.jpg","type":"image\/jpeg"}],"author":"jimartin","twitter_card":"summary_large_image","twitter_misc":{"Escrito por":"jimartin","Tiempo estimado de lectura":"4 minutos"},"schema":{"@context":"https:\/\/schema.org","@graph":[{"@type":"Article","@id":"https:\/\/explora.cl\/coquimbo\/cambio-climatico-en-el-mar-una-tormenta-que-avanza-con-fuerza-hacia-nuestro-presente\/#article","isPartOf":{"@id":"https:\/\/explora.cl\/coquimbo\/cambio-climatico-en-el-mar-una-tormenta-que-avanza-con-fuerza-hacia-nuestro-presente\/"},"author":{"name":"jimartin","@id":"https:\/\/explora.cl\/coquimbo\/#\/schema\/person\/c171f405669e4e4f7e56a099200d2fe6"},"headline":"Cambio clim\u00e1tico en el mar: una \u201ctormenta\u201d que avanza con fuerza hacia nuestro presente","datePublished":"2021-09-14T15:46:34+00:00","dateModified":"2021-09-30T23:48:08+00:00","mainEntityOfPage":{"@id":"https:\/\/explora.cl\/coquimbo\/cambio-climatico-en-el-mar-una-tormenta-que-avanza-con-fuerza-hacia-nuestro-presente\/"},"wordCount":723,"commentCount":0,"publisher":{"@id":"https:\/\/explora.cl\/coquimbo\/#organization"},"image":{"@id":"https:\/\/explora.cl\/coquimbo\/cambio-climatico-en-el-mar-una-tormenta-que-avanza-con-fuerza-hacia-nuestro-presente\/#primaryimage"},"thumbnailUrl":"https:\/\/explora.cl\/coquimbo\/wp-content\/uploads\/sites\/6\/2021\/09\/closeup-2091831_1280-1.jpg","articleSection":["Lugar 8","Noticias"],"inLanguage":"es-CL","potentialAction":[{"@type":"CommentAction","name":"Comment","target":["https:\/\/explora.cl\/coquimbo\/cambio-climatico-en-el-mar-una-tormenta-que-avanza-con-fuerza-hacia-nuestro-presente\/#respond"]}]},{"@type":"WebPage","@id":"https:\/\/explora.cl\/coquimbo\/cambio-climatico-en-el-mar-una-tormenta-que-avanza-con-fuerza-hacia-nuestro-presente\/","url":"https:\/\/explora.cl\/coquimbo\/cambio-climatico-en-el-mar-una-tormenta-que-avanza-con-fuerza-hacia-nuestro-presente\/","name":"Cambio clim\u00e1tico en el mar: una \u201ctormenta\u201d que avanza con fuerza hacia nuestro presente - Coquimbo","isPartOf":{"@id":"https:\/\/explora.cl\/coquimbo\/#website"},"primaryImageOfPage":{"@id":"https:\/\/explora.cl\/coquimbo\/cambio-climatico-en-el-mar-una-tormenta-que-avanza-con-fuerza-hacia-nuestro-presente\/#primaryimage"},"image":{"@id":"https:\/\/explora.cl\/coquimbo\/cambio-climatico-en-el-mar-una-tormenta-que-avanza-con-fuerza-hacia-nuestro-presente\/#primaryimage"},"thumbnailUrl":"https:\/\/explora.cl\/coquimbo\/wp-content\/uploads\/sites\/6\/2021\/09\/closeup-2091831_1280-1.jpg","datePublished":"2021-09-14T15:46:34+00:00","dateModified":"2021-09-30T23:48:08+00:00","breadcrumb":{"@id":"https:\/\/explora.cl\/coquimbo\/cambio-climatico-en-el-mar-una-tormenta-que-avanza-con-fuerza-hacia-nuestro-presente\/#breadcrumb"},"inLanguage":"es-CL","potentialAction":[{"@type":"ReadAction","target":["https:\/\/explora.cl\/coquimbo\/cambio-climatico-en-el-mar-una-tormenta-que-avanza-con-fuerza-hacia-nuestro-presente\/"]}]},{"@type":"ImageObject","inLanguage":"es-CL","@id":"https:\/\/explora.cl\/coquimbo\/cambio-climatico-en-el-mar-una-tormenta-que-avanza-con-fuerza-hacia-nuestro-presente\/#primaryimage","url":"https:\/\/explora.cl\/coquimbo\/wp-content\/uploads\/sites\/6\/2021\/09\/closeup-2091831_1280-1.jpg","contentUrl":"https:\/\/explora.cl\/coquimbo\/wp-content\/uploads\/sites\/6\/2021\/09\/closeup-2091831_1280-1.jpg","width":760,"height":506},{"@type":"BreadcrumbList","@id":"https:\/\/explora.cl\/coquimbo\/cambio-climatico-en-el-mar-una-tormenta-que-avanza-con-fuerza-hacia-nuestro-presente\/#breadcrumb","itemListElement":[{"@type":"ListItem","position":1,"name":"Portada","item":"https:\/\/explora.cl\/coquimbo\/"},{"@type":"ListItem","position":2,"name":"Cambio clim\u00e1tico en el mar: una \u201ctormenta\u201d que avanza con fuerza hacia nuestro presente"}]},{"@type":"WebSite","@id":"https:\/\/explora.cl\/coquimbo\/#website","url":"https:\/\/explora.cl\/coquimbo\/","name":"Coquimbo","description":"Otro sitio m\u00e1s de explora.cl","publisher":{"@id":"https:\/\/explora.cl\/coquimbo\/#organization"},"potentialAction":[{"@type":"SearchAction","target":{"@type":"EntryPoint","urlTemplate":"https:\/\/explora.cl\/coquimbo\/?s={search_term_string}"},"query-input":{"@type":"PropertyValueSpecification","valueRequired":true,"valueName":"search_term_string"}}],"inLanguage":"es-CL"},{"@type":"Organization","@id":"https:\/\/explora.cl\/coquimbo\/#organization","name":"Coquimbo","url":"https:\/\/explora.cl\/coquimbo\/","logo":{"@type":"ImageObject","inLanguage":"es-CL","@id":"https:\/\/explora.cl\/coquimbo\/#\/schema\/logo\/image\/","url":"https:\/\/explora.cl\/coquimbo\/wp-content\/uploads\/sites\/6\/2020\/08\/cropped-Mesa-de-trabajo-1-100.jpg","contentUrl":"https:\/\/explora.cl\/coquimbo\/wp-content\/uploads\/sites\/6\/2020\/08\/cropped-Mesa-de-trabajo-1-100.jpg","width":615,"height":576,"caption":"Coquimbo"},"image":{"@id":"https:\/\/explora.cl\/coquimbo\/#\/schema\/logo\/image\/"}},{"@type":"Person","@id":"https:\/\/explora.cl\/coquimbo\/#\/schema\/person\/c171f405669e4e4f7e56a099200d2fe6","name":"jimartin","image":{"@type":"ImageObject","inLanguage":"es-CL","@id":"https:\/\/explora.cl\/coquimbo\/#\/schema\/person\/image\/","url":"https:\/\/secure.gravatar.com\/avatar\/8dfd7d14443934731a5aea629f40c1aceb42cc8b566a9926567e833c9d22b643?s=96&d=mm&r=g","contentUrl":"https:\/\/secure.gravatar.com\/avatar\/8dfd7d14443934731a5aea629f40c1aceb42cc8b566a9926567e833c9d22b643?s=96&d=mm&r=g","caption":"jimartin"},"url":"https:\/\/explora.cl\/coquimbo\/author\/jimartin\/"}]}},"_links":{"self":[{"href":"https:\/\/explora.cl\/coquimbo\/wp-json\/wp\/v2\/posts\/41734","targetHints":{"allow":["GET"]}}],"collection":[{"href":"https:\/\/explora.cl\/coquimbo\/wp-json\/wp\/v2\/posts"}],"about":[{"href":"https:\/\/explora.cl\/coquimbo\/wp-json\/wp\/v2\/types\/post"}],"author":[{"embeddable":true,"href":"https:\/\/explora.cl\/coquimbo\/wp-json\/wp\/v2\/users\/21"}],"replies":[{"embeddable":true,"href":"https:\/\/explora.cl\/coquimbo\/wp-json\/wp\/v2\/comments?post=41734"}],"version-history":[{"count":3,"href":"https:\/\/explora.cl\/coquimbo\/wp-json\/wp\/v2\/posts\/41734\/revisions"}],"predecessor-version":[{"id":41738,"href":"https:\/\/explora.cl\/coquimbo\/wp-json\/wp\/v2\/posts\/41734\/revisions\/41738"}],"wp:featuredmedia":[{"embeddable":true,"href":"https:\/\/explora.cl\/coquimbo\/wp-json\/wp\/v2\/media\/41735"}],"wp:attachment":[{"href":"https:\/\/explora.cl\/coquimbo\/wp-json\/wp\/v2\/media?parent=41734"}],"wp:term":[{"taxonomy":"category","embeddable":true,"href":"https:\/\/explora.cl\/coquimbo\/wp-json\/wp\/v2\/categories?post=41734"},{"taxonomy":"post_tag","embeddable":true,"href":"https:\/\/explora.cl\/coquimbo\/wp-json\/wp\/v2\/tags?post=41734"}],"curies":[{"name":"wp","href":"https:\/\/api.w.org\/{rel}","templated":true}]}}