{"id":41686,"date":"2021-08-23T09:00:06","date_gmt":"2021-08-23T13:00:06","guid":{"rendered":"https:\/\/explora.cl\/coquimbo\/?p=41686"},"modified":"2021-09-29T12:09:30","modified_gmt":"2021-09-29T15:09:30","slug":"congreso-regional-explora-de-investigacion-e-innovacion-escolar-abre-su-convocatoria-2021","status":"publish","type":"post","link":"https:\/\/explora.cl\/coquimbo\/congreso-regional-explora-de-investigacion-e-innovacion-escolar-abre-su-convocatoria-2021\/","title":{"rendered":"Congreso Regional Explora de Investigaci\u00f3n e Innovaci\u00f3n Escolar abre su convocatoria 2021"},"content":{"rendered":"<p style=\"text-align: justify\"><em>El plazo para presentar los formularios de inscripci\u00f3n vence el <\/em>viernes 8 de octubre<em>.<\/em><\/p>\n<p style=\"text-align: justify\"><strong>\u00bfC\u00f3mo se han adaptado docentes y estudiantes para para investigar en tiempos de pandemia? \u00bfExisten instancias para que den a conocer sus trabajos con otros\/as pares?<\/strong> Precisamente, para responder a estas interrogantes y para visibilizar la investigaci\u00f3n escolar de la zona, el Proyecto Explora Coquimbo del Ministerio de Ciencia, y ejecutado por la Universidad Cat\u00f3lica del Norte, convoca al Congreso Regional Explora de Investigaci\u00f3n e Innovaci\u00f3n Escolar.<\/p>\n<p style=\"text-align: justify\">El Congreso, que <strong>se realizar\u00e1 de forma virtual entre el 9 y 12 de noviembre<\/strong> del presente a\u00f1o, se constituye como un espacio de socializaci\u00f3n donde estudiantes de ense\u00f1anza b\u00e1sica y media, adem\u00e1s de fundaciones, universidades y otras entidades donde se realice investigaci\u00f3n e innovaci\u00f3n escolar, pueden presentan los resultados de sus proyectos de investigaci\u00f3n o innovaci\u00f3n escolar; compartiendo, conociendo e interactuando con ni\u00f1os, ni\u00f1as y j\u00f3venes de diversos lugares y contextos. Adem\u00e1s, el evento es la instancia donde se seleccionar\u00e1n a los equipos que representar\u00e1n a la regi\u00f3n en el Congreso Nacional Explora de Investigaci\u00f3n e Innovaci\u00f3n Escolar.<\/p>\n<p style=\"text-align: justify\"><strong>\u00bfQui\u00e9nes pueden participar?<\/strong> Se convoca a <strong>equipos<\/strong> conformados por <strong>estudiantes<\/strong> de <strong>5\u00b0 a\u00f1o b\u00e1sico a 4\u00b0 a\u00f1o medio<\/strong> de establecimientos p\u00fablicos, particulares subvencionados y particulares pagados u otra entidad (fundaciones, universidades, u otros\/as afines), y tambi\u00e9n, equipos que est\u00e9n en la modalidad &#8220;aprendizaje en casa&#8221; que hayan desarrollado proyectos de investigaci\u00f3n o innovaci\u00f3n escolar. Los <strong>equipos, liderados por un docente gu\u00eda<\/strong>, deber\u00e1n <strong>haber concluido el proceso de investigaci\u00f3n o innovaci\u00f3n<\/strong> (seg\u00fan indica el formulario \u00fanico de postulaci\u00f3n) <strong>previo a realizar la postulaci\u00f3n<\/strong>, y tambi\u00e9n, <strong>cumplir con los requisitos<\/strong> indicados en las presentes bases.<\/p>\n<p style=\"text-align: justify\"><strong>\u00bfHasta cu\u00e1ndo se puede postular?<\/strong> La convocatoria del Congreso Regional Explora de Investigaci\u00f3n e Innovaci\u00f3n Escolar estar\u00e1 disponible a contar de hoy hasta el viernes 8 de octubre de 2021. Los interesados e interesadas deben completar el formulario de postulaci\u00f3n, con todos los documentos correspondientes, en el siguiente enlace: <a href=\"https:\/\/forms.gle\/h12jYFvRjT2Q3Gdw6\">https:\/\/forms.gle\/h12jYFvRjT2Q3Gdw6<\/a><\/p>\n<p style=\"text-align: justify\"><strong>\u00bfD\u00f3nde hacer consultas?<\/strong> Ante dudas respecto a la postulaci\u00f3n, se puede enviar un correo a: <a href=\"mailto:convocatorias.explora.coquimbo@gmail.com\">convocatorias.explora.coquimbo@gmail.com<\/a><\/p>\n<p style=\"text-align: justify\"><strong>\u00bfC\u00f3mo obtener los documentos para postular?<\/strong> Las bases, formularios y anexos para postular a la actividad se pueden descargar a continuaci\u00f3n:<\/p>\n<ol>\n<li>\n<h3><a href=\"https:\/\/explora.cl\/coquimbo\/wp-content\/uploads\/sites\/6\/2021\/08\/Bases-de-postulaci\u00f3n-Congresos-Regionales-2021.pdf\">Bases de postulaci\u00f3n Congresos Regionales 2021<\/a><\/h3>\n<\/li>\n<li>\n<h3><a href=\"https:\/\/explora.cl\/coquimbo\/wp-content\/uploads\/sites\/6\/2021\/08\/Especificaciones-Congreso-Regional-PAR-Explora-Coquimbo.pdf\">Especificaciones Congreso Regional PAR Explora Coquimbo<\/a><\/h3>\n<\/li>\n<li>\n<h3><a href=\"https:\/\/explora.cl\/coquimbo\/wp-content\/uploads\/sites\/6\/2021\/08\/Formulario-\u00danico-Postulacion-Congreso-Regional.docx\">Formulario \u00danico Postulacion &#8211; Congreso Regional<\/a><\/h3>\n<\/li>\n<li>\n<h3>.<a href=\"https:\/\/explora.cl\/coquimbo\/wp-content\/uploads\/sites\/6\/2021\/08\/Anexos-Obligatorios-Congreso-Regional-Coquimbo-2021-copia.docx\">Anexos Obligatorios &#8211; Congreso Regional Coquimbo 2021 &#8211; copia<\/a><\/h3>\n<\/li>\n<li>\n<h3><a href=\"https:\/\/explora.cl\/coquimbo\/wp-content\/uploads\/sites\/6\/2021\/08\/Anexos-Complementarios-Congreso-Regional-Coquimbo-2021.docx\">Anexos Complementarios &#8211; Congreso Regional Coquimbo 2021<\/a><\/h3>\n<\/li>\n<\/ol>\n","protected":false},"excerpt":{"rendered":"<p>Congreso Regional Explora de Investigaci\u00f3n e Innovaci\u00f3n Escolar abre su convocatoria 2021<\/p>\n","protected":false},"author":21,"featured_media":41687,"comment_status":"open","ping_status":"open","sticky":false,"template":"","format":"standard","meta":{"_acf_changed":false,"_exactmetrics_skip_tracking":false,"_exactmetrics_sitenote_active":false,"_exactmetrics_sitenote_note":"","_exactmetrics_sitenote_category":0,"footnotes":"","_links_to":"","_links_to_target":""},"categories":[143,4],"tags":[],"class_list":["post-41686","post","type-post","status-publish","format-standard","has-post-thumbnail","hentry","category-lugar-8","category-noticias"],"acf":[],"yoast_head":"<!-- This site is optimized with the Yoast SEO plugin v26.9 - https:\/\/yoast.com\/product\/yoast-seo-wordpress\/ -->\n<title>Congreso Regional Explora de Investigaci\u00f3n e Innovaci\u00f3n Escolar abre su convocatoria 2021 - Coquimbo<\/title>\n<meta name=\"robots\" content=\"index, follow, max-snippet:-1, max-image-preview:large, max-video-preview:-1\" \/>\n<link rel=\"canonical\" href=\"https:\/\/explora.cl\/coquimbo\/congreso-regional-explora-de-investigacion-e-innovacion-escolar-abre-su-convocatoria-2021\/\" class=\"yoast-seo-meta-tag\" \/>\n<meta property=\"og:locale\" content=\"es_ES\" class=\"yoast-seo-meta-tag\" \/>\n<meta property=\"og:type\" content=\"article\" class=\"yoast-seo-meta-tag\" \/>\n<meta property=\"og:title\" content=\"Congreso Regional Explora de Investigaci\u00f3n e Innovaci\u00f3n Escolar abre su convocatoria 2021 - Coquimbo\" class=\"yoast-seo-meta-tag\" \/>\n<meta property=\"og:description\" content=\"Congreso Regional Explora de Investigaci\u00f3n e Innovaci\u00f3n Escolar abre su convocatoria 2021\" class=\"yoast-seo-meta-tag\" \/>\n<meta property=\"og:url\" content=\"https:\/\/explora.cl\/coquimbo\/congreso-regional-explora-de-investigacion-e-innovacion-escolar-abre-su-convocatoria-2021\/\" class=\"yoast-seo-meta-tag\" \/>\n<meta property=\"og:site_name\" content=\"Coquimbo\" class=\"yoast-seo-meta-tag\" \/>\n<meta property=\"article:published_time\" content=\"2021-08-23T13:00:06+00:00\" class=\"yoast-seo-meta-tag\" \/>\n<meta property=\"article:modified_time\" content=\"2021-09-29T15:09:30+00:00\" class=\"yoast-seo-meta-tag\" \/>\n<meta property=\"og:image\" content=\"https:\/\/explora.cl\/coquimbo\/wp-content\/uploads\/sites\/6\/2021\/08\/conv-equipos_Banner-WEB.jpg\" class=\"yoast-seo-meta-tag\" \/>\n\t<meta property=\"og:image:width\" content=\"1110\" class=\"yoast-seo-meta-tag\" \/>\n\t<meta property=\"og:image:height\" content=\"716\" class=\"yoast-seo-meta-tag\" \/>\n\t<meta property=\"og:image:type\" content=\"image\/jpeg\" class=\"yoast-seo-meta-tag\" \/>\n<meta name=\"author\" content=\"jimartin\" class=\"yoast-seo-meta-tag\" \/>\n<meta name=\"twitter:card\" content=\"summary_large_image\" class=\"yoast-seo-meta-tag\" \/>\n<meta name=\"twitter:label1\" content=\"Escrito por\" class=\"yoast-seo-meta-tag\" \/>\n\t<meta name=\"twitter:data1\" content=\"jimartin\" class=\"yoast-seo-meta-tag\" \/>\n\t<meta name=\"twitter:label2\" content=\"Tiempo estimado de lectura\" class=\"yoast-seo-meta-tag\" \/>\n\t<meta name=\"twitter:data2\" content=\"2 minutos\" class=\"yoast-seo-meta-tag\" \/>\n<script type=\"application\/ld+json\" class=\"yoast-schema-graph\">{\"@context\":\"https:\/\/schema.org\",\"@graph\":[{\"@type\":\"Article\",\"@id\":\"https:\/\/explora.cl\/coquimbo\/congreso-regional-explora-de-investigacion-e-innovacion-escolar-abre-su-convocatoria-2021\/#article\",\"isPartOf\":{\"@id\":\"https:\/\/explora.cl\/coquimbo\/congreso-regional-explora-de-investigacion-e-innovacion-escolar-abre-su-convocatoria-2021\/\"},\"author\":{\"name\":\"jimartin\",\"@id\":\"https:\/\/explora.cl\/coquimbo\/#\/schema\/person\/c171f405669e4e4f7e56a099200d2fe6\"},\"headline\":\"Congreso Regional Explora de Investigaci\u00f3n e Innovaci\u00f3n Escolar abre su convocatoria 2021\",\"datePublished\":\"2021-08-23T13:00:06+00:00\",\"dateModified\":\"2021-09-29T15:09:30+00:00\",\"mainEntityOfPage\":{\"@id\":\"https:\/\/explora.cl\/coquimbo\/congreso-regional-explora-de-investigacion-e-innovacion-escolar-abre-su-convocatoria-2021\/\"},\"wordCount\":459,\"commentCount\":0,\"publisher\":{\"@id\":\"https:\/\/explora.cl\/coquimbo\/#organization\"},\"image\":{\"@id\":\"https:\/\/explora.cl\/coquimbo\/congreso-regional-explora-de-investigacion-e-innovacion-escolar-abre-su-convocatoria-2021\/#primaryimage\"},\"thumbnailUrl\":\"https:\/\/explora.cl\/coquimbo\/wp-content\/uploads\/sites\/6\/2021\/08\/conv-equipos_Banner-WEB.jpg\",\"articleSection\":[\"Lugar 8\",\"Noticias\"],\"inLanguage\":\"es-CL\",\"potentialAction\":[{\"@type\":\"CommentAction\",\"name\":\"Comment\",\"target\":[\"https:\/\/explora.cl\/coquimbo\/congreso-regional-explora-de-investigacion-e-innovacion-escolar-abre-su-convocatoria-2021\/#respond\"]}]},{\"@type\":\"WebPage\",\"@id\":\"https:\/\/explora.cl\/coquimbo\/congreso-regional-explora-de-investigacion-e-innovacion-escolar-abre-su-convocatoria-2021\/\",\"url\":\"https:\/\/explora.cl\/coquimbo\/congreso-regional-explora-de-investigacion-e-innovacion-escolar-abre-su-convocatoria-2021\/\",\"name\":\"Congreso Regional Explora de Investigaci\u00f3n e Innovaci\u00f3n Escolar abre su convocatoria 2021 - Coquimbo\",\"isPartOf\":{\"@id\":\"https:\/\/explora.cl\/coquimbo\/#website\"},\"primaryImageOfPage\":{\"@id\":\"https:\/\/explora.cl\/coquimbo\/congreso-regional-explora-de-investigacion-e-innovacion-escolar-abre-su-convocatoria-2021\/#primaryimage\"},\"image\":{\"@id\":\"https:\/\/explora.cl\/coquimbo\/congreso-regional-explora-de-investigacion-e-innovacion-escolar-abre-su-convocatoria-2021\/#primaryimage\"},\"thumbnailUrl\":\"https:\/\/explora.cl\/coquimbo\/wp-content\/uploads\/sites\/6\/2021\/08\/conv-equipos_Banner-WEB.jpg\",\"datePublished\":\"2021-08-23T13:00:06+00:00\",\"dateModified\":\"2021-09-29T15:09:30+00:00\",\"breadcrumb\":{\"@id\":\"https:\/\/explora.cl\/coquimbo\/congreso-regional-explora-de-investigacion-e-innovacion-escolar-abre-su-convocatoria-2021\/#breadcrumb\"},\"inLanguage\":\"es-CL\",\"potentialAction\":[{\"@type\":\"ReadAction\",\"target\":[\"https:\/\/explora.cl\/coquimbo\/congreso-regional-explora-de-investigacion-e-innovacion-escolar-abre-su-convocatoria-2021\/\"]}]},{\"@type\":\"ImageObject\",\"inLanguage\":\"es-CL\",\"@id\":\"https:\/\/explora.cl\/coquimbo\/congreso-regional-explora-de-investigacion-e-innovacion-escolar-abre-su-convocatoria-2021\/#primaryimage\",\"url\":\"https:\/\/explora.cl\/coquimbo\/wp-content\/uploads\/sites\/6\/2021\/08\/conv-equipos_Banner-WEB.jpg\",\"contentUrl\":\"https:\/\/explora.cl\/coquimbo\/wp-content\/uploads\/sites\/6\/2021\/08\/conv-equipos_Banner-WEB.jpg\",\"width\":1110,\"height\":716},{\"@type\":\"BreadcrumbList\",\"@id\":\"https:\/\/explora.cl\/coquimbo\/congreso-regional-explora-de-investigacion-e-innovacion-escolar-abre-su-convocatoria-2021\/#breadcrumb\",\"itemListElement\":[{\"@type\":\"ListItem\",\"position\":1,\"name\":\"Portada\",\"item\":\"https:\/\/explora.cl\/coquimbo\/\"},{\"@type\":\"ListItem\",\"position\":2,\"name\":\"Congreso Regional Explora de Investigaci\u00f3n e Innovaci\u00f3n Escolar abre su convocatoria 2021\"}]},{\"@type\":\"WebSite\",\"@id\":\"https:\/\/explora.cl\/coquimbo\/#website\",\"url\":\"https:\/\/explora.cl\/coquimbo\/\",\"name\":\"Coquimbo\",\"description\":\"Otro sitio m\u00e1s de explora.cl\",\"publisher\":{\"@id\":\"https:\/\/explora.cl\/coquimbo\/#organization\"},\"potentialAction\":[{\"@type\":\"SearchAction\",\"target\":{\"@type\":\"EntryPoint\",\"urlTemplate\":\"https:\/\/explora.cl\/coquimbo\/?s={search_term_string}\"},\"query-input\":{\"@type\":\"PropertyValueSpecification\",\"valueRequired\":true,\"valueName\":\"search_term_string\"}}],\"inLanguage\":\"es-CL\"},{\"@type\":\"Organization\",\"@id\":\"https:\/\/explora.cl\/coquimbo\/#organization\",\"name\":\"Coquimbo\",\"url\":\"https:\/\/explora.cl\/coquimbo\/\",\"logo\":{\"@type\":\"ImageObject\",\"inLanguage\":\"es-CL\",\"@id\":\"https:\/\/explora.cl\/coquimbo\/#\/schema\/logo\/image\/\",\"url\":\"https:\/\/explora.cl\/coquimbo\/wp-content\/uploads\/sites\/6\/2020\/08\/cropped-Mesa-de-trabajo-1-100.jpg\",\"contentUrl\":\"https:\/\/explora.cl\/coquimbo\/wp-content\/uploads\/sites\/6\/2020\/08\/cropped-Mesa-de-trabajo-1-100.jpg\",\"width\":615,\"height\":576,\"caption\":\"Coquimbo\"},\"image\":{\"@id\":\"https:\/\/explora.cl\/coquimbo\/#\/schema\/logo\/image\/\"}},{\"@type\":\"Person\",\"@id\":\"https:\/\/explora.cl\/coquimbo\/#\/schema\/person\/c171f405669e4e4f7e56a099200d2fe6\",\"name\":\"jimartin\",\"image\":{\"@type\":\"ImageObject\",\"inLanguage\":\"es-CL\",\"@id\":\"https:\/\/explora.cl\/coquimbo\/#\/schema\/person\/image\/\",\"url\":\"https:\/\/secure.gravatar.com\/avatar\/8dfd7d14443934731a5aea629f40c1aceb42cc8b566a9926567e833c9d22b643?s=96&d=mm&r=g\",\"contentUrl\":\"https:\/\/secure.gravatar.com\/avatar\/8dfd7d14443934731a5aea629f40c1aceb42cc8b566a9926567e833c9d22b643?s=96&d=mm&r=g\",\"caption\":\"jimartin\"},\"url\":\"https:\/\/explora.cl\/coquimbo\/author\/jimartin\/\"}]}<\/script>\n<!-- \/ Yoast SEO plugin. -->","yoast_head_json":{"title":"Congreso Regional Explora de Investigaci\u00f3n e Innovaci\u00f3n Escolar abre su convocatoria 2021 - Coquimbo","robots":{"index":"index","follow":"follow","max-snippet":"max-snippet:-1","max-image-preview":"max-image-preview:large","max-video-preview":"max-video-preview:-1"},"canonical":"https:\/\/explora.cl\/coquimbo\/congreso-regional-explora-de-investigacion-e-innovacion-escolar-abre-su-convocatoria-2021\/","og_locale":"es_ES","og_type":"article","og_title":"Congreso Regional Explora de Investigaci\u00f3n e Innovaci\u00f3n Escolar abre su convocatoria 2021 - Coquimbo","og_description":"Congreso Regional Explora de Investigaci\u00f3n e Innovaci\u00f3n Escolar abre su convocatoria 2021","og_url":"https:\/\/explora.cl\/coquimbo\/congreso-regional-explora-de-investigacion-e-innovacion-escolar-abre-su-convocatoria-2021\/","og_site_name":"Coquimbo","article_published_time":"2021-08-23T13:00:06+00:00","article_modified_time":"2021-09-29T15:09:30+00:00","og_image":[{"width":1110,"height":716,"url":"https:\/\/explora.cl\/coquimbo\/wp-content\/uploads\/sites\/6\/2021\/08\/conv-equipos_Banner-WEB.jpg","type":"image\/jpeg"}],"author":"jimartin","twitter_card":"summary_large_image","twitter_misc":{"Escrito por":"jimartin","Tiempo estimado de lectura":"2 minutos"},"schema":{"@context":"https:\/\/schema.org","@graph":[{"@type":"Article","@id":"https:\/\/explora.cl\/coquimbo\/congreso-regional-explora-de-investigacion-e-innovacion-escolar-abre-su-convocatoria-2021\/#article","isPartOf":{"@id":"https:\/\/explora.cl\/coquimbo\/congreso-regional-explora-de-investigacion-e-innovacion-escolar-abre-su-convocatoria-2021\/"},"author":{"name":"jimartin","@id":"https:\/\/explora.cl\/coquimbo\/#\/schema\/person\/c171f405669e4e4f7e56a099200d2fe6"},"headline":"Congreso Regional Explora de Investigaci\u00f3n e Innovaci\u00f3n Escolar abre su convocatoria 2021","datePublished":"2021-08-23T13:00:06+00:00","dateModified":"2021-09-29T15:09:30+00:00","mainEntityOfPage":{"@id":"https:\/\/explora.cl\/coquimbo\/congreso-regional-explora-de-investigacion-e-innovacion-escolar-abre-su-convocatoria-2021\/"},"wordCount":459,"commentCount":0,"publisher":{"@id":"https:\/\/explora.cl\/coquimbo\/#organization"},"image":{"@id":"https:\/\/explora.cl\/coquimbo\/congreso-regional-explora-de-investigacion-e-innovacion-escolar-abre-su-convocatoria-2021\/#primaryimage"},"thumbnailUrl":"https:\/\/explora.cl\/coquimbo\/wp-content\/uploads\/sites\/6\/2021\/08\/conv-equipos_Banner-WEB.jpg","articleSection":["Lugar 8","Noticias"],"inLanguage":"es-CL","potentialAction":[{"@type":"CommentAction","name":"Comment","target":["https:\/\/explora.cl\/coquimbo\/congreso-regional-explora-de-investigacion-e-innovacion-escolar-abre-su-convocatoria-2021\/#respond"]}]},{"@type":"WebPage","@id":"https:\/\/explora.cl\/coquimbo\/congreso-regional-explora-de-investigacion-e-innovacion-escolar-abre-su-convocatoria-2021\/","url":"https:\/\/explora.cl\/coquimbo\/congreso-regional-explora-de-investigacion-e-innovacion-escolar-abre-su-convocatoria-2021\/","name":"Congreso Regional Explora de Investigaci\u00f3n e Innovaci\u00f3n Escolar abre su convocatoria 2021 - Coquimbo","isPartOf":{"@id":"https:\/\/explora.cl\/coquimbo\/#website"},"primaryImageOfPage":{"@id":"https:\/\/explora.cl\/coquimbo\/congreso-regional-explora-de-investigacion-e-innovacion-escolar-abre-su-convocatoria-2021\/#primaryimage"},"image":{"@id":"https:\/\/explora.cl\/coquimbo\/congreso-regional-explora-de-investigacion-e-innovacion-escolar-abre-su-convocatoria-2021\/#primaryimage"},"thumbnailUrl":"https:\/\/explora.cl\/coquimbo\/wp-content\/uploads\/sites\/6\/2021\/08\/conv-equipos_Banner-WEB.jpg","datePublished":"2021-08-23T13:00:06+00:00","dateModified":"2021-09-29T15:09:30+00:00","breadcrumb":{"@id":"https:\/\/explora.cl\/coquimbo\/congreso-regional-explora-de-investigacion-e-innovacion-escolar-abre-su-convocatoria-2021\/#breadcrumb"},"inLanguage":"es-CL","potentialAction":[{"@type":"ReadAction","target":["https:\/\/explora.cl\/coquimbo\/congreso-regional-explora-de-investigacion-e-innovacion-escolar-abre-su-convocatoria-2021\/"]}]},{"@type":"ImageObject","inLanguage":"es-CL","@id":"https:\/\/explora.cl\/coquimbo\/congreso-regional-explora-de-investigacion-e-innovacion-escolar-abre-su-convocatoria-2021\/#primaryimage","url":"https:\/\/explora.cl\/coquimbo\/wp-content\/uploads\/sites\/6\/2021\/08\/conv-equipos_Banner-WEB.jpg","contentUrl":"https:\/\/explora.cl\/coquimbo\/wp-content\/uploads\/sites\/6\/2021\/08\/conv-equipos_Banner-WEB.jpg","width":1110,"height":716},{"@type":"BreadcrumbList","@id":"https:\/\/explora.cl\/coquimbo\/congreso-regional-explora-de-investigacion-e-innovacion-escolar-abre-su-convocatoria-2021\/#breadcrumb","itemListElement":[{"@type":"ListItem","position":1,"name":"Portada","item":"https:\/\/explora.cl\/coquimbo\/"},{"@type":"ListItem","position":2,"name":"Congreso Regional Explora de Investigaci\u00f3n e Innovaci\u00f3n Escolar abre su convocatoria 2021"}]},{"@type":"WebSite","@id":"https:\/\/explora.cl\/coquimbo\/#website","url":"https:\/\/explora.cl\/coquimbo\/","name":"Coquimbo","description":"Otro sitio m\u00e1s de explora.cl","publisher":{"@id":"https:\/\/explora.cl\/coquimbo\/#organization"},"potentialAction":[{"@type":"SearchAction","target":{"@type":"EntryPoint","urlTemplate":"https:\/\/explora.cl\/coquimbo\/?s={search_term_string}"},"query-input":{"@type":"PropertyValueSpecification","valueRequired":true,"valueName":"search_term_string"}}],"inLanguage":"es-CL"},{"@type":"Organization","@id":"https:\/\/explora.cl\/coquimbo\/#organization","name":"Coquimbo","url":"https:\/\/explora.cl\/coquimbo\/","logo":{"@type":"ImageObject","inLanguage":"es-CL","@id":"https:\/\/explora.cl\/coquimbo\/#\/schema\/logo\/image\/","url":"https:\/\/explora.cl\/coquimbo\/wp-content\/uploads\/sites\/6\/2020\/08\/cropped-Mesa-de-trabajo-1-100.jpg","contentUrl":"https:\/\/explora.cl\/coquimbo\/wp-content\/uploads\/sites\/6\/2020\/08\/cropped-Mesa-de-trabajo-1-100.jpg","width":615,"height":576,"caption":"Coquimbo"},"image":{"@id":"https:\/\/explora.cl\/coquimbo\/#\/schema\/logo\/image\/"}},{"@type":"Person","@id":"https:\/\/explora.cl\/coquimbo\/#\/schema\/person\/c171f405669e4e4f7e56a099200d2fe6","name":"jimartin","image":{"@type":"ImageObject","inLanguage":"es-CL","@id":"https:\/\/explora.cl\/coquimbo\/#\/schema\/person\/image\/","url":"https:\/\/secure.gravatar.com\/avatar\/8dfd7d14443934731a5aea629f40c1aceb42cc8b566a9926567e833c9d22b643?s=96&d=mm&r=g","contentUrl":"https:\/\/secure.gravatar.com\/avatar\/8dfd7d14443934731a5aea629f40c1aceb42cc8b566a9926567e833c9d22b643?s=96&d=mm&r=g","caption":"jimartin"},"url":"https:\/\/explora.cl\/coquimbo\/author\/jimartin\/"}]}},"_links":{"self":[{"href":"https:\/\/explora.cl\/coquimbo\/wp-json\/wp\/v2\/posts\/41686","targetHints":{"allow":["GET"]}}],"collection":[{"href":"https:\/\/explora.cl\/coquimbo\/wp-json\/wp\/v2\/posts"}],"about":[{"href":"https:\/\/explora.cl\/coquimbo\/wp-json\/wp\/v2\/types\/post"}],"author":[{"embeddable":true,"href":"https:\/\/explora.cl\/coquimbo\/wp-json\/wp\/v2\/users\/21"}],"replies":[{"embeddable":true,"href":"https:\/\/explora.cl\/coquimbo\/wp-json\/wp\/v2\/comments?post=41686"}],"version-history":[{"count":6,"href":"https:\/\/explora.cl\/coquimbo\/wp-json\/wp\/v2\/posts\/41686\/revisions"}],"predecessor-version":[{"id":41760,"href":"https:\/\/explora.cl\/coquimbo\/wp-json\/wp\/v2\/posts\/41686\/revisions\/41760"}],"wp:featuredmedia":[{"embeddable":true,"href":"https:\/\/explora.cl\/coquimbo\/wp-json\/wp\/v2\/media\/41687"}],"wp:attachment":[{"href":"https:\/\/explora.cl\/coquimbo\/wp-json\/wp\/v2\/media?parent=41686"}],"wp:term":[{"taxonomy":"category","embeddable":true,"href":"https:\/\/explora.cl\/coquimbo\/wp-json\/wp\/v2\/categories?post=41686"},{"taxonomy":"post_tag","embeddable":true,"href":"https:\/\/explora.cl\/coquimbo\/wp-json\/wp\/v2\/tags?post=41686"}],"curies":[{"name":"wp","href":"https:\/\/api.w.org\/{rel}","templated":true}]}}