{"id":41649,"date":"2021-08-06T16:01:01","date_gmt":"2021-08-06T20:01:01","guid":{"rendered":"https:\/\/explora.cl\/coquimbo\/?p=41649"},"modified":"2021-08-31T16:08:02","modified_gmt":"2021-08-31T20:08:02","slug":"gran-comienzo-tuvo-el-programa-de-investigacion-e-innovacion-escolar-iie-2021","status":"publish","type":"post","link":"https:\/\/explora.cl\/coquimbo\/gran-comienzo-tuvo-el-programa-de-investigacion-e-innovacion-escolar-iie-2021\/","title":{"rendered":"Gran comienzo tuvo el programa de Investigaci\u00f3n e Innovaci\u00f3n Escolar, IIE, 2021"},"content":{"rendered":"<p style=\"text-align: justify\"><em>Con participaci\u00f3n de autoridades y m\u00e1s de 30 docentes inici\u00f3 el programa IIE 2021, la inauguraci\u00f3n realizada por la plataforma Zoom trat\u00f3 sobre los objetivos y la metodolog\u00eda de trabajo de la actividad.<\/em><\/p>\n<p style=\"text-align: justify\">El Proyecto Explora Coquimbo, del Ministerio de Ciencia, Tecnolog\u00eda, Conocimiento e Innovaci\u00f3n y ejecutado por la Universidad Cat\u00f3lica del Norte realiz\u00f3 la inauguraci\u00f3n del programa de Investigaci\u00f3n e Innovaci\u00f3n Escolar (IIE) el cual cuenta con la participaci\u00f3n de 37 docentes pertenecientes a establecimientos educacionales de la Regi\u00f3n de Coquimbo.<\/p>\n<p style=\"text-align: justify\">IIE busca fomentar el desarrollo de competencias a trav\u00e9s de la realizaci\u00f3n de proyectos de investigaci\u00f3n e innovaci\u00f3n, adem\u00e1s de promover la apropiaci\u00f3n social de la investigaci\u00f3n e innovaci\u00f3n como pr\u00e1ctica cultural en la comunidad educativa. Para esto se realizan diversos talleres virtuales donde se les entrega a los equipos participantes las herramientas para desarrollar sus proyectos de investigaci\u00f3n o innovaci\u00f3n escolar, y adem\u00e1s, investigadores e investigadoras los asesorar\u00e1n para potenciar el desarrollo de competencias cient\u00edficas adquiridas.<\/p>\n<p style=\"text-align: justify\">Al respecto, la Directora del Programa Explora, Marcela Colombres, felicit\u00f3 a todos y todas las participantes por estar en este gran hito \u201cpara nosotros este instrumento, IIE, es el alma de nuestro programa, nosotros hemos expandido estas posibilidades para que puedan comenzar desde primero b\u00e1sico hasta cuarto medio, hemos expandido los tipos de disciplinas y estamos trabajando para que cada vez podamos tener m\u00e1s y mejor investigaci\u00f3n escolar\u201d.<\/p>\n<p style=\"text-align: justify\">Por su parte, el Director del Proyecto Explora Coquimbo, Sergio Gonz\u00e1lez, reafirm\u00f3 lo comentado anteriormente se\u00f1alando que IIE es parte de la columna vertebral del Programa Explora que deriva en otras actividades relacionadas, \u201cexiste toda una trayectoria que est\u00e1 articulada y ah\u00ed estamos trabajando para que esta articulaci\u00f3n sea cada vez m\u00e1s fluida y mayor, as\u00ed que, la invitaci\u00f3n es que no dejen de estar vinculados con el Programa Explora porque hay muchas novedades\u201d.<\/p>\n<p style=\"text-align: justify\">Cabe destacar que este a\u00f1o IIE cuenta con profesionales de 32 establecimientos educacionales de la regi\u00f3n, 11 de ellos rurales y 21 de la zona urbana, provenientes adem\u00e1s de las 3 provincias de la regi\u00f3n de coquimbo: Elqui, Limar\u00ed y Choapa.<\/p>\n","protected":false},"excerpt":{"rendered":"<p>Gran comienzo tuvo el programa de Investigaci\u00f3n e Innovaci\u00f3n Escolar, IIE, 2021 <\/p>\n","protected":false},"author":21,"featured_media":41654,"comment_status":"open","ping_status":"open","sticky":false,"template":"","format":"standard","meta":{"_acf_changed":false,"_exactmetrics_skip_tracking":false,"_exactmetrics_sitenote_active":false,"_exactmetrics_sitenote_note":"","_exactmetrics_sitenote_category":0,"footnotes":"","_links_to":"","_links_to_target":""},"categories":[143,4,116],"tags":[],"class_list":["post-41649","post","type-post","status-publish","format-standard","has-post-thumbnail","hentry","category-lugar-8","category-noticias","category-para-comunidad-escolar"],"acf":[],"yoast_head":"<!-- This site is optimized with the Yoast SEO plugin v26.9 - https:\/\/yoast.com\/product\/yoast-seo-wordpress\/ -->\n<title>Gran comienzo tuvo el programa de Investigaci\u00f3n e Innovaci\u00f3n Escolar, IIE, 2021 - Coquimbo<\/title>\n<meta name=\"robots\" content=\"index, follow, max-snippet:-1, max-image-preview:large, max-video-preview:-1\" \/>\n<link rel=\"canonical\" href=\"https:\/\/explora.cl\/coquimbo\/gran-comienzo-tuvo-el-programa-de-investigacion-e-innovacion-escolar-iie-2021\/\" class=\"yoast-seo-meta-tag\" \/>\n<meta property=\"og:locale\" content=\"es_ES\" class=\"yoast-seo-meta-tag\" \/>\n<meta property=\"og:type\" content=\"article\" class=\"yoast-seo-meta-tag\" \/>\n<meta property=\"og:title\" content=\"Gran comienzo tuvo el programa de Investigaci\u00f3n e Innovaci\u00f3n Escolar, IIE, 2021 - Coquimbo\" class=\"yoast-seo-meta-tag\" \/>\n<meta property=\"og:description\" content=\"Gran comienzo tuvo el programa de Investigaci\u00f3n e Innovaci\u00f3n Escolar, IIE, 2021\" class=\"yoast-seo-meta-tag\" \/>\n<meta property=\"og:url\" content=\"https:\/\/explora.cl\/coquimbo\/gran-comienzo-tuvo-el-programa-de-investigacion-e-innovacion-escolar-iie-2021\/\" class=\"yoast-seo-meta-tag\" \/>\n<meta property=\"og:site_name\" content=\"Coquimbo\" class=\"yoast-seo-meta-tag\" \/>\n<meta property=\"article:published_time\" content=\"2021-08-06T20:01:01+00:00\" class=\"yoast-seo-meta-tag\" \/>\n<meta property=\"article:modified_time\" content=\"2021-08-31T20:08:02+00:00\" class=\"yoast-seo-meta-tag\" \/>\n<meta property=\"og:image\" content=\"https:\/\/explora.cl\/coquimbo\/wp-content\/uploads\/sites\/6\/2021\/08\/Inauguracion-Banner_Banner_Web.jpg\" class=\"yoast-seo-meta-tag\" \/>\n\t<meta property=\"og:image:width\" content=\"1513\" class=\"yoast-seo-meta-tag\" \/>\n\t<meta property=\"og:image:height\" content=\"981\" class=\"yoast-seo-meta-tag\" \/>\n\t<meta property=\"og:image:type\" content=\"image\/jpeg\" class=\"yoast-seo-meta-tag\" \/>\n<meta name=\"author\" content=\"jimartin\" class=\"yoast-seo-meta-tag\" \/>\n<meta name=\"twitter:card\" content=\"summary_large_image\" class=\"yoast-seo-meta-tag\" \/>\n<meta name=\"twitter:label1\" content=\"Escrito por\" class=\"yoast-seo-meta-tag\" \/>\n\t<meta name=\"twitter:data1\" content=\"jimartin\" class=\"yoast-seo-meta-tag\" \/>\n\t<meta name=\"twitter:label2\" content=\"Tiempo estimado de lectura\" class=\"yoast-seo-meta-tag\" \/>\n\t<meta name=\"twitter:data2\" content=\"2 minutos\" class=\"yoast-seo-meta-tag\" \/>\n<script type=\"application\/ld+json\" class=\"yoast-schema-graph\">{\"@context\":\"https:\/\/schema.org\",\"@graph\":[{\"@type\":\"Article\",\"@id\":\"https:\/\/explora.cl\/coquimbo\/gran-comienzo-tuvo-el-programa-de-investigacion-e-innovacion-escolar-iie-2021\/#article\",\"isPartOf\":{\"@id\":\"https:\/\/explora.cl\/coquimbo\/gran-comienzo-tuvo-el-programa-de-investigacion-e-innovacion-escolar-iie-2021\/\"},\"author\":{\"name\":\"jimartin\",\"@id\":\"https:\/\/explora.cl\/coquimbo\/#\/schema\/person\/c171f405669e4e4f7e56a099200d2fe6\"},\"headline\":\"Gran comienzo tuvo el programa de Investigaci\u00f3n e Innovaci\u00f3n Escolar, IIE, 2021\",\"datePublished\":\"2021-08-06T20:01:01+00:00\",\"dateModified\":\"2021-08-31T20:08:02+00:00\",\"mainEntityOfPage\":{\"@id\":\"https:\/\/explora.cl\/coquimbo\/gran-comienzo-tuvo-el-programa-de-investigacion-e-innovacion-escolar-iie-2021\/\"},\"wordCount\":386,\"commentCount\":0,\"publisher\":{\"@id\":\"https:\/\/explora.cl\/coquimbo\/#organization\"},\"image\":{\"@id\":\"https:\/\/explora.cl\/coquimbo\/gran-comienzo-tuvo-el-programa-de-investigacion-e-innovacion-escolar-iie-2021\/#primaryimage\"},\"thumbnailUrl\":\"https:\/\/explora.cl\/coquimbo\/wp-content\/uploads\/sites\/6\/2021\/08\/Inauguracion-Banner_Banner_Web.jpg\",\"articleSection\":[\"Lugar 8\",\"Noticias\",\"Para Comunidad Escolar\"],\"inLanguage\":\"es-CL\",\"potentialAction\":[{\"@type\":\"CommentAction\",\"name\":\"Comment\",\"target\":[\"https:\/\/explora.cl\/coquimbo\/gran-comienzo-tuvo-el-programa-de-investigacion-e-innovacion-escolar-iie-2021\/#respond\"]}]},{\"@type\":\"WebPage\",\"@id\":\"https:\/\/explora.cl\/coquimbo\/gran-comienzo-tuvo-el-programa-de-investigacion-e-innovacion-escolar-iie-2021\/\",\"url\":\"https:\/\/explora.cl\/coquimbo\/gran-comienzo-tuvo-el-programa-de-investigacion-e-innovacion-escolar-iie-2021\/\",\"name\":\"Gran comienzo tuvo el programa de Investigaci\u00f3n e Innovaci\u00f3n Escolar, IIE, 2021 - Coquimbo\",\"isPartOf\":{\"@id\":\"https:\/\/explora.cl\/coquimbo\/#website\"},\"primaryImageOfPage\":{\"@id\":\"https:\/\/explora.cl\/coquimbo\/gran-comienzo-tuvo-el-programa-de-investigacion-e-innovacion-escolar-iie-2021\/#primaryimage\"},\"image\":{\"@id\":\"https:\/\/explora.cl\/coquimbo\/gran-comienzo-tuvo-el-programa-de-investigacion-e-innovacion-escolar-iie-2021\/#primaryimage\"},\"thumbnailUrl\":\"https:\/\/explora.cl\/coquimbo\/wp-content\/uploads\/sites\/6\/2021\/08\/Inauguracion-Banner_Banner_Web.jpg\",\"datePublished\":\"2021-08-06T20:01:01+00:00\",\"dateModified\":\"2021-08-31T20:08:02+00:00\",\"breadcrumb\":{\"@id\":\"https:\/\/explora.cl\/coquimbo\/gran-comienzo-tuvo-el-programa-de-investigacion-e-innovacion-escolar-iie-2021\/#breadcrumb\"},\"inLanguage\":\"es-CL\",\"potentialAction\":[{\"@type\":\"ReadAction\",\"target\":[\"https:\/\/explora.cl\/coquimbo\/gran-comienzo-tuvo-el-programa-de-investigacion-e-innovacion-escolar-iie-2021\/\"]}]},{\"@type\":\"ImageObject\",\"inLanguage\":\"es-CL\",\"@id\":\"https:\/\/explora.cl\/coquimbo\/gran-comienzo-tuvo-el-programa-de-investigacion-e-innovacion-escolar-iie-2021\/#primaryimage\",\"url\":\"https:\/\/explora.cl\/coquimbo\/wp-content\/uploads\/sites\/6\/2021\/08\/Inauguracion-Banner_Banner_Web.jpg\",\"contentUrl\":\"https:\/\/explora.cl\/coquimbo\/wp-content\/uploads\/sites\/6\/2021\/08\/Inauguracion-Banner_Banner_Web.jpg\",\"width\":1513,\"height\":981},{\"@type\":\"BreadcrumbList\",\"@id\":\"https:\/\/explora.cl\/coquimbo\/gran-comienzo-tuvo-el-programa-de-investigacion-e-innovacion-escolar-iie-2021\/#breadcrumb\",\"itemListElement\":[{\"@type\":\"ListItem\",\"position\":1,\"name\":\"Portada\",\"item\":\"https:\/\/explora.cl\/coquimbo\/\"},{\"@type\":\"ListItem\",\"position\":2,\"name\":\"Gran comienzo tuvo el programa de Investigaci\u00f3n e Innovaci\u00f3n Escolar, IIE, 2021\"}]},{\"@type\":\"WebSite\",\"@id\":\"https:\/\/explora.cl\/coquimbo\/#website\",\"url\":\"https:\/\/explora.cl\/coquimbo\/\",\"name\":\"Coquimbo\",\"description\":\"Otro sitio m\u00e1s de explora.cl\",\"publisher\":{\"@id\":\"https:\/\/explora.cl\/coquimbo\/#organization\"},\"potentialAction\":[{\"@type\":\"SearchAction\",\"target\":{\"@type\":\"EntryPoint\",\"urlTemplate\":\"https:\/\/explora.cl\/coquimbo\/?s={search_term_string}\"},\"query-input\":{\"@type\":\"PropertyValueSpecification\",\"valueRequired\":true,\"valueName\":\"search_term_string\"}}],\"inLanguage\":\"es-CL\"},{\"@type\":\"Organization\",\"@id\":\"https:\/\/explora.cl\/coquimbo\/#organization\",\"name\":\"Coquimbo\",\"url\":\"https:\/\/explora.cl\/coquimbo\/\",\"logo\":{\"@type\":\"ImageObject\",\"inLanguage\":\"es-CL\",\"@id\":\"https:\/\/explora.cl\/coquimbo\/#\/schema\/logo\/image\/\",\"url\":\"https:\/\/explora.cl\/coquimbo\/wp-content\/uploads\/sites\/6\/2020\/08\/cropped-Mesa-de-trabajo-1-100.jpg\",\"contentUrl\":\"https:\/\/explora.cl\/coquimbo\/wp-content\/uploads\/sites\/6\/2020\/08\/cropped-Mesa-de-trabajo-1-100.jpg\",\"width\":615,\"height\":576,\"caption\":\"Coquimbo\"},\"image\":{\"@id\":\"https:\/\/explora.cl\/coquimbo\/#\/schema\/logo\/image\/\"}},{\"@type\":\"Person\",\"@id\":\"https:\/\/explora.cl\/coquimbo\/#\/schema\/person\/c171f405669e4e4f7e56a099200d2fe6\",\"name\":\"jimartin\",\"image\":{\"@type\":\"ImageObject\",\"inLanguage\":\"es-CL\",\"@id\":\"https:\/\/explora.cl\/coquimbo\/#\/schema\/person\/image\/\",\"url\":\"https:\/\/secure.gravatar.com\/avatar\/8dfd7d14443934731a5aea629f40c1aceb42cc8b566a9926567e833c9d22b643?s=96&d=mm&r=g\",\"contentUrl\":\"https:\/\/secure.gravatar.com\/avatar\/8dfd7d14443934731a5aea629f40c1aceb42cc8b566a9926567e833c9d22b643?s=96&d=mm&r=g\",\"caption\":\"jimartin\"},\"url\":\"https:\/\/explora.cl\/coquimbo\/author\/jimartin\/\"}]}<\/script>\n<!-- \/ Yoast SEO plugin. -->","yoast_head_json":{"title":"Gran comienzo tuvo el programa de Investigaci\u00f3n e Innovaci\u00f3n Escolar, IIE, 2021 - Coquimbo","robots":{"index":"index","follow":"follow","max-snippet":"max-snippet:-1","max-image-preview":"max-image-preview:large","max-video-preview":"max-video-preview:-1"},"canonical":"https:\/\/explora.cl\/coquimbo\/gran-comienzo-tuvo-el-programa-de-investigacion-e-innovacion-escolar-iie-2021\/","og_locale":"es_ES","og_type":"article","og_title":"Gran comienzo tuvo el programa de Investigaci\u00f3n e Innovaci\u00f3n Escolar, IIE, 2021 - Coquimbo","og_description":"Gran comienzo tuvo el programa de Investigaci\u00f3n e Innovaci\u00f3n Escolar, IIE, 2021","og_url":"https:\/\/explora.cl\/coquimbo\/gran-comienzo-tuvo-el-programa-de-investigacion-e-innovacion-escolar-iie-2021\/","og_site_name":"Coquimbo","article_published_time":"2021-08-06T20:01:01+00:00","article_modified_time":"2021-08-31T20:08:02+00:00","og_image":[{"width":1513,"height":981,"url":"https:\/\/explora.cl\/coquimbo\/wp-content\/uploads\/sites\/6\/2021\/08\/Inauguracion-Banner_Banner_Web.jpg","type":"image\/jpeg"}],"author":"jimartin","twitter_card":"summary_large_image","twitter_misc":{"Escrito por":"jimartin","Tiempo estimado de lectura":"2 minutos"},"schema":{"@context":"https:\/\/schema.org","@graph":[{"@type":"Article","@id":"https:\/\/explora.cl\/coquimbo\/gran-comienzo-tuvo-el-programa-de-investigacion-e-innovacion-escolar-iie-2021\/#article","isPartOf":{"@id":"https:\/\/explora.cl\/coquimbo\/gran-comienzo-tuvo-el-programa-de-investigacion-e-innovacion-escolar-iie-2021\/"},"author":{"name":"jimartin","@id":"https:\/\/explora.cl\/coquimbo\/#\/schema\/person\/c171f405669e4e4f7e56a099200d2fe6"},"headline":"Gran comienzo tuvo el programa de Investigaci\u00f3n e Innovaci\u00f3n Escolar, IIE, 2021","datePublished":"2021-08-06T20:01:01+00:00","dateModified":"2021-08-31T20:08:02+00:00","mainEntityOfPage":{"@id":"https:\/\/explora.cl\/coquimbo\/gran-comienzo-tuvo-el-programa-de-investigacion-e-innovacion-escolar-iie-2021\/"},"wordCount":386,"commentCount":0,"publisher":{"@id":"https:\/\/explora.cl\/coquimbo\/#organization"},"image":{"@id":"https:\/\/explora.cl\/coquimbo\/gran-comienzo-tuvo-el-programa-de-investigacion-e-innovacion-escolar-iie-2021\/#primaryimage"},"thumbnailUrl":"https:\/\/explora.cl\/coquimbo\/wp-content\/uploads\/sites\/6\/2021\/08\/Inauguracion-Banner_Banner_Web.jpg","articleSection":["Lugar 8","Noticias","Para Comunidad Escolar"],"inLanguage":"es-CL","potentialAction":[{"@type":"CommentAction","name":"Comment","target":["https:\/\/explora.cl\/coquimbo\/gran-comienzo-tuvo-el-programa-de-investigacion-e-innovacion-escolar-iie-2021\/#respond"]}]},{"@type":"WebPage","@id":"https:\/\/explora.cl\/coquimbo\/gran-comienzo-tuvo-el-programa-de-investigacion-e-innovacion-escolar-iie-2021\/","url":"https:\/\/explora.cl\/coquimbo\/gran-comienzo-tuvo-el-programa-de-investigacion-e-innovacion-escolar-iie-2021\/","name":"Gran comienzo tuvo el programa de Investigaci\u00f3n e Innovaci\u00f3n Escolar, IIE, 2021 - Coquimbo","isPartOf":{"@id":"https:\/\/explora.cl\/coquimbo\/#website"},"primaryImageOfPage":{"@id":"https:\/\/explora.cl\/coquimbo\/gran-comienzo-tuvo-el-programa-de-investigacion-e-innovacion-escolar-iie-2021\/#primaryimage"},"image":{"@id":"https:\/\/explora.cl\/coquimbo\/gran-comienzo-tuvo-el-programa-de-investigacion-e-innovacion-escolar-iie-2021\/#primaryimage"},"thumbnailUrl":"https:\/\/explora.cl\/coquimbo\/wp-content\/uploads\/sites\/6\/2021\/08\/Inauguracion-Banner_Banner_Web.jpg","datePublished":"2021-08-06T20:01:01+00:00","dateModified":"2021-08-31T20:08:02+00:00","breadcrumb":{"@id":"https:\/\/explora.cl\/coquimbo\/gran-comienzo-tuvo-el-programa-de-investigacion-e-innovacion-escolar-iie-2021\/#breadcrumb"},"inLanguage":"es-CL","potentialAction":[{"@type":"ReadAction","target":["https:\/\/explora.cl\/coquimbo\/gran-comienzo-tuvo-el-programa-de-investigacion-e-innovacion-escolar-iie-2021\/"]}]},{"@type":"ImageObject","inLanguage":"es-CL","@id":"https:\/\/explora.cl\/coquimbo\/gran-comienzo-tuvo-el-programa-de-investigacion-e-innovacion-escolar-iie-2021\/#primaryimage","url":"https:\/\/explora.cl\/coquimbo\/wp-content\/uploads\/sites\/6\/2021\/08\/Inauguracion-Banner_Banner_Web.jpg","contentUrl":"https:\/\/explora.cl\/coquimbo\/wp-content\/uploads\/sites\/6\/2021\/08\/Inauguracion-Banner_Banner_Web.jpg","width":1513,"height":981},{"@type":"BreadcrumbList","@id":"https:\/\/explora.cl\/coquimbo\/gran-comienzo-tuvo-el-programa-de-investigacion-e-innovacion-escolar-iie-2021\/#breadcrumb","itemListElement":[{"@type":"ListItem","position":1,"name":"Portada","item":"https:\/\/explora.cl\/coquimbo\/"},{"@type":"ListItem","position":2,"name":"Gran comienzo tuvo el programa de Investigaci\u00f3n e Innovaci\u00f3n Escolar, IIE, 2021"}]},{"@type":"WebSite","@id":"https:\/\/explora.cl\/coquimbo\/#website","url":"https:\/\/explora.cl\/coquimbo\/","name":"Coquimbo","description":"Otro sitio m\u00e1s de explora.cl","publisher":{"@id":"https:\/\/explora.cl\/coquimbo\/#organization"},"potentialAction":[{"@type":"SearchAction","target":{"@type":"EntryPoint","urlTemplate":"https:\/\/explora.cl\/coquimbo\/?s={search_term_string}"},"query-input":{"@type":"PropertyValueSpecification","valueRequired":true,"valueName":"search_term_string"}}],"inLanguage":"es-CL"},{"@type":"Organization","@id":"https:\/\/explora.cl\/coquimbo\/#organization","name":"Coquimbo","url":"https:\/\/explora.cl\/coquimbo\/","logo":{"@type":"ImageObject","inLanguage":"es-CL","@id":"https:\/\/explora.cl\/coquimbo\/#\/schema\/logo\/image\/","url":"https:\/\/explora.cl\/coquimbo\/wp-content\/uploads\/sites\/6\/2020\/08\/cropped-Mesa-de-trabajo-1-100.jpg","contentUrl":"https:\/\/explora.cl\/coquimbo\/wp-content\/uploads\/sites\/6\/2020\/08\/cropped-Mesa-de-trabajo-1-100.jpg","width":615,"height":576,"caption":"Coquimbo"},"image":{"@id":"https:\/\/explora.cl\/coquimbo\/#\/schema\/logo\/image\/"}},{"@type":"Person","@id":"https:\/\/explora.cl\/coquimbo\/#\/schema\/person\/c171f405669e4e4f7e56a099200d2fe6","name":"jimartin","image":{"@type":"ImageObject","inLanguage":"es-CL","@id":"https:\/\/explora.cl\/coquimbo\/#\/schema\/person\/image\/","url":"https:\/\/secure.gravatar.com\/avatar\/8dfd7d14443934731a5aea629f40c1aceb42cc8b566a9926567e833c9d22b643?s=96&d=mm&r=g","contentUrl":"https:\/\/secure.gravatar.com\/avatar\/8dfd7d14443934731a5aea629f40c1aceb42cc8b566a9926567e833c9d22b643?s=96&d=mm&r=g","caption":"jimartin"},"url":"https:\/\/explora.cl\/coquimbo\/author\/jimartin\/"}]}},"_links":{"self":[{"href":"https:\/\/explora.cl\/coquimbo\/wp-json\/wp\/v2\/posts\/41649","targetHints":{"allow":["GET"]}}],"collection":[{"href":"https:\/\/explora.cl\/coquimbo\/wp-json\/wp\/v2\/posts"}],"about":[{"href":"https:\/\/explora.cl\/coquimbo\/wp-json\/wp\/v2\/types\/post"}],"author":[{"embeddable":true,"href":"https:\/\/explora.cl\/coquimbo\/wp-json\/wp\/v2\/users\/21"}],"replies":[{"embeddable":true,"href":"https:\/\/explora.cl\/coquimbo\/wp-json\/wp\/v2\/comments?post=41649"}],"version-history":[{"count":4,"href":"https:\/\/explora.cl\/coquimbo\/wp-json\/wp\/v2\/posts\/41649\/revisions"}],"predecessor-version":[{"id":41655,"href":"https:\/\/explora.cl\/coquimbo\/wp-json\/wp\/v2\/posts\/41649\/revisions\/41655"}],"wp:featuredmedia":[{"embeddable":true,"href":"https:\/\/explora.cl\/coquimbo\/wp-json\/wp\/v2\/media\/41654"}],"wp:attachment":[{"href":"https:\/\/explora.cl\/coquimbo\/wp-json\/wp\/v2\/media?parent=41649"}],"wp:term":[{"taxonomy":"category","embeddable":true,"href":"https:\/\/explora.cl\/coquimbo\/wp-json\/wp\/v2\/categories?post=41649"},{"taxonomy":"post_tag","embeddable":true,"href":"https:\/\/explora.cl\/coquimbo\/wp-json\/wp\/v2\/tags?post=41649"}],"curies":[{"name":"wp","href":"https:\/\/api.w.org\/{rel}","templated":true}]}}