{"id":41642,"date":"2021-07-30T08:30:02","date_gmt":"2021-07-30T12:30:02","guid":{"rendered":"https:\/\/explora.cl\/coquimbo\/?p=41642"},"modified":"2021-08-31T16:34:43","modified_gmt":"2021-08-31T20:34:43","slug":"cientificos-de-la-basura-14-anos-educando-y-creando-conciencia-sobre-la-trascendencia-de-cuidar-el-medio-ambiente","status":"publish","type":"post","link":"https:\/\/explora.cl\/coquimbo\/cientificos-de-la-basura-14-anos-educando-y-creando-conciencia-sobre-la-trascendencia-de-cuidar-el-medio-ambiente\/","title":{"rendered":"Cient\u00edficos de la basura: 14 a\u00f1os educando y creando conciencia sobre la trascendencia de cuidar el medio ambiente"},"content":{"rendered":"<p style=\"text-align: justify\"><em>Desde 2007, este programa de ciencia ciudadana aplica el m\u00e9todo cient\u00edfico para estudiar el problema de la basura en el medioambiente, y adem\u00e1s, brinda propuestas para enfrentar esta problem\u00e1tica. <\/em><\/p>\n<p style=\"text-align: justify\">Aunque muchas veces nos cuesta convencernos de ello, la ciencia est\u00e1 en todos lados, pero en todos, incluso en los desechos. \u00bfPero, qu\u00e9 gracia puede tener lo que botamos? A primera vista, ninguna, y aunque no lo creas, existen grupos de investigadores\/as y ciudadanos\/as, comunes y corrientes, que por mucho tiempo se han dedicado a indagar qu\u00e9 hay en los desechos que arrojamos y cu\u00e1l es el impacto que provoca en el medio ambiente.<\/p>\n<p style=\"text-align: justify\">\u00bfQui\u00e9nes son? Se llaman <a href=\"http:\/\/www.cientificosdelabasura.cl\/es\/\">Cient\u00edficos de la Basura<\/a>, y son un <strong>programa de ciencia ciudadana<\/strong> que desde 2007, y patrocinado por diversas entidades nacionales e internacionales, <strong>aplica el m\u00e9todo cient\u00edfico para estudiar el problema de la basura en el medioambiente<\/strong>, adem\u00e1s de <strong>proponer acciones para enfrentar esta problem\u00e1tica<\/strong>; trabajo conjunto entre investigadores de la Universidad Cat\u00f3lica del Norte de Coquimbo y escolares y profesores\/as de todo Chile.<\/p>\n<p style=\"text-align: justify\"><strong>Ciencia en la caleta, trabajo en red y tortugas<\/strong><\/p>\n<p style=\"text-align: justify\">\u00bfEn qu\u00e9 est\u00e1n hoy? \u00bfHallan menos basura en los espacios p\u00fablicos respecto a cuando comenzaron en 2007? Las respuestas las obtuvimos de <strong>Nelson V\u00e1squez Farreaut<\/strong>, <strong>Doctor en Ecolog\u00eda con especialidad en Educaci\u00f3n Ambiental, acad\u00e9mico de la Facultad de Ciencias del Mar de la UCN, y co-director de los Cient\u00edficos de la Basura<\/strong>, quien detalla, en primer lugar, los diversos proyectos en los que se encuentran abocados hoy, como es el caso del <strong>proyecto Compartiendo Caleta la Ciencia,<\/strong> financiado por el <a href=\"https:\/\/www.minciencia.gob.cl\/\">Ministerio de Ciencia<\/a>, y que busca instalar un circuito interactivo de cinco estaciones en el sector de Guayac\u00e1n, Coquimbo.<\/p>\n<p style=\"text-align: justify\">Este proyecto es diferente, indica el acad\u00e9mico, pues no s\u00f3lo involucra basura, \u201cya que busca <strong>vincular el conocimiento tradicional o popular de los pescadores, respecto al comportamiento del mar para la pesca, con el conocimiento que entrega la ciencia<\/strong>. Y ser\u00e1n escolares de 3 colegios quienes sistematizar\u00e1n la informaci\u00f3n para usarla en el circuito, que incorporar\u00e1 no s\u00f3lo informaci\u00f3n, sino tambi\u00e9n, espacios para observar aves\u201d, agrega.<\/p>\n<p style=\"text-align: justify\">Asimismo, los Cient\u00edficos de la Basura desarrollan, desde 2018, la <strong>Red Latinoamericana de Cient\u00edficos de la Basura (ReCiBa)<\/strong>, y que en virtud de las actuales condiciones de pandemia, realiza encuentros mensuales donde los escolares que la integran pueden conocer a los\/as integrantes de la red, compartir intereses y experiencias, y valorar el ser parte de un extenso grupo de colaboradores para investigar la basura marina.<\/p>\n<p style=\"text-align: justify\">De esta red han surgido otras iniciativas, como es el caso del proyecto Minke junto a un consorcio europeo, \u201cy que busca levantar informaci\u00f3n sobre c\u00f3mo se muestrea la basura y la forma m\u00e1s adecuada para hacerlo. En nuestro caso, desarrollamos nuestro trabajo mediante un muestro denominado transector, y tambi\u00e9n, a trav\u00e9s de estaciones de trabajo\u201d, aclara el investigador.<\/p>\n<p style=\"text-align: justify\">Otra iniciativa en marcha es <strong>Ciencia ciudadana latinoamericana para investigar la basura marina y mejorar la conservaci\u00f3n de las tortugas marinas<\/strong>, que pretende que instituciones -gubernamentales y no gubernamentales- de siete pa\u00edses de la costa sur del Pac\u00edfico Este, colaboren juntos buscando soluciones para la preservar los h\u00e1bitats y la vida de esta especie marina. \u201cEn este caso, nadie va a manipular ni trabajar con tortugas, sino que se realizar\u00e1n talleres para capacitar en el muestreo de basura para levantar informaci\u00f3n, analizarla y crear medidas de mitigaci\u00f3n para que esta problem\u00e1tica no llegue a las tortugas marinas, una especie migratoria que recorre las costas de los pa\u00edses participantes del proyecto\u201d, especifica Nelson.<\/p>\n<p style=\"text-align: justify\"><strong>Consumo excesivo=basura abundante<\/strong><\/p>\n<p style=\"text-align: justify\">Actualmente, los Cient\u00edficos de la basura cuentan con mil estudiantes activos, y luego de 14 a\u00f1os de trabajo, cabe preguntarse si han observado cambios en la sociedad respecto al cuidado del medio ambiente, es decir, \u00bfhay alguna posibilidad de que en el futuro desaparezca la basura de las playas? \u201cEs una buena pregunta y no puedo responder con un gran nivel de acierto porque pueden pasar muchas cosas, pero lo que puedo decir es que lo que hacemos est\u00e1 bien, generamos conciencia, aunque no en todos los escolares generamos transformaci\u00f3n pues hay mucha diversidad de personas y hay algunos que nacen con un coraz\u00f3n un poco m\u00e1s verde que otros\u201d, afirma el acad\u00e9mico.<\/p>\n<p style=\"text-align: justify\">\u00bfY d\u00f3nde radica entonces el problema de fondo que no nos permite avanzar en materia ecol\u00f3gica? Nelson s\u00ed tiene m\u00e1s clara la respuesta: <strong>\u201cel problema de la basura tiene que ver con educar en cuanto a la forma y manera como nosotros, como sociedad, consumimos. Es el consumo excesivo, especialmente de pl\u00e1sticos de un solo uso, como bombillas y vasos, que lo compran personas que no son muy conscientes y luego lo desechan\u201d<\/strong>.<\/p>\n<p style=\"text-align: justify\">\u201cHay un sobreconsumo de elementos desechables que a las personas les resulta muy c\u00f3modo consumirlas\u201d, agrega, \u201cy por lo tanto siempre va a haber basura, y ese para m\u00ed es el problema de fondo\u201d, subraya el investigador, quien tambi\u00e9n afirma que la f\u00e1brica de basura viene del comercio y de nuestras formas de consumo excesivo.<\/p>\n<p style=\"text-align: justify\">\u00bfQu\u00e9 necesitamos entonces? \u201cHacernos cargo\u201d, se\u00f1ala primeramente V\u00e1squez, y luego prosigue mencionando la importancia de pol\u00edticas de educaci\u00f3n general que hablen de una econom\u00eda m\u00e1s verde, \u201cde una<strong> conciencia en el consumo, porque hay temas m\u00e1s profundos y psicol\u00f3gicos en el fondo, porque hay personas que consumen por ansiedad y que su felicidad pasa por tener m\u00e1s cosas<\/strong>, y contra ello no podemos hacer mucho, pero s\u00ed hemos generado mucha conciencia en las personas, y <strong>s\u00e9 de muchas que el programa les ha cambiado la vida en el sentido de que su forma de actuar en lo cotidiano es distinta y no consumen y no producen tanta basura<\/strong>\u201d.<\/p>\n<p>&nbsp;<\/p>\n","protected":false},"excerpt":{"rendered":"<p>Cient\u00edficos de la basura: 14 a\u00f1os educando y creando conciencia sobre la trascendencia de cuidar el medio ambiente<\/p>\n","protected":false},"author":21,"featured_media":41643,"comment_status":"open","ping_status":"open","sticky":false,"template":"","format":"standard","meta":{"_acf_changed":false,"_exactmetrics_skip_tracking":false,"_exactmetrics_sitenote_active":false,"_exactmetrics_sitenote_note":"","_exactmetrics_sitenote_category":0,"footnotes":"","_links_to":"","_links_to_target":""},"categories":[4],"tags":[],"class_list":["post-41642","post","type-post","status-publish","format-standard","has-post-thumbnail","hentry","category-noticias"],"acf":[],"yoast_head":"<!-- This site is optimized with the Yoast SEO plugin v26.9 - https:\/\/yoast.com\/product\/yoast-seo-wordpress\/ -->\n<title>Cient\u00edficos de la basura: 14 a\u00f1os educando y creando conciencia sobre la trascendencia de cuidar el medio ambiente - Coquimbo<\/title>\n<meta name=\"robots\" content=\"index, follow, max-snippet:-1, max-image-preview:large, max-video-preview:-1\" \/>\n<link rel=\"canonical\" href=\"https:\/\/explora.cl\/coquimbo\/cientificos-de-la-basura-14-anos-educando-y-creando-conciencia-sobre-la-trascendencia-de-cuidar-el-medio-ambiente\/\" class=\"yoast-seo-meta-tag\" \/>\n<meta property=\"og:locale\" content=\"es_ES\" class=\"yoast-seo-meta-tag\" \/>\n<meta property=\"og:type\" content=\"article\" class=\"yoast-seo-meta-tag\" \/>\n<meta property=\"og:title\" content=\"Cient\u00edficos de la basura: 14 a\u00f1os educando y creando conciencia sobre la trascendencia de cuidar el medio ambiente - Coquimbo\" class=\"yoast-seo-meta-tag\" \/>\n<meta property=\"og:description\" content=\"Cient\u00edficos de la basura: 14 a\u00f1os educando y creando conciencia sobre la trascendencia de cuidar el medio ambiente\" class=\"yoast-seo-meta-tag\" \/>\n<meta property=\"og:url\" content=\"https:\/\/explora.cl\/coquimbo\/cientificos-de-la-basura-14-anos-educando-y-creando-conciencia-sobre-la-trascendencia-de-cuidar-el-medio-ambiente\/\" class=\"yoast-seo-meta-tag\" \/>\n<meta property=\"og:site_name\" content=\"Coquimbo\" class=\"yoast-seo-meta-tag\" \/>\n<meta property=\"article:published_time\" content=\"2021-07-30T12:30:02+00:00\" class=\"yoast-seo-meta-tag\" \/>\n<meta property=\"article:modified_time\" content=\"2021-08-31T20:34:43+00:00\" class=\"yoast-seo-meta-tag\" \/>\n<meta property=\"og:image\" content=\"https:\/\/explora.cl\/coquimbo\/wp-content\/uploads\/sites\/6\/2021\/07\/cientificos-de-la-basura-01.jpg\" class=\"yoast-seo-meta-tag\" \/>\n\t<meta property=\"og:image:width\" content=\"1211\" class=\"yoast-seo-meta-tag\" \/>\n\t<meta property=\"og:image:height\" content=\"782\" class=\"yoast-seo-meta-tag\" \/>\n\t<meta property=\"og:image:type\" content=\"image\/jpeg\" class=\"yoast-seo-meta-tag\" \/>\n<meta name=\"author\" content=\"jimartin\" class=\"yoast-seo-meta-tag\" \/>\n<meta name=\"twitter:card\" content=\"summary_large_image\" class=\"yoast-seo-meta-tag\" \/>\n<meta name=\"twitter:label1\" content=\"Escrito por\" class=\"yoast-seo-meta-tag\" \/>\n\t<meta name=\"twitter:data1\" content=\"jimartin\" class=\"yoast-seo-meta-tag\" \/>\n\t<meta name=\"twitter:label2\" content=\"Tiempo estimado de lectura\" class=\"yoast-seo-meta-tag\" \/>\n\t<meta name=\"twitter:data2\" content=\"5 minutos\" class=\"yoast-seo-meta-tag\" \/>\n<script type=\"application\/ld+json\" class=\"yoast-schema-graph\">{\"@context\":\"https:\/\/schema.org\",\"@graph\":[{\"@type\":\"Article\",\"@id\":\"https:\/\/explora.cl\/coquimbo\/cientificos-de-la-basura-14-anos-educando-y-creando-conciencia-sobre-la-trascendencia-de-cuidar-el-medio-ambiente\/#article\",\"isPartOf\":{\"@id\":\"https:\/\/explora.cl\/coquimbo\/cientificos-de-la-basura-14-anos-educando-y-creando-conciencia-sobre-la-trascendencia-de-cuidar-el-medio-ambiente\/\"},\"author\":{\"name\":\"jimartin\",\"@id\":\"https:\/\/explora.cl\/coquimbo\/#\/schema\/person\/c171f405669e4e4f7e56a099200d2fe6\"},\"headline\":\"Cient\u00edficos de la basura: 14 a\u00f1os educando y creando conciencia sobre la trascendencia de cuidar el medio ambiente\",\"datePublished\":\"2021-07-30T12:30:02+00:00\",\"dateModified\":\"2021-08-31T20:34:43+00:00\",\"mainEntityOfPage\":{\"@id\":\"https:\/\/explora.cl\/coquimbo\/cientificos-de-la-basura-14-anos-educando-y-creando-conciencia-sobre-la-trascendencia-de-cuidar-el-medio-ambiente\/\"},\"wordCount\":1017,\"commentCount\":0,\"publisher\":{\"@id\":\"https:\/\/explora.cl\/coquimbo\/#organization\"},\"image\":{\"@id\":\"https:\/\/explora.cl\/coquimbo\/cientificos-de-la-basura-14-anos-educando-y-creando-conciencia-sobre-la-trascendencia-de-cuidar-el-medio-ambiente\/#primaryimage\"},\"thumbnailUrl\":\"https:\/\/explora.cl\/coquimbo\/wp-content\/uploads\/sites\/6\/2021\/07\/cientificos-de-la-basura-01.jpg\",\"articleSection\":[\"Noticias\"],\"inLanguage\":\"es-CL\",\"potentialAction\":[{\"@type\":\"CommentAction\",\"name\":\"Comment\",\"target\":[\"https:\/\/explora.cl\/coquimbo\/cientificos-de-la-basura-14-anos-educando-y-creando-conciencia-sobre-la-trascendencia-de-cuidar-el-medio-ambiente\/#respond\"]}]},{\"@type\":\"WebPage\",\"@id\":\"https:\/\/explora.cl\/coquimbo\/cientificos-de-la-basura-14-anos-educando-y-creando-conciencia-sobre-la-trascendencia-de-cuidar-el-medio-ambiente\/\",\"url\":\"https:\/\/explora.cl\/coquimbo\/cientificos-de-la-basura-14-anos-educando-y-creando-conciencia-sobre-la-trascendencia-de-cuidar-el-medio-ambiente\/\",\"name\":\"Cient\u00edficos de la basura: 14 a\u00f1os educando y creando conciencia sobre la trascendencia de cuidar el medio ambiente - Coquimbo\",\"isPartOf\":{\"@id\":\"https:\/\/explora.cl\/coquimbo\/#website\"},\"primaryImageOfPage\":{\"@id\":\"https:\/\/explora.cl\/coquimbo\/cientificos-de-la-basura-14-anos-educando-y-creando-conciencia-sobre-la-trascendencia-de-cuidar-el-medio-ambiente\/#primaryimage\"},\"image\":{\"@id\":\"https:\/\/explora.cl\/coquimbo\/cientificos-de-la-basura-14-anos-educando-y-creando-conciencia-sobre-la-trascendencia-de-cuidar-el-medio-ambiente\/#primaryimage\"},\"thumbnailUrl\":\"https:\/\/explora.cl\/coquimbo\/wp-content\/uploads\/sites\/6\/2021\/07\/cientificos-de-la-basura-01.jpg\",\"datePublished\":\"2021-07-30T12:30:02+00:00\",\"dateModified\":\"2021-08-31T20:34:43+00:00\",\"breadcrumb\":{\"@id\":\"https:\/\/explora.cl\/coquimbo\/cientificos-de-la-basura-14-anos-educando-y-creando-conciencia-sobre-la-trascendencia-de-cuidar-el-medio-ambiente\/#breadcrumb\"},\"inLanguage\":\"es-CL\",\"potentialAction\":[{\"@type\":\"ReadAction\",\"target\":[\"https:\/\/explora.cl\/coquimbo\/cientificos-de-la-basura-14-anos-educando-y-creando-conciencia-sobre-la-trascendencia-de-cuidar-el-medio-ambiente\/\"]}]},{\"@type\":\"ImageObject\",\"inLanguage\":\"es-CL\",\"@id\":\"https:\/\/explora.cl\/coquimbo\/cientificos-de-la-basura-14-anos-educando-y-creando-conciencia-sobre-la-trascendencia-de-cuidar-el-medio-ambiente\/#primaryimage\",\"url\":\"https:\/\/explora.cl\/coquimbo\/wp-content\/uploads\/sites\/6\/2021\/07\/cientificos-de-la-basura-01.jpg\",\"contentUrl\":\"https:\/\/explora.cl\/coquimbo\/wp-content\/uploads\/sites\/6\/2021\/07\/cientificos-de-la-basura-01.jpg\",\"width\":1211,\"height\":782},{\"@type\":\"BreadcrumbList\",\"@id\":\"https:\/\/explora.cl\/coquimbo\/cientificos-de-la-basura-14-anos-educando-y-creando-conciencia-sobre-la-trascendencia-de-cuidar-el-medio-ambiente\/#breadcrumb\",\"itemListElement\":[{\"@type\":\"ListItem\",\"position\":1,\"name\":\"Portada\",\"item\":\"https:\/\/explora.cl\/coquimbo\/\"},{\"@type\":\"ListItem\",\"position\":2,\"name\":\"Cient\u00edficos de la basura: 14 a\u00f1os educando y creando conciencia sobre la trascendencia de cuidar el medio ambiente\"}]},{\"@type\":\"WebSite\",\"@id\":\"https:\/\/explora.cl\/coquimbo\/#website\",\"url\":\"https:\/\/explora.cl\/coquimbo\/\",\"name\":\"Coquimbo\",\"description\":\"Otro sitio m\u00e1s de explora.cl\",\"publisher\":{\"@id\":\"https:\/\/explora.cl\/coquimbo\/#organization\"},\"potentialAction\":[{\"@type\":\"SearchAction\",\"target\":{\"@type\":\"EntryPoint\",\"urlTemplate\":\"https:\/\/explora.cl\/coquimbo\/?s={search_term_string}\"},\"query-input\":{\"@type\":\"PropertyValueSpecification\",\"valueRequired\":true,\"valueName\":\"search_term_string\"}}],\"inLanguage\":\"es-CL\"},{\"@type\":\"Organization\",\"@id\":\"https:\/\/explora.cl\/coquimbo\/#organization\",\"name\":\"Coquimbo\",\"url\":\"https:\/\/explora.cl\/coquimbo\/\",\"logo\":{\"@type\":\"ImageObject\",\"inLanguage\":\"es-CL\",\"@id\":\"https:\/\/explora.cl\/coquimbo\/#\/schema\/logo\/image\/\",\"url\":\"https:\/\/explora.cl\/coquimbo\/wp-content\/uploads\/sites\/6\/2020\/08\/cropped-Mesa-de-trabajo-1-100.jpg\",\"contentUrl\":\"https:\/\/explora.cl\/coquimbo\/wp-content\/uploads\/sites\/6\/2020\/08\/cropped-Mesa-de-trabajo-1-100.jpg\",\"width\":615,\"height\":576,\"caption\":\"Coquimbo\"},\"image\":{\"@id\":\"https:\/\/explora.cl\/coquimbo\/#\/schema\/logo\/image\/\"}},{\"@type\":\"Person\",\"@id\":\"https:\/\/explora.cl\/coquimbo\/#\/schema\/person\/c171f405669e4e4f7e56a099200d2fe6\",\"name\":\"jimartin\",\"image\":{\"@type\":\"ImageObject\",\"inLanguage\":\"es-CL\",\"@id\":\"https:\/\/explora.cl\/coquimbo\/#\/schema\/person\/image\/\",\"url\":\"https:\/\/secure.gravatar.com\/avatar\/8dfd7d14443934731a5aea629f40c1aceb42cc8b566a9926567e833c9d22b643?s=96&d=mm&r=g\",\"contentUrl\":\"https:\/\/secure.gravatar.com\/avatar\/8dfd7d14443934731a5aea629f40c1aceb42cc8b566a9926567e833c9d22b643?s=96&d=mm&r=g\",\"caption\":\"jimartin\"},\"url\":\"https:\/\/explora.cl\/coquimbo\/author\/jimartin\/\"}]}<\/script>\n<!-- \/ Yoast SEO plugin. -->","yoast_head_json":{"title":"Cient\u00edficos de la basura: 14 a\u00f1os educando y creando conciencia sobre la trascendencia de cuidar el medio ambiente - Coquimbo","robots":{"index":"index","follow":"follow","max-snippet":"max-snippet:-1","max-image-preview":"max-image-preview:large","max-video-preview":"max-video-preview:-1"},"canonical":"https:\/\/explora.cl\/coquimbo\/cientificos-de-la-basura-14-anos-educando-y-creando-conciencia-sobre-la-trascendencia-de-cuidar-el-medio-ambiente\/","og_locale":"es_ES","og_type":"article","og_title":"Cient\u00edficos de la basura: 14 a\u00f1os educando y creando conciencia sobre la trascendencia de cuidar el medio ambiente - Coquimbo","og_description":"Cient\u00edficos de la basura: 14 a\u00f1os educando y creando conciencia sobre la trascendencia de cuidar el medio ambiente","og_url":"https:\/\/explora.cl\/coquimbo\/cientificos-de-la-basura-14-anos-educando-y-creando-conciencia-sobre-la-trascendencia-de-cuidar-el-medio-ambiente\/","og_site_name":"Coquimbo","article_published_time":"2021-07-30T12:30:02+00:00","article_modified_time":"2021-08-31T20:34:43+00:00","og_image":[{"width":1211,"height":782,"url":"https:\/\/explora.cl\/coquimbo\/wp-content\/uploads\/sites\/6\/2021\/07\/cientificos-de-la-basura-01.jpg","type":"image\/jpeg"}],"author":"jimartin","twitter_card":"summary_large_image","twitter_misc":{"Escrito por":"jimartin","Tiempo estimado de lectura":"5 minutos"},"schema":{"@context":"https:\/\/schema.org","@graph":[{"@type":"Article","@id":"https:\/\/explora.cl\/coquimbo\/cientificos-de-la-basura-14-anos-educando-y-creando-conciencia-sobre-la-trascendencia-de-cuidar-el-medio-ambiente\/#article","isPartOf":{"@id":"https:\/\/explora.cl\/coquimbo\/cientificos-de-la-basura-14-anos-educando-y-creando-conciencia-sobre-la-trascendencia-de-cuidar-el-medio-ambiente\/"},"author":{"name":"jimartin","@id":"https:\/\/explora.cl\/coquimbo\/#\/schema\/person\/c171f405669e4e4f7e56a099200d2fe6"},"headline":"Cient\u00edficos de la basura: 14 a\u00f1os educando y creando conciencia sobre la trascendencia de cuidar el medio ambiente","datePublished":"2021-07-30T12:30:02+00:00","dateModified":"2021-08-31T20:34:43+00:00","mainEntityOfPage":{"@id":"https:\/\/explora.cl\/coquimbo\/cientificos-de-la-basura-14-anos-educando-y-creando-conciencia-sobre-la-trascendencia-de-cuidar-el-medio-ambiente\/"},"wordCount":1017,"commentCount":0,"publisher":{"@id":"https:\/\/explora.cl\/coquimbo\/#organization"},"image":{"@id":"https:\/\/explora.cl\/coquimbo\/cientificos-de-la-basura-14-anos-educando-y-creando-conciencia-sobre-la-trascendencia-de-cuidar-el-medio-ambiente\/#primaryimage"},"thumbnailUrl":"https:\/\/explora.cl\/coquimbo\/wp-content\/uploads\/sites\/6\/2021\/07\/cientificos-de-la-basura-01.jpg","articleSection":["Noticias"],"inLanguage":"es-CL","potentialAction":[{"@type":"CommentAction","name":"Comment","target":["https:\/\/explora.cl\/coquimbo\/cientificos-de-la-basura-14-anos-educando-y-creando-conciencia-sobre-la-trascendencia-de-cuidar-el-medio-ambiente\/#respond"]}]},{"@type":"WebPage","@id":"https:\/\/explora.cl\/coquimbo\/cientificos-de-la-basura-14-anos-educando-y-creando-conciencia-sobre-la-trascendencia-de-cuidar-el-medio-ambiente\/","url":"https:\/\/explora.cl\/coquimbo\/cientificos-de-la-basura-14-anos-educando-y-creando-conciencia-sobre-la-trascendencia-de-cuidar-el-medio-ambiente\/","name":"Cient\u00edficos de la basura: 14 a\u00f1os educando y creando conciencia sobre la trascendencia de cuidar el medio ambiente - Coquimbo","isPartOf":{"@id":"https:\/\/explora.cl\/coquimbo\/#website"},"primaryImageOfPage":{"@id":"https:\/\/explora.cl\/coquimbo\/cientificos-de-la-basura-14-anos-educando-y-creando-conciencia-sobre-la-trascendencia-de-cuidar-el-medio-ambiente\/#primaryimage"},"image":{"@id":"https:\/\/explora.cl\/coquimbo\/cientificos-de-la-basura-14-anos-educando-y-creando-conciencia-sobre-la-trascendencia-de-cuidar-el-medio-ambiente\/#primaryimage"},"thumbnailUrl":"https:\/\/explora.cl\/coquimbo\/wp-content\/uploads\/sites\/6\/2021\/07\/cientificos-de-la-basura-01.jpg","datePublished":"2021-07-30T12:30:02+00:00","dateModified":"2021-08-31T20:34:43+00:00","breadcrumb":{"@id":"https:\/\/explora.cl\/coquimbo\/cientificos-de-la-basura-14-anos-educando-y-creando-conciencia-sobre-la-trascendencia-de-cuidar-el-medio-ambiente\/#breadcrumb"},"inLanguage":"es-CL","potentialAction":[{"@type":"ReadAction","target":["https:\/\/explora.cl\/coquimbo\/cientificos-de-la-basura-14-anos-educando-y-creando-conciencia-sobre-la-trascendencia-de-cuidar-el-medio-ambiente\/"]}]},{"@type":"ImageObject","inLanguage":"es-CL","@id":"https:\/\/explora.cl\/coquimbo\/cientificos-de-la-basura-14-anos-educando-y-creando-conciencia-sobre-la-trascendencia-de-cuidar-el-medio-ambiente\/#primaryimage","url":"https:\/\/explora.cl\/coquimbo\/wp-content\/uploads\/sites\/6\/2021\/07\/cientificos-de-la-basura-01.jpg","contentUrl":"https:\/\/explora.cl\/coquimbo\/wp-content\/uploads\/sites\/6\/2021\/07\/cientificos-de-la-basura-01.jpg","width":1211,"height":782},{"@type":"BreadcrumbList","@id":"https:\/\/explora.cl\/coquimbo\/cientificos-de-la-basura-14-anos-educando-y-creando-conciencia-sobre-la-trascendencia-de-cuidar-el-medio-ambiente\/#breadcrumb","itemListElement":[{"@type":"ListItem","position":1,"name":"Portada","item":"https:\/\/explora.cl\/coquimbo\/"},{"@type":"ListItem","position":2,"name":"Cient\u00edficos de la basura: 14 a\u00f1os educando y creando conciencia sobre la trascendencia de cuidar el medio ambiente"}]},{"@type":"WebSite","@id":"https:\/\/explora.cl\/coquimbo\/#website","url":"https:\/\/explora.cl\/coquimbo\/","name":"Coquimbo","description":"Otro sitio m\u00e1s de explora.cl","publisher":{"@id":"https:\/\/explora.cl\/coquimbo\/#organization"},"potentialAction":[{"@type":"SearchAction","target":{"@type":"EntryPoint","urlTemplate":"https:\/\/explora.cl\/coquimbo\/?s={search_term_string}"},"query-input":{"@type":"PropertyValueSpecification","valueRequired":true,"valueName":"search_term_string"}}],"inLanguage":"es-CL"},{"@type":"Organization","@id":"https:\/\/explora.cl\/coquimbo\/#organization","name":"Coquimbo","url":"https:\/\/explora.cl\/coquimbo\/","logo":{"@type":"ImageObject","inLanguage":"es-CL","@id":"https:\/\/explora.cl\/coquimbo\/#\/schema\/logo\/image\/","url":"https:\/\/explora.cl\/coquimbo\/wp-content\/uploads\/sites\/6\/2020\/08\/cropped-Mesa-de-trabajo-1-100.jpg","contentUrl":"https:\/\/explora.cl\/coquimbo\/wp-content\/uploads\/sites\/6\/2020\/08\/cropped-Mesa-de-trabajo-1-100.jpg","width":615,"height":576,"caption":"Coquimbo"},"image":{"@id":"https:\/\/explora.cl\/coquimbo\/#\/schema\/logo\/image\/"}},{"@type":"Person","@id":"https:\/\/explora.cl\/coquimbo\/#\/schema\/person\/c171f405669e4e4f7e56a099200d2fe6","name":"jimartin","image":{"@type":"ImageObject","inLanguage":"es-CL","@id":"https:\/\/explora.cl\/coquimbo\/#\/schema\/person\/image\/","url":"https:\/\/secure.gravatar.com\/avatar\/8dfd7d14443934731a5aea629f40c1aceb42cc8b566a9926567e833c9d22b643?s=96&d=mm&r=g","contentUrl":"https:\/\/secure.gravatar.com\/avatar\/8dfd7d14443934731a5aea629f40c1aceb42cc8b566a9926567e833c9d22b643?s=96&d=mm&r=g","caption":"jimartin"},"url":"https:\/\/explora.cl\/coquimbo\/author\/jimartin\/"}]}},"_links":{"self":[{"href":"https:\/\/explora.cl\/coquimbo\/wp-json\/wp\/v2\/posts\/41642","targetHints":{"allow":["GET"]}}],"collection":[{"href":"https:\/\/explora.cl\/coquimbo\/wp-json\/wp\/v2\/posts"}],"about":[{"href":"https:\/\/explora.cl\/coquimbo\/wp-json\/wp\/v2\/types\/post"}],"author":[{"embeddable":true,"href":"https:\/\/explora.cl\/coquimbo\/wp-json\/wp\/v2\/users\/21"}],"replies":[{"embeddable":true,"href":"https:\/\/explora.cl\/coquimbo\/wp-json\/wp\/v2\/comments?post=41642"}],"version-history":[{"count":2,"href":"https:\/\/explora.cl\/coquimbo\/wp-json\/wp\/v2\/posts\/41642\/revisions"}],"predecessor-version":[{"id":41645,"href":"https:\/\/explora.cl\/coquimbo\/wp-json\/wp\/v2\/posts\/41642\/revisions\/41645"}],"wp:featuredmedia":[{"embeddable":true,"href":"https:\/\/explora.cl\/coquimbo\/wp-json\/wp\/v2\/media\/41643"}],"wp:attachment":[{"href":"https:\/\/explora.cl\/coquimbo\/wp-json\/wp\/v2\/media?parent=41642"}],"wp:term":[{"taxonomy":"category","embeddable":true,"href":"https:\/\/explora.cl\/coquimbo\/wp-json\/wp\/v2\/categories?post=41642"},{"taxonomy":"post_tag","embeddable":true,"href":"https:\/\/explora.cl\/coquimbo\/wp-json\/wp\/v2\/tags?post=41642"}],"curies":[{"name":"wp","href":"https:\/\/api.w.org\/{rel}","templated":true}]}}