{"id":41639,"date":"2021-07-28T10:20:19","date_gmt":"2021-07-28T14:20:19","guid":{"rendered":"https:\/\/explora.cl\/coquimbo\/?p=41639"},"modified":"2021-08-31T16:30:37","modified_gmt":"2021-08-31T20:30:37","slug":"llamado-a-la-comunidad-cientifica-a-participar-realizando-charlas-conversatorios-y-mas-en-la-iniciativa-ciencia-abierta","status":"publish","type":"post","link":"https:\/\/explora.cl\/coquimbo\/llamado-a-la-comunidad-cientifica-a-participar-realizando-charlas-conversatorios-y-mas-en-la-iniciativa-ciencia-abierta\/","title":{"rendered":"Llamado a la comunidad cient\u00edfica a participar realizando charlas, conversatorios y m\u00e1s en Ciencia Abierta"},"content":{"rendered":"<p style=\"text-align: justify\">El Proyecto Explora Coquimbo financiado por el Ministerio de Ciencia, Tecnolog\u00eda, Conocimiento e Innovaci\u00f3n y ejecutado por la Universidad Cat\u00f3lica del Norte <strong>invita a cient\u00edficos, cient\u00edficas, divulgadores, divulgadoras que deseen sumarse a la actividad Ciencia Abierta<\/strong> aportando con sus conocimientos dando charlas, participando de conversatorios y late cient\u00edficos.<\/p>\n<p style=\"text-align: justify\">La iniciativa busca fortalecer el v\u00ednculo entre investigadores e investigadoras y la sociedad, a trav\u00e9s de encuentros en formatos l\u00fadicos y participativos, promoviendo la socializaci\u00f3n y apropiaci\u00f3n del conocimiento.<\/p>\n<p style=\"text-align: justify\">Para postular debes enviar un correo a <a href=\"mailto:cienciaabiertacqbo@gmail.com\">cienciaabiertacqbo@gmail.com<\/a> indicando como asunto \u201cPostulaci\u00f3n a Ciencia Abierta 2021\u201d incluyendo tu nombre, correo, n\u00famero de tel\u00e9fono y \u00e1reas de trabajo en las que te desarrollas.<\/p>\n<p style=\"text-align: justify\"><img fetchpriority=\"high\" decoding=\"async\" class=\"size-medium wp-image-41624 alignright\" src=\"https:\/\/explora.cl\/coquimbo\/wp-content\/uploads\/sites\/6\/2021\/07\/Ciencia-Abierta_01-Post-Carrusel-300x300.jpg\" alt=\"\" width=\"300\" height=\"300\" srcset=\"https:\/\/explora.cl\/coquimbo\/wp-content\/uploads\/sites\/6\/2021\/07\/Ciencia-Abierta_01-Post-Carrusel-300x300.jpg 300w, https:\/\/explora.cl\/coquimbo\/wp-content\/uploads\/sites\/6\/2021\/07\/Ciencia-Abierta_01-Post-Carrusel-150x150.jpg 150w, https:\/\/explora.cl\/coquimbo\/wp-content\/uploads\/sites\/6\/2021\/07\/Ciencia-Abierta_01-Post-Carrusel-768x768.jpg 768w, https:\/\/explora.cl\/coquimbo\/wp-content\/uploads\/sites\/6\/2021\/07\/Ciencia-Abierta_01-Post-Carrusel-1024x1024.jpg 1024w, https:\/\/explora.cl\/coquimbo\/wp-content\/uploads\/sites\/6\/2021\/07\/Ciencia-Abierta_01-Post-Carrusel-60x60.jpg 60w, https:\/\/explora.cl\/coquimbo\/wp-content\/uploads\/sites\/6\/2021\/07\/Ciencia-Abierta_01-Post-Carrusel.jpg 1651w\" sizes=\"(max-width: 300px) 100vw, 300px\" \/>Adem\u00e1s, como parte de la iniciativa, se est\u00e1 desarrollando un levantamiento de informaci\u00f3n con el objetivo de conocer mejor los temas que son del inter\u00e9s p\u00fablico, para lo cual existe una <strong>encuesta p\u00fablica<\/strong> con cuyos resultados se desarrollar\u00e1 un nuevo ciclo de charlas, conversatorios y late cient\u00edficos a realizarse durante el segundo semestre como parte de Ciencia Abierta.<\/p>\n<p style=\"text-align: justify\">Al respecto, el encargado de Ciencia Abierta del Proyecto Explora Coquimbo, Franco Mar\u00edn invita a participar \u201cestamos felices de contarles que ya est\u00e1 abierta la convocatoria e invitamos a todos los divulgadores y divulgadoras de la ciencia a que compartan su conocimiento y se inscriban en nuestro correo, de igual manera invitamos a toda la sociedad a participar de nuestra encuesta para saber los temas y \u00e1reas que son de su inter\u00e9s\u201d.<\/p>\n<p style=\"text-align: justify\"><strong>Te dejamos aqu\u00ed el link de la encuesta:\u00a0<a href=\"https:\/\/forms.gle\/7umxT3yQVWdogiEF6\">https:\/\/forms.gle\/7umxT3yQVWdogiEF6<\/a><\/strong><\/p>\n","protected":false},"excerpt":{"rendered":"<p>Llamado a la comunidad cient\u00edfica a participar realizando charlas, conversatorios y m\u00e1s en Ciencia Abierta<\/p>\n","protected":false},"author":21,"featured_media":41625,"comment_status":"open","ping_status":"open","sticky":false,"template":"","format":"standard","meta":{"_acf_changed":false,"_exactmetrics_skip_tracking":false,"_exactmetrics_sitenote_active":false,"_exactmetrics_sitenote_note":"","_exactmetrics_sitenote_category":0,"footnotes":"","_links_to":"","_links_to_target":""},"categories":[4],"tags":[],"class_list":["post-41639","post","type-post","status-publish","format-standard","has-post-thumbnail","hentry","category-noticias"],"acf":[],"yoast_head":"<!-- This site is optimized with the Yoast SEO plugin v26.9 - https:\/\/yoast.com\/product\/yoast-seo-wordpress\/ -->\n<title>Llamado a la comunidad cient\u00edfica a participar realizando charlas, conversatorios y m\u00e1s en Ciencia Abierta - Coquimbo<\/title>\n<meta name=\"robots\" content=\"index, follow, max-snippet:-1, max-image-preview:large, max-video-preview:-1\" \/>\n<link rel=\"canonical\" href=\"https:\/\/explora.cl\/coquimbo\/llamado-a-la-comunidad-cientifica-a-participar-realizando-charlas-conversatorios-y-mas-en-la-iniciativa-ciencia-abierta\/\" class=\"yoast-seo-meta-tag\" \/>\n<meta property=\"og:locale\" content=\"es_ES\" class=\"yoast-seo-meta-tag\" \/>\n<meta property=\"og:type\" content=\"article\" class=\"yoast-seo-meta-tag\" \/>\n<meta property=\"og:title\" content=\"Llamado a la comunidad cient\u00edfica a participar realizando charlas, conversatorios y m\u00e1s en Ciencia Abierta - Coquimbo\" class=\"yoast-seo-meta-tag\" \/>\n<meta property=\"og:description\" content=\"Llamado a la comunidad cient\u00edfica a participar realizando charlas, conversatorios y m\u00e1s en Ciencia Abierta\" class=\"yoast-seo-meta-tag\" \/>\n<meta property=\"og:url\" content=\"https:\/\/explora.cl\/coquimbo\/llamado-a-la-comunidad-cientifica-a-participar-realizando-charlas-conversatorios-y-mas-en-la-iniciativa-ciencia-abierta\/\" class=\"yoast-seo-meta-tag\" \/>\n<meta property=\"og:site_name\" content=\"Coquimbo\" class=\"yoast-seo-meta-tag\" \/>\n<meta property=\"article:published_time\" content=\"2021-07-28T14:20:19+00:00\" class=\"yoast-seo-meta-tag\" \/>\n<meta property=\"article:modified_time\" content=\"2021-08-31T20:30:37+00:00\" class=\"yoast-seo-meta-tag\" \/>\n<meta property=\"og:image\" content=\"https:\/\/explora.cl\/coquimbo\/wp-content\/uploads\/sites\/6\/2021\/07\/Ciencia-Abierta-Ilustrado_Banner-WEB.jpg\" class=\"yoast-seo-meta-tag\" \/>\n\t<meta property=\"og:image:width\" content=\"1110\" class=\"yoast-seo-meta-tag\" \/>\n\t<meta property=\"og:image:height\" content=\"716\" class=\"yoast-seo-meta-tag\" \/>\n\t<meta property=\"og:image:type\" content=\"image\/jpeg\" class=\"yoast-seo-meta-tag\" \/>\n<meta name=\"author\" content=\"jimartin\" class=\"yoast-seo-meta-tag\" \/>\n<meta name=\"twitter:card\" content=\"summary_large_image\" class=\"yoast-seo-meta-tag\" \/>\n<meta name=\"twitter:label1\" content=\"Escrito por\" class=\"yoast-seo-meta-tag\" \/>\n\t<meta name=\"twitter:data1\" content=\"jimartin\" class=\"yoast-seo-meta-tag\" \/>\n\t<meta name=\"twitter:label2\" content=\"Tiempo estimado de lectura\" class=\"yoast-seo-meta-tag\" \/>\n\t<meta name=\"twitter:data2\" content=\"1 minuto\" class=\"yoast-seo-meta-tag\" \/>\n<script type=\"application\/ld+json\" class=\"yoast-schema-graph\">{\"@context\":\"https:\/\/schema.org\",\"@graph\":[{\"@type\":\"Article\",\"@id\":\"https:\/\/explora.cl\/coquimbo\/llamado-a-la-comunidad-cientifica-a-participar-realizando-charlas-conversatorios-y-mas-en-la-iniciativa-ciencia-abierta\/#article\",\"isPartOf\":{\"@id\":\"https:\/\/explora.cl\/coquimbo\/llamado-a-la-comunidad-cientifica-a-participar-realizando-charlas-conversatorios-y-mas-en-la-iniciativa-ciencia-abierta\/\"},\"author\":{\"name\":\"jimartin\",\"@id\":\"https:\/\/explora.cl\/coquimbo\/#\/schema\/person\/c171f405669e4e4f7e56a099200d2fe6\"},\"headline\":\"Llamado a la comunidad cient\u00edfica a participar realizando charlas, conversatorios y m\u00e1s en Ciencia Abierta\",\"datePublished\":\"2021-07-28T14:20:19+00:00\",\"dateModified\":\"2021-08-31T20:30:37+00:00\",\"mainEntityOfPage\":{\"@id\":\"https:\/\/explora.cl\/coquimbo\/llamado-a-la-comunidad-cientifica-a-participar-realizando-charlas-conversatorios-y-mas-en-la-iniciativa-ciencia-abierta\/\"},\"wordCount\":292,\"commentCount\":0,\"publisher\":{\"@id\":\"https:\/\/explora.cl\/coquimbo\/#organization\"},\"image\":{\"@id\":\"https:\/\/explora.cl\/coquimbo\/llamado-a-la-comunidad-cientifica-a-participar-realizando-charlas-conversatorios-y-mas-en-la-iniciativa-ciencia-abierta\/#primaryimage\"},\"thumbnailUrl\":\"https:\/\/explora.cl\/coquimbo\/wp-content\/uploads\/sites\/6\/2021\/07\/Ciencia-Abierta-Ilustrado_Banner-WEB.jpg\",\"articleSection\":[\"Noticias\"],\"inLanguage\":\"es-CL\",\"potentialAction\":[{\"@type\":\"CommentAction\",\"name\":\"Comment\",\"target\":[\"https:\/\/explora.cl\/coquimbo\/llamado-a-la-comunidad-cientifica-a-participar-realizando-charlas-conversatorios-y-mas-en-la-iniciativa-ciencia-abierta\/#respond\"]}]},{\"@type\":\"WebPage\",\"@id\":\"https:\/\/explora.cl\/coquimbo\/llamado-a-la-comunidad-cientifica-a-participar-realizando-charlas-conversatorios-y-mas-en-la-iniciativa-ciencia-abierta\/\",\"url\":\"https:\/\/explora.cl\/coquimbo\/llamado-a-la-comunidad-cientifica-a-participar-realizando-charlas-conversatorios-y-mas-en-la-iniciativa-ciencia-abierta\/\",\"name\":\"Llamado a la comunidad cient\u00edfica a participar realizando charlas, conversatorios y m\u00e1s en Ciencia Abierta - Coquimbo\",\"isPartOf\":{\"@id\":\"https:\/\/explora.cl\/coquimbo\/#website\"},\"primaryImageOfPage\":{\"@id\":\"https:\/\/explora.cl\/coquimbo\/llamado-a-la-comunidad-cientifica-a-participar-realizando-charlas-conversatorios-y-mas-en-la-iniciativa-ciencia-abierta\/#primaryimage\"},\"image\":{\"@id\":\"https:\/\/explora.cl\/coquimbo\/llamado-a-la-comunidad-cientifica-a-participar-realizando-charlas-conversatorios-y-mas-en-la-iniciativa-ciencia-abierta\/#primaryimage\"},\"thumbnailUrl\":\"https:\/\/explora.cl\/coquimbo\/wp-content\/uploads\/sites\/6\/2021\/07\/Ciencia-Abierta-Ilustrado_Banner-WEB.jpg\",\"datePublished\":\"2021-07-28T14:20:19+00:00\",\"dateModified\":\"2021-08-31T20:30:37+00:00\",\"breadcrumb\":{\"@id\":\"https:\/\/explora.cl\/coquimbo\/llamado-a-la-comunidad-cientifica-a-participar-realizando-charlas-conversatorios-y-mas-en-la-iniciativa-ciencia-abierta\/#breadcrumb\"},\"inLanguage\":\"es-CL\",\"potentialAction\":[{\"@type\":\"ReadAction\",\"target\":[\"https:\/\/explora.cl\/coquimbo\/llamado-a-la-comunidad-cientifica-a-participar-realizando-charlas-conversatorios-y-mas-en-la-iniciativa-ciencia-abierta\/\"]}]},{\"@type\":\"ImageObject\",\"inLanguage\":\"es-CL\",\"@id\":\"https:\/\/explora.cl\/coquimbo\/llamado-a-la-comunidad-cientifica-a-participar-realizando-charlas-conversatorios-y-mas-en-la-iniciativa-ciencia-abierta\/#primaryimage\",\"url\":\"https:\/\/explora.cl\/coquimbo\/wp-content\/uploads\/sites\/6\/2021\/07\/Ciencia-Abierta-Ilustrado_Banner-WEB.jpg\",\"contentUrl\":\"https:\/\/explora.cl\/coquimbo\/wp-content\/uploads\/sites\/6\/2021\/07\/Ciencia-Abierta-Ilustrado_Banner-WEB.jpg\",\"width\":1110,\"height\":716},{\"@type\":\"BreadcrumbList\",\"@id\":\"https:\/\/explora.cl\/coquimbo\/llamado-a-la-comunidad-cientifica-a-participar-realizando-charlas-conversatorios-y-mas-en-la-iniciativa-ciencia-abierta\/#breadcrumb\",\"itemListElement\":[{\"@type\":\"ListItem\",\"position\":1,\"name\":\"Portada\",\"item\":\"https:\/\/explora.cl\/coquimbo\/\"},{\"@type\":\"ListItem\",\"position\":2,\"name\":\"Llamado a la comunidad cient\u00edfica a participar realizando charlas, conversatorios y m\u00e1s en Ciencia Abierta\"}]},{\"@type\":\"WebSite\",\"@id\":\"https:\/\/explora.cl\/coquimbo\/#website\",\"url\":\"https:\/\/explora.cl\/coquimbo\/\",\"name\":\"Coquimbo\",\"description\":\"Otro sitio m\u00e1s de explora.cl\",\"publisher\":{\"@id\":\"https:\/\/explora.cl\/coquimbo\/#organization\"},\"potentialAction\":[{\"@type\":\"SearchAction\",\"target\":{\"@type\":\"EntryPoint\",\"urlTemplate\":\"https:\/\/explora.cl\/coquimbo\/?s={search_term_string}\"},\"query-input\":{\"@type\":\"PropertyValueSpecification\",\"valueRequired\":true,\"valueName\":\"search_term_string\"}}],\"inLanguage\":\"es-CL\"},{\"@type\":\"Organization\",\"@id\":\"https:\/\/explora.cl\/coquimbo\/#organization\",\"name\":\"Coquimbo\",\"url\":\"https:\/\/explora.cl\/coquimbo\/\",\"logo\":{\"@type\":\"ImageObject\",\"inLanguage\":\"es-CL\",\"@id\":\"https:\/\/explora.cl\/coquimbo\/#\/schema\/logo\/image\/\",\"url\":\"https:\/\/explora.cl\/coquimbo\/wp-content\/uploads\/sites\/6\/2020\/08\/cropped-Mesa-de-trabajo-1-100.jpg\",\"contentUrl\":\"https:\/\/explora.cl\/coquimbo\/wp-content\/uploads\/sites\/6\/2020\/08\/cropped-Mesa-de-trabajo-1-100.jpg\",\"width\":615,\"height\":576,\"caption\":\"Coquimbo\"},\"image\":{\"@id\":\"https:\/\/explora.cl\/coquimbo\/#\/schema\/logo\/image\/\"}},{\"@type\":\"Person\",\"@id\":\"https:\/\/explora.cl\/coquimbo\/#\/schema\/person\/c171f405669e4e4f7e56a099200d2fe6\",\"name\":\"jimartin\",\"image\":{\"@type\":\"ImageObject\",\"inLanguage\":\"es-CL\",\"@id\":\"https:\/\/explora.cl\/coquimbo\/#\/schema\/person\/image\/\",\"url\":\"https:\/\/secure.gravatar.com\/avatar\/8dfd7d14443934731a5aea629f40c1aceb42cc8b566a9926567e833c9d22b643?s=96&d=mm&r=g\",\"contentUrl\":\"https:\/\/secure.gravatar.com\/avatar\/8dfd7d14443934731a5aea629f40c1aceb42cc8b566a9926567e833c9d22b643?s=96&d=mm&r=g\",\"caption\":\"jimartin\"},\"url\":\"https:\/\/explora.cl\/coquimbo\/author\/jimartin\/\"}]}<\/script>\n<!-- \/ Yoast SEO plugin. -->","yoast_head_json":{"title":"Llamado a la comunidad cient\u00edfica a participar realizando charlas, conversatorios y m\u00e1s en Ciencia Abierta - Coquimbo","robots":{"index":"index","follow":"follow","max-snippet":"max-snippet:-1","max-image-preview":"max-image-preview:large","max-video-preview":"max-video-preview:-1"},"canonical":"https:\/\/explora.cl\/coquimbo\/llamado-a-la-comunidad-cientifica-a-participar-realizando-charlas-conversatorios-y-mas-en-la-iniciativa-ciencia-abierta\/","og_locale":"es_ES","og_type":"article","og_title":"Llamado a la comunidad cient\u00edfica a participar realizando charlas, conversatorios y m\u00e1s en Ciencia Abierta - Coquimbo","og_description":"Llamado a la comunidad cient\u00edfica a participar realizando charlas, conversatorios y m\u00e1s en Ciencia Abierta","og_url":"https:\/\/explora.cl\/coquimbo\/llamado-a-la-comunidad-cientifica-a-participar-realizando-charlas-conversatorios-y-mas-en-la-iniciativa-ciencia-abierta\/","og_site_name":"Coquimbo","article_published_time":"2021-07-28T14:20:19+00:00","article_modified_time":"2021-08-31T20:30:37+00:00","og_image":[{"width":1110,"height":716,"url":"https:\/\/explora.cl\/coquimbo\/wp-content\/uploads\/sites\/6\/2021\/07\/Ciencia-Abierta-Ilustrado_Banner-WEB.jpg","type":"image\/jpeg"}],"author":"jimartin","twitter_card":"summary_large_image","twitter_misc":{"Escrito por":"jimartin","Tiempo estimado de lectura":"1 minuto"},"schema":{"@context":"https:\/\/schema.org","@graph":[{"@type":"Article","@id":"https:\/\/explora.cl\/coquimbo\/llamado-a-la-comunidad-cientifica-a-participar-realizando-charlas-conversatorios-y-mas-en-la-iniciativa-ciencia-abierta\/#article","isPartOf":{"@id":"https:\/\/explora.cl\/coquimbo\/llamado-a-la-comunidad-cientifica-a-participar-realizando-charlas-conversatorios-y-mas-en-la-iniciativa-ciencia-abierta\/"},"author":{"name":"jimartin","@id":"https:\/\/explora.cl\/coquimbo\/#\/schema\/person\/c171f405669e4e4f7e56a099200d2fe6"},"headline":"Llamado a la comunidad cient\u00edfica a participar realizando charlas, conversatorios y m\u00e1s en Ciencia Abierta","datePublished":"2021-07-28T14:20:19+00:00","dateModified":"2021-08-31T20:30:37+00:00","mainEntityOfPage":{"@id":"https:\/\/explora.cl\/coquimbo\/llamado-a-la-comunidad-cientifica-a-participar-realizando-charlas-conversatorios-y-mas-en-la-iniciativa-ciencia-abierta\/"},"wordCount":292,"commentCount":0,"publisher":{"@id":"https:\/\/explora.cl\/coquimbo\/#organization"},"image":{"@id":"https:\/\/explora.cl\/coquimbo\/llamado-a-la-comunidad-cientifica-a-participar-realizando-charlas-conversatorios-y-mas-en-la-iniciativa-ciencia-abierta\/#primaryimage"},"thumbnailUrl":"https:\/\/explora.cl\/coquimbo\/wp-content\/uploads\/sites\/6\/2021\/07\/Ciencia-Abierta-Ilustrado_Banner-WEB.jpg","articleSection":["Noticias"],"inLanguage":"es-CL","potentialAction":[{"@type":"CommentAction","name":"Comment","target":["https:\/\/explora.cl\/coquimbo\/llamado-a-la-comunidad-cientifica-a-participar-realizando-charlas-conversatorios-y-mas-en-la-iniciativa-ciencia-abierta\/#respond"]}]},{"@type":"WebPage","@id":"https:\/\/explora.cl\/coquimbo\/llamado-a-la-comunidad-cientifica-a-participar-realizando-charlas-conversatorios-y-mas-en-la-iniciativa-ciencia-abierta\/","url":"https:\/\/explora.cl\/coquimbo\/llamado-a-la-comunidad-cientifica-a-participar-realizando-charlas-conversatorios-y-mas-en-la-iniciativa-ciencia-abierta\/","name":"Llamado a la comunidad cient\u00edfica a participar realizando charlas, conversatorios y m\u00e1s en Ciencia Abierta - Coquimbo","isPartOf":{"@id":"https:\/\/explora.cl\/coquimbo\/#website"},"primaryImageOfPage":{"@id":"https:\/\/explora.cl\/coquimbo\/llamado-a-la-comunidad-cientifica-a-participar-realizando-charlas-conversatorios-y-mas-en-la-iniciativa-ciencia-abierta\/#primaryimage"},"image":{"@id":"https:\/\/explora.cl\/coquimbo\/llamado-a-la-comunidad-cientifica-a-participar-realizando-charlas-conversatorios-y-mas-en-la-iniciativa-ciencia-abierta\/#primaryimage"},"thumbnailUrl":"https:\/\/explora.cl\/coquimbo\/wp-content\/uploads\/sites\/6\/2021\/07\/Ciencia-Abierta-Ilustrado_Banner-WEB.jpg","datePublished":"2021-07-28T14:20:19+00:00","dateModified":"2021-08-31T20:30:37+00:00","breadcrumb":{"@id":"https:\/\/explora.cl\/coquimbo\/llamado-a-la-comunidad-cientifica-a-participar-realizando-charlas-conversatorios-y-mas-en-la-iniciativa-ciencia-abierta\/#breadcrumb"},"inLanguage":"es-CL","potentialAction":[{"@type":"ReadAction","target":["https:\/\/explora.cl\/coquimbo\/llamado-a-la-comunidad-cientifica-a-participar-realizando-charlas-conversatorios-y-mas-en-la-iniciativa-ciencia-abierta\/"]}]},{"@type":"ImageObject","inLanguage":"es-CL","@id":"https:\/\/explora.cl\/coquimbo\/llamado-a-la-comunidad-cientifica-a-participar-realizando-charlas-conversatorios-y-mas-en-la-iniciativa-ciencia-abierta\/#primaryimage","url":"https:\/\/explora.cl\/coquimbo\/wp-content\/uploads\/sites\/6\/2021\/07\/Ciencia-Abierta-Ilustrado_Banner-WEB.jpg","contentUrl":"https:\/\/explora.cl\/coquimbo\/wp-content\/uploads\/sites\/6\/2021\/07\/Ciencia-Abierta-Ilustrado_Banner-WEB.jpg","width":1110,"height":716},{"@type":"BreadcrumbList","@id":"https:\/\/explora.cl\/coquimbo\/llamado-a-la-comunidad-cientifica-a-participar-realizando-charlas-conversatorios-y-mas-en-la-iniciativa-ciencia-abierta\/#breadcrumb","itemListElement":[{"@type":"ListItem","position":1,"name":"Portada","item":"https:\/\/explora.cl\/coquimbo\/"},{"@type":"ListItem","position":2,"name":"Llamado a la comunidad cient\u00edfica a participar realizando charlas, conversatorios y m\u00e1s en Ciencia Abierta"}]},{"@type":"WebSite","@id":"https:\/\/explora.cl\/coquimbo\/#website","url":"https:\/\/explora.cl\/coquimbo\/","name":"Coquimbo","description":"Otro sitio m\u00e1s de explora.cl","publisher":{"@id":"https:\/\/explora.cl\/coquimbo\/#organization"},"potentialAction":[{"@type":"SearchAction","target":{"@type":"EntryPoint","urlTemplate":"https:\/\/explora.cl\/coquimbo\/?s={search_term_string}"},"query-input":{"@type":"PropertyValueSpecification","valueRequired":true,"valueName":"search_term_string"}}],"inLanguage":"es-CL"},{"@type":"Organization","@id":"https:\/\/explora.cl\/coquimbo\/#organization","name":"Coquimbo","url":"https:\/\/explora.cl\/coquimbo\/","logo":{"@type":"ImageObject","inLanguage":"es-CL","@id":"https:\/\/explora.cl\/coquimbo\/#\/schema\/logo\/image\/","url":"https:\/\/explora.cl\/coquimbo\/wp-content\/uploads\/sites\/6\/2020\/08\/cropped-Mesa-de-trabajo-1-100.jpg","contentUrl":"https:\/\/explora.cl\/coquimbo\/wp-content\/uploads\/sites\/6\/2020\/08\/cropped-Mesa-de-trabajo-1-100.jpg","width":615,"height":576,"caption":"Coquimbo"},"image":{"@id":"https:\/\/explora.cl\/coquimbo\/#\/schema\/logo\/image\/"}},{"@type":"Person","@id":"https:\/\/explora.cl\/coquimbo\/#\/schema\/person\/c171f405669e4e4f7e56a099200d2fe6","name":"jimartin","image":{"@type":"ImageObject","inLanguage":"es-CL","@id":"https:\/\/explora.cl\/coquimbo\/#\/schema\/person\/image\/","url":"https:\/\/secure.gravatar.com\/avatar\/8dfd7d14443934731a5aea629f40c1aceb42cc8b566a9926567e833c9d22b643?s=96&d=mm&r=g","contentUrl":"https:\/\/secure.gravatar.com\/avatar\/8dfd7d14443934731a5aea629f40c1aceb42cc8b566a9926567e833c9d22b643?s=96&d=mm&r=g","caption":"jimartin"},"url":"https:\/\/explora.cl\/coquimbo\/author\/jimartin\/"}]}},"_links":{"self":[{"href":"https:\/\/explora.cl\/coquimbo\/wp-json\/wp\/v2\/posts\/41639","targetHints":{"allow":["GET"]}}],"collection":[{"href":"https:\/\/explora.cl\/coquimbo\/wp-json\/wp\/v2\/posts"}],"about":[{"href":"https:\/\/explora.cl\/coquimbo\/wp-json\/wp\/v2\/types\/post"}],"author":[{"embeddable":true,"href":"https:\/\/explora.cl\/coquimbo\/wp-json\/wp\/v2\/users\/21"}],"replies":[{"embeddable":true,"href":"https:\/\/explora.cl\/coquimbo\/wp-json\/wp\/v2\/comments?post=41639"}],"version-history":[{"count":1,"href":"https:\/\/explora.cl\/coquimbo\/wp-json\/wp\/v2\/posts\/41639\/revisions"}],"predecessor-version":[{"id":41640,"href":"https:\/\/explora.cl\/coquimbo\/wp-json\/wp\/v2\/posts\/41639\/revisions\/41640"}],"wp:featuredmedia":[{"embeddable":true,"href":"https:\/\/explora.cl\/coquimbo\/wp-json\/wp\/v2\/media\/41625"}],"wp:attachment":[{"href":"https:\/\/explora.cl\/coquimbo\/wp-json\/wp\/v2\/media?parent=41639"}],"wp:term":[{"taxonomy":"category","embeddable":true,"href":"https:\/\/explora.cl\/coquimbo\/wp-json\/wp\/v2\/categories?post=41639"},{"taxonomy":"post_tag","embeddable":true,"href":"https:\/\/explora.cl\/coquimbo\/wp-json\/wp\/v2\/tags?post=41639"}],"curies":[{"name":"wp","href":"https:\/\/api.w.org\/{rel}","templated":true}]}}